{"id":1379,"date":"2016-03-11T21:38:21","date_gmt":"2016-03-11T20:38:21","guid":{"rendered":"http:\/\/www.melanie-melcher.de\/?p=1379"},"modified":"2016-03-11T21:57:36","modified_gmt":"2016-03-11T20:57:36","slug":"fotografin-im-babyeinsatz-fuer-die-feuerwehr","status":"publish","type":"post","link":"https:\/\/www.melanie-melcher.de\/index.php\/2016\/03\/11\/fotografin-im-babyeinsatz-fuer-die-feuerwehr\/","title":{"rendered":"Fotografin im Babyeinsatz f\u00fcr die Feuerwehr"},"content":{"rendered":"<p>Diesmal durfte ich in meinem Fotostudio in Duisburg ganz besondere G\u00e4ste begr\u00fcssen. Linda und Sven lernte ich vor knapp 2,5 Jahren kennen, damals buchten die beiden mich um ihren erstgeborenen Sohn Felix zu fotografieren. Felix hat mich damals mit seiner ruhigen und relaxten Art total begeistert. Binnen k\u00fcrzester Zeit hatten wir eine grosse Vielfalt von Bildern zusammen, auf denen meistens ein tief schlafendes Baby zu bestaunen war. Als Linda mich Mitte letzten Jahres anschrieb und mir ihre Schwangerschaft verk\u00fcndete freute ich mich sehr, dass ich auch f\u00fcr die kleine Schwester Frieda die Kamera in die H\u00e4nde nehmen w\u00fcrde.<\/p>\n<p>Und dann war es auch schon soweit &#8211; eine kurze SMS verk\u00fcndete die Hausgeburt der kleinen Maus und ruckzuck vereinbarten wir einen Termin f\u00fcr Friedas Neugeborenen-Shooting.<br \/>\nPapa Sven &#8211; von Natur aus begeisterter Feuerwehrmann &#8211; schleppte wie auch beim Shooting mit Felix, seine komplette Ausr\u00fcstung an. Und auch Felix konnte neben seinem Feuerwehrpullover, schon mit ordentlich Equipment rund um die helfenden Retter auftrumpfen. W\u00e4hrend klein Frieda eine Stillpause einlegte, k\u00fcmmerte ich mich also um den Nachwuchs. Es entstanden allerlei Fotos vom kleinen Mann &#8211; egal ob in Papas Stiefel, auf seinem Feuerwehr-Bobbycar oder mit Papas Helm, Felix wei\u00df schon ganz genau, worauf es beim Leben retten ankommt und hat f\u00fcr ordentlich Spa\u00df und jede Menge Action im Fotostudio gesorgt.<\/p>\n<p>Nachdem Frieda abgef\u00fcttert war, ging es f\u00fcr den Papa in die Klamotten. Ich bin ganz verzaubert von der Kombination &#8211; aber schaut selbst \ud83d\ude42<\/p>\n<p>Ich danke euch vieren, dass ich diese Erinnerungen f\u00fcr euch zaubern durfte.<\/p>\n<div class=\"gmedia_gallery mosaic_module is_bot\" id=\"GmediaGallery_50\" data-gmid=\"50\" data-module=\"mosaic\"><style class='gmedia_module_style_import'>@import url('https:\/\/www.melanie-melcher.de\/wp-content\/grand-media\/module\/mosaic\/css\/mosaic.css?v=2.16') all;<\/style>\t<div class=\"gmMosaic_Container noLightbox\" data-gmid=\"50\">\t\t<noscript><a href='https:\/\/www.melanie-melcher.de\/wp-content\/grand-media\/image\/Neugeborene_Frieda-Melanie_Melcher_40_von_116_.jpg'><img class=\"noLazy\" src='https:\/\/www.melanie-melcher.de\/wp-content\/grand-media\/image\/thumb\/Neugeborene_Frieda-Melanie_Melcher_40_von_116_.jpg' alt='Neugeborene Frieda-Melanie Melcher (40 Von 116)' \/><\/a><a href='https:\/\/www.melanie-melcher.de\/wp-content\/grand-media\/image\/Neugeborene_Frieda-Melanie_Melcher_15_von_116_.jpg'><img class=\"noLazy\" src='https:\/\/www.melanie-melcher.de\/wp-content\/grand-media\/image\/thumb\/Neugeborene_Frieda-Melanie_Melcher_15_von_116_.jpg' alt='Neugeborene Frieda-Melanie Melcher (15 Von 116)' \/><\/a><a href='https:\/\/www.melanie-melcher.de\/wp-content\/grand-media\/image\/Neugeborene_Frieda-Melanie_Melcher_89_von_116_.jpg'><img class=\"noLazy\" src='https:\/\/www.melanie-melcher.de\/wp-content\/grand-media\/image\/thumb\/Neugeborene_Frieda-Melanie_Melcher_89_von_116_.jpg' alt='Neugeborene Frieda-Melanie Melcher (89 Von 116)' \/><\/a><a href='https:\/\/www.melanie-melcher.de\/wp-content\/grand-media\/image\/Neugeborene_Frieda-Melanie_Melcher_77_von_116_.jpg'><img class=\"noLazy\" src='https:\/\/www.melanie-melcher.de\/wp-content\/grand-media\/image\/thumb\/Neugeborene_Frieda-Melanie_Melcher_77_von_116_.jpg' alt='Neugeborene Frieda-Melanie Melcher (77 Von 116)' \/><\/a><a href='https:\/\/www.melanie-melcher.de\/wp-content\/grand-media\/image\/Neugeborene_Frieda-Melanie_Melcher_41_von_116_.jpg'><img class=\"noLazy\" src='https:\/\/www.melanie-melcher.de\/wp-content\/grand-media\/image\/thumb\/Neugeborene_Frieda-Melanie_Melcher_41_von_116_.jpg' alt='Neugeborene Frieda-Melanie Melcher (41 Von 116)' \/><\/a><a href='https:\/\/www.melanie-melcher.de\/wp-content\/grand-media\/image\/Neugeborene_Frieda-Melanie_Melcher_93_von_116_.jpg'><img class=\"noLazy\" src='https:\/\/www.melanie-melcher.de\/wp-content\/grand-media\/image\/thumb\/Neugeborene_Frieda-Melanie_Melcher_93_von_116_.jpg' alt='Neugeborene Frieda-Melanie Melcher (93 Von 116)' \/><\/a><a href='https:\/\/www.melanie-melcher.de\/wp-content\/grand-media\/image\/Neugeborene_Frieda-Melanie_Melcher_60_von_116_.jpg'><img class=\"noLazy\" src='https:\/\/www.melanie-melcher.de\/wp-content\/grand-media\/image\/thumb\/Neugeborene_Frieda-Melanie_Melcher_60_von_116_.jpg' alt='Neugeborene Frieda-Melanie Melcher (60 Von 116)' \/><\/a><a href='https:\/\/www.melanie-melcher.de\/wp-content\/grand-media\/image\/Neugeborene_Frieda-Melanie_Melcher_12_von_116_.jpg'><img class=\"noLazy\" src='https:\/\/www.melanie-melcher.de\/wp-content\/grand-media\/image\/thumb\/Neugeborene_Frieda-Melanie_Melcher_12_von_116_.jpg' alt='Neugeborene Frieda-Melanie Melcher (12 Von 116)' \/><\/a><a href='https:\/\/www.melanie-melcher.de\/wp-content\/grand-media\/image\/Neugeborene_Frieda-Melanie_Melcher_26_von_116_.jpg'><img class=\"noLazy\" src='https:\/\/www.melanie-melcher.de\/wp-content\/grand-media\/image\/thumb\/Neugeborene_Frieda-Melanie_Melcher_26_von_116_.jpg' alt='Neugeborene Frieda-Melanie Melcher (26 Von 116)' \/><\/a><a href='https:\/\/www.melanie-melcher.de\/wp-content\/grand-media\/image\/Neugeborene_Frieda-Melanie_Melcher_24_von_116_.jpg'><img class=\"noLazy\" src='https:\/\/www.melanie-melcher.de\/wp-content\/grand-media\/image\/thumb\/Neugeborene_Frieda-Melanie_Melcher_24_von_116_.jpg' alt='Neugeborene Frieda-Melanie Melcher (24 Von 116)' \/><\/a><a href='https:\/\/www.melanie-melcher.de\/wp-content\/grand-media\/image\/Neugeborene_Frieda-Melanie_Melcher_58_von_116_.jpg'><img class=\"noLazy\" src='https:\/\/www.melanie-melcher.de\/wp-content\/grand-media\/image\/thumb\/Neugeborene_Frieda-Melanie_Melcher_58_von_116_.jpg' alt='Neugeborene Frieda-Melanie Melcher (58 Von 116)' \/><\/a><a href='https:\/\/www.melanie-melcher.de\/wp-content\/grand-media\/image\/Neugeborene_Frieda-Melanie_Melcher_70_von_116_.jpg'><img class=\"noLazy\" src='https:\/\/www.melanie-melcher.de\/wp-content\/grand-media\/image\/thumb\/Neugeborene_Frieda-Melanie_Melcher_70_von_116_.jpg' alt='Neugeborene Frieda-Melanie Melcher (70 Von 116)' \/><\/a><a href='https:\/\/www.melanie-melcher.de\/wp-content\/grand-media\/image\/Neugeborene_Frieda-Melanie_Melcher_108_von_116_.jpg'><img class=\"noLazy\" src='https:\/\/www.melanie-melcher.de\/wp-content\/grand-media\/image\/thumb\/Neugeborene_Frieda-Melanie_Melcher_108_von_116_.jpg' alt='Neugeborene Frieda-Melanie Melcher (108 Von 116)' \/><\/a><a href='https:\/\/www.melanie-melcher.de\/wp-content\/grand-media\/image\/Neugeborene_Frieda-Melanie_Melcher_28_von_116_.jpg'><img class=\"noLazy\" src='https:\/\/www.melanie-melcher.de\/wp-content\/grand-media\/image\/thumb\/Neugeborene_Frieda-Melanie_Melcher_28_von_116_.jpg' alt='Neugeborene Frieda-Melanie Melcher (28 Von 116)' \/><\/a><a href='https:\/\/www.melanie-melcher.de\/wp-content\/grand-media\/image\/Neugeborene_Frieda-Melanie_Melcher_103_von_116_.jpg'><img class=\"noLazy\" src='https:\/\/www.melanie-melcher.de\/wp-content\/grand-media\/image\/thumb\/Neugeborene_Frieda-Melanie_Melcher_103_von_116_.jpg' alt='Neugeborene Frieda-Melanie Melcher (103 Von 116)' \/><\/a><a href='https:\/\/www.melanie-melcher.de\/wp-content\/grand-media\/image\/Neugeborene_Frieda-Melanie_Melcher_18_von_116_.jpg'><img class=\"noLazy\" src='https:\/\/www.melanie-melcher.de\/wp-content\/grand-media\/image\/thumb\/Neugeborene_Frieda-Melanie_Melcher_18_von_116_.jpg' alt='Neugeborene Frieda-Melanie Melcher (18 Von 116)' \/><\/a><a href='https:\/\/www.melanie-melcher.de\/wp-content\/grand-media\/image\/Neugeborene_Frieda-Melanie_Melcher_81_von_116_.jpg'><img class=\"noLazy\" src='https:\/\/www.melanie-melcher.de\/wp-content\/grand-media\/image\/thumb\/Neugeborene_Frieda-Melanie_Melcher_81_von_116_.jpg' alt='Neugeborene Frieda-Melanie Melcher (81 Von 116)' \/><\/a><a href='https:\/\/www.melanie-melcher.de\/wp-content\/grand-media\/image\/Neugeborene_Frieda-Melanie_Melcher_49_von_116_.jpg'><img class=\"noLazy\" src='https:\/\/www.melanie-melcher.de\/wp-content\/grand-media\/image\/thumb\/Neugeborene_Frieda-Melanie_Melcher_49_von_116_.jpg' alt='Neugeborene Frieda-Melanie Melcher (49 Von 116)' \/><\/a><a href='https:\/\/www.melanie-melcher.de\/wp-content\/grand-media\/image\/Neugeborene_Frieda-Melanie_Melcher_39_von_116_.jpg'><img class=\"noLazy\" src='https:\/\/www.melanie-melcher.de\/wp-content\/grand-media\/image\/thumb\/Neugeborene_Frieda-Melanie_Melcher_39_von_116_.jpg' alt='Neugeborene Frieda-Melanie Melcher (39 Von 116)' \/><\/a><a href='https:\/\/www.melanie-melcher.de\/wp-content\/grand-media\/image\/Neugeborene_Frieda-Melanie_Melcher_85_von_116_.jpg'><img class=\"noLazy\" src='https:\/\/www.melanie-melcher.de\/wp-content\/grand-media\/image\/thumb\/Neugeborene_Frieda-Melanie_Melcher_85_von_116_.jpg' alt='Neugeborene Frieda-Melanie Melcher (85 Von 116)' \/><\/a><a href='https:\/\/www.melanie-melcher.de\/wp-content\/grand-media\/image\/Neugeborene_Frieda-Melanie_Melcher_35_von_116_.jpg'><img class=\"noLazy\" src='https:\/\/www.melanie-melcher.de\/wp-content\/grand-media\/image\/thumb\/Neugeborene_Frieda-Melanie_Melcher_35_von_116_.jpg' alt='Neugeborene Frieda-Melanie Melcher (35 Von 116)' \/><\/a><a href='https:\/\/www.melanie-melcher.de\/wp-content\/grand-media\/image\/Neugeborene_Frieda-Melanie_Melcher_76_von_116_.jpg'><img class=\"noLazy\" src='https:\/\/www.melanie-melcher.de\/wp-content\/grand-media\/image\/thumb\/Neugeborene_Frieda-Melanie_Melcher_76_von_116_.jpg' alt='Neugeborene Frieda-Melanie Melcher (76 Von 116)' \/><\/a><a href='https:\/\/www.melanie-melcher.de\/wp-content\/grand-media\/image\/Neugeborene_Frieda-Melanie_Melcher_112_von_116_.jpg'><img class=\"noLazy\" src='https:\/\/www.melanie-melcher.de\/wp-content\/grand-media\/image\/thumb\/Neugeborene_Frieda-Melanie_Melcher_112_von_116_.jpg' alt='Neugeborene Frieda-Melanie Melcher (112 Von 116)' \/><\/a><a href='https:\/\/www.melanie-melcher.de\/wp-content\/grand-media\/image\/Neugeborene_Frieda-Melanie_Melcher_83_von_116_.jpg'><img class=\"noLazy\" src='https:\/\/www.melanie-melcher.de\/wp-content\/grand-media\/image\/thumb\/Neugeborene_Frieda-Melanie_Melcher_83_von_116_.jpg' alt='Neugeborene Frieda-Melanie Melcher (83 Von 116)' \/><\/a><a href='https:\/\/www.melanie-melcher.de\/wp-content\/grand-media\/image\/Neugeborene_Frieda-Melanie_Melcher_90_von_116_.jpg'><img class=\"noLazy\" src='https:\/\/www.melanie-melcher.de\/wp-content\/grand-media\/image\/thumb\/Neugeborene_Frieda-Melanie_Melcher_90_von_116_.jpg' alt='Neugeborene Frieda-Melanie Melcher (90 Von 116)' \/><\/a><a href='https:\/\/www.melanie-melcher.de\/wp-content\/grand-media\/image\/Neugeborene_Frieda-Melanie_Melcher_3_von_116_.jpg'><img class=\"noLazy\" src='https:\/\/www.melanie-melcher.de\/wp-content\/grand-media\/image\/thumb\/Neugeborene_Frieda-Melanie_Melcher_3_von_116_.jpg' alt='Neugeborene Frieda-Melanie Melcher (3 Von 116)' \/><\/a><a href='https:\/\/www.melanie-melcher.de\/wp-content\/grand-media\/image\/Neugeborene_Frieda-Melanie_Melcher_37_von_116_.jpg'><img class=\"noLazy\" src='https:\/\/www.melanie-melcher.de\/wp-content\/grand-media\/image\/thumb\/Neugeborene_Frieda-Melanie_Melcher_37_von_116_.jpg' alt='Neugeborene Frieda-Melanie Melcher (37 Von 116)' \/><\/a><a href='https:\/\/www.melanie-melcher.de\/wp-content\/grand-media\/image\/Neugeborene_Frieda-Melanie_Melcher_51_von_116_.jpg'><img class=\"noLazy\" src='https:\/\/www.melanie-melcher.de\/wp-content\/grand-media\/image\/thumb\/Neugeborene_Frieda-Melanie_Melcher_51_von_116_.jpg' alt='Neugeborene Frieda-Melanie Melcher (51 Von 116)' \/><\/a><a href='https:\/\/www.melanie-melcher.de\/wp-content\/grand-media\/image\/Neugeborene_Frieda-Melanie_Melcher_63_von_116_.jpg'><img class=\"noLazy\" src='https:\/\/www.melanie-melcher.de\/wp-content\/grand-media\/image\/thumb\/Neugeborene_Frieda-Melanie_Melcher_63_von_116_.jpg' alt='Neugeborene Frieda-Melanie Melcher (63 Von 116)' \/><\/a><a href='https:\/\/www.melanie-melcher.de\/wp-content\/grand-media\/image\/Neugeborene_Frieda-Melanie_Melcher_20_von_116_.jpg'><img class=\"noLazy\" src='https:\/\/www.melanie-melcher.de\/wp-content\/grand-media\/image\/thumb\/Neugeborene_Frieda-Melanie_Melcher_20_von_116_.jpg' alt='Neugeborene Frieda-Melanie Melcher (20 Von 116)' \/><\/a><a href='https:\/\/www.melanie-melcher.de\/wp-content\/grand-media\/image\/Neugeborene_Frieda-Melanie_Melcher_33_von_116_.jpg'><img class=\"noLazy\" src='https:\/\/www.melanie-melcher.de\/wp-content\/grand-media\/image\/thumb\/Neugeborene_Frieda-Melanie_Melcher_33_von_116_.jpg' alt='Neugeborene Frieda-Melanie Melcher (33 Von 116)' \/><\/a><a href='https:\/\/www.melanie-melcher.de\/wp-content\/grand-media\/image\/Neugeborene_Frieda-Melanie_Melcher_56_von_116_.jpg'><img class=\"noLazy\" src='https:\/\/www.melanie-melcher.de\/wp-content\/grand-media\/image\/thumb\/Neugeborene_Frieda-Melanie_Melcher_56_von_116_.jpg' alt='Neugeborene Frieda-Melanie Melcher (56 Von 116)' \/><\/a><\/noscript><\/div>\n\t\t<script type=\"text\/javascript\">\n\t\t\tdocument.addEventListener( 'DOMContentLoaded', function() {\n\t\t\t\tjQuery( function( $ ) {\n\t\t\t\t\tvar settings = {\"columns\":\"3\",\"lightbox_mobile\":\"0\",\"ID\":\"50\",\"name\":\"Frieda\",\"is_mobile\":false,\"module_dirurl\":\"https:\\\/\\\/www.melanie-melcher.de\\\/wp-content\\\/grand-media\\\/module\\\/mosaic\"};\n\t\t\t\t\tvar gmedia_mosaic_content = [{\"id\":\"487\",\"type\":\"image\",\"ext\":\"jpg\",\"src\":\"\\\/image\\\/Neugeborene_Frieda-Melanie_Melcher_40_von_116_.jpg\",\"sizes\":{\"thumb\":\"https:\\\/\\\/www.melanie-melcher.de\\\/wp-content\\\/grand-media\\\/image\\\/thumb\\\/Neugeborene_Frieda-Melanie_Melcher_40_von_116_.jpg\",\"full\":\"https:\\\/\\\/www.melanie-melcher.de\\\/wp-content\\\/grand-media\\\/image\\\/Neugeborene_Frieda-Melanie_Melcher_40_von_116_.jpg\"},\"title\":\"Neugeborene Frieda-Melanie Melcher (40 Von 116)\",\"alt\":\"Neugeborene Frieda-Melanie Melcher (40 Von 116)\",\"caption\":\"\",\"url\":\"\",\"post_link\":\"https:\\\/\\\/www.melanie-melcher.de\\\/index.php\\\/gmedia\\\/neugeborene_frieda-melanie_melcher_40_von_116_-jpg\\\/\",\"cc\":0,\"views\":2,\"likes\":0,\"width\":799,\"height\":533},{\"id\":\"472\",\"type\":\"image\",\"ext\":\"jpg\",\"src\":\"\\\/image\\\/Neugeborene_Frieda-Melanie_Melcher_15_von_116_.jpg\",\"sizes\":{\"thumb\":\"https:\\\/\\\/www.melanie-melcher.de\\\/wp-content\\\/grand-media\\\/image\\\/thumb\\\/Neugeborene_Frieda-Melanie_Melcher_15_von_116_.jpg\",\"full\":\"https:\\\/\\\/www.melanie-melcher.de\\\/wp-content\\\/grand-media\\\/image\\\/Neugeborene_Frieda-Melanie_Melcher_15_von_116_.jpg\"},\"title\":\"Neugeborene Frieda-Melanie Melcher (15 Von 116)\",\"alt\":\"Neugeborene Frieda-Melanie Melcher (15 Von 116)\",\"caption\":\"\",\"url\":\"\",\"post_link\":\"https:\\\/\\\/www.melanie-melcher.de\\\/index.php\\\/gmedia\\\/neugeborene_frieda-melanie_melcher_15_von_116_-jpg\\\/\",\"cc\":0,\"views\":1,\"likes\":0,\"width\":800,\"height\":533},{\"id\":\"511\",\"type\":\"image\",\"ext\":\"jpg\",\"src\":\"\\\/image\\\/Neugeborene_Frieda-Melanie_Melcher_89_von_116_.jpg\",\"sizes\":{\"thumb\":\"https:\\\/\\\/www.melanie-melcher.de\\\/wp-content\\\/grand-media\\\/image\\\/thumb\\\/Neugeborene_Frieda-Melanie_Melcher_89_von_116_.jpg\",\"full\":\"https:\\\/\\\/www.melanie-melcher.de\\\/wp-content\\\/grand-media\\\/image\\\/Neugeborene_Frieda-Melanie_Melcher_89_von_116_.jpg\"},\"title\":\"Neugeborene Frieda-Melanie Melcher (89 Von 116)\",\"alt\":\"Neugeborene Frieda-Melanie Melcher (89 Von 116)\",\"caption\":\"\",\"url\":\"\",\"post_link\":\"https:\\\/\\\/www.melanie-melcher.de\\\/index.php\\\/gmedia\\\/neugeborene_frieda-melanie_melcher_89_von_116_-jpg\\\/\",\"cc\":0,\"views\":2,\"likes\":0,\"width\":533,\"height\":800},{\"id\":\"505\",\"type\":\"image\",\"ext\":\"jpg\",\"src\":\"\\\/image\\\/Neugeborene_Frieda-Melanie_Melcher_77_von_116_.jpg\",\"sizes\":{\"thumb\":\"https:\\\/\\\/www.melanie-melcher.de\\\/wp-content\\\/grand-media\\\/image\\\/thumb\\\/Neugeborene_Frieda-Melanie_Melcher_77_von_116_.jpg\",\"full\":\"https:\\\/\\\/www.melanie-melcher.de\\\/wp-content\\\/grand-media\\\/image\\\/Neugeborene_Frieda-Melanie_Melcher_77_von_116_.jpg\"},\"title\":\"Neugeborene Frieda-Melanie Melcher (77 Von 116)\",\"alt\":\"Neugeborene Frieda-Melanie Melcher (77 Von 116)\",\"caption\":\"\",\"url\":\"\",\"post_link\":\"https:\\\/\\\/www.melanie-melcher.de\\\/index.php\\\/gmedia\\\/neugeborene_frieda-melanie_melcher_77_von_116_-jpg\\\/\",\"cc\":0,\"views\":1,\"likes\":0,\"width\":533,\"height\":800},{\"id\":\"488\",\"type\":\"image\",\"ext\":\"jpg\",\"src\":\"\\\/image\\\/Neugeborene_Frieda-Melanie_Melcher_41_von_116_.jpg\",\"sizes\":{\"thumb\":\"https:\\\/\\\/www.melanie-melcher.de\\\/wp-content\\\/grand-media\\\/image\\\/thumb\\\/Neugeborene_Frieda-Melanie_Melcher_41_von_116_.jpg\",\"full\":\"https:\\\/\\\/www.melanie-melcher.de\\\/wp-content\\\/grand-media\\\/image\\\/Neugeborene_Frieda-Melanie_Melcher_41_von_116_.jpg\"},\"title\":\"Neugeborene Frieda-Melanie Melcher (41 Von 116)\",\"alt\":\"Neugeborene Frieda-Melanie Melcher (41 Von 116)\",\"caption\":\"\",\"url\":\"\",\"post_link\":\"https:\\\/\\\/www.melanie-melcher.de\\\/index.php\\\/gmedia\\\/neugeborene_frieda-melanie_melcher_41_von_116_-jpg\\\/\",\"cc\":0,\"views\":1,\"likes\":0,\"width\":799,\"height\":533},{\"id\":\"514\",\"type\":\"image\",\"ext\":\"jpg\",\"src\":\"\\\/image\\\/Neugeborene_Frieda-Melanie_Melcher_93_von_116_.jpg\",\"sizes\":{\"thumb\":\"https:\\\/\\\/www.melanie-melcher.de\\\/wp-content\\\/grand-media\\\/image\\\/thumb\\\/Neugeborene_Frieda-Melanie_Melcher_93_von_116_.jpg\",\"full\":\"https:\\\/\\\/www.melanie-melcher.de\\\/wp-content\\\/grand-media\\\/image\\\/Neugeborene_Frieda-Melanie_Melcher_93_von_116_.jpg\"},\"title\":\"Neugeborene Frieda-Melanie Melcher (93 Von 116)\",\"alt\":\"Neugeborene Frieda-Melanie Melcher (93 Von 116)\",\"caption\":\"\",\"url\":\"\",\"post_link\":\"https:\\\/\\\/www.melanie-melcher.de\\\/index.php\\\/gmedia\\\/neugeborene_frieda-melanie_melcher_93_von_116_-jpg\\\/\",\"cc\":0,\"views\":2,\"likes\":0,\"width\":533,\"height\":799},{\"id\":\"498\",\"type\":\"image\",\"ext\":\"jpg\",\"src\":\"\\\/image\\\/Neugeborene_Frieda-Melanie_Melcher_60_von_116_.jpg\",\"sizes\":{\"thumb\":\"https:\\\/\\\/www.melanie-melcher.de\\\/wp-content\\\/grand-media\\\/image\\\/thumb\\\/Neugeborene_Frieda-Melanie_Melcher_60_von_116_.jpg\",\"full\":\"https:\\\/\\\/www.melanie-melcher.de\\\/wp-content\\\/grand-media\\\/image\\\/Neugeborene_Frieda-Melanie_Melcher_60_von_116_.jpg\"},\"title\":\"Neugeborene Frieda-Melanie Melcher (60 Von 116)\",\"alt\":\"Neugeborene Frieda-Melanie Melcher (60 Von 116)\",\"caption\":\"\",\"url\":\"\",\"post_link\":\"https:\\\/\\\/www.melanie-melcher.de\\\/index.php\\\/gmedia\\\/neugeborene_frieda-melanie_melcher_60_von_116_-jpg\\\/\",\"cc\":0,\"views\":3,\"likes\":0,\"width\":533,\"height\":799},{\"id\":\"471\",\"type\":\"image\",\"ext\":\"jpg\",\"src\":\"\\\/image\\\/Neugeborene_Frieda-Melanie_Melcher_12_von_116_.jpg\",\"sizes\":{\"thumb\":\"https:\\\/\\\/www.melanie-melcher.de\\\/wp-content\\\/grand-media\\\/image\\\/thumb\\\/Neugeborene_Frieda-Melanie_Melcher_12_von_116_.jpg\",\"full\":\"https:\\\/\\\/www.melanie-melcher.de\\\/wp-content\\\/grand-media\\\/image\\\/Neugeborene_Frieda-Melanie_Melcher_12_von_116_.jpg\"},\"title\":\"Neugeborene Frieda-Melanie Melcher (12 Von 116)\",\"alt\":\"Neugeborene Frieda-Melanie Melcher (12 Von 116)\",\"caption\":\"\",\"url\":\"\",\"post_link\":\"https:\\\/\\\/www.melanie-melcher.de\\\/index.php\\\/gmedia\\\/neugeborene_frieda-melanie_melcher_12_von_116_-jpg\\\/\",\"cc\":0,\"views\":3,\"likes\":0,\"width\":799,\"height\":533},{\"id\":\"478\",\"type\":\"image\",\"ext\":\"jpg\",\"src\":\"\\\/image\\\/Neugeborene_Frieda-Melanie_Melcher_26_von_116_.jpg\",\"sizes\":{\"thumb\":\"https:\\\/\\\/www.melanie-melcher.de\\\/wp-content\\\/grand-media\\\/image\\\/thumb\\\/Neugeborene_Frieda-Melanie_Melcher_26_von_116_.jpg\",\"full\":\"https:\\\/\\\/www.melanie-melcher.de\\\/wp-content\\\/grand-media\\\/image\\\/Neugeborene_Frieda-Melanie_Melcher_26_von_116_.jpg\"},\"title\":\"Neugeborene Frieda-Melanie Melcher (26 Von 116)\",\"alt\":\"Neugeborene Frieda-Melanie Melcher (26 Von 116)\",\"caption\":\"\",\"url\":\"\",\"post_link\":\"https:\\\/\\\/www.melanie-melcher.de\\\/index.php\\\/gmedia\\\/neugeborene_frieda-melanie_melcher_26_von_116_-jpg\\\/\",\"cc\":0,\"views\":1,\"likes\":0,\"width\":800,\"height\":533},{\"id\":\"477\",\"type\":\"image\",\"ext\":\"jpg\",\"src\":\"\\\/image\\\/Neugeborene_Frieda-Melanie_Melcher_24_von_116_.jpg\",\"sizes\":{\"thumb\":\"https:\\\/\\\/www.melanie-melcher.de\\\/wp-content\\\/grand-media\\\/image\\\/thumb\\\/Neugeborene_Frieda-Melanie_Melcher_24_von_116_.jpg\",\"full\":\"https:\\\/\\\/www.melanie-melcher.de\\\/wp-content\\\/grand-media\\\/image\\\/Neugeborene_Frieda-Melanie_Melcher_24_von_116_.jpg\"},\"title\":\"Neugeborene Frieda-Melanie Melcher (24 Von 116)\",\"alt\":\"Neugeborene Frieda-Melanie Melcher (24 Von 116)\",\"caption\":\"\",\"url\":\"\",\"post_link\":\"https:\\\/\\\/www.melanie-melcher.de\\\/index.php\\\/gmedia\\\/neugeborene_frieda-melanie_melcher_24_von_116_-jpg\\\/\",\"cc\":0,\"views\":1,\"likes\":0,\"width\":800,\"height\":533},{\"id\":\"497\",\"type\":\"image\",\"ext\":\"jpg\",\"src\":\"\\\/image\\\/Neugeborene_Frieda-Melanie_Melcher_58_von_116_.jpg\",\"sizes\":{\"thumb\":\"https:\\\/\\\/www.melanie-melcher.de\\\/wp-content\\\/grand-media\\\/image\\\/thumb\\\/Neugeborene_Frieda-Melanie_Melcher_58_von_116_.jpg\",\"full\":\"https:\\\/\\\/www.melanie-melcher.de\\\/wp-content\\\/grand-media\\\/image\\\/Neugeborene_Frieda-Melanie_Melcher_58_von_116_.jpg\"},\"title\":\"Neugeborene Frieda-Melanie Melcher (58 Von 116)\",\"alt\":\"Neugeborene Frieda-Melanie Melcher (58 Von 116)\",\"caption\":\"\",\"url\":\"\",\"post_link\":\"https:\\\/\\\/www.melanie-melcher.de\\\/index.php\\\/gmedia\\\/neugeborene_frieda-melanie_melcher_58_von_116_-jpg\\\/\",\"cc\":0,\"views\":1,\"likes\":0,\"width\":533,\"height\":799},{\"id\":\"502\",\"type\":\"image\",\"ext\":\"jpg\",\"src\":\"\\\/image\\\/Neugeborene_Frieda-Melanie_Melcher_70_von_116_.jpg\",\"sizes\":{\"thumb\":\"https:\\\/\\\/www.melanie-melcher.de\\\/wp-content\\\/grand-media\\\/image\\\/thumb\\\/Neugeborene_Frieda-Melanie_Melcher_70_von_116_.jpg\",\"full\":\"https:\\\/\\\/www.melanie-melcher.de\\\/wp-content\\\/grand-media\\\/image\\\/Neugeborene_Frieda-Melanie_Melcher_70_von_116_.jpg\"},\"title\":\"Neugeborene Frieda-Melanie Melcher (70 Von 116)\",\"alt\":\"Neugeborene Frieda-Melanie Melcher (70 Von 116)\",\"caption\":\"\",\"url\":\"\",\"post_link\":\"https:\\\/\\\/www.melanie-melcher.de\\\/index.php\\\/gmedia\\\/neugeborene_frieda-melanie_melcher_70_von_116_-jpg\\\/\",\"cc\":0,\"views\":1,\"likes\":0,\"width\":533,\"height\":799},{\"id\":\"519\",\"type\":\"image\",\"ext\":\"jpg\",\"src\":\"\\\/image\\\/Neugeborene_Frieda-Melanie_Melcher_108_von_116_.jpg\",\"sizes\":{\"thumb\":\"https:\\\/\\\/www.melanie-melcher.de\\\/wp-content\\\/grand-media\\\/image\\\/thumb\\\/Neugeborene_Frieda-Melanie_Melcher_108_von_116_.jpg\",\"full\":\"https:\\\/\\\/www.melanie-melcher.de\\\/wp-content\\\/grand-media\\\/image\\\/Neugeborene_Frieda-Melanie_Melcher_108_von_116_.jpg\"},\"title\":\"Neugeborene Frieda-Melanie Melcher (108 Von 116)\",\"alt\":\"Neugeborene Frieda-Melanie Melcher (108 Von 116)\",\"caption\":\"\",\"url\":\"\",\"post_link\":\"https:\\\/\\\/www.melanie-melcher.de\\\/index.php\\\/gmedia\\\/neugeborene_frieda-melanie_melcher_108_von_116_-jpg\\\/\",\"cc\":0,\"views\":3,\"likes\":0,\"width\":799,\"height\":533},{\"id\":\"479\",\"type\":\"image\",\"ext\":\"jpg\",\"src\":\"\\\/image\\\/Neugeborene_Frieda-Melanie_Melcher_28_von_116_.jpg\",\"sizes\":{\"thumb\":\"https:\\\/\\\/www.melanie-melcher.de\\\/wp-content\\\/grand-media\\\/image\\\/thumb\\\/Neugeborene_Frieda-Melanie_Melcher_28_von_116_.jpg\",\"full\":\"https:\\\/\\\/www.melanie-melcher.de\\\/wp-content\\\/grand-media\\\/image\\\/Neugeborene_Frieda-Melanie_Melcher_28_von_116_.jpg\"},\"title\":\"Neugeborene Frieda-Melanie Melcher (28 Von 116)\",\"alt\":\"Neugeborene Frieda-Melanie Melcher (28 Von 116)\",\"caption\":\"\",\"url\":\"\",\"post_link\":\"https:\\\/\\\/www.melanie-melcher.de\\\/index.php\\\/gmedia\\\/neugeborene_frieda-melanie_melcher_28_von_116_-jpg\\\/\",\"cc\":0,\"views\":2,\"likes\":0,\"width\":800,\"height\":533},{\"id\":\"517\",\"type\":\"image\",\"ext\":\"jpg\",\"src\":\"\\\/image\\\/Neugeborene_Frieda-Melanie_Melcher_103_von_116_.jpg\",\"sizes\":{\"thumb\":\"https:\\\/\\\/www.melanie-melcher.de\\\/wp-content\\\/grand-media\\\/image\\\/thumb\\\/Neugeborene_Frieda-Melanie_Melcher_103_von_116_.jpg\",\"full\":\"https:\\\/\\\/www.melanie-melcher.de\\\/wp-content\\\/grand-media\\\/image\\\/Neugeborene_Frieda-Melanie_Melcher_103_von_116_.jpg\"},\"title\":\"Neugeborene Frieda-Melanie Melcher (103 Von 116)\",\"alt\":\"Neugeborene Frieda-Melanie Melcher (103 Von 116)\",\"caption\":\"\",\"url\":\"\",\"post_link\":\"https:\\\/\\\/www.melanie-melcher.de\\\/index.php\\\/gmedia\\\/neugeborene_frieda-melanie_melcher_103_von_116_-jpg\\\/\",\"cc\":0,\"views\":3,\"likes\":0,\"width\":533,\"height\":800},{\"id\":\"474\",\"type\":\"image\",\"ext\":\"jpg\",\"src\":\"\\\/image\\\/Neugeborene_Frieda-Melanie_Melcher_18_von_116_.jpg\",\"sizes\":{\"thumb\":\"https:\\\/\\\/www.melanie-melcher.de\\\/wp-content\\\/grand-media\\\/image\\\/thumb\\\/Neugeborene_Frieda-Melanie_Melcher_18_von_116_.jpg\",\"full\":\"https:\\\/\\\/www.melanie-melcher.de\\\/wp-content\\\/grand-media\\\/image\\\/Neugeborene_Frieda-Melanie_Melcher_18_von_116_.jpg\"},\"title\":\"Neugeborene Frieda-Melanie Melcher (18 Von 116)\",\"alt\":\"Neugeborene Frieda-Melanie Melcher (18 Von 116)\",\"caption\":\"\",\"url\":\"\",\"post_link\":\"https:\\\/\\\/www.melanie-melcher.de\\\/index.php\\\/gmedia\\\/neugeborene_frieda-melanie_melcher_18_von_116_-jpg\\\/\",\"cc\":0,\"views\":2,\"likes\":0,\"width\":800,\"height\":533},{\"id\":\"506\",\"type\":\"image\",\"ext\":\"jpg\",\"src\":\"\\\/image\\\/Neugeborene_Frieda-Melanie_Melcher_81_von_116_.jpg\",\"sizes\":{\"thumb\":\"https:\\\/\\\/www.melanie-melcher.de\\\/wp-content\\\/grand-media\\\/image\\\/thumb\\\/Neugeborene_Frieda-Melanie_Melcher_81_von_116_.jpg\",\"full\":\"https:\\\/\\\/www.melanie-melcher.de\\\/wp-content\\\/grand-media\\\/image\\\/Neugeborene_Frieda-Melanie_Melcher_81_von_116_.jpg\"},\"title\":\"Neugeborene Frieda-Melanie Melcher (81 Von 116)\",\"alt\":\"Neugeborene Frieda-Melanie Melcher (81 Von 116)\",\"caption\":\"\",\"url\":\"\",\"post_link\":\"https:\\\/\\\/www.melanie-melcher.de\\\/index.php\\\/gmedia\\\/neugeborene_frieda-melanie_melcher_81_von_116_-jpg\\\/\",\"cc\":0,\"views\":3,\"likes\":0,\"width\":533,\"height\":799},{\"id\":\"491\",\"type\":\"image\",\"ext\":\"jpg\",\"src\":\"\\\/image\\\/Neugeborene_Frieda-Melanie_Melcher_49_von_116_.jpg\",\"sizes\":{\"thumb\":\"https:\\\/\\\/www.melanie-melcher.de\\\/wp-content\\\/grand-media\\\/image\\\/thumb\\\/Neugeborene_Frieda-Melanie_Melcher_49_von_116_.jpg\",\"full\":\"https:\\\/\\\/www.melanie-melcher.de\\\/wp-content\\\/grand-media\\\/image\\\/Neugeborene_Frieda-Melanie_Melcher_49_von_116_.jpg\"},\"title\":\"Neugeborene Frieda-Melanie Melcher (49 Von 116)\",\"alt\":\"Neugeborene Frieda-Melanie Melcher (49 Von 116)\",\"caption\":\"\",\"url\":\"\",\"post_link\":\"https:\\\/\\\/www.melanie-melcher.de\\\/index.php\\\/gmedia\\\/neugeborene_frieda-melanie_melcher_49_von_116_-jpg\\\/\",\"cc\":0,\"views\":3,\"likes\":0,\"width\":533,\"height\":800},{\"id\":\"486\",\"type\":\"image\",\"ext\":\"jpg\",\"src\":\"\\\/image\\\/Neugeborene_Frieda-Melanie_Melcher_39_von_116_.jpg\",\"sizes\":{\"thumb\":\"https:\\\/\\\/www.melanie-melcher.de\\\/wp-content\\\/grand-media\\\/image\\\/thumb\\\/Neugeborene_Frieda-Melanie_Melcher_39_von_116_.jpg\",\"full\":\"https:\\\/\\\/www.melanie-melcher.de\\\/wp-content\\\/grand-media\\\/image\\\/Neugeborene_Frieda-Melanie_Melcher_39_von_116_.jpg\"},\"title\":\"Neugeborene Frieda-Melanie Melcher (39 Von 116)\",\"alt\":\"Neugeborene Frieda-Melanie Melcher (39 Von 116)\",\"caption\":\"\",\"url\":\"\",\"post_link\":\"https:\\\/\\\/www.melanie-melcher.de\\\/index.php\\\/gmedia\\\/neugeborene_frieda-melanie_melcher_39_von_116_-jpg\\\/\",\"cc\":0,\"views\":0,\"likes\":0,\"width\":800,\"height\":533},{\"id\":\"509\",\"type\":\"image\",\"ext\":\"jpg\",\"src\":\"\\\/image\\\/Neugeborene_Frieda-Melanie_Melcher_85_von_116_.jpg\",\"sizes\":{\"thumb\":\"https:\\\/\\\/www.melanie-melcher.de\\\/wp-content\\\/grand-media\\\/image\\\/thumb\\\/Neugeborene_Frieda-Melanie_Melcher_85_von_116_.jpg\",\"full\":\"https:\\\/\\\/www.melanie-melcher.de\\\/wp-content\\\/grand-media\\\/image\\\/Neugeborene_Frieda-Melanie_Melcher_85_von_116_.jpg\"},\"title\":\"Neugeborene Frieda-Melanie Melcher (85 Von 116)\",\"alt\":\"Neugeborene Frieda-Melanie Melcher (85 Von 116)\",\"caption\":\"\",\"url\":\"\",\"post_link\":\"https:\\\/\\\/www.melanie-melcher.de\\\/index.php\\\/gmedia\\\/neugeborene_frieda-melanie_melcher_85_von_116_-jpg\\\/\",\"cc\":0,\"views\":2,\"likes\":0,\"width\":533,\"height\":800},{\"id\":\"483\",\"type\":\"image\",\"ext\":\"jpg\",\"src\":\"\\\/image\\\/Neugeborene_Frieda-Melanie_Melcher_35_von_116_.jpg\",\"sizes\":{\"thumb\":\"https:\\\/\\\/www.melanie-melcher.de\\\/wp-content\\\/grand-media\\\/image\\\/thumb\\\/Neugeborene_Frieda-Melanie_Melcher_35_von_116_.jpg\",\"full\":\"https:\\\/\\\/www.melanie-melcher.de\\\/wp-content\\\/grand-media\\\/image\\\/Neugeborene_Frieda-Melanie_Melcher_35_von_116_.jpg\"},\"title\":\"Neugeborene Frieda-Melanie Melcher (35 Von 116)\",\"alt\":\"Neugeborene Frieda-Melanie Melcher (35 Von 116)\",\"caption\":\"\",\"url\":\"\",\"post_link\":\"https:\\\/\\\/www.melanie-melcher.de\\\/index.php\\\/gmedia\\\/neugeborene_frieda-melanie_melcher_35_von_116_-jpg\\\/\",\"cc\":0,\"views\":3,\"likes\":0,\"width\":800,\"height\":533},{\"id\":\"504\",\"type\":\"image\",\"ext\":\"jpg\",\"src\":\"\\\/image\\\/Neugeborene_Frieda-Melanie_Melcher_76_von_116_.jpg\",\"sizes\":{\"thumb\":\"https:\\\/\\\/www.melanie-melcher.de\\\/wp-content\\\/grand-media\\\/image\\\/thumb\\\/Neugeborene_Frieda-Melanie_Melcher_76_von_116_.jpg\",\"full\":\"https:\\\/\\\/www.melanie-melcher.de\\\/wp-content\\\/grand-media\\\/image\\\/Neugeborene_Frieda-Melanie_Melcher_76_von_116_.jpg\"},\"title\":\"Neugeborene Frieda-Melanie Melcher (76 Von 116)\",\"alt\":\"Neugeborene Frieda-Melanie Melcher (76 Von 116)\",\"caption\":\"\",\"url\":\"\",\"post_link\":\"https:\\\/\\\/www.melanie-melcher.de\\\/index.php\\\/gmedia\\\/neugeborene_frieda-melanie_melcher_76_von_116_-jpg\\\/\",\"cc\":0,\"views\":2,\"likes\":0,\"width\":799,\"height\":533},{\"id\":\"521\",\"type\":\"image\",\"ext\":\"jpg\",\"src\":\"\\\/image\\\/Neugeborene_Frieda-Melanie_Melcher_112_von_116_.jpg\",\"sizes\":{\"thumb\":\"https:\\\/\\\/www.melanie-melcher.de\\\/wp-content\\\/grand-media\\\/image\\\/thumb\\\/Neugeborene_Frieda-Melanie_Melcher_112_von_116_.jpg\",\"full\":\"https:\\\/\\\/www.melanie-melcher.de\\\/wp-content\\\/grand-media\\\/image\\\/Neugeborene_Frieda-Melanie_Melcher_112_von_116_.jpg\"},\"title\":\"Neugeborene Frieda-Melanie Melcher (112 Von 116)\",\"alt\":\"Neugeborene Frieda-Melanie Melcher (112 Von 116)\",\"caption\":\"\",\"url\":\"\",\"post_link\":\"https:\\\/\\\/www.melanie-melcher.de\\\/index.php\\\/gmedia\\\/neugeborene_frieda-melanie_melcher_112_von_116_-jpg\\\/\",\"cc\":0,\"views\":4,\"likes\":0,\"width\":533,\"height\":799},{\"id\":\"508\",\"type\":\"image\",\"ext\":\"jpg\",\"src\":\"\\\/image\\\/Neugeborene_Frieda-Melanie_Melcher_83_von_116_.jpg\",\"sizes\":{\"thumb\":\"https:\\\/\\\/www.melanie-melcher.de\\\/wp-content\\\/grand-media\\\/image\\\/thumb\\\/Neugeborene_Frieda-Melanie_Melcher_83_von_116_.jpg\",\"full\":\"https:\\\/\\\/www.melanie-melcher.de\\\/wp-content\\\/grand-media\\\/image\\\/Neugeborene_Frieda-Melanie_Melcher_83_von_116_.jpg\"},\"title\":\"Neugeborene Frieda-Melanie Melcher (83 Von 116)\",\"alt\":\"Neugeborene Frieda-Melanie Melcher (83 Von 116)\",\"caption\":\"\",\"url\":\"\",\"post_link\":\"https:\\\/\\\/www.melanie-melcher.de\\\/index.php\\\/gmedia\\\/neugeborene_frieda-melanie_melcher_83_von_116_-jpg\\\/\",\"cc\":0,\"views\":1,\"likes\":0,\"width\":533,\"height\":800},{\"id\":\"512\",\"type\":\"image\",\"ext\":\"jpg\",\"src\":\"\\\/image\\\/Neugeborene_Frieda-Melanie_Melcher_90_von_116_.jpg\",\"sizes\":{\"thumb\":\"https:\\\/\\\/www.melanie-melcher.de\\\/wp-content\\\/grand-media\\\/image\\\/thumb\\\/Neugeborene_Frieda-Melanie_Melcher_90_von_116_.jpg\",\"full\":\"https:\\\/\\\/www.melanie-melcher.de\\\/wp-content\\\/grand-media\\\/image\\\/Neugeborene_Frieda-Melanie_Melcher_90_von_116_.jpg\"},\"title\":\"Neugeborene Frieda-Melanie Melcher (90 Von 116)\",\"alt\":\"Neugeborene Frieda-Melanie Melcher (90 Von 116)\",\"caption\":\"\",\"url\":\"\",\"post_link\":\"https:\\\/\\\/www.melanie-melcher.de\\\/index.php\\\/gmedia\\\/neugeborene_frieda-melanie_melcher_90_von_116_-jpg\\\/\",\"cc\":0,\"views\":2,\"likes\":0,\"width\":533,\"height\":800},{\"id\":\"469\",\"type\":\"image\",\"ext\":\"jpg\",\"src\":\"\\\/image\\\/Neugeborene_Frieda-Melanie_Melcher_3_von_116_.jpg\",\"sizes\":{\"thumb\":\"https:\\\/\\\/www.melanie-melcher.de\\\/wp-content\\\/grand-media\\\/image\\\/thumb\\\/Neugeborene_Frieda-Melanie_Melcher_3_von_116_.jpg\",\"full\":\"https:\\\/\\\/www.melanie-melcher.de\\\/wp-content\\\/grand-media\\\/image\\\/Neugeborene_Frieda-Melanie_Melcher_3_von_116_.jpg\"},\"title\":\"Neugeborene Frieda-Melanie Melcher (3 Von 116)\",\"alt\":\"Neugeborene Frieda-Melanie Melcher (3 Von 116)\",\"caption\":\"\",\"url\":\"\",\"post_link\":\"https:\\\/\\\/www.melanie-melcher.de\\\/index.php\\\/gmedia\\\/neugeborene_frieda-melanie_melcher_3_von_116_-jpg\\\/\",\"cc\":0,\"views\":4,\"likes\":0,\"width\":800,\"height\":533},{\"id\":\"485\",\"type\":\"image\",\"ext\":\"jpg\",\"src\":\"\\\/image\\\/Neugeborene_Frieda-Melanie_Melcher_37_von_116_.jpg\",\"sizes\":{\"thumb\":\"https:\\\/\\\/www.melanie-melcher.de\\\/wp-content\\\/grand-media\\\/image\\\/thumb\\\/Neugeborene_Frieda-Melanie_Melcher_37_von_116_.jpg\",\"full\":\"https:\\\/\\\/www.melanie-melcher.de\\\/wp-content\\\/grand-media\\\/image\\\/Neugeborene_Frieda-Melanie_Melcher_37_von_116_.jpg\"},\"title\":\"Neugeborene Frieda-Melanie Melcher (37 Von 116)\",\"alt\":\"Neugeborene Frieda-Melanie Melcher (37 Von 116)\",\"caption\":\"\",\"url\":\"\",\"post_link\":\"https:\\\/\\\/www.melanie-melcher.de\\\/index.php\\\/gmedia\\\/neugeborene_frieda-melanie_melcher_37_von_116_-jpg\\\/\",\"cc\":0,\"views\":1,\"likes\":0,\"width\":533,\"height\":800},{\"id\":\"492\",\"type\":\"image\",\"ext\":\"jpg\",\"src\":\"\\\/image\\\/Neugeborene_Frieda-Melanie_Melcher_51_von_116_.jpg\",\"sizes\":{\"thumb\":\"https:\\\/\\\/www.melanie-melcher.de\\\/wp-content\\\/grand-media\\\/image\\\/thumb\\\/Neugeborene_Frieda-Melanie_Melcher_51_von_116_.jpg\",\"full\":\"https:\\\/\\\/www.melanie-melcher.de\\\/wp-content\\\/grand-media\\\/image\\\/Neugeborene_Frieda-Melanie_Melcher_51_von_116_.jpg\"},\"title\":\"Neugeborene Frieda-Melanie Melcher (51 Von 116)\",\"alt\":\"Neugeborene Frieda-Melanie Melcher (51 Von 116)\",\"caption\":\"\",\"url\":\"\",\"post_link\":\"https:\\\/\\\/www.melanie-melcher.de\\\/index.php\\\/gmedia\\\/neugeborene_frieda-melanie_melcher_51_von_116_-jpg\\\/\",\"cc\":0,\"views\":4,\"likes\":0,\"width\":533,\"height\":800},{\"id\":\"499\",\"type\":\"image\",\"ext\":\"jpg\",\"src\":\"\\\/image\\\/Neugeborene_Frieda-Melanie_Melcher_63_von_116_.jpg\",\"sizes\":{\"thumb\":\"https:\\\/\\\/www.melanie-melcher.de\\\/wp-content\\\/grand-media\\\/image\\\/thumb\\\/Neugeborene_Frieda-Melanie_Melcher_63_von_116_.jpg\",\"full\":\"https:\\\/\\\/www.melanie-melcher.de\\\/wp-content\\\/grand-media\\\/image\\\/Neugeborene_Frieda-Melanie_Melcher_63_von_116_.jpg\"},\"title\":\"Neugeborene Frieda-Melanie Melcher (63 Von 116)\",\"alt\":\"Neugeborene Frieda-Melanie Melcher (63 Von 116)\",\"caption\":\"\",\"url\":\"\",\"post_link\":\"https:\\\/\\\/www.melanie-melcher.de\\\/index.php\\\/gmedia\\\/neugeborene_frieda-melanie_melcher_63_von_116_-jpg\\\/\",\"cc\":0,\"views\":2,\"likes\":0,\"width\":800,\"height\":533},{\"id\":\"475\",\"type\":\"image\",\"ext\":\"jpg\",\"src\":\"\\\/image\\\/Neugeborene_Frieda-Melanie_Melcher_20_von_116_.jpg\",\"sizes\":{\"thumb\":\"https:\\\/\\\/www.melanie-melcher.de\\\/wp-content\\\/grand-media\\\/image\\\/thumb\\\/Neugeborene_Frieda-Melanie_Melcher_20_von_116_.jpg\",\"full\":\"https:\\\/\\\/www.melanie-melcher.de\\\/wp-content\\\/grand-media\\\/image\\\/Neugeborene_Frieda-Melanie_Melcher_20_von_116_.jpg\"},\"title\":\"Neugeborene Frieda-Melanie Melcher (20 Von 116)\",\"alt\":\"Neugeborene Frieda-Melanie Melcher (20 Von 116)\",\"caption\":\"\",\"url\":\"\",\"post_link\":\"https:\\\/\\\/www.melanie-melcher.de\\\/index.php\\\/gmedia\\\/neugeborene_frieda-melanie_melcher_20_von_116_-jpg\\\/\",\"cc\":0,\"views\":1,\"likes\":0,\"width\":533,\"height\":800},{\"id\":\"481\",\"type\":\"image\",\"ext\":\"jpg\",\"src\":\"\\\/image\\\/Neugeborene_Frieda-Melanie_Melcher_33_von_116_.jpg\",\"sizes\":{\"thumb\":\"https:\\\/\\\/www.melanie-melcher.de\\\/wp-content\\\/grand-media\\\/image\\\/thumb\\\/Neugeborene_Frieda-Melanie_Melcher_33_von_116_.jpg\",\"full\":\"https:\\\/\\\/www.melanie-melcher.de\\\/wp-content\\\/grand-media\\\/image\\\/Neugeborene_Frieda-Melanie_Melcher_33_von_116_.jpg\"},\"title\":\"Neugeborene Frieda-Melanie Melcher (33 Von 116)\",\"alt\":\"Neugeborene Frieda-Melanie Melcher (33 Von 116)\",\"caption\":\"\",\"url\":\"\",\"post_link\":\"https:\\\/\\\/www.melanie-melcher.de\\\/index.php\\\/gmedia\\\/neugeborene_frieda-melanie_melcher_33_von_116_-jpg\\\/\",\"cc\":0,\"views\":2,\"likes\":0,\"width\":799,\"height\":533},{\"id\":\"496\",\"type\":\"image\",\"ext\":\"jpg\",\"src\":\"\\\/image\\\/Neugeborene_Frieda-Melanie_Melcher_56_von_116_.jpg\",\"sizes\":{\"thumb\":\"https:\\\/\\\/www.melanie-melcher.de\\\/wp-content\\\/grand-media\\\/image\\\/thumb\\\/Neugeborene_Frieda-Melanie_Melcher_56_von_116_.jpg\",\"full\":\"https:\\\/\\\/www.melanie-melcher.de\\\/wp-content\\\/grand-media\\\/image\\\/Neugeborene_Frieda-Melanie_Melcher_56_von_116_.jpg\"},\"title\":\"Neugeborene Frieda-Melanie Melcher (56 Von 116)\",\"alt\":\"Neugeborene Frieda-Melanie Melcher (56 Von 116)\",\"caption\":\"\",\"url\":\"\",\"post_link\":\"https:\\\/\\\/www.melanie-melcher.de\\\/index.php\\\/gmedia\\\/neugeborene_frieda-melanie_melcher_56_von_116_-jpg\\\/\",\"cc\":0,\"views\":0,\"likes\":0,\"width\":533,\"height\":800}];\n\t\t\t\t\tsettings.gallery = gmedia_mosaic_content;\n\t\t\t\t\t$( '#GmediaGallery_50 .gmMosaic_Container' ).gmediaMosaic( settings );\n\t\t\t\t} );\n\t\t\t} );\n\t<\/script>\t<\/div>\n<h3>Weitere Babyfotos findet ihr\u00a0<a href=\"http:\/\/www.melanie-melcher.de\/index.php\/galerien-3\/newborn\/\" target=\"_blank\">hier<\/a>\u00a0und in meinem <a href=\"http:\/\/www.melanie-melcher.de\/index.php\/category\/newborn\/\" target=\"_blank\">Blog<\/a>.<\/h3>\n","protected":false},"excerpt":{"rendered":"<p>Diesmal durfte ich in meinem Fotostudio in Duisburg ganz besondere G\u00e4ste begr\u00fcssen. Linda und Sven lernte ich vor knapp 2,5 Jahren kennen, damals buchten die beiden mich um ihren erstgeborenen Sohn Felix zu fotografieren. Felix hat mich damals mit seiner ruhigen und relaxten Art total begeistert. Binnen k\u00fcrzester Zeit hatten wir eine grosse Vielfalt von [&hellip;]<\/p>\n","protected":false},"author":1,"featured_media":1380,"comment_status":"open","ping_status":"open","sticky":false,"template":"","format":"standard","meta":{"footnotes":""},"categories":[9],"tags":[],"class_list":["post-1379","post","type-post","status-publish","format-standard","has-post-thumbnail","hentry","category-newborn"],"_links":{"self":[{"href":"https:\/\/www.melanie-melcher.de\/index.php\/wp-json\/wp\/v2\/posts\/1379","targetHints":{"allow":["GET"]}}],"collection":[{"href":"https:\/\/www.melanie-melcher.de\/index.php\/wp-json\/wp\/v2\/posts"}],"about":[{"href":"https:\/\/www.melanie-melcher.de\/index.php\/wp-json\/wp\/v2\/types\/post"}],"author":[{"embeddable":true,"href":"https:\/\/www.melanie-melcher.de\/index.php\/wp-json\/wp\/v2\/users\/1"}],"replies":[{"embeddable":true,"href":"https:\/\/www.melanie-melcher.de\/index.php\/wp-json\/wp\/v2\/comments?post=1379"}],"version-history":[{"count":5,"href":"https:\/\/www.melanie-melcher.de\/index.php\/wp-json\/wp\/v2\/posts\/1379\/revisions"}],"predecessor-version":[{"id":1390,"href":"https:\/\/www.melanie-melcher.de\/index.php\/wp-json\/wp\/v2\/posts\/1379\/revisions\/1390"}],"wp:featuredmedia":[{"embeddable":true,"href":"https:\/\/www.melanie-melcher.de\/index.php\/wp-json\/wp\/v2\/media\/1380"}],"wp:attachment":[{"href":"https:\/\/www.melanie-melcher.de\/index.php\/wp-json\/wp\/v2\/media?parent=1379"}],"wp:term":[{"taxonomy":"category","embeddable":true,"href":"https:\/\/www.melanie-melcher.de\/index.php\/wp-json\/wp\/v2\/categories?post=1379"},{"taxonomy":"post_tag","embeddable":true,"href":"https:\/\/www.melanie-melcher.de\/index.php\/wp-json\/wp\/v2\/tags?post=1379"}],"curies":[{"name":"wp","href":"https:\/\/api.w.org\/{rel}","templated":true}]}}