{"id":185,"date":"2015-10-04T12:35:20","date_gmt":"2015-10-04T10:35:20","guid":{"rendered":"http:\/\/www.melanie-melcher.de\/?p=185"},"modified":"2015-10-14T12:32:39","modified_gmt":"2015-10-14T10:32:39","slug":"traumhochzeit-von-benni-und-manu-im-landschaftspark-duisburg","status":"publish","type":"post","link":"https:\/\/www.melanie-melcher.de\/index.php\/2015\/10\/04\/traumhochzeit-von-benni-und-manu-im-landschaftspark-duisburg\/","title":{"rendered":"Traumhochzeit von Benni und Manu im Landschaftspark Duisburg"},"content":{"rendered":"<p style=\"text-align: justify;\">Es gibt Menschen die sind einem von der ersten Sekunde so sympathisch, dass man meint sie schon ewig zu kennen. So geschehen bei Benni und Manu. Im Oktober 2014 lernten wir uns auf der Hochzeitsmesse im Kamper Hof in Rheinberg kennen. Nach 10 Minuten Gespr\u00e4ch waren wir uns sicher, dass es eine gute Idee w\u00e4re, wenn wir die Hochzeit gemeinsam wuppen. Schon kurze Zeit sp\u00e4ter trafen wir uns in meinem Atelier wieder, um \u00fcber konkrete W\u00fcnsche und Vorstellungen zu sprechen. Schnell war klar, dass wir vorab eine Engagement-Session am Lieblingsort der beiden, dem Kaisergarten in Oberhausen haben w\u00fcrden. Aus diesen Bildern haben wir dann die komplette Papeterie wie Save-The-Date-Karten, Einladungskarten und Kirchenhefte gebastelt.<\/p>\n<p style=\"text-align: justify;\">Am 18.07.2015 war es dann soweit. Fr\u00fch morgens bin ich als Hochzeitsfotografin mit der Stylistin im Schlepptau nach Rheinberg zu Manu gefahren. W\u00e4hrend fleissig geschminkt und gestylt wurde hatten wir schon jede Menge zu lachen. Nach einigen Dessousfotos ging es f\u00fcr Manu dann ins Kleid. Ihre Schwester hat fleissig geholfen bevor Manu abgeholt wurde.<\/p>\n\n\t\t<style type=\"text\/css\">\n\t\t\t#gallery-1 {\n\t\t\t\tmargin: auto;\n\t\t\t}\n\t\t\t#gallery-1 .gallery-item {\n\t\t\t\tfloat: left;\n\t\t\t\tmargin-top: 10px;\n\t\t\t\ttext-align: center;\n\t\t\t\twidth: 100%;\n\t\t\t}\n\t\t\t#gallery-1 img {\n\t\t\t\tborder: 2px solid #cfcfcf;\n\t\t\t}\n\t\t\t#gallery-1 .gallery-caption {\n\t\t\t\tmargin-left: 0;\n\t\t\t}\n\t\t\t\/* see gallery_shortcode() in wp-includes\/media.php *\/\n\t\t<\/style>\n\t\t<div id='gallery-1' class='gallery galleryid-185 gallery-columns-1 gallery-size-large'><dl class='gallery-item'>\n\t\t\t<dt class='gallery-icon landscape'>\n\t\t\t\t<a href='https:\/\/www.melanie-melcher.de\/index.php\/2015\/10\/04\/traumhochzeit-von-benni-und-manu-im-landschaftspark-duisburg\/traumhochzeit-landschaftspark-duisburg-1-von-35\/#main'><img loading=\"lazy\" decoding=\"async\" width=\"640\" height=\"427\" src=\"https:\/\/www.melanie-melcher.de\/wp-content\/uploads\/2015\/10\/Traumhochzeit-Landschaftspark-Duisburg-1-von-35-1024x683.jpg\" class=\"attachment-large size-large\" alt=\"\" srcset=\"https:\/\/www.melanie-melcher.de\/wp-content\/uploads\/2015\/10\/Traumhochzeit-Landschaftspark-Duisburg-1-von-35-1024x683.jpg 1024w, https:\/\/www.melanie-melcher.de\/wp-content\/uploads\/2015\/10\/Traumhochzeit-Landschaftspark-Duisburg-1-von-35-300x200.jpg 300w\" sizes=\"auto, (max-width: 640px) 100vw, 640px\" \/><\/a>\n\t\t\t<\/dt><\/dl><br style=\"clear: both\" \/><dl class='gallery-item'>\n\t\t\t<dt class='gallery-icon landscape'>\n\t\t\t\t<a href='https:\/\/www.melanie-melcher.de\/index.php\/2015\/10\/04\/traumhochzeit-von-benni-und-manu-im-landschaftspark-duisburg\/traumhochzeit-landschaftspark-duisburg-2-von-35\/#main'><img loading=\"lazy\" decoding=\"async\" width=\"640\" height=\"427\" src=\"https:\/\/www.melanie-melcher.de\/wp-content\/uploads\/2015\/10\/Traumhochzeit-Landschaftspark-Duisburg-2-von-35-1024x683.jpg\" class=\"attachment-large size-large\" alt=\"\" srcset=\"https:\/\/www.melanie-melcher.de\/wp-content\/uploads\/2015\/10\/Traumhochzeit-Landschaftspark-Duisburg-2-von-35-1024x683.jpg 1024w, https:\/\/www.melanie-melcher.de\/wp-content\/uploads\/2015\/10\/Traumhochzeit-Landschaftspark-Duisburg-2-von-35-300x200.jpg 300w\" sizes=\"auto, (max-width: 640px) 100vw, 640px\" \/><\/a>\n\t\t\t<\/dt><\/dl><br style=\"clear: both\" \/><dl class='gallery-item'>\n\t\t\t<dt class='gallery-icon landscape'>\n\t\t\t\t<a href='https:\/\/www.melanie-melcher.de\/index.php\/2015\/10\/04\/traumhochzeit-von-benni-und-manu-im-landschaftspark-duisburg\/traumhochzeit-landschaftspark-duisburg-3-von-35\/#main'><img loading=\"lazy\" decoding=\"async\" width=\"640\" height=\"427\" src=\"https:\/\/www.melanie-melcher.de\/wp-content\/uploads\/2015\/10\/Traumhochzeit-Landschaftspark-Duisburg-3-von-35-1024x683.jpg\" class=\"attachment-large size-large\" alt=\"\" srcset=\"https:\/\/www.melanie-melcher.de\/wp-content\/uploads\/2015\/10\/Traumhochzeit-Landschaftspark-Duisburg-3-von-35-1024x683.jpg 1024w, https:\/\/www.melanie-melcher.de\/wp-content\/uploads\/2015\/10\/Traumhochzeit-Landschaftspark-Duisburg-3-von-35-300x200.jpg 300w\" sizes=\"auto, (max-width: 640px) 100vw, 640px\" \/><\/a>\n\t\t\t<\/dt><\/dl><br style=\"clear: both\" \/><dl class='gallery-item'>\n\t\t\t<dt class='gallery-icon landscape'>\n\t\t\t\t<a href='https:\/\/www.melanie-melcher.de\/index.php\/2015\/10\/04\/traumhochzeit-von-benni-und-manu-im-landschaftspark-duisburg\/traumhochzeit-landschaftspark-duisburg-4-von-35\/#main'><img loading=\"lazy\" decoding=\"async\" width=\"640\" height=\"427\" src=\"https:\/\/www.melanie-melcher.de\/wp-content\/uploads\/2015\/10\/Traumhochzeit-Landschaftspark-Duisburg-4-von-35-1024x683.jpg\" class=\"attachment-large size-large\" alt=\"\" srcset=\"https:\/\/www.melanie-melcher.de\/wp-content\/uploads\/2015\/10\/Traumhochzeit-Landschaftspark-Duisburg-4-von-35-1024x683.jpg 1024w, https:\/\/www.melanie-melcher.de\/wp-content\/uploads\/2015\/10\/Traumhochzeit-Landschaftspark-Duisburg-4-von-35-300x200.jpg 300w\" sizes=\"auto, (max-width: 640px) 100vw, 640px\" \/><\/a>\n\t\t\t<\/dt><\/dl><br style=\"clear: both\" \/><dl class='gallery-item'>\n\t\t\t<dt class='gallery-icon landscape'>\n\t\t\t\t<a href='https:\/\/www.melanie-melcher.de\/index.php\/2015\/10\/04\/traumhochzeit-von-benni-und-manu-im-landschaftspark-duisburg\/traumhochzeit-landschaftspark-duisburg-5-von-35\/#main'><img loading=\"lazy\" decoding=\"async\" width=\"640\" height=\"427\" src=\"https:\/\/www.melanie-melcher.de\/wp-content\/uploads\/2015\/10\/Traumhochzeit-Landschaftspark-Duisburg-5-von-35-1024x683.jpg\" class=\"attachment-large size-large\" alt=\"\" srcset=\"https:\/\/www.melanie-melcher.de\/wp-content\/uploads\/2015\/10\/Traumhochzeit-Landschaftspark-Duisburg-5-von-35-1024x683.jpg 1024w, https:\/\/www.melanie-melcher.de\/wp-content\/uploads\/2015\/10\/Traumhochzeit-Landschaftspark-Duisburg-5-von-35-300x200.jpg 300w\" sizes=\"auto, (max-width: 640px) 100vw, 640px\" \/><\/a>\n\t\t\t<\/dt><\/dl><br style=\"clear: both\" \/><dl class='gallery-item'>\n\t\t\t<dt class='gallery-icon landscape'>\n\t\t\t\t<a href='https:\/\/www.melanie-melcher.de\/index.php\/2015\/10\/04\/traumhochzeit-von-benni-und-manu-im-landschaftspark-duisburg\/traumhochzeit-landschaftspark-duisburg-6-von-35\/#main'><img loading=\"lazy\" decoding=\"async\" width=\"640\" height=\"427\" src=\"https:\/\/www.melanie-melcher.de\/wp-content\/uploads\/2015\/10\/Traumhochzeit-Landschaftspark-Duisburg-6-von-35-1024x683.jpg\" class=\"attachment-large size-large\" alt=\"\" srcset=\"https:\/\/www.melanie-melcher.de\/wp-content\/uploads\/2015\/10\/Traumhochzeit-Landschaftspark-Duisburg-6-von-35-1024x683.jpg 1024w, https:\/\/www.melanie-melcher.de\/wp-content\/uploads\/2015\/10\/Traumhochzeit-Landschaftspark-Duisburg-6-von-35-300x200.jpg 300w\" sizes=\"auto, (max-width: 640px) 100vw, 640px\" \/><\/a>\n\t\t\t<\/dt><\/dl><br style=\"clear: both\" \/>\n\t\t<\/div>\n\n<p style=\"text-align: justify;\">Als ich an der Kirche ankam, erwartete mich ein nerv\u00f6ser Br\u00e4utigam. Die Trauung war wundersch\u00f6n und ein Gitarrenchor begleitete auf wundervolle Weise den Weg zum Ja. Manu und Benni haben sich immer wieder angehimmelt, so dass auch bei der Hochzeitsfotografin das ein oder andere Tr\u00e4nchen kullerte. Ein besonderes Highlight im Gottesdienst sollte die Taufe des Sohnes Lenny sein. Als dieser dran war, versteckte er sich unter einer Bank und br\u00fcllte dem Pfarrer ein lautstarkes \u201eIch will nicht\u201c entgegen. Irgendwie hat der Pfarrer es dann doch noch geschafft, seinen Segen zu sprechen und als Lenny mit Geschenken bestochen wurde, ist er auch fast freiwillig nach vorne gegangen.<\/p>\n\n\t\t<style type=\"text\/css\">\n\t\t\t#gallery-2 {\n\t\t\t\tmargin: auto;\n\t\t\t}\n\t\t\t#gallery-2 .gallery-item {\n\t\t\t\tfloat: left;\n\t\t\t\tmargin-top: 10px;\n\t\t\t\ttext-align: center;\n\t\t\t\twidth: 100%;\n\t\t\t}\n\t\t\t#gallery-2 img {\n\t\t\t\tborder: 2px solid #cfcfcf;\n\t\t\t}\n\t\t\t#gallery-2 .gallery-caption {\n\t\t\t\tmargin-left: 0;\n\t\t\t}\n\t\t\t\/* see gallery_shortcode() in wp-includes\/media.php *\/\n\t\t<\/style>\n\t\t<div id='gallery-2' class='gallery galleryid-185 gallery-columns-1 gallery-size-large'><dl class='gallery-item'>\n\t\t\t<dt class='gallery-icon landscape'>\n\t\t\t\t<a href='https:\/\/www.melanie-melcher.de\/index.php\/2015\/10\/04\/traumhochzeit-von-benni-und-manu-im-landschaftspark-duisburg\/traumhochzeit-landschaftspark-duisburg-7-von-35\/#main'><img loading=\"lazy\" decoding=\"async\" width=\"640\" height=\"427\" src=\"https:\/\/www.melanie-melcher.de\/wp-content\/uploads\/2015\/10\/Traumhochzeit-Landschaftspark-Duisburg-7-von-35-1024x683.jpg\" class=\"attachment-large size-large\" alt=\"\" srcset=\"https:\/\/www.melanie-melcher.de\/wp-content\/uploads\/2015\/10\/Traumhochzeit-Landschaftspark-Duisburg-7-von-35-1024x683.jpg 1024w, https:\/\/www.melanie-melcher.de\/wp-content\/uploads\/2015\/10\/Traumhochzeit-Landschaftspark-Duisburg-7-von-35-300x200.jpg 300w\" sizes=\"auto, (max-width: 640px) 100vw, 640px\" \/><\/a>\n\t\t\t<\/dt><\/dl><br style=\"clear: both\" \/><dl class='gallery-item'>\n\t\t\t<dt class='gallery-icon portrait'>\n\t\t\t\t<a href='https:\/\/www.melanie-melcher.de\/index.php\/2015\/10\/04\/traumhochzeit-von-benni-und-manu-im-landschaftspark-duisburg\/traumhochzeit-landschaftspark-duisburg-8-von-35\/#main'><img loading=\"lazy\" decoding=\"async\" width=\"640\" height=\"960\" src=\"https:\/\/www.melanie-melcher.de\/wp-content\/uploads\/2015\/10\/Traumhochzeit-Landschaftspark-Duisburg-8-von-35-683x1024.jpg\" class=\"attachment-large size-large\" alt=\"\" srcset=\"https:\/\/www.melanie-melcher.de\/wp-content\/uploads\/2015\/10\/Traumhochzeit-Landschaftspark-Duisburg-8-von-35-683x1024.jpg 683w, https:\/\/www.melanie-melcher.de\/wp-content\/uploads\/2015\/10\/Traumhochzeit-Landschaftspark-Duisburg-8-von-35-200x300.jpg 200w\" sizes=\"auto, (max-width: 640px) 100vw, 640px\" \/><\/a>\n\t\t\t<\/dt><\/dl><br style=\"clear: both\" \/><dl class='gallery-item'>\n\t\t\t<dt class='gallery-icon portrait'>\n\t\t\t\t<a href='https:\/\/www.melanie-melcher.de\/index.php\/2015\/10\/04\/traumhochzeit-von-benni-und-manu-im-landschaftspark-duisburg\/traumhochzeit-landschaftspark-duisburg-9-von-35\/#main'><img loading=\"lazy\" decoding=\"async\" width=\"640\" height=\"960\" src=\"https:\/\/www.melanie-melcher.de\/wp-content\/uploads\/2015\/10\/Traumhochzeit-Landschaftspark-Duisburg-9-von-35-683x1024.jpg\" class=\"attachment-large size-large\" alt=\"\" srcset=\"https:\/\/www.melanie-melcher.de\/wp-content\/uploads\/2015\/10\/Traumhochzeit-Landschaftspark-Duisburg-9-von-35-683x1024.jpg 683w, https:\/\/www.melanie-melcher.de\/wp-content\/uploads\/2015\/10\/Traumhochzeit-Landschaftspark-Duisburg-9-von-35-200x300.jpg 200w\" sizes=\"auto, (max-width: 640px) 100vw, 640px\" \/><\/a>\n\t\t\t<\/dt><\/dl><br style=\"clear: both\" \/><dl class='gallery-item'>\n\t\t\t<dt class='gallery-icon landscape'>\n\t\t\t\t<a href='https:\/\/www.melanie-melcher.de\/index.php\/2015\/10\/04\/traumhochzeit-von-benni-und-manu-im-landschaftspark-duisburg\/traumhochzeit-landschaftspark-duisburg-10-von-35\/#main'><img loading=\"lazy\" decoding=\"async\" width=\"640\" height=\"427\" src=\"https:\/\/www.melanie-melcher.de\/wp-content\/uploads\/2015\/10\/Traumhochzeit-Landschaftspark-Duisburg-10-von-35-1024x683.jpg\" class=\"attachment-large size-large\" alt=\"\" srcset=\"https:\/\/www.melanie-melcher.de\/wp-content\/uploads\/2015\/10\/Traumhochzeit-Landschaftspark-Duisburg-10-von-35-1024x683.jpg 1024w, https:\/\/www.melanie-melcher.de\/wp-content\/uploads\/2015\/10\/Traumhochzeit-Landschaftspark-Duisburg-10-von-35-300x200.jpg 300w\" sizes=\"auto, (max-width: 640px) 100vw, 640px\" \/><\/a>\n\t\t\t<\/dt><\/dl><br style=\"clear: both\" \/><dl class='gallery-item'>\n\t\t\t<dt class='gallery-icon landscape'>\n\t\t\t\t<a href='https:\/\/www.melanie-melcher.de\/index.php\/2015\/10\/04\/traumhochzeit-von-benni-und-manu-im-landschaftspark-duisburg\/traumhochzeit-landschaftspark-duisburg-11-von-35\/#main'><img loading=\"lazy\" decoding=\"async\" width=\"640\" height=\"427\" src=\"https:\/\/www.melanie-melcher.de\/wp-content\/uploads\/2015\/10\/Traumhochzeit-Landschaftspark-Duisburg-11-von-35-1024x683.jpg\" class=\"attachment-large size-large\" alt=\"\" srcset=\"https:\/\/www.melanie-melcher.de\/wp-content\/uploads\/2015\/10\/Traumhochzeit-Landschaftspark-Duisburg-11-von-35-1024x683.jpg 1024w, https:\/\/www.melanie-melcher.de\/wp-content\/uploads\/2015\/10\/Traumhochzeit-Landschaftspark-Duisburg-11-von-35-300x200.jpg 300w\" sizes=\"auto, (max-width: 640px) 100vw, 640px\" \/><\/a>\n\t\t\t<\/dt><\/dl><br style=\"clear: both\" \/><dl class='gallery-item'>\n\t\t\t<dt class='gallery-icon landscape'>\n\t\t\t\t<a href='https:\/\/www.melanie-melcher.de\/index.php\/2015\/10\/04\/traumhochzeit-von-benni-und-manu-im-landschaftspark-duisburg\/traumhochzeit-landschaftspark-duisburg-12-von-35\/#main'><img loading=\"lazy\" decoding=\"async\" width=\"640\" height=\"427\" src=\"https:\/\/www.melanie-melcher.de\/wp-content\/uploads\/2015\/10\/Traumhochzeit-Landschaftspark-Duisburg-12-von-35-1024x683.jpg\" class=\"attachment-large size-large\" alt=\"\" srcset=\"https:\/\/www.melanie-melcher.de\/wp-content\/uploads\/2015\/10\/Traumhochzeit-Landschaftspark-Duisburg-12-von-35-1024x683.jpg 1024w, https:\/\/www.melanie-melcher.de\/wp-content\/uploads\/2015\/10\/Traumhochzeit-Landschaftspark-Duisburg-12-von-35-300x200.jpg 300w\" sizes=\"auto, (max-width: 640px) 100vw, 640px\" \/><\/a>\n\t\t\t<\/dt><\/dl><br style=\"clear: both\" \/><dl class='gallery-item'>\n\t\t\t<dt class='gallery-icon landscape'>\n\t\t\t\t<a href='https:\/\/www.melanie-melcher.de\/index.php\/2015\/10\/04\/traumhochzeit-von-benni-und-manu-im-landschaftspark-duisburg\/traumhochzeit-landschaftspark-duisburg-13-von-35\/#main'><img loading=\"lazy\" decoding=\"async\" width=\"640\" height=\"427\" src=\"https:\/\/www.melanie-melcher.de\/wp-content\/uploads\/2015\/10\/Traumhochzeit-Landschaftspark-Duisburg-13-von-35-1024x683.jpg\" class=\"attachment-large size-large\" alt=\"\" srcset=\"https:\/\/www.melanie-melcher.de\/wp-content\/uploads\/2015\/10\/Traumhochzeit-Landschaftspark-Duisburg-13-von-35-1024x683.jpg 1024w, https:\/\/www.melanie-melcher.de\/wp-content\/uploads\/2015\/10\/Traumhochzeit-Landschaftspark-Duisburg-13-von-35-300x200.jpg 300w\" sizes=\"auto, (max-width: 640px) 100vw, 640px\" \/><\/a>\n\t\t\t<\/dt><\/dl><br style=\"clear: both\" \/><dl class='gallery-item'>\n\t\t\t<dt class='gallery-icon portrait'>\n\t\t\t\t<a href='https:\/\/www.melanie-melcher.de\/index.php\/2015\/10\/04\/traumhochzeit-von-benni-und-manu-im-landschaftspark-duisburg\/traumhochzeit-landschaftspark-duisburg-14-von-35\/#main'><img loading=\"lazy\" decoding=\"async\" width=\"640\" height=\"960\" src=\"https:\/\/www.melanie-melcher.de\/wp-content\/uploads\/2015\/10\/Traumhochzeit-Landschaftspark-Duisburg-14-von-35-683x1024.jpg\" class=\"attachment-large size-large\" alt=\"\" srcset=\"https:\/\/www.melanie-melcher.de\/wp-content\/uploads\/2015\/10\/Traumhochzeit-Landschaftspark-Duisburg-14-von-35-683x1024.jpg 683w, https:\/\/www.melanie-melcher.de\/wp-content\/uploads\/2015\/10\/Traumhochzeit-Landschaftspark-Duisburg-14-von-35-200x300.jpg 200w\" sizes=\"auto, (max-width: 640px) 100vw, 640px\" \/><\/a>\n\t\t\t<\/dt><\/dl><br style=\"clear: both\" \/><dl class='gallery-item'>\n\t\t\t<dt class='gallery-icon portrait'>\n\t\t\t\t<a href='https:\/\/www.melanie-melcher.de\/index.php\/2015\/10\/04\/traumhochzeit-von-benni-und-manu-im-landschaftspark-duisburg\/traumhochzeit-landschaftspark-duisburg-15-von-35\/#main'><img loading=\"lazy\" decoding=\"async\" width=\"640\" height=\"960\" src=\"https:\/\/www.melanie-melcher.de\/wp-content\/uploads\/2015\/10\/Traumhochzeit-Landschaftspark-Duisburg-15-von-35-683x1024.jpg\" class=\"attachment-large size-large\" alt=\"\" srcset=\"https:\/\/www.melanie-melcher.de\/wp-content\/uploads\/2015\/10\/Traumhochzeit-Landschaftspark-Duisburg-15-von-35-683x1024.jpg 683w, https:\/\/www.melanie-melcher.de\/wp-content\/uploads\/2015\/10\/Traumhochzeit-Landschaftspark-Duisburg-15-von-35-200x300.jpg 200w\" sizes=\"auto, (max-width: 640px) 100vw, 640px\" \/><\/a>\n\t\t\t<\/dt><\/dl><br style=\"clear: both\" \/><dl class='gallery-item'>\n\t\t\t<dt class='gallery-icon landscape'>\n\t\t\t\t<a href='https:\/\/www.melanie-melcher.de\/index.php\/2015\/10\/04\/traumhochzeit-von-benni-und-manu-im-landschaftspark-duisburg\/traumhochzeit-landschaftspark-duisburg-16-von-35\/#main'><img loading=\"lazy\" decoding=\"async\" width=\"640\" height=\"427\" src=\"https:\/\/www.melanie-melcher.de\/wp-content\/uploads\/2015\/10\/Traumhochzeit-Landschaftspark-Duisburg-16-von-35-1024x683.jpg\" class=\"attachment-large size-large\" alt=\"\" srcset=\"https:\/\/www.melanie-melcher.de\/wp-content\/uploads\/2015\/10\/Traumhochzeit-Landschaftspark-Duisburg-16-von-35-1024x683.jpg 1024w, https:\/\/www.melanie-melcher.de\/wp-content\/uploads\/2015\/10\/Traumhochzeit-Landschaftspark-Duisburg-16-von-35-300x200.jpg 300w\" sizes=\"auto, (max-width: 640px) 100vw, 640px\" \/><\/a>\n\t\t\t<\/dt><\/dl><br style=\"clear: both\" \/><dl class='gallery-item'>\n\t\t\t<dt class='gallery-icon portrait'>\n\t\t\t\t<a href='https:\/\/www.melanie-melcher.de\/index.php\/2015\/10\/04\/traumhochzeit-von-benni-und-manu-im-landschaftspark-duisburg\/traumhochzeit-landschaftspark-duisburg-17-von-35\/#main'><img loading=\"lazy\" decoding=\"async\" width=\"640\" height=\"960\" src=\"https:\/\/www.melanie-melcher.de\/wp-content\/uploads\/2015\/10\/Traumhochzeit-Landschaftspark-Duisburg-17-von-35-683x1024.jpg\" class=\"attachment-large size-large\" alt=\"\" srcset=\"https:\/\/www.melanie-melcher.de\/wp-content\/uploads\/2015\/10\/Traumhochzeit-Landschaftspark-Duisburg-17-von-35-683x1024.jpg 683w, https:\/\/www.melanie-melcher.de\/wp-content\/uploads\/2015\/10\/Traumhochzeit-Landschaftspark-Duisburg-17-von-35-200x300.jpg 200w\" sizes=\"auto, (max-width: 640px) 100vw, 640px\" \/><\/a>\n\t\t\t<\/dt><\/dl><br style=\"clear: both\" \/><dl class='gallery-item'>\n\t\t\t<dt class='gallery-icon portrait'>\n\t\t\t\t<a href='https:\/\/www.melanie-melcher.de\/index.php\/2015\/10\/04\/traumhochzeit-von-benni-und-manu-im-landschaftspark-duisburg\/traumhochzeit-landschaftspark-duisburg-18-von-35\/#main'><img loading=\"lazy\" decoding=\"async\" width=\"640\" height=\"960\" src=\"https:\/\/www.melanie-melcher.de\/wp-content\/uploads\/2015\/10\/Traumhochzeit-Landschaftspark-Duisburg-18-von-35-683x1024.jpg\" class=\"attachment-large size-large\" alt=\"\" srcset=\"https:\/\/www.melanie-melcher.de\/wp-content\/uploads\/2015\/10\/Traumhochzeit-Landschaftspark-Duisburg-18-von-35-683x1024.jpg 683w, https:\/\/www.melanie-melcher.de\/wp-content\/uploads\/2015\/10\/Traumhochzeit-Landschaftspark-Duisburg-18-von-35-200x300.jpg 200w\" sizes=\"auto, (max-width: 640px) 100vw, 640px\" \/><\/a>\n\t\t\t<\/dt><\/dl><br style=\"clear: both\" \/><dl class='gallery-item'>\n\t\t\t<dt class='gallery-icon portrait'>\n\t\t\t\t<a href='https:\/\/www.melanie-melcher.de\/index.php\/2015\/10\/04\/traumhochzeit-von-benni-und-manu-im-landschaftspark-duisburg\/traumhochzeit-landschaftspark-duisburg-19-von-35\/#main'><img loading=\"lazy\" decoding=\"async\" width=\"640\" height=\"960\" src=\"https:\/\/www.melanie-melcher.de\/wp-content\/uploads\/2015\/10\/Traumhochzeit-Landschaftspark-Duisburg-19-von-35-683x1024.jpg\" class=\"attachment-large size-large\" alt=\"\" srcset=\"https:\/\/www.melanie-melcher.de\/wp-content\/uploads\/2015\/10\/Traumhochzeit-Landschaftspark-Duisburg-19-von-35-683x1024.jpg 683w, https:\/\/www.melanie-melcher.de\/wp-content\/uploads\/2015\/10\/Traumhochzeit-Landschaftspark-Duisburg-19-von-35-200x300.jpg 200w\" sizes=\"auto, (max-width: 640px) 100vw, 640px\" \/><\/a>\n\t\t\t<\/dt><\/dl><br style=\"clear: both\" \/><dl class='gallery-item'>\n\t\t\t<dt class='gallery-icon portrait'>\n\t\t\t\t<a href='https:\/\/www.melanie-melcher.de\/index.php\/2015\/10\/04\/traumhochzeit-von-benni-und-manu-im-landschaftspark-duisburg\/traumhochzeit-landschaftspark-duisburg-20-von-35\/#main'><img loading=\"lazy\" decoding=\"async\" width=\"640\" height=\"960\" src=\"https:\/\/www.melanie-melcher.de\/wp-content\/uploads\/2015\/10\/Traumhochzeit-Landschaftspark-Duisburg-20-von-35-683x1024.jpg\" class=\"attachment-large size-large\" alt=\"\" srcset=\"https:\/\/www.melanie-melcher.de\/wp-content\/uploads\/2015\/10\/Traumhochzeit-Landschaftspark-Duisburg-20-von-35-683x1024.jpg 683w, https:\/\/www.melanie-melcher.de\/wp-content\/uploads\/2015\/10\/Traumhochzeit-Landschaftspark-Duisburg-20-von-35-200x300.jpg 200w\" sizes=\"auto, (max-width: 640px) 100vw, 640px\" \/><\/a>\n\t\t\t<\/dt><\/dl><br style=\"clear: both\" \/><dl class='gallery-item'>\n\t\t\t<dt class='gallery-icon landscape'>\n\t\t\t\t<a href='https:\/\/www.melanie-melcher.de\/index.php\/2015\/10\/04\/traumhochzeit-von-benni-und-manu-im-landschaftspark-duisburg\/traumhochzeit-landschaftspark-duisburg-21-von-35\/#main'><img loading=\"lazy\" decoding=\"async\" width=\"640\" height=\"427\" src=\"https:\/\/www.melanie-melcher.de\/wp-content\/uploads\/2015\/10\/Traumhochzeit-Landschaftspark-Duisburg-21-von-35-1024x683.jpg\" class=\"attachment-large size-large\" alt=\"\" srcset=\"https:\/\/www.melanie-melcher.de\/wp-content\/uploads\/2015\/10\/Traumhochzeit-Landschaftspark-Duisburg-21-von-35-1024x683.jpg 1024w, https:\/\/www.melanie-melcher.de\/wp-content\/uploads\/2015\/10\/Traumhochzeit-Landschaftspark-Duisburg-21-von-35-300x200.jpg 300w\" sizes=\"auto, (max-width: 640px) 100vw, 640px\" \/><\/a>\n\t\t\t<\/dt><\/dl><br style=\"clear: both\" \/><dl class='gallery-item'>\n\t\t\t<dt class='gallery-icon portrait'>\n\t\t\t\t<a href='https:\/\/www.melanie-melcher.de\/index.php\/2015\/10\/04\/traumhochzeit-von-benni-und-manu-im-landschaftspark-duisburg\/traumhochzeit-landschaftspark-duisburg-22-von-35\/#main'><img loading=\"lazy\" decoding=\"async\" width=\"640\" height=\"960\" src=\"https:\/\/www.melanie-melcher.de\/wp-content\/uploads\/2015\/10\/Traumhochzeit-Landschaftspark-Duisburg-22-von-35-683x1024.jpg\" class=\"attachment-large size-large\" alt=\"\" srcset=\"https:\/\/www.melanie-melcher.de\/wp-content\/uploads\/2015\/10\/Traumhochzeit-Landschaftspark-Duisburg-22-von-35-683x1024.jpg 683w, https:\/\/www.melanie-melcher.de\/wp-content\/uploads\/2015\/10\/Traumhochzeit-Landschaftspark-Duisburg-22-von-35-200x300.jpg 200w\" sizes=\"auto, (max-width: 640px) 100vw, 640px\" \/><\/a>\n\t\t\t<\/dt><\/dl><br style=\"clear: both\" \/><dl class='gallery-item'>\n\t\t\t<dt class='gallery-icon landscape'>\n\t\t\t\t<a href='https:\/\/www.melanie-melcher.de\/index.php\/2015\/10\/04\/traumhochzeit-von-benni-und-manu-im-landschaftspark-duisburg\/traumhochzeit-landschaftspark-duisburg-23-von-35\/#main'><img loading=\"lazy\" decoding=\"async\" width=\"640\" height=\"427\" src=\"https:\/\/www.melanie-melcher.de\/wp-content\/uploads\/2015\/10\/Traumhochzeit-Landschaftspark-Duisburg-23-von-35-1024x683.jpg\" class=\"attachment-large size-large\" alt=\"\" srcset=\"https:\/\/www.melanie-melcher.de\/wp-content\/uploads\/2015\/10\/Traumhochzeit-Landschaftspark-Duisburg-23-von-35-1024x683.jpg 1024w, https:\/\/www.melanie-melcher.de\/wp-content\/uploads\/2015\/10\/Traumhochzeit-Landschaftspark-Duisburg-23-von-35-300x200.jpg 300w\" sizes=\"auto, (max-width: 640px) 100vw, 640px\" \/><\/a>\n\t\t\t<\/dt><\/dl><br style=\"clear: both\" \/>\n\t\t<\/div>\n\n<p style=\"text-align: justify;\">Nach der Trauung ging es f\u00fcr die beiden zum Restaurant Renzis nach Duisburg-Baerl. W\u00e4hrend der Sektempfang er\u00f6ffnet wurde und die G\u00e4ste die zauberhafte Tischdecke bestaunten, ging es f\u00fcr uns drei zur Brautpaarsession in den Landschaftspark Duisburg. Hier tobe ich mich besonders gerne aus. Der Kontrast zwischen Hochzeit und Industrie ist einfach genial. Wir hatten m\u00e4chtig viel Spa\u00df und das Ergebnis kann sich sehen lassen.<\/p>\n\n\t\t<style type=\"text\/css\">\n\t\t\t#gallery-3 {\n\t\t\t\tmargin: auto;\n\t\t\t}\n\t\t\t#gallery-3 .gallery-item {\n\t\t\t\tfloat: left;\n\t\t\t\tmargin-top: 10px;\n\t\t\t\ttext-align: center;\n\t\t\t\twidth: 100%;\n\t\t\t}\n\t\t\t#gallery-3 img {\n\t\t\t\tborder: 2px solid #cfcfcf;\n\t\t\t}\n\t\t\t#gallery-3 .gallery-caption {\n\t\t\t\tmargin-left: 0;\n\t\t\t}\n\t\t\t\/* see gallery_shortcode() in wp-includes\/media.php *\/\n\t\t<\/style>\n\t\t<div id='gallery-3' class='gallery galleryid-185 gallery-columns-1 gallery-size-large'><dl class='gallery-item'>\n\t\t\t<dt class='gallery-icon landscape'>\n\t\t\t\t<a href='https:\/\/www.melanie-melcher.de\/index.php\/2015\/10\/04\/traumhochzeit-von-benni-und-manu-im-landschaftspark-duisburg\/traumhochzeit-landschaftspark-duisburg-24-von-35\/#main'><img loading=\"lazy\" decoding=\"async\" width=\"640\" height=\"427\" src=\"https:\/\/www.melanie-melcher.de\/wp-content\/uploads\/2015\/10\/Traumhochzeit-Landschaftspark-Duisburg-24-von-35-1024x683.jpg\" class=\"attachment-large size-large\" alt=\"\" srcset=\"https:\/\/www.melanie-melcher.de\/wp-content\/uploads\/2015\/10\/Traumhochzeit-Landschaftspark-Duisburg-24-von-35-1024x683.jpg 1024w, https:\/\/www.melanie-melcher.de\/wp-content\/uploads\/2015\/10\/Traumhochzeit-Landschaftspark-Duisburg-24-von-35-300x200.jpg 300w\" sizes=\"auto, (max-width: 640px) 100vw, 640px\" \/><\/a>\n\t\t\t<\/dt><\/dl><br style=\"clear: both\" \/><dl class='gallery-item'>\n\t\t\t<dt class='gallery-icon landscape'>\n\t\t\t\t<a href='https:\/\/www.melanie-melcher.de\/index.php\/2015\/10\/04\/traumhochzeit-von-benni-und-manu-im-landschaftspark-duisburg\/traumhochzeit-landschaftspark-duisburg-25-von-35\/#main'><img loading=\"lazy\" decoding=\"async\" width=\"640\" height=\"427\" src=\"https:\/\/www.melanie-melcher.de\/wp-content\/uploads\/2015\/10\/Traumhochzeit-Landschaftspark-Duisburg-25-von-35-1024x683.jpg\" class=\"attachment-large size-large\" alt=\"\" srcset=\"https:\/\/www.melanie-melcher.de\/wp-content\/uploads\/2015\/10\/Traumhochzeit-Landschaftspark-Duisburg-25-von-35-1024x683.jpg 1024w, https:\/\/www.melanie-melcher.de\/wp-content\/uploads\/2015\/10\/Traumhochzeit-Landschaftspark-Duisburg-25-von-35-300x200.jpg 300w\" sizes=\"auto, (max-width: 640px) 100vw, 640px\" \/><\/a>\n\t\t\t<\/dt><\/dl><br style=\"clear: both\" \/><dl class='gallery-item'>\n\t\t\t<dt class='gallery-icon portrait'>\n\t\t\t\t<a href='https:\/\/www.melanie-melcher.de\/index.php\/2015\/10\/04\/traumhochzeit-von-benni-und-manu-im-landschaftspark-duisburg\/traumhochzeit-landschaftspark-duisburg-26-von-35\/#main'><img loading=\"lazy\" decoding=\"async\" width=\"640\" height=\"960\" src=\"https:\/\/www.melanie-melcher.de\/wp-content\/uploads\/2015\/10\/Traumhochzeit-Landschaftspark-Duisburg-26-von-35-683x1024.jpg\" class=\"attachment-large size-large\" alt=\"\" srcset=\"https:\/\/www.melanie-melcher.de\/wp-content\/uploads\/2015\/10\/Traumhochzeit-Landschaftspark-Duisburg-26-von-35-683x1024.jpg 683w, https:\/\/www.melanie-melcher.de\/wp-content\/uploads\/2015\/10\/Traumhochzeit-Landschaftspark-Duisburg-26-von-35-200x300.jpg 200w\" sizes=\"auto, (max-width: 640px) 100vw, 640px\" \/><\/a>\n\t\t\t<\/dt><\/dl><br style=\"clear: both\" \/><dl class='gallery-item'>\n\t\t\t<dt class='gallery-icon landscape'>\n\t\t\t\t<a href='https:\/\/www.melanie-melcher.de\/index.php\/2015\/10\/04\/traumhochzeit-von-benni-und-manu-im-landschaftspark-duisburg\/traumhochzeit-landschaftspark-duisburg-27-von-35\/#main'><img loading=\"lazy\" decoding=\"async\" width=\"640\" height=\"427\" src=\"https:\/\/www.melanie-melcher.de\/wp-content\/uploads\/2015\/10\/Traumhochzeit-Landschaftspark-Duisburg-27-von-35-1024x683.jpg\" class=\"attachment-large size-large\" alt=\"\" srcset=\"https:\/\/www.melanie-melcher.de\/wp-content\/uploads\/2015\/10\/Traumhochzeit-Landschaftspark-Duisburg-27-von-35-1024x683.jpg 1024w, https:\/\/www.melanie-melcher.de\/wp-content\/uploads\/2015\/10\/Traumhochzeit-Landschaftspark-Duisburg-27-von-35-300x200.jpg 300w\" sizes=\"auto, (max-width: 640px) 100vw, 640px\" \/><\/a>\n\t\t\t<\/dt><\/dl><br style=\"clear: both\" \/><dl class='gallery-item'>\n\t\t\t<dt class='gallery-icon landscape'>\n\t\t\t\t<a href='https:\/\/www.melanie-melcher.de\/index.php\/2015\/10\/04\/traumhochzeit-von-benni-und-manu-im-landschaftspark-duisburg\/traumhochzeit-landschaftspark-duisburg-28-von-35\/#main'><img loading=\"lazy\" decoding=\"async\" width=\"640\" height=\"427\" src=\"https:\/\/www.melanie-melcher.de\/wp-content\/uploads\/2015\/10\/Traumhochzeit-Landschaftspark-Duisburg-28-von-35-1024x683.jpg\" class=\"attachment-large size-large\" alt=\"\" srcset=\"https:\/\/www.melanie-melcher.de\/wp-content\/uploads\/2015\/10\/Traumhochzeit-Landschaftspark-Duisburg-28-von-35-1024x683.jpg 1024w, https:\/\/www.melanie-melcher.de\/wp-content\/uploads\/2015\/10\/Traumhochzeit-Landschaftspark-Duisburg-28-von-35-300x200.jpg 300w\" sizes=\"auto, (max-width: 640px) 100vw, 640px\" \/><\/a>\n\t\t\t<\/dt><\/dl><br style=\"clear: both\" \/><dl class='gallery-item'>\n\t\t\t<dt class='gallery-icon portrait'>\n\t\t\t\t<a href='https:\/\/www.melanie-melcher.de\/index.php\/2015\/10\/04\/traumhochzeit-von-benni-und-manu-im-landschaftspark-duisburg\/traumhochzeit-landschaftspark-duisburg-29-von-35\/#main'><img loading=\"lazy\" decoding=\"async\" width=\"640\" height=\"960\" src=\"https:\/\/www.melanie-melcher.de\/wp-content\/uploads\/2015\/10\/Traumhochzeit-Landschaftspark-Duisburg-29-von-35-683x1024.jpg\" class=\"attachment-large size-large\" alt=\"\" srcset=\"https:\/\/www.melanie-melcher.de\/wp-content\/uploads\/2015\/10\/Traumhochzeit-Landschaftspark-Duisburg-29-von-35-683x1024.jpg 683w, https:\/\/www.melanie-melcher.de\/wp-content\/uploads\/2015\/10\/Traumhochzeit-Landschaftspark-Duisburg-29-von-35-200x300.jpg 200w\" sizes=\"auto, (max-width: 640px) 100vw, 640px\" \/><\/a>\n\t\t\t<\/dt><\/dl><br style=\"clear: both\" \/><dl class='gallery-item'>\n\t\t\t<dt class='gallery-icon landscape'>\n\t\t\t\t<a href='https:\/\/www.melanie-melcher.de\/index.php\/2015\/10\/04\/traumhochzeit-von-benni-und-manu-im-landschaftspark-duisburg\/traumhochzeit-landschaftspark-duisburg-30-von-35\/#main'><img loading=\"lazy\" decoding=\"async\" width=\"640\" height=\"427\" src=\"https:\/\/www.melanie-melcher.de\/wp-content\/uploads\/2015\/10\/Traumhochzeit-Landschaftspark-Duisburg-30-von-35-1024x683.jpg\" class=\"attachment-large size-large\" alt=\"\" srcset=\"https:\/\/www.melanie-melcher.de\/wp-content\/uploads\/2015\/10\/Traumhochzeit-Landschaftspark-Duisburg-30-von-35-1024x683.jpg 1024w, https:\/\/www.melanie-melcher.de\/wp-content\/uploads\/2015\/10\/Traumhochzeit-Landschaftspark-Duisburg-30-von-35-300x200.jpg 300w\" sizes=\"auto, (max-width: 640px) 100vw, 640px\" \/><\/a>\n\t\t\t<\/dt><\/dl><br style=\"clear: both\" \/><dl class='gallery-item'>\n\t\t\t<dt class='gallery-icon landscape'>\n\t\t\t\t<a href='https:\/\/www.melanie-melcher.de\/index.php\/2015\/10\/04\/traumhochzeit-von-benni-und-manu-im-landschaftspark-duisburg\/traumhochzeit-landschaftspark-duisburg-31-von-35\/#main'><img loading=\"lazy\" decoding=\"async\" width=\"640\" height=\"427\" src=\"https:\/\/www.melanie-melcher.de\/wp-content\/uploads\/2015\/10\/Traumhochzeit-Landschaftspark-Duisburg-31-von-35-1024x683.jpg\" class=\"attachment-large size-large\" alt=\"\" srcset=\"https:\/\/www.melanie-melcher.de\/wp-content\/uploads\/2015\/10\/Traumhochzeit-Landschaftspark-Duisburg-31-von-35-1024x683.jpg 1024w, https:\/\/www.melanie-melcher.de\/wp-content\/uploads\/2015\/10\/Traumhochzeit-Landschaftspark-Duisburg-31-von-35-300x200.jpg 300w\" sizes=\"auto, (max-width: 640px) 100vw, 640px\" \/><\/a>\n\t\t\t<\/dt><\/dl><br style=\"clear: both\" \/><dl class='gallery-item'>\n\t\t\t<dt class='gallery-icon landscape'>\n\t\t\t\t<a href='https:\/\/www.melanie-melcher.de\/index.php\/2015\/10\/04\/traumhochzeit-von-benni-und-manu-im-landschaftspark-duisburg\/traumhochzeit-landschaftspark-duisburg-32-von-35\/#main'><img loading=\"lazy\" decoding=\"async\" width=\"640\" height=\"427\" src=\"https:\/\/www.melanie-melcher.de\/wp-content\/uploads\/2015\/10\/Traumhochzeit-Landschaftspark-Duisburg-32-von-35-1024x683.jpg\" class=\"attachment-large size-large\" alt=\"\" srcset=\"https:\/\/www.melanie-melcher.de\/wp-content\/uploads\/2015\/10\/Traumhochzeit-Landschaftspark-Duisburg-32-von-35-1024x683.jpg 1024w, https:\/\/www.melanie-melcher.de\/wp-content\/uploads\/2015\/10\/Traumhochzeit-Landschaftspark-Duisburg-32-von-35-300x200.jpg 300w\" sizes=\"auto, (max-width: 640px) 100vw, 640px\" \/><\/a>\n\t\t\t<\/dt><\/dl><br style=\"clear: both\" \/><dl class='gallery-item'>\n\t\t\t<dt class='gallery-icon portrait'>\n\t\t\t\t<a href='https:\/\/www.melanie-melcher.de\/index.php\/2015\/10\/04\/traumhochzeit-von-benni-und-manu-im-landschaftspark-duisburg\/traumhochzeit-landschaftspark-duisburg-33-von-35\/#main'><img loading=\"lazy\" decoding=\"async\" width=\"640\" height=\"960\" src=\"https:\/\/www.melanie-melcher.de\/wp-content\/uploads\/2015\/10\/Traumhochzeit-Landschaftspark-Duisburg-33-von-35-683x1024.jpg\" class=\"attachment-large size-large\" alt=\"\" srcset=\"https:\/\/www.melanie-melcher.de\/wp-content\/uploads\/2015\/10\/Traumhochzeit-Landschaftspark-Duisburg-33-von-35-683x1024.jpg 683w, https:\/\/www.melanie-melcher.de\/wp-content\/uploads\/2015\/10\/Traumhochzeit-Landschaftspark-Duisburg-33-von-35-200x300.jpg 200w\" sizes=\"auto, (max-width: 640px) 100vw, 640px\" \/><\/a>\n\t\t\t<\/dt><\/dl><br style=\"clear: both\" \/><dl class='gallery-item'>\n\t\t\t<dt class='gallery-icon landscape'>\n\t\t\t\t<a href='https:\/\/www.melanie-melcher.de\/index.php\/2015\/10\/04\/traumhochzeit-von-benni-und-manu-im-landschaftspark-duisburg\/traumhochzeit-landschaftspark-duisburg-34-von-35\/#main'><img loading=\"lazy\" decoding=\"async\" width=\"640\" height=\"427\" src=\"https:\/\/www.melanie-melcher.de\/wp-content\/uploads\/2015\/10\/Traumhochzeit-Landschaftspark-Duisburg-34-von-35-1024x683.jpg\" class=\"attachment-large size-large\" alt=\"\" srcset=\"https:\/\/www.melanie-melcher.de\/wp-content\/uploads\/2015\/10\/Traumhochzeit-Landschaftspark-Duisburg-34-von-35-1024x683.jpg 1024w, https:\/\/www.melanie-melcher.de\/wp-content\/uploads\/2015\/10\/Traumhochzeit-Landschaftspark-Duisburg-34-von-35-300x200.jpg 300w\" sizes=\"auto, (max-width: 640px) 100vw, 640px\" \/><\/a>\n\t\t\t<\/dt><\/dl><br style=\"clear: both\" \/><dl class='gallery-item'>\n\t\t\t<dt class='gallery-icon landscape'>\n\t\t\t\t<a href='https:\/\/www.melanie-melcher.de\/index.php\/2015\/10\/04\/traumhochzeit-von-benni-und-manu-im-landschaftspark-duisburg\/traumhochzeit-landschaftspark-duisburg-35-von-35\/#main'><img loading=\"lazy\" decoding=\"async\" width=\"640\" height=\"427\" src=\"https:\/\/www.melanie-melcher.de\/wp-content\/uploads\/2015\/10\/Traumhochzeit-Landschaftspark-Duisburg-35-von-35-1024x683.jpg\" class=\"attachment-large size-large\" alt=\"\" srcset=\"https:\/\/www.melanie-melcher.de\/wp-content\/uploads\/2015\/10\/Traumhochzeit-Landschaftspark-Duisburg-35-von-35-1024x683.jpg 1024w, https:\/\/www.melanie-melcher.de\/wp-content\/uploads\/2015\/10\/Traumhochzeit-Landschaftspark-Duisburg-35-von-35-300x200.jpg 300w\" sizes=\"auto, (max-width: 640px) 100vw, 640px\" \/><\/a>\n\t\t\t<\/dt><\/dl><br style=\"clear: both\" \/>\n\t\t<\/div>\n\n<p>&nbsp;<\/p>\n","protected":false},"excerpt":{"rendered":"<p>Es gibt Menschen die sind einem von der ersten Sekunde so sympathisch, dass man meint sie schon ewig zu kennen. So geschehen bei Benni und Manu. Im Oktober 2014 lernten wir uns auf der Hochzeitsmesse im Kamper Hof in Rheinberg kennen. Nach 10 Minuten Gespr\u00e4ch waren wir uns sicher, dass es eine gute Idee w\u00e4re, [&hellip;]<\/p>\n","protected":false},"author":1,"featured_media":374,"comment_status":"open","ping_status":"open","sticky":false,"template":"","format":"standard","meta":{"footnotes":""},"categories":[7],"tags":[15,25,14,17,39,41,40,16],"class_list":["post-185","post","type-post","status-publish","format-standard","has-post-thumbnail","hentry","category-wedding","tag-duisburg","tag-fotografie","tag-hochzeit","tag-hochzeitsfotograf","tag-hochzeitsfotografin","tag-industrie","tag-kirche","tag-landschaftspark"],"_links":{"self":[{"href":"https:\/\/www.melanie-melcher.de\/index.php\/wp-json\/wp\/v2\/posts\/185","targetHints":{"allow":["GET"]}}],"collection":[{"href":"https:\/\/www.melanie-melcher.de\/index.php\/wp-json\/wp\/v2\/posts"}],"about":[{"href":"https:\/\/www.melanie-melcher.de\/index.php\/wp-json\/wp\/v2\/types\/post"}],"author":[{"embeddable":true,"href":"https:\/\/www.melanie-melcher.de\/index.php\/wp-json\/wp\/v2\/users\/1"}],"replies":[{"embeddable":true,"href":"https:\/\/www.melanie-melcher.de\/index.php\/wp-json\/wp\/v2\/comments?post=185"}],"version-history":[{"count":10,"href":"https:\/\/www.melanie-melcher.de\/index.php\/wp-json\/wp\/v2\/posts\/185\/revisions"}],"predecessor-version":[{"id":665,"href":"https:\/\/www.melanie-melcher.de\/index.php\/wp-json\/wp\/v2\/posts\/185\/revisions\/665"}],"wp:featuredmedia":[{"embeddable":true,"href":"https:\/\/www.melanie-melcher.de\/index.php\/wp-json\/wp\/v2\/media\/374"}],"wp:attachment":[{"href":"https:\/\/www.melanie-melcher.de\/index.php\/wp-json\/wp\/v2\/media?parent=185"}],"wp:term":[{"taxonomy":"category","embeddable":true,"href":"https:\/\/www.melanie-melcher.de\/index.php\/wp-json\/wp\/v2\/categories?post=185"},{"taxonomy":"post_tag","embeddable":true,"href":"https:\/\/www.melanie-melcher.de\/index.php\/wp-json\/wp\/v2\/tags?post=185"}],"curies":[{"name":"wp","href":"https:\/\/api.w.org\/{rel}","templated":true}]}}