{"id":1909,"date":"2016-05-30T22:47:44","date_gmt":"2016-05-30T20:47:44","guid":{"rendered":"http:\/\/www.melanie-melcher.de\/?p=1909"},"modified":"2021-02-01T10:18:45","modified_gmt":"2021-02-01T09:18:45","slug":"hochzeitsreportage-duisburg-orsoy","status":"publish","type":"post","link":"https:\/\/www.melanie-melcher.de\/index.php\/2016\/05\/30\/hochzeitsreportage-duisburg-orsoy\/","title":{"rendered":"Hochzeitsreportage in Rheinberg Orsoy"},"content":{"rendered":"<p class=\"highlight1\">Deine St\u00e4rke ist mein Halt.<br \/>\nDein Halt ist meine Kraft.<br \/>\nDeine Kraft ist mein Antrieb.<br \/>\nDein Antrieb ist meine Zuversicht.<br \/>\nDeine Zuversicht ist meine Hoffnung.<br \/>\nDeine Hoffnung ist meine Hoffnung.<br \/>\nDein Herz ist mein Herz.<br \/>\nDein Leben ist mein Leben.<br \/>\nDeine Liebe ist meine Liebe.<\/p>\n<p>Diego Armando<\/p>\n<div><\/div>\n<div>Beim Lesen dieses Gedichtes musste ich an eines meiner Brautpaare denken, welches ich euch heute vorstellen m\u00f6chte: Frauke und Lars. Wir begegneten uns auf der Hochzeitsmesse in Duisburg Rheinhausen und nach einem pers\u00f6nlichen Kennenlernen in meinem kleinen Fotostudio war klar, dass ich die beiden an ihrem grossen Tag im Mai als Fotografin begleiten werde. Schon in unserem Kennenlerngespr\u00e4ch haben die beiden mich fasziniert. Wirkten sie erst einmal unterschiedlicher wie kaum m\u00f6glich, entdecke ich recht schnell, wie gut die beiden sich erg\u00e4nzen und das sie gemeinsam perfekt harmonieren. Sie entschieden sich f\u00fcr eine Halbtagsreportage ihrer Hochzeit und so starteten wir vor Beginn der Trauung. Treffpunkt war die St. Nikolauskirche in Rheinberg\u00a0Orsoy. Das Wetter meinte es besonders gut mit uns und so konnten wir &#8211; bei wunderbar warmen Temperaturen &#8211; die strahlende Sonne geniessen. Die eintreffenden G\u00e4ste fanden sich schnell in der schmucken Kirche ein und der \u201eetwas\u201c nerv\u00f6se Br\u00e4utigam wartete tapfer auf seine Braut. Diese kam p\u00fcnktlich zu Traubeginn an Papas Arm zur Kirche gelaufen und strahlte mit der Sonne um die Wette. Der zust\u00e4ndige Pastor hielt eine wunderbare und sehr humorvolle Predigt, die alle Anwesenden immer wieder zu Tr\u00e4nen r\u00fchrte. Die Stimmung war einfach wunderbar herzlich und so verging die Zeit mit den vielen kleinen Anekdoten wie im Flug.<\/div>\n<div>Im Anschluss an die Trauung wurde kr\u00e4ftig gratuliert, geherzt und gelacht &#8211; es flogen K\u00fcsschen und Umarmungen. Auf der Wiese vor der Kirche war genug Platz f\u00fcr die Familienfotos. Von da aus begleitete ich das Brautpaar zu seiner pers\u00f6nlichen Auszeit; dem Brautpaarshooting. Als Location war eigentlich der Rheinpark in Duisburg Hochfeld geplant, jedoch konnte aufgrund einer Sperrung der Rheinbr\u00fccke nicht garantiert werden, dass die beiden rechtzeitig zum Sektempfang in ihrer Location ankommen w\u00fcrden. Daher entschieden wir uns zum Toeppersee nach Duisburg Rumeln-Kaldenhausen zu fahren. Hier konnten die beiden fernab des Trubels ihre Zweisamkeit und das neu gewonnene Gef\u00fchl von verheiratet sein geniessen. Im Anschluss fuhren wir zum Hotel Schwarzer Adler in Moers, wo die G\u00e4ste bereits mit Sekt bewaffnet auf Frauke und Lars warteten. Ich danke euch beiden f\u00fcr euer Vertrauen und freue mich, dass ich als eure Hochzeitsfotografin dabei sein durfte. Es war toll euch wieder zu sehen und noch mehr freut mich, dass euch das Ergebnis gef\u00e4llt. Ich w\u00fcnsche euch eine wunderbare gemeinsame Zukunft.<\/div>\n<div><\/div>\n<div>\u00a0<div class=\"gmedia_gallery mosaic_module is_bot\" id=\"GmediaGallery_68\" data-gmid=\"68\" data-module=\"mosaic\"><style class='gmedia_module_style_import'>@import url('https:\/\/www.melanie-melcher.de\/wp-content\/grand-media\/module\/mosaic\/css\/mosaic.css?v=2.16') all;<\/style>\t<div class=\"gmMosaic_Container noLightbox\" data-gmid=\"68\">\t\t<noscript><a href='https:\/\/www.melanie-melcher.de\/wp-content\/grand-media\/image\/Hochzeitsfotografie_-_Melanie_Melcher-63.jpg'><img class=\"noLazy\" src='https:\/\/www.melanie-melcher.de\/wp-content\/grand-media\/image\/thumb\/Hochzeitsfotografie_-_Melanie_Melcher-63.jpg' alt='Hochzeitsfotografie - Melanie Melcher-63' \/><\/a><a href='https:\/\/www.melanie-melcher.de\/wp-content\/grand-media\/image\/Hochzeitsfotografie_-_Melanie_Melcher-313.jpg'><img class=\"noLazy\" src='https:\/\/www.melanie-melcher.de\/wp-content\/grand-media\/image\/thumb\/Hochzeitsfotografie_-_Melanie_Melcher-313.jpg' alt='Hochzeitsfotografie - Melanie Melcher-313' \/><\/a><a href='https:\/\/www.melanie-melcher.de\/wp-content\/grand-media\/image\/Hochzeitsfotografie_-_Melanie_Melcher-197.jpg'><img class=\"noLazy\" src='https:\/\/www.melanie-melcher.de\/wp-content\/grand-media\/image\/thumb\/Hochzeitsfotografie_-_Melanie_Melcher-197.jpg' alt='Hochzeitsfotografie - Melanie Melcher-197' \/><\/a><a href='https:\/\/www.melanie-melcher.de\/wp-content\/grand-media\/image\/Hochzeitsfotografie_-_Melanie_Melcher-95.jpg'><img class=\"noLazy\" src='https:\/\/www.melanie-melcher.de\/wp-content\/grand-media\/image\/thumb\/Hochzeitsfotografie_-_Melanie_Melcher-95.jpg' alt='Hochzeitsfotografie - Melanie Melcher-95' \/><\/a><a href='https:\/\/www.melanie-melcher.de\/wp-content\/grand-media\/image\/Hochzeitsfotografie_-_Melanie_Melcher-142.jpg'><img class=\"noLazy\" src='https:\/\/www.melanie-melcher.de\/wp-content\/grand-media\/image\/thumb\/Hochzeitsfotografie_-_Melanie_Melcher-142.jpg' alt='Hochzeitsfotografie - Melanie Melcher-142' \/><\/a><a href='https:\/\/www.melanie-melcher.de\/wp-content\/grand-media\/image\/Hochzeitsfotografie_-_Melanie_Melcher-80.jpg'><img class=\"noLazy\" src='https:\/\/www.melanie-melcher.de\/wp-content\/grand-media\/image\/thumb\/Hochzeitsfotografie_-_Melanie_Melcher-80.jpg' alt='Hochzeitsfotografie - Melanie Melcher-80' \/><\/a><a href='https:\/\/www.melanie-melcher.de\/wp-content\/grand-media\/image\/Hochzeitsfotografie_-_Melanie_Melcher-160.jpg'><img class=\"noLazy\" src='https:\/\/www.melanie-melcher.de\/wp-content\/grand-media\/image\/thumb\/Hochzeitsfotografie_-_Melanie_Melcher-160.jpg' alt='Hochzeitsfotografie - Melanie Melcher-160' \/><\/a><a href='https:\/\/www.melanie-melcher.de\/wp-content\/grand-media\/image\/Hochzeitsfotografie_-_Melanie_Melcher-12.jpg'><img class=\"noLazy\" src='https:\/\/www.melanie-melcher.de\/wp-content\/grand-media\/image\/thumb\/Hochzeitsfotografie_-_Melanie_Melcher-12.jpg' alt='Hochzeitsfotografie - Melanie Melcher-12' \/><\/a><a href='https:\/\/www.melanie-melcher.de\/wp-content\/grand-media\/image\/Hochzeitsfotografie_-_Melanie_Melcher-99.jpg'><img class=\"noLazy\" src='https:\/\/www.melanie-melcher.de\/wp-content\/grand-media\/image\/thumb\/Hochzeitsfotografie_-_Melanie_Melcher-99.jpg' alt='Hochzeitsfotografie - Melanie Melcher-99' \/><\/a><a href='https:\/\/www.melanie-melcher.de\/wp-content\/grand-media\/image\/Hochzeitsfotografie_-_Melanie_Melcher-216.jpg'><img class=\"noLazy\" src='https:\/\/www.melanie-melcher.de\/wp-content\/grand-media\/image\/thumb\/Hochzeitsfotografie_-_Melanie_Melcher-216.jpg' alt='Hochzeitsfotografie - Melanie Melcher-216' \/><\/a><a href='https:\/\/www.melanie-melcher.de\/wp-content\/grand-media\/image\/Hochzeitsfotografie_-_Melanie_Melcher-91.jpg'><img class=\"noLazy\" src='https:\/\/www.melanie-melcher.de\/wp-content\/grand-media\/image\/thumb\/Hochzeitsfotografie_-_Melanie_Melcher-91.jpg' alt='Hochzeitsfotografie - Melanie Melcher-91' \/><\/a><a href='https:\/\/www.melanie-melcher.de\/wp-content\/grand-media\/image\/Hochzeitsfotografie_-_Melanie_Melcher-169.jpg'><img class=\"noLazy\" src='https:\/\/www.melanie-melcher.de\/wp-content\/grand-media\/image\/thumb\/Hochzeitsfotografie_-_Melanie_Melcher-169.jpg' alt='Hochzeitsfotografie - Melanie Melcher-169' \/><\/a><a href='https:\/\/www.melanie-melcher.de\/wp-content\/grand-media\/image\/Hochzeitsfotografie_-_Melanie_Melcher-31.jpg'><img class=\"noLazy\" src='https:\/\/www.melanie-melcher.de\/wp-content\/grand-media\/image\/thumb\/Hochzeitsfotografie_-_Melanie_Melcher-31.jpg' alt='Hochzeitsfotografie - Melanie Melcher-31' \/><\/a><a href='https:\/\/www.melanie-melcher.de\/wp-content\/grand-media\/image\/Hochzeitsfotografie_-_Melanie_Melcher-120.jpg'><img class=\"noLazy\" src='https:\/\/www.melanie-melcher.de\/wp-content\/grand-media\/image\/thumb\/Hochzeitsfotografie_-_Melanie_Melcher-120.jpg' alt='Hochzeitsfotografie - Melanie Melcher-120' \/><\/a><a href='https:\/\/www.melanie-melcher.de\/wp-content\/grand-media\/image\/Hochzeitsfotografie_-_Melanie_Melcher-236.jpg'><img class=\"noLazy\" src='https:\/\/www.melanie-melcher.de\/wp-content\/grand-media\/image\/thumb\/Hochzeitsfotografie_-_Melanie_Melcher-236.jpg' alt='Hochzeitsfotografie - Melanie Melcher-236' \/><\/a><a href='https:\/\/www.melanie-melcher.de\/wp-content\/grand-media\/image\/Hochzeitsfotografie_-_Melanie_Melcher-250.jpg'><img class=\"noLazy\" src='https:\/\/www.melanie-melcher.de\/wp-content\/grand-media\/image\/thumb\/Hochzeitsfotografie_-_Melanie_Melcher-250.jpg' alt='Hochzeitsfotografie - Melanie Melcher-250' \/><\/a><a href='https:\/\/www.melanie-melcher.de\/wp-content\/grand-media\/image\/Hochzeitsfotografie_-_Melanie_Melcher-39.jpg'><img class=\"noLazy\" src='https:\/\/www.melanie-melcher.de\/wp-content\/grand-media\/image\/thumb\/Hochzeitsfotografie_-_Melanie_Melcher-39.jpg' alt='Hochzeitsfotografie - Melanie Melcher-39' \/><\/a><a href='https:\/\/www.melanie-melcher.de\/wp-content\/grand-media\/image\/Hochzeitsfotografie_-_Melanie_Melcher-88.jpg'><img class=\"noLazy\" src='https:\/\/www.melanie-melcher.de\/wp-content\/grand-media\/image\/thumb\/Hochzeitsfotografie_-_Melanie_Melcher-88.jpg' alt='Hochzeitsfotografie - Melanie Melcher-88' \/><\/a><a href='https:\/\/www.melanie-melcher.de\/wp-content\/grand-media\/image\/Hochzeitsfotografie_-_Melanie_Melcher-71.jpg'><img class=\"noLazy\" src='https:\/\/www.melanie-melcher.de\/wp-content\/grand-media\/image\/thumb\/Hochzeitsfotografie_-_Melanie_Melcher-71.jpg' alt='Hochzeitsfotografie - Melanie Melcher-71' \/><\/a><a href='https:\/\/www.melanie-melcher.de\/wp-content\/grand-media\/image\/Hochzeitsfotografie_-_Melanie_Melcher-129.jpg'><img class=\"noLazy\" src='https:\/\/www.melanie-melcher.de\/wp-content\/grand-media\/image\/thumb\/Hochzeitsfotografie_-_Melanie_Melcher-129.jpg' alt='Hochzeitsfotografie - Melanie Melcher-129' \/><\/a><a href='https:\/\/www.melanie-melcher.de\/wp-content\/grand-media\/image\/Hochzeitsfotografie_-_Melanie_Melcher-75.jpg'><img class=\"noLazy\" src='https:\/\/www.melanie-melcher.de\/wp-content\/grand-media\/image\/thumb\/Hochzeitsfotografie_-_Melanie_Melcher-75.jpg' alt='Hochzeitsfotografie - Melanie Melcher-75' \/><\/a><a href='https:\/\/www.melanie-melcher.de\/wp-content\/grand-media\/image\/Hochzeitsfotografie_-_Melanie_Melcher-158.jpg'><img class=\"noLazy\" src='https:\/\/www.melanie-melcher.de\/wp-content\/grand-media\/image\/thumb\/Hochzeitsfotografie_-_Melanie_Melcher-158.jpg' alt='Hochzeitsfotografie - Melanie Melcher-158' \/><\/a><a href='https:\/\/www.melanie-melcher.de\/wp-content\/grand-media\/image\/Hochzeitsfotografie_-_Melanie_Melcher-152.jpg'><img class=\"noLazy\" src='https:\/\/www.melanie-melcher.de\/wp-content\/grand-media\/image\/thumb\/Hochzeitsfotografie_-_Melanie_Melcher-152.jpg' alt='Hochzeitsfotografie - Melanie Melcher-152' \/><\/a><a href='https:\/\/www.melanie-melcher.de\/wp-content\/grand-media\/image\/Hochzeitsfotografie_-_Melanie_Melcher-212.jpg'><img class=\"noLazy\" src='https:\/\/www.melanie-melcher.de\/wp-content\/grand-media\/image\/thumb\/Hochzeitsfotografie_-_Melanie_Melcher-212.jpg' alt='Hochzeitsfotografie - Melanie Melcher-212' \/><\/a><a href='https:\/\/www.melanie-melcher.de\/wp-content\/grand-media\/image\/Hochzeitsfotografie_-_Melanie_Melcher-123.jpg'><img class=\"noLazy\" src='https:\/\/www.melanie-melcher.de\/wp-content\/grand-media\/image\/thumb\/Hochzeitsfotografie_-_Melanie_Melcher-123.jpg' alt='Hochzeitsfotografie - Melanie Melcher-123' \/><\/a><a href='https:\/\/www.melanie-melcher.de\/wp-content\/grand-media\/image\/Hochzeitsfotografie_-_Melanie_Melcher-299.jpg'><img class=\"noLazy\" src='https:\/\/www.melanie-melcher.de\/wp-content\/grand-media\/image\/thumb\/Hochzeitsfotografie_-_Melanie_Melcher-299.jpg' alt='Hochzeitsfotografie - Melanie Melcher-299' \/><\/a><a href='https:\/\/www.melanie-melcher.de\/wp-content\/grand-media\/image\/Hochzeitsfotografie_-_Melanie_Melcher-69.jpg'><img class=\"noLazy\" src='https:\/\/www.melanie-melcher.de\/wp-content\/grand-media\/image\/thumb\/Hochzeitsfotografie_-_Melanie_Melcher-69.jpg' alt='Hochzeitsfotografie - Melanie Melcher-69' \/><\/a><a href='https:\/\/www.melanie-melcher.de\/wp-content\/grand-media\/image\/Hochzeitsfotografie_-_Melanie_Melcher-286.jpg'><img class=\"noLazy\" src='https:\/\/www.melanie-melcher.de\/wp-content\/grand-media\/image\/thumb\/Hochzeitsfotografie_-_Melanie_Melcher-286.jpg' alt='Hochzeitsfotografie - Melanie Melcher-286' \/><\/a><a href='https:\/\/www.melanie-melcher.de\/wp-content\/grand-media\/image\/Hochzeitsfotografie_-_Melanie_Melcher-11.jpg'><img class=\"noLazy\" src='https:\/\/www.melanie-melcher.de\/wp-content\/grand-media\/image\/thumb\/Hochzeitsfotografie_-_Melanie_Melcher-11.jpg' alt='Hochzeitsfotografie - Melanie Melcher-11' \/><\/a><a href='https:\/\/www.melanie-melcher.de\/wp-content\/grand-media\/image\/Hochzeitsfotografie_-_Melanie_Melcher-137.jpg'><img class=\"noLazy\" src='https:\/\/www.melanie-melcher.de\/wp-content\/grand-media\/image\/thumb\/Hochzeitsfotografie_-_Melanie_Melcher-137.jpg' alt='Hochzeitsfotografie - Melanie Melcher-137' \/><\/a><a href='https:\/\/www.melanie-melcher.de\/wp-content\/grand-media\/image\/Hochzeitsfotografie_-_Melanie_Melcher-115.jpg'><img class=\"noLazy\" src='https:\/\/www.melanie-melcher.de\/wp-content\/grand-media\/image\/thumb\/Hochzeitsfotografie_-_Melanie_Melcher-115.jpg' alt='Hochzeitsfotografie - Melanie Melcher-115' \/><\/a><a href='https:\/\/www.melanie-melcher.de\/wp-content\/grand-media\/image\/Hochzeitsfotografie_-_Melanie_Melcher-52.jpg'><img class=\"noLazy\" src='https:\/\/www.melanie-melcher.de\/wp-content\/grand-media\/image\/thumb\/Hochzeitsfotografie_-_Melanie_Melcher-52.jpg' alt='Hochzeitsfotografie - Melanie Melcher-52' \/><\/a><a href='https:\/\/www.melanie-melcher.de\/wp-content\/grand-media\/image\/Hochzeitsfotografie_-_Melanie_Melcher-310.jpg'><img class=\"noLazy\" src='https:\/\/www.melanie-melcher.de\/wp-content\/grand-media\/image\/thumb\/Hochzeitsfotografie_-_Melanie_Melcher-310.jpg' alt='Hochzeitsfotografie - Melanie Melcher-310' \/><\/a><a href='https:\/\/www.melanie-melcher.de\/wp-content\/grand-media\/image\/Hochzeitsfotografie_-_Melanie_Melcher-27.jpg'><img class=\"noLazy\" src='https:\/\/www.melanie-melcher.de\/wp-content\/grand-media\/image\/thumb\/Hochzeitsfotografie_-_Melanie_Melcher-27.jpg' alt='Hochzeitsfotografie - Melanie Melcher-27' \/><\/a><a href='https:\/\/www.melanie-melcher.de\/wp-content\/grand-media\/image\/Hochzeitsfotografie_-_Melanie_Melcher-185.jpg'><img class=\"noLazy\" src='https:\/\/www.melanie-melcher.de\/wp-content\/grand-media\/image\/thumb\/Hochzeitsfotografie_-_Melanie_Melcher-185.jpg' alt='Hochzeitsfotografie - Melanie Melcher-185' \/><\/a><a href='https:\/\/www.melanie-melcher.de\/wp-content\/grand-media\/image\/Hochzeitsfotografie_-_Melanie_Melcher-23.jpg'><img class=\"noLazy\" src='https:\/\/www.melanie-melcher.de\/wp-content\/grand-media\/image\/thumb\/Hochzeitsfotografie_-_Melanie_Melcher-23.jpg' alt='Hochzeitsfotografie - Melanie Melcher-23' \/><\/a><a href='https:\/\/www.melanie-melcher.de\/wp-content\/grand-media\/image\/Hochzeitsfotografie_-_Melanie_Melcher-247.jpg'><img class=\"noLazy\" src='https:\/\/www.melanie-melcher.de\/wp-content\/grand-media\/image\/thumb\/Hochzeitsfotografie_-_Melanie_Melcher-247.jpg' alt='Hochzeitsfotografie - Melanie Melcher-247' \/><\/a><a href='https:\/\/www.melanie-melcher.de\/wp-content\/grand-media\/image\/Hochzeitsfotografie_-_Melanie_Melcher-285.jpg'><img class=\"noLazy\" src='https:\/\/www.melanie-melcher.de\/wp-content\/grand-media\/image\/thumb\/Hochzeitsfotografie_-_Melanie_Melcher-285.jpg' alt='Hochzeitsfotografie - Melanie Melcher-285' \/><\/a><a href='https:\/\/www.melanie-melcher.de\/wp-content\/grand-media\/image\/Hochzeitsfotografie_-_Melanie_Melcher-65.jpg'><img class=\"noLazy\" src='https:\/\/www.melanie-melcher.de\/wp-content\/grand-media\/image\/thumb\/Hochzeitsfotografie_-_Melanie_Melcher-65.jpg' alt='Hochzeitsfotografie - Melanie Melcher-65' \/><\/a><a href='https:\/\/www.melanie-melcher.de\/wp-content\/grand-media\/image\/Hochzeitsfotografie_-_Melanie_Melcher-208.jpg'><img class=\"noLazy\" src='https:\/\/www.melanie-melcher.de\/wp-content\/grand-media\/image\/thumb\/Hochzeitsfotografie_-_Melanie_Melcher-208.jpg' alt='Hochzeitsfotografie - Melanie Melcher-208' \/><\/a><a href='https:\/\/www.melanie-melcher.de\/wp-content\/grand-media\/image\/Hochzeitsfotografie_-_Melanie_Melcher-4.jpg'><img class=\"noLazy\" src='https:\/\/www.melanie-melcher.de\/wp-content\/grand-media\/image\/thumb\/Hochzeitsfotografie_-_Melanie_Melcher-4.jpg' alt='Hochzeitsfotografie - Melanie Melcher-4' \/><\/a><a href='https:\/\/www.melanie-melcher.de\/wp-content\/grand-media\/image\/Hochzeitsfotografie_-_Melanie_Melcher-231.jpg'><img class=\"noLazy\" src='https:\/\/www.melanie-melcher.de\/wp-content\/grand-media\/image\/thumb\/Hochzeitsfotografie_-_Melanie_Melcher-231.jpg' alt='Hochzeitsfotografie - Melanie Melcher-231' \/><\/a><a href='https:\/\/www.melanie-melcher.de\/wp-content\/grand-media\/image\/Hochzeitsfotografie_-_Melanie_Melcher-62.jpg'><img class=\"noLazy\" src='https:\/\/www.melanie-melcher.de\/wp-content\/grand-media\/image\/thumb\/Hochzeitsfotografie_-_Melanie_Melcher-62.jpg' alt='Hochzeitsfotografie - Melanie Melcher-62' \/><\/a><a href='https:\/\/www.melanie-melcher.de\/wp-content\/grand-media\/image\/Hochzeitsfotografie_-_Melanie_Melcher-57.jpg'><img class=\"noLazy\" src='https:\/\/www.melanie-melcher.de\/wp-content\/grand-media\/image\/thumb\/Hochzeitsfotografie_-_Melanie_Melcher-57.jpg' alt='Hochzeitsfotografie - Melanie Melcher-57' \/><\/a><a href='https:\/\/www.melanie-melcher.de\/wp-content\/grand-media\/image\/Hochzeitsfotografie_-_Melanie_Melcher-6.jpg'><img class=\"noLazy\" src='https:\/\/www.melanie-melcher.de\/wp-content\/grand-media\/image\/thumb\/Hochzeitsfotografie_-_Melanie_Melcher-6.jpg' alt='Hochzeitsfotografie - Melanie Melcher-6' \/><\/a><a href='https:\/\/www.melanie-melcher.de\/wp-content\/grand-media\/image\/Hochzeitsfotografie_-_Melanie_Melcher-300.jpg'><img class=\"noLazy\" src='https:\/\/www.melanie-melcher.de\/wp-content\/grand-media\/image\/thumb\/Hochzeitsfotografie_-_Melanie_Melcher-300.jpg' alt='Hochzeitsfotografie - Melanie Melcher-300' \/><\/a><a href='https:\/\/www.melanie-melcher.de\/wp-content\/grand-media\/image\/Hochzeitsfotografie_-_Melanie_Melcher-79.jpg'><img class=\"noLazy\" src='https:\/\/www.melanie-melcher.de\/wp-content\/grand-media\/image\/thumb\/Hochzeitsfotografie_-_Melanie_Melcher-79.jpg' alt='Hochzeitsfotografie - Melanie Melcher-79' \/><\/a><a href='https:\/\/www.melanie-melcher.de\/wp-content\/grand-media\/image\/Hochzeitsfotografie_-_Melanie_Melcher-159.jpg'><img class=\"noLazy\" src='https:\/\/www.melanie-melcher.de\/wp-content\/grand-media\/image\/thumb\/Hochzeitsfotografie_-_Melanie_Melcher-159.jpg' alt='Hochzeitsfotografie - Melanie Melcher-159' \/><\/a><a href='https:\/\/www.melanie-melcher.de\/wp-content\/grand-media\/image\/Hochzeitsfotografie_-_Melanie_Melcher-97.jpg'><img class=\"noLazy\" src='https:\/\/www.melanie-melcher.de\/wp-content\/grand-media\/image\/thumb\/Hochzeitsfotografie_-_Melanie_Melcher-97.jpg' alt='Hochzeitsfotografie - Melanie Melcher-97' \/><\/a><a href='https:\/\/www.melanie-melcher.de\/wp-content\/grand-media\/image\/Hochzeitsfotografie_-_Melanie_Melcher-128.jpg'><img class=\"noLazy\" src='https:\/\/www.melanie-melcher.de\/wp-content\/grand-media\/image\/thumb\/Hochzeitsfotografie_-_Melanie_Melcher-128.jpg' alt='Hochzeitsfotografie - Melanie Melcher-128' \/><\/a><a href='https:\/\/www.melanie-melcher.de\/wp-content\/grand-media\/image\/Hochzeitsfotografie_-_Melanie_Melcher-302.jpg'><img class=\"noLazy\" src='https:\/\/www.melanie-melcher.de\/wp-content\/grand-media\/image\/thumb\/Hochzeitsfotografie_-_Melanie_Melcher-302.jpg' alt='Hochzeitsfotografie - Melanie Melcher-302' \/><\/a><a href='https:\/\/www.melanie-melcher.de\/wp-content\/grand-media\/image\/Hochzeitsfotografie_-_Melanie_Melcher-281.jpg'><img class=\"noLazy\" src='https:\/\/www.melanie-melcher.de\/wp-content\/grand-media\/image\/thumb\/Hochzeitsfotografie_-_Melanie_Melcher-281.jpg' alt='Hochzeitsfotografie - Melanie Melcher-281' \/><\/a><a href='https:\/\/www.melanie-melcher.de\/wp-content\/grand-media\/image\/Hochzeitsfotografie_-_Melanie_Melcher-119.jpg'><img class=\"noLazy\" src='https:\/\/www.melanie-melcher.de\/wp-content\/grand-media\/image\/thumb\/Hochzeitsfotografie_-_Melanie_Melcher-119.jpg' alt='Hochzeitsfotografie - Melanie Melcher-119' \/><\/a><a href='https:\/\/www.melanie-melcher.de\/wp-content\/grand-media\/image\/Hochzeitsfotografie_-_Melanie_Melcher-303.jpg'><img class=\"noLazy\" src='https:\/\/www.melanie-melcher.de\/wp-content\/grand-media\/image\/thumb\/Hochzeitsfotografie_-_Melanie_Melcher-303.jpg' alt='Hochzeitsfotografie - Melanie Melcher-303' \/><\/a><a href='https:\/\/www.melanie-melcher.de\/wp-content\/grand-media\/image\/Hochzeitsfotografie_-_Melanie_Melcher-163.jpg'><img class=\"noLazy\" src='https:\/\/www.melanie-melcher.de\/wp-content\/grand-media\/image\/thumb\/Hochzeitsfotografie_-_Melanie_Melcher-163.jpg' alt='Hochzeitsfotografie - Melanie Melcher-163' \/><\/a><a href='https:\/\/www.melanie-melcher.de\/wp-content\/grand-media\/image\/Hochzeitsfotografie_-_Melanie_Melcher-85.jpg'><img class=\"noLazy\" src='https:\/\/www.melanie-melcher.de\/wp-content\/grand-media\/image\/thumb\/Hochzeitsfotografie_-_Melanie_Melcher-85.jpg' alt='Hochzeitsfotografie - Melanie Melcher-85' \/><\/a><a href='https:\/\/www.melanie-melcher.de\/wp-content\/grand-media\/image\/Hochzeitsfotografie_-_Melanie_Melcher-264.jpg'><img class=\"noLazy\" src='https:\/\/www.melanie-melcher.de\/wp-content\/grand-media\/image\/thumb\/Hochzeitsfotografie_-_Melanie_Melcher-264.jpg' alt='Hochzeitsfotografie - Melanie Melcher-264' \/><\/a><a href='https:\/\/www.melanie-melcher.de\/wp-content\/grand-media\/image\/Hochzeitsfotografie_-_Melanie_Melcher-248.jpg'><img class=\"noLazy\" src='https:\/\/www.melanie-melcher.de\/wp-content\/grand-media\/image\/thumb\/Hochzeitsfotografie_-_Melanie_Melcher-248.jpg' alt='Hochzeitsfotografie - Melanie Melcher-248' \/><\/a><a href='https:\/\/www.melanie-melcher.de\/wp-content\/grand-media\/image\/Hochzeitsfotografie_-_Melanie_Melcher-113.jpg'><img class=\"noLazy\" src='https:\/\/www.melanie-melcher.de\/wp-content\/grand-media\/image\/thumb\/Hochzeitsfotografie_-_Melanie_Melcher-113.jpg' alt='Hochzeitsfotografie - Melanie Melcher-113' \/><\/a><a href='https:\/\/www.melanie-melcher.de\/wp-content\/grand-media\/image\/Hochzeitsfotografie_-_Melanie_Melcher-38.jpg'><img class=\"noLazy\" src='https:\/\/www.melanie-melcher.de\/wp-content\/grand-media\/image\/thumb\/Hochzeitsfotografie_-_Melanie_Melcher-38.jpg' alt='Hochzeitsfotografie - Melanie Melcher-38' \/><\/a><a href='https:\/\/www.melanie-melcher.de\/wp-content\/grand-media\/image\/Hochzeitsfotografie_-_Melanie_Melcher-228.jpg'><img class=\"noLazy\" src='https:\/\/www.melanie-melcher.de\/wp-content\/grand-media\/image\/thumb\/Hochzeitsfotografie_-_Melanie_Melcher-228.jpg' alt='Hochzeitsfotografie - Melanie Melcher-228' \/><\/a><a href='https:\/\/www.melanie-melcher.de\/wp-content\/grand-media\/image\/Hochzeitsfotografie_-_Melanie_Melcher-171.jpg'><img class=\"noLazy\" src='https:\/\/www.melanie-melcher.de\/wp-content\/grand-media\/image\/thumb\/Hochzeitsfotografie_-_Melanie_Melcher-171.jpg' alt='Hochzeitsfotografie - Melanie Melcher-171' \/><\/a><a href='https:\/\/www.melanie-melcher.de\/wp-content\/grand-media\/image\/Hochzeitsfotografie_-_Melanie_Melcher-50.jpg'><img class=\"noLazy\" src='https:\/\/www.melanie-melcher.de\/wp-content\/grand-media\/image\/thumb\/Hochzeitsfotografie_-_Melanie_Melcher-50.jpg' alt='Hochzeitsfotografie - Melanie Melcher-50' \/><\/a><a href='https:\/\/www.melanie-melcher.de\/wp-content\/grand-media\/image\/Hochzeitsfotografie_-_Melanie_Melcher-254.jpg'><img class=\"noLazy\" src='https:\/\/www.melanie-melcher.de\/wp-content\/grand-media\/image\/thumb\/Hochzeitsfotografie_-_Melanie_Melcher-254.jpg' alt='Hochzeitsfotografie - Melanie Melcher-254' \/><\/a><a href='https:\/\/www.melanie-melcher.de\/wp-content\/grand-media\/image\/Hochzeitsfotografie_-_Melanie_Melcher-301.jpg'><img class=\"noLazy\" src='https:\/\/www.melanie-melcher.de\/wp-content\/grand-media\/image\/thumb\/Hochzeitsfotografie_-_Melanie_Melcher-301.jpg' alt='Hochzeitsfotografie - Melanie Melcher-301' \/><\/a><a href='https:\/\/www.melanie-melcher.de\/wp-content\/grand-media\/image\/Hochzeitsfotografie_-_Melanie_Melcher-191.jpg'><img class=\"noLazy\" src='https:\/\/www.melanie-melcher.de\/wp-content\/grand-media\/image\/thumb\/Hochzeitsfotografie_-_Melanie_Melcher-191.jpg' alt='Hochzeitsfotografie - Melanie Melcher-191' \/><\/a><a href='https:\/\/www.melanie-melcher.de\/wp-content\/grand-media\/image\/Hochzeitsfotografie_-_Melanie_Melcher-24.jpg'><img class=\"noLazy\" src='https:\/\/www.melanie-melcher.de\/wp-content\/grand-media\/image\/thumb\/Hochzeitsfotografie_-_Melanie_Melcher-24.jpg' alt='Hochzeitsfotografie - Melanie Melcher-24' \/><\/a><a href='https:\/\/www.melanie-melcher.de\/wp-content\/grand-media\/image\/Hochzeitsfotografie_-_Melanie_Melcher-276.jpg'><img class=\"noLazy\" src='https:\/\/www.melanie-melcher.de\/wp-content\/grand-media\/image\/thumb\/Hochzeitsfotografie_-_Melanie_Melcher-276.jpg' alt='Hochzeitsfotografie - Melanie Melcher-276' \/><\/a><a href='https:\/\/www.melanie-melcher.de\/wp-content\/grand-media\/image\/Hochzeitsfotografie_-_Melanie_Melcher-122.jpg'><img class=\"noLazy\" src='https:\/\/www.melanie-melcher.de\/wp-content\/grand-media\/image\/thumb\/Hochzeitsfotografie_-_Melanie_Melcher-122.jpg' alt='Hochzeitsfotografie - Melanie Melcher-122' \/><\/a><\/noscript><\/div>\n\t\t<script type=\"text\/javascript\">\n\t\t\tdocument.addEventListener( 'DOMContentLoaded', function() {\n\t\t\t\tjQuery( function( $ ) {\n\t\t\t\t\tvar settings = {\"columns\":\"3\",\"lightbox_mobile\":\"0\",\"ID\":\"68\",\"name\":\"Frauke & Lars\",\"is_mobile\":false,\"module_dirurl\":\"https:\\\/\\\/www.melanie-melcher.de\\\/wp-content\\\/grand-media\\\/module\\\/mosaic\"};\n\t\t\t\t\tvar gmedia_mosaic_content = [{\"id\":\"950\",\"type\":\"image\",\"ext\":\"jpg\",\"src\":\"\\\/image\\\/Hochzeitsfotografie_-_Melanie_Melcher-63.jpg\",\"sizes\":{\"thumb\":\"https:\\\/\\\/www.melanie-melcher.de\\\/wp-content\\\/grand-media\\\/image\\\/thumb\\\/Hochzeitsfotografie_-_Melanie_Melcher-63.jpg\",\"full\":\"https:\\\/\\\/www.melanie-melcher.de\\\/wp-content\\\/grand-media\\\/image\\\/Hochzeitsfotografie_-_Melanie_Melcher-63.jpg\"},\"title\":\"Hochzeitsfotografie - Melanie Melcher-63\",\"alt\":\"Hochzeitsfotografie - Melanie Melcher-63\",\"caption\":\"\",\"url\":\"\",\"post_link\":\"https:\\\/\\\/www.melanie-melcher.de\\\/index.php\\\/gmedia\\\/hochzeitsfotografie_-_melanie_melcher-63-jpg\\\/\",\"cc\":0,\"views\":3,\"likes\":0,\"width\":800,\"height\":533},{\"id\":\"1004\",\"type\":\"image\",\"ext\":\"jpg\",\"src\":\"\\\/image\\\/Hochzeitsfotografie_-_Melanie_Melcher-313.jpg\",\"sizes\":{\"thumb\":\"https:\\\/\\\/www.melanie-melcher.de\\\/wp-content\\\/grand-media\\\/image\\\/thumb\\\/Hochzeitsfotografie_-_Melanie_Melcher-313.jpg\",\"full\":\"https:\\\/\\\/www.melanie-melcher.de\\\/wp-content\\\/grand-media\\\/image\\\/Hochzeitsfotografie_-_Melanie_Melcher-313.jpg\"},\"title\":\"Hochzeitsfotografie - Melanie Melcher-313\",\"alt\":\"Hochzeitsfotografie - Melanie Melcher-313\",\"caption\":\"\",\"url\":\"\",\"post_link\":\"https:\\\/\\\/www.melanie-melcher.de\\\/index.php\\\/gmedia\\\/hochzeitsfotografie_-_melanie_melcher-313-jpg\\\/\",\"cc\":0,\"views\":2,\"likes\":0,\"width\":800,\"height\":533},{\"id\":\"982\",\"type\":\"image\",\"ext\":\"jpg\",\"src\":\"\\\/image\\\/Hochzeitsfotografie_-_Melanie_Melcher-197.jpg\",\"sizes\":{\"thumb\":\"https:\\\/\\\/www.melanie-melcher.de\\\/wp-content\\\/grand-media\\\/image\\\/thumb\\\/Hochzeitsfotografie_-_Melanie_Melcher-197.jpg\",\"full\":\"https:\\\/\\\/www.melanie-melcher.de\\\/wp-content\\\/grand-media\\\/image\\\/Hochzeitsfotografie_-_Melanie_Melcher-197.jpg\"},\"title\":\"Hochzeitsfotografie - Melanie Melcher-197\",\"alt\":\"Hochzeitsfotografie - Melanie Melcher-197\",\"caption\":\"\",\"url\":\"\",\"post_link\":\"https:\\\/\\\/www.melanie-melcher.de\\\/index.php\\\/gmedia\\\/hochzeitsfotografie_-_melanie_melcher-197-jpg\\\/\",\"cc\":0,\"views\":1,\"likes\":0,\"width\":800,\"height\":533},{\"id\":\"960\",\"type\":\"image\",\"ext\":\"jpg\",\"src\":\"\\\/image\\\/Hochzeitsfotografie_-_Melanie_Melcher-95.jpg\",\"sizes\":{\"thumb\":\"https:\\\/\\\/www.melanie-melcher.de\\\/wp-content\\\/grand-media\\\/image\\\/thumb\\\/Hochzeitsfotografie_-_Melanie_Melcher-95.jpg\",\"full\":\"https:\\\/\\\/www.melanie-melcher.de\\\/wp-content\\\/grand-media\\\/image\\\/Hochzeitsfotografie_-_Melanie_Melcher-95.jpg\"},\"title\":\"Hochzeitsfotografie - Melanie Melcher-95\",\"alt\":\"Hochzeitsfotografie - Melanie Melcher-95\",\"caption\":\"\",\"url\":\"\",\"post_link\":\"https:\\\/\\\/www.melanie-melcher.de\\\/index.php\\\/gmedia\\\/hochzeitsfotografie_-_melanie_melcher-95-jpg\\\/\",\"cc\":0,\"views\":4,\"likes\":0,\"width\":533,\"height\":800},{\"id\":\"972\",\"type\":\"image\",\"ext\":\"jpg\",\"src\":\"\\\/image\\\/Hochzeitsfotografie_-_Melanie_Melcher-142.jpg\",\"sizes\":{\"thumb\":\"https:\\\/\\\/www.melanie-melcher.de\\\/wp-content\\\/grand-media\\\/image\\\/thumb\\\/Hochzeitsfotografie_-_Melanie_Melcher-142.jpg\",\"full\":\"https:\\\/\\\/www.melanie-melcher.de\\\/wp-content\\\/grand-media\\\/image\\\/Hochzeitsfotografie_-_Melanie_Melcher-142.jpg\"},\"title\":\"Hochzeitsfotografie - Melanie Melcher-142\",\"alt\":\"Hochzeitsfotografie - Melanie Melcher-142\",\"caption\":\"\",\"url\":\"\",\"post_link\":\"https:\\\/\\\/www.melanie-melcher.de\\\/index.php\\\/gmedia\\\/hochzeitsfotografie_-_melanie_melcher-142-jpg\\\/\",\"cc\":0,\"views\":2,\"likes\":0,\"width\":800,\"height\":533},{\"id\":\"956\",\"type\":\"image\",\"ext\":\"jpg\",\"src\":\"\\\/image\\\/Hochzeitsfotografie_-_Melanie_Melcher-80.jpg\",\"sizes\":{\"thumb\":\"https:\\\/\\\/www.melanie-melcher.de\\\/wp-content\\\/grand-media\\\/image\\\/thumb\\\/Hochzeitsfotografie_-_Melanie_Melcher-80.jpg\",\"full\":\"https:\\\/\\\/www.melanie-melcher.de\\\/wp-content\\\/grand-media\\\/image\\\/Hochzeitsfotografie_-_Melanie_Melcher-80.jpg\"},\"title\":\"Hochzeitsfotografie - Melanie Melcher-80\",\"alt\":\"Hochzeitsfotografie - Melanie Melcher-80\",\"caption\":\"\",\"url\":\"\",\"post_link\":\"https:\\\/\\\/www.melanie-melcher.de\\\/index.php\\\/gmedia\\\/hochzeitsfotografie_-_melanie_melcher-80-jpg\\\/\",\"cc\":0,\"views\":1,\"likes\":0,\"width\":800,\"height\":533},{\"id\":\"976\",\"type\":\"image\",\"ext\":\"jpg\",\"src\":\"\\\/image\\\/Hochzeitsfotografie_-_Melanie_Melcher-160.jpg\",\"sizes\":{\"thumb\":\"https:\\\/\\\/www.melanie-melcher.de\\\/wp-content\\\/grand-media\\\/image\\\/thumb\\\/Hochzeitsfotografie_-_Melanie_Melcher-160.jpg\",\"full\":\"https:\\\/\\\/www.melanie-melcher.de\\\/wp-content\\\/grand-media\\\/image\\\/Hochzeitsfotografie_-_Melanie_Melcher-160.jpg\"},\"title\":\"Hochzeitsfotografie - Melanie Melcher-160\",\"alt\":\"Hochzeitsfotografie - Melanie Melcher-160\",\"caption\":\"\",\"url\":\"\",\"post_link\":\"https:\\\/\\\/www.melanie-melcher.de\\\/index.php\\\/gmedia\\\/hochzeitsfotografie_-_melanie_melcher-160-jpg\\\/\",\"cc\":0,\"views\":1,\"likes\":0,\"width\":800,\"height\":533},{\"id\":\"939\",\"type\":\"image\",\"ext\":\"jpg\",\"src\":\"\\\/image\\\/Hochzeitsfotografie_-_Melanie_Melcher-12.jpg\",\"sizes\":{\"thumb\":\"https:\\\/\\\/www.melanie-melcher.de\\\/wp-content\\\/grand-media\\\/image\\\/thumb\\\/Hochzeitsfotografie_-_Melanie_Melcher-12.jpg\",\"full\":\"https:\\\/\\\/www.melanie-melcher.de\\\/wp-content\\\/grand-media\\\/image\\\/Hochzeitsfotografie_-_Melanie_Melcher-12.jpg\"},\"title\":\"Hochzeitsfotografie - Melanie Melcher-12\",\"alt\":\"Hochzeitsfotografie - Melanie Melcher-12\",\"caption\":\"\",\"url\":\"\",\"post_link\":\"https:\\\/\\\/www.melanie-melcher.de\\\/index.php\\\/gmedia\\\/hochzeitsfotografie_-_melanie_melcher-12-jpg\\\/\",\"cc\":0,\"views\":2,\"likes\":0,\"width\":533,\"height\":800},{\"id\":\"962\",\"type\":\"image\",\"ext\":\"jpg\",\"src\":\"\\\/image\\\/Hochzeitsfotografie_-_Melanie_Melcher-99.jpg\",\"sizes\":{\"thumb\":\"https:\\\/\\\/www.melanie-melcher.de\\\/wp-content\\\/grand-media\\\/image\\\/thumb\\\/Hochzeitsfotografie_-_Melanie_Melcher-99.jpg\",\"full\":\"https:\\\/\\\/www.melanie-melcher.de\\\/wp-content\\\/grand-media\\\/image\\\/Hochzeitsfotografie_-_Melanie_Melcher-99.jpg\"},\"title\":\"Hochzeitsfotografie - Melanie Melcher-99\",\"alt\":\"Hochzeitsfotografie - Melanie Melcher-99\",\"caption\":\"\",\"url\":\"\",\"post_link\":\"https:\\\/\\\/www.melanie-melcher.de\\\/index.php\\\/gmedia\\\/hochzeitsfotografie_-_melanie_melcher-99-jpg\\\/\",\"cc\":0,\"views\":3,\"likes\":0,\"width\":533,\"height\":800},{\"id\":\"985\",\"type\":\"image\",\"ext\":\"jpg\",\"src\":\"\\\/image\\\/Hochzeitsfotografie_-_Melanie_Melcher-216.jpg\",\"sizes\":{\"thumb\":\"https:\\\/\\\/www.melanie-melcher.de\\\/wp-content\\\/grand-media\\\/image\\\/thumb\\\/Hochzeitsfotografie_-_Melanie_Melcher-216.jpg\",\"full\":\"https:\\\/\\\/www.melanie-melcher.de\\\/wp-content\\\/grand-media\\\/image\\\/Hochzeitsfotografie_-_Melanie_Melcher-216.jpg\"},\"title\":\"Hochzeitsfotografie - Melanie Melcher-216\",\"alt\":\"Hochzeitsfotografie - Melanie Melcher-216\",\"caption\":\"\",\"url\":\"\",\"post_link\":\"https:\\\/\\\/www.melanie-melcher.de\\\/index.php\\\/gmedia\\\/hochzeitsfotografie_-_melanie_melcher-216-jpg\\\/\",\"cc\":0,\"views\":4,\"likes\":0,\"width\":800,\"height\":533},{\"id\":\"959\",\"type\":\"image\",\"ext\":\"jpg\",\"src\":\"\\\/image\\\/Hochzeitsfotografie_-_Melanie_Melcher-91.jpg\",\"sizes\":{\"thumb\":\"https:\\\/\\\/www.melanie-melcher.de\\\/wp-content\\\/grand-media\\\/image\\\/thumb\\\/Hochzeitsfotografie_-_Melanie_Melcher-91.jpg\",\"full\":\"https:\\\/\\\/www.melanie-melcher.de\\\/wp-content\\\/grand-media\\\/image\\\/Hochzeitsfotografie_-_Melanie_Melcher-91.jpg\"},\"title\":\"Hochzeitsfotografie - Melanie Melcher-91\",\"alt\":\"Hochzeitsfotografie - Melanie Melcher-91\",\"caption\":\"\",\"url\":\"\",\"post_link\":\"https:\\\/\\\/www.melanie-melcher.de\\\/index.php\\\/gmedia\\\/hochzeitsfotografie_-_melanie_melcher-91-jpg\\\/\",\"cc\":0,\"views\":1,\"likes\":0,\"width\":800,\"height\":533},{\"id\":\"978\",\"type\":\"image\",\"ext\":\"jpg\",\"src\":\"\\\/image\\\/Hochzeitsfotografie_-_Melanie_Melcher-169.jpg\",\"sizes\":{\"thumb\":\"https:\\\/\\\/www.melanie-melcher.de\\\/wp-content\\\/grand-media\\\/image\\\/thumb\\\/Hochzeitsfotografie_-_Melanie_Melcher-169.jpg\",\"full\":\"https:\\\/\\\/www.melanie-melcher.de\\\/wp-content\\\/grand-media\\\/image\\\/Hochzeitsfotografie_-_Melanie_Melcher-169.jpg\"},\"title\":\"Hochzeitsfotografie - Melanie Melcher-169\",\"alt\":\"Hochzeitsfotografie - Melanie Melcher-169\",\"caption\":\"\",\"url\":\"\",\"post_link\":\"https:\\\/\\\/www.melanie-melcher.de\\\/index.php\\\/gmedia\\\/hochzeitsfotografie_-_melanie_melcher-169-jpg\\\/\",\"cc\":0,\"views\":2,\"likes\":0,\"width\":800,\"height\":533},{\"id\":\"943\",\"type\":\"image\",\"ext\":\"jpg\",\"src\":\"\\\/image\\\/Hochzeitsfotografie_-_Melanie_Melcher-31.jpg\",\"sizes\":{\"thumb\":\"https:\\\/\\\/www.melanie-melcher.de\\\/wp-content\\\/grand-media\\\/image\\\/thumb\\\/Hochzeitsfotografie_-_Melanie_Melcher-31.jpg\",\"full\":\"https:\\\/\\\/www.melanie-melcher.de\\\/wp-content\\\/grand-media\\\/image\\\/Hochzeitsfotografie_-_Melanie_Melcher-31.jpg\"},\"title\":\"Hochzeitsfotografie - Melanie Melcher-31\",\"alt\":\"Hochzeitsfotografie - Melanie Melcher-31\",\"caption\":\"\",\"url\":\"\",\"post_link\":\"https:\\\/\\\/www.melanie-melcher.de\\\/index.php\\\/gmedia\\\/hochzeitsfotografie_-_melanie_melcher-31-jpg\\\/\",\"cc\":0,\"views\":3,\"likes\":0,\"width\":800,\"height\":533},{\"id\":\"966\",\"type\":\"image\",\"ext\":\"jpg\",\"src\":\"\\\/image\\\/Hochzeitsfotografie_-_Melanie_Melcher-120.jpg\",\"sizes\":{\"thumb\":\"https:\\\/\\\/www.melanie-melcher.de\\\/wp-content\\\/grand-media\\\/image\\\/thumb\\\/Hochzeitsfotografie_-_Melanie_Melcher-120.jpg\",\"full\":\"https:\\\/\\\/www.melanie-melcher.de\\\/wp-content\\\/grand-media\\\/image\\\/Hochzeitsfotografie_-_Melanie_Melcher-120.jpg\"},\"title\":\"Hochzeitsfotografie - Melanie Melcher-120\",\"alt\":\"Hochzeitsfotografie - Melanie Melcher-120\",\"caption\":\"\",\"url\":\"\",\"post_link\":\"https:\\\/\\\/www.melanie-melcher.de\\\/index.php\\\/gmedia\\\/hochzeitsfotografie_-_melanie_melcher-120-jpg\\\/\",\"cc\":0,\"views\":2,\"likes\":0,\"width\":533,\"height\":800},{\"id\":\"988\",\"type\":\"image\",\"ext\":\"jpg\",\"src\":\"\\\/image\\\/Hochzeitsfotografie_-_Melanie_Melcher-236.jpg\",\"sizes\":{\"thumb\":\"https:\\\/\\\/www.melanie-melcher.de\\\/wp-content\\\/grand-media\\\/image\\\/thumb\\\/Hochzeitsfotografie_-_Melanie_Melcher-236.jpg\",\"full\":\"https:\\\/\\\/www.melanie-melcher.de\\\/wp-content\\\/grand-media\\\/image\\\/Hochzeitsfotografie_-_Melanie_Melcher-236.jpg\"},\"title\":\"Hochzeitsfotografie - Melanie Melcher-236\",\"alt\":\"Hochzeitsfotografie - Melanie Melcher-236\",\"caption\":\"\",\"url\":\"\",\"post_link\":\"https:\\\/\\\/www.melanie-melcher.de\\\/index.php\\\/gmedia\\\/hochzeitsfotografie_-_melanie_melcher-236-jpg\\\/\",\"cc\":0,\"views\":2,\"likes\":0,\"width\":533,\"height\":800},{\"id\":\"991\",\"type\":\"image\",\"ext\":\"jpg\",\"src\":\"\\\/image\\\/Hochzeitsfotografie_-_Melanie_Melcher-250.jpg\",\"sizes\":{\"thumb\":\"https:\\\/\\\/www.melanie-melcher.de\\\/wp-content\\\/grand-media\\\/image\\\/thumb\\\/Hochzeitsfotografie_-_Melanie_Melcher-250.jpg\",\"full\":\"https:\\\/\\\/www.melanie-melcher.de\\\/wp-content\\\/grand-media\\\/image\\\/Hochzeitsfotografie_-_Melanie_Melcher-250.jpg\"},\"title\":\"Hochzeitsfotografie - Melanie Melcher-250\",\"alt\":\"Hochzeitsfotografie - Melanie Melcher-250\",\"caption\":\"\",\"url\":\"\",\"post_link\":\"https:\\\/\\\/www.melanie-melcher.de\\\/index.php\\\/gmedia\\\/hochzeitsfotografie_-_melanie_melcher-250-jpg\\\/\",\"cc\":0,\"views\":2,\"likes\":0,\"width\":533,\"height\":800},{\"id\":\"945\",\"type\":\"image\",\"ext\":\"jpg\",\"src\":\"\\\/image\\\/Hochzeitsfotografie_-_Melanie_Melcher-39.jpg\",\"sizes\":{\"thumb\":\"https:\\\/\\\/www.melanie-melcher.de\\\/wp-content\\\/grand-media\\\/image\\\/thumb\\\/Hochzeitsfotografie_-_Melanie_Melcher-39.jpg\",\"full\":\"https:\\\/\\\/www.melanie-melcher.de\\\/wp-content\\\/grand-media\\\/image\\\/Hochzeitsfotografie_-_Melanie_Melcher-39.jpg\"},\"title\":\"Hochzeitsfotografie - Melanie Melcher-39\",\"alt\":\"Hochzeitsfotografie - Melanie Melcher-39\",\"caption\":\"\",\"url\":\"\",\"post_link\":\"https:\\\/\\\/www.melanie-melcher.de\\\/index.php\\\/gmedia\\\/hochzeitsfotografie_-_melanie_melcher-39-jpg\\\/\",\"cc\":0,\"views\":4,\"likes\":0,\"width\":800,\"height\":533},{\"id\":\"958\",\"type\":\"image\",\"ext\":\"jpg\",\"src\":\"\\\/image\\\/Hochzeitsfotografie_-_Melanie_Melcher-88.jpg\",\"sizes\":{\"thumb\":\"https:\\\/\\\/www.melanie-melcher.de\\\/wp-content\\\/grand-media\\\/image\\\/thumb\\\/Hochzeitsfotografie_-_Melanie_Melcher-88.jpg\",\"full\":\"https:\\\/\\\/www.melanie-melcher.de\\\/wp-content\\\/grand-media\\\/image\\\/Hochzeitsfotografie_-_Melanie_Melcher-88.jpg\"},\"title\":\"Hochzeitsfotografie - Melanie Melcher-88\",\"alt\":\"Hochzeitsfotografie - Melanie Melcher-88\",\"caption\":\"\",\"url\":\"\",\"post_link\":\"https:\\\/\\\/www.melanie-melcher.de\\\/index.php\\\/gmedia\\\/hochzeitsfotografie_-_melanie_melcher-88-jpg\\\/\",\"cc\":0,\"views\":4,\"likes\":0,\"width\":800,\"height\":533},{\"id\":\"953\",\"type\":\"image\",\"ext\":\"jpg\",\"src\":\"\\\/image\\\/Hochzeitsfotografie_-_Melanie_Melcher-71.jpg\",\"sizes\":{\"thumb\":\"https:\\\/\\\/www.melanie-melcher.de\\\/wp-content\\\/grand-media\\\/image\\\/thumb\\\/Hochzeitsfotografie_-_Melanie_Melcher-71.jpg\",\"full\":\"https:\\\/\\\/www.melanie-melcher.de\\\/wp-content\\\/grand-media\\\/image\\\/Hochzeitsfotografie_-_Melanie_Melcher-71.jpg\"},\"title\":\"Hochzeitsfotografie - Melanie Melcher-71\",\"alt\":\"Hochzeitsfotografie - Melanie Melcher-71\",\"caption\":\"\",\"url\":\"\",\"post_link\":\"https:\\\/\\\/www.melanie-melcher.de\\\/index.php\\\/gmedia\\\/hochzeitsfotografie_-_melanie_melcher-71-jpg\\\/\",\"cc\":0,\"views\":2,\"likes\":0,\"width\":533,\"height\":800},{\"id\":\"970\",\"type\":\"image\",\"ext\":\"jpg\",\"src\":\"\\\/image\\\/Hochzeitsfotografie_-_Melanie_Melcher-129.jpg\",\"sizes\":{\"thumb\":\"https:\\\/\\\/www.melanie-melcher.de\\\/wp-content\\\/grand-media\\\/image\\\/thumb\\\/Hochzeitsfotografie_-_Melanie_Melcher-129.jpg\",\"full\":\"https:\\\/\\\/www.melanie-melcher.de\\\/wp-content\\\/grand-media\\\/image\\\/Hochzeitsfotografie_-_Melanie_Melcher-129.jpg\"},\"title\":\"Hochzeitsfotografie - Melanie Melcher-129\",\"alt\":\"Hochzeitsfotografie - Melanie Melcher-129\",\"caption\":\"\",\"url\":\"\",\"post_link\":\"https:\\\/\\\/www.melanie-melcher.de\\\/index.php\\\/gmedia\\\/hochzeitsfotografie_-_melanie_melcher-129-jpg\\\/\",\"cc\":0,\"views\":1,\"likes\":0,\"width\":800,\"height\":533},{\"id\":\"954\",\"type\":\"image\",\"ext\":\"jpg\",\"src\":\"\\\/image\\\/Hochzeitsfotografie_-_Melanie_Melcher-75.jpg\",\"sizes\":{\"thumb\":\"https:\\\/\\\/www.melanie-melcher.de\\\/wp-content\\\/grand-media\\\/image\\\/thumb\\\/Hochzeitsfotografie_-_Melanie_Melcher-75.jpg\",\"full\":\"https:\\\/\\\/www.melanie-melcher.de\\\/wp-content\\\/grand-media\\\/image\\\/Hochzeitsfotografie_-_Melanie_Melcher-75.jpg\"},\"title\":\"Hochzeitsfotografie - Melanie Melcher-75\",\"alt\":\"Hochzeitsfotografie - Melanie Melcher-75\",\"caption\":\"\",\"url\":\"\",\"post_link\":\"https:\\\/\\\/www.melanie-melcher.de\\\/index.php\\\/gmedia\\\/hochzeitsfotografie_-_melanie_melcher-75-jpg\\\/\",\"cc\":0,\"views\":2,\"likes\":0,\"width\":800,\"height\":533},{\"id\":\"974\",\"type\":\"image\",\"ext\":\"jpg\",\"src\":\"\\\/image\\\/Hochzeitsfotografie_-_Melanie_Melcher-158.jpg\",\"sizes\":{\"thumb\":\"https:\\\/\\\/www.melanie-melcher.de\\\/wp-content\\\/grand-media\\\/image\\\/thumb\\\/Hochzeitsfotografie_-_Melanie_Melcher-158.jpg\",\"full\":\"https:\\\/\\\/www.melanie-melcher.de\\\/wp-content\\\/grand-media\\\/image\\\/Hochzeitsfotografie_-_Melanie_Melcher-158.jpg\"},\"title\":\"Hochzeitsfotografie - Melanie Melcher-158\",\"alt\":\"Hochzeitsfotografie - Melanie Melcher-158\",\"caption\":\"\",\"url\":\"\",\"post_link\":\"https:\\\/\\\/www.melanie-melcher.de\\\/index.php\\\/gmedia\\\/hochzeitsfotografie_-_melanie_melcher-158-jpg\\\/\",\"cc\":0,\"views\":2,\"likes\":0,\"width\":800,\"height\":533},{\"id\":\"973\",\"type\":\"image\",\"ext\":\"jpg\",\"src\":\"\\\/image\\\/Hochzeitsfotografie_-_Melanie_Melcher-152.jpg\",\"sizes\":{\"thumb\":\"https:\\\/\\\/www.melanie-melcher.de\\\/wp-content\\\/grand-media\\\/image\\\/thumb\\\/Hochzeitsfotografie_-_Melanie_Melcher-152.jpg\",\"full\":\"https:\\\/\\\/www.melanie-melcher.de\\\/wp-content\\\/grand-media\\\/image\\\/Hochzeitsfotografie_-_Melanie_Melcher-152.jpg\"},\"title\":\"Hochzeitsfotografie - Melanie Melcher-152\",\"alt\":\"Hochzeitsfotografie - Melanie Melcher-152\",\"caption\":\"\",\"url\":\"\",\"post_link\":\"https:\\\/\\\/www.melanie-melcher.de\\\/index.php\\\/gmedia\\\/hochzeitsfotografie_-_melanie_melcher-152-jpg\\\/\",\"cc\":0,\"views\":4,\"likes\":0,\"width\":533,\"height\":800},{\"id\":\"984\",\"type\":\"image\",\"ext\":\"jpg\",\"src\":\"\\\/image\\\/Hochzeitsfotografie_-_Melanie_Melcher-212.jpg\",\"sizes\":{\"thumb\":\"https:\\\/\\\/www.melanie-melcher.de\\\/wp-content\\\/grand-media\\\/image\\\/thumb\\\/Hochzeitsfotografie_-_Melanie_Melcher-212.jpg\",\"full\":\"https:\\\/\\\/www.melanie-melcher.de\\\/wp-content\\\/grand-media\\\/image\\\/Hochzeitsfotografie_-_Melanie_Melcher-212.jpg\"},\"title\":\"Hochzeitsfotografie - Melanie Melcher-212\",\"alt\":\"Hochzeitsfotografie - Melanie Melcher-212\",\"caption\":\"\",\"url\":\"\",\"post_link\":\"https:\\\/\\\/www.melanie-melcher.de\\\/index.php\\\/gmedia\\\/hochzeitsfotografie_-_melanie_melcher-212-jpg\\\/\",\"cc\":0,\"views\":3,\"likes\":0,\"width\":533,\"height\":800},{\"id\":\"968\",\"type\":\"image\",\"ext\":\"jpg\",\"src\":\"\\\/image\\\/Hochzeitsfotografie_-_Melanie_Melcher-123.jpg\",\"sizes\":{\"thumb\":\"https:\\\/\\\/www.melanie-melcher.de\\\/wp-content\\\/grand-media\\\/image\\\/thumb\\\/Hochzeitsfotografie_-_Melanie_Melcher-123.jpg\",\"full\":\"https:\\\/\\\/www.melanie-melcher.de\\\/wp-content\\\/grand-media\\\/image\\\/Hochzeitsfotografie_-_Melanie_Melcher-123.jpg\"},\"title\":\"Hochzeitsfotografie - Melanie Melcher-123\",\"alt\":\"Hochzeitsfotografie - Melanie Melcher-123\",\"caption\":\"\",\"url\":\"\",\"post_link\":\"https:\\\/\\\/www.melanie-melcher.de\\\/index.php\\\/gmedia\\\/hochzeitsfotografie_-_melanie_melcher-123-jpg\\\/\",\"cc\":0,\"views\":2,\"likes\":0,\"width\":800,\"height\":533},{\"id\":\"998\",\"type\":\"image\",\"ext\":\"jpg\",\"src\":\"\\\/image\\\/Hochzeitsfotografie_-_Melanie_Melcher-299.jpg\",\"sizes\":{\"thumb\":\"https:\\\/\\\/www.melanie-melcher.de\\\/wp-content\\\/grand-media\\\/image\\\/thumb\\\/Hochzeitsfotografie_-_Melanie_Melcher-299.jpg\",\"full\":\"https:\\\/\\\/www.melanie-melcher.de\\\/wp-content\\\/grand-media\\\/image\\\/Hochzeitsfotografie_-_Melanie_Melcher-299.jpg\"},\"title\":\"Hochzeitsfotografie - Melanie Melcher-299\",\"alt\":\"Hochzeitsfotografie - Melanie Melcher-299\",\"caption\":\"\",\"url\":\"\",\"post_link\":\"https:\\\/\\\/www.melanie-melcher.de\\\/index.php\\\/gmedia\\\/hochzeitsfotografie_-_melanie_melcher-299-jpg\\\/\",\"cc\":0,\"views\":1,\"likes\":0,\"width\":800,\"height\":533},{\"id\":\"952\",\"type\":\"image\",\"ext\":\"jpg\",\"src\":\"\\\/image\\\/Hochzeitsfotografie_-_Melanie_Melcher-69.jpg\",\"sizes\":{\"thumb\":\"https:\\\/\\\/www.melanie-melcher.de\\\/wp-content\\\/grand-media\\\/image\\\/thumb\\\/Hochzeitsfotografie_-_Melanie_Melcher-69.jpg\",\"full\":\"https:\\\/\\\/www.melanie-melcher.de\\\/wp-content\\\/grand-media\\\/image\\\/Hochzeitsfotografie_-_Melanie_Melcher-69.jpg\"},\"title\":\"Hochzeitsfotografie - Melanie Melcher-69\",\"alt\":\"Hochzeitsfotografie - Melanie Melcher-69\",\"caption\":\"\",\"url\":\"\",\"post_link\":\"https:\\\/\\\/www.melanie-melcher.de\\\/index.php\\\/gmedia\\\/hochzeitsfotografie_-_melanie_melcher-69-jpg\\\/\",\"cc\":0,\"views\":3,\"likes\":0,\"width\":800,\"height\":533},{\"id\":\"997\",\"type\":\"image\",\"ext\":\"jpg\",\"src\":\"\\\/image\\\/Hochzeitsfotografie_-_Melanie_Melcher-286.jpg\",\"sizes\":{\"thumb\":\"https:\\\/\\\/www.melanie-melcher.de\\\/wp-content\\\/grand-media\\\/image\\\/thumb\\\/Hochzeitsfotografie_-_Melanie_Melcher-286.jpg\",\"full\":\"https:\\\/\\\/www.melanie-melcher.de\\\/wp-content\\\/grand-media\\\/image\\\/Hochzeitsfotografie_-_Melanie_Melcher-286.jpg\"},\"title\":\"Hochzeitsfotografie - Melanie Melcher-286\",\"alt\":\"Hochzeitsfotografie - Melanie Melcher-286\",\"caption\":\"\",\"url\":\"\",\"post_link\":\"https:\\\/\\\/www.melanie-melcher.de\\\/index.php\\\/gmedia\\\/hochzeitsfotografie_-_melanie_melcher-286-jpg\\\/\",\"cc\":0,\"views\":2,\"likes\":0,\"width\":800,\"height\":533},{\"id\":\"938\",\"type\":\"image\",\"ext\":\"jpg\",\"src\":\"\\\/image\\\/Hochzeitsfotografie_-_Melanie_Melcher-11.jpg\",\"sizes\":{\"thumb\":\"https:\\\/\\\/www.melanie-melcher.de\\\/wp-content\\\/grand-media\\\/image\\\/thumb\\\/Hochzeitsfotografie_-_Melanie_Melcher-11.jpg\",\"full\":\"https:\\\/\\\/www.melanie-melcher.de\\\/wp-content\\\/grand-media\\\/image\\\/Hochzeitsfotografie_-_Melanie_Melcher-11.jpg\"},\"title\":\"Hochzeitsfotografie - Melanie Melcher-11\",\"alt\":\"Hochzeitsfotografie - Melanie Melcher-11\",\"caption\":\"\",\"url\":\"\",\"post_link\":\"https:\\\/\\\/www.melanie-melcher.de\\\/index.php\\\/gmedia\\\/hochzeitsfotografie_-_melanie_melcher-11-jpg\\\/\",\"cc\":0,\"views\":2,\"likes\":0,\"width\":800,\"height\":533},{\"id\":\"971\",\"type\":\"image\",\"ext\":\"jpg\",\"src\":\"\\\/image\\\/Hochzeitsfotografie_-_Melanie_Melcher-137.jpg\",\"sizes\":{\"thumb\":\"https:\\\/\\\/www.melanie-melcher.de\\\/wp-content\\\/grand-media\\\/image\\\/thumb\\\/Hochzeitsfotografie_-_Melanie_Melcher-137.jpg\",\"full\":\"https:\\\/\\\/www.melanie-melcher.de\\\/wp-content\\\/grand-media\\\/image\\\/Hochzeitsfotografie_-_Melanie_Melcher-137.jpg\"},\"title\":\"Hochzeitsfotografie - Melanie Melcher-137\",\"alt\":\"Hochzeitsfotografie - Melanie Melcher-137\",\"caption\":\"\",\"url\":\"\",\"post_link\":\"https:\\\/\\\/www.melanie-melcher.de\\\/index.php\\\/gmedia\\\/hochzeitsfotografie_-_melanie_melcher-137-jpg\\\/\",\"cc\":0,\"views\":2,\"likes\":0,\"width\":800,\"height\":533},{\"id\":\"964\",\"type\":\"image\",\"ext\":\"jpg\",\"src\":\"\\\/image\\\/Hochzeitsfotografie_-_Melanie_Melcher-115.jpg\",\"sizes\":{\"thumb\":\"https:\\\/\\\/www.melanie-melcher.de\\\/wp-content\\\/grand-media\\\/image\\\/thumb\\\/Hochzeitsfotografie_-_Melanie_Melcher-115.jpg\",\"full\":\"https:\\\/\\\/www.melanie-melcher.de\\\/wp-content\\\/grand-media\\\/image\\\/Hochzeitsfotografie_-_Melanie_Melcher-115.jpg\"},\"title\":\"Hochzeitsfotografie - Melanie Melcher-115\",\"alt\":\"Hochzeitsfotografie - Melanie Melcher-115\",\"caption\":\"\",\"url\":\"\",\"post_link\":\"https:\\\/\\\/www.melanie-melcher.de\\\/index.php\\\/gmedia\\\/hochzeitsfotografie_-_melanie_melcher-115-jpg\\\/\",\"cc\":0,\"views\":2,\"likes\":0,\"width\":800,\"height\":533},{\"id\":\"947\",\"type\":\"image\",\"ext\":\"jpg\",\"src\":\"\\\/image\\\/Hochzeitsfotografie_-_Melanie_Melcher-52.jpg\",\"sizes\":{\"thumb\":\"https:\\\/\\\/www.melanie-melcher.de\\\/wp-content\\\/grand-media\\\/image\\\/thumb\\\/Hochzeitsfotografie_-_Melanie_Melcher-52.jpg\",\"full\":\"https:\\\/\\\/www.melanie-melcher.de\\\/wp-content\\\/grand-media\\\/image\\\/Hochzeitsfotografie_-_Melanie_Melcher-52.jpg\"},\"title\":\"Hochzeitsfotografie - Melanie Melcher-52\",\"alt\":\"Hochzeitsfotografie - Melanie Melcher-52\",\"caption\":\"\",\"url\":\"\",\"post_link\":\"https:\\\/\\\/www.melanie-melcher.de\\\/index.php\\\/gmedia\\\/hochzeitsfotografie_-_melanie_melcher-52-jpg\\\/\",\"cc\":0,\"views\":5,\"likes\":0,\"width\":800,\"height\":533},{\"id\":\"1003\",\"type\":\"image\",\"ext\":\"jpg\",\"src\":\"\\\/image\\\/Hochzeitsfotografie_-_Melanie_Melcher-310.jpg\",\"sizes\":{\"thumb\":\"https:\\\/\\\/www.melanie-melcher.de\\\/wp-content\\\/grand-media\\\/image\\\/thumb\\\/Hochzeitsfotografie_-_Melanie_Melcher-310.jpg\",\"full\":\"https:\\\/\\\/www.melanie-melcher.de\\\/wp-content\\\/grand-media\\\/image\\\/Hochzeitsfotografie_-_Melanie_Melcher-310.jpg\"},\"title\":\"Hochzeitsfotografie - Melanie Melcher-310\",\"alt\":\"Hochzeitsfotografie - Melanie Melcher-310\",\"caption\":\"\",\"url\":\"\",\"post_link\":\"https:\\\/\\\/www.melanie-melcher.de\\\/index.php\\\/gmedia\\\/hochzeitsfotografie_-_melanie_melcher-310-jpg\\\/\",\"cc\":0,\"views\":2,\"likes\":0,\"width\":533,\"height\":800},{\"id\":\"942\",\"type\":\"image\",\"ext\":\"jpg\",\"src\":\"\\\/image\\\/Hochzeitsfotografie_-_Melanie_Melcher-27.jpg\",\"sizes\":{\"thumb\":\"https:\\\/\\\/www.melanie-melcher.de\\\/wp-content\\\/grand-media\\\/image\\\/thumb\\\/Hochzeitsfotografie_-_Melanie_Melcher-27.jpg\",\"full\":\"https:\\\/\\\/www.melanie-melcher.de\\\/wp-content\\\/grand-media\\\/image\\\/Hochzeitsfotografie_-_Melanie_Melcher-27.jpg\"},\"title\":\"Hochzeitsfotografie - Melanie Melcher-27\",\"alt\":\"Hochzeitsfotografie - Melanie Melcher-27\",\"caption\":\"\",\"url\":\"\",\"post_link\":\"https:\\\/\\\/www.melanie-melcher.de\\\/index.php\\\/gmedia\\\/hochzeitsfotografie_-_melanie_melcher-27-jpg\\\/\",\"cc\":0,\"views\":3,\"likes\":0,\"width\":800,\"height\":533},{\"id\":\"980\",\"type\":\"image\",\"ext\":\"jpg\",\"src\":\"\\\/image\\\/Hochzeitsfotografie_-_Melanie_Melcher-185.jpg\",\"sizes\":{\"thumb\":\"https:\\\/\\\/www.melanie-melcher.de\\\/wp-content\\\/grand-media\\\/image\\\/thumb\\\/Hochzeitsfotografie_-_Melanie_Melcher-185.jpg\",\"full\":\"https:\\\/\\\/www.melanie-melcher.de\\\/wp-content\\\/grand-media\\\/image\\\/Hochzeitsfotografie_-_Melanie_Melcher-185.jpg\"},\"title\":\"Hochzeitsfotografie - Melanie Melcher-185\",\"alt\":\"Hochzeitsfotografie - Melanie Melcher-185\",\"caption\":\"\",\"url\":\"\",\"post_link\":\"https:\\\/\\\/www.melanie-melcher.de\\\/index.php\\\/gmedia\\\/hochzeitsfotografie_-_melanie_melcher-185-jpg\\\/\",\"cc\":0,\"views\":3,\"likes\":0,\"width\":800,\"height\":533},{\"id\":\"940\",\"type\":\"image\",\"ext\":\"jpg\",\"src\":\"\\\/image\\\/Hochzeitsfotografie_-_Melanie_Melcher-23.jpg\",\"sizes\":{\"thumb\":\"https:\\\/\\\/www.melanie-melcher.de\\\/wp-content\\\/grand-media\\\/image\\\/thumb\\\/Hochzeitsfotografie_-_Melanie_Melcher-23.jpg\",\"full\":\"https:\\\/\\\/www.melanie-melcher.de\\\/wp-content\\\/grand-media\\\/image\\\/Hochzeitsfotografie_-_Melanie_Melcher-23.jpg\"},\"title\":\"Hochzeitsfotografie - Melanie Melcher-23\",\"alt\":\"Hochzeitsfotografie - Melanie Melcher-23\",\"caption\":\"\",\"url\":\"\",\"post_link\":\"https:\\\/\\\/www.melanie-melcher.de\\\/index.php\\\/gmedia\\\/hochzeitsfotografie_-_melanie_melcher-23-jpg\\\/\",\"cc\":0,\"views\":1,\"likes\":0,\"width\":800,\"height\":533},{\"id\":\"989\",\"type\":\"image\",\"ext\":\"jpg\",\"src\":\"\\\/image\\\/Hochzeitsfotografie_-_Melanie_Melcher-247.jpg\",\"sizes\":{\"thumb\":\"https:\\\/\\\/www.melanie-melcher.de\\\/wp-content\\\/grand-media\\\/image\\\/thumb\\\/Hochzeitsfotografie_-_Melanie_Melcher-247.jpg\",\"full\":\"https:\\\/\\\/www.melanie-melcher.de\\\/wp-content\\\/grand-media\\\/image\\\/Hochzeitsfotografie_-_Melanie_Melcher-247.jpg\"},\"title\":\"Hochzeitsfotografie - Melanie Melcher-247\",\"alt\":\"Hochzeitsfotografie - Melanie Melcher-247\",\"caption\":\"\",\"url\":\"\",\"post_link\":\"https:\\\/\\\/www.melanie-melcher.de\\\/index.php\\\/gmedia\\\/hochzeitsfotografie_-_melanie_melcher-247-jpg\\\/\",\"cc\":0,\"views\":3,\"likes\":0,\"width\":533,\"height\":800},{\"id\":\"996\",\"type\":\"image\",\"ext\":\"jpg\",\"src\":\"\\\/image\\\/Hochzeitsfotografie_-_Melanie_Melcher-285.jpg\",\"sizes\":{\"thumb\":\"https:\\\/\\\/www.melanie-melcher.de\\\/wp-content\\\/grand-media\\\/image\\\/thumb\\\/Hochzeitsfotografie_-_Melanie_Melcher-285.jpg\",\"full\":\"https:\\\/\\\/www.melanie-melcher.de\\\/wp-content\\\/grand-media\\\/image\\\/Hochzeitsfotografie_-_Melanie_Melcher-285.jpg\"},\"title\":\"Hochzeitsfotografie - Melanie Melcher-285\",\"alt\":\"Hochzeitsfotografie - Melanie Melcher-285\",\"caption\":\"\",\"url\":\"\",\"post_link\":\"https:\\\/\\\/www.melanie-melcher.de\\\/index.php\\\/gmedia\\\/hochzeitsfotografie_-_melanie_melcher-285-jpg\\\/\",\"cc\":0,\"views\":5,\"likes\":0,\"width\":800,\"height\":533},{\"id\":\"951\",\"type\":\"image\",\"ext\":\"jpg\",\"src\":\"\\\/image\\\/Hochzeitsfotografie_-_Melanie_Melcher-65.jpg\",\"sizes\":{\"thumb\":\"https:\\\/\\\/www.melanie-melcher.de\\\/wp-content\\\/grand-media\\\/image\\\/thumb\\\/Hochzeitsfotografie_-_Melanie_Melcher-65.jpg\",\"full\":\"https:\\\/\\\/www.melanie-melcher.de\\\/wp-content\\\/grand-media\\\/image\\\/Hochzeitsfotografie_-_Melanie_Melcher-65.jpg\"},\"title\":\"Hochzeitsfotografie - Melanie Melcher-65\",\"alt\":\"Hochzeitsfotografie - Melanie Melcher-65\",\"caption\":\"\",\"url\":\"\",\"post_link\":\"https:\\\/\\\/www.melanie-melcher.de\\\/index.php\\\/gmedia\\\/hochzeitsfotografie_-_melanie_melcher-65-jpg\\\/\",\"cc\":0,\"views\":2,\"likes\":0,\"width\":800,\"height\":533},{\"id\":\"983\",\"type\":\"image\",\"ext\":\"jpg\",\"src\":\"\\\/image\\\/Hochzeitsfotografie_-_Melanie_Melcher-208.jpg\",\"sizes\":{\"thumb\":\"https:\\\/\\\/www.melanie-melcher.de\\\/wp-content\\\/grand-media\\\/image\\\/thumb\\\/Hochzeitsfotografie_-_Melanie_Melcher-208.jpg\",\"full\":\"https:\\\/\\\/www.melanie-melcher.de\\\/wp-content\\\/grand-media\\\/image\\\/Hochzeitsfotografie_-_Melanie_Melcher-208.jpg\"},\"title\":\"Hochzeitsfotografie - Melanie Melcher-208\",\"alt\":\"Hochzeitsfotografie - Melanie Melcher-208\",\"caption\":\"\",\"url\":\"\",\"post_link\":\"https:\\\/\\\/www.melanie-melcher.de\\\/index.php\\\/gmedia\\\/hochzeitsfotografie_-_melanie_melcher-208-jpg\\\/\",\"cc\":0,\"views\":1,\"likes\":0,\"width\":800,\"height\":533},{\"id\":\"936\",\"type\":\"image\",\"ext\":\"jpg\",\"src\":\"\\\/image\\\/Hochzeitsfotografie_-_Melanie_Melcher-4.jpg\",\"sizes\":{\"thumb\":\"https:\\\/\\\/www.melanie-melcher.de\\\/wp-content\\\/grand-media\\\/image\\\/thumb\\\/Hochzeitsfotografie_-_Melanie_Melcher-4.jpg\",\"full\":\"https:\\\/\\\/www.melanie-melcher.de\\\/wp-content\\\/grand-media\\\/image\\\/Hochzeitsfotografie_-_Melanie_Melcher-4.jpg\"},\"title\":\"Hochzeitsfotografie - Melanie Melcher-4\",\"alt\":\"Hochzeitsfotografie - Melanie Melcher-4\",\"caption\":\"\",\"url\":\"\",\"post_link\":\"https:\\\/\\\/www.melanie-melcher.de\\\/index.php\\\/gmedia\\\/hochzeitsfotografie_-_melanie_melcher-4-jpg\\\/\",\"cc\":0,\"views\":1,\"likes\":0,\"width\":800,\"height\":533},{\"id\":\"987\",\"type\":\"image\",\"ext\":\"jpg\",\"src\":\"\\\/image\\\/Hochzeitsfotografie_-_Melanie_Melcher-231.jpg\",\"sizes\":{\"thumb\":\"https:\\\/\\\/www.melanie-melcher.de\\\/wp-content\\\/grand-media\\\/image\\\/thumb\\\/Hochzeitsfotografie_-_Melanie_Melcher-231.jpg\",\"full\":\"https:\\\/\\\/www.melanie-melcher.de\\\/wp-content\\\/grand-media\\\/image\\\/Hochzeitsfotografie_-_Melanie_Melcher-231.jpg\"},\"title\":\"Hochzeitsfotografie - Melanie Melcher-231\",\"alt\":\"Hochzeitsfotografie - Melanie Melcher-231\",\"caption\":\"\",\"url\":\"\",\"post_link\":\"https:\\\/\\\/www.melanie-melcher.de\\\/index.php\\\/gmedia\\\/hochzeitsfotografie_-_melanie_melcher-231-jpg\\\/\",\"cc\":0,\"views\":2,\"likes\":0,\"width\":533,\"height\":800},{\"id\":\"949\",\"type\":\"image\",\"ext\":\"jpg\",\"src\":\"\\\/image\\\/Hochzeitsfotografie_-_Melanie_Melcher-62.jpg\",\"sizes\":{\"thumb\":\"https:\\\/\\\/www.melanie-melcher.de\\\/wp-content\\\/grand-media\\\/image\\\/thumb\\\/Hochzeitsfotografie_-_Melanie_Melcher-62.jpg\",\"full\":\"https:\\\/\\\/www.melanie-melcher.de\\\/wp-content\\\/grand-media\\\/image\\\/Hochzeitsfotografie_-_Melanie_Melcher-62.jpg\"},\"title\":\"Hochzeitsfotografie - Melanie Melcher-62\",\"alt\":\"Hochzeitsfotografie - Melanie Melcher-62\",\"caption\":\"\",\"url\":\"\",\"post_link\":\"https:\\\/\\\/www.melanie-melcher.de\\\/index.php\\\/gmedia\\\/hochzeitsfotografie_-_melanie_melcher-62-jpg\\\/\",\"cc\":0,\"views\":4,\"likes\":0,\"width\":800,\"height\":533},{\"id\":\"948\",\"type\":\"image\",\"ext\":\"jpg\",\"src\":\"\\\/image\\\/Hochzeitsfotografie_-_Melanie_Melcher-57.jpg\",\"sizes\":{\"thumb\":\"https:\\\/\\\/www.melanie-melcher.de\\\/wp-content\\\/grand-media\\\/image\\\/thumb\\\/Hochzeitsfotografie_-_Melanie_Melcher-57.jpg\",\"full\":\"https:\\\/\\\/www.melanie-melcher.de\\\/wp-content\\\/grand-media\\\/image\\\/Hochzeitsfotografie_-_Melanie_Melcher-57.jpg\"},\"title\":\"Hochzeitsfotografie - Melanie Melcher-57\",\"alt\":\"Hochzeitsfotografie - Melanie Melcher-57\",\"caption\":\"\",\"url\":\"\",\"post_link\":\"https:\\\/\\\/www.melanie-melcher.de\\\/index.php\\\/gmedia\\\/hochzeitsfotografie_-_melanie_melcher-57-jpg\\\/\",\"cc\":0,\"views\":2,\"likes\":0,\"width\":800,\"height\":533},{\"id\":\"937\",\"type\":\"image\",\"ext\":\"jpg\",\"src\":\"\\\/image\\\/Hochzeitsfotografie_-_Melanie_Melcher-6.jpg\",\"sizes\":{\"thumb\":\"https:\\\/\\\/www.melanie-melcher.de\\\/wp-content\\\/grand-media\\\/image\\\/thumb\\\/Hochzeitsfotografie_-_Melanie_Melcher-6.jpg\",\"full\":\"https:\\\/\\\/www.melanie-melcher.de\\\/wp-content\\\/grand-media\\\/image\\\/Hochzeitsfotografie_-_Melanie_Melcher-6.jpg\"},\"title\":\"Hochzeitsfotografie - Melanie Melcher-6\",\"alt\":\"Hochzeitsfotografie - Melanie Melcher-6\",\"caption\":\"\",\"url\":\"\",\"post_link\":\"https:\\\/\\\/www.melanie-melcher.de\\\/index.php\\\/gmedia\\\/hochzeitsfotografie_-_melanie_melcher-6-jpg\\\/\",\"cc\":0,\"views\":2,\"likes\":0,\"width\":800,\"height\":533},{\"id\":\"999\",\"type\":\"image\",\"ext\":\"jpg\",\"src\":\"\\\/image\\\/Hochzeitsfotografie_-_Melanie_Melcher-300.jpg\",\"sizes\":{\"thumb\":\"https:\\\/\\\/www.melanie-melcher.de\\\/wp-content\\\/grand-media\\\/image\\\/thumb\\\/Hochzeitsfotografie_-_Melanie_Melcher-300.jpg\",\"full\":\"https:\\\/\\\/www.melanie-melcher.de\\\/wp-content\\\/grand-media\\\/image\\\/Hochzeitsfotografie_-_Melanie_Melcher-300.jpg\"},\"title\":\"Hochzeitsfotografie - Melanie Melcher-300\",\"alt\":\"Hochzeitsfotografie - Melanie Melcher-300\",\"caption\":\"\",\"url\":\"\",\"post_link\":\"https:\\\/\\\/www.melanie-melcher.de\\\/index.php\\\/gmedia\\\/hochzeitsfotografie_-_melanie_melcher-300-jpg\\\/\",\"cc\":0,\"views\":2,\"likes\":0,\"width\":800,\"height\":533},{\"id\":\"955\",\"type\":\"image\",\"ext\":\"jpg\",\"src\":\"\\\/image\\\/Hochzeitsfotografie_-_Melanie_Melcher-79.jpg\",\"sizes\":{\"thumb\":\"https:\\\/\\\/www.melanie-melcher.de\\\/wp-content\\\/grand-media\\\/image\\\/thumb\\\/Hochzeitsfotografie_-_Melanie_Melcher-79.jpg\",\"full\":\"https:\\\/\\\/www.melanie-melcher.de\\\/wp-content\\\/grand-media\\\/image\\\/Hochzeitsfotografie_-_Melanie_Melcher-79.jpg\"},\"title\":\"Hochzeitsfotografie - Melanie Melcher-79\",\"alt\":\"Hochzeitsfotografie - Melanie Melcher-79\",\"caption\":\"\",\"url\":\"\",\"post_link\":\"https:\\\/\\\/www.melanie-melcher.de\\\/index.php\\\/gmedia\\\/hochzeitsfotografie_-_melanie_melcher-79-jpg\\\/\",\"cc\":0,\"views\":1,\"likes\":0,\"width\":800,\"height\":533},{\"id\":\"975\",\"type\":\"image\",\"ext\":\"jpg\",\"src\":\"\\\/image\\\/Hochzeitsfotografie_-_Melanie_Melcher-159.jpg\",\"sizes\":{\"thumb\":\"https:\\\/\\\/www.melanie-melcher.de\\\/wp-content\\\/grand-media\\\/image\\\/thumb\\\/Hochzeitsfotografie_-_Melanie_Melcher-159.jpg\",\"full\":\"https:\\\/\\\/www.melanie-melcher.de\\\/wp-content\\\/grand-media\\\/image\\\/Hochzeitsfotografie_-_Melanie_Melcher-159.jpg\"},\"title\":\"Hochzeitsfotografie - Melanie Melcher-159\",\"alt\":\"Hochzeitsfotografie - Melanie Melcher-159\",\"caption\":\"\",\"url\":\"\",\"post_link\":\"https:\\\/\\\/www.melanie-melcher.de\\\/index.php\\\/gmedia\\\/hochzeitsfotografie_-_melanie_melcher-159-jpg\\\/\",\"cc\":0,\"views\":2,\"likes\":0,\"width\":533,\"height\":800},{\"id\":\"961\",\"type\":\"image\",\"ext\":\"jpg\",\"src\":\"\\\/image\\\/Hochzeitsfotografie_-_Melanie_Melcher-97.jpg\",\"sizes\":{\"thumb\":\"https:\\\/\\\/www.melanie-melcher.de\\\/wp-content\\\/grand-media\\\/image\\\/thumb\\\/Hochzeitsfotografie_-_Melanie_Melcher-97.jpg\",\"full\":\"https:\\\/\\\/www.melanie-melcher.de\\\/wp-content\\\/grand-media\\\/image\\\/Hochzeitsfotografie_-_Melanie_Melcher-97.jpg\"},\"title\":\"Hochzeitsfotografie - Melanie Melcher-97\",\"alt\":\"Hochzeitsfotografie - Melanie Melcher-97\",\"caption\":\"\",\"url\":\"\",\"post_link\":\"https:\\\/\\\/www.melanie-melcher.de\\\/index.php\\\/gmedia\\\/hochzeitsfotografie_-_melanie_melcher-97-jpg\\\/\",\"cc\":0,\"views\":2,\"likes\":0,\"width\":800,\"height\":533},{\"id\":\"969\",\"type\":\"image\",\"ext\":\"jpg\",\"src\":\"\\\/image\\\/Hochzeitsfotografie_-_Melanie_Melcher-128.jpg\",\"sizes\":{\"thumb\":\"https:\\\/\\\/www.melanie-melcher.de\\\/wp-content\\\/grand-media\\\/image\\\/thumb\\\/Hochzeitsfotografie_-_Melanie_Melcher-128.jpg\",\"full\":\"https:\\\/\\\/www.melanie-melcher.de\\\/wp-content\\\/grand-media\\\/image\\\/Hochzeitsfotografie_-_Melanie_Melcher-128.jpg\"},\"title\":\"Hochzeitsfotografie - Melanie Melcher-128\",\"alt\":\"Hochzeitsfotografie - Melanie Melcher-128\",\"caption\":\"\",\"url\":\"\",\"post_link\":\"https:\\\/\\\/www.melanie-melcher.de\\\/index.php\\\/gmedia\\\/hochzeitsfotografie_-_melanie_melcher-128-jpg\\\/\",\"cc\":0,\"views\":2,\"likes\":0,\"width\":533,\"height\":800},{\"id\":\"1001\",\"type\":\"image\",\"ext\":\"jpg\",\"src\":\"\\\/image\\\/Hochzeitsfotografie_-_Melanie_Melcher-302.jpg\",\"sizes\":{\"thumb\":\"https:\\\/\\\/www.melanie-melcher.de\\\/wp-content\\\/grand-media\\\/image\\\/thumb\\\/Hochzeitsfotografie_-_Melanie_Melcher-302.jpg\",\"full\":\"https:\\\/\\\/www.melanie-melcher.de\\\/wp-content\\\/grand-media\\\/image\\\/Hochzeitsfotografie_-_Melanie_Melcher-302.jpg\"},\"title\":\"Hochzeitsfotografie - Melanie Melcher-302\",\"alt\":\"Hochzeitsfotografie - Melanie Melcher-302\",\"caption\":\"\",\"url\":\"\",\"post_link\":\"https:\\\/\\\/www.melanie-melcher.de\\\/index.php\\\/gmedia\\\/hochzeitsfotografie_-_melanie_melcher-302-jpg\\\/\",\"cc\":0,\"views\":1,\"likes\":0,\"width\":800,\"height\":533},{\"id\":\"995\",\"type\":\"image\",\"ext\":\"jpg\",\"src\":\"\\\/image\\\/Hochzeitsfotografie_-_Melanie_Melcher-281.jpg\",\"sizes\":{\"thumb\":\"https:\\\/\\\/www.melanie-melcher.de\\\/wp-content\\\/grand-media\\\/image\\\/thumb\\\/Hochzeitsfotografie_-_Melanie_Melcher-281.jpg\",\"full\":\"https:\\\/\\\/www.melanie-melcher.de\\\/wp-content\\\/grand-media\\\/image\\\/Hochzeitsfotografie_-_Melanie_Melcher-281.jpg\"},\"title\":\"Hochzeitsfotografie - Melanie Melcher-281\",\"alt\":\"Hochzeitsfotografie - Melanie Melcher-281\",\"caption\":\"\",\"url\":\"\",\"post_link\":\"https:\\\/\\\/www.melanie-melcher.de\\\/index.php\\\/gmedia\\\/hochzeitsfotografie_-_melanie_melcher-281-jpg\\\/\",\"cc\":0,\"views\":2,\"likes\":0,\"width\":800,\"height\":533},{\"id\":\"965\",\"type\":\"image\",\"ext\":\"jpg\",\"src\":\"\\\/image\\\/Hochzeitsfotografie_-_Melanie_Melcher-119.jpg\",\"sizes\":{\"thumb\":\"https:\\\/\\\/www.melanie-melcher.de\\\/wp-content\\\/grand-media\\\/image\\\/thumb\\\/Hochzeitsfotografie_-_Melanie_Melcher-119.jpg\",\"full\":\"https:\\\/\\\/www.melanie-melcher.de\\\/wp-content\\\/grand-media\\\/image\\\/Hochzeitsfotografie_-_Melanie_Melcher-119.jpg\"},\"title\":\"Hochzeitsfotografie - Melanie Melcher-119\",\"alt\":\"Hochzeitsfotografie - Melanie Melcher-119\",\"caption\":\"\",\"url\":\"\",\"post_link\":\"https:\\\/\\\/www.melanie-melcher.de\\\/index.php\\\/gmedia\\\/hochzeitsfotografie_-_melanie_melcher-119-jpg\\\/\",\"cc\":0,\"views\":4,\"likes\":0,\"width\":800,\"height\":533},{\"id\":\"1002\",\"type\":\"image\",\"ext\":\"jpg\",\"src\":\"\\\/image\\\/Hochzeitsfotografie_-_Melanie_Melcher-303.jpg\",\"sizes\":{\"thumb\":\"https:\\\/\\\/www.melanie-melcher.de\\\/wp-content\\\/grand-media\\\/image\\\/thumb\\\/Hochzeitsfotografie_-_Melanie_Melcher-303.jpg\",\"full\":\"https:\\\/\\\/www.melanie-melcher.de\\\/wp-content\\\/grand-media\\\/image\\\/Hochzeitsfotografie_-_Melanie_Melcher-303.jpg\"},\"title\":\"Hochzeitsfotografie - Melanie Melcher-303\",\"alt\":\"Hochzeitsfotografie - Melanie Melcher-303\",\"caption\":\"\",\"url\":\"\",\"post_link\":\"https:\\\/\\\/www.melanie-melcher.de\\\/index.php\\\/gmedia\\\/hochzeitsfotografie_-_melanie_melcher-303-jpg\\\/\",\"cc\":0,\"views\":3,\"likes\":0,\"width\":800,\"height\":533},{\"id\":\"977\",\"type\":\"image\",\"ext\":\"jpg\",\"src\":\"\\\/image\\\/Hochzeitsfotografie_-_Melanie_Melcher-163.jpg\",\"sizes\":{\"thumb\":\"https:\\\/\\\/www.melanie-melcher.de\\\/wp-content\\\/grand-media\\\/image\\\/thumb\\\/Hochzeitsfotografie_-_Melanie_Melcher-163.jpg\",\"full\":\"https:\\\/\\\/www.melanie-melcher.de\\\/wp-content\\\/grand-media\\\/image\\\/Hochzeitsfotografie_-_Melanie_Melcher-163.jpg\"},\"title\":\"Hochzeitsfotografie - Melanie Melcher-163\",\"alt\":\"Hochzeitsfotografie - Melanie Melcher-163\",\"caption\":\"\",\"url\":\"\",\"post_link\":\"https:\\\/\\\/www.melanie-melcher.de\\\/index.php\\\/gmedia\\\/hochzeitsfotografie_-_melanie_melcher-163-jpg\\\/\",\"cc\":0,\"views\":2,\"likes\":0,\"width\":800,\"height\":533},{\"id\":\"957\",\"type\":\"image\",\"ext\":\"jpg\",\"src\":\"\\\/image\\\/Hochzeitsfotografie_-_Melanie_Melcher-85.jpg\",\"sizes\":{\"thumb\":\"https:\\\/\\\/www.melanie-melcher.de\\\/wp-content\\\/grand-media\\\/image\\\/thumb\\\/Hochzeitsfotografie_-_Melanie_Melcher-85.jpg\",\"full\":\"https:\\\/\\\/www.melanie-melcher.de\\\/wp-content\\\/grand-media\\\/image\\\/Hochzeitsfotografie_-_Melanie_Melcher-85.jpg\"},\"title\":\"Hochzeitsfotografie - Melanie Melcher-85\",\"alt\":\"Hochzeitsfotografie - Melanie Melcher-85\",\"caption\":\"\",\"url\":\"\",\"post_link\":\"https:\\\/\\\/www.melanie-melcher.de\\\/index.php\\\/gmedia\\\/hochzeitsfotografie_-_melanie_melcher-85-jpg\\\/\",\"cc\":0,\"views\":2,\"likes\":0,\"width\":800,\"height\":533},{\"id\":\"993\",\"type\":\"image\",\"ext\":\"jpg\",\"src\":\"\\\/image\\\/Hochzeitsfotografie_-_Melanie_Melcher-264.jpg\",\"sizes\":{\"thumb\":\"https:\\\/\\\/www.melanie-melcher.de\\\/wp-content\\\/grand-media\\\/image\\\/thumb\\\/Hochzeitsfotografie_-_Melanie_Melcher-264.jpg\",\"full\":\"https:\\\/\\\/www.melanie-melcher.de\\\/wp-content\\\/grand-media\\\/image\\\/Hochzeitsfotografie_-_Melanie_Melcher-264.jpg\"},\"title\":\"Hochzeitsfotografie - Melanie Melcher-264\",\"alt\":\"Hochzeitsfotografie - Melanie Melcher-264\",\"caption\":\"\",\"url\":\"\",\"post_link\":\"https:\\\/\\\/www.melanie-melcher.de\\\/index.php\\\/gmedia\\\/hochzeitsfotografie_-_melanie_melcher-264-jpg\\\/\",\"cc\":0,\"views\":2,\"likes\":0,\"width\":800,\"height\":533},{\"id\":\"990\",\"type\":\"image\",\"ext\":\"jpg\",\"src\":\"\\\/image\\\/Hochzeitsfotografie_-_Melanie_Melcher-248.jpg\",\"sizes\":{\"thumb\":\"https:\\\/\\\/www.melanie-melcher.de\\\/wp-content\\\/grand-media\\\/image\\\/thumb\\\/Hochzeitsfotografie_-_Melanie_Melcher-248.jpg\",\"full\":\"https:\\\/\\\/www.melanie-melcher.de\\\/wp-content\\\/grand-media\\\/image\\\/Hochzeitsfotografie_-_Melanie_Melcher-248.jpg\"},\"title\":\"Hochzeitsfotografie - Melanie Melcher-248\",\"alt\":\"Hochzeitsfotografie - Melanie Melcher-248\",\"caption\":\"\",\"url\":\"\",\"post_link\":\"https:\\\/\\\/www.melanie-melcher.de\\\/index.php\\\/gmedia\\\/hochzeitsfotografie_-_melanie_melcher-248-jpg\\\/\",\"cc\":0,\"views\":4,\"likes\":0,\"width\":533,\"height\":800},{\"id\":\"963\",\"type\":\"image\",\"ext\":\"jpg\",\"src\":\"\\\/image\\\/Hochzeitsfotografie_-_Melanie_Melcher-113.jpg\",\"sizes\":{\"thumb\":\"https:\\\/\\\/www.melanie-melcher.de\\\/wp-content\\\/grand-media\\\/image\\\/thumb\\\/Hochzeitsfotografie_-_Melanie_Melcher-113.jpg\",\"full\":\"https:\\\/\\\/www.melanie-melcher.de\\\/wp-content\\\/grand-media\\\/image\\\/Hochzeitsfotografie_-_Melanie_Melcher-113.jpg\"},\"title\":\"Hochzeitsfotografie - Melanie Melcher-113\",\"alt\":\"Hochzeitsfotografie - Melanie Melcher-113\",\"caption\":\"\",\"url\":\"\",\"post_link\":\"https:\\\/\\\/www.melanie-melcher.de\\\/index.php\\\/gmedia\\\/hochzeitsfotografie_-_melanie_melcher-113-jpg\\\/\",\"cc\":0,\"views\":2,\"likes\":0,\"width\":533,\"height\":800},{\"id\":\"944\",\"type\":\"image\",\"ext\":\"jpg\",\"src\":\"\\\/image\\\/Hochzeitsfotografie_-_Melanie_Melcher-38.jpg\",\"sizes\":{\"thumb\":\"https:\\\/\\\/www.melanie-melcher.de\\\/wp-content\\\/grand-media\\\/image\\\/thumb\\\/Hochzeitsfotografie_-_Melanie_Melcher-38.jpg\",\"full\":\"https:\\\/\\\/www.melanie-melcher.de\\\/wp-content\\\/grand-media\\\/image\\\/Hochzeitsfotografie_-_Melanie_Melcher-38.jpg\"},\"title\":\"Hochzeitsfotografie - Melanie Melcher-38\",\"alt\":\"Hochzeitsfotografie - Melanie Melcher-38\",\"caption\":\"\",\"url\":\"\",\"post_link\":\"https:\\\/\\\/www.melanie-melcher.de\\\/index.php\\\/gmedia\\\/hochzeitsfotografie_-_melanie_melcher-38-jpg\\\/\",\"cc\":0,\"views\":2,\"likes\":0,\"width\":800,\"height\":533},{\"id\":\"986\",\"type\":\"image\",\"ext\":\"jpg\",\"src\":\"\\\/image\\\/Hochzeitsfotografie_-_Melanie_Melcher-228.jpg\",\"sizes\":{\"thumb\":\"https:\\\/\\\/www.melanie-melcher.de\\\/wp-content\\\/grand-media\\\/image\\\/thumb\\\/Hochzeitsfotografie_-_Melanie_Melcher-228.jpg\",\"full\":\"https:\\\/\\\/www.melanie-melcher.de\\\/wp-content\\\/grand-media\\\/image\\\/Hochzeitsfotografie_-_Melanie_Melcher-228.jpg\"},\"title\":\"Hochzeitsfotografie - Melanie Melcher-228\",\"alt\":\"Hochzeitsfotografie - Melanie Melcher-228\",\"caption\":\"\",\"url\":\"\",\"post_link\":\"https:\\\/\\\/www.melanie-melcher.de\\\/index.php\\\/gmedia\\\/hochzeitsfotografie_-_melanie_melcher-228-jpg\\\/\",\"cc\":0,\"views\":1,\"likes\":0,\"width\":533,\"height\":800},{\"id\":\"979\",\"type\":\"image\",\"ext\":\"jpg\",\"src\":\"\\\/image\\\/Hochzeitsfotografie_-_Melanie_Melcher-171.jpg\",\"sizes\":{\"thumb\":\"https:\\\/\\\/www.melanie-melcher.de\\\/wp-content\\\/grand-media\\\/image\\\/thumb\\\/Hochzeitsfotografie_-_Melanie_Melcher-171.jpg\",\"full\":\"https:\\\/\\\/www.melanie-melcher.de\\\/wp-content\\\/grand-media\\\/image\\\/Hochzeitsfotografie_-_Melanie_Melcher-171.jpg\"},\"title\":\"Hochzeitsfotografie - Melanie Melcher-171\",\"alt\":\"Hochzeitsfotografie - Melanie Melcher-171\",\"caption\":\"\",\"url\":\"\",\"post_link\":\"https:\\\/\\\/www.melanie-melcher.de\\\/index.php\\\/gmedia\\\/hochzeitsfotografie_-_melanie_melcher-171-jpg\\\/\",\"cc\":0,\"views\":1,\"likes\":0,\"width\":800,\"height\":533},{\"id\":\"946\",\"type\":\"image\",\"ext\":\"jpg\",\"src\":\"\\\/image\\\/Hochzeitsfotografie_-_Melanie_Melcher-50.jpg\",\"sizes\":{\"thumb\":\"https:\\\/\\\/www.melanie-melcher.de\\\/wp-content\\\/grand-media\\\/image\\\/thumb\\\/Hochzeitsfotografie_-_Melanie_Melcher-50.jpg\",\"full\":\"https:\\\/\\\/www.melanie-melcher.de\\\/wp-content\\\/grand-media\\\/image\\\/Hochzeitsfotografie_-_Melanie_Melcher-50.jpg\"},\"title\":\"Hochzeitsfotografie - Melanie Melcher-50\",\"alt\":\"Hochzeitsfotografie - Melanie Melcher-50\",\"caption\":\"\",\"url\":\"\",\"post_link\":\"https:\\\/\\\/www.melanie-melcher.de\\\/index.php\\\/gmedia\\\/hochzeitsfotografie_-_melanie_melcher-50-jpg\\\/\",\"cc\":0,\"views\":3,\"likes\":0,\"width\":800,\"height\":533},{\"id\":\"992\",\"type\":\"image\",\"ext\":\"jpg\",\"src\":\"\\\/image\\\/Hochzeitsfotografie_-_Melanie_Melcher-254.jpg\",\"sizes\":{\"thumb\":\"https:\\\/\\\/www.melanie-melcher.de\\\/wp-content\\\/grand-media\\\/image\\\/thumb\\\/Hochzeitsfotografie_-_Melanie_Melcher-254.jpg\",\"full\":\"https:\\\/\\\/www.melanie-melcher.de\\\/wp-content\\\/grand-media\\\/image\\\/Hochzeitsfotografie_-_Melanie_Melcher-254.jpg\"},\"title\":\"Hochzeitsfotografie - Melanie Melcher-254\",\"alt\":\"Hochzeitsfotografie - Melanie Melcher-254\",\"caption\":\"\",\"url\":\"\",\"post_link\":\"https:\\\/\\\/www.melanie-melcher.de\\\/index.php\\\/gmedia\\\/hochzeitsfotografie_-_melanie_melcher-254-jpg\\\/\",\"cc\":0,\"views\":1,\"likes\":0,\"width\":800,\"height\":533},{\"id\":\"1000\",\"type\":\"image\",\"ext\":\"jpg\",\"src\":\"\\\/image\\\/Hochzeitsfotografie_-_Melanie_Melcher-301.jpg\",\"sizes\":{\"thumb\":\"https:\\\/\\\/www.melanie-melcher.de\\\/wp-content\\\/grand-media\\\/image\\\/thumb\\\/Hochzeitsfotografie_-_Melanie_Melcher-301.jpg\",\"full\":\"https:\\\/\\\/www.melanie-melcher.de\\\/wp-content\\\/grand-media\\\/image\\\/Hochzeitsfotografie_-_Melanie_Melcher-301.jpg\"},\"title\":\"Hochzeitsfotografie - Melanie Melcher-301\",\"alt\":\"Hochzeitsfotografie - Melanie Melcher-301\",\"caption\":\"\",\"url\":\"\",\"post_link\":\"https:\\\/\\\/www.melanie-melcher.de\\\/index.php\\\/gmedia\\\/hochzeitsfotografie_-_melanie_melcher-301-jpg\\\/\",\"cc\":0,\"views\":4,\"likes\":0,\"width\":800,\"height\":533},{\"id\":\"981\",\"type\":\"image\",\"ext\":\"jpg\",\"src\":\"\\\/image\\\/Hochzeitsfotografie_-_Melanie_Melcher-191.jpg\",\"sizes\":{\"thumb\":\"https:\\\/\\\/www.melanie-melcher.de\\\/wp-content\\\/grand-media\\\/image\\\/thumb\\\/Hochzeitsfotografie_-_Melanie_Melcher-191.jpg\",\"full\":\"https:\\\/\\\/www.melanie-melcher.de\\\/wp-content\\\/grand-media\\\/image\\\/Hochzeitsfotografie_-_Melanie_Melcher-191.jpg\"},\"title\":\"Hochzeitsfotografie - Melanie Melcher-191\",\"alt\":\"Hochzeitsfotografie - Melanie Melcher-191\",\"caption\":\"\",\"url\":\"\",\"post_link\":\"https:\\\/\\\/www.melanie-melcher.de\\\/index.php\\\/gmedia\\\/hochzeitsfotografie_-_melanie_melcher-191-jpg\\\/\",\"cc\":0,\"views\":3,\"likes\":0,\"width\":533,\"height\":800},{\"id\":\"941\",\"type\":\"image\",\"ext\":\"jpg\",\"src\":\"\\\/image\\\/Hochzeitsfotografie_-_Melanie_Melcher-24.jpg\",\"sizes\":{\"thumb\":\"https:\\\/\\\/www.melanie-melcher.de\\\/wp-content\\\/grand-media\\\/image\\\/thumb\\\/Hochzeitsfotografie_-_Melanie_Melcher-24.jpg\",\"full\":\"https:\\\/\\\/www.melanie-melcher.de\\\/wp-content\\\/grand-media\\\/image\\\/Hochzeitsfotografie_-_Melanie_Melcher-24.jpg\"},\"title\":\"Hochzeitsfotografie - Melanie Melcher-24\",\"alt\":\"Hochzeitsfotografie - Melanie Melcher-24\",\"caption\":\"\",\"url\":\"\",\"post_link\":\"https:\\\/\\\/www.melanie-melcher.de\\\/index.php\\\/gmedia\\\/hochzeitsfotografie_-_melanie_melcher-24-jpg\\\/\",\"cc\":0,\"views\":3,\"likes\":0,\"width\":800,\"height\":533},{\"id\":\"994\",\"type\":\"image\",\"ext\":\"jpg\",\"src\":\"\\\/image\\\/Hochzeitsfotografie_-_Melanie_Melcher-276.jpg\",\"sizes\":{\"thumb\":\"https:\\\/\\\/www.melanie-melcher.de\\\/wp-content\\\/grand-media\\\/image\\\/thumb\\\/Hochzeitsfotografie_-_Melanie_Melcher-276.jpg\",\"full\":\"https:\\\/\\\/www.melanie-melcher.de\\\/wp-content\\\/grand-media\\\/image\\\/Hochzeitsfotografie_-_Melanie_Melcher-276.jpg\"},\"title\":\"Hochzeitsfotografie - Melanie Melcher-276\",\"alt\":\"Hochzeitsfotografie - Melanie Melcher-276\",\"caption\":\"\",\"url\":\"\",\"post_link\":\"https:\\\/\\\/www.melanie-melcher.de\\\/index.php\\\/gmedia\\\/hochzeitsfotografie_-_melanie_melcher-276-jpg\\\/\",\"cc\":0,\"views\":3,\"likes\":0,\"width\":800,\"height\":533},{\"id\":\"967\",\"type\":\"image\",\"ext\":\"jpg\",\"src\":\"\\\/image\\\/Hochzeitsfotografie_-_Melanie_Melcher-122.jpg\",\"sizes\":{\"thumb\":\"https:\\\/\\\/www.melanie-melcher.de\\\/wp-content\\\/grand-media\\\/image\\\/thumb\\\/Hochzeitsfotografie_-_Melanie_Melcher-122.jpg\",\"full\":\"https:\\\/\\\/www.melanie-melcher.de\\\/wp-content\\\/grand-media\\\/image\\\/Hochzeitsfotografie_-_Melanie_Melcher-122.jpg\"},\"title\":\"Hochzeitsfotografie - Melanie Melcher-122\",\"alt\":\"Hochzeitsfotografie - Melanie Melcher-122\",\"caption\":\"\",\"url\":\"\",\"post_link\":\"https:\\\/\\\/www.melanie-melcher.de\\\/index.php\\\/gmedia\\\/hochzeitsfotografie_-_melanie_melcher-122-jpg\\\/\",\"cc\":0,\"views\":2,\"likes\":0,\"width\":800,\"height\":533}];\n\t\t\t\t\tsettings.gallery = gmedia_mosaic_content;\n\t\t\t\t\t$( '#GmediaGallery_68 .gmMosaic_Container' ).gmediaMosaic( settings );\n\t\t\t\t} );\n\t\t\t} );\n\t<\/script>\t<\/div><\/div>\n<div><\/div>\n<h3>Weitere Hochzeitsfotos findet ihr <a href=\"http:\/\/www.melanie-melcher.de\/index.php\/galerien-3\/wedding\/\" target=\"_blank\" rel=\"noopener\">hier<\/a> und in meinem <a href=\"http:\/\/www.melanie-melcher.de\/index.php\/category\/wedding\/\" target=\"_blank\" rel=\"noopener\">Blog<\/a>.<\/h3>\n","protected":false},"excerpt":{"rendered":"<p>Deine St\u00e4rke ist mein Halt. Dein Halt ist meine Kraft. Deine Kraft ist mein Antrieb. Dein Antrieb ist meine Zuversicht. Deine Zuversicht ist meine Hoffnung. Deine Hoffnung ist meine Hoffnung. Dein Herz ist mein Herz. Dein Leben ist mein Leben. Deine Liebe ist meine Liebe. Diego Armando Beim Lesen dieses Gedichtes musste ich an eines [&hellip;]<\/p>\n","protected":false},"author":1,"featured_media":1910,"comment_status":"closed","ping_status":"open","sticky":false,"template":"","format":"standard","meta":{"footnotes":""},"categories":[7],"tags":[],"class_list":["post-1909","post","type-post","status-publish","format-standard","has-post-thumbnail","hentry","category-wedding"],"_links":{"self":[{"href":"https:\/\/www.melanie-melcher.de\/index.php\/wp-json\/wp\/v2\/posts\/1909","targetHints":{"allow":["GET"]}}],"collection":[{"href":"https:\/\/www.melanie-melcher.de\/index.php\/wp-json\/wp\/v2\/posts"}],"about":[{"href":"https:\/\/www.melanie-melcher.de\/index.php\/wp-json\/wp\/v2\/types\/post"}],"author":[{"embeddable":true,"href":"https:\/\/www.melanie-melcher.de\/index.php\/wp-json\/wp\/v2\/users\/1"}],"replies":[{"embeddable":true,"href":"https:\/\/www.melanie-melcher.de\/index.php\/wp-json\/wp\/v2\/comments?post=1909"}],"version-history":[{"count":5,"href":"https:\/\/www.melanie-melcher.de\/index.php\/wp-json\/wp\/v2\/posts\/1909\/revisions"}],"predecessor-version":[{"id":3907,"href":"https:\/\/www.melanie-melcher.de\/index.php\/wp-json\/wp\/v2\/posts\/1909\/revisions\/3907"}],"wp:featuredmedia":[{"embeddable":true,"href":"https:\/\/www.melanie-melcher.de\/index.php\/wp-json\/wp\/v2\/media\/1910"}],"wp:attachment":[{"href":"https:\/\/www.melanie-melcher.de\/index.php\/wp-json\/wp\/v2\/media?parent=1909"}],"wp:term":[{"taxonomy":"category","embeddable":true,"href":"https:\/\/www.melanie-melcher.de\/index.php\/wp-json\/wp\/v2\/categories?post=1909"},{"taxonomy":"post_tag","embeddable":true,"href":"https:\/\/www.melanie-melcher.de\/index.php\/wp-json\/wp\/v2\/tags?post=1909"}],"curies":[{"name":"wp","href":"https:\/\/api.w.org\/{rel}","templated":true}]}}