{"id":2164,"date":"2016-07-05T21:13:23","date_gmt":"2016-07-05T19:13:23","guid":{"rendered":"http:\/\/www.melanie-melcher.de\/?p=2164"},"modified":"2021-02-01T10:18:44","modified_gmt":"2021-02-01T09:18:44","slug":"dana-sandro-eine-hochzeit-in-ratingen","status":"publish","type":"post","link":"https:\/\/www.melanie-melcher.de\/index.php\/2016\/07\/05\/dana-sandro-eine-hochzeit-in-ratingen\/","title":{"rendered":"Dana &#038; Sandro &#8211; eine Hochzeit in Ratingen"},"content":{"rendered":"<p>Heute darf ich euch Dana und Sandro endlich in meinem Blog vorstellen.<br \/>\nDie beiden gaben sich Anfang Juni das Ja Wort und ich freue mich, dass ich dabei sein durfte.<br \/>\nKennengelernt habe ich beide durch Freunde. Ein paar Worte auf einer Grillparty, ein paar S\u00e4tze auf einem Junggessellenabschied, ein paar Treffen auf Geburtstagen und Co.<br \/>\nAls dann der langersehnte Antrag kam, kam es auch recht flott zu einem Treffen zwischen uns. W\u00e4hrend f\u00fcr Dana Fotos eher wichtig waren, waren sie f\u00fcr Sandro eher die Strafaufgabe auf der Hochzeit. (Ich bin mir sicher, dass sich jetzt einige Herren wieder erkennen)<br \/>\nUnser Tag startete mit dem Getting Ready bei Braut und Br\u00e4utigam. Als ich eintraf war bereits die wunderbare Joanna Pfeifer vor Ort und sorgte bei Champagner f\u00fcr das perfekte Styling einer wundersch\u00f6nen Braut. Mit viel Spa\u00df und guter Laune zauberte sie mit Pinsel, Cremchen und Co ein absolut tolles und nat\u00fcrliches Make-up mit Wow-Effekt. W\u00e4hrend die Braut in den letzten Z\u00fcgen war, nutze ich die Gelegenheit dem Br\u00e4utigam \u00fcber die Schulter zu schauen.<br \/>\nGemeinsam mit diesem machte ich mich dann auf den Weg zur evangelischen Kirche Ratingen-Stadtmitte.<br \/>\nDie Kirche war in den Hochzeitsfarben gelb und wei\u00df geschm\u00fcckt und eine S\u00e4ngerin sorgte gemeinsam mit einem E-Piano bereits f\u00fcr G\u00e4nsehaut. Langsam trafen die G\u00e4ste ein und man sp\u00fcrte die Anspannung.<br \/>\nDer Brautvater lie\u00df mich einen Blick in seine Jackentasche werfen und k\u00fcndigte an, den dort gefundenen Schnaps gegen die Aufregung, gleich noch mit seiner Tochter zu vernichten.<br \/>\nUnd dann war es auch schon so weit. Das Brautauto fuhr vor. W\u00e4hrend Papa und Braut sich noch schnell einen Schluck genehmigten, sorgte der wartende Br\u00e4utigam drinnen bereits f\u00fcr Laufrinnen im Boden.<br \/>\nEs war ein sehr bewegender Gottesdienst mit einer wundersch\u00f6nen und sehr pers\u00f6nlichen Trauansprache. Die musikalische Begleitung sorgte hier und da f\u00fcr Freudentr\u00e4nen.<\/p>\n<p>Im Anschluss ging es f\u00fcr uns weiter zum H\u00fcckels-May nach Krefeld. Am nahe gelegenen Wasserturm von St. T\u00f6nis g\u00f6nnten wir uns eine kleine Auszeit und sorgten f\u00fcr einige zauberhafte Portraits der beiden bevor es dann zur\u00fcck zu den G\u00e4sten ging.<\/p>\n<div class=\"gmedia_gallery mosaic_module is_bot\" id=\"GmediaGallery_72\" data-gmid=\"72\" data-module=\"mosaic\"><style class='gmedia_module_style_import'>@import url('https:\/\/www.melanie-melcher.de\/wp-content\/grand-media\/module\/mosaic\/css\/mosaic.css?v=2.16') all;<\/style>\t<div class=\"gmMosaic_Container noLightbox\" data-gmid=\"72\">\t\t<noscript><a href='https:\/\/www.melanie-melcher.de\/wp-content\/grand-media\/image\/Hochzeitsfotografin_-_Melanie_Melcher-16.jpg'><img class=\"noLazy\" src='https:\/\/www.melanie-melcher.de\/wp-content\/grand-media\/image\/thumb\/Hochzeitsfotografin_-_Melanie_Melcher-16.jpg' alt='Hochzeitsfotografin - Melanie Melcher-16' \/><\/a><a href='https:\/\/www.melanie-melcher.de\/wp-content\/grand-media\/image\/Hochzeitsfotografin_-_Melanie_Melcher-47.jpg'><img class=\"noLazy\" src='https:\/\/www.melanie-melcher.de\/wp-content\/grand-media\/image\/thumb\/Hochzeitsfotografin_-_Melanie_Melcher-47.jpg' alt='Hochzeitsfotografin - Melanie Melcher-47' \/><\/a><a href='https:\/\/www.melanie-melcher.de\/wp-content\/grand-media\/image\/Hochzeitsfotografin_-_Melanie_Melcher-3.jpg'><img class=\"noLazy\" src='https:\/\/www.melanie-melcher.de\/wp-content\/grand-media\/image\/thumb\/Hochzeitsfotografin_-_Melanie_Melcher-3.jpg' alt='Hochzeitsfotografin - Melanie Melcher-3' \/><\/a><a href='https:\/\/www.melanie-melcher.de\/wp-content\/grand-media\/image\/Hochzeitsfotografin_-_Melanie_Melcher-13.jpg'><img class=\"noLazy\" src='https:\/\/www.melanie-melcher.de\/wp-content\/grand-media\/image\/thumb\/Hochzeitsfotografin_-_Melanie_Melcher-13.jpg' alt='Hochzeitsfotografin - Melanie Melcher-13' \/><\/a><a href='https:\/\/www.melanie-melcher.de\/wp-content\/grand-media\/image\/Hochzeitsfotografin_-_Melanie_Melcher-43.jpg'><img class=\"noLazy\" src='https:\/\/www.melanie-melcher.de\/wp-content\/grand-media\/image\/thumb\/Hochzeitsfotografin_-_Melanie_Melcher-43.jpg' alt='Hochzeitsfotografin - Melanie Melcher-43' \/><\/a><a href='https:\/\/www.melanie-melcher.de\/wp-content\/grand-media\/image\/Hochzeitsfotografin_-_Melanie_Melcher-10.jpg'><img class=\"noLazy\" src='https:\/\/www.melanie-melcher.de\/wp-content\/grand-media\/image\/thumb\/Hochzeitsfotografin_-_Melanie_Melcher-10.jpg' alt='Hochzeitsfotografin - Melanie Melcher-10' \/><\/a><a href='https:\/\/www.melanie-melcher.de\/wp-content\/grand-media\/image\/Hochzeitsfotografin_-_Melanie_Melcher-26.jpg'><img class=\"noLazy\" src='https:\/\/www.melanie-melcher.de\/wp-content\/grand-media\/image\/thumb\/Hochzeitsfotografin_-_Melanie_Melcher-26.jpg' alt='Hochzeitsfotografin - Melanie Melcher-26' \/><\/a><a href='https:\/\/www.melanie-melcher.de\/wp-content\/grand-media\/image\/Hochzeitsfotografin_-_Melanie_Melcher-42.jpg'><img class=\"noLazy\" src='https:\/\/www.melanie-melcher.de\/wp-content\/grand-media\/image\/thumb\/Hochzeitsfotografin_-_Melanie_Melcher-42.jpg' alt='Hochzeitsfotografin - Melanie Melcher-42' \/><\/a><a href='https:\/\/www.melanie-melcher.de\/wp-content\/grand-media\/image\/Hochzeitsfotografin_-_Melanie_Melcher-46.jpg'><img class=\"noLazy\" src='https:\/\/www.melanie-melcher.de\/wp-content\/grand-media\/image\/thumb\/Hochzeitsfotografin_-_Melanie_Melcher-46.jpg' alt='Hochzeitsfotografin - Melanie Melcher-46' \/><\/a><a href='https:\/\/www.melanie-melcher.de\/wp-content\/grand-media\/image\/Hochzeitsfotografin_-_Melanie_Melcher-41.jpg'><img class=\"noLazy\" src='https:\/\/www.melanie-melcher.de\/wp-content\/grand-media\/image\/thumb\/Hochzeitsfotografin_-_Melanie_Melcher-41.jpg' alt='Hochzeitsfotografin - Melanie Melcher-41' \/><\/a><a href='https:\/\/www.melanie-melcher.de\/wp-content\/grand-media\/image\/Hochzeitsfotografin_-_Melanie_Melcher-25.jpg'><img class=\"noLazy\" src='https:\/\/www.melanie-melcher.de\/wp-content\/grand-media\/image\/thumb\/Hochzeitsfotografin_-_Melanie_Melcher-25.jpg' alt='Hochzeitsfotografin - Melanie Melcher-25' \/><\/a><a href='https:\/\/www.melanie-melcher.de\/wp-content\/grand-media\/image\/Hochzeitsfotografin_-_Melanie_Melcher-9.jpg'><img class=\"noLazy\" src='https:\/\/www.melanie-melcher.de\/wp-content\/grand-media\/image\/thumb\/Hochzeitsfotografin_-_Melanie_Melcher-9.jpg' alt='Hochzeitsfotografin - Melanie Melcher-9' \/><\/a><a href='https:\/\/www.melanie-melcher.de\/wp-content\/grand-media\/image\/Hochzeitsfotografin_-_Melanie_Melcher-12.jpg'><img class=\"noLazy\" src='https:\/\/www.melanie-melcher.de\/wp-content\/grand-media\/image\/thumb\/Hochzeitsfotografin_-_Melanie_Melcher-12.jpg' alt='Hochzeitsfotografin - Melanie Melcher-12' \/><\/a><a href='https:\/\/www.melanie-melcher.de\/wp-content\/grand-media\/image\/Hochzeitsfotografin_-_Melanie_Melcher-84.jpg'><img class=\"noLazy\" src='https:\/\/www.melanie-melcher.de\/wp-content\/grand-media\/image\/thumb\/Hochzeitsfotografin_-_Melanie_Melcher-84.jpg' alt='Hochzeitsfotografin - Melanie Melcher-84' \/><\/a><a href='https:\/\/www.melanie-melcher.de\/wp-content\/grand-media\/image\/Hochzeitsfotografin_-_Melanie_Melcher-90.jpg'><img class=\"noLazy\" src='https:\/\/www.melanie-melcher.de\/wp-content\/grand-media\/image\/thumb\/Hochzeitsfotografin_-_Melanie_Melcher-90.jpg' alt='Hochzeitsfotografin - Melanie Melcher-90' \/><\/a><a href='https:\/\/www.melanie-melcher.de\/wp-content\/grand-media\/image\/Hochzeitsfotografin_-_Melanie_Melcher-24.jpg'><img class=\"noLazy\" src='https:\/\/www.melanie-melcher.de\/wp-content\/grand-media\/image\/thumb\/Hochzeitsfotografin_-_Melanie_Melcher-24.jpg' alt='Hochzeitsfotografin - Melanie Melcher-24' \/><\/a><a href='https:\/\/www.melanie-melcher.de\/wp-content\/grand-media\/image\/Hochzeitsfotografin_-_Melanie_Melcher-74.jpg'><img class=\"noLazy\" src='https:\/\/www.melanie-melcher.de\/wp-content\/grand-media\/image\/thumb\/Hochzeitsfotografin_-_Melanie_Melcher-74.jpg' alt='Hochzeitsfotografin - Melanie Melcher-74' \/><\/a><a href='https:\/\/www.melanie-melcher.de\/wp-content\/grand-media\/image\/Hochzeitsfotografin_-_Melanie_Melcher.jpg'><img class=\"noLazy\" src='https:\/\/www.melanie-melcher.de\/wp-content\/grand-media\/image\/thumb\/Hochzeitsfotografin_-_Melanie_Melcher.jpg' alt='Hochzeitsfotografin - Melanie Melcher' \/><\/a><a href='https:\/\/www.melanie-melcher.de\/wp-content\/grand-media\/image\/Hochzeitsfotografin_-_Melanie_Melcher-29.jpg'><img class=\"noLazy\" src='https:\/\/www.melanie-melcher.de\/wp-content\/grand-media\/image\/thumb\/Hochzeitsfotografin_-_Melanie_Melcher-29.jpg' alt='Hochzeitsfotografin - Melanie Melcher-29' \/><\/a><a href='https:\/\/www.melanie-melcher.de\/wp-content\/grand-media\/image\/Hochzeitsfotografin_-_Melanie_Melcher-88.jpg'><img class=\"noLazy\" src='https:\/\/www.melanie-melcher.de\/wp-content\/grand-media\/image\/thumb\/Hochzeitsfotografin_-_Melanie_Melcher-88.jpg' alt='Hochzeitsfotografin - Melanie Melcher-88' \/><\/a><a href='https:\/\/www.melanie-melcher.de\/wp-content\/grand-media\/image\/Hochzeitsfotografin_-_Melanie_Melcher-52.jpg'><img class=\"noLazy\" src='https:\/\/www.melanie-melcher.de\/wp-content\/grand-media\/image\/thumb\/Hochzeitsfotografin_-_Melanie_Melcher-52.jpg' alt='Hochzeitsfotografin - Melanie Melcher-52' \/><\/a><a href='https:\/\/www.melanie-melcher.de\/wp-content\/grand-media\/image\/Hochzeitsfotografin_-_Melanie_Melcher-5.jpg'><img class=\"noLazy\" src='https:\/\/www.melanie-melcher.de\/wp-content\/grand-media\/image\/thumb\/Hochzeitsfotografin_-_Melanie_Melcher-5.jpg' alt='Hochzeitsfotografin - Melanie Melcher-5' \/><\/a><a href='https:\/\/www.melanie-melcher.de\/wp-content\/grand-media\/image\/Hochzeitsfotografin_-_Melanie_Melcher-22.jpg'><img class=\"noLazy\" src='https:\/\/www.melanie-melcher.de\/wp-content\/grand-media\/image\/thumb\/Hochzeitsfotografin_-_Melanie_Melcher-22.jpg' alt='Hochzeitsfotografin - Melanie Melcher-22' \/><\/a><a href='https:\/\/www.melanie-melcher.de\/wp-content\/grand-media\/image\/Hochzeitsfotografin_-_Melanie_Melcher-33.jpg'><img class=\"noLazy\" src='https:\/\/www.melanie-melcher.de\/wp-content\/grand-media\/image\/thumb\/Hochzeitsfotografin_-_Melanie_Melcher-33.jpg' alt='Hochzeitsfotografin - Melanie Melcher-33' \/><\/a><a href='https:\/\/www.melanie-melcher.de\/wp-content\/grand-media\/image\/Hochzeitsfotografin_-_Melanie_Melcher-81.jpg'><img class=\"noLazy\" src='https:\/\/www.melanie-melcher.de\/wp-content\/grand-media\/image\/thumb\/Hochzeitsfotografin_-_Melanie_Melcher-81.jpg' alt='Hochzeitsfotografin - Melanie Melcher-81' \/><\/a><a href='https:\/\/www.melanie-melcher.de\/wp-content\/grand-media\/image\/Hochzeitsfotografin_-_Melanie_Melcher-55.jpg'><img class=\"noLazy\" src='https:\/\/www.melanie-melcher.de\/wp-content\/grand-media\/image\/thumb\/Hochzeitsfotografin_-_Melanie_Melcher-55.jpg' alt='Hochzeitsfotografin - Melanie Melcher-55' \/><\/a><a href='https:\/\/www.melanie-melcher.de\/wp-content\/grand-media\/image\/Hochzeitsfotografin_-_Melanie_Melcher-36.jpg'><img class=\"noLazy\" src='https:\/\/www.melanie-melcher.de\/wp-content\/grand-media\/image\/thumb\/Hochzeitsfotografin_-_Melanie_Melcher-36.jpg' alt='Hochzeitsfotografin - Melanie Melcher-36' \/><\/a><a href='https:\/\/www.melanie-melcher.de\/wp-content\/grand-media\/image\/Hochzeitsfotografin_-_Melanie_Melcher-51.jpg'><img class=\"noLazy\" src='https:\/\/www.melanie-melcher.de\/wp-content\/grand-media\/image\/thumb\/Hochzeitsfotografin_-_Melanie_Melcher-51.jpg' alt='Hochzeitsfotografin - Melanie Melcher-51' \/><\/a><a href='https:\/\/www.melanie-melcher.de\/wp-content\/grand-media\/image\/Hochzeitsfotografin_-_Melanie_Melcher-66.jpg'><img class=\"noLazy\" src='https:\/\/www.melanie-melcher.de\/wp-content\/grand-media\/image\/thumb\/Hochzeitsfotografin_-_Melanie_Melcher-66.jpg' alt='Hochzeitsfotografin - Melanie Melcher-66' \/><\/a><a href='https:\/\/www.melanie-melcher.de\/wp-content\/grand-media\/image\/Hochzeitsfotografin_-_Melanie_Melcher-34.jpg'><img class=\"noLazy\" src='https:\/\/www.melanie-melcher.de\/wp-content\/grand-media\/image\/thumb\/Hochzeitsfotografin_-_Melanie_Melcher-34.jpg' alt='Hochzeitsfotografin - Melanie Melcher-34' \/><\/a><a href='https:\/\/www.melanie-melcher.de\/wp-content\/grand-media\/image\/Hochzeitsfotografin_-_Melanie_Melcher-71.jpg'><img class=\"noLazy\" src='https:\/\/www.melanie-melcher.de\/wp-content\/grand-media\/image\/thumb\/Hochzeitsfotografin_-_Melanie_Melcher-71.jpg' alt='Hochzeitsfotografin - Melanie Melcher-71' \/><\/a><a href='https:\/\/www.melanie-melcher.de\/wp-content\/grand-media\/image\/Hochzeitsfotografin_-_Melanie_Melcher-60.jpg'><img class=\"noLazy\" src='https:\/\/www.melanie-melcher.de\/wp-content\/grand-media\/image\/thumb\/Hochzeitsfotografin_-_Melanie_Melcher-60.jpg' alt='Hochzeitsfotografin - Melanie Melcher-60' \/><\/a><a href='https:\/\/www.melanie-melcher.de\/wp-content\/grand-media\/image\/Hochzeitsfotografin_-_Melanie_Melcher-89.jpg'><img class=\"noLazy\" src='https:\/\/www.melanie-melcher.de\/wp-content\/grand-media\/image\/thumb\/Hochzeitsfotografin_-_Melanie_Melcher-89.jpg' alt='Hochzeitsfotografin - Melanie Melcher-89' \/><\/a><a href='https:\/\/www.melanie-melcher.de\/wp-content\/grand-media\/image\/Hochzeitsfotografin_-_Melanie_Melcher-62.jpg'><img class=\"noLazy\" src='https:\/\/www.melanie-melcher.de\/wp-content\/grand-media\/image\/thumb\/Hochzeitsfotografin_-_Melanie_Melcher-62.jpg' alt='Hochzeitsfotografin - Melanie Melcher-62' \/><\/a><a href='https:\/\/www.melanie-melcher.de\/wp-content\/grand-media\/image\/Hochzeitsfotografin_-_Melanie_Melcher-7.jpg'><img class=\"noLazy\" src='https:\/\/www.melanie-melcher.de\/wp-content\/grand-media\/image\/thumb\/Hochzeitsfotografin_-_Melanie_Melcher-7.jpg' alt='Hochzeitsfotografin - Melanie Melcher-7' \/><\/a><a href='https:\/\/www.melanie-melcher.de\/wp-content\/grand-media\/image\/Hochzeitsfotografin_-_Melanie_Melcher-17.jpg'><img class=\"noLazy\" src='https:\/\/www.melanie-melcher.de\/wp-content\/grand-media\/image\/thumb\/Hochzeitsfotografin_-_Melanie_Melcher-17.jpg' alt='Hochzeitsfotografin - Melanie Melcher-17' \/><\/a><a href='https:\/\/www.melanie-melcher.de\/wp-content\/grand-media\/image\/Hochzeitsfotografin_-_Melanie_Melcher-38.jpg'><img class=\"noLazy\" src='https:\/\/www.melanie-melcher.de\/wp-content\/grand-media\/image\/thumb\/Hochzeitsfotografin_-_Melanie_Melcher-38.jpg' alt='Hochzeitsfotografin - Melanie Melcher-38' \/><\/a><a href='https:\/\/www.melanie-melcher.de\/wp-content\/grand-media\/image\/Hochzeitsfotografin_-_Melanie_Melcher-54.jpg'><img class=\"noLazy\" src='https:\/\/www.melanie-melcher.de\/wp-content\/grand-media\/image\/thumb\/Hochzeitsfotografin_-_Melanie_Melcher-54.jpg' alt='Hochzeitsfotografin - Melanie Melcher-54' \/><\/a><a href='https:\/\/www.melanie-melcher.de\/wp-content\/grand-media\/image\/Hochzeitsfotografin_-_Melanie_Melcher-39.jpg'><img class=\"noLazy\" src='https:\/\/www.melanie-melcher.de\/wp-content\/grand-media\/image\/thumb\/Hochzeitsfotografin_-_Melanie_Melcher-39.jpg' alt='Hochzeitsfotografin - Melanie Melcher-39' \/><\/a><a href='https:\/\/www.melanie-melcher.de\/wp-content\/grand-media\/image\/Hochzeitsfotografin_-_Melanie_Melcher-19.jpg'><img class=\"noLazy\" src='https:\/\/www.melanie-melcher.de\/wp-content\/grand-media\/image\/thumb\/Hochzeitsfotografin_-_Melanie_Melcher-19.jpg' alt='Hochzeitsfotografin - Melanie Melcher-19' \/><\/a><a href='https:\/\/www.melanie-melcher.de\/wp-content\/grand-media\/image\/Hochzeitsfotografin_-_Melanie_Melcher-87.jpg'><img class=\"noLazy\" src='https:\/\/www.melanie-melcher.de\/wp-content\/grand-media\/image\/thumb\/Hochzeitsfotografin_-_Melanie_Melcher-87.jpg' alt='Hochzeitsfotografin - Melanie Melcher-87' \/><\/a><a href='https:\/\/www.melanie-melcher.de\/wp-content\/grand-media\/image\/Hochzeitsfotografin_-_Melanie_Melcher-67.jpg'><img class=\"noLazy\" src='https:\/\/www.melanie-melcher.de\/wp-content\/grand-media\/image\/thumb\/Hochzeitsfotografin_-_Melanie_Melcher-67.jpg' alt='Hochzeitsfotografin - Melanie Melcher-67' \/><\/a><a href='https:\/\/www.melanie-melcher.de\/wp-content\/grand-media\/image\/Hochzeitsfotografin_-_Melanie_Melcher-58.jpg'><img class=\"noLazy\" src='https:\/\/www.melanie-melcher.de\/wp-content\/grand-media\/image\/thumb\/Hochzeitsfotografin_-_Melanie_Melcher-58.jpg' alt='Hochzeitsfotografin - Melanie Melcher-58' \/><\/a><a href='https:\/\/www.melanie-melcher.de\/wp-content\/grand-media\/image\/Hochzeitsfotografin_-_Melanie_Melcher-82.jpg'><img class=\"noLazy\" src='https:\/\/www.melanie-melcher.de\/wp-content\/grand-media\/image\/thumb\/Hochzeitsfotografin_-_Melanie_Melcher-82.jpg' alt='Hochzeitsfotografin - Melanie Melcher-82' \/><\/a><a href='https:\/\/www.melanie-melcher.de\/wp-content\/grand-media\/image\/Hochzeitsfotografin_-_Melanie_Melcher-80.jpg'><img class=\"noLazy\" src='https:\/\/www.melanie-melcher.de\/wp-content\/grand-media\/image\/thumb\/Hochzeitsfotografin_-_Melanie_Melcher-80.jpg' alt='Hochzeitsfotografin - Melanie Melcher-80' \/><\/a><a href='https:\/\/www.melanie-melcher.de\/wp-content\/grand-media\/image\/Hochzeitsfotografin_-_Melanie_Melcher-28.jpg'><img class=\"noLazy\" src='https:\/\/www.melanie-melcher.de\/wp-content\/grand-media\/image\/thumb\/Hochzeitsfotografin_-_Melanie_Melcher-28.jpg' alt='Hochzeitsfotografin - Melanie Melcher-28' \/><\/a><a href='https:\/\/www.melanie-melcher.de\/wp-content\/grand-media\/image\/Hochzeitsfotografin_-_Melanie_Melcher-21.jpg'><img class=\"noLazy\" src='https:\/\/www.melanie-melcher.de\/wp-content\/grand-media\/image\/thumb\/Hochzeitsfotografin_-_Melanie_Melcher-21.jpg' alt='Hochzeitsfotografin - Melanie Melcher-21' \/><\/a><a href='https:\/\/www.melanie-melcher.de\/wp-content\/grand-media\/image\/Hochzeitsfotografin_-_Melanie_Melcher-20.jpg'><img class=\"noLazy\" src='https:\/\/www.melanie-melcher.de\/wp-content\/grand-media\/image\/thumb\/Hochzeitsfotografin_-_Melanie_Melcher-20.jpg' alt='Hochzeitsfotografin - Melanie Melcher-20' \/><\/a><a href='https:\/\/www.melanie-melcher.de\/wp-content\/grand-media\/image\/Hochzeitsfotografin_-_Melanie_Melcher-73.jpg'><img class=\"noLazy\" src='https:\/\/www.melanie-melcher.de\/wp-content\/grand-media\/image\/thumb\/Hochzeitsfotografin_-_Melanie_Melcher-73.jpg' alt='Hochzeitsfotografin - Melanie Melcher-73' \/><\/a><a href='https:\/\/www.melanie-melcher.de\/wp-content\/grand-media\/image\/Hochzeitsfotografin_-_Melanie_Melcher-68.jpg'><img class=\"noLazy\" src='https:\/\/www.melanie-melcher.de\/wp-content\/grand-media\/image\/thumb\/Hochzeitsfotografin_-_Melanie_Melcher-68.jpg' alt='Hochzeitsfotografin - Melanie Melcher-68' \/><\/a><a href='https:\/\/www.melanie-melcher.de\/wp-content\/grand-media\/image\/Hochzeitsfotografin_-_Melanie_Melcher-69.jpg'><img class=\"noLazy\" src='https:\/\/www.melanie-melcher.de\/wp-content\/grand-media\/image\/thumb\/Hochzeitsfotografin_-_Melanie_Melcher-69.jpg' alt='Hochzeitsfotografin - Melanie Melcher-69' \/><\/a><a href='https:\/\/www.melanie-melcher.de\/wp-content\/grand-media\/image\/Hochzeitsfotografin_-_Melanie_Melcher-4.jpg'><img class=\"noLazy\" src='https:\/\/www.melanie-melcher.de\/wp-content\/grand-media\/image\/thumb\/Hochzeitsfotografin_-_Melanie_Melcher-4.jpg' alt='Hochzeitsfotografin - Melanie Melcher-4' \/><\/a><a href='https:\/\/www.melanie-melcher.de\/wp-content\/grand-media\/image\/Hochzeitsfotografin_-_Melanie_Melcher-61.jpg'><img class=\"noLazy\" src='https:\/\/www.melanie-melcher.de\/wp-content\/grand-media\/image\/thumb\/Hochzeitsfotografin_-_Melanie_Melcher-61.jpg' alt='Hochzeitsfotografin - Melanie Melcher-61' \/><\/a><a href='https:\/\/www.melanie-melcher.de\/wp-content\/grand-media\/image\/Hochzeitsfotografin_-_Melanie_Melcher-91.jpg'><img class=\"noLazy\" src='https:\/\/www.melanie-melcher.de\/wp-content\/grand-media\/image\/thumb\/Hochzeitsfotografin_-_Melanie_Melcher-91.jpg' alt='Hochzeitsfotografin - Melanie Melcher-91' \/><\/a><a href='https:\/\/www.melanie-melcher.de\/wp-content\/grand-media\/image\/Hochzeitsfotografin_-_Melanie_Melcher-50.jpg'><img class=\"noLazy\" src='https:\/\/www.melanie-melcher.de\/wp-content\/grand-media\/image\/thumb\/Hochzeitsfotografin_-_Melanie_Melcher-50.jpg' alt='Hochzeitsfotografin - Melanie Melcher-50' \/><\/a><a href='https:\/\/www.melanie-melcher.de\/wp-content\/grand-media\/image\/Hochzeitsfotografin_-_Melanie_Melcher-48.jpg'><img class=\"noLazy\" src='https:\/\/www.melanie-melcher.de\/wp-content\/grand-media\/image\/thumb\/Hochzeitsfotografin_-_Melanie_Melcher-48.jpg' alt='Hochzeitsfotografin - Melanie Melcher-48' \/><\/a><a href='https:\/\/www.melanie-melcher.de\/wp-content\/grand-media\/image\/Hochzeitsfotografin_-_Melanie_Melcher-86.jpg'><img class=\"noLazy\" src='https:\/\/www.melanie-melcher.de\/wp-content\/grand-media\/image\/thumb\/Hochzeitsfotografin_-_Melanie_Melcher-86.jpg' alt='Hochzeitsfotografin - Melanie Melcher-86' \/><\/a><a href='https:\/\/www.melanie-melcher.de\/wp-content\/grand-media\/image\/Hochzeitsfotografin_-_Melanie_Melcher-63.jpg'><img class=\"noLazy\" src='https:\/\/www.melanie-melcher.de\/wp-content\/grand-media\/image\/thumb\/Hochzeitsfotografin_-_Melanie_Melcher-63.jpg' alt='Hochzeitsfotografin - Melanie Melcher-63' \/><\/a><a href='https:\/\/www.melanie-melcher.de\/wp-content\/grand-media\/image\/Hochzeitsfotografin_-_Melanie_Melcher-14.jpg'><img class=\"noLazy\" src='https:\/\/www.melanie-melcher.de\/wp-content\/grand-media\/image\/thumb\/Hochzeitsfotografin_-_Melanie_Melcher-14.jpg' alt='Hochzeitsfotografin - Melanie Melcher-14' \/><\/a><a href='https:\/\/www.melanie-melcher.de\/wp-content\/grand-media\/image\/Hochzeitsfotografin_-_Melanie_Melcher-2.jpg'><img class=\"noLazy\" src='https:\/\/www.melanie-melcher.de\/wp-content\/grand-media\/image\/thumb\/Hochzeitsfotografin_-_Melanie_Melcher-2.jpg' alt='Hochzeitsfotografin - Melanie Melcher-2' \/><\/a><a href='https:\/\/www.melanie-melcher.de\/wp-content\/grand-media\/image\/Hochzeitsfotografin_-_Melanie_Melcher-45.jpg'><img class=\"noLazy\" src='https:\/\/www.melanie-melcher.de\/wp-content\/grand-media\/image\/thumb\/Hochzeitsfotografin_-_Melanie_Melcher-45.jpg' alt='Hochzeitsfotografin - Melanie Melcher-45' \/><\/a><a href='https:\/\/www.melanie-melcher.de\/wp-content\/grand-media\/image\/Hochzeitsfotografin_-_Melanie_Melcher-49.jpg'><img class=\"noLazy\" src='https:\/\/www.melanie-melcher.de\/wp-content\/grand-media\/image\/thumb\/Hochzeitsfotografin_-_Melanie_Melcher-49.jpg' alt='Hochzeitsfotografin - Melanie Melcher-49' \/><\/a><a href='https:\/\/www.melanie-melcher.de\/wp-content\/grand-media\/image\/Hochzeitsfotografin_-_Melanie_Melcher-93.jpg'><img class=\"noLazy\" src='https:\/\/www.melanie-melcher.de\/wp-content\/grand-media\/image\/thumb\/Hochzeitsfotografin_-_Melanie_Melcher-93.jpg' alt='Hochzeitsfotografin - Melanie Melcher-93' \/><\/a><a href='https:\/\/www.melanie-melcher.de\/wp-content\/grand-media\/image\/Hochzeitsfotografin_-_Melanie_Melcher-78.jpg'><img class=\"noLazy\" src='https:\/\/www.melanie-melcher.de\/wp-content\/grand-media\/image\/thumb\/Hochzeitsfotografin_-_Melanie_Melcher-78.jpg' alt='Hochzeitsfotografin - Melanie Melcher-78' \/><\/a><a href='https:\/\/www.melanie-melcher.de\/wp-content\/grand-media\/image\/Hochzeitsfotografin_-_Melanie_Melcher-35.jpg'><img class=\"noLazy\" src='https:\/\/www.melanie-melcher.de\/wp-content\/grand-media\/image\/thumb\/Hochzeitsfotografin_-_Melanie_Melcher-35.jpg' alt='Hochzeitsfotografin - Melanie Melcher-35' \/><\/a><a href='https:\/\/www.melanie-melcher.de\/wp-content\/grand-media\/image\/Hochzeitsfotografin_-_Melanie_Melcher-8.jpg'><img class=\"noLazy\" src='https:\/\/www.melanie-melcher.de\/wp-content\/grand-media\/image\/thumb\/Hochzeitsfotografin_-_Melanie_Melcher-8.jpg' alt='Hochzeitsfotografin - Melanie Melcher-8' \/><\/a><a href='https:\/\/www.melanie-melcher.de\/wp-content\/grand-media\/image\/Hochzeitsfotografin_-_Melanie_Melcher-37.jpg'><img class=\"noLazy\" src='https:\/\/www.melanie-melcher.de\/wp-content\/grand-media\/image\/thumb\/Hochzeitsfotografin_-_Melanie_Melcher-37.jpg' alt='Hochzeitsfotografin - Melanie Melcher-37' \/><\/a><a href='https:\/\/www.melanie-melcher.de\/wp-content\/grand-media\/image\/Hochzeitsfotografin_-_Melanie_Melcher-11.jpg'><img class=\"noLazy\" src='https:\/\/www.melanie-melcher.de\/wp-content\/grand-media\/image\/thumb\/Hochzeitsfotografin_-_Melanie_Melcher-11.jpg' alt='Hochzeitsfotografin - Melanie Melcher-11' \/><\/a><a href='https:\/\/www.melanie-melcher.de\/wp-content\/grand-media\/image\/Hochzeitsfotografin_-_Melanie_Melcher-77.jpg'><img class=\"noLazy\" src='https:\/\/www.melanie-melcher.de\/wp-content\/grand-media\/image\/thumb\/Hochzeitsfotografin_-_Melanie_Melcher-77.jpg' alt='Hochzeitsfotografin - Melanie Melcher-77' \/><\/a><a href='https:\/\/www.melanie-melcher.de\/wp-content\/grand-media\/image\/Hochzeitsfotografin_-_Melanie_Melcher-57.jpg'><img class=\"noLazy\" src='https:\/\/www.melanie-melcher.de\/wp-content\/grand-media\/image\/thumb\/Hochzeitsfotografin_-_Melanie_Melcher-57.jpg' alt='Hochzeitsfotografin - Melanie Melcher-57' \/><\/a><a href='https:\/\/www.melanie-melcher.de\/wp-content\/grand-media\/image\/Hochzeitsfotografin_-_Melanie_Melcher-64.jpg'><img class=\"noLazy\" src='https:\/\/www.melanie-melcher.de\/wp-content\/grand-media\/image\/thumb\/Hochzeitsfotografin_-_Melanie_Melcher-64.jpg' alt='Hochzeitsfotografin - Melanie Melcher-64' \/><\/a><a href='https:\/\/www.melanie-melcher.de\/wp-content\/grand-media\/image\/Hochzeitsfotografin_-_Melanie_Melcher-15.jpg'><img class=\"noLazy\" src='https:\/\/www.melanie-melcher.de\/wp-content\/grand-media\/image\/thumb\/Hochzeitsfotografin_-_Melanie_Melcher-15.jpg' alt='Hochzeitsfotografin - Melanie Melcher-15' \/><\/a><a href='https:\/\/www.melanie-melcher.de\/wp-content\/grand-media\/image\/Hochzeitsfotografin_-_Melanie_Melcher-56.jpg'><img class=\"noLazy\" src='https:\/\/www.melanie-melcher.de\/wp-content\/grand-media\/image\/thumb\/Hochzeitsfotografin_-_Melanie_Melcher-56.jpg' alt='Hochzeitsfotografin - Melanie Melcher-56' \/><\/a><a href='https:\/\/www.melanie-melcher.de\/wp-content\/grand-media\/image\/Hochzeitsfotografin_-_Melanie_Melcher-18.jpg'><img class=\"noLazy\" src='https:\/\/www.melanie-melcher.de\/wp-content\/grand-media\/image\/thumb\/Hochzeitsfotografin_-_Melanie_Melcher-18.jpg' alt='Hochzeitsfotografin - Melanie Melcher-18' \/><\/a><a href='https:\/\/www.melanie-melcher.de\/wp-content\/grand-media\/image\/Hochzeitsfotografin_-_Melanie_Melcher-30.jpg'><img class=\"noLazy\" src='https:\/\/www.melanie-melcher.de\/wp-content\/grand-media\/image\/thumb\/Hochzeitsfotografin_-_Melanie_Melcher-30.jpg' alt='Hochzeitsfotografin - Melanie Melcher-30' \/><\/a><a href='https:\/\/www.melanie-melcher.de\/wp-content\/grand-media\/image\/Hochzeitsfotografin_-_Melanie_Melcher-83.jpg'><img class=\"noLazy\" src='https:\/\/www.melanie-melcher.de\/wp-content\/grand-media\/image\/thumb\/Hochzeitsfotografin_-_Melanie_Melcher-83.jpg' alt='Hochzeitsfotografin - Melanie Melcher-83' \/><\/a><a href='https:\/\/www.melanie-melcher.de\/wp-content\/grand-media\/image\/Hochzeitsfotografin_-_Melanie_Melcher-27.jpg'><img class=\"noLazy\" src='https:\/\/www.melanie-melcher.de\/wp-content\/grand-media\/image\/thumb\/Hochzeitsfotografin_-_Melanie_Melcher-27.jpg' alt='Hochzeitsfotografin - Melanie Melcher-27' \/><\/a><a href='https:\/\/www.melanie-melcher.de\/wp-content\/grand-media\/image\/Hochzeitsfotografin_-_Melanie_Melcher-92.jpg'><img class=\"noLazy\" src='https:\/\/www.melanie-melcher.de\/wp-content\/grand-media\/image\/thumb\/Hochzeitsfotografin_-_Melanie_Melcher-92.jpg' alt='Hochzeitsfotografin - Melanie Melcher-92' \/><\/a><a href='https:\/\/www.melanie-melcher.de\/wp-content\/grand-media\/image\/Hochzeitsfotografin_-_Melanie_Melcher-59.jpg'><img class=\"noLazy\" src='https:\/\/www.melanie-melcher.de\/wp-content\/grand-media\/image\/thumb\/Hochzeitsfotografin_-_Melanie_Melcher-59.jpg' alt='Hochzeitsfotografin - Melanie Melcher-59' \/><\/a><a href='https:\/\/www.melanie-melcher.de\/wp-content\/grand-media\/image\/Hochzeitsfotografin_-_Melanie_Melcher-65.jpg'><img class=\"noLazy\" src='https:\/\/www.melanie-melcher.de\/wp-content\/grand-media\/image\/thumb\/Hochzeitsfotografin_-_Melanie_Melcher-65.jpg' alt='Hochzeitsfotografin - Melanie Melcher-65' \/><\/a><a href='https:\/\/www.melanie-melcher.de\/wp-content\/grand-media\/image\/Hochzeitsfotografin_-_Melanie_Melcher-44.jpg'><img class=\"noLazy\" src='https:\/\/www.melanie-melcher.de\/wp-content\/grand-media\/image\/thumb\/Hochzeitsfotografin_-_Melanie_Melcher-44.jpg' alt='Hochzeitsfotografin - Melanie Melcher-44' \/><\/a><a href='https:\/\/www.melanie-melcher.de\/wp-content\/grand-media\/image\/Hochzeitsfotografin_-_Melanie_Melcher-6.jpg'><img class=\"noLazy\" src='https:\/\/www.melanie-melcher.de\/wp-content\/grand-media\/image\/thumb\/Hochzeitsfotografin_-_Melanie_Melcher-6.jpg' alt='Hochzeitsfotografin - Melanie Melcher-6' \/><\/a><a href='https:\/\/www.melanie-melcher.de\/wp-content\/grand-media\/image\/Hochzeitsfotografin_-_Melanie_Melcher-53.jpg'><img class=\"noLazy\" src='https:\/\/www.melanie-melcher.de\/wp-content\/grand-media\/image\/thumb\/Hochzeitsfotografin_-_Melanie_Melcher-53.jpg' alt='Hochzeitsfotografin - Melanie Melcher-53' \/><\/a><\/noscript><\/div>\n\t\t<script type=\"text\/javascript\">\n\t\t\tdocument.addEventListener( 'DOMContentLoaded', function() {\n\t\t\t\tjQuery( function( $ ) {\n\t\t\t\t\tvar settings = {\"columns\":\"3\",\"lightbox_mobile\":\"0\",\"ID\":\"72\",\"name\":\"Dana & Sandro\",\"is_mobile\":false,\"module_dirurl\":\"https:\\\/\\\/www.melanie-melcher.de\\\/wp-content\\\/grand-media\\\/module\\\/mosaic\"};\n\t\t\t\t\tvar gmedia_mosaic_content = [{\"id\":\"1181\",\"type\":\"image\",\"ext\":\"jpg\",\"src\":\"\\\/image\\\/Hochzeitsfotografin_-_Melanie_Melcher-16.jpg\",\"sizes\":{\"thumb\":\"https:\\\/\\\/www.melanie-melcher.de\\\/wp-content\\\/grand-media\\\/image\\\/thumb\\\/Hochzeitsfotografin_-_Melanie_Melcher-16.jpg\",\"full\":\"https:\\\/\\\/www.melanie-melcher.de\\\/wp-content\\\/grand-media\\\/image\\\/Hochzeitsfotografin_-_Melanie_Melcher-16.jpg\"},\"title\":\"Hochzeitsfotografin - Melanie Melcher-16\",\"alt\":\"Hochzeitsfotografin - Melanie Melcher-16\",\"caption\":\"\",\"url\":\"\",\"post_link\":\"https:\\\/\\\/www.melanie-melcher.de\\\/index.php\\\/gmedia\\\/hochzeitsfotografin_-_melanie_melcher-16-jpg\\\/\",\"cc\":0,\"views\":12,\"likes\":0,\"width\":800,\"height\":533},{\"id\":\"1212\",\"type\":\"image\",\"ext\":\"jpg\",\"src\":\"\\\/image\\\/Hochzeitsfotografin_-_Melanie_Melcher-47.jpg\",\"sizes\":{\"thumb\":\"https:\\\/\\\/www.melanie-melcher.de\\\/wp-content\\\/grand-media\\\/image\\\/thumb\\\/Hochzeitsfotografin_-_Melanie_Melcher-47.jpg\",\"full\":\"https:\\\/\\\/www.melanie-melcher.de\\\/wp-content\\\/grand-media\\\/image\\\/Hochzeitsfotografin_-_Melanie_Melcher-47.jpg\"},\"title\":\"Hochzeitsfotografin - Melanie Melcher-47\",\"alt\":\"Hochzeitsfotografin - Melanie Melcher-47\",\"caption\":\"\",\"url\":\"\",\"post_link\":\"https:\\\/\\\/www.melanie-melcher.de\\\/index.php\\\/gmedia\\\/hochzeitsfotografin_-_melanie_melcher-47-jpg\\\/\",\"cc\":0,\"views\":11,\"likes\":0,\"width\":800,\"height\":533},{\"id\":\"1168\",\"type\":\"image\",\"ext\":\"jpg\",\"src\":\"\\\/image\\\/Hochzeitsfotografin_-_Melanie_Melcher-3.jpg\",\"sizes\":{\"thumb\":\"https:\\\/\\\/www.melanie-melcher.de\\\/wp-content\\\/grand-media\\\/image\\\/thumb\\\/Hochzeitsfotografin_-_Melanie_Melcher-3.jpg\",\"full\":\"https:\\\/\\\/www.melanie-melcher.de\\\/wp-content\\\/grand-media\\\/image\\\/Hochzeitsfotografin_-_Melanie_Melcher-3.jpg\"},\"title\":\"Hochzeitsfotografin - Melanie Melcher-3\",\"alt\":\"Hochzeitsfotografin - Melanie Melcher-3\",\"caption\":\"\",\"url\":\"\",\"post_link\":\"https:\\\/\\\/www.melanie-melcher.de\\\/index.php\\\/gmedia\\\/hochzeitsfotografin_-_melanie_melcher-3-jpg\\\/\",\"cc\":0,\"views\":10,\"likes\":0,\"width\":800,\"height\":533},{\"id\":\"1178\",\"type\":\"image\",\"ext\":\"jpg\",\"src\":\"\\\/image\\\/Hochzeitsfotografin_-_Melanie_Melcher-13.jpg\",\"sizes\":{\"thumb\":\"https:\\\/\\\/www.melanie-melcher.de\\\/wp-content\\\/grand-media\\\/image\\\/thumb\\\/Hochzeitsfotografin_-_Melanie_Melcher-13.jpg\",\"full\":\"https:\\\/\\\/www.melanie-melcher.de\\\/wp-content\\\/grand-media\\\/image\\\/Hochzeitsfotografin_-_Melanie_Melcher-13.jpg\"},\"title\":\"Hochzeitsfotografin - Melanie Melcher-13\",\"alt\":\"Hochzeitsfotografin - Melanie Melcher-13\",\"caption\":\"\",\"url\":\"\",\"post_link\":\"https:\\\/\\\/www.melanie-melcher.de\\\/index.php\\\/gmedia\\\/hochzeitsfotografin_-_melanie_melcher-13-jpg\\\/\",\"cc\":0,\"views\":13,\"likes\":0,\"width\":800,\"height\":533},{\"id\":\"1208\",\"type\":\"image\",\"ext\":\"jpg\",\"src\":\"\\\/image\\\/Hochzeitsfotografin_-_Melanie_Melcher-43.jpg\",\"sizes\":{\"thumb\":\"https:\\\/\\\/www.melanie-melcher.de\\\/wp-content\\\/grand-media\\\/image\\\/thumb\\\/Hochzeitsfotografin_-_Melanie_Melcher-43.jpg\",\"full\":\"https:\\\/\\\/www.melanie-melcher.de\\\/wp-content\\\/grand-media\\\/image\\\/Hochzeitsfotografin_-_Melanie_Melcher-43.jpg\"},\"title\":\"Hochzeitsfotografin - Melanie Melcher-43\",\"alt\":\"Hochzeitsfotografin - Melanie Melcher-43\",\"caption\":\"\",\"url\":\"\",\"post_link\":\"https:\\\/\\\/www.melanie-melcher.de\\\/index.php\\\/gmedia\\\/hochzeitsfotografin_-_melanie_melcher-43-jpg\\\/\",\"cc\":0,\"views\":10,\"likes\":0,\"width\":533,\"height\":800},{\"id\":\"1175\",\"type\":\"image\",\"ext\":\"jpg\",\"src\":\"\\\/image\\\/Hochzeitsfotografin_-_Melanie_Melcher-10.jpg\",\"sizes\":{\"thumb\":\"https:\\\/\\\/www.melanie-melcher.de\\\/wp-content\\\/grand-media\\\/image\\\/thumb\\\/Hochzeitsfotografin_-_Melanie_Melcher-10.jpg\",\"full\":\"https:\\\/\\\/www.melanie-melcher.de\\\/wp-content\\\/grand-media\\\/image\\\/Hochzeitsfotografin_-_Melanie_Melcher-10.jpg\"},\"title\":\"Hochzeitsfotografin - Melanie Melcher-10\",\"alt\":\"Hochzeitsfotografin - Melanie Melcher-10\",\"caption\":\"\",\"url\":\"\",\"post_link\":\"https:\\\/\\\/www.melanie-melcher.de\\\/index.php\\\/gmedia\\\/hochzeitsfotografin_-_melanie_melcher-10-jpg\\\/\",\"cc\":0,\"views\":9,\"likes\":0,\"width\":800,\"height\":533},{\"id\":\"1191\",\"type\":\"image\",\"ext\":\"jpg\",\"src\":\"\\\/image\\\/Hochzeitsfotografin_-_Melanie_Melcher-26.jpg\",\"sizes\":{\"thumb\":\"https:\\\/\\\/www.melanie-melcher.de\\\/wp-content\\\/grand-media\\\/image\\\/thumb\\\/Hochzeitsfotografin_-_Melanie_Melcher-26.jpg\",\"full\":\"https:\\\/\\\/www.melanie-melcher.de\\\/wp-content\\\/grand-media\\\/image\\\/Hochzeitsfotografin_-_Melanie_Melcher-26.jpg\"},\"title\":\"Hochzeitsfotografin - Melanie Melcher-26\",\"alt\":\"Hochzeitsfotografin - Melanie Melcher-26\",\"caption\":\"\",\"url\":\"\",\"post_link\":\"https:\\\/\\\/www.melanie-melcher.de\\\/index.php\\\/gmedia\\\/hochzeitsfotografin_-_melanie_melcher-26-jpg\\\/\",\"cc\":0,\"views\":11,\"likes\":0,\"width\":800,\"height\":533},{\"id\":\"1207\",\"type\":\"image\",\"ext\":\"jpg\",\"src\":\"\\\/image\\\/Hochzeitsfotografin_-_Melanie_Melcher-42.jpg\",\"sizes\":{\"thumb\":\"https:\\\/\\\/www.melanie-melcher.de\\\/wp-content\\\/grand-media\\\/image\\\/thumb\\\/Hochzeitsfotografin_-_Melanie_Melcher-42.jpg\",\"full\":\"https:\\\/\\\/www.melanie-melcher.de\\\/wp-content\\\/grand-media\\\/image\\\/Hochzeitsfotografin_-_Melanie_Melcher-42.jpg\"},\"title\":\"Hochzeitsfotografin - Melanie Melcher-42\",\"alt\":\"Hochzeitsfotografin - Melanie Melcher-42\",\"caption\":\"\",\"url\":\"\",\"post_link\":\"https:\\\/\\\/www.melanie-melcher.de\\\/index.php\\\/gmedia\\\/hochzeitsfotografin_-_melanie_melcher-42-jpg\\\/\",\"cc\":0,\"views\":14,\"likes\":0,\"width\":533,\"height\":800},{\"id\":\"1211\",\"type\":\"image\",\"ext\":\"jpg\",\"src\":\"\\\/image\\\/Hochzeitsfotografin_-_Melanie_Melcher-46.jpg\",\"sizes\":{\"thumb\":\"https:\\\/\\\/www.melanie-melcher.de\\\/wp-content\\\/grand-media\\\/image\\\/thumb\\\/Hochzeitsfotografin_-_Melanie_Melcher-46.jpg\",\"full\":\"https:\\\/\\\/www.melanie-melcher.de\\\/wp-content\\\/grand-media\\\/image\\\/Hochzeitsfotografin_-_Melanie_Melcher-46.jpg\"},\"title\":\"Hochzeitsfotografin - Melanie Melcher-46\",\"alt\":\"Hochzeitsfotografin - Melanie Melcher-46\",\"caption\":\"\",\"url\":\"\",\"post_link\":\"https:\\\/\\\/www.melanie-melcher.de\\\/index.php\\\/gmedia\\\/hochzeitsfotografin_-_melanie_melcher-46-jpg\\\/\",\"cc\":0,\"views\":13,\"likes\":0,\"width\":800,\"height\":533},{\"id\":\"1206\",\"type\":\"image\",\"ext\":\"jpg\",\"src\":\"\\\/image\\\/Hochzeitsfotografin_-_Melanie_Melcher-41.jpg\",\"sizes\":{\"thumb\":\"https:\\\/\\\/www.melanie-melcher.de\\\/wp-content\\\/grand-media\\\/image\\\/thumb\\\/Hochzeitsfotografin_-_Melanie_Melcher-41.jpg\",\"full\":\"https:\\\/\\\/www.melanie-melcher.de\\\/wp-content\\\/grand-media\\\/image\\\/Hochzeitsfotografin_-_Melanie_Melcher-41.jpg\"},\"title\":\"Hochzeitsfotografin - Melanie Melcher-41\",\"alt\":\"Hochzeitsfotografin - Melanie Melcher-41\",\"caption\":\"\",\"url\":\"\",\"post_link\":\"https:\\\/\\\/www.melanie-melcher.de\\\/index.php\\\/gmedia\\\/hochzeitsfotografin_-_melanie_melcher-41-jpg\\\/\",\"cc\":0,\"views\":12,\"likes\":0,\"width\":533,\"height\":800},{\"id\":\"1190\",\"type\":\"image\",\"ext\":\"jpg\",\"src\":\"\\\/image\\\/Hochzeitsfotografin_-_Melanie_Melcher-25.jpg\",\"sizes\":{\"thumb\":\"https:\\\/\\\/www.melanie-melcher.de\\\/wp-content\\\/grand-media\\\/image\\\/thumb\\\/Hochzeitsfotografin_-_Melanie_Melcher-25.jpg\",\"full\":\"https:\\\/\\\/www.melanie-melcher.de\\\/wp-content\\\/grand-media\\\/image\\\/Hochzeitsfotografin_-_Melanie_Melcher-25.jpg\"},\"title\":\"Hochzeitsfotografin - Melanie Melcher-25\",\"alt\":\"Hochzeitsfotografin - Melanie Melcher-25\",\"caption\":\"\",\"url\":\"\",\"post_link\":\"https:\\\/\\\/www.melanie-melcher.de\\\/index.php\\\/gmedia\\\/hochzeitsfotografin_-_melanie_melcher-25-jpg\\\/\",\"cc\":0,\"views\":12,\"likes\":0,\"width\":533,\"height\":800},{\"id\":\"1174\",\"type\":\"image\",\"ext\":\"jpg\",\"src\":\"\\\/image\\\/Hochzeitsfotografin_-_Melanie_Melcher-9.jpg\",\"sizes\":{\"thumb\":\"https:\\\/\\\/www.melanie-melcher.de\\\/wp-content\\\/grand-media\\\/image\\\/thumb\\\/Hochzeitsfotografin_-_Melanie_Melcher-9.jpg\",\"full\":\"https:\\\/\\\/www.melanie-melcher.de\\\/wp-content\\\/grand-media\\\/image\\\/Hochzeitsfotografin_-_Melanie_Melcher-9.jpg\"},\"title\":\"Hochzeitsfotografin - Melanie Melcher-9\",\"alt\":\"Hochzeitsfotografin - Melanie Melcher-9\",\"caption\":\"\",\"url\":\"\",\"post_link\":\"https:\\\/\\\/www.melanie-melcher.de\\\/index.php\\\/gmedia\\\/hochzeitsfotografin_-_melanie_melcher-9-jpg\\\/\",\"cc\":0,\"views\":11,\"likes\":0,\"width\":533,\"height\":800},{\"id\":\"1177\",\"type\":\"image\",\"ext\":\"jpg\",\"src\":\"\\\/image\\\/Hochzeitsfotografin_-_Melanie_Melcher-12.jpg\",\"sizes\":{\"thumb\":\"https:\\\/\\\/www.melanie-melcher.de\\\/wp-content\\\/grand-media\\\/image\\\/thumb\\\/Hochzeitsfotografin_-_Melanie_Melcher-12.jpg\",\"full\":\"https:\\\/\\\/www.melanie-melcher.de\\\/wp-content\\\/grand-media\\\/image\\\/Hochzeitsfotografin_-_Melanie_Melcher-12.jpg\"},\"title\":\"Hochzeitsfotografin - Melanie Melcher-12\",\"alt\":\"Hochzeitsfotografin - Melanie Melcher-12\",\"caption\":\"\",\"url\":\"\",\"post_link\":\"https:\\\/\\\/www.melanie-melcher.de\\\/index.php\\\/gmedia\\\/hochzeitsfotografin_-_melanie_melcher-12-jpg\\\/\",\"cc\":0,\"views\":11,\"likes\":0,\"width\":800,\"height\":533},{\"id\":\"1249\",\"type\":\"image\",\"ext\":\"jpg\",\"src\":\"\\\/image\\\/Hochzeitsfotografin_-_Melanie_Melcher-84.jpg\",\"sizes\":{\"thumb\":\"https:\\\/\\\/www.melanie-melcher.de\\\/wp-content\\\/grand-media\\\/image\\\/thumb\\\/Hochzeitsfotografin_-_Melanie_Melcher-84.jpg\",\"full\":\"https:\\\/\\\/www.melanie-melcher.de\\\/wp-content\\\/grand-media\\\/image\\\/Hochzeitsfotografin_-_Melanie_Melcher-84.jpg\"},\"title\":\"Hochzeitsfotografin - Melanie Melcher-84\",\"alt\":\"Hochzeitsfotografin - Melanie Melcher-84\",\"caption\":\"\",\"url\":\"\",\"post_link\":\"https:\\\/\\\/www.melanie-melcher.de\\\/index.php\\\/gmedia\\\/hochzeitsfotografin_-_melanie_melcher-84-jpg\\\/\",\"cc\":0,\"views\":14,\"likes\":0,\"width\":800,\"height\":533},{\"id\":\"1255\",\"type\":\"image\",\"ext\":\"jpg\",\"src\":\"\\\/image\\\/Hochzeitsfotografin_-_Melanie_Melcher-90.jpg\",\"sizes\":{\"thumb\":\"https:\\\/\\\/www.melanie-melcher.de\\\/wp-content\\\/grand-media\\\/image\\\/thumb\\\/Hochzeitsfotografin_-_Melanie_Melcher-90.jpg\",\"full\":\"https:\\\/\\\/www.melanie-melcher.de\\\/wp-content\\\/grand-media\\\/image\\\/Hochzeitsfotografin_-_Melanie_Melcher-90.jpg\"},\"title\":\"Hochzeitsfotografin - Melanie Melcher-90\",\"alt\":\"Hochzeitsfotografin - Melanie Melcher-90\",\"caption\":\"\",\"url\":\"\",\"post_link\":\"https:\\\/\\\/www.melanie-melcher.de\\\/index.php\\\/gmedia\\\/hochzeitsfotografin_-_melanie_melcher-90-jpg\\\/\",\"cc\":0,\"views\":13,\"likes\":0,\"width\":800,\"height\":533},{\"id\":\"1189\",\"type\":\"image\",\"ext\":\"jpg\",\"src\":\"\\\/image\\\/Hochzeitsfotografin_-_Melanie_Melcher-24.jpg\",\"sizes\":{\"thumb\":\"https:\\\/\\\/www.melanie-melcher.de\\\/wp-content\\\/grand-media\\\/image\\\/thumb\\\/Hochzeitsfotografin_-_Melanie_Melcher-24.jpg\",\"full\":\"https:\\\/\\\/www.melanie-melcher.de\\\/wp-content\\\/grand-media\\\/image\\\/Hochzeitsfotografin_-_Melanie_Melcher-24.jpg\"},\"title\":\"Hochzeitsfotografin - Melanie Melcher-24\",\"alt\":\"Hochzeitsfotografin - Melanie Melcher-24\",\"caption\":\"\",\"url\":\"\",\"post_link\":\"https:\\\/\\\/www.melanie-melcher.de\\\/index.php\\\/gmedia\\\/hochzeitsfotografin_-_melanie_melcher-24-jpg\\\/\",\"cc\":0,\"views\":9,\"likes\":0,\"width\":800,\"height\":533},{\"id\":\"1239\",\"type\":\"image\",\"ext\":\"jpg\",\"src\":\"\\\/image\\\/Hochzeitsfotografin_-_Melanie_Melcher-74.jpg\",\"sizes\":{\"thumb\":\"https:\\\/\\\/www.melanie-melcher.de\\\/wp-content\\\/grand-media\\\/image\\\/thumb\\\/Hochzeitsfotografin_-_Melanie_Melcher-74.jpg\",\"full\":\"https:\\\/\\\/www.melanie-melcher.de\\\/wp-content\\\/grand-media\\\/image\\\/Hochzeitsfotografin_-_Melanie_Melcher-74.jpg\"},\"title\":\"Hochzeitsfotografin - Melanie Melcher-74\",\"alt\":\"Hochzeitsfotografin - Melanie Melcher-74\",\"caption\":\"\",\"url\":\"\",\"post_link\":\"https:\\\/\\\/www.melanie-melcher.de\\\/index.php\\\/gmedia\\\/hochzeitsfotografin_-_melanie_melcher-74-jpg\\\/\",\"cc\":0,\"views\":14,\"likes\":0,\"width\":800,\"height\":533},{\"id\":\"1259\",\"type\":\"image\",\"ext\":\"jpg\",\"src\":\"\\\/image\\\/Hochzeitsfotografin_-_Melanie_Melcher.jpg\",\"sizes\":{\"thumb\":\"https:\\\/\\\/www.melanie-melcher.de\\\/wp-content\\\/grand-media\\\/image\\\/thumb\\\/Hochzeitsfotografin_-_Melanie_Melcher.jpg\",\"full\":\"https:\\\/\\\/www.melanie-melcher.de\\\/wp-content\\\/grand-media\\\/image\\\/Hochzeitsfotografin_-_Melanie_Melcher.jpg\"},\"title\":\"Hochzeitsfotografin - Melanie Melcher\",\"alt\":\"Hochzeitsfotografin - Melanie Melcher\",\"caption\":\"\",\"url\":\"\",\"post_link\":\"https:\\\/\\\/www.melanie-melcher.de\\\/index.php\\\/gmedia\\\/hochzeitsfotografin_-_melanie_melcher-jpg\\\/\",\"cc\":0,\"views\":10,\"likes\":0,\"width\":800,\"height\":533},{\"id\":\"1194\",\"type\":\"image\",\"ext\":\"jpg\",\"src\":\"\\\/image\\\/Hochzeitsfotografin_-_Melanie_Melcher-29.jpg\",\"sizes\":{\"thumb\":\"https:\\\/\\\/www.melanie-melcher.de\\\/wp-content\\\/grand-media\\\/image\\\/thumb\\\/Hochzeitsfotografin_-_Melanie_Melcher-29.jpg\",\"full\":\"https:\\\/\\\/www.melanie-melcher.de\\\/wp-content\\\/grand-media\\\/image\\\/Hochzeitsfotografin_-_Melanie_Melcher-29.jpg\"},\"title\":\"Hochzeitsfotografin - Melanie Melcher-29\",\"alt\":\"Hochzeitsfotografin - Melanie Melcher-29\",\"caption\":\"\",\"url\":\"\",\"post_link\":\"https:\\\/\\\/www.melanie-melcher.de\\\/index.php\\\/gmedia\\\/hochzeitsfotografin_-_melanie_melcher-29-jpg\\\/\",\"cc\":0,\"views\":9,\"likes\":0,\"width\":533,\"height\":800},{\"id\":\"1253\",\"type\":\"image\",\"ext\":\"jpg\",\"src\":\"\\\/image\\\/Hochzeitsfotografin_-_Melanie_Melcher-88.jpg\",\"sizes\":{\"thumb\":\"https:\\\/\\\/www.melanie-melcher.de\\\/wp-content\\\/grand-media\\\/image\\\/thumb\\\/Hochzeitsfotografin_-_Melanie_Melcher-88.jpg\",\"full\":\"https:\\\/\\\/www.melanie-melcher.de\\\/wp-content\\\/grand-media\\\/image\\\/Hochzeitsfotografin_-_Melanie_Melcher-88.jpg\"},\"title\":\"Hochzeitsfotografin - Melanie Melcher-88\",\"alt\":\"Hochzeitsfotografin - Melanie Melcher-88\",\"caption\":\"\",\"url\":\"\",\"post_link\":\"https:\\\/\\\/www.melanie-melcher.de\\\/index.php\\\/gmedia\\\/hochzeitsfotografin_-_melanie_melcher-88-jpg\\\/\",\"cc\":0,\"views\":12,\"likes\":0,\"width\":800,\"height\":533},{\"id\":\"1217\",\"type\":\"image\",\"ext\":\"jpg\",\"src\":\"\\\/image\\\/Hochzeitsfotografin_-_Melanie_Melcher-52.jpg\",\"sizes\":{\"thumb\":\"https:\\\/\\\/www.melanie-melcher.de\\\/wp-content\\\/grand-media\\\/image\\\/thumb\\\/Hochzeitsfotografin_-_Melanie_Melcher-52.jpg\",\"full\":\"https:\\\/\\\/www.melanie-melcher.de\\\/wp-content\\\/grand-media\\\/image\\\/Hochzeitsfotografin_-_Melanie_Melcher-52.jpg\"},\"title\":\"Hochzeitsfotografin - Melanie Melcher-52\",\"alt\":\"Hochzeitsfotografin - Melanie Melcher-52\",\"caption\":\"\",\"url\":\"\",\"post_link\":\"https:\\\/\\\/www.melanie-melcher.de\\\/index.php\\\/gmedia\\\/hochzeitsfotografin_-_melanie_melcher-52-jpg\\\/\",\"cc\":0,\"views\":12,\"likes\":0,\"width\":800,\"height\":533},{\"id\":\"1170\",\"type\":\"image\",\"ext\":\"jpg\",\"src\":\"\\\/image\\\/Hochzeitsfotografin_-_Melanie_Melcher-5.jpg\",\"sizes\":{\"thumb\":\"https:\\\/\\\/www.melanie-melcher.de\\\/wp-content\\\/grand-media\\\/image\\\/thumb\\\/Hochzeitsfotografin_-_Melanie_Melcher-5.jpg\",\"full\":\"https:\\\/\\\/www.melanie-melcher.de\\\/wp-content\\\/grand-media\\\/image\\\/Hochzeitsfotografin_-_Melanie_Melcher-5.jpg\"},\"title\":\"Hochzeitsfotografin - Melanie Melcher-5\",\"alt\":\"Hochzeitsfotografin - Melanie Melcher-5\",\"caption\":\"\",\"url\":\"\",\"post_link\":\"https:\\\/\\\/www.melanie-melcher.de\\\/index.php\\\/gmedia\\\/hochzeitsfotografin_-_melanie_melcher-5-jpg\\\/\",\"cc\":0,\"views\":11,\"likes\":0,\"width\":800,\"height\":533},{\"id\":\"1187\",\"type\":\"image\",\"ext\":\"jpg\",\"src\":\"\\\/image\\\/Hochzeitsfotografin_-_Melanie_Melcher-22.jpg\",\"sizes\":{\"thumb\":\"https:\\\/\\\/www.melanie-melcher.de\\\/wp-content\\\/grand-media\\\/image\\\/thumb\\\/Hochzeitsfotografin_-_Melanie_Melcher-22.jpg\",\"full\":\"https:\\\/\\\/www.melanie-melcher.de\\\/wp-content\\\/grand-media\\\/image\\\/Hochzeitsfotografin_-_Melanie_Melcher-22.jpg\"},\"title\":\"Hochzeitsfotografin - Melanie Melcher-22\",\"alt\":\"Hochzeitsfotografin - Melanie Melcher-22\",\"caption\":\"\",\"url\":\"\",\"post_link\":\"https:\\\/\\\/www.melanie-melcher.de\\\/index.php\\\/gmedia\\\/hochzeitsfotografin_-_melanie_melcher-22-jpg\\\/\",\"cc\":0,\"views\":9,\"likes\":0,\"width\":533,\"height\":800},{\"id\":\"1198\",\"type\":\"image\",\"ext\":\"jpg\",\"src\":\"\\\/image\\\/Hochzeitsfotografin_-_Melanie_Melcher-33.jpg\",\"sizes\":{\"thumb\":\"https:\\\/\\\/www.melanie-melcher.de\\\/wp-content\\\/grand-media\\\/image\\\/thumb\\\/Hochzeitsfotografin_-_Melanie_Melcher-33.jpg\",\"full\":\"https:\\\/\\\/www.melanie-melcher.de\\\/wp-content\\\/grand-media\\\/image\\\/Hochzeitsfotografin_-_Melanie_Melcher-33.jpg\"},\"title\":\"Hochzeitsfotografin - Melanie Melcher-33\",\"alt\":\"Hochzeitsfotografin - Melanie Melcher-33\",\"caption\":\"\",\"url\":\"\",\"post_link\":\"https:\\\/\\\/www.melanie-melcher.de\\\/index.php\\\/gmedia\\\/hochzeitsfotografin_-_melanie_melcher-33-jpg\\\/\",\"cc\":0,\"views\":11,\"likes\":0,\"width\":800,\"height\":533},{\"id\":\"1246\",\"type\":\"image\",\"ext\":\"jpg\",\"src\":\"\\\/image\\\/Hochzeitsfotografin_-_Melanie_Melcher-81.jpg\",\"sizes\":{\"thumb\":\"https:\\\/\\\/www.melanie-melcher.de\\\/wp-content\\\/grand-media\\\/image\\\/thumb\\\/Hochzeitsfotografin_-_Melanie_Melcher-81.jpg\",\"full\":\"https:\\\/\\\/www.melanie-melcher.de\\\/wp-content\\\/grand-media\\\/image\\\/Hochzeitsfotografin_-_Melanie_Melcher-81.jpg\"},\"title\":\"Hochzeitsfotografin - Melanie Melcher-81\",\"alt\":\"Hochzeitsfotografin - Melanie Melcher-81\",\"caption\":\"\",\"url\":\"\",\"post_link\":\"https:\\\/\\\/www.melanie-melcher.de\\\/index.php\\\/gmedia\\\/hochzeitsfotografin_-_melanie_melcher-81-jpg\\\/\",\"cc\":0,\"views\":11,\"likes\":0,\"width\":800,\"height\":533},{\"id\":\"1220\",\"type\":\"image\",\"ext\":\"jpg\",\"src\":\"\\\/image\\\/Hochzeitsfotografin_-_Melanie_Melcher-55.jpg\",\"sizes\":{\"thumb\":\"https:\\\/\\\/www.melanie-melcher.de\\\/wp-content\\\/grand-media\\\/image\\\/thumb\\\/Hochzeitsfotografin_-_Melanie_Melcher-55.jpg\",\"full\":\"https:\\\/\\\/www.melanie-melcher.de\\\/wp-content\\\/grand-media\\\/image\\\/Hochzeitsfotografin_-_Melanie_Melcher-55.jpg\"},\"title\":\"Hochzeitsfotografin - Melanie Melcher-55\",\"alt\":\"Hochzeitsfotografin - Melanie Melcher-55\",\"caption\":\"\",\"url\":\"\",\"post_link\":\"https:\\\/\\\/www.melanie-melcher.de\\\/index.php\\\/gmedia\\\/hochzeitsfotografin_-_melanie_melcher-55-jpg\\\/\",\"cc\":0,\"views\":12,\"likes\":0,\"width\":800,\"height\":533},{\"id\":\"1201\",\"type\":\"image\",\"ext\":\"jpg\",\"src\":\"\\\/image\\\/Hochzeitsfotografin_-_Melanie_Melcher-36.jpg\",\"sizes\":{\"thumb\":\"https:\\\/\\\/www.melanie-melcher.de\\\/wp-content\\\/grand-media\\\/image\\\/thumb\\\/Hochzeitsfotografin_-_Melanie_Melcher-36.jpg\",\"full\":\"https:\\\/\\\/www.melanie-melcher.de\\\/wp-content\\\/grand-media\\\/image\\\/Hochzeitsfotografin_-_Melanie_Melcher-36.jpg\"},\"title\":\"Hochzeitsfotografin - Melanie Melcher-36\",\"alt\":\"Hochzeitsfotografin - Melanie Melcher-36\",\"caption\":\"\",\"url\":\"\",\"post_link\":\"https:\\\/\\\/www.melanie-melcher.de\\\/index.php\\\/gmedia\\\/hochzeitsfotografin_-_melanie_melcher-36-jpg\\\/\",\"cc\":0,\"views\":12,\"likes\":0,\"width\":800,\"height\":533},{\"id\":\"1216\",\"type\":\"image\",\"ext\":\"jpg\",\"src\":\"\\\/image\\\/Hochzeitsfotografin_-_Melanie_Melcher-51.jpg\",\"sizes\":{\"thumb\":\"https:\\\/\\\/www.melanie-melcher.de\\\/wp-content\\\/grand-media\\\/image\\\/thumb\\\/Hochzeitsfotografin_-_Melanie_Melcher-51.jpg\",\"full\":\"https:\\\/\\\/www.melanie-melcher.de\\\/wp-content\\\/grand-media\\\/image\\\/Hochzeitsfotografin_-_Melanie_Melcher-51.jpg\"},\"title\":\"Hochzeitsfotografin - Melanie Melcher-51\",\"alt\":\"Hochzeitsfotografin - Melanie Melcher-51\",\"caption\":\"\",\"url\":\"\",\"post_link\":\"https:\\\/\\\/www.melanie-melcher.de\\\/index.php\\\/gmedia\\\/hochzeitsfotografin_-_melanie_melcher-51-jpg\\\/\",\"cc\":0,\"views\":14,\"likes\":0,\"width\":800,\"height\":533},{\"id\":\"1231\",\"type\":\"image\",\"ext\":\"jpg\",\"src\":\"\\\/image\\\/Hochzeitsfotografin_-_Melanie_Melcher-66.jpg\",\"sizes\":{\"thumb\":\"https:\\\/\\\/www.melanie-melcher.de\\\/wp-content\\\/grand-media\\\/image\\\/thumb\\\/Hochzeitsfotografin_-_Melanie_Melcher-66.jpg\",\"full\":\"https:\\\/\\\/www.melanie-melcher.de\\\/wp-content\\\/grand-media\\\/image\\\/Hochzeitsfotografin_-_Melanie_Melcher-66.jpg\"},\"title\":\"Hochzeitsfotografin - Melanie Melcher-66\",\"alt\":\"Hochzeitsfotografin - Melanie Melcher-66\",\"caption\":\"\",\"url\":\"\",\"post_link\":\"https:\\\/\\\/www.melanie-melcher.de\\\/index.php\\\/gmedia\\\/hochzeitsfotografin_-_melanie_melcher-66-jpg\\\/\",\"cc\":0,\"views\":9,\"likes\":0,\"width\":800,\"height\":533},{\"id\":\"1199\",\"type\":\"image\",\"ext\":\"jpg\",\"src\":\"\\\/image\\\/Hochzeitsfotografin_-_Melanie_Melcher-34.jpg\",\"sizes\":{\"thumb\":\"https:\\\/\\\/www.melanie-melcher.de\\\/wp-content\\\/grand-media\\\/image\\\/thumb\\\/Hochzeitsfotografin_-_Melanie_Melcher-34.jpg\",\"full\":\"https:\\\/\\\/www.melanie-melcher.de\\\/wp-content\\\/grand-media\\\/image\\\/Hochzeitsfotografin_-_Melanie_Melcher-34.jpg\"},\"title\":\"Hochzeitsfotografin - Melanie Melcher-34\",\"alt\":\"Hochzeitsfotografin - Melanie Melcher-34\",\"caption\":\"\",\"url\":\"\",\"post_link\":\"https:\\\/\\\/www.melanie-melcher.de\\\/index.php\\\/gmedia\\\/hochzeitsfotografin_-_melanie_melcher-34-jpg\\\/\",\"cc\":0,\"views\":11,\"likes\":0,\"width\":533,\"height\":800},{\"id\":\"1236\",\"type\":\"image\",\"ext\":\"jpg\",\"src\":\"\\\/image\\\/Hochzeitsfotografin_-_Melanie_Melcher-71.jpg\",\"sizes\":{\"thumb\":\"https:\\\/\\\/www.melanie-melcher.de\\\/wp-content\\\/grand-media\\\/image\\\/thumb\\\/Hochzeitsfotografin_-_Melanie_Melcher-71.jpg\",\"full\":\"https:\\\/\\\/www.melanie-melcher.de\\\/wp-content\\\/grand-media\\\/image\\\/Hochzeitsfotografin_-_Melanie_Melcher-71.jpg\"},\"title\":\"Hochzeitsfotografin - Melanie Melcher-71\",\"alt\":\"Hochzeitsfotografin - Melanie Melcher-71\",\"caption\":\"\",\"url\":\"\",\"post_link\":\"https:\\\/\\\/www.melanie-melcher.de\\\/index.php\\\/gmedia\\\/hochzeitsfotografin_-_melanie_melcher-71-jpg\\\/\",\"cc\":0,\"views\":15,\"likes\":0,\"width\":533,\"height\":800},{\"id\":\"1225\",\"type\":\"image\",\"ext\":\"jpg\",\"src\":\"\\\/image\\\/Hochzeitsfotografin_-_Melanie_Melcher-60.jpg\",\"sizes\":{\"thumb\":\"https:\\\/\\\/www.melanie-melcher.de\\\/wp-content\\\/grand-media\\\/image\\\/thumb\\\/Hochzeitsfotografin_-_Melanie_Melcher-60.jpg\",\"full\":\"https:\\\/\\\/www.melanie-melcher.de\\\/wp-content\\\/grand-media\\\/image\\\/Hochzeitsfotografin_-_Melanie_Melcher-60.jpg\"},\"title\":\"Hochzeitsfotografin - Melanie Melcher-60\",\"alt\":\"Hochzeitsfotografin - Melanie Melcher-60\",\"caption\":\"\",\"url\":\"\",\"post_link\":\"https:\\\/\\\/www.melanie-melcher.de\\\/index.php\\\/gmedia\\\/hochzeitsfotografin_-_melanie_melcher-60-jpg\\\/\",\"cc\":0,\"views\":14,\"likes\":0,\"width\":800,\"height\":533},{\"id\":\"1254\",\"type\":\"image\",\"ext\":\"jpg\",\"src\":\"\\\/image\\\/Hochzeitsfotografin_-_Melanie_Melcher-89.jpg\",\"sizes\":{\"thumb\":\"https:\\\/\\\/www.melanie-melcher.de\\\/wp-content\\\/grand-media\\\/image\\\/thumb\\\/Hochzeitsfotografin_-_Melanie_Melcher-89.jpg\",\"full\":\"https:\\\/\\\/www.melanie-melcher.de\\\/wp-content\\\/grand-media\\\/image\\\/Hochzeitsfotografin_-_Melanie_Melcher-89.jpg\"},\"title\":\"Hochzeitsfotografin - Melanie Melcher-89\",\"alt\":\"Hochzeitsfotografin - Melanie Melcher-89\",\"caption\":\"\",\"url\":\"\",\"post_link\":\"https:\\\/\\\/www.melanie-melcher.de\\\/index.php\\\/gmedia\\\/hochzeitsfotografin_-_melanie_melcher-89-jpg\\\/\",\"cc\":0,\"views\":13,\"likes\":0,\"width\":800,\"height\":533},{\"id\":\"1227\",\"type\":\"image\",\"ext\":\"jpg\",\"src\":\"\\\/image\\\/Hochzeitsfotografin_-_Melanie_Melcher-62.jpg\",\"sizes\":{\"thumb\":\"https:\\\/\\\/www.melanie-melcher.de\\\/wp-content\\\/grand-media\\\/image\\\/thumb\\\/Hochzeitsfotografin_-_Melanie_Melcher-62.jpg\",\"full\":\"https:\\\/\\\/www.melanie-melcher.de\\\/wp-content\\\/grand-media\\\/image\\\/Hochzeitsfotografin_-_Melanie_Melcher-62.jpg\"},\"title\":\"Hochzeitsfotografin - Melanie Melcher-62\",\"alt\":\"Hochzeitsfotografin - Melanie Melcher-62\",\"caption\":\"\",\"url\":\"\",\"post_link\":\"https:\\\/\\\/www.melanie-melcher.de\\\/index.php\\\/gmedia\\\/hochzeitsfotografin_-_melanie_melcher-62-jpg\\\/\",\"cc\":0,\"views\":11,\"likes\":0,\"width\":800,\"height\":533},{\"id\":\"1172\",\"type\":\"image\",\"ext\":\"jpg\",\"src\":\"\\\/image\\\/Hochzeitsfotografin_-_Melanie_Melcher-7.jpg\",\"sizes\":{\"thumb\":\"https:\\\/\\\/www.melanie-melcher.de\\\/wp-content\\\/grand-media\\\/image\\\/thumb\\\/Hochzeitsfotografin_-_Melanie_Melcher-7.jpg\",\"full\":\"https:\\\/\\\/www.melanie-melcher.de\\\/wp-content\\\/grand-media\\\/image\\\/Hochzeitsfotografin_-_Melanie_Melcher-7.jpg\"},\"title\":\"Hochzeitsfotografin - Melanie Melcher-7\",\"alt\":\"Hochzeitsfotografin - Melanie Melcher-7\",\"caption\":\"\",\"url\":\"\",\"post_link\":\"https:\\\/\\\/www.melanie-melcher.de\\\/index.php\\\/gmedia\\\/hochzeitsfotografin_-_melanie_melcher-7-jpg\\\/\",\"cc\":0,\"views\":11,\"likes\":0,\"width\":800,\"height\":533},{\"id\":\"1182\",\"type\":\"image\",\"ext\":\"jpg\",\"src\":\"\\\/image\\\/Hochzeitsfotografin_-_Melanie_Melcher-17.jpg\",\"sizes\":{\"thumb\":\"https:\\\/\\\/www.melanie-melcher.de\\\/wp-content\\\/grand-media\\\/image\\\/thumb\\\/Hochzeitsfotografin_-_Melanie_Melcher-17.jpg\",\"full\":\"https:\\\/\\\/www.melanie-melcher.de\\\/wp-content\\\/grand-media\\\/image\\\/Hochzeitsfotografin_-_Melanie_Melcher-17.jpg\"},\"title\":\"Hochzeitsfotografin - Melanie Melcher-17\",\"alt\":\"Hochzeitsfotografin - Melanie Melcher-17\",\"caption\":\"\",\"url\":\"\",\"post_link\":\"https:\\\/\\\/www.melanie-melcher.de\\\/index.php\\\/gmedia\\\/hochzeitsfotografin_-_melanie_melcher-17-jpg\\\/\",\"cc\":0,\"views\":9,\"likes\":0,\"width\":800,\"height\":533},{\"id\":\"1203\",\"type\":\"image\",\"ext\":\"jpg\",\"src\":\"\\\/image\\\/Hochzeitsfotografin_-_Melanie_Melcher-38.jpg\",\"sizes\":{\"thumb\":\"https:\\\/\\\/www.melanie-melcher.de\\\/wp-content\\\/grand-media\\\/image\\\/thumb\\\/Hochzeitsfotografin_-_Melanie_Melcher-38.jpg\",\"full\":\"https:\\\/\\\/www.melanie-melcher.de\\\/wp-content\\\/grand-media\\\/image\\\/Hochzeitsfotografin_-_Melanie_Melcher-38.jpg\"},\"title\":\"Hochzeitsfotografin - Melanie Melcher-38\",\"alt\":\"Hochzeitsfotografin - Melanie Melcher-38\",\"caption\":\"\",\"url\":\"\",\"post_link\":\"https:\\\/\\\/www.melanie-melcher.de\\\/index.php\\\/gmedia\\\/hochzeitsfotografin_-_melanie_melcher-38-jpg\\\/\",\"cc\":0,\"views\":9,\"likes\":0,\"width\":800,\"height\":533},{\"id\":\"1219\",\"type\":\"image\",\"ext\":\"jpg\",\"src\":\"\\\/image\\\/Hochzeitsfotografin_-_Melanie_Melcher-54.jpg\",\"sizes\":{\"thumb\":\"https:\\\/\\\/www.melanie-melcher.de\\\/wp-content\\\/grand-media\\\/image\\\/thumb\\\/Hochzeitsfotografin_-_Melanie_Melcher-54.jpg\",\"full\":\"https:\\\/\\\/www.melanie-melcher.de\\\/wp-content\\\/grand-media\\\/image\\\/Hochzeitsfotografin_-_Melanie_Melcher-54.jpg\"},\"title\":\"Hochzeitsfotografin - Melanie Melcher-54\",\"alt\":\"Hochzeitsfotografin - Melanie Melcher-54\",\"caption\":\"\",\"url\":\"\",\"post_link\":\"https:\\\/\\\/www.melanie-melcher.de\\\/index.php\\\/gmedia\\\/hochzeitsfotografin_-_melanie_melcher-54-jpg\\\/\",\"cc\":0,\"views\":12,\"likes\":0,\"width\":800,\"height\":533},{\"id\":\"1204\",\"type\":\"image\",\"ext\":\"jpg\",\"src\":\"\\\/image\\\/Hochzeitsfotografin_-_Melanie_Melcher-39.jpg\",\"sizes\":{\"thumb\":\"https:\\\/\\\/www.melanie-melcher.de\\\/wp-content\\\/grand-media\\\/image\\\/thumb\\\/Hochzeitsfotografin_-_Melanie_Melcher-39.jpg\",\"full\":\"https:\\\/\\\/www.melanie-melcher.de\\\/wp-content\\\/grand-media\\\/image\\\/Hochzeitsfotografin_-_Melanie_Melcher-39.jpg\"},\"title\":\"Hochzeitsfotografin - Melanie Melcher-39\",\"alt\":\"Hochzeitsfotografin - Melanie Melcher-39\",\"caption\":\"\",\"url\":\"\",\"post_link\":\"https:\\\/\\\/www.melanie-melcher.de\\\/index.php\\\/gmedia\\\/hochzeitsfotografin_-_melanie_melcher-39-jpg\\\/\",\"cc\":0,\"views\":13,\"likes\":0,\"width\":800,\"height\":533},{\"id\":\"1184\",\"type\":\"image\",\"ext\":\"jpg\",\"src\":\"\\\/image\\\/Hochzeitsfotografin_-_Melanie_Melcher-19.jpg\",\"sizes\":{\"thumb\":\"https:\\\/\\\/www.melanie-melcher.de\\\/wp-content\\\/grand-media\\\/image\\\/thumb\\\/Hochzeitsfotografin_-_Melanie_Melcher-19.jpg\",\"full\":\"https:\\\/\\\/www.melanie-melcher.de\\\/wp-content\\\/grand-media\\\/image\\\/Hochzeitsfotografin_-_Melanie_Melcher-19.jpg\"},\"title\":\"Hochzeitsfotografin - Melanie Melcher-19\",\"alt\":\"Hochzeitsfotografin - Melanie Melcher-19\",\"caption\":\"\",\"url\":\"\",\"post_link\":\"https:\\\/\\\/www.melanie-melcher.de\\\/index.php\\\/gmedia\\\/hochzeitsfotografin_-_melanie_melcher-19-jpg\\\/\",\"cc\":0,\"views\":10,\"likes\":0,\"width\":533,\"height\":800},{\"id\":\"1252\",\"type\":\"image\",\"ext\":\"jpg\",\"src\":\"\\\/image\\\/Hochzeitsfotografin_-_Melanie_Melcher-87.jpg\",\"sizes\":{\"thumb\":\"https:\\\/\\\/www.melanie-melcher.de\\\/wp-content\\\/grand-media\\\/image\\\/thumb\\\/Hochzeitsfotografin_-_Melanie_Melcher-87.jpg\",\"full\":\"https:\\\/\\\/www.melanie-melcher.de\\\/wp-content\\\/grand-media\\\/image\\\/Hochzeitsfotografin_-_Melanie_Melcher-87.jpg\"},\"title\":\"Hochzeitsfotografin - Melanie Melcher-87\",\"alt\":\"Hochzeitsfotografin - Melanie Melcher-87\",\"caption\":\"\",\"url\":\"\",\"post_link\":\"https:\\\/\\\/www.melanie-melcher.de\\\/index.php\\\/gmedia\\\/hochzeitsfotografin_-_melanie_melcher-87-jpg\\\/\",\"cc\":0,\"views\":15,\"likes\":0,\"width\":800,\"height\":533},{\"id\":\"1232\",\"type\":\"image\",\"ext\":\"jpg\",\"src\":\"\\\/image\\\/Hochzeitsfotografin_-_Melanie_Melcher-67.jpg\",\"sizes\":{\"thumb\":\"https:\\\/\\\/www.melanie-melcher.de\\\/wp-content\\\/grand-media\\\/image\\\/thumb\\\/Hochzeitsfotografin_-_Melanie_Melcher-67.jpg\",\"full\":\"https:\\\/\\\/www.melanie-melcher.de\\\/wp-content\\\/grand-media\\\/image\\\/Hochzeitsfotografin_-_Melanie_Melcher-67.jpg\"},\"title\":\"Hochzeitsfotografin - Melanie Melcher-67\",\"alt\":\"Hochzeitsfotografin - Melanie Melcher-67\",\"caption\":\"\",\"url\":\"\",\"post_link\":\"https:\\\/\\\/www.melanie-melcher.de\\\/index.php\\\/gmedia\\\/hochzeitsfotografin_-_melanie_melcher-67-jpg\\\/\",\"cc\":0,\"views\":15,\"likes\":0,\"width\":800,\"height\":533},{\"id\":\"1223\",\"type\":\"image\",\"ext\":\"jpg\",\"src\":\"\\\/image\\\/Hochzeitsfotografin_-_Melanie_Melcher-58.jpg\",\"sizes\":{\"thumb\":\"https:\\\/\\\/www.melanie-melcher.de\\\/wp-content\\\/grand-media\\\/image\\\/thumb\\\/Hochzeitsfotografin_-_Melanie_Melcher-58.jpg\",\"full\":\"https:\\\/\\\/www.melanie-melcher.de\\\/wp-content\\\/grand-media\\\/image\\\/Hochzeitsfotografin_-_Melanie_Melcher-58.jpg\"},\"title\":\"Hochzeitsfotografin - Melanie Melcher-58\",\"alt\":\"Hochzeitsfotografin - Melanie Melcher-58\",\"caption\":\"\",\"url\":\"\",\"post_link\":\"https:\\\/\\\/www.melanie-melcher.de\\\/index.php\\\/gmedia\\\/hochzeitsfotografin_-_melanie_melcher-58-jpg\\\/\",\"cc\":0,\"views\":15,\"likes\":0,\"width\":533,\"height\":800},{\"id\":\"1247\",\"type\":\"image\",\"ext\":\"jpg\",\"src\":\"\\\/image\\\/Hochzeitsfotografin_-_Melanie_Melcher-82.jpg\",\"sizes\":{\"thumb\":\"https:\\\/\\\/www.melanie-melcher.de\\\/wp-content\\\/grand-media\\\/image\\\/thumb\\\/Hochzeitsfotografin_-_Melanie_Melcher-82.jpg\",\"full\":\"https:\\\/\\\/www.melanie-melcher.de\\\/wp-content\\\/grand-media\\\/image\\\/Hochzeitsfotografin_-_Melanie_Melcher-82.jpg\"},\"title\":\"Hochzeitsfotografin - Melanie Melcher-82\",\"alt\":\"Hochzeitsfotografin - Melanie Melcher-82\",\"caption\":\"\",\"url\":\"\",\"post_link\":\"https:\\\/\\\/www.melanie-melcher.de\\\/index.php\\\/gmedia\\\/hochzeitsfotografin_-_melanie_melcher-82-jpg\\\/\",\"cc\":0,\"views\":15,\"likes\":0,\"width\":800,\"height\":533},{\"id\":\"1245\",\"type\":\"image\",\"ext\":\"jpg\",\"src\":\"\\\/image\\\/Hochzeitsfotografin_-_Melanie_Melcher-80.jpg\",\"sizes\":{\"thumb\":\"https:\\\/\\\/www.melanie-melcher.de\\\/wp-content\\\/grand-media\\\/image\\\/thumb\\\/Hochzeitsfotografin_-_Melanie_Melcher-80.jpg\",\"full\":\"https:\\\/\\\/www.melanie-melcher.de\\\/wp-content\\\/grand-media\\\/image\\\/Hochzeitsfotografin_-_Melanie_Melcher-80.jpg\"},\"title\":\"Hochzeitsfotografin - Melanie Melcher-80\",\"alt\":\"Hochzeitsfotografin - Melanie Melcher-80\",\"caption\":\"\",\"url\":\"\",\"post_link\":\"https:\\\/\\\/www.melanie-melcher.de\\\/index.php\\\/gmedia\\\/hochzeitsfotografin_-_melanie_melcher-80-jpg\\\/\",\"cc\":0,\"views\":13,\"likes\":0,\"width\":800,\"height\":533},{\"id\":\"1193\",\"type\":\"image\",\"ext\":\"jpg\",\"src\":\"\\\/image\\\/Hochzeitsfotografin_-_Melanie_Melcher-28.jpg\",\"sizes\":{\"thumb\":\"https:\\\/\\\/www.melanie-melcher.de\\\/wp-content\\\/grand-media\\\/image\\\/thumb\\\/Hochzeitsfotografin_-_Melanie_Melcher-28.jpg\",\"full\":\"https:\\\/\\\/www.melanie-melcher.de\\\/wp-content\\\/grand-media\\\/image\\\/Hochzeitsfotografin_-_Melanie_Melcher-28.jpg\"},\"title\":\"Hochzeitsfotografin - Melanie Melcher-28\",\"alt\":\"Hochzeitsfotografin - Melanie Melcher-28\",\"caption\":\"\",\"url\":\"\",\"post_link\":\"https:\\\/\\\/www.melanie-melcher.de\\\/index.php\\\/gmedia\\\/hochzeitsfotografin_-_melanie_melcher-28-jpg\\\/\",\"cc\":0,\"views\":15,\"likes\":0,\"width\":800,\"height\":533},{\"id\":\"1186\",\"type\":\"image\",\"ext\":\"jpg\",\"src\":\"\\\/image\\\/Hochzeitsfotografin_-_Melanie_Melcher-21.jpg\",\"sizes\":{\"thumb\":\"https:\\\/\\\/www.melanie-melcher.de\\\/wp-content\\\/grand-media\\\/image\\\/thumb\\\/Hochzeitsfotografin_-_Melanie_Melcher-21.jpg\",\"full\":\"https:\\\/\\\/www.melanie-melcher.de\\\/wp-content\\\/grand-media\\\/image\\\/Hochzeitsfotografin_-_Melanie_Melcher-21.jpg\"},\"title\":\"Hochzeitsfotografin - Melanie Melcher-21\",\"alt\":\"Hochzeitsfotografin - Melanie Melcher-21\",\"caption\":\"\",\"url\":\"\",\"post_link\":\"https:\\\/\\\/www.melanie-melcher.de\\\/index.php\\\/gmedia\\\/hochzeitsfotografin_-_melanie_melcher-21-jpg\\\/\",\"cc\":0,\"views\":10,\"likes\":0,\"width\":533,\"height\":800},{\"id\":\"1185\",\"type\":\"image\",\"ext\":\"jpg\",\"src\":\"\\\/image\\\/Hochzeitsfotografin_-_Melanie_Melcher-20.jpg\",\"sizes\":{\"thumb\":\"https:\\\/\\\/www.melanie-melcher.de\\\/wp-content\\\/grand-media\\\/image\\\/thumb\\\/Hochzeitsfotografin_-_Melanie_Melcher-20.jpg\",\"full\":\"https:\\\/\\\/www.melanie-melcher.de\\\/wp-content\\\/grand-media\\\/image\\\/Hochzeitsfotografin_-_Melanie_Melcher-20.jpg\"},\"title\":\"Hochzeitsfotografin - Melanie Melcher-20\",\"alt\":\"Hochzeitsfotografin - Melanie Melcher-20\",\"caption\":\"\",\"url\":\"\",\"post_link\":\"https:\\\/\\\/www.melanie-melcher.de\\\/index.php\\\/gmedia\\\/hochzeitsfotografin_-_melanie_melcher-20-jpg\\\/\",\"cc\":0,\"views\":12,\"likes\":0,\"width\":533,\"height\":800},{\"id\":\"1238\",\"type\":\"image\",\"ext\":\"jpg\",\"src\":\"\\\/image\\\/Hochzeitsfotografin_-_Melanie_Melcher-73.jpg\",\"sizes\":{\"thumb\":\"https:\\\/\\\/www.melanie-melcher.de\\\/wp-content\\\/grand-media\\\/image\\\/thumb\\\/Hochzeitsfotografin_-_Melanie_Melcher-73.jpg\",\"full\":\"https:\\\/\\\/www.melanie-melcher.de\\\/wp-content\\\/grand-media\\\/image\\\/Hochzeitsfotografin_-_Melanie_Melcher-73.jpg\"},\"title\":\"Hochzeitsfotografin - Melanie Melcher-73\",\"alt\":\"Hochzeitsfotografin - Melanie Melcher-73\",\"caption\":\"\",\"url\":\"\",\"post_link\":\"https:\\\/\\\/www.melanie-melcher.de\\\/index.php\\\/gmedia\\\/hochzeitsfotografin_-_melanie_melcher-73-jpg\\\/\",\"cc\":0,\"views\":9,\"likes\":0,\"width\":533,\"height\":800},{\"id\":\"1233\",\"type\":\"image\",\"ext\":\"jpg\",\"src\":\"\\\/image\\\/Hochzeitsfotografin_-_Melanie_Melcher-68.jpg\",\"sizes\":{\"thumb\":\"https:\\\/\\\/www.melanie-melcher.de\\\/wp-content\\\/grand-media\\\/image\\\/thumb\\\/Hochzeitsfotografin_-_Melanie_Melcher-68.jpg\",\"full\":\"https:\\\/\\\/www.melanie-melcher.de\\\/wp-content\\\/grand-media\\\/image\\\/Hochzeitsfotografin_-_Melanie_Melcher-68.jpg\"},\"title\":\"Hochzeitsfotografin - Melanie Melcher-68\",\"alt\":\"Hochzeitsfotografin - Melanie Melcher-68\",\"caption\":\"\",\"url\":\"\",\"post_link\":\"https:\\\/\\\/www.melanie-melcher.de\\\/index.php\\\/gmedia\\\/hochzeitsfotografin_-_melanie_melcher-68-jpg\\\/\",\"cc\":0,\"views\":12,\"likes\":0,\"width\":533,\"height\":800},{\"id\":\"1234\",\"type\":\"image\",\"ext\":\"jpg\",\"src\":\"\\\/image\\\/Hochzeitsfotografin_-_Melanie_Melcher-69.jpg\",\"sizes\":{\"thumb\":\"https:\\\/\\\/www.melanie-melcher.de\\\/wp-content\\\/grand-media\\\/image\\\/thumb\\\/Hochzeitsfotografin_-_Melanie_Melcher-69.jpg\",\"full\":\"https:\\\/\\\/www.melanie-melcher.de\\\/wp-content\\\/grand-media\\\/image\\\/Hochzeitsfotografin_-_Melanie_Melcher-69.jpg\"},\"title\":\"Hochzeitsfotografin - Melanie Melcher-69\",\"alt\":\"Hochzeitsfotografin - Melanie Melcher-69\",\"caption\":\"\",\"url\":\"\",\"post_link\":\"https:\\\/\\\/www.melanie-melcher.de\\\/index.php\\\/gmedia\\\/hochzeitsfotografin_-_melanie_melcher-69-jpg\\\/\",\"cc\":0,\"views\":11,\"likes\":0,\"width\":800,\"height\":533},{\"id\":\"1169\",\"type\":\"image\",\"ext\":\"jpg\",\"src\":\"\\\/image\\\/Hochzeitsfotografin_-_Melanie_Melcher-4.jpg\",\"sizes\":{\"thumb\":\"https:\\\/\\\/www.melanie-melcher.de\\\/wp-content\\\/grand-media\\\/image\\\/thumb\\\/Hochzeitsfotografin_-_Melanie_Melcher-4.jpg\",\"full\":\"https:\\\/\\\/www.melanie-melcher.de\\\/wp-content\\\/grand-media\\\/image\\\/Hochzeitsfotografin_-_Melanie_Melcher-4.jpg\"},\"title\":\"Hochzeitsfotografin - Melanie Melcher-4\",\"alt\":\"Hochzeitsfotografin - Melanie Melcher-4\",\"caption\":\"\",\"url\":\"\",\"post_link\":\"https:\\\/\\\/www.melanie-melcher.de\\\/index.php\\\/gmedia\\\/hochzeitsfotografin_-_melanie_melcher-4-jpg\\\/\",\"cc\":0,\"views\":12,\"likes\":0,\"width\":800,\"height\":533},{\"id\":\"1226\",\"type\":\"image\",\"ext\":\"jpg\",\"src\":\"\\\/image\\\/Hochzeitsfotografin_-_Melanie_Melcher-61.jpg\",\"sizes\":{\"thumb\":\"https:\\\/\\\/www.melanie-melcher.de\\\/wp-content\\\/grand-media\\\/image\\\/thumb\\\/Hochzeitsfotografin_-_Melanie_Melcher-61.jpg\",\"full\":\"https:\\\/\\\/www.melanie-melcher.de\\\/wp-content\\\/grand-media\\\/image\\\/Hochzeitsfotografin_-_Melanie_Melcher-61.jpg\"},\"title\":\"Hochzeitsfotografin - Melanie Melcher-61\",\"alt\":\"Hochzeitsfotografin - Melanie Melcher-61\",\"caption\":\"\",\"url\":\"\",\"post_link\":\"https:\\\/\\\/www.melanie-melcher.de\\\/index.php\\\/gmedia\\\/hochzeitsfotografin_-_melanie_melcher-61-jpg\\\/\",\"cc\":0,\"views\":14,\"likes\":0,\"width\":533,\"height\":800},{\"id\":\"1256\",\"type\":\"image\",\"ext\":\"jpg\",\"src\":\"\\\/image\\\/Hochzeitsfotografin_-_Melanie_Melcher-91.jpg\",\"sizes\":{\"thumb\":\"https:\\\/\\\/www.melanie-melcher.de\\\/wp-content\\\/grand-media\\\/image\\\/thumb\\\/Hochzeitsfotografin_-_Melanie_Melcher-91.jpg\",\"full\":\"https:\\\/\\\/www.melanie-melcher.de\\\/wp-content\\\/grand-media\\\/image\\\/Hochzeitsfotografin_-_Melanie_Melcher-91.jpg\"},\"title\":\"Hochzeitsfotografin - Melanie Melcher-91\",\"alt\":\"Hochzeitsfotografin - Melanie Melcher-91\",\"caption\":\"\",\"url\":\"\",\"post_link\":\"https:\\\/\\\/www.melanie-melcher.de\\\/index.php\\\/gmedia\\\/hochzeitsfotografin_-_melanie_melcher-91-jpg\\\/\",\"cc\":0,\"views\":13,\"likes\":0,\"width\":800,\"height\":533},{\"id\":\"1215\",\"type\":\"image\",\"ext\":\"jpg\",\"src\":\"\\\/image\\\/Hochzeitsfotografin_-_Melanie_Melcher-50.jpg\",\"sizes\":{\"thumb\":\"https:\\\/\\\/www.melanie-melcher.de\\\/wp-content\\\/grand-media\\\/image\\\/thumb\\\/Hochzeitsfotografin_-_Melanie_Melcher-50.jpg\",\"full\":\"https:\\\/\\\/www.melanie-melcher.de\\\/wp-content\\\/grand-media\\\/image\\\/Hochzeitsfotografin_-_Melanie_Melcher-50.jpg\"},\"title\":\"Hochzeitsfotografin - Melanie Melcher-50\",\"alt\":\"Hochzeitsfotografin - Melanie Melcher-50\",\"caption\":\"\",\"url\":\"\",\"post_link\":\"https:\\\/\\\/www.melanie-melcher.de\\\/index.php\\\/gmedia\\\/hochzeitsfotografin_-_melanie_melcher-50-jpg\\\/\",\"cc\":0,\"views\":10,\"likes\":0,\"width\":800,\"height\":533},{\"id\":\"1213\",\"type\":\"image\",\"ext\":\"jpg\",\"src\":\"\\\/image\\\/Hochzeitsfotografin_-_Melanie_Melcher-48.jpg\",\"sizes\":{\"thumb\":\"https:\\\/\\\/www.melanie-melcher.de\\\/wp-content\\\/grand-media\\\/image\\\/thumb\\\/Hochzeitsfotografin_-_Melanie_Melcher-48.jpg\",\"full\":\"https:\\\/\\\/www.melanie-melcher.de\\\/wp-content\\\/grand-media\\\/image\\\/Hochzeitsfotografin_-_Melanie_Melcher-48.jpg\"},\"title\":\"Hochzeitsfotografin - Melanie Melcher-48\",\"alt\":\"Hochzeitsfotografin - Melanie Melcher-48\",\"caption\":\"\",\"url\":\"\",\"post_link\":\"https:\\\/\\\/www.melanie-melcher.de\\\/index.php\\\/gmedia\\\/hochzeitsfotografin_-_melanie_melcher-48-jpg\\\/\",\"cc\":0,\"views\":10,\"likes\":0,\"width\":800,\"height\":533},{\"id\":\"1251\",\"type\":\"image\",\"ext\":\"jpg\",\"src\":\"\\\/image\\\/Hochzeitsfotografin_-_Melanie_Melcher-86.jpg\",\"sizes\":{\"thumb\":\"https:\\\/\\\/www.melanie-melcher.de\\\/wp-content\\\/grand-media\\\/image\\\/thumb\\\/Hochzeitsfotografin_-_Melanie_Melcher-86.jpg\",\"full\":\"https:\\\/\\\/www.melanie-melcher.de\\\/wp-content\\\/grand-media\\\/image\\\/Hochzeitsfotografin_-_Melanie_Melcher-86.jpg\"},\"title\":\"Hochzeitsfotografin - Melanie Melcher-86\",\"alt\":\"Hochzeitsfotografin - Melanie Melcher-86\",\"caption\":\"\",\"url\":\"\",\"post_link\":\"https:\\\/\\\/www.melanie-melcher.de\\\/index.php\\\/gmedia\\\/hochzeitsfotografin_-_melanie_melcher-86-jpg\\\/\",\"cc\":0,\"views\":12,\"likes\":0,\"width\":800,\"height\":533},{\"id\":\"1228\",\"type\":\"image\",\"ext\":\"jpg\",\"src\":\"\\\/image\\\/Hochzeitsfotografin_-_Melanie_Melcher-63.jpg\",\"sizes\":{\"thumb\":\"https:\\\/\\\/www.melanie-melcher.de\\\/wp-content\\\/grand-media\\\/image\\\/thumb\\\/Hochzeitsfotografin_-_Melanie_Melcher-63.jpg\",\"full\":\"https:\\\/\\\/www.melanie-melcher.de\\\/wp-content\\\/grand-media\\\/image\\\/Hochzeitsfotografin_-_Melanie_Melcher-63.jpg\"},\"title\":\"Hochzeitsfotografin - Melanie Melcher-63\",\"alt\":\"Hochzeitsfotografin - Melanie Melcher-63\",\"caption\":\"\",\"url\":\"\",\"post_link\":\"https:\\\/\\\/www.melanie-melcher.de\\\/index.php\\\/gmedia\\\/hochzeitsfotografin_-_melanie_melcher-63-jpg\\\/\",\"cc\":0,\"views\":11,\"likes\":0,\"width\":533,\"height\":800},{\"id\":\"1179\",\"type\":\"image\",\"ext\":\"jpg\",\"src\":\"\\\/image\\\/Hochzeitsfotografin_-_Melanie_Melcher-14.jpg\",\"sizes\":{\"thumb\":\"https:\\\/\\\/www.melanie-melcher.de\\\/wp-content\\\/grand-media\\\/image\\\/thumb\\\/Hochzeitsfotografin_-_Melanie_Melcher-14.jpg\",\"full\":\"https:\\\/\\\/www.melanie-melcher.de\\\/wp-content\\\/grand-media\\\/image\\\/Hochzeitsfotografin_-_Melanie_Melcher-14.jpg\"},\"title\":\"Hochzeitsfotografin - Melanie Melcher-14\",\"alt\":\"Hochzeitsfotografin - Melanie Melcher-14\",\"caption\":\"\",\"url\":\"\",\"post_link\":\"https:\\\/\\\/www.melanie-melcher.de\\\/index.php\\\/gmedia\\\/hochzeitsfotografin_-_melanie_melcher-14-jpg\\\/\",\"cc\":0,\"views\":8,\"likes\":0,\"width\":800,\"height\":533},{\"id\":\"1167\",\"type\":\"image\",\"ext\":\"jpg\",\"src\":\"\\\/image\\\/Hochzeitsfotografin_-_Melanie_Melcher-2.jpg\",\"sizes\":{\"thumb\":\"https:\\\/\\\/www.melanie-melcher.de\\\/wp-content\\\/grand-media\\\/image\\\/thumb\\\/Hochzeitsfotografin_-_Melanie_Melcher-2.jpg\",\"full\":\"https:\\\/\\\/www.melanie-melcher.de\\\/wp-content\\\/grand-media\\\/image\\\/Hochzeitsfotografin_-_Melanie_Melcher-2.jpg\"},\"title\":\"Hochzeitsfotografin - Melanie Melcher-2\",\"alt\":\"Hochzeitsfotografin - Melanie Melcher-2\",\"caption\":\"\",\"url\":\"\",\"post_link\":\"https:\\\/\\\/www.melanie-melcher.de\\\/index.php\\\/gmedia\\\/hochzeitsfotografin_-_melanie_melcher-2-jpg\\\/\",\"cc\":0,\"views\":10,\"likes\":0,\"width\":800,\"height\":533},{\"id\":\"1210\",\"type\":\"image\",\"ext\":\"jpg\",\"src\":\"\\\/image\\\/Hochzeitsfotografin_-_Melanie_Melcher-45.jpg\",\"sizes\":{\"thumb\":\"https:\\\/\\\/www.melanie-melcher.de\\\/wp-content\\\/grand-media\\\/image\\\/thumb\\\/Hochzeitsfotografin_-_Melanie_Melcher-45.jpg\",\"full\":\"https:\\\/\\\/www.melanie-melcher.de\\\/wp-content\\\/grand-media\\\/image\\\/Hochzeitsfotografin_-_Melanie_Melcher-45.jpg\"},\"title\":\"Hochzeitsfotografin - Melanie Melcher-45\",\"alt\":\"Hochzeitsfotografin - Melanie Melcher-45\",\"caption\":\"\",\"url\":\"\",\"post_link\":\"https:\\\/\\\/www.melanie-melcher.de\\\/index.php\\\/gmedia\\\/hochzeitsfotografin_-_melanie_melcher-45-jpg\\\/\",\"cc\":0,\"views\":13,\"likes\":0,\"width\":533,\"height\":800},{\"id\":\"1214\",\"type\":\"image\",\"ext\":\"jpg\",\"src\":\"\\\/image\\\/Hochzeitsfotografin_-_Melanie_Melcher-49.jpg\",\"sizes\":{\"thumb\":\"https:\\\/\\\/www.melanie-melcher.de\\\/wp-content\\\/grand-media\\\/image\\\/thumb\\\/Hochzeitsfotografin_-_Melanie_Melcher-49.jpg\",\"full\":\"https:\\\/\\\/www.melanie-melcher.de\\\/wp-content\\\/grand-media\\\/image\\\/Hochzeitsfotografin_-_Melanie_Melcher-49.jpg\"},\"title\":\"Hochzeitsfotografin - Melanie Melcher-49\",\"alt\":\"Hochzeitsfotografin - Melanie Melcher-49\",\"caption\":\"\",\"url\":\"\",\"post_link\":\"https:\\\/\\\/www.melanie-melcher.de\\\/index.php\\\/gmedia\\\/hochzeitsfotografin_-_melanie_melcher-49-jpg\\\/\",\"cc\":0,\"views\":11,\"likes\":0,\"width\":800,\"height\":533},{\"id\":\"1258\",\"type\":\"image\",\"ext\":\"jpg\",\"src\":\"\\\/image\\\/Hochzeitsfotografin_-_Melanie_Melcher-93.jpg\",\"sizes\":{\"thumb\":\"https:\\\/\\\/www.melanie-melcher.de\\\/wp-content\\\/grand-media\\\/image\\\/thumb\\\/Hochzeitsfotografin_-_Melanie_Melcher-93.jpg\",\"full\":\"https:\\\/\\\/www.melanie-melcher.de\\\/wp-content\\\/grand-media\\\/image\\\/Hochzeitsfotografin_-_Melanie_Melcher-93.jpg\"},\"title\":\"Hochzeitsfotografin - Melanie Melcher-93\",\"alt\":\"Hochzeitsfotografin - Melanie Melcher-93\",\"caption\":\"\",\"url\":\"\",\"post_link\":\"https:\\\/\\\/www.melanie-melcher.de\\\/index.php\\\/gmedia\\\/hochzeitsfotografin_-_melanie_melcher-93-jpg\\\/\",\"cc\":0,\"views\":16,\"likes\":0,\"width\":533,\"height\":800},{\"id\":\"1243\",\"type\":\"image\",\"ext\":\"jpg\",\"src\":\"\\\/image\\\/Hochzeitsfotografin_-_Melanie_Melcher-78.jpg\",\"sizes\":{\"thumb\":\"https:\\\/\\\/www.melanie-melcher.de\\\/wp-content\\\/grand-media\\\/image\\\/thumb\\\/Hochzeitsfotografin_-_Melanie_Melcher-78.jpg\",\"full\":\"https:\\\/\\\/www.melanie-melcher.de\\\/wp-content\\\/grand-media\\\/image\\\/Hochzeitsfotografin_-_Melanie_Melcher-78.jpg\"},\"title\":\"Hochzeitsfotografin - Melanie Melcher-78\",\"alt\":\"Hochzeitsfotografin - Melanie Melcher-78\",\"caption\":\"\",\"url\":\"\",\"post_link\":\"https:\\\/\\\/www.melanie-melcher.de\\\/index.php\\\/gmedia\\\/hochzeitsfotografin_-_melanie_melcher-78-jpg\\\/\",\"cc\":0,\"views\":15,\"likes\":0,\"width\":800,\"height\":533},{\"id\":\"1200\",\"type\":\"image\",\"ext\":\"jpg\",\"src\":\"\\\/image\\\/Hochzeitsfotografin_-_Melanie_Melcher-35.jpg\",\"sizes\":{\"thumb\":\"https:\\\/\\\/www.melanie-melcher.de\\\/wp-content\\\/grand-media\\\/image\\\/thumb\\\/Hochzeitsfotografin_-_Melanie_Melcher-35.jpg\",\"full\":\"https:\\\/\\\/www.melanie-melcher.de\\\/wp-content\\\/grand-media\\\/image\\\/Hochzeitsfotografin_-_Melanie_Melcher-35.jpg\"},\"title\":\"Hochzeitsfotografin - Melanie Melcher-35\",\"alt\":\"Hochzeitsfotografin - Melanie Melcher-35\",\"caption\":\"\",\"url\":\"\",\"post_link\":\"https:\\\/\\\/www.melanie-melcher.de\\\/index.php\\\/gmedia\\\/hochzeitsfotografin_-_melanie_melcher-35-jpg\\\/\",\"cc\":0,\"views\":9,\"likes\":0,\"width\":800,\"height\":533},{\"id\":\"1173\",\"type\":\"image\",\"ext\":\"jpg\",\"src\":\"\\\/image\\\/Hochzeitsfotografin_-_Melanie_Melcher-8.jpg\",\"sizes\":{\"thumb\":\"https:\\\/\\\/www.melanie-melcher.de\\\/wp-content\\\/grand-media\\\/image\\\/thumb\\\/Hochzeitsfotografin_-_Melanie_Melcher-8.jpg\",\"full\":\"https:\\\/\\\/www.melanie-melcher.de\\\/wp-content\\\/grand-media\\\/image\\\/Hochzeitsfotografin_-_Melanie_Melcher-8.jpg\"},\"title\":\"Hochzeitsfotografin - Melanie Melcher-8\",\"alt\":\"Hochzeitsfotografin - Melanie Melcher-8\",\"caption\":\"\",\"url\":\"\",\"post_link\":\"https:\\\/\\\/www.melanie-melcher.de\\\/index.php\\\/gmedia\\\/hochzeitsfotografin_-_melanie_melcher-8-jpg\\\/\",\"cc\":0,\"views\":10,\"likes\":0,\"width\":800,\"height\":533},{\"id\":\"1202\",\"type\":\"image\",\"ext\":\"jpg\",\"src\":\"\\\/image\\\/Hochzeitsfotografin_-_Melanie_Melcher-37.jpg\",\"sizes\":{\"thumb\":\"https:\\\/\\\/www.melanie-melcher.de\\\/wp-content\\\/grand-media\\\/image\\\/thumb\\\/Hochzeitsfotografin_-_Melanie_Melcher-37.jpg\",\"full\":\"https:\\\/\\\/www.melanie-melcher.de\\\/wp-content\\\/grand-media\\\/image\\\/Hochzeitsfotografin_-_Melanie_Melcher-37.jpg\"},\"title\":\"Hochzeitsfotografin - Melanie Melcher-37\",\"alt\":\"Hochzeitsfotografin - Melanie Melcher-37\",\"caption\":\"\",\"url\":\"\",\"post_link\":\"https:\\\/\\\/www.melanie-melcher.de\\\/index.php\\\/gmedia\\\/hochzeitsfotografin_-_melanie_melcher-37-jpg\\\/\",\"cc\":0,\"views\":11,\"likes\":0,\"width\":800,\"height\":533},{\"id\":\"1176\",\"type\":\"image\",\"ext\":\"jpg\",\"src\":\"\\\/image\\\/Hochzeitsfotografin_-_Melanie_Melcher-11.jpg\",\"sizes\":{\"thumb\":\"https:\\\/\\\/www.melanie-melcher.de\\\/wp-content\\\/grand-media\\\/image\\\/thumb\\\/Hochzeitsfotografin_-_Melanie_Melcher-11.jpg\",\"full\":\"https:\\\/\\\/www.melanie-melcher.de\\\/wp-content\\\/grand-media\\\/image\\\/Hochzeitsfotografin_-_Melanie_Melcher-11.jpg\"},\"title\":\"Hochzeitsfotografin - Melanie Melcher-11\",\"alt\":\"Hochzeitsfotografin - Melanie Melcher-11\",\"caption\":\"\",\"url\":\"\",\"post_link\":\"https:\\\/\\\/www.melanie-melcher.de\\\/index.php\\\/gmedia\\\/hochzeitsfotografin_-_melanie_melcher-11-jpg\\\/\",\"cc\":0,\"views\":15,\"likes\":0,\"width\":800,\"height\":533},{\"id\":\"1242\",\"type\":\"image\",\"ext\":\"jpg\",\"src\":\"\\\/image\\\/Hochzeitsfotografin_-_Melanie_Melcher-77.jpg\",\"sizes\":{\"thumb\":\"https:\\\/\\\/www.melanie-melcher.de\\\/wp-content\\\/grand-media\\\/image\\\/thumb\\\/Hochzeitsfotografin_-_Melanie_Melcher-77.jpg\",\"full\":\"https:\\\/\\\/www.melanie-melcher.de\\\/wp-content\\\/grand-media\\\/image\\\/Hochzeitsfotografin_-_Melanie_Melcher-77.jpg\"},\"title\":\"Hochzeitsfotografin - Melanie Melcher-77\",\"alt\":\"Hochzeitsfotografin - Melanie Melcher-77\",\"caption\":\"\",\"url\":\"\",\"post_link\":\"https:\\\/\\\/www.melanie-melcher.de\\\/index.php\\\/gmedia\\\/hochzeitsfotografin_-_melanie_melcher-77-jpg\\\/\",\"cc\":0,\"views\":12,\"likes\":0,\"width\":533,\"height\":800},{\"id\":\"1222\",\"type\":\"image\",\"ext\":\"jpg\",\"src\":\"\\\/image\\\/Hochzeitsfotografin_-_Melanie_Melcher-57.jpg\",\"sizes\":{\"thumb\":\"https:\\\/\\\/www.melanie-melcher.de\\\/wp-content\\\/grand-media\\\/image\\\/thumb\\\/Hochzeitsfotografin_-_Melanie_Melcher-57.jpg\",\"full\":\"https:\\\/\\\/www.melanie-melcher.de\\\/wp-content\\\/grand-media\\\/image\\\/Hochzeitsfotografin_-_Melanie_Melcher-57.jpg\"},\"title\":\"Hochzeitsfotografin - Melanie Melcher-57\",\"alt\":\"Hochzeitsfotografin - Melanie Melcher-57\",\"caption\":\"\",\"url\":\"\",\"post_link\":\"https:\\\/\\\/www.melanie-melcher.de\\\/index.php\\\/gmedia\\\/hochzeitsfotografin_-_melanie_melcher-57-jpg\\\/\",\"cc\":0,\"views\":12,\"likes\":0,\"width\":800,\"height\":533},{\"id\":\"1229\",\"type\":\"image\",\"ext\":\"jpg\",\"src\":\"\\\/image\\\/Hochzeitsfotografin_-_Melanie_Melcher-64.jpg\",\"sizes\":{\"thumb\":\"https:\\\/\\\/www.melanie-melcher.de\\\/wp-content\\\/grand-media\\\/image\\\/thumb\\\/Hochzeitsfotografin_-_Melanie_Melcher-64.jpg\",\"full\":\"https:\\\/\\\/www.melanie-melcher.de\\\/wp-content\\\/grand-media\\\/image\\\/Hochzeitsfotografin_-_Melanie_Melcher-64.jpg\"},\"title\":\"Hochzeitsfotografin - Melanie Melcher-64\",\"alt\":\"Hochzeitsfotografin - Melanie Melcher-64\",\"caption\":\"\",\"url\":\"\",\"post_link\":\"https:\\\/\\\/www.melanie-melcher.de\\\/index.php\\\/gmedia\\\/hochzeitsfotografin_-_melanie_melcher-64-jpg\\\/\",\"cc\":0,\"views\":11,\"likes\":0,\"width\":533,\"height\":800},{\"id\":\"1180\",\"type\":\"image\",\"ext\":\"jpg\",\"src\":\"\\\/image\\\/Hochzeitsfotografin_-_Melanie_Melcher-15.jpg\",\"sizes\":{\"thumb\":\"https:\\\/\\\/www.melanie-melcher.de\\\/wp-content\\\/grand-media\\\/image\\\/thumb\\\/Hochzeitsfotografin_-_Melanie_Melcher-15.jpg\",\"full\":\"https:\\\/\\\/www.melanie-melcher.de\\\/wp-content\\\/grand-media\\\/image\\\/Hochzeitsfotografin_-_Melanie_Melcher-15.jpg\"},\"title\":\"Hochzeitsfotografin - Melanie Melcher-15\",\"alt\":\"Hochzeitsfotografin - Melanie Melcher-15\",\"caption\":\"\",\"url\":\"\",\"post_link\":\"https:\\\/\\\/www.melanie-melcher.de\\\/index.php\\\/gmedia\\\/hochzeitsfotografin_-_melanie_melcher-15-jpg\\\/\",\"cc\":0,\"views\":9,\"likes\":0,\"width\":533,\"height\":800},{\"id\":\"1221\",\"type\":\"image\",\"ext\":\"jpg\",\"src\":\"\\\/image\\\/Hochzeitsfotografin_-_Melanie_Melcher-56.jpg\",\"sizes\":{\"thumb\":\"https:\\\/\\\/www.melanie-melcher.de\\\/wp-content\\\/grand-media\\\/image\\\/thumb\\\/Hochzeitsfotografin_-_Melanie_Melcher-56.jpg\",\"full\":\"https:\\\/\\\/www.melanie-melcher.de\\\/wp-content\\\/grand-media\\\/image\\\/Hochzeitsfotografin_-_Melanie_Melcher-56.jpg\"},\"title\":\"Hochzeitsfotografin - Melanie Melcher-56\",\"alt\":\"Hochzeitsfotografin - Melanie Melcher-56\",\"caption\":\"\",\"url\":\"\",\"post_link\":\"https:\\\/\\\/www.melanie-melcher.de\\\/index.php\\\/gmedia\\\/hochzeitsfotografin_-_melanie_melcher-56-jpg\\\/\",\"cc\":0,\"views\":11,\"likes\":0,\"width\":800,\"height\":533},{\"id\":\"1183\",\"type\":\"image\",\"ext\":\"jpg\",\"src\":\"\\\/image\\\/Hochzeitsfotografin_-_Melanie_Melcher-18.jpg\",\"sizes\":{\"thumb\":\"https:\\\/\\\/www.melanie-melcher.de\\\/wp-content\\\/grand-media\\\/image\\\/thumb\\\/Hochzeitsfotografin_-_Melanie_Melcher-18.jpg\",\"full\":\"https:\\\/\\\/www.melanie-melcher.de\\\/wp-content\\\/grand-media\\\/image\\\/Hochzeitsfotografin_-_Melanie_Melcher-18.jpg\"},\"title\":\"Hochzeitsfotografin - Melanie Melcher-18\",\"alt\":\"Hochzeitsfotografin - Melanie Melcher-18\",\"caption\":\"\",\"url\":\"\",\"post_link\":\"https:\\\/\\\/www.melanie-melcher.de\\\/index.php\\\/gmedia\\\/hochzeitsfotografin_-_melanie_melcher-18-jpg\\\/\",\"cc\":0,\"views\":11,\"likes\":0,\"width\":800,\"height\":533},{\"id\":\"1195\",\"type\":\"image\",\"ext\":\"jpg\",\"src\":\"\\\/image\\\/Hochzeitsfotografin_-_Melanie_Melcher-30.jpg\",\"sizes\":{\"thumb\":\"https:\\\/\\\/www.melanie-melcher.de\\\/wp-content\\\/grand-media\\\/image\\\/thumb\\\/Hochzeitsfotografin_-_Melanie_Melcher-30.jpg\",\"full\":\"https:\\\/\\\/www.melanie-melcher.de\\\/wp-content\\\/grand-media\\\/image\\\/Hochzeitsfotografin_-_Melanie_Melcher-30.jpg\"},\"title\":\"Hochzeitsfotografin - Melanie Melcher-30\",\"alt\":\"Hochzeitsfotografin - Melanie Melcher-30\",\"caption\":\"\",\"url\":\"\",\"post_link\":\"https:\\\/\\\/www.melanie-melcher.de\\\/index.php\\\/gmedia\\\/hochzeitsfotografin_-_melanie_melcher-30-jpg\\\/\",\"cc\":0,\"views\":10,\"likes\":0,\"width\":533,\"height\":800},{\"id\":\"1248\",\"type\":\"image\",\"ext\":\"jpg\",\"src\":\"\\\/image\\\/Hochzeitsfotografin_-_Melanie_Melcher-83.jpg\",\"sizes\":{\"thumb\":\"https:\\\/\\\/www.melanie-melcher.de\\\/wp-content\\\/grand-media\\\/image\\\/thumb\\\/Hochzeitsfotografin_-_Melanie_Melcher-83.jpg\",\"full\":\"https:\\\/\\\/www.melanie-melcher.de\\\/wp-content\\\/grand-media\\\/image\\\/Hochzeitsfotografin_-_Melanie_Melcher-83.jpg\"},\"title\":\"Hochzeitsfotografin - Melanie Melcher-83\",\"alt\":\"Hochzeitsfotografin - Melanie Melcher-83\",\"caption\":\"\",\"url\":\"\",\"post_link\":\"https:\\\/\\\/www.melanie-melcher.de\\\/index.php\\\/gmedia\\\/hochzeitsfotografin_-_melanie_melcher-83-jpg\\\/\",\"cc\":0,\"views\":13,\"likes\":0,\"width\":800,\"height\":533},{\"id\":\"1192\",\"type\":\"image\",\"ext\":\"jpg\",\"src\":\"\\\/image\\\/Hochzeitsfotografin_-_Melanie_Melcher-27.jpg\",\"sizes\":{\"thumb\":\"https:\\\/\\\/www.melanie-melcher.de\\\/wp-content\\\/grand-media\\\/image\\\/thumb\\\/Hochzeitsfotografin_-_Melanie_Melcher-27.jpg\",\"full\":\"https:\\\/\\\/www.melanie-melcher.de\\\/wp-content\\\/grand-media\\\/image\\\/Hochzeitsfotografin_-_Melanie_Melcher-27.jpg\"},\"title\":\"Hochzeitsfotografin - Melanie Melcher-27\",\"alt\":\"Hochzeitsfotografin - Melanie Melcher-27\",\"caption\":\"\",\"url\":\"\",\"post_link\":\"https:\\\/\\\/www.melanie-melcher.de\\\/index.php\\\/gmedia\\\/hochzeitsfotografin_-_melanie_melcher-27-jpg\\\/\",\"cc\":0,\"views\":10,\"likes\":0,\"width\":800,\"height\":533},{\"id\":\"1257\",\"type\":\"image\",\"ext\":\"jpg\",\"src\":\"\\\/image\\\/Hochzeitsfotografin_-_Melanie_Melcher-92.jpg\",\"sizes\":{\"thumb\":\"https:\\\/\\\/www.melanie-melcher.de\\\/wp-content\\\/grand-media\\\/image\\\/thumb\\\/Hochzeitsfotografin_-_Melanie_Melcher-92.jpg\",\"full\":\"https:\\\/\\\/www.melanie-melcher.de\\\/wp-content\\\/grand-media\\\/image\\\/Hochzeitsfotografin_-_Melanie_Melcher-92.jpg\"},\"title\":\"Hochzeitsfotografin - Melanie Melcher-92\",\"alt\":\"Hochzeitsfotografin - Melanie Melcher-92\",\"caption\":\"\",\"url\":\"\",\"post_link\":\"https:\\\/\\\/www.melanie-melcher.de\\\/index.php\\\/gmedia\\\/hochzeitsfotografin_-_melanie_melcher-92-jpg\\\/\",\"cc\":0,\"views\":14,\"likes\":0,\"width\":533,\"height\":800},{\"id\":\"1224\",\"type\":\"image\",\"ext\":\"jpg\",\"src\":\"\\\/image\\\/Hochzeitsfotografin_-_Melanie_Melcher-59.jpg\",\"sizes\":{\"thumb\":\"https:\\\/\\\/www.melanie-melcher.de\\\/wp-content\\\/grand-media\\\/image\\\/thumb\\\/Hochzeitsfotografin_-_Melanie_Melcher-59.jpg\",\"full\":\"https:\\\/\\\/www.melanie-melcher.de\\\/wp-content\\\/grand-media\\\/image\\\/Hochzeitsfotografin_-_Melanie_Melcher-59.jpg\"},\"title\":\"Hochzeitsfotografin - Melanie Melcher-59\",\"alt\":\"Hochzeitsfotografin - Melanie Melcher-59\",\"caption\":\"\",\"url\":\"\",\"post_link\":\"https:\\\/\\\/www.melanie-melcher.de\\\/index.php\\\/gmedia\\\/hochzeitsfotografin_-_melanie_melcher-59-jpg\\\/\",\"cc\":0,\"views\":11,\"likes\":0,\"width\":800,\"height\":533},{\"id\":\"1230\",\"type\":\"image\",\"ext\":\"jpg\",\"src\":\"\\\/image\\\/Hochzeitsfotografin_-_Melanie_Melcher-65.jpg\",\"sizes\":{\"thumb\":\"https:\\\/\\\/www.melanie-melcher.de\\\/wp-content\\\/grand-media\\\/image\\\/thumb\\\/Hochzeitsfotografin_-_Melanie_Melcher-65.jpg\",\"full\":\"https:\\\/\\\/www.melanie-melcher.de\\\/wp-content\\\/grand-media\\\/image\\\/Hochzeitsfotografin_-_Melanie_Melcher-65.jpg\"},\"title\":\"Hochzeitsfotografin - Melanie Melcher-65\",\"alt\":\"Hochzeitsfotografin - Melanie Melcher-65\",\"caption\":\"\",\"url\":\"\",\"post_link\":\"https:\\\/\\\/www.melanie-melcher.de\\\/index.php\\\/gmedia\\\/hochzeitsfotografin_-_melanie_melcher-65-jpg\\\/\",\"cc\":0,\"views\":13,\"likes\":0,\"width\":800,\"height\":533},{\"id\":\"1209\",\"type\":\"image\",\"ext\":\"jpg\",\"src\":\"\\\/image\\\/Hochzeitsfotografin_-_Melanie_Melcher-44.jpg\",\"sizes\":{\"thumb\":\"https:\\\/\\\/www.melanie-melcher.de\\\/wp-content\\\/grand-media\\\/image\\\/thumb\\\/Hochzeitsfotografin_-_Melanie_Melcher-44.jpg\",\"full\":\"https:\\\/\\\/www.melanie-melcher.de\\\/wp-content\\\/grand-media\\\/image\\\/Hochzeitsfotografin_-_Melanie_Melcher-44.jpg\"},\"title\":\"Hochzeitsfotografin - Melanie Melcher-44\",\"alt\":\"Hochzeitsfotografin - Melanie Melcher-44\",\"caption\":\"\",\"url\":\"\",\"post_link\":\"https:\\\/\\\/www.melanie-melcher.de\\\/index.php\\\/gmedia\\\/hochzeitsfotografin_-_melanie_melcher-44-jpg\\\/\",\"cc\":0,\"views\":9,\"likes\":0,\"width\":800,\"height\":533},{\"id\":\"1171\",\"type\":\"image\",\"ext\":\"jpg\",\"src\":\"\\\/image\\\/Hochzeitsfotografin_-_Melanie_Melcher-6.jpg\",\"sizes\":{\"thumb\":\"https:\\\/\\\/www.melanie-melcher.de\\\/wp-content\\\/grand-media\\\/image\\\/thumb\\\/Hochzeitsfotografin_-_Melanie_Melcher-6.jpg\",\"full\":\"https:\\\/\\\/www.melanie-melcher.de\\\/wp-content\\\/grand-media\\\/image\\\/Hochzeitsfotografin_-_Melanie_Melcher-6.jpg\"},\"title\":\"Hochzeitsfotografin - Melanie Melcher-6\",\"alt\":\"Hochzeitsfotografin - Melanie Melcher-6\",\"caption\":\"\",\"url\":\"\",\"post_link\":\"https:\\\/\\\/www.melanie-melcher.de\\\/index.php\\\/gmedia\\\/hochzeitsfotografin_-_melanie_melcher-6-jpg\\\/\",\"cc\":0,\"views\":13,\"likes\":0,\"width\":533,\"height\":800},{\"id\":\"1218\",\"type\":\"image\",\"ext\":\"jpg\",\"src\":\"\\\/image\\\/Hochzeitsfotografin_-_Melanie_Melcher-53.jpg\",\"sizes\":{\"thumb\":\"https:\\\/\\\/www.melanie-melcher.de\\\/wp-content\\\/grand-media\\\/image\\\/thumb\\\/Hochzeitsfotografin_-_Melanie_Melcher-53.jpg\",\"full\":\"https:\\\/\\\/www.melanie-melcher.de\\\/wp-content\\\/grand-media\\\/image\\\/Hochzeitsfotografin_-_Melanie_Melcher-53.jpg\"},\"title\":\"Hochzeitsfotografin - Melanie Melcher-53\",\"alt\":\"Hochzeitsfotografin - Melanie Melcher-53\",\"caption\":\"\",\"url\":\"\",\"post_link\":\"https:\\\/\\\/www.melanie-melcher.de\\\/index.php\\\/gmedia\\\/hochzeitsfotografin_-_melanie_melcher-53-jpg\\\/\",\"cc\":0,\"views\":14,\"likes\":0,\"width\":533,\"height\":800}];\n\t\t\t\t\tsettings.gallery = gmedia_mosaic_content;\n\t\t\t\t\t$( '#GmediaGallery_72 .gmMosaic_Container' ).gmediaMosaic( settings );\n\t\t\t\t} );\n\t\t\t} );\n\t<\/script>\t<\/div>\n<h3>Weitere Hochzeitsreportagen findet ihr <a href=\"http:\/\/www.melanie-melcher.de\/index.php\/category\/wedding\/\" target=\"_blank\" rel=\"noopener\">hier<\/a> und in meinem <a href=\"http:\/\/www.melanie-melcher.de\/index.php\/galerien-3\/wedding\/\" target=\"_blank\" rel=\"noopener\">Portfolio<\/a>.<\/h3>\n","protected":false},"excerpt":{"rendered":"<p>Heute darf ich euch Dana und Sandro endlich in meinem Blog vorstellen. Die beiden gaben sich Anfang Juni das Ja Wort und ich freue mich, dass ich dabei sein durfte. Kennengelernt habe ich beide durch Freunde. Ein paar Worte auf einer Grillparty, ein paar S\u00e4tze auf einem Junggessellenabschied, ein paar Treffen auf Geburtstagen und Co. [&hellip;]<\/p>\n","protected":false},"author":1,"featured_media":2259,"comment_status":"closed","ping_status":"open","sticky":false,"template":"","format":"standard","meta":{"footnotes":""},"categories":[7],"tags":[],"class_list":["post-2164","post","type-post","status-publish","format-standard","has-post-thumbnail","hentry","category-wedding"],"_links":{"self":[{"href":"https:\/\/www.melanie-melcher.de\/index.php\/wp-json\/wp\/v2\/posts\/2164","targetHints":{"allow":["GET"]}}],"collection":[{"href":"https:\/\/www.melanie-melcher.de\/index.php\/wp-json\/wp\/v2\/posts"}],"about":[{"href":"https:\/\/www.melanie-melcher.de\/index.php\/wp-json\/wp\/v2\/types\/post"}],"author":[{"embeddable":true,"href":"https:\/\/www.melanie-melcher.de\/index.php\/wp-json\/wp\/v2\/users\/1"}],"replies":[{"embeddable":true,"href":"https:\/\/www.melanie-melcher.de\/index.php\/wp-json\/wp\/v2\/comments?post=2164"}],"version-history":[{"count":2,"href":"https:\/\/www.melanie-melcher.de\/index.php\/wp-json\/wp\/v2\/posts\/2164\/revisions"}],"predecessor-version":[{"id":3906,"href":"https:\/\/www.melanie-melcher.de\/index.php\/wp-json\/wp\/v2\/posts\/2164\/revisions\/3906"}],"wp:featuredmedia":[{"embeddable":true,"href":"https:\/\/www.melanie-melcher.de\/index.php\/wp-json\/wp\/v2\/media\/2259"}],"wp:attachment":[{"href":"https:\/\/www.melanie-melcher.de\/index.php\/wp-json\/wp\/v2\/media?parent=2164"}],"wp:term":[{"taxonomy":"category","embeddable":true,"href":"https:\/\/www.melanie-melcher.de\/index.php\/wp-json\/wp\/v2\/categories?post=2164"},{"taxonomy":"post_tag","embeddable":true,"href":"https:\/\/www.melanie-melcher.de\/index.php\/wp-json\/wp\/v2\/tags?post=2164"}],"curies":[{"name":"wp","href":"https:\/\/api.w.org\/{rel}","templated":true}]}}