{"id":2379,"date":"2016-07-12T22:16:27","date_gmt":"2016-07-12T20:16:27","guid":{"rendered":"http:\/\/www.melanie-melcher.de\/?p=2379"},"modified":"2021-02-01T10:18:43","modified_gmt":"2021-02-01T09:18:43","slug":"hochzeit-in-xanten","status":"publish","type":"post","link":"https:\/\/www.melanie-melcher.de\/index.php\/2016\/07\/12\/hochzeit-in-xanten\/","title":{"rendered":"Svenja &#038; Martin &#8211; eine Hochzeit in Xanten"},"content":{"rendered":"<p><em>Ich gehe<\/em><br \/>\n<em> meinen Weg.<\/em><\/p>\n<p><em>Du gehst<\/em><br \/>\n<em> deinen Weg.<\/em><\/p>\n<p><em>Zusammen<\/\n<em> gehen wir<\/em><br \/>\n<em> noch einen Schritt<\/em><br \/>\n<em> weiter.<\/em><\/p>\n<p>(Ernst Ferst)<\/p>\n<p>An diesem sonnigen 11. Juni war es soweit. Svenja &amp; Martin sollten diesen Schritt gehen und ich sollte die beiden als Hochzeitsfotografin begleiten. Bereits vor Beginn der Trauung durfte ich die Braut beim Styling\u00a0fotografieren. V\u00f6llig entspannt und umringt von ihren Freundinnen lie\u00df Svenja sich aufh\u00fcbschen. Dann ging es los zur Trauung nach Xanten. Die wundersch\u00f6ne St Viktor Kirche in Birten war bereits festlich geschm\u00fcckt. Als Fotografin versuche ich immer mindestens 30 Minuten vor Traubeginn an der Kirche zu sein, damit ich genug Zeit habe mich mit der Kirche und dem gegebenen Licht auseinander zusetzen. Auch ein Gespr\u00e4ch mit dem zust\u00e4ndigen Pastor oder Pfarrer ist bei mir fester Bestandteil um im Gottesdienst so unauff\u00e4llig wie m\u00f6glich fotografieren zu k\u00f6nnen.<br \/>\nMartin wartete bereits vor der Kirche und begr\u00fcsste die nach und nach eintreffenden G\u00e4ste. Dann war es soweit, das Brautauto fuhr vor und ein nerv\u00f6ser Brautpapa \u00f6ffnete die T\u00fcren. Heraus stieg eine strahlende Braut.<\/p><\/div>\n<p>Der Gottesdienst war sehr pers\u00f6nlich mit sehr vielen bewegenden und ebenso vielen lustigen Passagen, die ich aufs Bild zaubern durfte. Eine S\u00e4ngerin sorgte f\u00fcr G\u00e4nsehaut.<br \/>\nNach dem Gottesdienst wurden die beiden umringt von ihren Liebsten.<br \/>\nZur Feier ging es in das wundersch\u00f6n hergerichtete Sch\u00fctzenhaus Xanten. Die gro\u00dfe Aussenterrasse und das sch\u00f6ne Wetter sorgten f\u00fcr einen entspannten Sektempfang mit einem kleinen \u00dcberraschungseffekt. Eine Freundin der beiden heiratete am selben Tag, so dass die M\u00e4dels ein kleines Treffen arrangiert hatten. Das Staunen war gro\u00df als das zweite Brautpaar pl\u00f6tzlich auf die Terrasse trat. Nach einem kleinen Shooting zu viert ging es f\u00fcr Martin und Svenja dann zum Brautpaarshooting. Eine Stunde fernab der G\u00e4ste mit ganz viel Ruhe und Romantik nur f\u00fcr die beiden. Herausgekommen sind wundersch\u00f6ne Hochzeitsbilder, die die Erinnerungen an diesen Hochzeitstag f\u00fcr immer lebendig halten.<\/p>\n<div class=\"gmedia_gallery mosaic_module is_bot\" id=\"GmediaGallery_74\" data-gmid=\"74\" data-module=\"mosaic\"><style class='gmedia_module_style_import'>@import url('https:\/\/www.melanie-melcher.de\/wp-content\/grand-media\/module\/mosaic\/css\/mosaic.css?v=2.16') all;<\/style>\t<div class=\"gmMosaic_Container noLightbox\" data-gmid=\"74\">\t\t<noscript><a href='https:\/\/www.melanie-melcher.de\/wp-content\/grand-media\/image\/Hochzeitsfotografin_-_Melanie_Melcher-61_1.jpg'><img class=\"noLazy\" src='https:\/\/www.melanie-melcher.de\/wp-content\/grand-media\/image\/thumb\/Hochzeitsfotografin_-_Melanie_Melcher-61_1.jpg' alt='Hochzeitsfotografin - Melanie Melcher-61' \/><\/a><a href='https:\/\/www.melanie-melcher.de\/wp-content\/grand-media\/image\/Hochzeitsfotografin_-_Melanie_Melcher-51_1.jpg'><img class=\"noLazy\" src='https:\/\/www.melanie-melcher.de\/wp-content\/grand-media\/image\/thumb\/Hochzeitsfotografin_-_Melanie_Melcher-51_1.jpg' alt='Hochzeitsfotografin - Melanie Melcher-51' \/><\/a><a href='https:\/\/www.melanie-melcher.de\/wp-content\/grand-media\/image\/Hochzeitsfotografin_-_Melanie_Melcher-11_1.jpg'><img class=\"noLazy\" src='https:\/\/www.melanie-melcher.de\/wp-content\/grand-media\/image\/thumb\/Hochzeitsfotografin_-_Melanie_Melcher-11_1.jpg' alt='Hochzeitsfotografin - Melanie Melcher-11' \/><\/a><a href='https:\/\/www.melanie-melcher.de\/wp-content\/grand-media\/image\/Hochzeitsfotografin_-_Melanie_Melcher-115.jpg'><img class=\"noLazy\" src='https:\/\/www.melanie-melcher.de\/wp-content\/grand-media\/image\/thumb\/Hochzeitsfotografin_-_Melanie_Melcher-115.jpg' alt='Hochzeitsfotografin - Melanie Melcher-115' \/><\/a><a href='https:\/\/www.melanie-melcher.de\/wp-content\/grand-media\/image\/Hochzeitsfotografin_-_Melanie_Melcher-64_1.jpg'><img class=\"noLazy\" src='https:\/\/www.melanie-melcher.de\/wp-content\/grand-media\/image\/thumb\/Hochzeitsfotografin_-_Melanie_Melcher-64_1.jpg' alt='Hochzeitsfotografin - Melanie Melcher-64' \/><\/a><a href='https:\/\/www.melanie-melcher.de\/wp-content\/grand-media\/image\/Hochzeitsfotografin_-_Melanie_Melcher-46_1.jpg'><img class=\"noLazy\" src='https:\/\/www.melanie-melcher.de\/wp-content\/grand-media\/image\/thumb\/Hochzeitsfotografin_-_Melanie_Melcher-46_1.jpg' alt='Hochzeitsfotografin - Melanie Melcher-46' \/><\/a><a href='https:\/\/www.melanie-melcher.de\/wp-content\/grand-media\/image\/Hochzeitsfotografin_-_Melanie_Melcher-7_1.jpg'><img class=\"noLazy\" src='https:\/\/www.melanie-melcher.de\/wp-content\/grand-media\/image\/thumb\/Hochzeitsfotografin_-_Melanie_Melcher-7_1.jpg' alt='Hochzeitsfotografin - Melanie Melcher-7' \/><\/a><a href='https:\/\/www.melanie-melcher.de\/wp-content\/grand-media\/image\/Hochzeitsfotografin_-_Melanie_Melcher-45_1.jpg'><img class=\"noLazy\" src='https:\/\/www.melanie-melcher.de\/wp-content\/grand-media\/image\/thumb\/Hochzeitsfotografin_-_Melanie_Melcher-45_1.jpg' alt='Hochzeitsfotografin - Melanie Melcher-45' \/><\/a><a href='https:\/\/www.melanie-melcher.de\/wp-content\/grand-media\/image\/Hochzeitsfotografin_-_Melanie_Melcher-9_1.jpg'><img class=\"noLazy\" src='https:\/\/www.melanie-melcher.de\/wp-content\/grand-media\/image\/thumb\/Hochzeitsfotografin_-_Melanie_Melcher-9_1.jpg' alt='Hochzeitsfotografin - Melanie Melcher-9' \/><\/a><a href='https:\/\/www.melanie-melcher.de\/wp-content\/grand-media\/image\/Hochzeitsfotografin_-_Melanie_Melcher_1.jpg'><img class=\"noLazy\" src='https:\/\/www.melanie-melcher.de\/wp-content\/grand-media\/image\/thumb\/Hochzeitsfotografin_-_Melanie_Melcher_1.jpg' alt='Hochzeitsfotografin - Melanie Melcher' \/><\/a><a href='https:\/\/www.melanie-melcher.de\/wp-content\/grand-media\/image\/Hochzeitsfotografin_-_Melanie_Melcher-88_1.jpg'><img class=\"noLazy\" src='https:\/\/www.melanie-melcher.de\/wp-content\/grand-media\/image\/thumb\/Hochzeitsfotografin_-_Melanie_Melcher-88_1.jpg' alt='Hochzeitsfotografin - Melanie Melcher-88' \/><\/a><a href='https:\/\/www.melanie-melcher.de\/wp-content\/grand-media\/image\/Hochzeitsfotografin_-_Melanie_Melcher-101.jpg'><img class=\"noLazy\" src='https:\/\/www.melanie-melcher.de\/wp-content\/grand-media\/image\/thumb\/Hochzeitsfotografin_-_Melanie_Melcher-101.jpg' alt='Hochzeitsfotografin - Melanie Melcher-101' \/><\/a><a href='https:\/\/www.melanie-melcher.de\/wp-content\/grand-media\/image\/Hochzeitsfotografin_-_Melanie_Melcher-76_1.jpg'><img class=\"noLazy\" src='https:\/\/www.melanie-melcher.de\/wp-content\/grand-media\/image\/thumb\/Hochzeitsfotografin_-_Melanie_Melcher-76_1.jpg' alt='Hochzeitsfotografin - Melanie Melcher-76' \/><\/a><a href='https:\/\/www.melanie-melcher.de\/wp-content\/grand-media\/image\/Hochzeitsfotografin_-_Melanie_Melcher-47_1.jpg'><img class=\"noLazy\" src='https:\/\/www.melanie-melcher.de\/wp-content\/grand-media\/image\/thumb\/Hochzeitsfotografin_-_Melanie_Melcher-47_1.jpg' alt='Hochzeitsfotografin - Melanie Melcher-47' \/><\/a><a href='https:\/\/www.melanie-melcher.de\/wp-content\/grand-media\/image\/Hochzeitsfotografin_-_Melanie_Melcher-2_1.jpg'><img class=\"noLazy\" src='https:\/\/www.melanie-melcher.de\/wp-content\/grand-media\/image\/thumb\/Hochzeitsfotografin_-_Melanie_Melcher-2_1.jpg' alt='Hochzeitsfotografin - Melanie Melcher-2' \/><\/a><a href='https:\/\/www.melanie-melcher.de\/wp-content\/grand-media\/image\/Hochzeitsfotografin_-_Melanie_Melcher-111.jpg'><img class=\"noLazy\" src='https:\/\/www.melanie-melcher.de\/wp-content\/grand-media\/image\/thumb\/Hochzeitsfotografin_-_Melanie_Melcher-111.jpg' alt='Hochzeitsfotografin - Melanie Melcher-111' \/><\/a><a href='https:\/\/www.melanie-melcher.de\/wp-content\/grand-media\/image\/Hochzeitsfotografin_-_Melanie_Melcher-35_1.jpg'><img class=\"noLazy\" src='https:\/\/www.melanie-melcher.de\/wp-content\/grand-media\/image\/thumb\/Hochzeitsfotografin_-_Melanie_Melcher-35_1.jpg' alt='Hochzeitsfotografin - Melanie Melcher-35' \/><\/a><a href='https:\/\/www.melanie-melcher.de\/wp-content\/grand-media\/image\/Hochzeitsfotografin_-_Melanie_Melcher-77_1.jpg'><img class=\"noLazy\" src='https:\/\/www.melanie-melcher.de\/wp-content\/grand-media\/image\/thumb\/Hochzeitsfotografin_-_Melanie_Melcher-77_1.jpg' alt='Hochzeitsfotografin - Melanie Melcher-77' \/><\/a><a href='https:\/\/www.melanie-melcher.de\/wp-content\/grand-media\/image\/Hochzeitsfotografin_-_Melanie_Melcher-98.jpg'><img class=\"noLazy\" src='https:\/\/www.melanie-melcher.de\/wp-content\/grand-media\/image\/thumb\/Hochzeitsfotografin_-_Melanie_Melcher-98.jpg' alt='Hochzeitsfotografin - Melanie Melcher-98' \/><\/a><a href='https:\/\/www.melanie-melcher.de\/wp-content\/grand-media\/image\/Hochzeitsfotografin_-_Melanie_Melcher-20_1.jpg'><img class=\"noLazy\" src='https:\/\/www.melanie-melcher.de\/wp-content\/grand-media\/image\/thumb\/Hochzeitsfotografin_-_Melanie_Melcher-20_1.jpg' alt='Hochzeitsfotografin - Melanie Melcher-20' \/><\/a><a href='https:\/\/www.melanie-melcher.de\/wp-content\/grand-media\/image\/Hochzeitsfotografin_-_Melanie_Melcher-60_1.jpg'><img class=\"noLazy\" src='https:\/\/www.melanie-melcher.de\/wp-content\/grand-media\/image\/thumb\/Hochzeitsfotografin_-_Melanie_Melcher-60_1.jpg' alt='Hochzeitsfotografin - Melanie Melcher-60' \/><\/a><a href='https:\/\/www.melanie-melcher.de\/wp-content\/grand-media\/image\/Hochzeitsfotografin_-_Melanie_Melcher-71_1.jpg'><img class=\"noLazy\" src='https:\/\/www.melanie-melcher.de\/wp-content\/grand-media\/image\/thumb\/Hochzeitsfotografin_-_Melanie_Melcher-71_1.jpg' alt='Hochzeitsfotografin - Melanie Melcher-71' \/><\/a><a href='https:\/\/www.melanie-melcher.de\/wp-content\/grand-media\/image\/Hochzeitsfotografin_-_Melanie_Melcher-55_1.jpg'><img class=\"noLazy\" src='https:\/\/www.melanie-melcher.de\/wp-content\/grand-media\/image\/thumb\/Hochzeitsfotografin_-_Melanie_Melcher-55_1.jpg' alt='Hochzeitsfotografin - Melanie Melcher-55' \/><\/a><a href='https:\/\/www.melanie-melcher.de\/wp-content\/grand-media\/image\/Hochzeitsfotografin_-_Melanie_Melcher-21_1.jpg'><img class=\"noLazy\" src='https:\/\/www.melanie-melcher.de\/wp-content\/grand-media\/image\/thumb\/Hochzeitsfotografin_-_Melanie_Melcher-21_1.jpg' alt='Hochzeitsfotografin - Melanie Melcher-21' \/><\/a><a href='https:\/\/www.melanie-melcher.de\/wp-content\/grand-media\/image\/Hochzeitsfotografin_-_Melanie_Melcher-87_1.jpg'><img class=\"noLazy\" src='https:\/\/www.melanie-melcher.de\/wp-content\/grand-media\/image\/thumb\/Hochzeitsfotografin_-_Melanie_Melcher-87_1.jpg' alt='Hochzeitsfotografin - Melanie Melcher-87' \/><\/a><a href='https:\/\/www.melanie-melcher.de\/wp-content\/grand-media\/image\/Hochzeitsfotografin_-_Melanie_Melcher-49_1.jpg'><img class=\"noLazy\" src='https:\/\/www.melanie-melcher.de\/wp-content\/grand-media\/image\/thumb\/Hochzeitsfotografin_-_Melanie_Melcher-49_1.jpg' alt='Hochzeitsfotografin - Melanie Melcher-49' \/><\/a><a href='https:\/\/www.melanie-melcher.de\/wp-content\/grand-media\/image\/Hochzeitsfotografin_-_Melanie_Melcher-19_1.jpg'><img class=\"noLazy\" src='https:\/\/www.melanie-melcher.de\/wp-content\/grand-media\/image\/thumb\/Hochzeitsfotografin_-_Melanie_Melcher-19_1.jpg' alt='Hochzeitsfotografin - Melanie Melcher-19' \/><\/a><a href='https:\/\/www.melanie-melcher.de\/wp-content\/grand-media\/image\/Hochzeitsfotografin_-_Melanie_Melcher-109.jpg'><img class=\"noLazy\" src='https:\/\/www.melanie-melcher.de\/wp-content\/grand-media\/image\/thumb\/Hochzeitsfotografin_-_Melanie_Melcher-109.jpg' alt='Hochzeitsfotografin - Melanie Melcher-109' \/><\/a><a href='https:\/\/www.melanie-melcher.de\/wp-content\/grand-media\/image\/Hochzeitsfotografin_-_Melanie_Melcher-90_1.jpg'><img class=\"noLazy\" src='https:\/\/www.melanie-melcher.de\/wp-content\/grand-media\/image\/thumb\/Hochzeitsfotografin_-_Melanie_Melcher-90_1.jpg' alt='Hochzeitsfotografin - Melanie Melcher-90' \/><\/a><a href='https:\/\/www.melanie-melcher.de\/wp-content\/grand-media\/image\/Hochzeitsfotografin_-_Melanie_Melcher-5_1.jpg'><img class=\"noLazy\" src='https:\/\/www.melanie-melcher.de\/wp-content\/grand-media\/image\/thumb\/Hochzeitsfotografin_-_Melanie_Melcher-5_1.jpg' alt='Hochzeitsfotografin - Melanie Melcher-5' \/><\/a><a href='https:\/\/www.melanie-melcher.de\/wp-content\/grand-media\/image\/Hochzeitsfotografin_-_Melanie_Melcher-85_1.jpg'><img class=\"noLazy\" src='https:\/\/www.melanie-melcher.de\/wp-content\/grand-media\/image\/thumb\/Hochzeitsfotografin_-_Melanie_Melcher-85_1.jpg' alt='Hochzeitsfotografin - Melanie Melcher-85' \/><\/a><a href='https:\/\/www.melanie-melcher.de\/wp-content\/grand-media\/image\/Hochzeitsfotografin_-_Melanie_Melcher-57_1.jpg'><img class=\"noLazy\" src='https:\/\/www.melanie-melcher.de\/wp-content\/grand-media\/image\/thumb\/Hochzeitsfotografin_-_Melanie_Melcher-57_1.jpg' alt='Hochzeitsfotografin - Melanie Melcher-57' \/><\/a><a href='https:\/\/www.melanie-melcher.de\/wp-content\/grand-media\/image\/Hochzeitsfotografin_-_Melanie_Melcher-18_1.jpg'><img class=\"noLazy\" src='https:\/\/www.melanie-melcher.de\/wp-content\/grand-media\/image\/thumb\/Hochzeitsfotografin_-_Melanie_Melcher-18_1.jpg' alt='Hochzeitsfotografin - Melanie Melcher-18' \/><\/a><a href='https:\/\/www.melanie-melcher.de\/wp-content\/grand-media\/image\/Hochzeitsfotografin_-_Melanie_Melcher-100.jpg'><img class=\"noLazy\" src='https:\/\/www.melanie-melcher.de\/wp-content\/grand-media\/image\/thumb\/Hochzeitsfotografin_-_Melanie_Melcher-100.jpg' alt='Hochzeitsfotografin - Melanie Melcher-100' \/><\/a><a href='https:\/\/www.melanie-melcher.de\/wp-content\/grand-media\/image\/Hochzeitsfotografin_-_Melanie_Melcher-3_1.jpg'><img class=\"noLazy\" src='https:\/\/www.melanie-melcher.de\/wp-content\/grand-media\/image\/thumb\/Hochzeitsfotografin_-_Melanie_Melcher-3_1.jpg' alt='Hochzeitsfotografin - Melanie Melcher-3' \/><\/a><a href='https:\/\/www.melanie-melcher.de\/wp-content\/grand-media\/image\/Hochzeitsfotografin_-_Melanie_Melcher-56_1.jpg'><img class=\"noLazy\" src='https:\/\/www.melanie-melcher.de\/wp-content\/grand-media\/image\/thumb\/Hochzeitsfotografin_-_Melanie_Melcher-56_1.jpg' alt='Hochzeitsfotografin - Melanie Melcher-56' \/><\/a><a href='https:\/\/www.melanie-melcher.de\/wp-content\/grand-media\/image\/Hochzeitsfotografin_-_Melanie_Melcher-33_1.jpg'><img class=\"noLazy\" src='https:\/\/www.melanie-melcher.de\/wp-content\/grand-media\/image\/thumb\/Hochzeitsfotografin_-_Melanie_Melcher-33_1.jpg' alt='Hochzeitsfotografin - Melanie Melcher-33' \/><\/a><a href='https:\/\/www.melanie-melcher.de\/wp-content\/grand-media\/image\/Hochzeitsfotografin_-_Melanie_Melcher-41_1.jpg'><img class=\"noLazy\" src='https:\/\/www.melanie-melcher.de\/wp-content\/grand-media\/image\/thumb\/Hochzeitsfotografin_-_Melanie_Melcher-41_1.jpg' alt='Hochzeitsfotografin - Melanie Melcher-41' \/><\/a><a href='https:\/\/www.melanie-melcher.de\/wp-content\/grand-media\/image\/Hochzeitsfotografin_-_Melanie_Melcher-79_1.jpg'><img class=\"noLazy\" src='https:\/\/www.melanie-melcher.de\/wp-content\/grand-media\/image\/thumb\/Hochzeitsfotografin_-_Melanie_Melcher-79_1.jpg' alt='Hochzeitsfotografin - Melanie Melcher-79' \/><\/a><a href='https:\/\/www.melanie-melcher.de\/wp-content\/grand-media\/image\/Hochzeitsfotografin_-_Melanie_Melcher-104.jpg'><img class=\"noLazy\" src='https:\/\/www.melanie-melcher.de\/wp-content\/grand-media\/image\/thumb\/Hochzeitsfotografin_-_Melanie_Melcher-104.jpg' alt='Hochzeitsfotografin - Melanie Melcher-104' \/><\/a><a href='https:\/\/www.melanie-melcher.de\/wp-content\/grand-media\/image\/Hochzeitsfotografin_-_Melanie_Melcher-116.jpg'><img class=\"noLazy\" src='https:\/\/www.melanie-melcher.de\/wp-content\/grand-media\/image\/thumb\/Hochzeitsfotografin_-_Melanie_Melcher-116.jpg' alt='Hochzeitsfotografin - Melanie Melcher-116' \/><\/a><a href='https:\/\/www.melanie-melcher.de\/wp-content\/grand-media\/image\/Hochzeitsfotografin_-_Melanie_Melcher-8_1.jpg'><img class=\"noLazy\" src='https:\/\/www.melanie-melcher.de\/wp-content\/grand-media\/image\/thumb\/Hochzeitsfotografin_-_Melanie_Melcher-8_1.jpg' alt='Hochzeitsfotografin - Melanie Melcher-8' \/><\/a><a href='https:\/\/www.melanie-melcher.de\/wp-content\/grand-media\/image\/Hochzeitsfotografin_-_Melanie_Melcher-112.jpg'><img class=\"noLazy\" src='https:\/\/www.melanie-melcher.de\/wp-content\/grand-media\/image\/thumb\/Hochzeitsfotografin_-_Melanie_Melcher-112.jpg' alt='Hochzeitsfotografin - Melanie Melcher-112' \/><\/a><a href='https:\/\/www.melanie-melcher.de\/wp-content\/grand-media\/image\/Hochzeitsfotografin_-_Melanie_Melcher-13_1.jpg'><img class=\"noLazy\" src='https:\/\/www.melanie-melcher.de\/wp-content\/grand-media\/image\/thumb\/Hochzeitsfotografin_-_Melanie_Melcher-13_1.jpg' alt='Hochzeitsfotografin - Melanie Melcher-13' \/><\/a><a href='https:\/\/www.melanie-melcher.de\/wp-content\/grand-media\/image\/Hochzeitsfotografin_-_Melanie_Melcher-22_1.jpg'><img class=\"noLazy\" src='https:\/\/www.melanie-melcher.de\/wp-content\/grand-media\/image\/thumb\/Hochzeitsfotografin_-_Melanie_Melcher-22_1.jpg' alt='Hochzeitsfotografin - Melanie Melcher-22' \/><\/a><a href='https:\/\/www.melanie-melcher.de\/wp-content\/grand-media\/image\/Hochzeitsfotografin_-_Melanie_Melcher-84_1.jpg'><img class=\"noLazy\" src='https:\/\/www.melanie-melcher.de\/wp-content\/grand-media\/image\/thumb\/Hochzeitsfotografin_-_Melanie_Melcher-84_1.jpg' alt='Hochzeitsfotografin - Melanie Melcher-84' \/><\/a><a href='https:\/\/www.melanie-melcher.de\/wp-content\/grand-media\/image\/Hochzeitsfotografin_-_Melanie_Melcher-4_1.jpg'><img class=\"noLazy\" src='https:\/\/www.melanie-melcher.de\/wp-content\/grand-media\/image\/thumb\/Hochzeitsfotografin_-_Melanie_Melcher-4_1.jpg' alt='Hochzeitsfotografin - Melanie Melcher-4' \/><\/a><a href='https:\/\/www.melanie-melcher.de\/wp-content\/grand-media\/image\/Hochzeitsfotografin_-_Melanie_Melcher-62_1.jpg'><img class=\"noLazy\" src='https:\/\/www.melanie-melcher.de\/wp-content\/grand-media\/image\/thumb\/Hochzeitsfotografin_-_Melanie_Melcher-62_1.jpg' alt='Hochzeitsfotografin - Melanie Melcher-62' \/><\/a><a href='https:\/\/www.melanie-melcher.de\/wp-content\/grand-media\/image\/Hochzeitsfotografin_-_Melanie_Melcher-107.jpg'><img class=\"noLazy\" src='https:\/\/www.melanie-melcher.de\/wp-content\/grand-media\/image\/thumb\/Hochzeitsfotografin_-_Melanie_Melcher-107.jpg' alt='Hochzeitsfotografin - Melanie Melcher-107' \/><\/a><a href='https:\/\/www.melanie-melcher.de\/wp-content\/grand-media\/image\/Hochzeitsfotografin_-_Melanie_Melcher-63_1.jpg'><img class=\"noLazy\" src='https:\/\/www.melanie-melcher.de\/wp-content\/grand-media\/image\/thumb\/Hochzeitsfotografin_-_Melanie_Melcher-63_1.jpg' alt='Hochzeitsfotografin - Melanie Melcher-63' \/><\/a><a href='https:\/\/www.melanie-melcher.de\/wp-content\/grand-media\/image\/Hochzeitsfotografin_-_Melanie_Melcher-53_1.jpg'><img class=\"noLazy\" src='https:\/\/www.melanie-melcher.de\/wp-content\/grand-media\/image\/thumb\/Hochzeitsfotografin_-_Melanie_Melcher-53_1.jpg' alt='Hochzeitsfotografin - Melanie Melcher-53' \/><\/a><a href='https:\/\/www.melanie-melcher.de\/wp-content\/grand-media\/image\/Hochzeitsfotografin_-_Melanie_Melcher-75_1.jpg'><img class=\"noLazy\" src='https:\/\/www.melanie-melcher.de\/wp-content\/grand-media\/image\/thumb\/Hochzeitsfotografin_-_Melanie_Melcher-75_1.jpg' alt='Hochzeitsfotografin - Melanie Melcher-75' \/><\/a><a href='https:\/\/www.melanie-melcher.de\/wp-content\/grand-media\/image\/Hochzeitsfotografin_-_Melanie_Melcher-48_1.jpg'><img class=\"noLazy\" src='https:\/\/www.melanie-melcher.de\/wp-content\/grand-media\/image\/thumb\/Hochzeitsfotografin_-_Melanie_Melcher-48_1.jpg' alt='Hochzeitsfotografin - Melanie Melcher-48' \/><\/a><a href='https:\/\/www.melanie-melcher.de\/wp-content\/grand-media\/image\/Hochzeitsfotografin_-_Melanie_Melcher-50_1.jpg'><img class=\"noLazy\" src='https:\/\/www.melanie-melcher.de\/wp-content\/grand-media\/image\/thumb\/Hochzeitsfotografin_-_Melanie_Melcher-50_1.jpg' alt='Hochzeitsfotografin - Melanie Melcher-50' \/><\/a><a href='https:\/\/www.melanie-melcher.de\/wp-content\/grand-media\/image\/Hochzeitsfotografin_-_Melanie_Melcher-54_1.jpg'><img class=\"noLazy\" src='https:\/\/www.melanie-melcher.de\/wp-content\/grand-media\/image\/thumb\/Hochzeitsfotografin_-_Melanie_Melcher-54_1.jpg' alt='Hochzeitsfotografin - Melanie Melcher-54' \/><\/a><a href='https:\/\/www.melanie-melcher.de\/wp-content\/grand-media\/image\/Hochzeitsfotografin_-_Melanie_Melcher-103.jpg'><img class=\"noLazy\" src='https:\/\/www.melanie-melcher.de\/wp-content\/grand-media\/image\/thumb\/Hochzeitsfotografin_-_Melanie_Melcher-103.jpg' alt='Hochzeitsfotografin - Melanie Melcher-103' \/><\/a><a href='https:\/\/www.melanie-melcher.de\/wp-content\/grand-media\/image\/Hochzeitsfotografin_-_Melanie_Melcher-29_1.jpg'><img class=\"noLazy\" src='https:\/\/www.melanie-melcher.de\/wp-content\/grand-media\/image\/thumb\/Hochzeitsfotografin_-_Melanie_Melcher-29_1.jpg' alt='Hochzeitsfotografin - Melanie Melcher-29' \/><\/a><a href='https:\/\/www.melanie-melcher.de\/wp-content\/grand-media\/image\/Hochzeitsfotografin_-_Melanie_Melcher-39_1.jpg'><img class=\"noLazy\" src='https:\/\/www.melanie-melcher.de\/wp-content\/grand-media\/image\/thumb\/Hochzeitsfotografin_-_Melanie_Melcher-39_1.jpg' alt='Hochzeitsfotografin - Melanie Melcher-39' \/><\/a><a href='https:\/\/www.melanie-melcher.de\/wp-content\/grand-media\/image\/Hochzeitsfotografin_-_Melanie_Melcher-99.jpg'><img class=\"noLazy\" src='https:\/\/www.melanie-melcher.de\/wp-content\/grand-media\/image\/thumb\/Hochzeitsfotografin_-_Melanie_Melcher-99.jpg' alt='Hochzeitsfotografin - Melanie Melcher-99' \/><\/a><a href='https:\/\/www.melanie-melcher.de\/wp-content\/grand-media\/image\/Hochzeitsfotografin_-_Melanie_Melcher-80_1.jpg'><img class=\"noLazy\" src='https:\/\/www.melanie-melcher.de\/wp-content\/grand-media\/image\/thumb\/Hochzeitsfotografin_-_Melanie_Melcher-80_1.jpg' alt='Hochzeitsfotografin - Melanie Melcher-80' \/><\/a><a href='https:\/\/www.melanie-melcher.de\/wp-content\/grand-media\/image\/Hochzeitsfotografin_-_Melanie_Melcher-93_1.jpg'><img class=\"noLazy\" src='https:\/\/www.melanie-melcher.de\/wp-content\/grand-media\/image\/thumb\/Hochzeitsfotografin_-_Melanie_Melcher-93_1.jpg' alt='Hochzeitsfotografin - Melanie Melcher-93' \/><\/a><a href='https:\/\/www.melanie-melcher.de\/wp-content\/grand-media\/image\/Hochzeitsfotografin_-_Melanie_Melcher-43_1.jpg'><img class=\"noLazy\" src='https:\/\/www.melanie-melcher.de\/wp-content\/grand-media\/image\/thumb\/Hochzeitsfotografin_-_Melanie_Melcher-43_1.jpg' alt='Hochzeitsfotografin - Melanie Melcher-43' \/><\/a><a href='https:\/\/www.melanie-melcher.de\/wp-content\/grand-media\/image\/Hochzeitsfotografin_-_Melanie_Melcher-32_1.jpg'><img class=\"noLazy\" src='https:\/\/www.melanie-melcher.de\/wp-content\/grand-media\/image\/thumb\/Hochzeitsfotografin_-_Melanie_Melcher-32_1.jpg' alt='Hochzeitsfotografin - Melanie Melcher-32' \/><\/a><a href='https:\/\/www.melanie-melcher.de\/wp-content\/grand-media\/image\/Hochzeitsfotografin_-_Melanie_Melcher-25_1.jpg'><img class=\"noLazy\" src='https:\/\/www.melanie-melcher.de\/wp-content\/grand-media\/image\/thumb\/Hochzeitsfotografin_-_Melanie_Melcher-25_1.jpg' alt='Hochzeitsfotografin - Melanie Melcher-25' \/><\/a><a href='https:\/\/www.melanie-melcher.de\/wp-content\/grand-media\/image\/Hochzeitsfotografin_-_Melanie_Melcher-36_1.jpg'><img class=\"noLazy\" src='https:\/\/www.melanie-melcher.de\/wp-content\/grand-media\/image\/thumb\/Hochzeitsfotografin_-_Melanie_Melcher-36_1.jpg' alt='Hochzeitsfotografin - Melanie Melcher-36' \/><\/a><a href='https:\/\/www.melanie-melcher.de\/wp-content\/grand-media\/image\/Hochzeitsfotografin_-_Melanie_Melcher-14_1.jpg'><img class=\"noLazy\" src='https:\/\/www.melanie-melcher.de\/wp-content\/grand-media\/image\/thumb\/Hochzeitsfotografin_-_Melanie_Melcher-14_1.jpg' alt='Hochzeitsfotografin - Melanie Melcher-14' \/><\/a><a href='https:\/\/www.melanie-melcher.de\/wp-content\/grand-media\/image\/Hochzeitsfotografin_-_Melanie_Melcher-59_1.jpg'><img class=\"noLazy\" src='https:\/\/www.melanie-melcher.de\/wp-content\/grand-media\/image\/thumb\/Hochzeitsfotografin_-_Melanie_Melcher-59_1.jpg' alt='Hochzeitsfotografin - Melanie Melcher-59' \/><\/a><a href='https:\/\/www.melanie-melcher.de\/wp-content\/grand-media\/image\/Hochzeitsfotografin_-_Melanie_Melcher-82_1.jpg'><img class=\"noLazy\" src='https:\/\/www.melanie-melcher.de\/wp-content\/grand-media\/image\/thumb\/Hochzeitsfotografin_-_Melanie_Melcher-82_1.jpg' alt='Hochzeitsfotografin - Melanie Melcher-82' \/><\/a><a href='https:\/\/www.melanie-melcher.de\/wp-content\/grand-media\/image\/Hochzeitsfotografin_-_Melanie_Melcher-91_1.jpg'><img class=\"noLazy\" src='https:\/\/www.melanie-melcher.de\/wp-content\/grand-media\/image\/thumb\/Hochzeitsfotografin_-_Melanie_Melcher-91_1.jpg' alt='Hochzeitsfotografin - Melanie Melcher-91' \/><\/a><a href='https:\/\/www.melanie-melcher.de\/wp-content\/grand-media\/image\/Hochzeitsfotografin_-_Melanie_Melcher-38_1.jpg'><img class=\"noLazy\" src='https:\/\/www.melanie-melcher.de\/wp-content\/grand-media\/image\/thumb\/Hochzeitsfotografin_-_Melanie_Melcher-38_1.jpg' alt='Hochzeitsfotografin - Melanie Melcher-38' \/><\/a><a href='https:\/\/www.melanie-melcher.de\/wp-content\/grand-media\/image\/Hochzeitsfotografin_-_Melanie_Melcher-69_1.jpg'><img class=\"noLazy\" src='https:\/\/www.melanie-melcher.de\/wp-content\/grand-media\/image\/thumb\/Hochzeitsfotografin_-_Melanie_Melcher-69_1.jpg' alt='Hochzeitsfotografin - Melanie Melcher-69' \/><\/a><a href='https:\/\/www.melanie-melcher.de\/wp-content\/grand-media\/image\/Hochzeitsfotografin_-_Melanie_Melcher-83_1.jpg'><img class=\"noLazy\" src='https:\/\/www.melanie-melcher.de\/wp-content\/grand-media\/image\/thumb\/Hochzeitsfotografin_-_Melanie_Melcher-83_1.jpg' alt='Hochzeitsfotografin - Melanie Melcher-83' \/><\/a><a href='https:\/\/www.melanie-melcher.de\/wp-content\/grand-media\/image\/Hochzeitsfotografin_-_Melanie_Melcher-27_1.jpg'><img class=\"noLazy\" src='https:\/\/www.melanie-melcher.de\/wp-content\/grand-media\/image\/thumb\/Hochzeitsfotografin_-_Melanie_Melcher-27_1.jpg' alt='Hochzeitsfotografin - Melanie Melcher-27' \/><\/a><a href='https:\/\/www.melanie-melcher.de\/wp-content\/grand-media\/image\/Hochzeitsfotografin_-_Melanie_Melcher-28_1.jpg'><img class=\"noLazy\" src='https:\/\/www.melanie-melcher.de\/wp-content\/grand-media\/image\/thumb\/Hochzeitsfotografin_-_Melanie_Melcher-28_1.jpg' alt='Hochzeitsfotografin - Melanie Melcher-28' \/><\/a><a href='https:\/\/www.melanie-melcher.de\/wp-content\/grand-media\/image\/Hochzeitsfotografin_-_Melanie_Melcher-44_1.jpg'><img class=\"noLazy\" src='https:\/\/www.melanie-melcher.de\/wp-content\/grand-media\/image\/thumb\/Hochzeitsfotografin_-_Melanie_Melcher-44_1.jpg' alt='Hochzeitsfotografin - Melanie Melcher-44' \/><\/a><a href='https:\/\/www.melanie-melcher.de\/wp-content\/grand-media\/image\/Hochzeitsfotografin_-_Melanie_Melcher-67_1.jpg'><img class=\"noLazy\" src='https:\/\/www.melanie-melcher.de\/wp-content\/grand-media\/image\/thumb\/Hochzeitsfotografin_-_Melanie_Melcher-67_1.jpg' alt='Hochzeitsfotografin - Melanie Melcher-67' \/><\/a><a href='https:\/\/www.melanie-melcher.de\/wp-content\/grand-media\/image\/Hochzeitsfotografin_-_Melanie_Melcher-97.jpg'><img class=\"noLazy\" src='https:\/\/www.melanie-melcher.de\/wp-content\/grand-media\/image\/thumb\/Hochzeitsfotografin_-_Melanie_Melcher-97.jpg' alt='Hochzeitsfotografin - Melanie Melcher-97' \/><\/a><a href='https:\/\/www.melanie-melcher.de\/wp-content\/grand-media\/image\/Hochzeitsfotografin_-_Melanie_Melcher-110.jpg'><img class=\"noLazy\" src='https:\/\/www.melanie-melcher.de\/wp-content\/grand-media\/image\/thumb\/Hochzeitsfotografin_-_Melanie_Melcher-110.jpg' alt='Hochzeitsfotografin - Melanie Melcher-110' \/><\/a><a href='https:\/\/www.melanie-melcher.de\/wp-content\/grand-media\/image\/Hochzeitsfotografin_-_Melanie_Melcher-24_1.jpg'><img class=\"noLazy\" src='https:\/\/www.melanie-melcher.de\/wp-content\/grand-media\/image\/thumb\/Hochzeitsfotografin_-_Melanie_Melcher-24_1.jpg' alt='Hochzeitsfotografin - Melanie Melcher-24' \/><\/a><a href='https:\/\/www.melanie-melcher.de\/wp-content\/grand-media\/image\/Hochzeitsfotografin_-_Melanie_Melcher-40_1.jpg'><img class=\"noLazy\" src='https:\/\/www.melanie-melcher.de\/wp-content\/grand-media\/image\/thumb\/Hochzeitsfotografin_-_Melanie_Melcher-40_1.jpg' alt='Hochzeitsfotografin - Melanie Melcher-40' \/><\/a><a href='https:\/\/www.melanie-melcher.de\/wp-content\/grand-media\/image\/Hochzeitsfotografin_-_Melanie_Melcher-73_1.jpg'><img class=\"noLazy\" src='https:\/\/www.melanie-melcher.de\/wp-content\/grand-media\/image\/thumb\/Hochzeitsfotografin_-_Melanie_Melcher-73_1.jpg' alt='Hochzeitsfotografin - Melanie Melcher-73' \/><\/a><a href='https:\/\/www.melanie-melcher.de\/wp-content\/grand-media\/image\/Hochzeitsfotografin_-_Melanie_Melcher-16_1.jpg'><img class=\"noLazy\" src='https:\/\/www.melanie-melcher.de\/wp-content\/grand-media\/image\/thumb\/Hochzeitsfotografin_-_Melanie_Melcher-16_1.jpg' alt='Hochzeitsfotografin - Melanie Melcher-16' \/><\/a><a href='https:\/\/www.melanie-melcher.de\/wp-content\/grand-media\/image\/Hochzeitsfotografin_-_Melanie_Melcher-113.jpg'><img class=\"noLazy\" src='https:\/\/www.melanie-melcher.de\/wp-content\/grand-media\/image\/thumb\/Hochzeitsfotografin_-_Melanie_Melcher-113.jpg' alt='Hochzeitsfotografin - Melanie Melcher-113' \/><\/a><a href='https:\/\/www.melanie-melcher.de\/wp-content\/grand-media\/image\/Hochzeitsfotografin_-_Melanie_Melcher-72_1.jpg'><img class=\"noLazy\" src='https:\/\/www.melanie-melcher.de\/wp-content\/grand-media\/image\/thumb\/Hochzeitsfotografin_-_Melanie_Melcher-72_1.jpg' alt='Hochzeitsfotografin - Melanie Melcher-72' \/><\/a><a href='https:\/\/www.melanie-melcher.de\/wp-content\/grand-media\/image\/Hochzeitsfotografin_-_Melanie_Melcher-12_1.jpg'><img class=\"noLazy\" src='https:\/\/www.melanie-melcher.de\/wp-content\/grand-media\/image\/thumb\/Hochzeitsfotografin_-_Melanie_Melcher-12_1.jpg' alt='Hochzeitsfotografin - Melanie Melcher-12' \/><\/a><a href='https:\/\/www.melanie-melcher.de\/wp-content\/grand-media\/image\/Hochzeitsfotografin_-_Melanie_Melcher-95.jpg'><img class=\"noLazy\" src='https:\/\/www.melanie-melcher.de\/wp-content\/grand-media\/image\/thumb\/Hochzeitsfotografin_-_Melanie_Melcher-95.jpg' alt='Hochzeitsfotografin - Melanie Melcher-95' \/><\/a><a href='https:\/\/www.melanie-melcher.de\/wp-content\/grand-media\/image\/Hochzeitsfotografin_-_Melanie_Melcher-114.jpg'><img class=\"noLazy\" src='https:\/\/www.melanie-melcher.de\/wp-content\/grand-media\/image\/thumb\/Hochzeitsfotografin_-_Melanie_Melcher-114.jpg' alt='Hochzeitsfotografin - Melanie Melcher-114' \/><\/a><a href='https:\/\/www.melanie-melcher.de\/wp-content\/grand-media\/image\/Hochzeitsfotografin_-_Melanie_Melcher-89_1.jpg'><img class=\"noLazy\" src='https:\/\/www.melanie-melcher.de\/wp-content\/grand-media\/image\/thumb\/Hochzeitsfotografin_-_Melanie_Melcher-89_1.jpg' alt='Hochzeitsfotografin - Melanie Melcher-89' \/><\/a><\/noscript><\/div>\n\t\t<script type=\"text\/javascript\">\n\t\t\tdocument.addEventListener( 'DOMContentLoaded', function() {\n\t\t\t\tjQuery( function( $ ) {\n\t\t\t\t\tvar settings = {\"columns\":\"3\",\"lightbox_mobile\":\"0\",\"ID\":\"74\",\"name\":\"Svenja & Martin\",\"is_mobile\":false,\"module_dirurl\":\"https:\\\/\\\/www.melanie-melcher.de\\\/wp-content\\\/grand-media\\\/module\\\/mosaic\"};\n\t\t\t\t\tvar gmedia_mosaic_content = [{\"id\":\"1319\",\"type\":\"image\",\"ext\":\"jpg\",\"src\":\"\\\/image\\\/Hochzeitsfotografin_-_Melanie_Melcher-61_1.jpg\",\"sizes\":{\"thumb\":\"https:\\\/\\\/www.melanie-melcher.de\\\/wp-content\\\/grand-media\\\/image\\\/thumb\\\/Hochzeitsfotografin_-_Melanie_Melcher-61_1.jpg\",\"full\":\"https:\\\/\\\/www.melanie-melcher.de\\\/wp-content\\\/grand-media\\\/image\\\/Hochzeitsfotografin_-_Melanie_Melcher-61_1.jpg\"},\"title\":\"Hochzeitsfotografin - Melanie Melcher-61\",\"alt\":\"Hochzeitsfotografin - Melanie Melcher-61\",\"caption\":\"\",\"url\":\"\",\"post_link\":\"https:\\\/\\\/www.melanie-melcher.de\\\/index.php\\\/gmedia\\\/hochzeitsfotografin_-_melanie_melcher-61_1-jpg\\\/\",\"cc\":0,\"views\":11,\"likes\":0,\"width\":800,\"height\":533},{\"id\":\"1309\",\"type\":\"image\",\"ext\":\"jpg\",\"src\":\"\\\/image\\\/Hochzeitsfotografin_-_Melanie_Melcher-51_1.jpg\",\"sizes\":{\"thumb\":\"https:\\\/\\\/www.melanie-melcher.de\\\/wp-content\\\/grand-media\\\/image\\\/thumb\\\/Hochzeitsfotografin_-_Melanie_Melcher-51_1.jpg\",\"full\":\"https:\\\/\\\/www.melanie-melcher.de\\\/wp-content\\\/grand-media\\\/image\\\/Hochzeitsfotografin_-_Melanie_Melcher-51_1.jpg\"},\"title\":\"Hochzeitsfotografin - Melanie Melcher-51\",\"alt\":\"Hochzeitsfotografin - Melanie Melcher-51\",\"caption\":\"\",\"url\":\"\",\"post_link\":\"https:\\\/\\\/www.melanie-melcher.de\\\/index.php\\\/gmedia\\\/hochzeitsfotografin_-_melanie_melcher-51_1-jpg\\\/\",\"cc\":0,\"views\":13,\"likes\":0,\"width\":800,\"height\":533},{\"id\":\"1269\",\"type\":\"image\",\"ext\":\"jpg\",\"src\":\"\\\/image\\\/Hochzeitsfotografin_-_Melanie_Melcher-11_1.jpg\",\"sizes\":{\"thumb\":\"https:\\\/\\\/www.melanie-melcher.de\\\/wp-content\\\/grand-media\\\/image\\\/thumb\\\/Hochzeitsfotografin_-_Melanie_Melcher-11_1.jpg\",\"full\":\"https:\\\/\\\/www.melanie-melcher.de\\\/wp-content\\\/grand-media\\\/image\\\/Hochzeitsfotografin_-_Melanie_Melcher-11_1.jpg\"},\"title\":\"Hochzeitsfotografin - Melanie Melcher-11\",\"alt\":\"Hochzeitsfotografin - Melanie Melcher-11\",\"caption\":\"\",\"url\":\"\",\"post_link\":\"https:\\\/\\\/www.melanie-melcher.de\\\/index.php\\\/gmedia\\\/hochzeitsfotografin_-_melanie_melcher-11_1-jpg\\\/\",\"cc\":0,\"views\":9,\"likes\":0,\"width\":800,\"height\":533},{\"id\":\"1373\",\"type\":\"image\",\"ext\":\"jpg\",\"src\":\"\\\/image\\\/Hochzeitsfotografin_-_Melanie_Melcher-115.jpg\",\"sizes\":{\"thumb\":\"https:\\\/\\\/www.melanie-melcher.de\\\/wp-content\\\/grand-media\\\/image\\\/thumb\\\/Hochzeitsfotografin_-_Melanie_Melcher-115.jpg\",\"full\":\"https:\\\/\\\/www.melanie-melcher.de\\\/wp-content\\\/grand-media\\\/image\\\/Hochzeitsfotografin_-_Melanie_Melcher-115.jpg\"},\"title\":\"Hochzeitsfotografin - Melanie Melcher-115\",\"alt\":\"Hochzeitsfotografin - Melanie Melcher-115\",\"caption\":\"\",\"url\":\"\",\"post_link\":\"https:\\\/\\\/www.melanie-melcher.de\\\/index.php\\\/gmedia\\\/hochzeitsfotografin_-_melanie_melcher-115-jpg\\\/\",\"cc\":0,\"views\":11,\"likes\":0,\"width\":800,\"height\":533},{\"id\":\"1322\",\"type\":\"image\",\"ext\":\"jpg\",\"src\":\"\\\/image\\\/Hochzeitsfotografin_-_Melanie_Melcher-64_1.jpg\",\"sizes\":{\"thumb\":\"https:\\\/\\\/www.melanie-melcher.de\\\/wp-content\\\/grand-media\\\/image\\\/thumb\\\/Hochzeitsfotografin_-_Melanie_Melcher-64_1.jpg\",\"full\":\"https:\\\/\\\/www.melanie-melcher.de\\\/wp-content\\\/grand-media\\\/image\\\/Hochzeitsfotografin_-_Melanie_Melcher-64_1.jpg\"},\"title\":\"Hochzeitsfotografin - Melanie Melcher-64\",\"alt\":\"Hochzeitsfotografin - Melanie Melcher-64\",\"caption\":\"\",\"url\":\"\",\"post_link\":\"https:\\\/\\\/www.melanie-melcher.de\\\/index.php\\\/gmedia\\\/hochzeitsfotografin_-_melanie_melcher-64_1-jpg\\\/\",\"cc\":0,\"views\":10,\"likes\":0,\"width\":800,\"height\":533},{\"id\":\"1304\",\"type\":\"image\",\"ext\":\"jpg\",\"src\":\"\\\/image\\\/Hochzeitsfotografin_-_Melanie_Melcher-46_1.jpg\",\"sizes\":{\"thumb\":\"https:\\\/\\\/www.melanie-melcher.de\\\/wp-content\\\/grand-media\\\/image\\\/thumb\\\/Hochzeitsfotografin_-_Melanie_Melcher-46_1.jpg\",\"full\":\"https:\\\/\\\/www.melanie-melcher.de\\\/wp-content\\\/grand-media\\\/image\\\/Hochzeitsfotografin_-_Melanie_Melcher-46_1.jpg\"},\"title\":\"Hochzeitsfotografin - Melanie Melcher-46\",\"alt\":\"Hochzeitsfotografin - Melanie Melcher-46\",\"caption\":\"\",\"url\":\"\",\"post_link\":\"https:\\\/\\\/www.melanie-melcher.de\\\/index.php\\\/gmedia\\\/hochzeitsfotografin_-_melanie_melcher-46_1-jpg\\\/\",\"cc\":0,\"views\":10,\"likes\":0,\"width\":800,\"height\":533},{\"id\":\"1265\",\"type\":\"image\",\"ext\":\"jpg\",\"src\":\"\\\/image\\\/Hochzeitsfotografin_-_Melanie_Melcher-7_1.jpg\",\"sizes\":{\"thumb\":\"https:\\\/\\\/www.melanie-melcher.de\\\/wp-content\\\/grand-media\\\/image\\\/thumb\\\/Hochzeitsfotografin_-_Melanie_Melcher-7_1.jpg\",\"full\":\"https:\\\/\\\/www.melanie-melcher.de\\\/wp-content\\\/grand-media\\\/image\\\/Hochzeitsfotografin_-_Melanie_Melcher-7_1.jpg\"},\"title\":\"Hochzeitsfotografin - Melanie Melcher-7\",\"alt\":\"Hochzeitsfotografin - Melanie Melcher-7\",\"caption\":\"\",\"url\":\"\",\"post_link\":\"https:\\\/\\\/www.melanie-melcher.de\\\/index.php\\\/gmedia\\\/hochzeitsfotografin_-_melanie_melcher-7_1-jpg\\\/\",\"cc\":0,\"views\":11,\"likes\":0,\"width\":800,\"height\":533},{\"id\":\"1303\",\"type\":\"image\",\"ext\":\"jpg\",\"src\":\"\\\/image\\\/Hochzeitsfotografin_-_Melanie_Melcher-45_1.jpg\",\"sizes\":{\"thumb\":\"https:\\\/\\\/www.melanie-melcher.de\\\/wp-content\\\/grand-media\\\/image\\\/thumb\\\/Hochzeitsfotografin_-_Melanie_Melcher-45_1.jpg\",\"full\":\"https:\\\/\\\/www.melanie-melcher.de\\\/wp-content\\\/grand-media\\\/image\\\/Hochzeitsfotografin_-_Melanie_Melcher-45_1.jpg\"},\"title\":\"Hochzeitsfotografin - Melanie Melcher-45\",\"alt\":\"Hochzeitsfotografin - Melanie Melcher-45\",\"caption\":\"\",\"url\":\"\",\"post_link\":\"https:\\\/\\\/www.melanie-melcher.de\\\/index.php\\\/gmedia\\\/hochzeitsfotografin_-_melanie_melcher-45_1-jpg\\\/\",\"cc\":0,\"views\":7,\"likes\":0,\"width\":800,\"height\":533},{\"id\":\"1267\",\"type\":\"image\",\"ext\":\"jpg\",\"src\":\"\\\/image\\\/Hochzeitsfotografin_-_Melanie_Melcher-9_1.jpg\",\"sizes\":{\"thumb\":\"https:\\\/\\\/www.melanie-melcher.de\\\/wp-content\\\/grand-media\\\/image\\\/thumb\\\/Hochzeitsfotografin_-_Melanie_Melcher-9_1.jpg\",\"full\":\"https:\\\/\\\/www.melanie-melcher.de\\\/wp-content\\\/grand-media\\\/image\\\/Hochzeitsfotografin_-_Melanie_Melcher-9_1.jpg\"},\"title\":\"Hochzeitsfotografin - Melanie Melcher-9\",\"alt\":\"Hochzeitsfotografin - Melanie Melcher-9\",\"caption\":\"\",\"url\":\"\",\"post_link\":\"https:\\\/\\\/www.melanie-melcher.de\\\/index.php\\\/gmedia\\\/hochzeitsfotografin_-_melanie_melcher-9_1-jpg\\\/\",\"cc\":0,\"views\":8,\"likes\":0,\"width\":800,\"height\":533},{\"id\":\"1375\",\"type\":\"image\",\"ext\":\"jpg\",\"src\":\"\\\/image\\\/Hochzeitsfotografin_-_Melanie_Melcher_1.jpg\",\"sizes\":{\"thumb\":\"https:\\\/\\\/www.melanie-melcher.de\\\/wp-content\\\/grand-media\\\/image\\\/thumb\\\/Hochzeitsfotografin_-_Melanie_Melcher_1.jpg\",\"full\":\"https:\\\/\\\/www.melanie-melcher.de\\\/wp-content\\\/grand-media\\\/image\\\/Hochzeitsfotografin_-_Melanie_Melcher_1.jpg\"},\"title\":\"Hochzeitsfotografin - Melanie Melcher\",\"alt\":\"Hochzeitsfotografin - Melanie Melcher\",\"caption\":\"\",\"url\":\"\",\"post_link\":\"https:\\\/\\\/www.melanie-melcher.de\\\/index.php\\\/gmedia\\\/hochzeitsfotografin_-_melanie_melcher_1-jpg\\\/\",\"cc\":0,\"views\":14,\"likes\":0,\"width\":800,\"height\":533},{\"id\":\"1346\",\"type\":\"image\",\"ext\":\"jpg\",\"src\":\"\\\/image\\\/Hochzeitsfotografin_-_Melanie_Melcher-88_1.jpg\",\"sizes\":{\"thumb\":\"https:\\\/\\\/www.melanie-melcher.de\\\/wp-content\\\/grand-media\\\/image\\\/thumb\\\/Hochzeitsfotografin_-_Melanie_Melcher-88_1.jpg\",\"full\":\"https:\\\/\\\/www.melanie-melcher.de\\\/wp-content\\\/grand-media\\\/image\\\/Hochzeitsfotografin_-_Melanie_Melcher-88_1.jpg\"},\"title\":\"Hochzeitsfotografin - Melanie Melcher-88\",\"alt\":\"Hochzeitsfotografin - Melanie Melcher-88\",\"caption\":\"\",\"url\":\"\",\"post_link\":\"https:\\\/\\\/www.melanie-melcher.de\\\/index.php\\\/gmedia\\\/hochzeitsfotografin_-_melanie_melcher-88_1-jpg\\\/\",\"cc\":0,\"views\":13,\"likes\":0,\"width\":800,\"height\":533},{\"id\":\"1359\",\"type\":\"image\",\"ext\":\"jpg\",\"src\":\"\\\/image\\\/Hochzeitsfotografin_-_Melanie_Melcher-101.jpg\",\"sizes\":{\"thumb\":\"https:\\\/\\\/www.melanie-melcher.de\\\/wp-content\\\/grand-media\\\/image\\\/thumb\\\/Hochzeitsfotografin_-_Melanie_Melcher-101.jpg\",\"full\":\"https:\\\/\\\/www.melanie-melcher.de\\\/wp-content\\\/grand-media\\\/image\\\/Hochzeitsfotografin_-_Melanie_Melcher-101.jpg\"},\"title\":\"Hochzeitsfotografin - Melanie Melcher-101\",\"alt\":\"Hochzeitsfotografin - Melanie Melcher-101\",\"caption\":\"\",\"url\":\"\",\"post_link\":\"https:\\\/\\\/www.melanie-melcher.de\\\/index.php\\\/gmedia\\\/hochzeitsfotografin_-_melanie_melcher-101-jpg\\\/\",\"cc\":0,\"views\":13,\"likes\":0,\"width\":533,\"height\":800},{\"id\":\"1334\",\"type\":\"image\",\"ext\":\"jpg\",\"src\":\"\\\/image\\\/Hochzeitsfotografin_-_Melanie_Melcher-76_1.jpg\",\"sizes\":{\"thumb\":\"https:\\\/\\\/www.melanie-melcher.de\\\/wp-content\\\/grand-media\\\/image\\\/thumb\\\/Hochzeitsfotografin_-_Melanie_Melcher-76_1.jpg\",\"full\":\"https:\\\/\\\/www.melanie-melcher.de\\\/wp-content\\\/grand-media\\\/image\\\/Hochzeitsfotografin_-_Melanie_Melcher-76_1.jpg\"},\"title\":\"Hochzeitsfotografin - Melanie Melcher-76\",\"alt\":\"Hochzeitsfotografin - Melanie Melcher-76\",\"caption\":\"\",\"url\":\"\",\"post_link\":\"https:\\\/\\\/www.melanie-melcher.de\\\/index.php\\\/gmedia\\\/hochzeitsfotografin_-_melanie_melcher-76_1-jpg\\\/\",\"cc\":0,\"views\":10,\"likes\":0,\"width\":800,\"height\":533},{\"id\":\"1305\",\"type\":\"image\",\"ext\":\"jpg\",\"src\":\"\\\/image\\\/Hochzeitsfotografin_-_Melanie_Melcher-47_1.jpg\",\"sizes\":{\"thumb\":\"https:\\\/\\\/www.melanie-melcher.de\\\/wp-content\\\/grand-media\\\/image\\\/thumb\\\/Hochzeitsfotografin_-_Melanie_Melcher-47_1.jpg\",\"full\":\"https:\\\/\\\/www.melanie-melcher.de\\\/wp-content\\\/grand-media\\\/image\\\/Hochzeitsfotografin_-_Melanie_Melcher-47_1.jpg\"},\"title\":\"Hochzeitsfotografin - Melanie Melcher-47\",\"alt\":\"Hochzeitsfotografin - Melanie Melcher-47\",\"caption\":\"\",\"url\":\"\",\"post_link\":\"https:\\\/\\\/www.melanie-melcher.de\\\/index.php\\\/gmedia\\\/hochzeitsfotografin_-_melanie_melcher-47_1-jpg\\\/\",\"cc\":0,\"views\":11,\"likes\":0,\"width\":800,\"height\":533},{\"id\":\"1260\",\"type\":\"image\",\"ext\":\"jpg\",\"src\":\"\\\/image\\\/Hochzeitsfotografin_-_Melanie_Melcher-2_1.jpg\",\"sizes\":{\"thumb\":\"https:\\\/\\\/www.melanie-melcher.de\\\/wp-content\\\/grand-media\\\/image\\\/thumb\\\/Hochzeitsfotografin_-_Melanie_Melcher-2_1.jpg\",\"full\":\"https:\\\/\\\/www.melanie-melcher.de\\\/wp-content\\\/grand-media\\\/image\\\/Hochzeitsfotografin_-_Melanie_Melcher-2_1.jpg\"},\"title\":\"Hochzeitsfotografin - Melanie Melcher-2\",\"alt\":\"Hochzeitsfotografin - Melanie Melcher-2\",\"caption\":\"\",\"url\":\"\",\"post_link\":\"https:\\\/\\\/www.melanie-melcher.de\\\/index.php\\\/gmedia\\\/hochzeitsfotografin_-_melanie_melcher-2_1-jpg\\\/\",\"cc\":0,\"views\":10,\"likes\":0,\"width\":533,\"height\":800},{\"id\":\"1369\",\"type\":\"image\",\"ext\":\"jpg\",\"src\":\"\\\/image\\\/Hochzeitsfotografin_-_Melanie_Melcher-111.jpg\",\"sizes\":{\"thumb\":\"https:\\\/\\\/www.melanie-melcher.de\\\/wp-content\\\/grand-media\\\/image\\\/thumb\\\/Hochzeitsfotografin_-_Melanie_Melcher-111.jpg\",\"full\":\"https:\\\/\\\/www.melanie-melcher.de\\\/wp-content\\\/grand-media\\\/image\\\/Hochzeitsfotografin_-_Melanie_Melcher-111.jpg\"},\"title\":\"Hochzeitsfotografin - Melanie Melcher-111\",\"alt\":\"Hochzeitsfotografin - Melanie Melcher-111\",\"caption\":\"\",\"url\":\"\",\"post_link\":\"https:\\\/\\\/www.melanie-melcher.de\\\/index.php\\\/gmedia\\\/hochzeitsfotografin_-_melanie_melcher-111-jpg\\\/\",\"cc\":0,\"views\":11,\"likes\":0,\"width\":800,\"height\":533},{\"id\":\"1293\",\"type\":\"image\",\"ext\":\"jpg\",\"src\":\"\\\/image\\\/Hochzeitsfotografin_-_Melanie_Melcher-35_1.jpg\",\"sizes\":{\"thumb\":\"https:\\\/\\\/www.melanie-melcher.de\\\/wp-content\\\/grand-media\\\/image\\\/thumb\\\/Hochzeitsfotografin_-_Melanie_Melcher-35_1.jpg\",\"full\":\"https:\\\/\\\/www.melanie-melcher.de\\\/wp-content\\\/grand-media\\\/image\\\/Hochzeitsfotografin_-_Melanie_Melcher-35_1.jpg\"},\"title\":\"Hochzeitsfotografin - Melanie Melcher-35\",\"alt\":\"Hochzeitsfotografin - Melanie Melcher-35\",\"caption\":\"\",\"url\":\"\",\"post_link\":\"https:\\\/\\\/www.melanie-melcher.de\\\/index.php\\\/gmedia\\\/hochzeitsfotografin_-_melanie_melcher-35_1-jpg\\\/\",\"cc\":0,\"views\":11,\"likes\":0,\"width\":800,\"height\":533},{\"id\":\"1335\",\"type\":\"image\",\"ext\":\"jpg\",\"src\":\"\\\/image\\\/Hochzeitsfotografin_-_Melanie_Melcher-77_1.jpg\",\"sizes\":{\"thumb\":\"https:\\\/\\\/www.melanie-melcher.de\\\/wp-content\\\/grand-media\\\/image\\\/thumb\\\/Hochzeitsfotografin_-_Melanie_Melcher-77_1.jpg\",\"full\":\"https:\\\/\\\/www.melanie-melcher.de\\\/wp-content\\\/grand-media\\\/image\\\/Hochzeitsfotografin_-_Melanie_Melcher-77_1.jpg\"},\"title\":\"Hochzeitsfotografin - Melanie Melcher-77\",\"alt\":\"Hochzeitsfotografin - Melanie Melcher-77\",\"caption\":\"\",\"url\":\"\",\"post_link\":\"https:\\\/\\\/www.melanie-melcher.de\\\/index.php\\\/gmedia\\\/hochzeitsfotografin_-_melanie_melcher-77_1-jpg\\\/\",\"cc\":0,\"views\":11,\"likes\":0,\"width\":533,\"height\":800},{\"id\":\"1356\",\"type\":\"image\",\"ext\":\"jpg\",\"src\":\"\\\/image\\\/Hochzeitsfotografin_-_Melanie_Melcher-98.jpg\",\"sizes\":{\"thumb\":\"https:\\\/\\\/www.melanie-melcher.de\\\/wp-content\\\/grand-media\\\/image\\\/thumb\\\/Hochzeitsfotografin_-_Melanie_Melcher-98.jpg\",\"full\":\"https:\\\/\\\/www.melanie-melcher.de\\\/wp-content\\\/grand-media\\\/image\\\/Hochzeitsfotografin_-_Melanie_Melcher-98.jpg\"},\"title\":\"Hochzeitsfotografin - Melanie Melcher-98\",\"alt\":\"Hochzeitsfotografin - Melanie Melcher-98\",\"caption\":\"\",\"url\":\"\",\"post_link\":\"https:\\\/\\\/www.melanie-melcher.de\\\/index.php\\\/gmedia\\\/hochzeitsfotografin_-_melanie_melcher-98-jpg\\\/\",\"cc\":0,\"views\":15,\"likes\":0,\"width\":800,\"height\":533},{\"id\":\"1278\",\"type\":\"image\",\"ext\":\"jpg\",\"src\":\"\\\/image\\\/Hochzeitsfotografin_-_Melanie_Melcher-20_1.jpg\",\"sizes\":{\"thumb\":\"https:\\\/\\\/www.melanie-melcher.de\\\/wp-content\\\/grand-media\\\/image\\\/thumb\\\/Hochzeitsfotografin_-_Melanie_Melcher-20_1.jpg\",\"full\":\"https:\\\/\\\/www.melanie-melcher.de\\\/wp-content\\\/grand-media\\\/image\\\/Hochzeitsfotografin_-_Melanie_Melcher-20_1.jpg\"},\"title\":\"Hochzeitsfotografin - Melanie Melcher-20\",\"alt\":\"Hochzeitsfotografin - Melanie Melcher-20\",\"caption\":\"\",\"url\":\"\",\"post_link\":\"https:\\\/\\\/www.melanie-melcher.de\\\/index.php\\\/gmedia\\\/hochzeitsfotografin_-_melanie_melcher-20_1-jpg\\\/\",\"cc\":0,\"views\":11,\"likes\":0,\"width\":800,\"height\":533},{\"id\":\"1318\",\"type\":\"image\",\"ext\":\"jpg\",\"src\":\"\\\/image\\\/Hochzeitsfotografin_-_Melanie_Melcher-60_1.jpg\",\"sizes\":{\"thumb\":\"https:\\\/\\\/www.melanie-melcher.de\\\/wp-content\\\/grand-media\\\/image\\\/thumb\\\/Hochzeitsfotografin_-_Melanie_Melcher-60_1.jpg\",\"full\":\"https:\\\/\\\/www.melanie-melcher.de\\\/wp-content\\\/grand-media\\\/image\\\/Hochzeitsfotografin_-_Melanie_Melcher-60_1.jpg\"},\"title\":\"Hochzeitsfotografin - Melanie Melcher-60\",\"alt\":\"Hochzeitsfotografin - Melanie Melcher-60\",\"caption\":\"\",\"url\":\"\",\"post_link\":\"https:\\\/\\\/www.melanie-melcher.de\\\/index.php\\\/gmedia\\\/hochzeitsfotografin_-_melanie_melcher-60_1-jpg\\\/\",\"cc\":0,\"views\":9,\"likes\":0,\"width\":800,\"height\":533},{\"id\":\"1329\",\"type\":\"image\",\"ext\":\"jpg\",\"src\":\"\\\/image\\\/Hochzeitsfotografin_-_Melanie_Melcher-71_1.jpg\",\"sizes\":{\"thumb\":\"https:\\\/\\\/www.melanie-melcher.de\\\/wp-content\\\/grand-media\\\/image\\\/thumb\\\/Hochzeitsfotografin_-_Melanie_Melcher-71_1.jpg\",\"full\":\"https:\\\/\\\/www.melanie-melcher.de\\\/wp-content\\\/grand-media\\\/image\\\/Hochzeitsfotografin_-_Melanie_Melcher-71_1.jpg\"},\"title\":\"Hochzeitsfotografin - Melanie Melcher-71\",\"alt\":\"Hochzeitsfotografin - Melanie Melcher-71\",\"caption\":\"\",\"url\":\"\",\"post_link\":\"https:\\\/\\\/www.melanie-melcher.de\\\/index.php\\\/gmedia\\\/hochzeitsfotografin_-_melanie_melcher-71_1-jpg\\\/\",\"cc\":0,\"views\":11,\"likes\":0,\"width\":800,\"height\":533},{\"id\":\"1313\",\"type\":\"image\",\"ext\":\"jpg\",\"src\":\"\\\/image\\\/Hochzeitsfotografin_-_Melanie_Melcher-55_1.jpg\",\"sizes\":{\"thumb\":\"https:\\\/\\\/www.melanie-melcher.de\\\/wp-content\\\/grand-media\\\/image\\\/thumb\\\/Hochzeitsfotografin_-_Melanie_Melcher-55_1.jpg\",\"full\":\"https:\\\/\\\/www.melanie-melcher.de\\\/wp-content\\\/grand-media\\\/image\\\/Hochzeitsfotografin_-_Melanie_Melcher-55_1.jpg\"},\"title\":\"Hochzeitsfotografin - Melanie Melcher-55\",\"alt\":\"Hochzeitsfotografin - Melanie Melcher-55\",\"caption\":\"\",\"url\":\"\",\"post_link\":\"https:\\\/\\\/www.melanie-melcher.de\\\/index.php\\\/gmedia\\\/hochzeitsfotografin_-_melanie_melcher-55_1-jpg\\\/\",\"cc\":0,\"views\":9,\"likes\":0,\"width\":800,\"height\":533},{\"id\":\"1279\",\"type\":\"image\",\"ext\":\"jpg\",\"src\":\"\\\/image\\\/Hochzeitsfotografin_-_Melanie_Melcher-21_1.jpg\",\"sizes\":{\"thumb\":\"https:\\\/\\\/www.melanie-melcher.de\\\/wp-content\\\/grand-media\\\/image\\\/thumb\\\/Hochzeitsfotografin_-_Melanie_Melcher-21_1.jpg\",\"full\":\"https:\\\/\\\/www.melanie-melcher.de\\\/wp-content\\\/grand-media\\\/image\\\/Hochzeitsfotografin_-_Melanie_Melcher-21_1.jpg\"},\"title\":\"Hochzeitsfotografin - Melanie Melcher-21\",\"alt\":\"Hochzeitsfotografin - Melanie Melcher-21\",\"caption\":\"\",\"url\":\"\",\"post_link\":\"https:\\\/\\\/www.melanie-melcher.de\\\/index.php\\\/gmedia\\\/hochzeitsfotografin_-_melanie_melcher-21_1-jpg\\\/\",\"cc\":0,\"views\":11,\"likes\":0,\"width\":800,\"height\":533},{\"id\":\"1345\",\"type\":\"image\",\"ext\":\"jpg\",\"src\":\"\\\/image\\\/Hochzeitsfotografin_-_Melanie_Melcher-87_1.jpg\",\"sizes\":{\"thumb\":\"https:\\\/\\\/www.melanie-melcher.de\\\/wp-content\\\/grand-media\\\/image\\\/thumb\\\/Hochzeitsfotografin_-_Melanie_Melcher-87_1.jpg\",\"full\":\"https:\\\/\\\/www.melanie-melcher.de\\\/wp-content\\\/grand-media\\\/image\\\/Hochzeitsfotografin_-_Melanie_Melcher-87_1.jpg\"},\"title\":\"Hochzeitsfotografin - Melanie Melcher-87\",\"alt\":\"Hochzeitsfotografin - Melanie Melcher-87\",\"caption\":\"\",\"url\":\"\",\"post_link\":\"https:\\\/\\\/www.melanie-melcher.de\\\/index.php\\\/gmedia\\\/hochzeitsfotografin_-_melanie_melcher-87_1-jpg\\\/\",\"cc\":0,\"views\":11,\"likes\":0,\"width\":800,\"height\":533},{\"id\":\"1307\",\"type\":\"image\",\"ext\":\"jpg\",\"src\":\"\\\/image\\\/Hochzeitsfotografin_-_Melanie_Melcher-49_1.jpg\",\"sizes\":{\"thumb\":\"https:\\\/\\\/www.melanie-melcher.de\\\/wp-content\\\/grand-media\\\/image\\\/thumb\\\/Hochzeitsfotografin_-_Melanie_Melcher-49_1.jpg\",\"full\":\"https:\\\/\\\/www.melanie-melcher.de\\\/wp-content\\\/grand-media\\\/image\\\/Hochzeitsfotografin_-_Melanie_Melcher-49_1.jpg\"},\"title\":\"Hochzeitsfotografin - Melanie Melcher-49\",\"alt\":\"Hochzeitsfotografin - Melanie Melcher-49\",\"caption\":\"\",\"url\":\"\",\"post_link\":\"https:\\\/\\\/www.melanie-melcher.de\\\/index.php\\\/gmedia\\\/hochzeitsfotografin_-_melanie_melcher-49_1-jpg\\\/\",\"cc\":0,\"views\":10,\"likes\":0,\"width\":800,\"height\":533},{\"id\":\"1277\",\"type\":\"image\",\"ext\":\"jpg\",\"src\":\"\\\/image\\\/Hochzeitsfotografin_-_Melanie_Melcher-19_1.jpg\",\"sizes\":{\"thumb\":\"https:\\\/\\\/www.melanie-melcher.de\\\/wp-content\\\/grand-media\\\/image\\\/thumb\\\/Hochzeitsfotografin_-_Melanie_Melcher-19_1.jpg\",\"full\":\"https:\\\/\\\/www.melanie-melcher.de\\\/wp-content\\\/grand-media\\\/image\\\/Hochzeitsfotografin_-_Melanie_Melcher-19_1.jpg\"},\"title\":\"Hochzeitsfotografin - Melanie Melcher-19\",\"alt\":\"Hochzeitsfotografin - Melanie Melcher-19\",\"caption\":\"\",\"url\":\"\",\"post_link\":\"https:\\\/\\\/www.melanie-melcher.de\\\/index.php\\\/gmedia\\\/hochzeitsfotografin_-_melanie_melcher-19_1-jpg\\\/\",\"cc\":0,\"views\":9,\"likes\":0,\"width\":800,\"height\":533},{\"id\":\"1367\",\"type\":\"image\",\"ext\":\"jpg\",\"src\":\"\\\/image\\\/Hochzeitsfotografin_-_Melanie_Melcher-109.jpg\",\"sizes\":{\"thumb\":\"https:\\\/\\\/www.melanie-melcher.de\\\/wp-content\\\/grand-media\\\/image\\\/thumb\\\/Hochzeitsfotografin_-_Melanie_Melcher-109.jpg\",\"full\":\"https:\\\/\\\/www.melanie-melcher.de\\\/wp-content\\\/grand-media\\\/image\\\/Hochzeitsfotografin_-_Melanie_Melcher-109.jpg\"},\"title\":\"Hochzeitsfotografin - Melanie Melcher-109\",\"alt\":\"Hochzeitsfotografin - Melanie Melcher-109\",\"caption\":\"\",\"url\":\"\",\"post_link\":\"https:\\\/\\\/www.melanie-melcher.de\\\/index.php\\\/gmedia\\\/hochzeitsfotografin_-_melanie_melcher-109-jpg\\\/\",\"cc\":0,\"views\":11,\"likes\":0,\"width\":533,\"height\":800},{\"id\":\"1348\",\"type\":\"image\",\"ext\":\"jpg\",\"src\":\"\\\/image\\\/Hochzeitsfotografin_-_Melanie_Melcher-90_1.jpg\",\"sizes\":{\"thumb\":\"https:\\\/\\\/www.melanie-melcher.de\\\/wp-content\\\/grand-media\\\/image\\\/thumb\\\/Hochzeitsfotografin_-_Melanie_Melcher-90_1.jpg\",\"full\":\"https:\\\/\\\/www.melanie-melcher.de\\\/wp-content\\\/grand-media\\\/image\\\/Hochzeitsfotografin_-_Melanie_Melcher-90_1.jpg\"},\"title\":\"Hochzeitsfotografin - Melanie Melcher-90\",\"alt\":\"Hochzeitsfotografin - Melanie Melcher-90\",\"caption\":\"\",\"url\":\"\",\"post_link\":\"https:\\\/\\\/www.melanie-melcher.de\\\/index.php\\\/gmedia\\\/hochzeitsfotografin_-_melanie_melcher-90_1-jpg\\\/\",\"cc\":0,\"views\":11,\"likes\":0,\"width\":800,\"height\":533},{\"id\":\"1263\",\"type\":\"image\",\"ext\":\"jpg\",\"src\":\"\\\/image\\\/Hochzeitsfotografin_-_Melanie_Melcher-5_1.jpg\",\"sizes\":{\"thumb\":\"https:\\\/\\\/www.melanie-melcher.de\\\/wp-content\\\/grand-media\\\/image\\\/thumb\\\/Hochzeitsfotografin_-_Melanie_Melcher-5_1.jpg\",\"full\":\"https:\\\/\\\/www.melanie-melcher.de\\\/wp-content\\\/grand-media\\\/image\\\/Hochzeitsfotografin_-_Melanie_Melcher-5_1.jpg\"},\"title\":\"Hochzeitsfotografin - Melanie Melcher-5\",\"alt\":\"Hochzeitsfotografin - Melanie Melcher-5\",\"caption\":\"\",\"url\":\"\",\"post_link\":\"https:\\\/\\\/www.melanie-melcher.de\\\/index.php\\\/gmedia\\\/hochzeitsfotografin_-_melanie_melcher-5_1-jpg\\\/\",\"cc\":0,\"views\":8,\"likes\":0,\"width\":800,\"height\":533},{\"id\":\"1343\",\"type\":\"image\",\"ext\":\"jpg\",\"src\":\"\\\/image\\\/Hochzeitsfotografin_-_Melanie_Melcher-85_1.jpg\",\"sizes\":{\"thumb\":\"https:\\\/\\\/www.melanie-melcher.de\\\/wp-content\\\/grand-media\\\/image\\\/thumb\\\/Hochzeitsfotografin_-_Melanie_Melcher-85_1.jpg\",\"full\":\"https:\\\/\\\/www.melanie-melcher.de\\\/wp-content\\\/grand-media\\\/image\\\/Hochzeitsfotografin_-_Melanie_Melcher-85_1.jpg\"},\"title\":\"Hochzeitsfotografin - Melanie Melcher-85\",\"alt\":\"Hochzeitsfotografin - Melanie Melcher-85\",\"caption\":\"\",\"url\":\"\",\"post_link\":\"https:\\\/\\\/www.melanie-melcher.de\\\/index.php\\\/gmedia\\\/hochzeitsfotografin_-_melanie_melcher-85_1-jpg\\\/\",\"cc\":0,\"views\":10,\"likes\":0,\"width\":800,\"height\":533},{\"id\":\"1315\",\"type\":\"image\",\"ext\":\"jpg\",\"src\":\"\\\/image\\\/Hochzeitsfotografin_-_Melanie_Melcher-57_1.jpg\",\"sizes\":{\"thumb\":\"https:\\\/\\\/www.melanie-melcher.de\\\/wp-content\\\/grand-media\\\/image\\\/thumb\\\/Hochzeitsfotografin_-_Melanie_Melcher-57_1.jpg\",\"full\":\"https:\\\/\\\/www.melanie-melcher.de\\\/wp-content\\\/grand-media\\\/image\\\/Hochzeitsfotografin_-_Melanie_Melcher-57_1.jpg\"},\"title\":\"Hochzeitsfotografin - Melanie Melcher-57\",\"alt\":\"Hochzeitsfotografin - Melanie Melcher-57\",\"caption\":\"\",\"url\":\"\",\"post_link\":\"https:\\\/\\\/www.melanie-melcher.de\\\/index.php\\\/gmedia\\\/hochzeitsfotografin_-_melanie_melcher-57_1-jpg\\\/\",\"cc\":0,\"views\":12,\"likes\":0,\"width\":800,\"height\":533},{\"id\":\"1276\",\"type\":\"image\",\"ext\":\"jpg\",\"src\":\"\\\/image\\\/Hochzeitsfotografin_-_Melanie_Melcher-18_1.jpg\",\"sizes\":{\"thumb\":\"https:\\\/\\\/www.melanie-melcher.de\\\/wp-content\\\/grand-media\\\/image\\\/thumb\\\/Hochzeitsfotografin_-_Melanie_Melcher-18_1.jpg\",\"full\":\"https:\\\/\\\/www.melanie-melcher.de\\\/wp-content\\\/grand-media\\\/image\\\/Hochzeitsfotografin_-_Melanie_Melcher-18_1.jpg\"},\"title\":\"Hochzeitsfotografin - Melanie Melcher-18\",\"alt\":\"Hochzeitsfotografin - Melanie Melcher-18\",\"caption\":\"\",\"url\":\"\",\"post_link\":\"https:\\\/\\\/www.melanie-melcher.de\\\/index.php\\\/gmedia\\\/hochzeitsfotografin_-_melanie_melcher-18_1-jpg\\\/\",\"cc\":0,\"views\":12,\"likes\":0,\"width\":533,\"height\":800},{\"id\":\"1358\",\"type\":\"image\",\"ext\":\"jpg\",\"src\":\"\\\/image\\\/Hochzeitsfotografin_-_Melanie_Melcher-100.jpg\",\"sizes\":{\"thumb\":\"https:\\\/\\\/www.melanie-melcher.de\\\/wp-content\\\/grand-media\\\/image\\\/thumb\\\/Hochzeitsfotografin_-_Melanie_Melcher-100.jpg\",\"full\":\"https:\\\/\\\/www.melanie-melcher.de\\\/wp-content\\\/grand-media\\\/image\\\/Hochzeitsfotografin_-_Melanie_Melcher-100.jpg\"},\"title\":\"Hochzeitsfotografin - Melanie Melcher-100\",\"alt\":\"Hochzeitsfotografin - Melanie Melcher-100\",\"caption\":\"\",\"url\":\"\",\"post_link\":\"https:\\\/\\\/www.melanie-melcher.de\\\/index.php\\\/gmedia\\\/hochzeitsfotografin_-_melanie_melcher-100-jpg\\\/\",\"cc\":0,\"views\":15,\"likes\":0,\"width\":533,\"height\":800},{\"id\":\"1261\",\"type\":\"image\",\"ext\":\"jpg\",\"src\":\"\\\/image\\\/Hochzeitsfotografin_-_Melanie_Melcher-3_1.jpg\",\"sizes\":{\"thumb\":\"https:\\\/\\\/www.melanie-melcher.de\\\/wp-content\\\/grand-media\\\/image\\\/thumb\\\/Hochzeitsfotografin_-_Melanie_Melcher-3_1.jpg\",\"full\":\"https:\\\/\\\/www.melanie-melcher.de\\\/wp-content\\\/grand-media\\\/image\\\/Hochzeitsfotografin_-_Melanie_Melcher-3_1.jpg\"},\"title\":\"Hochzeitsfotografin - Melanie Melcher-3\",\"alt\":\"Hochzeitsfotografin - Melanie Melcher-3\",\"caption\":\"\",\"url\":\"\",\"post_link\":\"https:\\\/\\\/www.melanie-melcher.de\\\/index.php\\\/gmedia\\\/hochzeitsfotografin_-_melanie_melcher-3_1-jpg\\\/\",\"cc\":0,\"views\":9,\"likes\":0,\"width\":800,\"height\":533},{\"id\":\"1314\",\"type\":\"image\",\"ext\":\"jpg\",\"src\":\"\\\/image\\\/Hochzeitsfotografin_-_Melanie_Melcher-56_1.jpg\",\"sizes\":{\"thumb\":\"https:\\\/\\\/www.melanie-melcher.de\\\/wp-content\\\/grand-media\\\/image\\\/thumb\\\/Hochzeitsfotografin_-_Melanie_Melcher-56_1.jpg\",\"full\":\"https:\\\/\\\/www.melanie-melcher.de\\\/wp-content\\\/grand-media\\\/image\\\/Hochzeitsfotografin_-_Melanie_Melcher-56_1.jpg\"},\"title\":\"Hochzeitsfotografin - Melanie Melcher-56\",\"alt\":\"Hochzeitsfotografin - Melanie Melcher-56\",\"caption\":\"\",\"url\":\"\",\"post_link\":\"https:\\\/\\\/www.melanie-melcher.de\\\/index.php\\\/gmedia\\\/hochzeitsfotografin_-_melanie_melcher-56_1-jpg\\\/\",\"cc\":0,\"views\":8,\"likes\":0,\"width\":800,\"height\":533},{\"id\":\"1291\",\"type\":\"image\",\"ext\":\"jpg\",\"src\":\"\\\/image\\\/Hochzeitsfotografin_-_Melanie_Melcher-33_1.jpg\",\"sizes\":{\"thumb\":\"https:\\\/\\\/www.melanie-melcher.de\\\/wp-content\\\/grand-media\\\/image\\\/thumb\\\/Hochzeitsfotografin_-_Melanie_Melcher-33_1.jpg\",\"full\":\"https:\\\/\\\/www.melanie-melcher.de\\\/wp-content\\\/grand-media\\\/image\\\/Hochzeitsfotografin_-_Melanie_Melcher-33_1.jpg\"},\"title\":\"Hochzeitsfotografin - Melanie Melcher-33\",\"alt\":\"Hochzeitsfotografin - Melanie Melcher-33\",\"caption\":\"\",\"url\":\"\",\"post_link\":\"https:\\\/\\\/www.melanie-melcher.de\\\/index.php\\\/gmedia\\\/hochzeitsfotografin_-_melanie_melcher-33_1-jpg\\\/\",\"cc\":0,\"views\":9,\"likes\":0,\"width\":800,\"height\":533},{\"id\":\"1299\",\"type\":\"image\",\"ext\":\"jpg\",\"src\":\"\\\/image\\\/Hochzeitsfotografin_-_Melanie_Melcher-41_1.jpg\",\"sizes\":{\"thumb\":\"https:\\\/\\\/www.melanie-melcher.de\\\/wp-content\\\/grand-media\\\/image\\\/thumb\\\/Hochzeitsfotografin_-_Melanie_Melcher-41_1.jpg\",\"full\":\"https:\\\/\\\/www.melanie-melcher.de\\\/wp-content\\\/grand-media\\\/image\\\/Hochzeitsfotografin_-_Melanie_Melcher-41_1.jpg\"},\"title\":\"Hochzeitsfotografin - Melanie Melcher-41\",\"alt\":\"Hochzeitsfotografin - Melanie Melcher-41\",\"caption\":\"\",\"url\":\"\",\"post_link\":\"https:\\\/\\\/www.melanie-melcher.de\\\/index.php\\\/gmedia\\\/hochzeitsfotografin_-_melanie_melcher-41_1-jpg\\\/\",\"cc\":0,\"views\":13,\"likes\":0,\"width\":533,\"height\":800},{\"id\":\"1337\",\"type\":\"image\",\"ext\":\"jpg\",\"src\":\"\\\/image\\\/Hochzeitsfotografin_-_Melanie_Melcher-79_1.jpg\",\"sizes\":{\"thumb\":\"https:\\\/\\\/www.melanie-melcher.de\\\/wp-content\\\/grand-media\\\/image\\\/thumb\\\/Hochzeitsfotografin_-_Melanie_Melcher-79_1.jpg\",\"full\":\"https:\\\/\\\/www.melanie-melcher.de\\\/wp-content\\\/grand-media\\\/image\\\/Hochzeitsfotografin_-_Melanie_Melcher-79_1.jpg\"},\"title\":\"Hochzeitsfotografin - Melanie Melcher-79\",\"alt\":\"Hochzeitsfotografin - Melanie Melcher-79\",\"caption\":\"\",\"url\":\"\",\"post_link\":\"https:\\\/\\\/www.melanie-melcher.de\\\/index.php\\\/gmedia\\\/hochzeitsfotografin_-_melanie_melcher-79_1-jpg\\\/\",\"cc\":0,\"views\":14,\"likes\":0,\"width\":800,\"height\":533},{\"id\":\"1362\",\"type\":\"image\",\"ext\":\"jpg\",\"src\":\"\\\/image\\\/Hochzeitsfotografin_-_Melanie_Melcher-104.jpg\",\"sizes\":{\"thumb\":\"https:\\\/\\\/www.melanie-melcher.de\\\/wp-content\\\/grand-media\\\/image\\\/thumb\\\/Hochzeitsfotografin_-_Melanie_Melcher-104.jpg\",\"full\":\"https:\\\/\\\/www.melanie-melcher.de\\\/wp-content\\\/grand-media\\\/image\\\/Hochzeitsfotografin_-_Melanie_Melcher-104.jpg\"},\"title\":\"Hochzeitsfotografin - Melanie Melcher-104\",\"alt\":\"Hochzeitsfotografin - Melanie Melcher-104\",\"caption\":\"\",\"url\":\"\",\"post_link\":\"https:\\\/\\\/www.melanie-melcher.de\\\/index.php\\\/gmedia\\\/hochzeitsfotografin_-_melanie_melcher-104-jpg\\\/\",\"cc\":0,\"views\":8,\"likes\":0,\"width\":800,\"height\":533},{\"id\":\"1374\",\"type\":\"image\",\"ext\":\"jpg\",\"src\":\"\\\/image\\\/Hochzeitsfotografin_-_Melanie_Melcher-116.jpg\",\"sizes\":{\"thumb\":\"https:\\\/\\\/www.melanie-melcher.de\\\/wp-content\\\/grand-media\\\/image\\\/thumb\\\/Hochzeitsfotografin_-_Melanie_Melcher-116.jpg\",\"full\":\"https:\\\/\\\/www.melanie-melcher.de\\\/wp-content\\\/grand-media\\\/image\\\/Hochzeitsfotografin_-_Melanie_Melcher-116.jpg\"},\"title\":\"Hochzeitsfotografin - Melanie Melcher-116\",\"alt\":\"Hochzeitsfotografin - Melanie Melcher-116\",\"caption\":\"\",\"url\":\"\",\"post_link\":\"https:\\\/\\\/www.melanie-melcher.de\\\/index.php\\\/gmedia\\\/hochzeitsfotografin_-_melanie_melcher-116-jpg\\\/\",\"cc\":0,\"views\":15,\"likes\":0,\"width\":800,\"height\":533},{\"id\":\"1266\",\"type\":\"image\",\"ext\":\"jpg\",\"src\":\"\\\/image\\\/Hochzeitsfotografin_-_Melanie_Melcher-8_1.jpg\",\"sizes\":{\"thumb\":\"https:\\\/\\\/www.melanie-melcher.de\\\/wp-content\\\/grand-media\\\/image\\\/thumb\\\/Hochzeitsfotografin_-_Melanie_Melcher-8_1.jpg\",\"full\":\"https:\\\/\\\/www.melanie-melcher.de\\\/wp-content\\\/grand-media\\\/image\\\/Hochzeitsfotografin_-_Melanie_Melcher-8_1.jpg\"},\"title\":\"Hochzeitsfotografin - Melanie Melcher-8\",\"alt\":\"Hochzeitsfotografin - Melanie Melcher-8\",\"caption\":\"\",\"url\":\"\",\"post_link\":\"https:\\\/\\\/www.melanie-melcher.de\\\/index.php\\\/gmedia\\\/hochzeitsfotografin_-_melanie_melcher-8_1-jpg\\\/\",\"cc\":0,\"views\":11,\"likes\":0,\"width\":533,\"height\":800},{\"id\":\"1370\",\"type\":\"image\",\"ext\":\"jpg\",\"src\":\"\\\/image\\\/Hochzeitsfotografin_-_Melanie_Melcher-112.jpg\",\"sizes\":{\"thumb\":\"https:\\\/\\\/www.melanie-melcher.de\\\/wp-content\\\/grand-media\\\/image\\\/thumb\\\/Hochzeitsfotografin_-_Melanie_Melcher-112.jpg\",\"full\":\"https:\\\/\\\/www.melanie-melcher.de\\\/wp-content\\\/grand-media\\\/image\\\/Hochzeitsfotografin_-_Melanie_Melcher-112.jpg\"},\"title\":\"Hochzeitsfotografin - Melanie Melcher-112\",\"alt\":\"Hochzeitsfotografin - Melanie Melcher-112\",\"caption\":\"\",\"url\":\"\",\"post_link\":\"https:\\\/\\\/www.melanie-melcher.de\\\/index.php\\\/gmedia\\\/hochzeitsfotografin_-_melanie_melcher-112-jpg\\\/\",\"cc\":0,\"views\":14,\"likes\":0,\"width\":800,\"height\":533},{\"id\":\"1271\",\"type\":\"image\",\"ext\":\"jpg\",\"src\":\"\\\/image\\\/Hochzeitsfotografin_-_Melanie_Melcher-13_1.jpg\",\"sizes\":{\"thumb\":\"https:\\\/\\\/www.melanie-melcher.de\\\/wp-content\\\/grand-media\\\/image\\\/thumb\\\/Hochzeitsfotografin_-_Melanie_Melcher-13_1.jpg\",\"full\":\"https:\\\/\\\/www.melanie-melcher.de\\\/wp-content\\\/grand-media\\\/image\\\/Hochzeitsfotografin_-_Melanie_Melcher-13_1.jpg\"},\"title\":\"Hochzeitsfotografin - Melanie Melcher-13\",\"alt\":\"Hochzeitsfotografin - Melanie Melcher-13\",\"caption\":\"\",\"url\":\"\",\"post_link\":\"https:\\\/\\\/www.melanie-melcher.de\\\/index.php\\\/gmedia\\\/hochzeitsfotografin_-_melanie_melcher-13_1-jpg\\\/\",\"cc\":0,\"views\":8,\"likes\":0,\"width\":800,\"height\":533},{\"id\":\"1280\",\"type\":\"image\",\"ext\":\"jpg\",\"src\":\"\\\/image\\\/Hochzeitsfotografin_-_Melanie_Melcher-22_1.jpg\",\"sizes\":{\"thumb\":\"https:\\\/\\\/www.melanie-melcher.de\\\/wp-content\\\/grand-media\\\/image\\\/thumb\\\/Hochzeitsfotografin_-_Melanie_Melcher-22_1.jpg\",\"full\":\"https:\\\/\\\/www.melanie-melcher.de\\\/wp-content\\\/grand-media\\\/image\\\/Hochzeitsfotografin_-_Melanie_Melcher-22_1.jpg\"},\"title\":\"Hochzeitsfotografin - Melanie Melcher-22\",\"alt\":\"Hochzeitsfotografin - Melanie Melcher-22\",\"caption\":\"\",\"url\":\"\",\"post_link\":\"https:\\\/\\\/www.melanie-melcher.de\\\/index.php\\\/gmedia\\\/hochzeitsfotografin_-_melanie_melcher-22_1-jpg\\\/\",\"cc\":0,\"views\":10,\"likes\":0,\"width\":800,\"height\":533},{\"id\":\"1342\",\"type\":\"image\",\"ext\":\"jpg\",\"src\":\"\\\/image\\\/Hochzeitsfotografin_-_Melanie_Melcher-84_1.jpg\",\"sizes\":{\"thumb\":\"https:\\\/\\\/www.melanie-melcher.de\\\/wp-content\\\/grand-media\\\/image\\\/thumb\\\/Hochzeitsfotografin_-_Melanie_Melcher-84_1.jpg\",\"full\":\"https:\\\/\\\/www.melanie-melcher.de\\\/wp-content\\\/grand-media\\\/image\\\/Hochzeitsfotografin_-_Melanie_Melcher-84_1.jpg\"},\"title\":\"Hochzeitsfotografin - Melanie Melcher-84\",\"alt\":\"Hochzeitsfotografin - Melanie Melcher-84\",\"caption\":\"\",\"url\":\"\",\"post_link\":\"https:\\\/\\\/www.melanie-melcher.de\\\/index.php\\\/gmedia\\\/hochzeitsfotografin_-_melanie_melcher-84_1-jpg\\\/\",\"cc\":0,\"views\":13,\"likes\":0,\"width\":800,\"height\":533},{\"id\":\"1262\",\"type\":\"image\",\"ext\":\"jpg\",\"src\":\"\\\/image\\\/Hochzeitsfotografin_-_Melanie_Melcher-4_1.jpg\",\"sizes\":{\"thumb\":\"https:\\\/\\\/www.melanie-melcher.de\\\/wp-content\\\/grand-media\\\/image\\\/thumb\\\/Hochzeitsfotografin_-_Melanie_Melcher-4_1.jpg\",\"full\":\"https:\\\/\\\/www.melanie-melcher.de\\\/wp-content\\\/grand-media\\\/image\\\/Hochzeitsfotografin_-_Melanie_Melcher-4_1.jpg\"},\"title\":\"Hochzeitsfotografin - Melanie Melcher-4\",\"alt\":\"Hochzeitsfotografin - Melanie Melcher-4\",\"caption\":\"\",\"url\":\"\",\"post_link\":\"https:\\\/\\\/www.melanie-melcher.de\\\/index.php\\\/gmedia\\\/hochzeitsfotografin_-_melanie_melcher-4_1-jpg\\\/\",\"cc\":0,\"views\":12,\"likes\":0,\"width\":800,\"height\":533},{\"id\":\"1320\",\"type\":\"image\",\"ext\":\"jpg\",\"src\":\"\\\/image\\\/Hochzeitsfotografin_-_Melanie_Melcher-62_1.jpg\",\"sizes\":{\"thumb\":\"https:\\\/\\\/www.melanie-melcher.de\\\/wp-content\\\/grand-media\\\/image\\\/thumb\\\/Hochzeitsfotografin_-_Melanie_Melcher-62_1.jpg\",\"full\":\"https:\\\/\\\/www.melanie-melcher.de\\\/wp-content\\\/grand-media\\\/image\\\/Hochzeitsfotografin_-_Melanie_Melcher-62_1.jpg\"},\"title\":\"Hochzeitsfotografin - Melanie Melcher-62\",\"alt\":\"Hochzeitsfotografin - Melanie Melcher-62\",\"caption\":\"\",\"url\":\"\",\"post_link\":\"https:\\\/\\\/www.melanie-melcher.de\\\/index.php\\\/gmedia\\\/hochzeitsfotografin_-_melanie_melcher-62_1-jpg\\\/\",\"cc\":0,\"views\":12,\"likes\":0,\"width\":800,\"height\":533},{\"id\":\"1365\",\"type\":\"image\",\"ext\":\"jpg\",\"src\":\"\\\/image\\\/Hochzeitsfotografin_-_Melanie_Melcher-107.jpg\",\"sizes\":{\"thumb\":\"https:\\\/\\\/www.melanie-melcher.de\\\/wp-content\\\/grand-media\\\/image\\\/thumb\\\/Hochzeitsfotografin_-_Melanie_Melcher-107.jpg\",\"full\":\"https:\\\/\\\/www.melanie-melcher.de\\\/wp-content\\\/grand-media\\\/image\\\/Hochzeitsfotografin_-_Melanie_Melcher-107.jpg\"},\"title\":\"Hochzeitsfotografin - Melanie Melcher-107\",\"alt\":\"Hochzeitsfotografin - Melanie Melcher-107\",\"caption\":\"\",\"url\":\"\",\"post_link\":\"https:\\\/\\\/www.melanie-melcher.de\\\/index.php\\\/gmedia\\\/hochzeitsfotografin_-_melanie_melcher-107-jpg\\\/\",\"cc\":0,\"views\":11,\"likes\":0,\"width\":800,\"height\":533},{\"id\":\"1321\",\"type\":\"image\",\"ext\":\"jpg\",\"src\":\"\\\/image\\\/Hochzeitsfotografin_-_Melanie_Melcher-63_1.jpg\",\"sizes\":{\"thumb\":\"https:\\\/\\\/www.melanie-melcher.de\\\/wp-content\\\/grand-media\\\/image\\\/thumb\\\/Hochzeitsfotografin_-_Melanie_Melcher-63_1.jpg\",\"full\":\"https:\\\/\\\/www.melanie-melcher.de\\\/wp-content\\\/grand-media\\\/image\\\/Hochzeitsfotografin_-_Melanie_Melcher-63_1.jpg\"},\"title\":\"Hochzeitsfotografin - Melanie Melcher-63\",\"alt\":\"Hochzeitsfotografin - Melanie Melcher-63\",\"caption\":\"\",\"url\":\"\",\"post_link\":\"https:\\\/\\\/www.melanie-melcher.de\\\/index.php\\\/gmedia\\\/hochzeitsfotografin_-_melanie_melcher-63_1-jpg\\\/\",\"cc\":0,\"views\":13,\"likes\":0,\"width\":800,\"height\":533},{\"id\":\"1311\",\"type\":\"image\",\"ext\":\"jpg\",\"src\":\"\\\/image\\\/Hochzeitsfotografin_-_Melanie_Melcher-53_1.jpg\",\"sizes\":{\"thumb\":\"https:\\\/\\\/www.melanie-melcher.de\\\/wp-content\\\/grand-media\\\/image\\\/thumb\\\/Hochzeitsfotografin_-_Melanie_Melcher-53_1.jpg\",\"full\":\"https:\\\/\\\/www.melanie-melcher.de\\\/wp-content\\\/grand-media\\\/image\\\/Hochzeitsfotografin_-_Melanie_Melcher-53_1.jpg\"},\"title\":\"Hochzeitsfotografin - Melanie Melcher-53\",\"alt\":\"Hochzeitsfotografin - Melanie Melcher-53\",\"caption\":\"\",\"url\":\"\",\"post_link\":\"https:\\\/\\\/www.melanie-melcher.de\\\/index.php\\\/gmedia\\\/hochzeitsfotografin_-_melanie_melcher-53_1-jpg\\\/\",\"cc\":0,\"views\":13,\"likes\":0,\"width\":800,\"height\":533},{\"id\":\"1333\",\"type\":\"image\",\"ext\":\"jpg\",\"src\":\"\\\/image\\\/Hochzeitsfotografin_-_Melanie_Melcher-75_1.jpg\",\"sizes\":{\"thumb\":\"https:\\\/\\\/www.melanie-melcher.de\\\/wp-content\\\/grand-media\\\/image\\\/thumb\\\/Hochzeitsfotografin_-_Melanie_Melcher-75_1.jpg\",\"full\":\"https:\\\/\\\/www.melanie-melcher.de\\\/wp-content\\\/grand-media\\\/image\\\/Hochzeitsfotografin_-_Melanie_Melcher-75_1.jpg\"},\"title\":\"Hochzeitsfotografin - Melanie Melcher-75\",\"alt\":\"Hochzeitsfotografin - Melanie Melcher-75\",\"caption\":\"\",\"url\":\"\",\"post_link\":\"https:\\\/\\\/www.melanie-melcher.de\\\/index.php\\\/gmedia\\\/hochzeitsfotografin_-_melanie_melcher-75_1-jpg\\\/\",\"cc\":0,\"views\":10,\"likes\":0,\"width\":800,\"height\":533},{\"id\":\"1306\",\"type\":\"image\",\"ext\":\"jpg\",\"src\":\"\\\/image\\\/Hochzeitsfotografin_-_Melanie_Melcher-48_1.jpg\",\"sizes\":{\"thumb\":\"https:\\\/\\\/www.melanie-melcher.de\\\/wp-content\\\/grand-media\\\/image\\\/thumb\\\/Hochzeitsfotografin_-_Melanie_Melcher-48_1.jpg\",\"full\":\"https:\\\/\\\/www.melanie-melcher.de\\\/wp-content\\\/grand-media\\\/image\\\/Hochzeitsfotografin_-_Melanie_Melcher-48_1.jpg\"},\"title\":\"Hochzeitsfotografin - Melanie Melcher-48\",\"alt\":\"Hochzeitsfotografin - Melanie Melcher-48\",\"caption\":\"\",\"url\":\"\",\"post_link\":\"https:\\\/\\\/www.melanie-melcher.de\\\/index.php\\\/gmedia\\\/hochzeitsfotografin_-_melanie_melcher-48_1-jpg\\\/\",\"cc\":0,\"views\":9,\"likes\":0,\"width\":800,\"height\":533},{\"id\":\"1308\",\"type\":\"image\",\"ext\":\"jpg\",\"src\":\"\\\/image\\\/Hochzeitsfotografin_-_Melanie_Melcher-50_1.jpg\",\"sizes\":{\"thumb\":\"https:\\\/\\\/www.melanie-melcher.de\\\/wp-content\\\/grand-media\\\/image\\\/thumb\\\/Hochzeitsfotografin_-_Melanie_Melcher-50_1.jpg\",\"full\":\"https:\\\/\\\/www.melanie-melcher.de\\\/wp-content\\\/grand-media\\\/image\\\/Hochzeitsfotografin_-_Melanie_Melcher-50_1.jpg\"},\"title\":\"Hochzeitsfotografin - Melanie Melcher-50\",\"alt\":\"Hochzeitsfotografin - Melanie Melcher-50\",\"caption\":\"\",\"url\":\"\",\"post_link\":\"https:\\\/\\\/www.melanie-melcher.de\\\/index.php\\\/gmedia\\\/hochzeitsfotografin_-_melanie_melcher-50_1-jpg\\\/\",\"cc\":0,\"views\":13,\"likes\":0,\"width\":800,\"height\":533},{\"id\":\"1312\",\"type\":\"image\",\"ext\":\"jpg\",\"src\":\"\\\/image\\\/Hochzeitsfotografin_-_Melanie_Melcher-54_1.jpg\",\"sizes\":{\"thumb\":\"https:\\\/\\\/www.melanie-melcher.de\\\/wp-content\\\/grand-media\\\/image\\\/thumb\\\/Hochzeitsfotografin_-_Melanie_Melcher-54_1.jpg\",\"full\":\"https:\\\/\\\/www.melanie-melcher.de\\\/wp-content\\\/grand-media\\\/image\\\/Hochzeitsfotografin_-_Melanie_Melcher-54_1.jpg\"},\"title\":\"Hochzeitsfotografin - Melanie Melcher-54\",\"alt\":\"Hochzeitsfotografin - Melanie Melcher-54\",\"caption\":\"\",\"url\":\"\",\"post_link\":\"https:\\\/\\\/www.melanie-melcher.de\\\/index.php\\\/gmedia\\\/hochzeitsfotografin_-_melanie_melcher-54_1-jpg\\\/\",\"cc\":0,\"views\":9,\"likes\":0,\"width\":800,\"height\":533},{\"id\":\"1361\",\"type\":\"image\",\"ext\":\"jpg\",\"src\":\"\\\/image\\\/Hochzeitsfotografin_-_Melanie_Melcher-103.jpg\",\"sizes\":{\"thumb\":\"https:\\\/\\\/www.melanie-melcher.de\\\/wp-content\\\/grand-media\\\/image\\\/thumb\\\/Hochzeitsfotografin_-_Melanie_Melcher-103.jpg\",\"full\":\"https:\\\/\\\/www.melanie-melcher.de\\\/wp-content\\\/grand-media\\\/image\\\/Hochzeitsfotografin_-_Melanie_Melcher-103.jpg\"},\"title\":\"Hochzeitsfotografin - Melanie Melcher-103\",\"alt\":\"Hochzeitsfotografin - Melanie Melcher-103\",\"caption\":\"\",\"url\":\"\",\"post_link\":\"https:\\\/\\\/www.melanie-melcher.de\\\/index.php\\\/gmedia\\\/hochzeitsfotografin_-_melanie_melcher-103-jpg\\\/\",\"cc\":0,\"views\":20,\"likes\":0,\"width\":533,\"height\":800},{\"id\":\"1287\",\"type\":\"image\",\"ext\":\"jpg\",\"src\":\"\\\/image\\\/Hochzeitsfotografin_-_Melanie_Melcher-29_1.jpg\",\"sizes\":{\"thumb\":\"https:\\\/\\\/www.melanie-melcher.de\\\/wp-content\\\/grand-media\\\/image\\\/thumb\\\/Hochzeitsfotografin_-_Melanie_Melcher-29_1.jpg\",\"full\":\"https:\\\/\\\/www.melanie-melcher.de\\\/wp-content\\\/grand-media\\\/image\\\/Hochzeitsfotografin_-_Melanie_Melcher-29_1.jpg\"},\"title\":\"Hochzeitsfotografin - Melanie Melcher-29\",\"alt\":\"Hochzeitsfotografin - Melanie Melcher-29\",\"caption\":\"\",\"url\":\"\",\"post_link\":\"https:\\\/\\\/www.melanie-melcher.de\\\/index.php\\\/gmedia\\\/hochzeitsfotografin_-_melanie_melcher-29_1-jpg\\\/\",\"cc\":0,\"views\":9,\"likes\":0,\"width\":800,\"height\":533},{\"id\":\"1297\",\"type\":\"image\",\"ext\":\"jpg\",\"src\":\"\\\/image\\\/Hochzeitsfotografin_-_Melanie_Melcher-39_1.jpg\",\"sizes\":{\"thumb\":\"https:\\\/\\\/www.melanie-melcher.de\\\/wp-content\\\/grand-media\\\/image\\\/thumb\\\/Hochzeitsfotografin_-_Melanie_Melcher-39_1.jpg\",\"full\":\"https:\\\/\\\/www.melanie-melcher.de\\\/wp-content\\\/grand-media\\\/image\\\/Hochzeitsfotografin_-_Melanie_Melcher-39_1.jpg\"},\"title\":\"Hochzeitsfotografin - Melanie Melcher-39\",\"alt\":\"Hochzeitsfotografin - Melanie Melcher-39\",\"caption\":\"\",\"url\":\"\",\"post_link\":\"https:\\\/\\\/www.melanie-melcher.de\\\/index.php\\\/gmedia\\\/hochzeitsfotografin_-_melanie_melcher-39_1-jpg\\\/\",\"cc\":0,\"views\":11,\"likes\":0,\"width\":533,\"height\":800},{\"id\":\"1357\",\"type\":\"image\",\"ext\":\"jpg\",\"src\":\"\\\/image\\\/Hochzeitsfotografin_-_Melanie_Melcher-99.jpg\",\"sizes\":{\"thumb\":\"https:\\\/\\\/www.melanie-melcher.de\\\/wp-content\\\/grand-media\\\/image\\\/thumb\\\/Hochzeitsfotografin_-_Melanie_Melcher-99.jpg\",\"full\":\"https:\\\/\\\/www.melanie-melcher.de\\\/wp-content\\\/grand-media\\\/image\\\/Hochzeitsfotografin_-_Melanie_Melcher-99.jpg\"},\"title\":\"Hochzeitsfotografin - Melanie Melcher-99\",\"alt\":\"Hochzeitsfotografin - Melanie Melcher-99\",\"caption\":\"\",\"url\":\"\",\"post_link\":\"https:\\\/\\\/www.melanie-melcher.de\\\/index.php\\\/gmedia\\\/hochzeitsfotografin_-_melanie_melcher-99-jpg\\\/\",\"cc\":0,\"views\":13,\"likes\":0,\"width\":800,\"height\":533},{\"id\":\"1338\",\"type\":\"image\",\"ext\":\"jpg\",\"src\":\"\\\/image\\\/Hochzeitsfotografin_-_Melanie_Melcher-80_1.jpg\",\"sizes\":{\"thumb\":\"https:\\\/\\\/www.melanie-melcher.de\\\/wp-content\\\/grand-media\\\/image\\\/thumb\\\/Hochzeitsfotografin_-_Melanie_Melcher-80_1.jpg\",\"full\":\"https:\\\/\\\/www.melanie-melcher.de\\\/wp-content\\\/grand-media\\\/image\\\/Hochzeitsfotografin_-_Melanie_Melcher-80_1.jpg\"},\"title\":\"Hochzeitsfotografin - Melanie Melcher-80\",\"alt\":\"Hochzeitsfotografin - Melanie Melcher-80\",\"caption\":\"\",\"url\":\"\",\"post_link\":\"https:\\\/\\\/www.melanie-melcher.de\\\/index.php\\\/gmedia\\\/hochzeitsfotografin_-_melanie_melcher-80_1-jpg\\\/\",\"cc\":0,\"views\":10,\"likes\":0,\"width\":800,\"height\":533},{\"id\":\"1351\",\"type\":\"image\",\"ext\":\"jpg\",\"src\":\"\\\/image\\\/Hochzeitsfotografin_-_Melanie_Melcher-93_1.jpg\",\"sizes\":{\"thumb\":\"https:\\\/\\\/www.melanie-melcher.de\\\/wp-content\\\/grand-media\\\/image\\\/thumb\\\/Hochzeitsfotografin_-_Melanie_Melcher-93_1.jpg\",\"full\":\"https:\\\/\\\/www.melanie-melcher.de\\\/wp-content\\\/grand-media\\\/image\\\/Hochzeitsfotografin_-_Melanie_Melcher-93_1.jpg\"},\"title\":\"Hochzeitsfotografin - Melanie Melcher-93\",\"alt\":\"Hochzeitsfotografin - Melanie Melcher-93\",\"caption\":\"\",\"url\":\"\",\"post_link\":\"https:\\\/\\\/www.melanie-melcher.de\\\/index.php\\\/gmedia\\\/hochzeitsfotografin_-_melanie_melcher-93_1-jpg\\\/\",\"cc\":0,\"views\":11,\"likes\":0,\"width\":800,\"height\":533},{\"id\":\"1301\",\"type\":\"image\",\"ext\":\"jpg\",\"src\":\"\\\/image\\\/Hochzeitsfotografin_-_Melanie_Melcher-43_1.jpg\",\"sizes\":{\"thumb\":\"https:\\\/\\\/www.melanie-melcher.de\\\/wp-content\\\/grand-media\\\/image\\\/thumb\\\/Hochzeitsfotografin_-_Melanie_Melcher-43_1.jpg\",\"full\":\"https:\\\/\\\/www.melanie-melcher.de\\\/wp-content\\\/grand-media\\\/image\\\/Hochzeitsfotografin_-_Melanie_Melcher-43_1.jpg\"},\"title\":\"Hochzeitsfotografin - Melanie Melcher-43\",\"alt\":\"Hochzeitsfotografin - Melanie Melcher-43\",\"caption\":\"\",\"url\":\"\",\"post_link\":\"https:\\\/\\\/www.melanie-melcher.de\\\/index.php\\\/gmedia\\\/hochzeitsfotografin_-_melanie_melcher-43_1-jpg\\\/\",\"cc\":0,\"views\":9,\"likes\":0,\"width\":800,\"height\":533},{\"id\":\"1290\",\"type\":\"image\",\"ext\":\"jpg\",\"src\":\"\\\/image\\\/Hochzeitsfotografin_-_Melanie_Melcher-32_1.jpg\",\"sizes\":{\"thumb\":\"https:\\\/\\\/www.melanie-melcher.de\\\/wp-content\\\/grand-media\\\/image\\\/thumb\\\/Hochzeitsfotografin_-_Melanie_Melcher-32_1.jpg\",\"full\":\"https:\\\/\\\/www.melanie-melcher.de\\\/wp-content\\\/grand-media\\\/image\\\/Hochzeitsfotografin_-_Melanie_Melcher-32_1.jpg\"},\"title\":\"Hochzeitsfotografin - Melanie Melcher-32\",\"alt\":\"Hochzeitsfotografin - Melanie Melcher-32\",\"caption\":\"\",\"url\":\"\",\"post_link\":\"https:\\\/\\\/www.melanie-melcher.de\\\/index.php\\\/gmedia\\\/hochzeitsfotografin_-_melanie_melcher-32_1-jpg\\\/\",\"cc\":0,\"views\":12,\"likes\":0,\"width\":800,\"height\":533},{\"id\":\"1283\",\"type\":\"image\",\"ext\":\"jpg\",\"src\":\"\\\/image\\\/Hochzeitsfotografin_-_Melanie_Melcher-25_1.jpg\",\"sizes\":{\"thumb\":\"https:\\\/\\\/www.melanie-melcher.de\\\/wp-content\\\/grand-media\\\/image\\\/thumb\\\/Hochzeitsfotografin_-_Melanie_Melcher-25_1.jpg\",\"full\":\"https:\\\/\\\/www.melanie-melcher.de\\\/wp-content\\\/grand-media\\\/image\\\/Hochzeitsfotografin_-_Melanie_Melcher-25_1.jpg\"},\"title\":\"Hochzeitsfotografin - Melanie Melcher-25\",\"alt\":\"Hochzeitsfotografin - Melanie Melcher-25\",\"caption\":\"\",\"url\":\"\",\"post_link\":\"https:\\\/\\\/www.melanie-melcher.de\\\/index.php\\\/gmedia\\\/hochzeitsfotografin_-_melanie_melcher-25_1-jpg\\\/\",\"cc\":0,\"views\":14,\"likes\":0,\"width\":800,\"height\":533},{\"id\":\"1294\",\"type\":\"image\",\"ext\":\"jpg\",\"src\":\"\\\/image\\\/Hochzeitsfotografin_-_Melanie_Melcher-36_1.jpg\",\"sizes\":{\"thumb\":\"https:\\\/\\\/www.melanie-melcher.de\\\/wp-content\\\/grand-media\\\/image\\\/thumb\\\/Hochzeitsfotografin_-_Melanie_Melcher-36_1.jpg\",\"full\":\"https:\\\/\\\/www.melanie-melcher.de\\\/wp-content\\\/grand-media\\\/image\\\/Hochzeitsfotografin_-_Melanie_Melcher-36_1.jpg\"},\"title\":\"Hochzeitsfotografin - Melanie Melcher-36\",\"alt\":\"Hochzeitsfotografin - Melanie Melcher-36\",\"caption\":\"\",\"url\":\"\",\"post_link\":\"https:\\\/\\\/www.melanie-melcher.de\\\/index.php\\\/gmedia\\\/hochzeitsfotografin_-_melanie_melcher-36_1-jpg\\\/\",\"cc\":0,\"views\":13,\"likes\":0,\"width\":800,\"height\":533},{\"id\":\"1272\",\"type\":\"image\",\"ext\":\"jpg\",\"src\":\"\\\/image\\\/Hochzeitsfotografin_-_Melanie_Melcher-14_1.jpg\",\"sizes\":{\"thumb\":\"https:\\\/\\\/www.melanie-melcher.de\\\/wp-content\\\/grand-media\\\/image\\\/thumb\\\/Hochzeitsfotografin_-_Melanie_Melcher-14_1.jpg\",\"full\":\"https:\\\/\\\/www.melanie-melcher.de\\\/wp-content\\\/grand-media\\\/image\\\/Hochzeitsfotografin_-_Melanie_Melcher-14_1.jpg\"},\"title\":\"Hochzeitsfotografin - Melanie Melcher-14\",\"alt\":\"Hochzeitsfotografin - Melanie Melcher-14\",\"caption\":\"\",\"url\":\"\",\"post_link\":\"https:\\\/\\\/www.melanie-melcher.de\\\/index.php\\\/gmedia\\\/hochzeitsfotografin_-_melanie_melcher-14_1-jpg\\\/\",\"cc\":0,\"views\":7,\"likes\":0,\"width\":533,\"height\":800},{\"id\":\"1317\",\"type\":\"image\",\"ext\":\"jpg\",\"src\":\"\\\/image\\\/Hochzeitsfotografin_-_Melanie_Melcher-59_1.jpg\",\"sizes\":{\"thumb\":\"https:\\\/\\\/www.melanie-melcher.de\\\/wp-content\\\/grand-media\\\/image\\\/thumb\\\/Hochzeitsfotografin_-_Melanie_Melcher-59_1.jpg\",\"full\":\"https:\\\/\\\/www.melanie-melcher.de\\\/wp-content\\\/grand-media\\\/image\\\/Hochzeitsfotografin_-_Melanie_Melcher-59_1.jpg\"},\"title\":\"Hochzeitsfotografin - Melanie Melcher-59\",\"alt\":\"Hochzeitsfotografin - Melanie Melcher-59\",\"caption\":\"\",\"url\":\"\",\"post_link\":\"https:\\\/\\\/www.melanie-melcher.de\\\/index.php\\\/gmedia\\\/hochzeitsfotografin_-_melanie_melcher-59_1-jpg\\\/\",\"cc\":0,\"views\":10,\"likes\":0,\"width\":533,\"height\":800},{\"id\":\"1340\",\"type\":\"image\",\"ext\":\"jpg\",\"src\":\"\\\/image\\\/Hochzeitsfotografin_-_Melanie_Melcher-82_1.jpg\",\"sizes\":{\"thumb\":\"https:\\\/\\\/www.melanie-melcher.de\\\/wp-content\\\/grand-media\\\/image\\\/thumb\\\/Hochzeitsfotografin_-_Melanie_Melcher-82_1.jpg\",\"full\":\"https:\\\/\\\/www.melanie-melcher.de\\\/wp-content\\\/grand-media\\\/image\\\/Hochzeitsfotografin_-_Melanie_Melcher-82_1.jpg\"},\"title\":\"Hochzeitsfotografin - Melanie Melcher-82\",\"alt\":\"Hochzeitsfotografin - Melanie Melcher-82\",\"caption\":\"\",\"url\":\"\",\"post_link\":\"https:\\\/\\\/www.melanie-melcher.de\\\/index.php\\\/gmedia\\\/hochzeitsfotografin_-_melanie_melcher-82_1-jpg\\\/\",\"cc\":0,\"views\":10,\"likes\":0,\"width\":800,\"height\":533},{\"id\":\"1349\",\"type\":\"image\",\"ext\":\"jpg\",\"src\":\"\\\/image\\\/Hochzeitsfotografin_-_Melanie_Melcher-91_1.jpg\",\"sizes\":{\"thumb\":\"https:\\\/\\\/www.melanie-melcher.de\\\/wp-content\\\/grand-media\\\/image\\\/thumb\\\/Hochzeitsfotografin_-_Melanie_Melcher-91_1.jpg\",\"full\":\"https:\\\/\\\/www.melanie-melcher.de\\\/wp-content\\\/grand-media\\\/image\\\/Hochzeitsfotografin_-_Melanie_Melcher-91_1.jpg\"},\"title\":\"Hochzeitsfotografin - Melanie Melcher-91\",\"alt\":\"Hochzeitsfotografin - Melanie Melcher-91\",\"caption\":\"\",\"url\":\"\",\"post_link\":\"https:\\\/\\\/www.melanie-melcher.de\\\/index.php\\\/gmedia\\\/hochzeitsfotografin_-_melanie_melcher-91_1-jpg\\\/\",\"cc\":0,\"views\":13,\"likes\":0,\"width\":800,\"height\":533},{\"id\":\"1296\",\"type\":\"image\",\"ext\":\"jpg\",\"src\":\"\\\/image\\\/Hochzeitsfotografin_-_Melanie_Melcher-38_1.jpg\",\"sizes\":{\"thumb\":\"https:\\\/\\\/www.melanie-melcher.de\\\/wp-content\\\/grand-media\\\/image\\\/thumb\\\/Hochzeitsfotografin_-_Melanie_Melcher-38_1.jpg\",\"full\":\"https:\\\/\\\/www.melanie-melcher.de\\\/wp-content\\\/grand-media\\\/image\\\/Hochzeitsfotografin_-_Melanie_Melcher-38_1.jpg\"},\"title\":\"Hochzeitsfotografin - Melanie Melcher-38\",\"alt\":\"Hochzeitsfotografin - Melanie Melcher-38\",\"caption\":\"\",\"url\":\"\",\"post_link\":\"https:\\\/\\\/www.melanie-melcher.de\\\/index.php\\\/gmedia\\\/hochzeitsfotografin_-_melanie_melcher-38_1-jpg\\\/\",\"cc\":0,\"views\":10,\"likes\":0,\"width\":533,\"height\":800},{\"id\":\"1327\",\"type\":\"image\",\"ext\":\"jpg\",\"src\":\"\\\/image\\\/Hochzeitsfotografin_-_Melanie_Melcher-69_1.jpg\",\"sizes\":{\"thumb\":\"https:\\\/\\\/www.melanie-melcher.de\\\/wp-content\\\/grand-media\\\/image\\\/thumb\\\/Hochzeitsfotografin_-_Melanie_Melcher-69_1.jpg\",\"full\":\"https:\\\/\\\/www.melanie-melcher.de\\\/wp-content\\\/grand-media\\\/image\\\/Hochzeitsfotografin_-_Melanie_Melcher-69_1.jpg\"},\"title\":\"Hochzeitsfotografin - Melanie Melcher-69\",\"alt\":\"Hochzeitsfotografin - Melanie Melcher-69\",\"caption\":\"\",\"url\":\"\",\"post_link\":\"https:\\\/\\\/www.melanie-melcher.de\\\/index.php\\\/gmedia\\\/hochzeitsfotografin_-_melanie_melcher-69_1-jpg\\\/\",\"cc\":0,\"views\":10,\"likes\":0,\"width\":800,\"height\":533},{\"id\":\"1341\",\"type\":\"image\",\"ext\":\"jpg\",\"src\":\"\\\/image\\\/Hochzeitsfotografin_-_Melanie_Melcher-83_1.jpg\",\"sizes\":{\"thumb\":\"https:\\\/\\\/www.melanie-melcher.de\\\/wp-content\\\/grand-media\\\/image\\\/thumb\\\/Hochzeitsfotografin_-_Melanie_Melcher-83_1.jpg\",\"full\":\"https:\\\/\\\/www.melanie-melcher.de\\\/wp-content\\\/grand-media\\\/image\\\/Hochzeitsfotografin_-_Melanie_Melcher-83_1.jpg\"},\"title\":\"Hochzeitsfotografin - Melanie Melcher-83\",\"alt\":\"Hochzeitsfotografin - Melanie Melcher-83\",\"caption\":\"\",\"url\":\"\",\"post_link\":\"https:\\\/\\\/www.melanie-melcher.de\\\/index.php\\\/gmedia\\\/hochzeitsfotografin_-_melanie_melcher-83_1-jpg\\\/\",\"cc\":0,\"views\":14,\"likes\":0,\"width\":800,\"height\":533},{\"id\":\"1285\",\"type\":\"image\",\"ext\":\"jpg\",\"src\":\"\\\/image\\\/Hochzeitsfotografin_-_Melanie_Melcher-27_1.jpg\",\"sizes\":{\"thumb\":\"https:\\\/\\\/www.melanie-melcher.de\\\/wp-content\\\/grand-media\\\/image\\\/thumb\\\/Hochzeitsfotografin_-_Melanie_Melcher-27_1.jpg\",\"full\":\"https:\\\/\\\/www.melanie-melcher.de\\\/wp-content\\\/grand-media\\\/image\\\/Hochzeitsfotografin_-_Melanie_Melcher-27_1.jpg\"},\"title\":\"Hochzeitsfotografin - Melanie Melcher-27\",\"alt\":\"Hochzeitsfotografin - Melanie Melcher-27\",\"caption\":\"\",\"url\":\"\",\"post_link\":\"https:\\\/\\\/www.melanie-melcher.de\\\/index.php\\\/gmedia\\\/hochzeitsfotografin_-_melanie_melcher-27_1-jpg\\\/\",\"cc\":0,\"views\":8,\"likes\":0,\"width\":533,\"height\":800},{\"id\":\"1286\",\"type\":\"image\",\"ext\":\"jpg\",\"src\":\"\\\/image\\\/Hochzeitsfotografin_-_Melanie_Melcher-28_1.jpg\",\"sizes\":{\"thumb\":\"https:\\\/\\\/www.melanie-melcher.de\\\/wp-content\\\/grand-media\\\/image\\\/thumb\\\/Hochzeitsfotografin_-_Melanie_Melcher-28_1.jpg\",\"full\":\"https:\\\/\\\/www.melanie-melcher.de\\\/wp-content\\\/grand-media\\\/image\\\/Hochzeitsfotografin_-_Melanie_Melcher-28_1.jpg\"},\"title\":\"Hochzeitsfotografin - Melanie Melcher-28\",\"alt\":\"Hochzeitsfotografin - Melanie Melcher-28\",\"caption\":\"\",\"url\":\"\",\"post_link\":\"https:\\\/\\\/www.melanie-melcher.de\\\/index.php\\\/gmedia\\\/hochzeitsfotografin_-_melanie_melcher-28_1-jpg\\\/\",\"cc\":0,\"views\":11,\"likes\":0,\"width\":800,\"height\":533},{\"id\":\"1302\",\"type\":\"image\",\"ext\":\"jpg\",\"src\":\"\\\/image\\\/Hochzeitsfotografin_-_Melanie_Melcher-44_1.jpg\",\"sizes\":{\"thumb\":\"https:\\\/\\\/www.melanie-melcher.de\\\/wp-content\\\/grand-media\\\/image\\\/thumb\\\/Hochzeitsfotografin_-_Melanie_Melcher-44_1.jpg\",\"full\":\"https:\\\/\\\/www.melanie-melcher.de\\\/wp-content\\\/grand-media\\\/image\\\/Hochzeitsfotografin_-_Melanie_Melcher-44_1.jpg\"},\"title\":\"Hochzeitsfotografin - Melanie Melcher-44\",\"alt\":\"Hochzeitsfotografin - Melanie Melcher-44\",\"caption\":\"\",\"url\":\"\",\"post_link\":\"https:\\\/\\\/www.melanie-melcher.de\\\/index.php\\\/gmedia\\\/hochzeitsfotografin_-_melanie_melcher-44_1-jpg\\\/\",\"cc\":0,\"views\":11,\"likes\":0,\"width\":800,\"height\":533},{\"id\":\"1325\",\"type\":\"image\",\"ext\":\"jpg\",\"src\":\"\\\/image\\\/Hochzeitsfotografin_-_Melanie_Melcher-67_1.jpg\",\"sizes\":{\"thumb\":\"https:\\\/\\\/www.melanie-melcher.de\\\/wp-content\\\/grand-media\\\/image\\\/thumb\\\/Hochzeitsfotografin_-_Melanie_Melcher-67_1.jpg\",\"full\":\"https:\\\/\\\/www.melanie-melcher.de\\\/wp-content\\\/grand-media\\\/image\\\/Hochzeitsfotografin_-_Melanie_Melcher-67_1.jpg\"},\"title\":\"Hochzeitsfotografin - Melanie Melcher-67\",\"alt\":\"Hochzeitsfotografin - Melanie Melcher-67\",\"caption\":\"\",\"url\":\"\",\"post_link\":\"https:\\\/\\\/www.melanie-melcher.de\\\/index.php\\\/gmedia\\\/hochzeitsfotografin_-_melanie_melcher-67_1-jpg\\\/\",\"cc\":0,\"views\":10,\"likes\":0,\"width\":800,\"height\":533},{\"id\":\"1355\",\"type\":\"image\",\"ext\":\"jpg\",\"src\":\"\\\/image\\\/Hochzeitsfotografin_-_Melanie_Melcher-97.jpg\",\"sizes\":{\"thumb\":\"https:\\\/\\\/www.melanie-melcher.de\\\/wp-content\\\/grand-media\\\/image\\\/thumb\\\/Hochzeitsfotografin_-_Melanie_Melcher-97.jpg\",\"full\":\"https:\\\/\\\/www.melanie-melcher.de\\\/wp-content\\\/grand-media\\\/image\\\/Hochzeitsfotografin_-_Melanie_Melcher-97.jpg\"},\"title\":\"Hochzeitsfotografin - Melanie Melcher-97\",\"alt\":\"Hochzeitsfotografin - Melanie Melcher-97\",\"caption\":\"\",\"url\":\"\",\"post_link\":\"https:\\\/\\\/www.melanie-melcher.de\\\/index.php\\\/gmedia\\\/hochzeitsfotografin_-_melanie_melcher-97-jpg\\\/\",\"cc\":0,\"views\":11,\"likes\":0,\"width\":800,\"height\":533},{\"id\":\"1368\",\"type\":\"image\",\"ext\":\"jpg\",\"src\":\"\\\/image\\\/Hochzeitsfotografin_-_Melanie_Melcher-110.jpg\",\"sizes\":{\"thumb\":\"https:\\\/\\\/www.melanie-melcher.de\\\/wp-content\\\/grand-media\\\/image\\\/thumb\\\/Hochzeitsfotografin_-_Melanie_Melcher-110.jpg\",\"full\":\"https:\\\/\\\/www.melanie-melcher.de\\\/wp-content\\\/grand-media\\\/image\\\/Hochzeitsfotografin_-_Melanie_Melcher-110.jpg\"},\"title\":\"Hochzeitsfotografin - Melanie Melcher-110\",\"alt\":\"Hochzeitsfotografin - Melanie Melcher-110\",\"caption\":\"\",\"url\":\"\",\"post_link\":\"https:\\\/\\\/www.melanie-melcher.de\\\/index.php\\\/gmedia\\\/hochzeitsfotografin_-_melanie_melcher-110-jpg\\\/\",\"cc\":0,\"views\":10,\"likes\":0,\"width\":800,\"height\":533},{\"id\":\"1282\",\"type\":\"image\",\"ext\":\"jpg\",\"src\":\"\\\/image\\\/Hochzeitsfotografin_-_Melanie_Melcher-24_1.jpg\",\"sizes\":{\"thumb\":\"https:\\\/\\\/www.melanie-melcher.de\\\/wp-content\\\/grand-media\\\/image\\\/thumb\\\/Hochzeitsfotografin_-_Melanie_Melcher-24_1.jpg\",\"full\":\"https:\\\/\\\/www.melanie-melcher.de\\\/wp-content\\\/grand-media\\\/image\\\/Hochzeitsfotografin_-_Melanie_Melcher-24_1.jpg\"},\"title\":\"Hochzeitsfotografin - Melanie Melcher-24\",\"alt\":\"Hochzeitsfotografin - Melanie Melcher-24\",\"caption\":\"\",\"url\":\"\",\"post_link\":\"https:\\\/\\\/www.melanie-melcher.de\\\/index.php\\\/gmedia\\\/hochzeitsfotografin_-_melanie_melcher-24_1-jpg\\\/\",\"cc\":0,\"views\":8,\"likes\":0,\"width\":533,\"height\":800},{\"id\":\"1298\",\"type\":\"image\",\"ext\":\"jpg\",\"src\":\"\\\/image\\\/Hochzeitsfotografin_-_Melanie_Melcher-40_1.jpg\",\"sizes\":{\"thumb\":\"https:\\\/\\\/www.melanie-melcher.de\\\/wp-content\\\/grand-media\\\/image\\\/thumb\\\/Hochzeitsfotografin_-_Melanie_Melcher-40_1.jpg\",\"full\":\"https:\\\/\\\/www.melanie-melcher.de\\\/wp-content\\\/grand-media\\\/image\\\/Hochzeitsfotografin_-_Melanie_Melcher-40_1.jpg\"},\"title\":\"Hochzeitsfotografin - Melanie Melcher-40\",\"alt\":\"Hochzeitsfotografin - Melanie Melcher-40\",\"caption\":\"\",\"url\":\"\",\"post_link\":\"https:\\\/\\\/www.melanie-melcher.de\\\/index.php\\\/gmedia\\\/hochzeitsfotografin_-_melanie_melcher-40_1-jpg\\\/\",\"cc\":0,\"views\":8,\"likes\":0,\"width\":800,\"height\":533},{\"id\":\"1331\",\"type\":\"image\",\"ext\":\"jpg\",\"src\":\"\\\/image\\\/Hochzeitsfotografin_-_Melanie_Melcher-73_1.jpg\",\"sizes\":{\"thumb\":\"https:\\\/\\\/www.melanie-melcher.de\\\/wp-content\\\/grand-media\\\/image\\\/thumb\\\/Hochzeitsfotografin_-_Melanie_Melcher-73_1.jpg\",\"full\":\"https:\\\/\\\/www.melanie-melcher.de\\\/wp-content\\\/grand-media\\\/image\\\/Hochzeitsfotografin_-_Melanie_Melcher-73_1.jpg\"},\"title\":\"Hochzeitsfotografin - Melanie Melcher-73\",\"alt\":\"Hochzeitsfotografin - Melanie Melcher-73\",\"caption\":\"\",\"url\":\"\",\"post_link\":\"https:\\\/\\\/www.melanie-melcher.de\\\/index.php\\\/gmedia\\\/hochzeitsfotografin_-_melanie_melcher-73_1-jpg\\\/\",\"cc\":0,\"views\":10,\"likes\":0,\"width\":533,\"height\":800},{\"id\":\"1274\",\"type\":\"image\",\"ext\":\"jpg\",\"src\":\"\\\/image\\\/Hochzeitsfotografin_-_Melanie_Melcher-16_1.jpg\",\"sizes\":{\"thumb\":\"https:\\\/\\\/www.melanie-melcher.de\\\/wp-content\\\/grand-media\\\/image\\\/thumb\\\/Hochzeitsfotografin_-_Melanie_Melcher-16_1.jpg\",\"full\":\"https:\\\/\\\/www.melanie-melcher.de\\\/wp-content\\\/grand-media\\\/image\\\/Hochzeitsfotografin_-_Melanie_Melcher-16_1.jpg\"},\"title\":\"Hochzeitsfotografin - Melanie Melcher-16\",\"alt\":\"Hochzeitsfotografin - Melanie Melcher-16\",\"caption\":\"\",\"url\":\"\",\"post_link\":\"https:\\\/\\\/www.melanie-melcher.de\\\/index.php\\\/gmedia\\\/hochzeitsfotografin_-_melanie_melcher-16_1-jpg\\\/\",\"cc\":0,\"views\":11,\"likes\":0,\"width\":800,\"height\":533},{\"id\":\"1371\",\"type\":\"image\",\"ext\":\"jpg\",\"src\":\"\\\/image\\\/Hochzeitsfotografin_-_Melanie_Melcher-113.jpg\",\"sizes\":{\"thumb\":\"https:\\\/\\\/www.melanie-melcher.de\\\/wp-content\\\/grand-media\\\/image\\\/thumb\\\/Hochzeitsfotografin_-_Melanie_Melcher-113.jpg\",\"full\":\"https:\\\/\\\/www.melanie-melcher.de\\\/wp-content\\\/grand-media\\\/image\\\/Hochzeitsfotografin_-_Melanie_Melcher-113.jpg\"},\"title\":\"Hochzeitsfotografin - Melanie Melcher-113\",\"alt\":\"Hochzeitsfotografin - Melanie Melcher-113\",\"caption\":\"\",\"url\":\"\",\"post_link\":\"https:\\\/\\\/www.melanie-melcher.de\\\/index.php\\\/gmedia\\\/hochzeitsfotografin_-_melanie_melcher-113-jpg\\\/\",\"cc\":0,\"views\":14,\"likes\":0,\"width\":800,\"height\":533},{\"id\":\"1330\",\"type\":\"image\",\"ext\":\"jpg\",\"src\":\"\\\/image\\\/Hochzeitsfotografin_-_Melanie_Melcher-72_1.jpg\",\"sizes\":{\"thumb\":\"https:\\\/\\\/www.melanie-melcher.de\\\/wp-content\\\/grand-media\\\/image\\\/thumb\\\/Hochzeitsfotografin_-_Melanie_Melcher-72_1.jpg\",\"full\":\"https:\\\/\\\/www.melanie-melcher.de\\\/wp-content\\\/grand-media\\\/image\\\/Hochzeitsfotografin_-_Melanie_Melcher-72_1.jpg\"},\"title\":\"Hochzeitsfotografin - Melanie Melcher-72\",\"alt\":\"Hochzeitsfotografin - Melanie Melcher-72\",\"caption\":\"\",\"url\":\"\",\"post_link\":\"https:\\\/\\\/www.melanie-melcher.de\\\/index.php\\\/gmedia\\\/hochzeitsfotografin_-_melanie_melcher-72_1-jpg\\\/\",\"cc\":0,\"views\":10,\"likes\":0,\"width\":533,\"height\":800},{\"id\":\"1270\",\"type\":\"image\",\"ext\":\"jpg\",\"src\":\"\\\/image\\\/Hochzeitsfotografin_-_Melanie_Melcher-12_1.jpg\",\"sizes\":{\"thumb\":\"https:\\\/\\\/www.melanie-melcher.de\\\/wp-content\\\/grand-media\\\/image\\\/thumb\\\/Hochzeitsfotografin_-_Melanie_Melcher-12_1.jpg\",\"full\":\"https:\\\/\\\/www.melanie-melcher.de\\\/wp-content\\\/grand-media\\\/image\\\/Hochzeitsfotografin_-_Melanie_Melcher-12_1.jpg\"},\"title\":\"Hochzeitsfotografin - Melanie Melcher-12\",\"alt\":\"Hochzeitsfotografin - Melanie Melcher-12\",\"caption\":\"\",\"url\":\"\",\"post_link\":\"https:\\\/\\\/www.melanie-melcher.de\\\/index.php\\\/gmedia\\\/hochzeitsfotografin_-_melanie_melcher-12_1-jpg\\\/\",\"cc\":0,\"views\":9,\"likes\":0,\"width\":800,\"height\":533},{\"id\":\"1353\",\"type\":\"image\",\"ext\":\"jpg\",\"src\":\"\\\/image\\\/Hochzeitsfotografin_-_Melanie_Melcher-95.jpg\",\"sizes\":{\"thumb\":\"https:\\\/\\\/www.melanie-melcher.de\\\/wp-content\\\/grand-media\\\/image\\\/thumb\\\/Hochzeitsfotografin_-_Melanie_Melcher-95.jpg\",\"full\":\"https:\\\/\\\/www.melanie-melcher.de\\\/wp-content\\\/grand-media\\\/image\\\/Hochzeitsfotografin_-_Melanie_Melcher-95.jpg\"},\"title\":\"Hochzeitsfotografin - Melanie Melcher-95\",\"alt\":\"Hochzeitsfotografin - Melanie Melcher-95\",\"caption\":\"\",\"url\":\"\",\"post_link\":\"https:\\\/\\\/www.melanie-melcher.de\\\/index.php\\\/gmedia\\\/hochzeitsfotografin_-_melanie_melcher-95-jpg\\\/\",\"cc\":0,\"views\":12,\"likes\":0,\"width\":800,\"height\":533},{\"id\":\"1372\",\"type\":\"image\",\"ext\":\"jpg\",\"src\":\"\\\/image\\\/Hochzeitsfotografin_-_Melanie_Melcher-114.jpg\",\"sizes\":{\"thumb\":\"https:\\\/\\\/www.melanie-melcher.de\\\/wp-content\\\/grand-media\\\/image\\\/thumb\\\/Hochzeitsfotografin_-_Melanie_Melcher-114.jpg\",\"full\":\"https:\\\/\\\/www.melanie-melcher.de\\\/wp-content\\\/grand-media\\\/image\\\/Hochzeitsfotografin_-_Melanie_Melcher-114.jpg\"},\"title\":\"Hochzeitsfotografin - Melanie Melcher-114\",\"alt\":\"Hochzeitsfotografin - Melanie Melcher-114\",\"caption\":\"\",\"url\":\"\",\"post_link\":\"https:\\\/\\\/www.melanie-melcher.de\\\/index.php\\\/gmedia\\\/hochzeitsfotografin_-_melanie_melcher-114-jpg\\\/\",\"cc\":0,\"views\":12,\"likes\":0,\"width\":800,\"height\":533},{\"id\":\"1347\",\"type\":\"image\",\"ext\":\"jpg\",\"src\":\"\\\/image\\\/Hochzeitsfotografin_-_Melanie_Melcher-89_1.jpg\",\"sizes\":{\"thumb\":\"https:\\\/\\\/www.melanie-melcher.de\\\/wp-content\\\/grand-media\\\/image\\\/thumb\\\/Hochzeitsfotografin_-_Melanie_Melcher-89_1.jpg\",\"full\":\"https:\\\/\\\/www.melanie-melcher.de\\\/wp-content\\\/grand-media\\\/image\\\/Hochzeitsfotografin_-_Melanie_Melcher-89_1.jpg\"},\"title\":\"Hochzeitsfotografin - Melanie Melcher-89\",\"alt\":\"Hochzeitsfotografin - Melanie Melcher-89\",\"caption\":\"\",\"url\":\"\",\"post_link\":\"https:\\\/\\\/www.melanie-melcher.de\\\/index.php\\\/gmedia\\\/hochzeitsfotografin_-_melanie_melcher-89_1-jpg\\\/\",\"cc\":0,\"views\":9,\"likes\":0,\"width\":800,\"height\":533}];\n\t\t\t\t\tsettings.gallery = gmedia_mosaic_content;\n\t\t\t\t\t$( '#GmediaGallery_74 .gmMosaic_Container' ).gmediaMosaic( settings );\n\t\t\t\t} );\n\t\t\t} );\n\t<\/script>\t<\/div>\n<h3>Weitere Hochzeitsreportagen findet ihr <a href=\"http:\/\/www.melanie-melcher.de\/index.php\/category\/wedding\/\" target=\"_blank\" rel=\"noopener\">hier<\/a> und in meinem <a href=\"http:\/\/www.melanie-melcher.de\/index.php\/galerien-3\/wedding\/\" target=\"_blank\" rel=\"noopener\">Portfolio<\/a>.<\/h3>\n<div class=\"clear\"><\/div>\n","protected":false},"excerpt":{"rendered":"<p>Ich gehe meinen Weg. Du gehst deinen Weg. Zusammen<\/p>\n","protected":false},"author":1,"featured_media":2380,"comment_status":"closed","ping_status":"open","sticky":false,"template":"","format":"standard","meta":{"footnotes":""},"categories":[7],"tags":[],"class_list":["post-2379","post","type-post","status-publish","format-standard","has-post-thumbnail","hentry","category-wedding"],"_links":{"self":[{"href":"https:\/\/www.melanie-melcher.de\/index.php\/wp-json\/wp\/v2\/posts\/2379","targetHints":{"allow":["GET"]}}],"collection":[{"href":"https:\/\/www.melanie-melcher.de\/index.php\/wp-json\/wp\/v2\/posts"}],"about":[{"href":"https:\/\/www.melanie-melcher.de\/index.php\/wp-json\/wp\/v2\/types\/post"}],"author":[{"embeddable":true,"href":"https:\/\/www.melanie-melcher.de\/index.php\/wp-json\/wp\/v2\/users\/1"}],"replies":[{"embeddable":true,"href":"https:\/\/www.melanie-melcher.de\/index.php\/wp-json\/wp\/v2\/comments?post=2379"}],"version-history":[{"count":16,"href":"https:\/\/www.melanie-melcher.de\/index.php\/wp-json\/wp\/v2\/posts\/2379\/revisions"}],"predecessor-version":[{"id":3905,"href":"https:\/\/www.melanie-melcher.de\/index.php\/wp-json\/wp\/v2\/posts\/2379\/revisions\/3905"}],"wp:featuredmedia":[{"embeddable":true,"href":"https:\/\/www.melanie-melcher.de\/index.php\/wp-json\/wp\/v2\/media\/2380"}],"wp:attachment":[{"href":"https:\/\/www.melanie-melcher.de\/index.php\/wp-json\/wp\/v2\/media?parent=2379"}],"wp:term":[{"taxonomy":"category","embeddable":true,"href":"https:\/\/www.melanie-melcher.de\/index.php\/wp-json\/wp\/v2\/categories?post=2379"},{"taxonomy":"post_tag","embeddable":true,"href":"https:\/\/www.melanie-melcher.de\/index.php\/wp-json\/wp\/v2\/tags?post=2379"}],"curies":[{"name":"wp","href":"https:\/\/api.w.org\/{rel}","templated":true}]}}