{"id":2562,"date":"2016-07-13T22:40:49","date_gmt":"2016-07-13T20:40:49","guid":{"rendered":"http:\/\/www.melanie-melcher.de\/?p=2562"},"modified":"2021-02-01T10:18:43","modified_gmt":"2021-02-01T09:18:43","slug":"hochzeit-von-katrin-lars","status":"publish","type":"post","link":"https:\/\/www.melanie-melcher.de\/index.php\/2016\/07\/13\/hochzeit-von-katrin-lars\/","title":{"rendered":"Emotional Overkill &#8211; die Hochzeit von Katrin &#038; Lars"},"content":{"rendered":"<p>\u201eAls ich dich sah,<br \/>\nverliebte ich mich in dich,<br \/>\nund du l\u00e4cheltest<br \/>\nweil du es wusstest.\u201c<br \/>\n(Shakespeare)<\/p>\n<p>So oder so \u00e4hnlich muss es bei Katrin und Lars gewesen sein. Die beiden habe ich bereits im letzten Jahr auf der Hochzeit von Katrins Schwester und Schwager kennengelernt. Damals &#8211; am heisstesten Tag des Jahres 2015 &#8211; gaben sich Steffi und Andreas das Ja-Wort und ich durfte als Fotografin diese zauberhaften Familien kennenlernen. Selten habe ich so herzliche und eng verbunde Menschen kennengelernt. Umso sch\u00f6ner war es f\u00fcr mich, als ich erfuhr, dass nun Katrin und Lars ihren Tag planen und mich als Hochzeitsfotografin dabei haben wollen.<br \/>\nSchon bei unserer Vorbesprechung ging mir das Herz auf, als ich h\u00f6rte, dass die beiden eine freie Trauung planten.<br \/>\nAls der Tag der Tage endlich gekommen war, machte ich mich also auf den Weg zum Landgut am Hochwald nach Sonsbeck. Dort angekommen nutzte ich die Gelegenheit mir die Wiese f\u00fcr die freie Trauung anzusehen. Das Wetter versprach alles zu geben und als ich meine Runde ums Haus abgeschlossen hatte, kam mir auch schon ein fr\u00f6hlicher Br\u00e4utigam samt Trauzeuge entgegen. Uns blieb noch ein wenig Zeit f\u00fcr einen kleinen Plausch, bis dass die Braut in ihrem Zimmer war. W\u00e4hrenddessen trafen auch Andreas und die Brauteltern ein. Ein wunderbar herzliches Wiedersehen.<br \/>\nDann war es soweit und ich konnte mit dem Getting Ready starten. Katrin hatte die Hochzeitssuite bezogen und es ging los. Umringt von ihrer Schwester und Mama verwandelte sich Katrin in eine wundersch\u00f6ne Braut und bereits hier flossen die ersten Tr\u00e4nchen der R\u00fchrung und Vorfreude.<br \/>\nW\u00e4hrend Katrin noch einmal tief durchatmen sollte, huschte ich schnell zum Fotografieren des Br\u00e4utigams in ein benachbartes Zimmer. Lars wurde von seinem Bruder und dessen Freundin begleitet und schmiss sich ordentlich in Schale. Als dann auch die Frisur sa\u00df, ging es auf die Wiese, die wir gemeinsam f\u00fcr den First-View ausgew\u00e4hlt hatten. W\u00e4hrend Lars unter einem Baum wartete, schwebte Katrin herbei. Beiden war die Aufregung deutlich anzumerken und die Freude, dass es endlich losging war gro\u00df.<br \/>\nWir nutzten die Stunde bis zum Beginn der Trauung f\u00fcr ein wundersch\u00f6nes Brautpaarshooting. Die beiden konnten die Blicke nicht voneinander lassen und es war so gut wie unm\u00f6glich eine Serie an Aufnahmen zu schiessen, ohne das die Lippen der beiden sich ber\u00fchrten. W\u00e4hrend unseres Fotoshootings kamen Mama und Papa Braut vorbei um ihre Kinder zum ersten Mal in voller Montur zu sehen. Strahlende Gesichter und Freudentr\u00e4nen soweit das Auge reichte\u2026<\/p>\n<p>W\u00e4hrend die beiden nochmal einmal auf ihre Zimmer verschwanden um sich frisch zu machen, nutzte ich die Gelegenheit die wundersch\u00f6ne Tischdeko aufs Bild zu bannen.<br \/>\nMit viel Liebe zum Detail wurden die Tische in einem Misch aus gr\u00fcn und wei\u00df gestaltet. Ein absoluter Wow-Effekt f\u00fcr alle G\u00e4ste. Eine Candybar am Eingang sorgte f\u00fcr s\u00fc\u00dfe Momente.<\/p>\n<p>Dann ging es weiter zur freien Trauung. Unter freiem Himmel bei sch\u00f6nstem Sonnenschein hatten sich bereits die Familien und Freunde der beiden auf der grossen Wiese versammelt. Lars wartete vorne auf seine Braut. Ein Trio aus Musikern begleitete das Eintreffen von Katrin, welche ganz traditionell von ihrem Papa nach vorne gebracht wurde. Janine van Vorst &#8211; traf die richtigen Worte und hielt eine wundersch\u00f6ne und emotionale Trauansprache, welche durch ein pers\u00f6nliches Trauversprechen der beiden abgerundet wurde. Mit meiner Kamera begleitete ich die beiden und ihre Familien. Wie bei fast allen G\u00e4sten blieben auch bei mir die Augen nicht trocken.<br \/>\nNach dem Auszug des Brautpaares ging es zum Gratulieren. Zahlreiche Gl\u00fcckw\u00fcnsche, Umarmungen und liebe Worte prasselten auf die beiden ein &#8211; der letzte Gru\u00df kam allerdings von weiter her &#8211; per Flugzeug wurde ein Gl\u00fcckwunschbanner vorbeigezogen.<\/p>\n<p>Nach dem Anschneiden der Hochzeitstorte ging es f\u00fcr uns noch einmal auf die Wiese um Fotos mit allen Familienmitgliedern und Freunden zu schie\u00dfen. Ein riesen Spa\u00df, der mit Gruppenfotos sein Ende fand.<\/p>\n<div class=\"gmedia_gallery mosaic_module is_bot\" id=\"GmediaGallery_76\" data-gmid=\"76\" data-module=\"mosaic\"><style class='gmedia_module_style_import'>@import url('https:\/\/www.melanie-melcher.de\/wp-content\/grand-media\/module\/mosaic\/css\/mosaic.css?v=2.16') all;<\/style>\t<div class=\"gmMosaic_Container noLightbox\" data-gmid=\"76\">\t\t<noscript><a href='https:\/\/www.melanie-melcher.de\/wp-content\/grand-media\/image\/Hochzeitsfotografin_-_Melanie_Melcher-71_2.jpg'><img class=\"noLazy\" src='https:\/\/www.melanie-melcher.de\/wp-content\/grand-media\/image\/thumb\/Hochzeitsfotografin_-_Melanie_Melcher-71_2.jpg' alt='Hochzeitsfotografin - Melanie Melcher-71' \/><\/a><a href='https:\/\/www.melanie-melcher.de\/wp-content\/grand-media\/image\/Hochzeitsfotografin_-_Melanie_Melcher-64_2.jpg'><img class=\"noLazy\" src='https:\/\/www.melanie-melcher.de\/wp-content\/grand-media\/image\/thumb\/Hochzeitsfotografin_-_Melanie_Melcher-64_2.jpg' alt='Hochzeitsfotografin - Melanie Melcher-64' \/><\/a><a href='https:\/\/www.melanie-melcher.de\/wp-content\/grand-media\/image\/Hochzeitsfotografin_-_Melanie_Melcher-24_2.jpg'><img class=\"noLazy\" src='https:\/\/www.melanie-melcher.de\/wp-content\/grand-media\/image\/thumb\/Hochzeitsfotografin_-_Melanie_Melcher-24_2.jpg' alt='Hochzeitsfotografin - Melanie Melcher-24' \/><\/a><a href='https:\/\/www.melanie-melcher.de\/wp-content\/grand-media\/image\/Hochzeitsfotografin_-_Melanie_Melcher-38_2.jpg'><img class=\"noLazy\" src='https:\/\/www.melanie-melcher.de\/wp-content\/grand-media\/image\/thumb\/Hochzeitsfotografin_-_Melanie_Melcher-38_2.jpg' alt='Hochzeitsfotografin - Melanie Melcher-38' \/><\/a><a href='https:\/\/www.melanie-melcher.de\/wp-content\/grand-media\/image\/Hochzeitsfotografin_-_Melanie_Melcher-125.jpg'><img class=\"noLazy\" src='https:\/\/www.melanie-melcher.de\/wp-content\/grand-media\/image\/thumb\/Hochzeitsfotografin_-_Melanie_Melcher-125.jpg' alt='Hochzeitsfotografin - Melanie Melcher-125' \/><\/a><a href='https:\/\/www.melanie-melcher.de\/wp-content\/grand-media\/image\/Hochzeitsfotografin_-_Melanie_Melcher-6_2.jpg'><img class=\"noLazy\" src='https:\/\/www.melanie-melcher.de\/wp-content\/grand-media\/image\/thumb\/Hochzeitsfotografin_-_Melanie_Melcher-6_2.jpg' alt='Hochzeitsfotografin - Melanie Melcher-6' \/><\/a><a href='https:\/\/www.melanie-melcher.de\/wp-content\/grand-media\/image\/Hochzeitsfotografin_-_Melanie_Melcher-95_1.jpg'><img class=\"noLazy\" src='https:\/\/www.melanie-melcher.de\/wp-content\/grand-media\/image\/thumb\/Hochzeitsfotografin_-_Melanie_Melcher-95_1.jpg' alt='Hochzeitsfotografin - Melanie Melcher-95' \/><\/a><a href='https:\/\/www.melanie-melcher.de\/wp-content\/grand-media\/image\/Hochzeitsfotografin_-_Melanie_Melcher-101_1.jpg'><img class=\"noLazy\" src='https:\/\/www.melanie-melcher.de\/wp-content\/grand-media\/image\/thumb\/Hochzeitsfotografin_-_Melanie_Melcher-101_1.jpg' alt='Hochzeitsfotografin - Melanie Melcher-101' \/><\/a><a href='https:\/\/www.melanie-melcher.de\/wp-content\/grand-media\/image\/Hochzeitsfotografin_-_Melanie_Melcher-58_2.jpg'><img class=\"noLazy\" src='https:\/\/www.melanie-melcher.de\/wp-content\/grand-media\/image\/thumb\/Hochzeitsfotografin_-_Melanie_Melcher-58_2.jpg' alt='Hochzeitsfotografin - Melanie Melcher-58' \/><\/a><a href='https:\/\/www.melanie-melcher.de\/wp-content\/grand-media\/image\/Hochzeitsfotografin_-_Melanie_Melcher-157.jpg'><img class=\"noLazy\" src='https:\/\/www.melanie-melcher.de\/wp-content\/grand-media\/image\/thumb\/Hochzeitsfotografin_-_Melanie_Melcher-157.jpg' alt='Hochzeitsfotografin - Melanie Melcher-157' \/><\/a><a href='https:\/\/www.melanie-melcher.de\/wp-content\/grand-media\/image\/Hochzeitsfotografin_-_Melanie_Melcher-113_1.jpg'><img class=\"noLazy\" src='https:\/\/www.melanie-melcher.de\/wp-content\/grand-media\/image\/thumb\/Hochzeitsfotografin_-_Melanie_Melcher-113_1.jpg' alt='Hochzeitsfotografin - Melanie Melcher-113' \/><\/a><a href='https:\/\/www.melanie-melcher.de\/wp-content\/grand-media\/image\/Hochzeitsfotografin_-_Melanie_Melcher-78_2.jpg'><img class=\"noLazy\" src='https:\/\/www.melanie-melcher.de\/wp-content\/grand-media\/image\/thumb\/Hochzeitsfotografin_-_Melanie_Melcher-78_2.jpg' alt='Hochzeitsfotografin - Melanie Melcher-78' \/><\/a><a href='https:\/\/www.melanie-melcher.de\/wp-content\/grand-media\/image\/Hochzeitsfotografin_-_Melanie_Melcher-41_2.jpg'><img class=\"noLazy\" src='https:\/\/www.melanie-melcher.de\/wp-content\/grand-media\/image\/thumb\/Hochzeitsfotografin_-_Melanie_Melcher-41_2.jpg' alt='Hochzeitsfotografin - Melanie Melcher-41' \/><\/a><a href='https:\/\/www.melanie-melcher.de\/wp-content\/grand-media\/image\/Hochzeitsfotografin_-_Melanie_Melcher-90_2.jpg'><img class=\"noLazy\" src='https:\/\/www.melanie-melcher.de\/wp-content\/grand-media\/image\/thumb\/Hochzeitsfotografin_-_Melanie_Melcher-90_2.jpg' alt='Hochzeitsfotografin - Melanie Melcher-90' \/><\/a><a href='https:\/\/www.melanie-melcher.de\/wp-content\/grand-media\/image\/Hochzeitsfotografin_-_Melanie_Melcher-104_1.jpg'><img class=\"noLazy\" src='https:\/\/www.melanie-melcher.de\/wp-content\/grand-media\/image\/thumb\/Hochzeitsfotografin_-_Melanie_Melcher-104_1.jpg' alt='Hochzeitsfotografin - Melanie Melcher-104' \/><\/a><a href='https:\/\/www.melanie-melcher.de\/wp-content\/grand-media\/image\/Hochzeitsfotografin_-_Melanie_Melcher-132.jpg'><img class=\"noLazy\" src='https:\/\/www.melanie-melcher.de\/wp-content\/grand-media\/image\/thumb\/Hochzeitsfotografin_-_Melanie_Melcher-132.jpg' alt='Hochzeitsfotografin - Melanie Melcher-132' \/><\/a><a href='https:\/\/www.melanie-melcher.de\/wp-content\/grand-media\/image\/Hochzeitsfotografin_-_Melanie_Melcher-2_2.jpg'><img class=\"noLazy\" src='https:\/\/www.melanie-melcher.de\/wp-content\/grand-media\/image\/thumb\/Hochzeitsfotografin_-_Melanie_Melcher-2_2.jpg' alt='Hochzeitsfotografin - Melanie Melcher-2' \/><\/a><a href='https:\/\/www.melanie-melcher.de\/wp-content\/grand-media\/image\/Hochzeitsfotografin_-_Melanie_Melcher-23_2.jpg'><img class=\"noLazy\" src='https:\/\/www.melanie-melcher.de\/wp-content\/grand-media\/image\/thumb\/Hochzeitsfotografin_-_Melanie_Melcher-23_2.jpg' alt='Hochzeitsfotografin - Melanie Melcher-23' \/><\/a><a href='https:\/\/www.melanie-melcher.de\/wp-content\/grand-media\/image\/Hochzeitsfotografin_-_Melanie_Melcher-49_2.jpg'><img class=\"noLazy\" src='https:\/\/www.melanie-melcher.de\/wp-content\/grand-media\/image\/thumb\/Hochzeitsfotografin_-_Melanie_Melcher-49_2.jpg' alt='Hochzeitsfotografin - Melanie Melcher-49' \/><\/a><a href='https:\/\/www.melanie-melcher.de\/wp-content\/grand-media\/image\/Hochzeitsfotografin_-_Melanie_Melcher-73_2.jpg'><img class=\"noLazy\" src='https:\/\/www.melanie-melcher.de\/wp-content\/grand-media\/image\/thumb\/Hochzeitsfotografin_-_Melanie_Melcher-73_2.jpg' alt='Hochzeitsfotografin - Melanie Melcher-73' \/><\/a><a href='https:\/\/www.melanie-melcher.de\/wp-content\/grand-media\/image\/Hochzeitsfotografin_-_Melanie_Melcher-139.jpg'><img class=\"noLazy\" src='https:\/\/www.melanie-melcher.de\/wp-content\/grand-media\/image\/thumb\/Hochzeitsfotografin_-_Melanie_Melcher-139.jpg' alt='Hochzeitsfotografin - Melanie Melcher-139' \/><\/a><a href='https:\/\/www.melanie-melcher.de\/wp-content\/grand-media\/image\/Hochzeitsfotografin_-_Melanie_Melcher-4_2.jpg'><img class=\"noLazy\" src='https:\/\/www.melanie-melcher.de\/wp-content\/grand-media\/image\/thumb\/Hochzeitsfotografin_-_Melanie_Melcher-4_2.jpg' alt='Hochzeitsfotografin - Melanie Melcher-4' \/><\/a><a href='https:\/\/www.melanie-melcher.de\/wp-content\/grand-media\/image\/Hochzeitsfotografin_-_Melanie_Melcher-161.jpg'><img class=\"noLazy\" src='https:\/\/www.melanie-melcher.de\/wp-content\/grand-media\/image\/thumb\/Hochzeitsfotografin_-_Melanie_Melcher-161.jpg' alt='Hochzeitsfotografin - Melanie Melcher-161' \/><\/a><a href='https:\/\/www.melanie-melcher.de\/wp-content\/grand-media\/image\/Hochzeitsfotografin_-_Melanie_Melcher-44_2.jpg'><img class=\"noLazy\" src='https:\/\/www.melanie-melcher.de\/wp-content\/grand-media\/image\/thumb\/Hochzeitsfotografin_-_Melanie_Melcher-44_2.jpg' alt='Hochzeitsfotografin - Melanie Melcher-44' \/><\/a><a href='https:\/\/www.melanie-melcher.de\/wp-content\/grand-media\/image\/Hochzeitsfotografin_-_Melanie_Melcher-164.jpg'><img class=\"noLazy\" src='https:\/\/www.melanie-melcher.de\/wp-content\/grand-media\/image\/thumb\/Hochzeitsfotografin_-_Melanie_Melcher-164.jpg' alt='Hochzeitsfotografin - Melanie Melcher-164' \/><\/a><a href='https:\/\/www.melanie-melcher.de\/wp-content\/grand-media\/image\/Hochzeitsfotografin_-_Melanie_Melcher-147.jpg'><img class=\"noLazy\" src='https:\/\/www.melanie-melcher.de\/wp-content\/grand-media\/image\/thumb\/Hochzeitsfotografin_-_Melanie_Melcher-147.jpg' alt='Hochzeitsfotografin - Melanie Melcher-147' \/><\/a><a href='https:\/\/www.melanie-melcher.de\/wp-content\/grand-media\/image\/Hochzeitsfotografin_-_Melanie_Melcher-145.jpg'><img class=\"noLazy\" src='https:\/\/www.melanie-melcher.de\/wp-content\/grand-media\/image\/thumb\/Hochzeitsfotografin_-_Melanie_Melcher-145.jpg' alt='Hochzeitsfotografin - Melanie Melcher-145' \/><\/a><a href='https:\/\/www.melanie-melcher.de\/wp-content\/grand-media\/image\/Hochzeitsfotografin_-_Melanie_Melcher-16_2.jpg'><img class=\"noLazy\" src='https:\/\/www.melanie-melcher.de\/wp-content\/grand-media\/image\/thumb\/Hochzeitsfotografin_-_Melanie_Melcher-16_2.jpg' alt='Hochzeitsfotografin - Melanie Melcher-16' \/><\/a><a href='https:\/\/www.melanie-melcher.de\/wp-content\/grand-media\/image\/Hochzeitsfotografin_-_Melanie_Melcher-148.jpg'><img class=\"noLazy\" src='https:\/\/www.melanie-melcher.de\/wp-content\/grand-media\/image\/thumb\/Hochzeitsfotografin_-_Melanie_Melcher-148.jpg' alt='Hochzeitsfotografin - Melanie Melcher-148' \/><\/a><a href='https:\/\/www.melanie-melcher.de\/wp-content\/grand-media\/image\/Hochzeitsfotografin_-_Melanie_Melcher-15_2.jpg'><img class=\"noLazy\" src='https:\/\/www.melanie-melcher.de\/wp-content\/grand-media\/image\/thumb\/Hochzeitsfotografin_-_Melanie_Melcher-15_2.jpg' alt='Hochzeitsfotografin - Melanie Melcher-15' \/><\/a><a href='https:\/\/www.melanie-melcher.de\/wp-content\/grand-media\/image\/Hochzeitsfotografin_-_Melanie_Melcher-99_1.jpg'><img class=\"noLazy\" src='https:\/\/www.melanie-melcher.de\/wp-content\/grand-media\/image\/thumb\/Hochzeitsfotografin_-_Melanie_Melcher-99_1.jpg' alt='Hochzeitsfotografin - Melanie Melcher-99' \/><\/a><a href='https:\/\/www.melanie-melcher.de\/wp-content\/grand-media\/image\/Hochzeitsfotografin_-_Melanie_Melcher-166.jpg'><img class=\"noLazy\" src='https:\/\/www.melanie-melcher.de\/wp-content\/grand-media\/image\/thumb\/Hochzeitsfotografin_-_Melanie_Melcher-166.jpg' alt='Hochzeitsfotografin - Melanie Melcher-166' \/><\/a><a href='https:\/\/www.melanie-melcher.de\/wp-content\/grand-media\/image\/Hochzeitsfotografin_-_Melanie_Melcher-29_2.jpg'><img class=\"noLazy\" src='https:\/\/www.melanie-melcher.de\/wp-content\/grand-media\/image\/thumb\/Hochzeitsfotografin_-_Melanie_Melcher-29_2.jpg' alt='Hochzeitsfotografin - Melanie Melcher-29' \/><\/a><a href='https:\/\/www.melanie-melcher.de\/wp-content\/grand-media\/image\/Hochzeitsfotografin_-_Melanie_Melcher-61_2.jpg'><img class=\"noLazy\" src='https:\/\/www.melanie-melcher.de\/wp-content\/grand-media\/image\/thumb\/Hochzeitsfotografin_-_Melanie_Melcher-61_2.jpg' alt='Hochzeitsfotografin - Melanie Melcher-61' \/><\/a><a href='https:\/\/www.melanie-melcher.de\/wp-content\/grand-media\/image\/Hochzeitsfotografin_-_Melanie_Melcher-34_2.jpg'><img class=\"noLazy\" src='https:\/\/www.melanie-melcher.de\/wp-content\/grand-media\/image\/thumb\/Hochzeitsfotografin_-_Melanie_Melcher-34_2.jpg' alt='Hochzeitsfotografin - Melanie Melcher-34' \/><\/a><a href='https:\/\/www.melanie-melcher.de\/wp-content\/grand-media\/image\/Hochzeitsfotografin_-_Melanie_Melcher-123.jpg'><img class=\"noLazy\" src='https:\/\/www.melanie-melcher.de\/wp-content\/grand-media\/image\/thumb\/Hochzeitsfotografin_-_Melanie_Melcher-123.jpg' alt='Hochzeitsfotografin - Melanie Melcher-123' \/><\/a><a href='https:\/\/www.melanie-melcher.de\/wp-content\/grand-media\/image\/Hochzeitsfotografin_-_Melanie_Melcher-160.jpg'><img class=\"noLazy\" src='https:\/\/www.melanie-melcher.de\/wp-content\/grand-media\/image\/thumb\/Hochzeitsfotografin_-_Melanie_Melcher-160.jpg' alt='Hochzeitsfotografin - Melanie Melcher-160' \/><\/a><a href='https:\/\/www.melanie-melcher.de\/wp-content\/grand-media\/image\/Hochzeitsfotografin_-_Melanie_Melcher-35_2.jpg'><img class=\"noLazy\" src='https:\/\/www.melanie-melcher.de\/wp-content\/grand-media\/image\/thumb\/Hochzeitsfotografin_-_Melanie_Melcher-35_2.jpg' alt='Hochzeitsfotografin - Melanie Melcher-35' \/><\/a><a href='https:\/\/www.melanie-melcher.de\/wp-content\/grand-media\/image\/Hochzeitsfotografin_-_Melanie_Melcher-124.jpg'><img class=\"noLazy\" src='https:\/\/www.melanie-melcher.de\/wp-content\/grand-media\/image\/thumb\/Hochzeitsfotografin_-_Melanie_Melcher-124.jpg' alt='Hochzeitsfotografin - Melanie Melcher-124' \/><\/a><a href='https:\/\/www.melanie-melcher.de\/wp-content\/grand-media\/image\/Hochzeitsfotografin_-_Melanie_Melcher-14_2.jpg'><img class=\"noLazy\" src='https:\/\/www.melanie-melcher.de\/wp-content\/grand-media\/image\/thumb\/Hochzeitsfotografin_-_Melanie_Melcher-14_2.jpg' alt='Hochzeitsfotografin - Melanie Melcher-14' \/><\/a><a href='https:\/\/www.melanie-melcher.de\/wp-content\/grand-media\/image\/Hochzeitsfotografin_-_Melanie_Melcher-151.jpg'><img class=\"noLazy\" src='https:\/\/www.melanie-melcher.de\/wp-content\/grand-media\/image\/thumb\/Hochzeitsfotografin_-_Melanie_Melcher-151.jpg' alt='Hochzeitsfotografin - Melanie Melcher-151' \/><\/a><a href='https:\/\/www.melanie-melcher.de\/wp-content\/grand-media\/image\/Hochzeitsfotografin_-_Melanie_Melcher-5_2.jpg'><img class=\"noLazy\" src='https:\/\/www.melanie-melcher.de\/wp-content\/grand-media\/image\/thumb\/Hochzeitsfotografin_-_Melanie_Melcher-5_2.jpg' alt='Hochzeitsfotografin - Melanie Melcher-5' \/><\/a><a href='https:\/\/www.melanie-melcher.de\/wp-content\/grand-media\/image\/Hochzeitsfotografin_-_Melanie_Melcher-87_2.jpg'><img class=\"noLazy\" src='https:\/\/www.melanie-melcher.de\/wp-content\/grand-media\/image\/thumb\/Hochzeitsfotografin_-_Melanie_Melcher-87_2.jpg' alt='Hochzeitsfotografin - Melanie Melcher-87' \/><\/a><a href='https:\/\/www.melanie-melcher.de\/wp-content\/grand-media\/image\/Hochzeitsfotografin_-_Melanie_Melcher-107_1.jpg'><img class=\"noLazy\" src='https:\/\/www.melanie-melcher.de\/wp-content\/grand-media\/image\/thumb\/Hochzeitsfotografin_-_Melanie_Melcher-107_1.jpg' alt='Hochzeitsfotografin - Melanie Melcher-107' \/><\/a><a href='https:\/\/www.melanie-melcher.de\/wp-content\/grand-media\/image\/Hochzeitsfotografin_-_Melanie_Melcher-97_1.jpg'><img class=\"noLazy\" src='https:\/\/www.melanie-melcher.de\/wp-content\/grand-media\/image\/thumb\/Hochzeitsfotografin_-_Melanie_Melcher-97_1.jpg' alt='Hochzeitsfotografin - Melanie Melcher-97' \/><\/a><a href='https:\/\/www.melanie-melcher.de\/wp-content\/grand-media\/image\/Hochzeitsfotografin_-_Melanie_Melcher-66_2.jpg'><img class=\"noLazy\" src='https:\/\/www.melanie-melcher.de\/wp-content\/grand-media\/image\/thumb\/Hochzeitsfotografin_-_Melanie_Melcher-66_2.jpg' alt='Hochzeitsfotografin - Melanie Melcher-66' \/><\/a><a href='https:\/\/www.melanie-melcher.de\/wp-content\/grand-media\/image\/Hochzeitsfotografin_-_Melanie_Melcher-53_2.jpg'><img class=\"noLazy\" src='https:\/\/www.melanie-melcher.de\/wp-content\/grand-media\/image\/thumb\/Hochzeitsfotografin_-_Melanie_Melcher-53_2.jpg' alt='Hochzeitsfotografin - Melanie Melcher-53' \/><\/a><a href='https:\/\/www.melanie-melcher.de\/wp-content\/grand-media\/image\/Hochzeitsfotografin_-_Melanie_Melcher-163.jpg'><img class=\"noLazy\" src='https:\/\/www.melanie-melcher.de\/wp-content\/grand-media\/image\/thumb\/Hochzeitsfotografin_-_Melanie_Melcher-163.jpg' alt='Hochzeitsfotografin - Melanie Melcher-163' \/><\/a><a href='https:\/\/www.melanie-melcher.de\/wp-content\/grand-media\/image\/Hochzeitsfotografin_-_Melanie_Melcher-17_2.jpg'><img class=\"noLazy\" src='https:\/\/www.melanie-melcher.de\/wp-content\/grand-media\/image\/thumb\/Hochzeitsfotografin_-_Melanie_Melcher-17_2.jpg' alt='Hochzeitsfotografin - Melanie Melcher-17' \/><\/a><a href='https:\/\/www.melanie-melcher.de\/wp-content\/grand-media\/image\/Hochzeitsfotografin_-_Melanie_Melcher-30_2.jpg'><img class=\"noLazy\" src='https:\/\/www.melanie-melcher.de\/wp-content\/grand-media\/image\/thumb\/Hochzeitsfotografin_-_Melanie_Melcher-30_2.jpg' alt='Hochzeitsfotografin - Melanie Melcher-30' \/><\/a><a href='https:\/\/www.melanie-melcher.de\/wp-content\/grand-media\/image\/Hochzeitsfotografin_-_Melanie_Melcher-26_2.jpg'><img class=\"noLazy\" src='https:\/\/www.melanie-melcher.de\/wp-content\/grand-media\/image\/thumb\/Hochzeitsfotografin_-_Melanie_Melcher-26_2.jpg' alt='Hochzeitsfotografin - Melanie Melcher-26' \/><\/a><a href='https:\/\/www.melanie-melcher.de\/wp-content\/grand-media\/image\/Hochzeitsfotografin_-_Melanie_Melcher-85_2.jpg'><img class=\"noLazy\" src='https:\/\/www.melanie-melcher.de\/wp-content\/grand-media\/image\/thumb\/Hochzeitsfotografin_-_Melanie_Melcher-85_2.jpg' alt='Hochzeitsfotografin - Melanie Melcher-85' \/><\/a><a href='https:\/\/www.melanie-melcher.de\/wp-content\/grand-media\/image\/Hochzeitsfotografin_-_Melanie_Melcher-69_2.jpg'><img class=\"noLazy\" src='https:\/\/www.melanie-melcher.de\/wp-content\/grand-media\/image\/thumb\/Hochzeitsfotografin_-_Melanie_Melcher-69_2.jpg' alt='Hochzeitsfotografin - Melanie Melcher-69' \/><\/a><a href='https:\/\/www.melanie-melcher.de\/wp-content\/grand-media\/image\/Hochzeitsfotografin_-_Melanie_Melcher-106_1.jpg'><img class=\"noLazy\" src='https:\/\/www.melanie-melcher.de\/wp-content\/grand-media\/image\/thumb\/Hochzeitsfotografin_-_Melanie_Melcher-106_1.jpg' alt='Hochzeitsfotografin - Melanie Melcher-106' \/><\/a><a href='https:\/\/www.melanie-melcher.de\/wp-content\/grand-media\/image\/Hochzeitsfotografin_-_Melanie_Melcher-98_1.jpg'><img class=\"noLazy\" src='https:\/\/www.melanie-melcher.de\/wp-content\/grand-media\/image\/thumb\/Hochzeitsfotografin_-_Melanie_Melcher-98_1.jpg' alt='Hochzeitsfotografin - Melanie Melcher-98' \/><\/a><a href='https:\/\/www.melanie-melcher.de\/wp-content\/grand-media\/image\/Hochzeitsfotografin_-_Melanie_Melcher-7_2.jpg'><img class=\"noLazy\" src='https:\/\/www.melanie-melcher.de\/wp-content\/grand-media\/image\/thumb\/Hochzeitsfotografin_-_Melanie_Melcher-7_2.jpg' alt='Hochzeitsfotografin - Melanie Melcher-7' \/><\/a><a href='https:\/\/www.melanie-melcher.de\/wp-content\/grand-media\/image\/Hochzeitsfotografin_-_Melanie_Melcher-22_2.jpg'><img class=\"noLazy\" src='https:\/\/www.melanie-melcher.de\/wp-content\/grand-media\/image\/thumb\/Hochzeitsfotografin_-_Melanie_Melcher-22_2.jpg' alt='Hochzeitsfotografin - Melanie Melcher-22' \/><\/a><a href='https:\/\/www.melanie-melcher.de\/wp-content\/grand-media\/image\/Hochzeitsfotografin_-_Melanie_Melcher-52_2.jpg'><img class=\"noLazy\" src='https:\/\/www.melanie-melcher.de\/wp-content\/grand-media\/image\/thumb\/Hochzeitsfotografin_-_Melanie_Melcher-52_2.jpg' alt='Hochzeitsfotografin - Melanie Melcher-52' \/><\/a><a href='https:\/\/www.melanie-melcher.de\/wp-content\/grand-media\/image\/Hochzeitsfotografin_-_Melanie_Melcher-39_2.jpg'><img class=\"noLazy\" src='https:\/\/www.melanie-melcher.de\/wp-content\/grand-media\/image\/thumb\/Hochzeitsfotografin_-_Melanie_Melcher-39_2.jpg' alt='Hochzeitsfotografin - Melanie Melcher-39' \/><\/a><a href='https:\/\/www.melanie-melcher.de\/wp-content\/grand-media\/image\/Hochzeitsfotografin_-_Melanie_Melcher-33_2.jpg'><img class=\"noLazy\" src='https:\/\/www.melanie-melcher.de\/wp-content\/grand-media\/image\/thumb\/Hochzeitsfotografin_-_Melanie_Melcher-33_2.jpg' alt='Hochzeitsfotografin - Melanie Melcher-33' \/><\/a><a href='https:\/\/www.melanie-melcher.de\/wp-content\/grand-media\/image\/Hochzeitsfotografin_-_Melanie_Melcher-131.jpg'><img class=\"noLazy\" src='https:\/\/www.melanie-melcher.de\/wp-content\/grand-media\/image\/thumb\/Hochzeitsfotografin_-_Melanie_Melcher-131.jpg' alt='Hochzeitsfotografin - Melanie Melcher-131' \/><\/a><a href='https:\/\/www.melanie-melcher.de\/wp-content\/grand-media\/image\/Hochzeitsfotografin_-_Melanie_Melcher-20_2.jpg'><img class=\"noLazy\" src='https:\/\/www.melanie-melcher.de\/wp-content\/grand-media\/image\/thumb\/Hochzeitsfotografin_-_Melanie_Melcher-20_2.jpg' alt='Hochzeitsfotografin - Melanie Melcher-20' \/><\/a><a href='https:\/\/www.melanie-melcher.de\/wp-content\/grand-media\/image\/Hochzeitsfotografin_-_Melanie_Melcher-120.jpg'><img class=\"noLazy\" src='https:\/\/www.melanie-melcher.de\/wp-content\/grand-media\/image\/thumb\/Hochzeitsfotografin_-_Melanie_Melcher-120.jpg' alt='Hochzeitsfotografin - Melanie Melcher-120' \/><\/a><a href='https:\/\/www.melanie-melcher.de\/wp-content\/grand-media\/image\/Hochzeitsfotografin_-_Melanie_Melcher-68_2.jpg'><img class=\"noLazy\" src='https:\/\/www.melanie-melcher.de\/wp-content\/grand-media\/image\/thumb\/Hochzeitsfotografin_-_Melanie_Melcher-68_2.jpg' alt='Hochzeitsfotografin - Melanie Melcher-68' \/><\/a><a href='https:\/\/www.melanie-melcher.de\/wp-content\/grand-media\/image\/Hochzeitsfotografin_-_Melanie_Melcher-118.jpg'><img class=\"noLazy\" src='https:\/\/www.melanie-melcher.de\/wp-content\/grand-media\/image\/thumb\/Hochzeitsfotografin_-_Melanie_Melcher-118.jpg' alt='Hochzeitsfotografin - Melanie Melcher-118' \/><\/a><a href='https:\/\/www.melanie-melcher.de\/wp-content\/grand-media\/image\/Hochzeitsfotografin_-_Melanie_Melcher-12_2.jpg'><img class=\"noLazy\" src='https:\/\/www.melanie-melcher.de\/wp-content\/grand-media\/image\/thumb\/Hochzeitsfotografin_-_Melanie_Melcher-12_2.jpg' alt='Hochzeitsfotografin - Melanie Melcher-12' \/><\/a><a href='https:\/\/www.melanie-melcher.de\/wp-content\/grand-media\/image\/Hochzeitsfotografin_-_Melanie_Melcher-13_2.jpg'><img class=\"noLazy\" src='https:\/\/www.melanie-melcher.de\/wp-content\/grand-media\/image\/thumb\/Hochzeitsfotografin_-_Melanie_Melcher-13_2.jpg' alt='Hochzeitsfotografin - Melanie Melcher-13' \/><\/a><a href='https:\/\/www.melanie-melcher.de\/wp-content\/grand-media\/image\/Hochzeitsfotografin_-_Melanie_Melcher-65_2.jpg'><img class=\"noLazy\" src='https:\/\/www.melanie-melcher.de\/wp-content\/grand-media\/image\/thumb\/Hochzeitsfotografin_-_Melanie_Melcher-65_2.jpg' alt='Hochzeitsfotografin - Melanie Melcher-65' \/><\/a><a href='https:\/\/www.melanie-melcher.de\/wp-content\/grand-media\/image\/Hochzeitsfotografin_-_Melanie_Melcher-42_2.jpg'><img class=\"noLazy\" src='https:\/\/www.melanie-melcher.de\/wp-content\/grand-media\/image\/thumb\/Hochzeitsfotografin_-_Melanie_Melcher-42_2.jpg' alt='Hochzeitsfotografin - Melanie Melcher-42' \/><\/a><a href='https:\/\/www.melanie-melcher.de\/wp-content\/grand-media\/image\/Hochzeitsfotografin_-_Melanie_Melcher-138.jpg'><img class=\"noLazy\" src='https:\/\/www.melanie-melcher.de\/wp-content\/grand-media\/image\/thumb\/Hochzeitsfotografin_-_Melanie_Melcher-138.jpg' alt='Hochzeitsfotografin - Melanie Melcher-138' \/><\/a><a href='https:\/\/www.melanie-melcher.de\/wp-content\/grand-media\/image\/Hochzeitsfotografin_-_Melanie_Melcher-48_2.jpg'><img class=\"noLazy\" src='https:\/\/www.melanie-melcher.de\/wp-content\/grand-media\/image\/thumb\/Hochzeitsfotografin_-_Melanie_Melcher-48_2.jpg' alt='Hochzeitsfotografin - Melanie Melcher-48' \/><\/a><a href='https:\/\/www.melanie-melcher.de\/wp-content\/grand-media\/image\/Hochzeitsfotografin_-_Melanie_Melcher-144.jpg'><img class=\"noLazy\" src='https:\/\/www.melanie-melcher.de\/wp-content\/grand-media\/image\/thumb\/Hochzeitsfotografin_-_Melanie_Melcher-144.jpg' alt='Hochzeitsfotografin - Melanie Melcher-144' \/><\/a><a href='https:\/\/www.melanie-melcher.de\/wp-content\/grand-media\/image\/Hochzeitsfotografin_-_Melanie_Melcher-81_2.jpg'><img class=\"noLazy\" src='https:\/\/www.melanie-melcher.de\/wp-content\/grand-media\/image\/thumb\/Hochzeitsfotografin_-_Melanie_Melcher-81_2.jpg' alt='Hochzeitsfotografin - Melanie Melcher-81' \/><\/a><a href='https:\/\/www.melanie-melcher.de\/wp-content\/grand-media\/image\/Hochzeitsfotografin_-_Melanie_Melcher-28_2.jpg'><img class=\"noLazy\" src='https:\/\/www.melanie-melcher.de\/wp-content\/grand-media\/image\/thumb\/Hochzeitsfotografin_-_Melanie_Melcher-28_2.jpg' alt='Hochzeitsfotografin - Melanie Melcher-28' \/><\/a><a href='https:\/\/www.melanie-melcher.de\/wp-content\/grand-media\/image\/Hochzeitsfotografin_-_Melanie_Melcher-134.jpg'><img class=\"noLazy\" src='https:\/\/www.melanie-melcher.de\/wp-content\/grand-media\/image\/thumb\/Hochzeitsfotografin_-_Melanie_Melcher-134.jpg' alt='Hochzeitsfotografin - Melanie Melcher-134' \/><\/a><a href='https:\/\/www.melanie-melcher.de\/wp-content\/grand-media\/image\/Hochzeitsfotografin_-_Melanie_Melcher-19_2.jpg'><img class=\"noLazy\" src='https:\/\/www.melanie-melcher.de\/wp-content\/grand-media\/image\/thumb\/Hochzeitsfotografin_-_Melanie_Melcher-19_2.jpg' alt='Hochzeitsfotografin - Melanie Melcher-19' \/><\/a><a href='https:\/\/www.melanie-melcher.de\/wp-content\/grand-media\/image\/Hochzeitsfotografin_-_Melanie_Melcher-47_2.jpg'><img class=\"noLazy\" src='https:\/\/www.melanie-melcher.de\/wp-content\/grand-media\/image\/thumb\/Hochzeitsfotografin_-_Melanie_Melcher-47_2.jpg' alt='Hochzeitsfotografin - Melanie Melcher-47' \/><\/a><a href='https:\/\/www.melanie-melcher.de\/wp-content\/grand-media\/image\/Hochzeitsfotografin_-_Melanie_Melcher-93_2.jpg'><img class=\"noLazy\" src='https:\/\/www.melanie-melcher.de\/wp-content\/grand-media\/image\/thumb\/Hochzeitsfotografin_-_Melanie_Melcher-93_2.jpg' alt='Hochzeitsfotografin - Melanie Melcher-93' \/><\/a><a href='https:\/\/www.melanie-melcher.de\/wp-content\/grand-media\/image\/Hochzeitsfotografin_-_Melanie_Melcher-152.jpg'><img class=\"noLazy\" src='https:\/\/www.melanie-melcher.de\/wp-content\/grand-media\/image\/thumb\/Hochzeitsfotografin_-_Melanie_Melcher-152.jpg' alt='Hochzeitsfotografin - Melanie Melcher-152' \/><\/a><a href='https:\/\/www.melanie-melcher.de\/wp-content\/grand-media\/image\/Hochzeitsfotografin_-_Melanie_Melcher-11_2.jpg'><img class=\"noLazy\" src='https:\/\/www.melanie-melcher.de\/wp-content\/grand-media\/image\/thumb\/Hochzeitsfotografin_-_Melanie_Melcher-11_2.jpg' alt='Hochzeitsfotografin - Melanie Melcher-11' \/><\/a><a href='https:\/\/www.melanie-melcher.de\/wp-content\/grand-media\/image\/Hochzeitsfotografin_-_Melanie_Melcher-46_2.jpg'><img class=\"noLazy\" src='https:\/\/www.melanie-melcher.de\/wp-content\/grand-media\/image\/thumb\/Hochzeitsfotografin_-_Melanie_Melcher-46_2.jpg' alt='Hochzeitsfotografin - Melanie Melcher-46' \/><\/a><a href='https:\/\/www.melanie-melcher.de\/wp-content\/grand-media\/image\/Hochzeitsfotografin_-_Melanie_Melcher-150.jpg'><img class=\"noLazy\" src='https:\/\/www.melanie-melcher.de\/wp-content\/grand-media\/image\/thumb\/Hochzeitsfotografin_-_Melanie_Melcher-150.jpg' alt='Hochzeitsfotografin - Melanie Melcher-150' \/><\/a><a href='https:\/\/www.melanie-melcher.de\/wp-content\/grand-media\/image\/Hochzeitsfotografin_-_Melanie_Melcher-109_1.jpg'><img class=\"noLazy\" src='https:\/\/www.melanie-melcher.de\/wp-content\/grand-media\/image\/thumb\/Hochzeitsfotografin_-_Melanie_Melcher-109_1.jpg' alt='Hochzeitsfotografin - Melanie Melcher-109' \/><\/a><a href='https:\/\/www.melanie-melcher.de\/wp-content\/grand-media\/image\/Hochzeitsfotografin_-_Melanie_Melcher-119.jpg'><img class=\"noLazy\" src='https:\/\/www.melanie-melcher.de\/wp-content\/grand-media\/image\/thumb\/Hochzeitsfotografin_-_Melanie_Melcher-119.jpg' alt='Hochzeitsfotografin - Melanie Melcher-119' \/><\/a><a href='https:\/\/www.melanie-melcher.de\/wp-content\/grand-media\/image\/Hochzeitsfotografin_-_Melanie_Melcher-54_2.jpg'><img class=\"noLazy\" src='https:\/\/www.melanie-melcher.de\/wp-content\/grand-media\/image\/thumb\/Hochzeitsfotografin_-_Melanie_Melcher-54_2.jpg' alt='Hochzeitsfotografin - Melanie Melcher-54' \/><\/a><a href='https:\/\/www.melanie-melcher.de\/wp-content\/grand-media\/image\/Hochzeitsfotografin_-_Melanie_Melcher-154.jpg'><img class=\"noLazy\" src='https:\/\/www.melanie-melcher.de\/wp-content\/grand-media\/image\/thumb\/Hochzeitsfotografin_-_Melanie_Melcher-154.jpg' alt='Hochzeitsfotografin - Melanie Melcher-154' \/><\/a><a href='https:\/\/www.melanie-melcher.de\/wp-content\/grand-media\/image\/Hochzeitsfotografin_-_Melanie_Melcher-75_2.jpg'><img class=\"noLazy\" src='https:\/\/www.melanie-melcher.de\/wp-content\/grand-media\/image\/thumb\/Hochzeitsfotografin_-_Melanie_Melcher-75_2.jpg' alt='Hochzeitsfotografin - Melanie Melcher-75' \/><\/a><a href='https:\/\/www.melanie-melcher.de\/wp-content\/grand-media\/image\/Hochzeitsfotografin_-_Melanie_Melcher-8_2.jpg'><img class=\"noLazy\" src='https:\/\/www.melanie-melcher.de\/wp-content\/grand-media\/image\/thumb\/Hochzeitsfotografin_-_Melanie_Melcher-8_2.jpg' alt='Hochzeitsfotografin - Melanie Melcher-8' \/><\/a><a href='https:\/\/www.melanie-melcher.de\/wp-content\/grand-media\/image\/Hochzeitsfotografin_-_Melanie_Melcher-70_2.jpg'><img class=\"noLazy\" src='https:\/\/www.melanie-melcher.de\/wp-content\/grand-media\/image\/thumb\/Hochzeitsfotografin_-_Melanie_Melcher-70_2.jpg' alt='Hochzeitsfotografin - Melanie Melcher-70' \/><\/a><a href='https:\/\/www.melanie-melcher.de\/wp-content\/grand-media\/image\/Hochzeitsfotografin_-_Melanie_Melcher-88_2.jpg'><img class=\"noLazy\" src='https:\/\/www.melanie-melcher.de\/wp-content\/grand-media\/image\/thumb\/Hochzeitsfotografin_-_Melanie_Melcher-88_2.jpg' alt='Hochzeitsfotografin - Melanie Melcher-88' \/><\/a><a href='https:\/\/www.melanie-melcher.de\/wp-content\/grand-media\/image\/Hochzeitsfotografin_-_Melanie_Melcher-56_2.jpg'><img class=\"noLazy\" src='https:\/\/www.melanie-melcher.de\/wp-content\/grand-media\/image\/thumb\/Hochzeitsfotografin_-_Melanie_Melcher-56_2.jpg' alt='Hochzeitsfotografin - Melanie Melcher-56' \/><\/a><a href='https:\/\/www.melanie-melcher.de\/wp-content\/grand-media\/image\/Hochzeitsfotografin_-_Melanie_Melcher-110_1.jpg'><img class=\"noLazy\" src='https:\/\/www.melanie-melcher.de\/wp-content\/grand-media\/image\/thumb\/Hochzeitsfotografin_-_Melanie_Melcher-110_1.jpg' alt='Hochzeitsfotografin - Melanie Melcher-110' \/><\/a><a href='https:\/\/www.melanie-melcher.de\/wp-content\/grand-media\/image\/Hochzeitsfotografin_-_Melanie_Melcher-156.jpg'><img class=\"noLazy\" src='https:\/\/www.melanie-melcher.de\/wp-content\/grand-media\/image\/thumb\/Hochzeitsfotografin_-_Melanie_Melcher-156.jpg' alt='Hochzeitsfotografin - Melanie Melcher-156' \/><\/a><\/noscript><\/div>\n\t\t<script type=\"text\/javascript\">\n\t\t\tdocument.addEventListener( 'DOMContentLoaded', function() {\n\t\t\t\tjQuery( function( $ ) {\n\t\t\t\t\tvar settings = {\"columns\":\"3\",\"lightbox_mobile\":\"0\",\"ID\":\"76\",\"name\":\"Katrin & Lars\",\"is_mobile\":false,\"module_dirurl\":\"https:\\\/\\\/www.melanie-melcher.de\\\/wp-content\\\/grand-media\\\/module\\\/mosaic\"};\n\t\t\t\t\tvar gmedia_mosaic_content = [{\"id\":\"1445\",\"type\":\"image\",\"ext\":\"jpg\",\"src\":\"\\\/image\\\/Hochzeitsfotografin_-_Melanie_Melcher-71_2.jpg\",\"sizes\":{\"thumb\":\"https:\\\/\\\/www.melanie-melcher.de\\\/wp-content\\\/grand-media\\\/image\\\/thumb\\\/Hochzeitsfotografin_-_Melanie_Melcher-71_2.jpg\",\"full\":\"https:\\\/\\\/www.melanie-melcher.de\\\/wp-content\\\/grand-media\\\/image\\\/Hochzeitsfotografin_-_Melanie_Melcher-71_2.jpg\"},\"title\":\"Hochzeitsfotografin - Melanie Melcher-71\",\"alt\":\"Hochzeitsfotografin - Melanie Melcher-71\",\"caption\":\"\",\"url\":\"\",\"post_link\":\"https:\\\/\\\/www.melanie-melcher.de\\\/index.php\\\/gmedia\\\/hochzeitsfotografin_-_melanie_melcher-71_2-jpg\\\/\",\"cc\":0,\"views\":30,\"likes\":0,\"width\":800,\"height\":533},{\"id\":\"1438\",\"type\":\"image\",\"ext\":\"jpg\",\"src\":\"\\\/image\\\/Hochzeitsfotografin_-_Melanie_Melcher-64_2.jpg\",\"sizes\":{\"thumb\":\"https:\\\/\\\/www.melanie-melcher.de\\\/wp-content\\\/grand-media\\\/image\\\/thumb\\\/Hochzeitsfotografin_-_Melanie_Melcher-64_2.jpg\",\"full\":\"https:\\\/\\\/www.melanie-melcher.de\\\/wp-content\\\/grand-media\\\/image\\\/Hochzeitsfotografin_-_Melanie_Melcher-64_2.jpg\"},\"title\":\"Hochzeitsfotografin - Melanie Melcher-64\",\"alt\":\"Hochzeitsfotografin - Melanie Melcher-64\",\"caption\":\"\",\"url\":\"\",\"post_link\":\"https:\\\/\\\/www.melanie-melcher.de\\\/index.php\\\/gmedia\\\/hochzeitsfotografin_-_melanie_melcher-64_2-jpg\\\/\",\"cc\":0,\"views\":26,\"likes\":0,\"width\":800,\"height\":533},{\"id\":\"1398\",\"type\":\"image\",\"ext\":\"jpg\",\"src\":\"\\\/image\\\/Hochzeitsfotografin_-_Melanie_Melcher-24_2.jpg\",\"sizes\":{\"thumb\":\"https:\\\/\\\/www.melanie-melcher.de\\\/wp-content\\\/grand-media\\\/image\\\/thumb\\\/Hochzeitsfotografin_-_Melanie_Melcher-24_2.jpg\",\"full\":\"https:\\\/\\\/www.melanie-melcher.de\\\/wp-content\\\/grand-media\\\/image\\\/Hochzeitsfotografin_-_Melanie_Melcher-24_2.jpg\"},\"title\":\"Hochzeitsfotografin - Melanie Melcher-24\",\"alt\":\"Hochzeitsfotografin - Melanie Melcher-24\",\"caption\":\"\",\"url\":\"\",\"post_link\":\"https:\\\/\\\/www.melanie-melcher.de\\\/index.php\\\/gmedia\\\/hochzeitsfotografin_-_melanie_melcher-24_2-jpg\\\/\",\"cc\":0,\"views\":28,\"likes\":0,\"width\":533,\"height\":800},{\"id\":\"1412\",\"type\":\"image\",\"ext\":\"jpg\",\"src\":\"\\\/image\\\/Hochzeitsfotografin_-_Melanie_Melcher-38_2.jpg\",\"sizes\":{\"thumb\":\"https:\\\/\\\/www.melanie-melcher.de\\\/wp-content\\\/grand-media\\\/image\\\/thumb\\\/Hochzeitsfotografin_-_Melanie_Melcher-38_2.jpg\",\"full\":\"https:\\\/\\\/www.melanie-melcher.de\\\/wp-content\\\/grand-media\\\/image\\\/Hochzeitsfotografin_-_Melanie_Melcher-38_2.jpg\"},\"title\":\"Hochzeitsfotografin - Melanie Melcher-38\",\"alt\":\"Hochzeitsfotografin - Melanie Melcher-38\",\"caption\":\"\",\"url\":\"\",\"post_link\":\"https:\\\/\\\/www.melanie-melcher.de\\\/index.php\\\/gmedia\\\/hochzeitsfotografin_-_melanie_melcher-38_2-jpg\\\/\",\"cc\":0,\"views\":31,\"likes\":0,\"width\":533,\"height\":800},{\"id\":\"1499\",\"type\":\"image\",\"ext\":\"jpg\",\"src\":\"\\\/image\\\/Hochzeitsfotografin_-_Melanie_Melcher-125.jpg\",\"sizes\":{\"thumb\":\"https:\\\/\\\/www.melanie-melcher.de\\\/wp-content\\\/grand-media\\\/image\\\/thumb\\\/Hochzeitsfotografin_-_Melanie_Melcher-125.jpg\",\"full\":\"https:\\\/\\\/www.melanie-melcher.de\\\/wp-content\\\/grand-media\\\/image\\\/Hochzeitsfotografin_-_Melanie_Melcher-125.jpg\"},\"title\":\"Hochzeitsfotografin - Melanie Melcher-125\",\"alt\":\"Hochzeitsfotografin - Melanie Melcher-125\",\"caption\":\"\",\"url\":\"\",\"post_link\":\"https:\\\/\\\/www.melanie-melcher.de\\\/index.php\\\/gmedia\\\/hochzeitsfotografin_-_melanie_melcher-125-jpg\\\/\",\"cc\":0,\"views\":31,\"likes\":0,\"width\":800,\"height\":533},{\"id\":\"1380\",\"type\":\"image\",\"ext\":\"jpg\",\"src\":\"\\\/image\\\/Hochzeitsfotografin_-_Melanie_Melcher-6_2.jpg\",\"sizes\":{\"thumb\":\"https:\\\/\\\/www.melanie-melcher.de\\\/wp-content\\\/grand-media\\\/image\\\/thumb\\\/Hochzeitsfotografin_-_Melanie_Melcher-6_2.jpg\",\"full\":\"https:\\\/\\\/www.melanie-melcher.de\\\/wp-content\\\/grand-media\\\/image\\\/Hochzeitsfotografin_-_Melanie_Melcher-6_2.jpg\"},\"title\":\"Hochzeitsfotografin - Melanie Melcher-6\",\"alt\":\"Hochzeitsfotografin - Melanie Melcher-6\",\"caption\":\"\",\"url\":\"\",\"post_link\":\"https:\\\/\\\/www.melanie-melcher.de\\\/index.php\\\/gmedia\\\/hochzeitsfotografin_-_melanie_melcher-6_2-jpg\\\/\",\"cc\":0,\"views\":25,\"likes\":0,\"width\":800,\"height\":533},{\"id\":\"1469\",\"type\":\"image\",\"ext\":\"jpg\",\"src\":\"\\\/image\\\/Hochzeitsfotografin_-_Melanie_Melcher-95_1.jpg\",\"sizes\":{\"thumb\":\"https:\\\/\\\/www.melanie-melcher.de\\\/wp-content\\\/grand-media\\\/image\\\/thumb\\\/Hochzeitsfotografin_-_Melanie_Melcher-95_1.jpg\",\"full\":\"https:\\\/\\\/www.melanie-melcher.de\\\/wp-content\\\/grand-media\\\/image\\\/Hochzeitsfotografin_-_Melanie_Melcher-95_1.jpg\"},\"title\":\"Hochzeitsfotografin - Melanie Melcher-95\",\"alt\":\"Hochzeitsfotografin - Melanie Melcher-95\",\"caption\":\"\",\"url\":\"\",\"post_link\":\"https:\\\/\\\/www.melanie-melcher.de\\\/index.php\\\/gmedia\\\/hochzeitsfotografin_-_melanie_melcher-95_1-jpg\\\/\",\"cc\":0,\"views\":33,\"likes\":0,\"width\":800,\"height\":533},{\"id\":\"1475\",\"type\":\"image\",\"ext\":\"jpg\",\"src\":\"\\\/image\\\/Hochzeitsfotografin_-_Melanie_Melcher-101_1.jpg\",\"sizes\":{\"thumb\":\"https:\\\/\\\/www.melanie-melcher.de\\\/wp-content\\\/grand-media\\\/image\\\/thumb\\\/Hochzeitsfotografin_-_Melanie_Melcher-101_1.jpg\",\"full\":\"https:\\\/\\\/www.melanie-melcher.de\\\/wp-content\\\/grand-media\\\/image\\\/Hochzeitsfotografin_-_Melanie_Melcher-101_1.jpg\"},\"title\":\"Hochzeitsfotografin - Melanie Melcher-101\",\"alt\":\"Hochzeitsfotografin - Melanie Melcher-101\",\"caption\":\"\",\"url\":\"\",\"post_link\":\"https:\\\/\\\/www.melanie-melcher.de\\\/index.php\\\/gmedia\\\/hochzeitsfotografin_-_melanie_melcher-101_1-jpg\\\/\",\"cc\":0,\"views\":31,\"likes\":0,\"width\":800,\"height\":533},{\"id\":\"1432\",\"type\":\"image\",\"ext\":\"jpg\",\"src\":\"\\\/image\\\/Hochzeitsfotografin_-_Melanie_Melcher-58_2.jpg\",\"sizes\":{\"thumb\":\"https:\\\/\\\/www.melanie-melcher.de\\\/wp-content\\\/grand-media\\\/image\\\/thumb\\\/Hochzeitsfotografin_-_Melanie_Melcher-58_2.jpg\",\"full\":\"https:\\\/\\\/www.melanie-melcher.de\\\/wp-content\\\/grand-media\\\/image\\\/Hochzeitsfotografin_-_Melanie_Melcher-58_2.jpg\"},\"title\":\"Hochzeitsfotografin - Melanie Melcher-58\",\"alt\":\"Hochzeitsfotografin - Melanie Melcher-58\",\"caption\":\"\",\"url\":\"\",\"post_link\":\"https:\\\/\\\/www.melanie-melcher.de\\\/index.php\\\/gmedia\\\/hochzeitsfotografin_-_melanie_melcher-58_2-jpg\\\/\",\"cc\":0,\"views\":33,\"likes\":0,\"width\":800,\"height\":533},{\"id\":\"1531\",\"type\":\"image\",\"ext\":\"jpg\",\"src\":\"\\\/image\\\/Hochzeitsfotografin_-_Melanie_Melcher-157.jpg\",\"sizes\":{\"thumb\":\"https:\\\/\\\/www.melanie-melcher.de\\\/wp-content\\\/grand-media\\\/image\\\/thumb\\\/Hochzeitsfotografin_-_Melanie_Melcher-157.jpg\",\"full\":\"https:\\\/\\\/www.melanie-melcher.de\\\/wp-content\\\/grand-media\\\/image\\\/Hochzeitsfotografin_-_Melanie_Melcher-157.jpg\"},\"title\":\"Hochzeitsfotografin - Melanie Melcher-157\",\"alt\":\"Hochzeitsfotografin - Melanie Melcher-157\",\"caption\":\"\",\"url\":\"\",\"post_link\":\"https:\\\/\\\/www.melanie-melcher.de\\\/index.php\\\/gmedia\\\/hochzeitsfotografin_-_melanie_melcher-157-jpg\\\/\",\"cc\":0,\"views\":36,\"likes\":0,\"width\":800,\"height\":533},{\"id\":\"1487\",\"type\":\"image\",\"ext\":\"jpg\",\"src\":\"\\\/image\\\/Hochzeitsfotografin_-_Melanie_Melcher-113_1.jpg\",\"sizes\":{\"thumb\":\"https:\\\/\\\/www.melanie-melcher.de\\\/wp-content\\\/grand-media\\\/image\\\/thumb\\\/Hochzeitsfotografin_-_Melanie_Melcher-113_1.jpg\",\"full\":\"https:\\\/\\\/www.melanie-melcher.de\\\/wp-content\\\/grand-media\\\/image\\\/Hochzeitsfotografin_-_Melanie_Melcher-113_1.jpg\"},\"title\":\"Hochzeitsfotografin - Melanie Melcher-113\",\"alt\":\"Hochzeitsfotografin - Melanie Melcher-113\",\"caption\":\"\",\"url\":\"\",\"post_link\":\"https:\\\/\\\/www.melanie-melcher.de\\\/index.php\\\/gmedia\\\/hochzeitsfotografin_-_melanie_melcher-113_1-jpg\\\/\",\"cc\":0,\"views\":32,\"likes\":0,\"width\":800,\"height\":533},{\"id\":\"1452\",\"type\":\"image\",\"ext\":\"jpg\",\"src\":\"\\\/image\\\/Hochzeitsfotografin_-_Melanie_Melcher-78_2.jpg\",\"sizes\":{\"thumb\":\"https:\\\/\\\/www.melanie-melcher.de\\\/wp-content\\\/grand-media\\\/image\\\/thumb\\\/Hochzeitsfotografin_-_Melanie_Melcher-78_2.jpg\",\"full\":\"https:\\\/\\\/www.melanie-melcher.de\\\/wp-content\\\/grand-media\\\/image\\\/Hochzeitsfotografin_-_Melanie_Melcher-78_2.jpg\"},\"title\":\"Hochzeitsfotografin - Melanie Melcher-78\",\"alt\":\"Hochzeitsfotografin - Melanie Melcher-78\",\"caption\":\"\",\"url\":\"\",\"post_link\":\"https:\\\/\\\/www.melanie-melcher.de\\\/index.php\\\/gmedia\\\/hochzeitsfotografin_-_melanie_melcher-78_2-jpg\\\/\",\"cc\":0,\"views\":27,\"likes\":0,\"width\":800,\"height\":533},{\"id\":\"1415\",\"type\":\"image\",\"ext\":\"jpg\",\"src\":\"\\\/image\\\/Hochzeitsfotografin_-_Melanie_Melcher-41_2.jpg\",\"sizes\":{\"thumb\":\"https:\\\/\\\/www.melanie-melcher.de\\\/wp-content\\\/grand-media\\\/image\\\/thumb\\\/Hochzeitsfotografin_-_Melanie_Melcher-41_2.jpg\",\"full\":\"https:\\\/\\\/www.melanie-melcher.de\\\/wp-content\\\/grand-media\\\/image\\\/Hochzeitsfotografin_-_Melanie_Melcher-41_2.jpg\"},\"title\":\"Hochzeitsfotografin - Melanie Melcher-41\",\"alt\":\"Hochzeitsfotografin - Melanie Melcher-41\",\"caption\":\"\",\"url\":\"\",\"post_link\":\"https:\\\/\\\/www.melanie-melcher.de\\\/index.php\\\/gmedia\\\/hochzeitsfotografin_-_melanie_melcher-41_2-jpg\\\/\",\"cc\":0,\"views\":24,\"likes\":0,\"width\":800,\"height\":533},{\"id\":\"1464\",\"type\":\"image\",\"ext\":\"jpg\",\"src\":\"\\\/image\\\/Hochzeitsfotografin_-_Melanie_Melcher-90_2.jpg\",\"sizes\":{\"thumb\":\"https:\\\/\\\/www.melanie-melcher.de\\\/wp-content\\\/grand-media\\\/image\\\/thumb\\\/Hochzeitsfotografin_-_Melanie_Melcher-90_2.jpg\",\"full\":\"https:\\\/\\\/www.melanie-melcher.de\\\/wp-content\\\/grand-media\\\/image\\\/Hochzeitsfotografin_-_Melanie_Melcher-90_2.jpg\"},\"title\":\"Hochzeitsfotografin - Melanie Melcher-90\",\"alt\":\"Hochzeitsfotografin - Melanie Melcher-90\",\"caption\":\"\",\"url\":\"\",\"post_link\":\"https:\\\/\\\/www.melanie-melcher.de\\\/index.php\\\/gmedia\\\/hochzeitsfotografin_-_melanie_melcher-90_2-jpg\\\/\",\"cc\":0,\"views\":27,\"likes\":0,\"width\":800,\"height\":533},{\"id\":\"1478\",\"type\":\"image\",\"ext\":\"jpg\",\"src\":\"\\\/image\\\/Hochzeitsfotografin_-_Melanie_Melcher-104_1.jpg\",\"sizes\":{\"thumb\":\"https:\\\/\\\/www.melanie-melcher.de\\\/wp-content\\\/grand-media\\\/image\\\/thumb\\\/Hochzeitsfotografin_-_Melanie_Melcher-104_1.jpg\",\"full\":\"https:\\\/\\\/www.melanie-melcher.de\\\/wp-content\\\/grand-media\\\/image\\\/Hochzeitsfotografin_-_Melanie_Melcher-104_1.jpg\"},\"title\":\"Hochzeitsfotografin - Melanie Melcher-104\",\"alt\":\"Hochzeitsfotografin - Melanie Melcher-104\",\"caption\":\"\",\"url\":\"\",\"post_link\":\"https:\\\/\\\/www.melanie-melcher.de\\\/index.php\\\/gmedia\\\/hochzeitsfotografin_-_melanie_melcher-104_1-jpg\\\/\",\"cc\":0,\"views\":28,\"likes\":0,\"width\":800,\"height\":533},{\"id\":\"1506\",\"type\":\"image\",\"ext\":\"jpg\",\"src\":\"\\\/image\\\/Hochzeitsfotografin_-_Melanie_Melcher-132.jpg\",\"sizes\":{\"thumb\":\"https:\\\/\\\/www.melanie-melcher.de\\\/wp-content\\\/grand-media\\\/image\\\/thumb\\\/Hochzeitsfotografin_-_Melanie_Melcher-132.jpg\",\"full\":\"https:\\\/\\\/www.melanie-melcher.de\\\/wp-content\\\/grand-media\\\/image\\\/Hochzeitsfotografin_-_Melanie_Melcher-132.jpg\"},\"title\":\"Hochzeitsfotografin - Melanie Melcher-132\",\"alt\":\"Hochzeitsfotografin - Melanie Melcher-132\",\"caption\":\"\",\"url\":\"\",\"post_link\":\"https:\\\/\\\/www.melanie-melcher.de\\\/index.php\\\/gmedia\\\/hochzeitsfotografin_-_melanie_melcher-132-jpg\\\/\",\"cc\":0,\"views\":25,\"likes\":0,\"width\":533,\"height\":800},{\"id\":\"1376\",\"type\":\"image\",\"ext\":\"jpg\",\"src\":\"\\\/image\\\/Hochzeitsfotografin_-_Melanie_Melcher-2_2.jpg\",\"sizes\":{\"thumb\":\"https:\\\/\\\/www.melanie-melcher.de\\\/wp-content\\\/grand-media\\\/image\\\/thumb\\\/Hochzeitsfotografin_-_Melanie_Melcher-2_2.jpg\",\"full\":\"https:\\\/\\\/www.melanie-melcher.de\\\/wp-content\\\/grand-media\\\/image\\\/Hochzeitsfotografin_-_Melanie_Melcher-2_2.jpg\"},\"title\":\"Hochzeitsfotografin - Melanie Melcher-2\",\"alt\":\"Hochzeitsfotografin - Melanie Melcher-2\",\"caption\":\"\",\"url\":\"\",\"post_link\":\"https:\\\/\\\/www.melanie-melcher.de\\\/index.php\\\/gmedia\\\/hochzeitsfotografin_-_melanie_melcher-2_2-jpg\\\/\",\"cc\":0,\"views\":27,\"likes\":0,\"width\":800,\"height\":533},{\"id\":\"1397\",\"type\":\"image\",\"ext\":\"jpg\",\"src\":\"\\\/image\\\/Hochzeitsfotografin_-_Melanie_Melcher-23_2.jpg\",\"sizes\":{\"thumb\":\"https:\\\/\\\/www.melanie-melcher.de\\\/wp-content\\\/grand-media\\\/image\\\/thumb\\\/Hochzeitsfotografin_-_Melanie_Melcher-23_2.jpg\",\"full\":\"https:\\\/\\\/www.melanie-melcher.de\\\/wp-content\\\/grand-media\\\/image\\\/Hochzeitsfotografin_-_Melanie_Melcher-23_2.jpg\"},\"title\":\"Hochzeitsfotografin - Melanie Melcher-23\",\"alt\":\"Hochzeitsfotografin - Melanie Melcher-23\",\"caption\":\"\",\"url\":\"\",\"post_link\":\"https:\\\/\\\/www.melanie-melcher.de\\\/index.php\\\/gmedia\\\/hochzeitsfotografin_-_melanie_melcher-23_2-jpg\\\/\",\"cc\":0,\"views\":27,\"likes\":0,\"width\":533,\"height\":800},{\"id\":\"1423\",\"type\":\"image\",\"ext\":\"jpg\",\"src\":\"\\\/image\\\/Hochzeitsfotografin_-_Melanie_Melcher-49_2.jpg\",\"sizes\":{\"thumb\":\"https:\\\/\\\/www.melanie-melcher.de\\\/wp-content\\\/grand-media\\\/image\\\/thumb\\\/Hochzeitsfotografin_-_Melanie_Melcher-49_2.jpg\",\"full\":\"https:\\\/\\\/www.melanie-melcher.de\\\/wp-content\\\/grand-media\\\/image\\\/Hochzeitsfotografin_-_Melanie_Melcher-49_2.jpg\"},\"title\":\"Hochzeitsfotografin - Melanie Melcher-49\",\"alt\":\"Hochzeitsfotografin - Melanie Melcher-49\",\"caption\":\"\",\"url\":\"\",\"post_link\":\"https:\\\/\\\/www.melanie-melcher.de\\\/index.php\\\/gmedia\\\/hochzeitsfotografin_-_melanie_melcher-49_2-jpg\\\/\",\"cc\":0,\"views\":30,\"likes\":0,\"width\":533,\"height\":800},{\"id\":\"1447\",\"type\":\"image\",\"ext\":\"jpg\",\"src\":\"\\\/image\\\/Hochzeitsfotografin_-_Melanie_Melcher-73_2.jpg\",\"sizes\":{\"thumb\":\"https:\\\/\\\/www.melanie-melcher.de\\\/wp-content\\\/grand-media\\\/image\\\/thumb\\\/Hochzeitsfotografin_-_Melanie_Melcher-73_2.jpg\",\"full\":\"https:\\\/\\\/www.melanie-melcher.de\\\/wp-content\\\/grand-media\\\/image\\\/Hochzeitsfotografin_-_Melanie_Melcher-73_2.jpg\"},\"title\":\"Hochzeitsfotografin - Melanie Melcher-73\",\"alt\":\"Hochzeitsfotografin - Melanie Melcher-73\",\"caption\":\"\",\"url\":\"\",\"post_link\":\"https:\\\/\\\/www.melanie-melcher.de\\\/index.php\\\/gmedia\\\/hochzeitsfotografin_-_melanie_melcher-73_2-jpg\\\/\",\"cc\":0,\"views\":26,\"likes\":0,\"width\":533,\"height\":800},{\"id\":\"1513\",\"type\":\"image\",\"ext\":\"jpg\",\"src\":\"\\\/image\\\/Hochzeitsfotografin_-_Melanie_Melcher-139.jpg\",\"sizes\":{\"thumb\":\"https:\\\/\\\/www.melanie-melcher.de\\\/wp-content\\\/grand-media\\\/image\\\/thumb\\\/Hochzeitsfotografin_-_Melanie_Melcher-139.jpg\",\"full\":\"https:\\\/\\\/www.melanie-melcher.de\\\/wp-content\\\/grand-media\\\/image\\\/Hochzeitsfotografin_-_Melanie_Melcher-139.jpg\"},\"title\":\"Hochzeitsfotografin - Melanie Melcher-139\",\"alt\":\"Hochzeitsfotografin - Melanie Melcher-139\",\"caption\":\"\",\"url\":\"\",\"post_link\":\"https:\\\/\\\/www.melanie-melcher.de\\\/index.php\\\/gmedia\\\/hochzeitsfotografin_-_melanie_melcher-139-jpg\\\/\",\"cc\":0,\"views\":32,\"likes\":0,\"width\":533,\"height\":800},{\"id\":\"1378\",\"type\":\"image\",\"ext\":\"jpg\",\"src\":\"\\\/image\\\/Hochzeitsfotografin_-_Melanie_Melcher-4_2.jpg\",\"sizes\":{\"thumb\":\"https:\\\/\\\/www.melanie-melcher.de\\\/wp-content\\\/grand-media\\\/image\\\/thumb\\\/Hochzeitsfotografin_-_Melanie_Melcher-4_2.jpg\",\"full\":\"https:\\\/\\\/www.melanie-melcher.de\\\/wp-content\\\/grand-media\\\/image\\\/Hochzeitsfotografin_-_Melanie_Melcher-4_2.jpg\"},\"title\":\"Hochzeitsfotografin - Melanie Melcher-4\",\"alt\":\"Hochzeitsfotografin - Melanie Melcher-4\",\"caption\":\"\",\"url\":\"\",\"post_link\":\"https:\\\/\\\/www.melanie-melcher.de\\\/index.php\\\/gmedia\\\/hochzeitsfotografin_-_melanie_melcher-4_2-jpg\\\/\",\"cc\":0,\"views\":28,\"likes\":0,\"width\":800,\"height\":533},{\"id\":\"1535\",\"type\":\"image\",\"ext\":\"jpg\",\"src\":\"\\\/image\\\/Hochzeitsfotografin_-_Melanie_Melcher-161.jpg\",\"sizes\":{\"thumb\":\"https:\\\/\\\/www.melanie-melcher.de\\\/wp-content\\\/grand-media\\\/image\\\/thumb\\\/Hochzeitsfotografin_-_Melanie_Melcher-161.jpg\",\"full\":\"https:\\\/\\\/www.melanie-melcher.de\\\/wp-content\\\/grand-media\\\/image\\\/Hochzeitsfotografin_-_Melanie_Melcher-161.jpg\"},\"title\":\"Hochzeitsfotografin - Melanie Melcher-161\",\"alt\":\"Hochzeitsfotografin - Melanie Melcher-161\",\"caption\":\"\",\"url\":\"\",\"post_link\":\"https:\\\/\\\/www.melanie-melcher.de\\\/index.php\\\/gmedia\\\/hochzeitsfotografin_-_melanie_melcher-161-jpg\\\/\",\"cc\":0,\"views\":34,\"likes\":0,\"width\":800,\"height\":533},{\"id\":\"1418\",\"type\":\"image\",\"ext\":\"jpg\",\"src\":\"\\\/image\\\/Hochzeitsfotografin_-_Melanie_Melcher-44_2.jpg\",\"sizes\":{\"thumb\":\"https:\\\/\\\/www.melanie-melcher.de\\\/wp-content\\\/grand-media\\\/image\\\/thumb\\\/Hochzeitsfotografin_-_Melanie_Melcher-44_2.jpg\",\"full\":\"https:\\\/\\\/www.melanie-melcher.de\\\/wp-content\\\/grand-media\\\/image\\\/Hochzeitsfotografin_-_Melanie_Melcher-44_2.jpg\"},\"title\":\"Hochzeitsfotografin - Melanie Melcher-44\",\"alt\":\"Hochzeitsfotografin - Melanie Melcher-44\",\"caption\":\"\",\"url\":\"\",\"post_link\":\"https:\\\/\\\/www.melanie-melcher.de\\\/index.php\\\/gmedia\\\/hochzeitsfotografin_-_melanie_melcher-44_2-jpg\\\/\",\"cc\":0,\"views\":27,\"likes\":0,\"width\":533,\"height\":800},{\"id\":\"1538\",\"type\":\"image\",\"ext\":\"jpg\",\"src\":\"\\\/image\\\/Hochzeitsfotografin_-_Melanie_Melcher-164.jpg\",\"sizes\":{\"thumb\":\"https:\\\/\\\/www.melanie-melcher.de\\\/wp-content\\\/grand-media\\\/image\\\/thumb\\\/Hochzeitsfotografin_-_Melanie_Melcher-164.jpg\",\"full\":\"https:\\\/\\\/www.melanie-melcher.de\\\/wp-content\\\/grand-media\\\/image\\\/Hochzeitsfotografin_-_Melanie_Melcher-164.jpg\"},\"title\":\"Hochzeitsfotografin - Melanie Melcher-164\",\"alt\":\"Hochzeitsfotografin - Melanie Melcher-164\",\"caption\":\"\",\"url\":\"\",\"post_link\":\"https:\\\/\\\/www.melanie-melcher.de\\\/index.php\\\/gmedia\\\/hochzeitsfotografin_-_melanie_melcher-164-jpg\\\/\",\"cc\":0,\"views\":42,\"likes\":0,\"width\":800,\"height\":533},{\"id\":\"1521\",\"type\":\"image\",\"ext\":\"jpg\",\"src\":\"\\\/image\\\/Hochzeitsfotografin_-_Melanie_Melcher-147.jpg\",\"sizes\":{\"thumb\":\"https:\\\/\\\/www.melanie-melcher.de\\\/wp-content\\\/grand-media\\\/image\\\/thumb\\\/Hochzeitsfotografin_-_Melanie_Melcher-147.jpg\",\"full\":\"https:\\\/\\\/www.melanie-melcher.de\\\/wp-content\\\/grand-media\\\/image\\\/Hochzeitsfotografin_-_Melanie_Melcher-147.jpg\"},\"title\":\"Hochzeitsfotografin - Melanie Melcher-147\",\"alt\":\"Hochzeitsfotografin - Melanie Melcher-147\",\"caption\":\"\",\"url\":\"\",\"post_link\":\"https:\\\/\\\/www.melanie-melcher.de\\\/index.php\\\/gmedia\\\/hochzeitsfotografin_-_melanie_melcher-147-jpg\\\/\",\"cc\":0,\"views\":28,\"likes\":0,\"width\":800,\"height\":533},{\"id\":\"1519\",\"type\":\"image\",\"ext\":\"jpg\",\"src\":\"\\\/image\\\/Hochzeitsfotografin_-_Melanie_Melcher-145.jpg\",\"sizes\":{\"thumb\":\"https:\\\/\\\/www.melanie-melcher.de\\\/wp-content\\\/grand-media\\\/image\\\/thumb\\\/Hochzeitsfotografin_-_Melanie_Melcher-145.jpg\",\"full\":\"https:\\\/\\\/www.melanie-melcher.de\\\/wp-content\\\/grand-media\\\/image\\\/Hochzeitsfotografin_-_Melanie_Melcher-145.jpg\"},\"title\":\"Hochzeitsfotografin - Melanie Melcher-145\",\"alt\":\"Hochzeitsfotografin - Melanie Melcher-145\",\"caption\":\"\",\"url\":\"\",\"post_link\":\"https:\\\/\\\/www.melanie-melcher.de\\\/index.php\\\/gmedia\\\/hochzeitsfotografin_-_melanie_melcher-145-jpg\\\/\",\"cc\":0,\"views\":31,\"likes\":0,\"width\":800,\"height\":533},{\"id\":\"1390\",\"type\":\"image\",\"ext\":\"jpg\",\"src\":\"\\\/image\\\/Hochzeitsfotografin_-_Melanie_Melcher-16_2.jpg\",\"sizes\":{\"thumb\":\"https:\\\/\\\/www.melanie-melcher.de\\\/wp-content\\\/grand-media\\\/image\\\/thumb\\\/Hochzeitsfotografin_-_Melanie_Melcher-16_2.jpg\",\"full\":\"https:\\\/\\\/www.melanie-melcher.de\\\/wp-content\\\/grand-media\\\/image\\\/Hochzeitsfotografin_-_Melanie_Melcher-16_2.jpg\"},\"title\":\"Hochzeitsfotografin - Melanie Melcher-16\",\"alt\":\"Hochzeitsfotografin - Melanie Melcher-16\",\"caption\":\"\",\"url\":\"\",\"post_link\":\"https:\\\/\\\/www.melanie-melcher.de\\\/index.php\\\/gmedia\\\/hochzeitsfotografin_-_melanie_melcher-16_2-jpg\\\/\",\"cc\":0,\"views\":29,\"likes\":0,\"width\":800,\"height\":533},{\"id\":\"1522\",\"type\":\"image\",\"ext\":\"jpg\",\"src\":\"\\\/image\\\/Hochzeitsfotografin_-_Melanie_Melcher-148.jpg\",\"sizes\":{\"thumb\":\"https:\\\/\\\/www.melanie-melcher.de\\\/wp-content\\\/grand-media\\\/image\\\/thumb\\\/Hochzeitsfotografin_-_Melanie_Melcher-148.jpg\",\"full\":\"https:\\\/\\\/www.melanie-melcher.de\\\/wp-content\\\/grand-media\\\/image\\\/Hochzeitsfotografin_-_Melanie_Melcher-148.jpg\"},\"title\":\"Hochzeitsfotografin - Melanie Melcher-148\",\"alt\":\"Hochzeitsfotografin - Melanie Melcher-148\",\"caption\":\"\",\"url\":\"\",\"post_link\":\"https:\\\/\\\/www.melanie-melcher.de\\\/index.php\\\/gmedia\\\/hochzeitsfotografin_-_melanie_melcher-148-jpg\\\/\",\"cc\":0,\"views\":33,\"likes\":0,\"width\":800,\"height\":533},{\"id\":\"1389\",\"type\":\"image\",\"ext\":\"jpg\",\"src\":\"\\\/image\\\/Hochzeitsfotografin_-_Melanie_Melcher-15_2.jpg\",\"sizes\":{\"thumb\":\"https:\\\/\\\/www.melanie-melcher.de\\\/wp-content\\\/grand-media\\\/image\\\/thumb\\\/Hochzeitsfotografin_-_Melanie_Melcher-15_2.jpg\",\"full\":\"https:\\\/\\\/www.melanie-melcher.de\\\/wp-content\\\/grand-media\\\/image\\\/Hochzeitsfotografin_-_Melanie_Melcher-15_2.jpg\"},\"title\":\"Hochzeitsfotografin - Melanie Melcher-15\",\"alt\":\"Hochzeitsfotografin - Melanie Melcher-15\",\"caption\":\"\",\"url\":\"\",\"post_link\":\"https:\\\/\\\/www.melanie-melcher.de\\\/index.php\\\/gmedia\\\/hochzeitsfotografin_-_melanie_melcher-15_2-jpg\\\/\",\"cc\":0,\"views\":28,\"likes\":0,\"width\":800,\"height\":533},{\"id\":\"1473\",\"type\":\"image\",\"ext\":\"jpg\",\"src\":\"\\\/image\\\/Hochzeitsfotografin_-_Melanie_Melcher-99_1.jpg\",\"sizes\":{\"thumb\":\"https:\\\/\\\/www.melanie-melcher.de\\\/wp-content\\\/grand-media\\\/image\\\/thumb\\\/Hochzeitsfotografin_-_Melanie_Melcher-99_1.jpg\",\"full\":\"https:\\\/\\\/www.melanie-melcher.de\\\/wp-content\\\/grand-media\\\/image\\\/Hochzeitsfotografin_-_Melanie_Melcher-99_1.jpg\"},\"title\":\"Hochzeitsfotografin - Melanie Melcher-99\",\"alt\":\"Hochzeitsfotografin - Melanie Melcher-99\",\"caption\":\"\",\"url\":\"\",\"post_link\":\"https:\\\/\\\/www.melanie-melcher.de\\\/index.php\\\/gmedia\\\/hochzeitsfotografin_-_melanie_melcher-99_1-jpg\\\/\",\"cc\":0,\"views\":35,\"likes\":0,\"width\":800,\"height\":533},{\"id\":\"1540\",\"type\":\"image\",\"ext\":\"jpg\",\"src\":\"\\\/image\\\/Hochzeitsfotografin_-_Melanie_Melcher-166.jpg\",\"sizes\":{\"thumb\":\"https:\\\/\\\/www.melanie-melcher.de\\\/wp-content\\\/grand-media\\\/image\\\/thumb\\\/Hochzeitsfotografin_-_Melanie_Melcher-166.jpg\",\"full\":\"https:\\\/\\\/www.melanie-melcher.de\\\/wp-content\\\/grand-media\\\/image\\\/Hochzeitsfotografin_-_Melanie_Melcher-166.jpg\"},\"title\":\"Hochzeitsfotografin - Melanie Melcher-166\",\"alt\":\"Hochzeitsfotografin - Melanie Melcher-166\",\"caption\":\"\",\"url\":\"\",\"post_link\":\"https:\\\/\\\/www.melanie-melcher.de\\\/index.php\\\/gmedia\\\/hochzeitsfotografin_-_melanie_melcher-166-jpg\\\/\",\"cc\":0,\"views\":30,\"likes\":0,\"width\":800,\"height\":533},{\"id\":\"1403\",\"type\":\"image\",\"ext\":\"jpg\",\"src\":\"\\\/image\\\/Hochzeitsfotografin_-_Melanie_Melcher-29_2.jpg\",\"sizes\":{\"thumb\":\"https:\\\/\\\/www.melanie-melcher.de\\\/wp-content\\\/grand-media\\\/image\\\/thumb\\\/Hochzeitsfotografin_-_Melanie_Melcher-29_2.jpg\",\"full\":\"https:\\\/\\\/www.melanie-melcher.de\\\/wp-content\\\/grand-media\\\/image\\\/Hochzeitsfotografin_-_Melanie_Melcher-29_2.jpg\"},\"title\":\"Hochzeitsfotografin - Melanie Melcher-29\",\"alt\":\"Hochzeitsfotografin - Melanie Melcher-29\",\"caption\":\"\",\"url\":\"\",\"post_link\":\"https:\\\/\\\/www.melanie-melcher.de\\\/index.php\\\/gmedia\\\/hochzeitsfotografin_-_melanie_melcher-29_2-jpg\\\/\",\"cc\":0,\"views\":31,\"likes\":0,\"width\":800,\"height\":533},{\"id\":\"1435\",\"type\":\"image\",\"ext\":\"jpg\",\"src\":\"\\\/image\\\/Hochzeitsfotografin_-_Melanie_Melcher-61_2.jpg\",\"sizes\":{\"thumb\":\"https:\\\/\\\/www.melanie-melcher.de\\\/wp-content\\\/grand-media\\\/image\\\/thumb\\\/Hochzeitsfotografin_-_Melanie_Melcher-61_2.jpg\",\"full\":\"https:\\\/\\\/www.melanie-melcher.de\\\/wp-content\\\/grand-media\\\/image\\\/Hochzeitsfotografin_-_Melanie_Melcher-61_2.jpg\"},\"title\":\"Hochzeitsfotografin - Melanie Melcher-61\",\"alt\":\"Hochzeitsfotografin - Melanie Melcher-61\",\"caption\":\"\",\"url\":\"\",\"post_link\":\"https:\\\/\\\/www.melanie-melcher.de\\\/index.php\\\/gmedia\\\/hochzeitsfotografin_-_melanie_melcher-61_2-jpg\\\/\",\"cc\":0,\"views\":28,\"likes\":0,\"width\":533,\"height\":800},{\"id\":\"1408\",\"type\":\"image\",\"ext\":\"jpg\",\"src\":\"\\\/image\\\/Hochzeitsfotografin_-_Melanie_Melcher-34_2.jpg\",\"sizes\":{\"thumb\":\"https:\\\/\\\/www.melanie-melcher.de\\\/wp-content\\\/grand-media\\\/image\\\/thumb\\\/Hochzeitsfotografin_-_Melanie_Melcher-34_2.jpg\",\"full\":\"https:\\\/\\\/www.melanie-melcher.de\\\/wp-content\\\/grand-media\\\/image\\\/Hochzeitsfotografin_-_Melanie_Melcher-34_2.jpg\"},\"title\":\"Hochzeitsfotografin - Melanie Melcher-34\",\"alt\":\"Hochzeitsfotografin - Melanie Melcher-34\",\"caption\":\"\",\"url\":\"\",\"post_link\":\"https:\\\/\\\/www.melanie-melcher.de\\\/index.php\\\/gmedia\\\/hochzeitsfotografin_-_melanie_melcher-34_2-jpg\\\/\",\"cc\":0,\"views\":28,\"likes\":0,\"width\":533,\"height\":800},{\"id\":\"1497\",\"type\":\"image\",\"ext\":\"jpg\",\"src\":\"\\\/image\\\/Hochzeitsfotografin_-_Melanie_Melcher-123.jpg\",\"sizes\":{\"thumb\":\"https:\\\/\\\/www.melanie-melcher.de\\\/wp-content\\\/grand-media\\\/image\\\/thumb\\\/Hochzeitsfotografin_-_Melanie_Melcher-123.jpg\",\"full\":\"https:\\\/\\\/www.melanie-melcher.de\\\/wp-content\\\/grand-media\\\/image\\\/Hochzeitsfotografin_-_Melanie_Melcher-123.jpg\"},\"title\":\"Hochzeitsfotografin - Melanie Melcher-123\",\"alt\":\"Hochzeitsfotografin - Melanie Melcher-123\",\"caption\":\"\",\"url\":\"\",\"post_link\":\"https:\\\/\\\/www.melanie-melcher.de\\\/index.php\\\/gmedia\\\/hochzeitsfotografin_-_melanie_melcher-123-jpg\\\/\",\"cc\":0,\"views\":41,\"likes\":0,\"width\":533,\"height\":800},{\"id\":\"1534\",\"type\":\"image\",\"ext\":\"jpg\",\"src\":\"\\\/image\\\/Hochzeitsfotografin_-_Melanie_Melcher-160.jpg\",\"sizes\":{\"thumb\":\"https:\\\/\\\/www.melanie-melcher.de\\\/wp-content\\\/grand-media\\\/image\\\/thumb\\\/Hochzeitsfotografin_-_Melanie_Melcher-160.jpg\",\"full\":\"https:\\\/\\\/www.melanie-melcher.de\\\/wp-content\\\/grand-media\\\/image\\\/Hochzeitsfotografin_-_Melanie_Melcher-160.jpg\"},\"title\":\"Hochzeitsfotografin - Melanie Melcher-160\",\"alt\":\"Hochzeitsfotografin - Melanie Melcher-160\",\"caption\":\"\",\"url\":\"\",\"post_link\":\"https:\\\/\\\/www.melanie-melcher.de\\\/index.php\\\/gmedia\\\/hochzeitsfotografin_-_melanie_melcher-160-jpg\\\/\",\"cc\":0,\"views\":32,\"likes\":0,\"width\":800,\"height\":533},{\"id\":\"1409\",\"type\":\"image\",\"ext\":\"jpg\",\"src\":\"\\\/image\\\/Hochzeitsfotografin_-_Melanie_Melcher-35_2.jpg\",\"sizes\":{\"thumb\":\"https:\\\/\\\/www.melanie-melcher.de\\\/wp-content\\\/grand-media\\\/image\\\/thumb\\\/Hochzeitsfotografin_-_Melanie_Melcher-35_2.jpg\",\"full\":\"https:\\\/\\\/www.melanie-melcher.de\\\/wp-content\\\/grand-media\\\/image\\\/Hochzeitsfotografin_-_Melanie_Melcher-35_2.jpg\"},\"title\":\"Hochzeitsfotografin - Melanie Melcher-35\",\"alt\":\"Hochzeitsfotografin - Melanie Melcher-35\",\"caption\":\"\",\"url\":\"\",\"post_link\":\"https:\\\/\\\/www.melanie-melcher.de\\\/index.php\\\/gmedia\\\/hochzeitsfotografin_-_melanie_melcher-35_2-jpg\\\/\",\"cc\":0,\"views\":30,\"likes\":0,\"width\":800,\"height\":533},{\"id\":\"1498\",\"type\":\"image\",\"ext\":\"jpg\",\"src\":\"\\\/image\\\/Hochzeitsfotografin_-_Melanie_Melcher-124.jpg\",\"sizes\":{\"thumb\":\"https:\\\/\\\/www.melanie-melcher.de\\\/wp-content\\\/grand-media\\\/image\\\/thumb\\\/Hochzeitsfotografin_-_Melanie_Melcher-124.jpg\",\"full\":\"https:\\\/\\\/www.melanie-melcher.de\\\/wp-content\\\/grand-media\\\/image\\\/Hochzeitsfotografin_-_Melanie_Melcher-124.jpg\"},\"title\":\"Hochzeitsfotografin - Melanie Melcher-124\",\"alt\":\"Hochzeitsfotografin - Melanie Melcher-124\",\"caption\":\"\",\"url\":\"\",\"post_link\":\"https:\\\/\\\/www.melanie-melcher.de\\\/index.php\\\/gmedia\\\/hochzeitsfotografin_-_melanie_melcher-124-jpg\\\/\",\"cc\":0,\"views\":33,\"likes\":0,\"width\":800,\"height\":533},{\"id\":\"1388\",\"type\":\"image\",\"ext\":\"jpg\",\"src\":\"\\\/image\\\/Hochzeitsfotografin_-_Melanie_Melcher-14_2.jpg\",\"sizes\":{\"thumb\":\"https:\\\/\\\/www.melanie-melcher.de\\\/wp-content\\\/grand-media\\\/image\\\/thumb\\\/Hochzeitsfotografin_-_Melanie_Melcher-14_2.jpg\",\"full\":\"https:\\\/\\\/www.melanie-melcher.de\\\/wp-content\\\/grand-media\\\/image\\\/Hochzeitsfotografin_-_Melanie_Melcher-14_2.jpg\"},\"title\":\"Hochzeitsfotografin - Melanie Melcher-14\",\"alt\":\"Hochzeitsfotografin - Melanie Melcher-14\",\"caption\":\"\",\"url\":\"\",\"post_link\":\"https:\\\/\\\/www.melanie-melcher.de\\\/index.php\\\/gmedia\\\/hochzeitsfotografin_-_melanie_melcher-14_2-jpg\\\/\",\"cc\":0,\"views\":27,\"likes\":0,\"width\":533,\"height\":800},{\"id\":\"1525\",\"type\":\"image\",\"ext\":\"jpg\",\"src\":\"\\\/image\\\/Hochzeitsfotografin_-_Melanie_Melcher-151.jpg\",\"sizes\":{\"thumb\":\"https:\\\/\\\/www.melanie-melcher.de\\\/wp-content\\\/grand-media\\\/image\\\/thumb\\\/Hochzeitsfotografin_-_Melanie_Melcher-151.jpg\",\"full\":\"https:\\\/\\\/www.melanie-melcher.de\\\/wp-content\\\/grand-media\\\/image\\\/Hochzeitsfotografin_-_Melanie_Melcher-151.jpg\"},\"title\":\"Hochzeitsfotografin - Melanie Melcher-151\",\"alt\":\"Hochzeitsfotografin - Melanie Melcher-151\",\"caption\":\"\",\"url\":\"\",\"post_link\":\"https:\\\/\\\/www.melanie-melcher.de\\\/index.php\\\/gmedia\\\/hochzeitsfotografin_-_melanie_melcher-151-jpg\\\/\",\"cc\":0,\"views\":31,\"likes\":0,\"width\":800,\"height\":533},{\"id\":\"1379\",\"type\":\"image\",\"ext\":\"jpg\",\"src\":\"\\\/image\\\/Hochzeitsfotografin_-_Melanie_Melcher-5_2.jpg\",\"sizes\":{\"thumb\":\"https:\\\/\\\/www.melanie-melcher.de\\\/wp-content\\\/grand-media\\\/image\\\/thumb\\\/Hochzeitsfotografin_-_Melanie_Melcher-5_2.jpg\",\"full\":\"https:\\\/\\\/www.melanie-melcher.de\\\/wp-content\\\/grand-media\\\/image\\\/Hochzeitsfotografin_-_Melanie_Melcher-5_2.jpg\"},\"title\":\"Hochzeitsfotografin - Melanie Melcher-5\",\"alt\":\"Hochzeitsfotografin - Melanie Melcher-5\",\"caption\":\"\",\"url\":\"\",\"post_link\":\"https:\\\/\\\/www.melanie-melcher.de\\\/index.php\\\/gmedia\\\/hochzeitsfotografin_-_melanie_melcher-5_2-jpg\\\/\",\"cc\":0,\"views\":30,\"likes\":0,\"width\":800,\"height\":533},{\"id\":\"1461\",\"type\":\"image\",\"ext\":\"jpg\",\"src\":\"\\\/image\\\/Hochzeitsfotografin_-_Melanie_Melcher-87_2.jpg\",\"sizes\":{\"thumb\":\"https:\\\/\\\/www.melanie-melcher.de\\\/wp-content\\\/grand-media\\\/image\\\/thumb\\\/Hochzeitsfotografin_-_Melanie_Melcher-87_2.jpg\",\"full\":\"https:\\\/\\\/www.melanie-melcher.de\\\/wp-content\\\/grand-media\\\/image\\\/Hochzeitsfotografin_-_Melanie_Melcher-87_2.jpg\"},\"title\":\"Hochzeitsfotografin - Melanie Melcher-87\",\"alt\":\"Hochzeitsfotografin - Melanie Melcher-87\",\"caption\":\"\",\"url\":\"\",\"post_link\":\"https:\\\/\\\/www.melanie-melcher.de\\\/index.php\\\/gmedia\\\/hochzeitsfotografin_-_melanie_melcher-87_2-jpg\\\/\",\"cc\":0,\"views\":31,\"likes\":0,\"width\":800,\"height\":533},{\"id\":\"1481\",\"type\":\"image\",\"ext\":\"jpg\",\"src\":\"\\\/image\\\/Hochzeitsfotografin_-_Melanie_Melcher-107_1.jpg\",\"sizes\":{\"thumb\":\"https:\\\/\\\/www.melanie-melcher.de\\\/wp-content\\\/grand-media\\\/image\\\/thumb\\\/Hochzeitsfotografin_-_Melanie_Melcher-107_1.jpg\",\"full\":\"https:\\\/\\\/www.melanie-melcher.de\\\/wp-content\\\/grand-media\\\/image\\\/Hochzeitsfotografin_-_Melanie_Melcher-107_1.jpg\"},\"title\":\"Hochzeitsfotografin - Melanie Melcher-107\",\"alt\":\"Hochzeitsfotografin - Melanie Melcher-107\",\"caption\":\"\",\"url\":\"\",\"post_link\":\"https:\\\/\\\/www.melanie-melcher.de\\\/index.php\\\/gmedia\\\/hochzeitsfotografin_-_melanie_melcher-107_1-jpg\\\/\",\"cc\":0,\"views\":31,\"likes\":0,\"width\":800,\"height\":533},{\"id\":\"1471\",\"type\":\"image\",\"ext\":\"jpg\",\"src\":\"\\\/image\\\/Hochzeitsfotografin_-_Melanie_Melcher-97_1.jpg\",\"sizes\":{\"thumb\":\"https:\\\/\\\/www.melanie-melcher.de\\\/wp-content\\\/grand-media\\\/image\\\/thumb\\\/Hochzeitsfotografin_-_Melanie_Melcher-97_1.jpg\",\"full\":\"https:\\\/\\\/www.melanie-melcher.de\\\/wp-content\\\/grand-media\\\/image\\\/Hochzeitsfotografin_-_Melanie_Melcher-97_1.jpg\"},\"title\":\"Hochzeitsfotografin - Melanie Melcher-97\",\"alt\":\"Hochzeitsfotografin - Melanie Melcher-97\",\"caption\":\"\",\"url\":\"\",\"post_link\":\"https:\\\/\\\/www.melanie-melcher.de\\\/index.php\\\/gmedia\\\/hochzeitsfotografin_-_melanie_melcher-97_1-jpg\\\/\",\"cc\":0,\"views\":25,\"likes\":0,\"width\":800,\"height\":533},{\"id\":\"1440\",\"type\":\"image\",\"ext\":\"jpg\",\"src\":\"\\\/image\\\/Hochzeitsfotografin_-_Melanie_Melcher-66_2.jpg\",\"sizes\":{\"thumb\":\"https:\\\/\\\/www.melanie-melcher.de\\\/wp-content\\\/grand-media\\\/image\\\/thumb\\\/Hochzeitsfotografin_-_Melanie_Melcher-66_2.jpg\",\"full\":\"https:\\\/\\\/www.melanie-melcher.de\\\/wp-content\\\/grand-media\\\/image\\\/Hochzeitsfotografin_-_Melanie_Melcher-66_2.jpg\"},\"title\":\"Hochzeitsfotografin - Melanie Melcher-66\",\"alt\":\"Hochzeitsfotografin - Melanie Melcher-66\",\"caption\":\"\",\"url\":\"\",\"post_link\":\"https:\\\/\\\/www.melanie-melcher.de\\\/index.php\\\/gmedia\\\/hochzeitsfotografin_-_melanie_melcher-66_2-jpg\\\/\",\"cc\":0,\"views\":33,\"likes\":0,\"width\":800,\"height\":533},{\"id\":\"1427\",\"type\":\"image\",\"ext\":\"jpg\",\"src\":\"\\\/image\\\/Hochzeitsfotografin_-_Melanie_Melcher-53_2.jpg\",\"sizes\":{\"thumb\":\"https:\\\/\\\/www.melanie-melcher.de\\\/wp-content\\\/grand-media\\\/image\\\/thumb\\\/Hochzeitsfotografin_-_Melanie_Melcher-53_2.jpg\",\"full\":\"https:\\\/\\\/www.melanie-melcher.de\\\/wp-content\\\/grand-media\\\/image\\\/Hochzeitsfotografin_-_Melanie_Melcher-53_2.jpg\"},\"title\":\"Hochzeitsfotografin - Melanie Melcher-53\",\"alt\":\"Hochzeitsfotografin - Melanie Melcher-53\",\"caption\":\"\",\"url\":\"\",\"post_link\":\"https:\\\/\\\/www.melanie-melcher.de\\\/index.php\\\/gmedia\\\/hochzeitsfotografin_-_melanie_melcher-53_2-jpg\\\/\",\"cc\":0,\"views\":31,\"likes\":0,\"width\":800,\"height\":533},{\"id\":\"1537\",\"type\":\"image\",\"ext\":\"jpg\",\"src\":\"\\\/image\\\/Hochzeitsfotografin_-_Melanie_Melcher-163.jpg\",\"sizes\":{\"thumb\":\"https:\\\/\\\/www.melanie-melcher.de\\\/wp-content\\\/grand-media\\\/image\\\/thumb\\\/Hochzeitsfotografin_-_Melanie_Melcher-163.jpg\",\"full\":\"https:\\\/\\\/www.melanie-melcher.de\\\/wp-content\\\/grand-media\\\/image\\\/Hochzeitsfotografin_-_Melanie_Melcher-163.jpg\"},\"title\":\"Hochzeitsfotografin - Melanie Melcher-163\",\"alt\":\"Hochzeitsfotografin - Melanie Melcher-163\",\"caption\":\"\",\"url\":\"\",\"post_link\":\"https:\\\/\\\/www.melanie-melcher.de\\\/index.php\\\/gmedia\\\/hochzeitsfotografin_-_melanie_melcher-163-jpg\\\/\",\"cc\":0,\"views\":35,\"likes\":0,\"width\":800,\"height\":533},{\"id\":\"1391\",\"type\":\"image\",\"ext\":\"jpg\",\"src\":\"\\\/image\\\/Hochzeitsfotografin_-_Melanie_Melcher-17_2.jpg\",\"sizes\":{\"thumb\":\"https:\\\/\\\/www.melanie-melcher.de\\\/wp-content\\\/grand-media\\\/image\\\/thumb\\\/Hochzeitsfotografin_-_Melanie_Melcher-17_2.jpg\",\"full\":\"https:\\\/\\\/www.melanie-melcher.de\\\/wp-content\\\/grand-media\\\/image\\\/Hochzeitsfotografin_-_Melanie_Melcher-17_2.jpg\"},\"title\":\"Hochzeitsfotografin - Melanie Melcher-17\",\"alt\":\"Hochzeitsfotografin - Melanie Melcher-17\",\"caption\":\"\",\"url\":\"\",\"post_link\":\"https:\\\/\\\/www.melanie-melcher.de\\\/index.php\\\/gmedia\\\/hochzeitsfotografin_-_melanie_melcher-17_2-jpg\\\/\",\"cc\":0,\"views\":31,\"likes\":0,\"width\":800,\"height\":533},{\"id\":\"1404\",\"type\":\"image\",\"ext\":\"jpg\",\"src\":\"\\\/image\\\/Hochzeitsfotografin_-_Melanie_Melcher-30_2.jpg\",\"sizes\":{\"thumb\":\"https:\\\/\\\/www.melanie-melcher.de\\\/wp-content\\\/grand-media\\\/image\\\/thumb\\\/Hochzeitsfotografin_-_Melanie_Melcher-30_2.jpg\",\"full\":\"https:\\\/\\\/www.melanie-melcher.de\\\/wp-content\\\/grand-media\\\/image\\\/Hochzeitsfotografin_-_Melanie_Melcher-30_2.jpg\"},\"title\":\"Hochzeitsfotografin - Melanie Melcher-30\",\"alt\":\"Hochzeitsfotografin - Melanie Melcher-30\",\"caption\":\"\",\"url\":\"\",\"post_link\":\"https:\\\/\\\/www.melanie-melcher.de\\\/index.php\\\/gmedia\\\/hochzeitsfotografin_-_melanie_melcher-30_2-jpg\\\/\",\"cc\":0,\"views\":33,\"likes\":0,\"width\":533,\"height\":800},{\"id\":\"1400\",\"type\":\"image\",\"ext\":\"jpg\",\"src\":\"\\\/image\\\/Hochzeitsfotografin_-_Melanie_Melcher-26_2.jpg\",\"sizes\":{\"thumb\":\"https:\\\/\\\/www.melanie-melcher.de\\\/wp-content\\\/grand-media\\\/image\\\/thumb\\\/Hochzeitsfotografin_-_Melanie_Melcher-26_2.jpg\",\"full\":\"https:\\\/\\\/www.melanie-melcher.de\\\/wp-content\\\/grand-media\\\/image\\\/Hochzeitsfotografin_-_Melanie_Melcher-26_2.jpg\"},\"title\":\"Hochzeitsfotografin - Melanie Melcher-26\",\"alt\":\"Hochzeitsfotografin - Melanie Melcher-26\",\"caption\":\"\",\"url\":\"\",\"post_link\":\"https:\\\/\\\/www.melanie-melcher.de\\\/index.php\\\/gmedia\\\/hochzeitsfotografin_-_melanie_melcher-26_2-jpg\\\/\",\"cc\":0,\"views\":30,\"likes\":0,\"width\":800,\"height\":533},{\"id\":\"1459\",\"type\":\"image\",\"ext\":\"jpg\",\"src\":\"\\\/image\\\/Hochzeitsfotografin_-_Melanie_Melcher-85_2.jpg\",\"sizes\":{\"thumb\":\"https:\\\/\\\/www.melanie-melcher.de\\\/wp-content\\\/grand-media\\\/image\\\/thumb\\\/Hochzeitsfotografin_-_Melanie_Melcher-85_2.jpg\",\"full\":\"https:\\\/\\\/www.melanie-melcher.de\\\/wp-content\\\/grand-media\\\/image\\\/Hochzeitsfotografin_-_Melanie_Melcher-85_2.jpg\"},\"title\":\"Hochzeitsfotografin - Melanie Melcher-85\",\"alt\":\"Hochzeitsfotografin - Melanie Melcher-85\",\"caption\":\"\",\"url\":\"\",\"post_link\":\"https:\\\/\\\/www.melanie-melcher.de\\\/index.php\\\/gmedia\\\/hochzeitsfotografin_-_melanie_melcher-85_2-jpg\\\/\",\"cc\":0,\"views\":36,\"likes\":0,\"width\":800,\"height\":533},{\"id\":\"1443\",\"type\":\"image\",\"ext\":\"jpg\",\"src\":\"\\\/image\\\/Hochzeitsfotografin_-_Melanie_Melcher-69_2.jpg\",\"sizes\":{\"thumb\":\"https:\\\/\\\/www.melanie-melcher.de\\\/wp-content\\\/grand-media\\\/image\\\/thumb\\\/Hochzeitsfotografin_-_Melanie_Melcher-69_2.jpg\",\"full\":\"https:\\\/\\\/www.melanie-melcher.de\\\/wp-content\\\/grand-media\\\/image\\\/Hochzeitsfotografin_-_Melanie_Melcher-69_2.jpg\"},\"title\":\"Hochzeitsfotografin - Melanie Melcher-69\",\"alt\":\"Hochzeitsfotografin - Melanie Melcher-69\",\"caption\":\"\",\"url\":\"\",\"post_link\":\"https:\\\/\\\/www.melanie-melcher.de\\\/index.php\\\/gmedia\\\/hochzeitsfotografin_-_melanie_melcher-69_2-jpg\\\/\",\"cc\":0,\"views\":28,\"likes\":0,\"width\":533,\"height\":800},{\"id\":\"1480\",\"type\":\"image\",\"ext\":\"jpg\",\"src\":\"\\\/image\\\/Hochzeitsfotografin_-_Melanie_Melcher-106_1.jpg\",\"sizes\":{\"thumb\":\"https:\\\/\\\/www.melanie-melcher.de\\\/wp-content\\\/grand-media\\\/image\\\/thumb\\\/Hochzeitsfotografin_-_Melanie_Melcher-106_1.jpg\",\"full\":\"https:\\\/\\\/www.melanie-melcher.de\\\/wp-content\\\/grand-media\\\/image\\\/Hochzeitsfotografin_-_Melanie_Melcher-106_1.jpg\"},\"title\":\"Hochzeitsfotografin - Melanie Melcher-106\",\"alt\":\"Hochzeitsfotografin - Melanie Melcher-106\",\"caption\":\"\",\"url\":\"\",\"post_link\":\"https:\\\/\\\/www.melanie-melcher.de\\\/index.php\\\/gmedia\\\/hochzeitsfotografin_-_melanie_melcher-106_1-jpg\\\/\",\"cc\":0,\"views\":30,\"likes\":0,\"width\":800,\"height\":533},{\"id\":\"1472\",\"type\":\"image\",\"ext\":\"jpg\",\"src\":\"\\\/image\\\/Hochzeitsfotografin_-_Melanie_Melcher-98_1.jpg\",\"sizes\":{\"thumb\":\"https:\\\/\\\/www.melanie-melcher.de\\\/wp-content\\\/grand-media\\\/image\\\/thumb\\\/Hochzeitsfotografin_-_Melanie_Melcher-98_1.jpg\",\"full\":\"https:\\\/\\\/www.melanie-melcher.de\\\/wp-content\\\/grand-media\\\/image\\\/Hochzeitsfotografin_-_Melanie_Melcher-98_1.jpg\"},\"title\":\"Hochzeitsfotografin - Melanie Melcher-98\",\"alt\":\"Hochzeitsfotografin - Melanie Melcher-98\",\"caption\":\"\",\"url\":\"\",\"post_link\":\"https:\\\/\\\/www.melanie-melcher.de\\\/index.php\\\/gmedia\\\/hochzeitsfotografin_-_melanie_melcher-98_1-jpg\\\/\",\"cc\":0,\"views\":29,\"likes\":0,\"width\":800,\"height\":533},{\"id\":\"1381\",\"type\":\"image\",\"ext\":\"jpg\",\"src\":\"\\\/image\\\/Hochzeitsfotografin_-_Melanie_Melcher-7_2.jpg\",\"sizes\":{\"thumb\":\"https:\\\/\\\/www.melanie-melcher.de\\\/wp-content\\\/grand-media\\\/image\\\/thumb\\\/Hochzeitsfotografin_-_Melanie_Melcher-7_2.jpg\",\"full\":\"https:\\\/\\\/www.melanie-melcher.de\\\/wp-content\\\/grand-media\\\/image\\\/Hochzeitsfotografin_-_Melanie_Melcher-7_2.jpg\"},\"title\":\"Hochzeitsfotografin - Melanie Melcher-7\",\"alt\":\"Hochzeitsfotografin - Melanie Melcher-7\",\"caption\":\"\",\"url\":\"\",\"post_link\":\"https:\\\/\\\/www.melanie-melcher.de\\\/index.php\\\/gmedia\\\/hochzeitsfotografin_-_melanie_melcher-7_2-jpg\\\/\",\"cc\":0,\"views\":28,\"likes\":0,\"width\":533,\"height\":800},{\"id\":\"1396\",\"type\":\"image\",\"ext\":\"jpg\",\"src\":\"\\\/image\\\/Hochzeitsfotografin_-_Melanie_Melcher-22_2.jpg\",\"sizes\":{\"thumb\":\"https:\\\/\\\/www.melanie-melcher.de\\\/wp-content\\\/grand-media\\\/image\\\/thumb\\\/Hochzeitsfotografin_-_Melanie_Melcher-22_2.jpg\",\"full\":\"https:\\\/\\\/www.melanie-melcher.de\\\/wp-content\\\/grand-media\\\/image\\\/Hochzeitsfotografin_-_Melanie_Melcher-22_2.jpg\"},\"title\":\"Hochzeitsfotografin - Melanie Melcher-22\",\"alt\":\"Hochzeitsfotografin - Melanie Melcher-22\",\"caption\":\"\",\"url\":\"\",\"post_link\":\"https:\\\/\\\/www.melanie-melcher.de\\\/index.php\\\/gmedia\\\/hochzeitsfotografin_-_melanie_melcher-22_2-jpg\\\/\",\"cc\":0,\"views\":27,\"likes\":0,\"width\":533,\"height\":800},{\"id\":\"1426\",\"type\":\"image\",\"ext\":\"jpg\",\"src\":\"\\\/image\\\/Hochzeitsfotografin_-_Melanie_Melcher-52_2.jpg\",\"sizes\":{\"thumb\":\"https:\\\/\\\/www.melanie-melcher.de\\\/wp-content\\\/grand-media\\\/image\\\/thumb\\\/Hochzeitsfotografin_-_Melanie_Melcher-52_2.jpg\",\"full\":\"https:\\\/\\\/www.melanie-melcher.de\\\/wp-content\\\/grand-media\\\/image\\\/Hochzeitsfotografin_-_Melanie_Melcher-52_2.jpg\"},\"title\":\"Hochzeitsfotografin - Melanie Melcher-52\",\"alt\":\"Hochzeitsfotografin - Melanie Melcher-52\",\"caption\":\"\",\"url\":\"\",\"post_link\":\"https:\\\/\\\/www.melanie-melcher.de\\\/index.php\\\/gmedia\\\/hochzeitsfotografin_-_melanie_melcher-52_2-jpg\\\/\",\"cc\":0,\"views\":26,\"likes\":0,\"width\":800,\"height\":533},{\"id\":\"1413\",\"type\":\"image\",\"ext\":\"jpg\",\"src\":\"\\\/image\\\/Hochzeitsfotografin_-_Melanie_Melcher-39_2.jpg\",\"sizes\":{\"thumb\":\"https:\\\/\\\/www.melanie-melcher.de\\\/wp-content\\\/grand-media\\\/image\\\/thumb\\\/Hochzeitsfotografin_-_Melanie_Melcher-39_2.jpg\",\"full\":\"https:\\\/\\\/www.melanie-melcher.de\\\/wp-content\\\/grand-media\\\/image\\\/Hochzeitsfotografin_-_Melanie_Melcher-39_2.jpg\"},\"title\":\"Hochzeitsfotografin - Melanie Melcher-39\",\"alt\":\"Hochzeitsfotografin - Melanie Melcher-39\",\"caption\":\"\",\"url\":\"\",\"post_link\":\"https:\\\/\\\/www.melanie-melcher.de\\\/index.php\\\/gmedia\\\/hochzeitsfotografin_-_melanie_melcher-39_2-jpg\\\/\",\"cc\":0,\"views\":27,\"likes\":0,\"width\":800,\"height\":533},{\"id\":\"1407\",\"type\":\"image\",\"ext\":\"jpg\",\"src\":\"\\\/image\\\/Hochzeitsfotografin_-_Melanie_Melcher-33_2.jpg\",\"sizes\":{\"thumb\":\"https:\\\/\\\/www.melanie-melcher.de\\\/wp-content\\\/grand-media\\\/image\\\/thumb\\\/Hochzeitsfotografin_-_Melanie_Melcher-33_2.jpg\",\"full\":\"https:\\\/\\\/www.melanie-melcher.de\\\/wp-content\\\/grand-media\\\/image\\\/Hochzeitsfotografin_-_Melanie_Melcher-33_2.jpg\"},\"title\":\"Hochzeitsfotografin - Melanie Melcher-33\",\"alt\":\"Hochzeitsfotografin - Melanie Melcher-33\",\"caption\":\"\",\"url\":\"\",\"post_link\":\"https:\\\/\\\/www.melanie-melcher.de\\\/index.php\\\/gmedia\\\/hochzeitsfotografin_-_melanie_melcher-33_2-jpg\\\/\",\"cc\":0,\"views\":26,\"likes\":0,\"width\":533,\"height\":800},{\"id\":\"1505\",\"type\":\"image\",\"ext\":\"jpg\",\"src\":\"\\\/image\\\/Hochzeitsfotografin_-_Melanie_Melcher-131.jpg\",\"sizes\":{\"thumb\":\"https:\\\/\\\/www.melanie-melcher.de\\\/wp-content\\\/grand-media\\\/image\\\/thumb\\\/Hochzeitsfotografin_-_Melanie_Melcher-131.jpg\",\"full\":\"https:\\\/\\\/www.melanie-melcher.de\\\/wp-content\\\/grand-media\\\/image\\\/Hochzeitsfotografin_-_Melanie_Melcher-131.jpg\"},\"title\":\"Hochzeitsfotografin - Melanie Melcher-131\",\"alt\":\"Hochzeitsfotografin - Melanie Melcher-131\",\"caption\":\"\",\"url\":\"\",\"post_link\":\"https:\\\/\\\/www.melanie-melcher.de\\\/index.php\\\/gmedia\\\/hochzeitsfotografin_-_melanie_melcher-131-jpg\\\/\",\"cc\":0,\"views\":30,\"likes\":0,\"width\":800,\"height\":533},{\"id\":\"1394\",\"type\":\"image\",\"ext\":\"jpg\",\"src\":\"\\\/image\\\/Hochzeitsfotografin_-_Melanie_Melcher-20_2.jpg\",\"sizes\":{\"thumb\":\"https:\\\/\\\/www.melanie-melcher.de\\\/wp-content\\\/grand-media\\\/image\\\/thumb\\\/Hochzeitsfotografin_-_Melanie_Melcher-20_2.jpg\",\"full\":\"https:\\\/\\\/www.melanie-melcher.de\\\/wp-content\\\/grand-media\\\/image\\\/Hochzeitsfotografin_-_Melanie_Melcher-20_2.jpg\"},\"title\":\"Hochzeitsfotografin - Melanie Melcher-20\",\"alt\":\"Hochzeitsfotografin - Melanie Melcher-20\",\"caption\":\"\",\"url\":\"\",\"post_link\":\"https:\\\/\\\/www.melanie-melcher.de\\\/index.php\\\/gmedia\\\/hochzeitsfotografin_-_melanie_melcher-20_2-jpg\\\/\",\"cc\":0,\"views\":26,\"likes\":0,\"width\":533,\"height\":800},{\"id\":\"1494\",\"type\":\"image\",\"ext\":\"jpg\",\"src\":\"\\\/image\\\/Hochzeitsfotografin_-_Melanie_Melcher-120.jpg\",\"sizes\":{\"thumb\":\"https:\\\/\\\/www.melanie-melcher.de\\\/wp-content\\\/grand-media\\\/image\\\/thumb\\\/Hochzeitsfotografin_-_Melanie_Melcher-120.jpg\",\"full\":\"https:\\\/\\\/www.melanie-melcher.de\\\/wp-content\\\/grand-media\\\/image\\\/Hochzeitsfotografin_-_Melanie_Melcher-120.jpg\"},\"title\":\"Hochzeitsfotografin - Melanie Melcher-120\",\"alt\":\"Hochzeitsfotografin - Melanie Melcher-120\",\"caption\":\"\",\"url\":\"\",\"post_link\":\"https:\\\/\\\/www.melanie-melcher.de\\\/index.php\\\/gmedia\\\/hochzeitsfotografin_-_melanie_melcher-120-jpg\\\/\",\"cc\":0,\"views\":36,\"likes\":0,\"width\":533,\"height\":800},{\"id\":\"1442\",\"type\":\"image\",\"ext\":\"jpg\",\"src\":\"\\\/image\\\/Hochzeitsfotografin_-_Melanie_Melcher-68_2.jpg\",\"sizes\":{\"thumb\":\"https:\\\/\\\/www.melanie-melcher.de\\\/wp-content\\\/grand-media\\\/image\\\/thumb\\\/Hochzeitsfotografin_-_Melanie_Melcher-68_2.jpg\",\"full\":\"https:\\\/\\\/www.melanie-melcher.de\\\/wp-content\\\/grand-media\\\/image\\\/Hochzeitsfotografin_-_Melanie_Melcher-68_2.jpg\"},\"title\":\"Hochzeitsfotografin - Melanie Melcher-68\",\"alt\":\"Hochzeitsfotografin - Melanie Melcher-68\",\"caption\":\"\",\"url\":\"\",\"post_link\":\"https:\\\/\\\/www.melanie-melcher.de\\\/index.php\\\/gmedia\\\/hochzeitsfotografin_-_melanie_melcher-68_2-jpg\\\/\",\"cc\":0,\"views\":32,\"likes\":0,\"width\":800,\"height\":533},{\"id\":\"1492\",\"type\":\"image\",\"ext\":\"jpg\",\"src\":\"\\\/image\\\/Hochzeitsfotografin_-_Melanie_Melcher-118.jpg\",\"sizes\":{\"thumb\":\"https:\\\/\\\/www.melanie-melcher.de\\\/wp-content\\\/grand-media\\\/image\\\/thumb\\\/Hochzeitsfotografin_-_Melanie_Melcher-118.jpg\",\"full\":\"https:\\\/\\\/www.melanie-melcher.de\\\/wp-content\\\/grand-media\\\/image\\\/Hochzeitsfotografin_-_Melanie_Melcher-118.jpg\"},\"title\":\"Hochzeitsfotografin - Melanie Melcher-118\",\"alt\":\"Hochzeitsfotografin - Melanie Melcher-118\",\"caption\":\"\",\"url\":\"\",\"post_link\":\"https:\\\/\\\/www.melanie-melcher.de\\\/index.php\\\/gmedia\\\/hochzeitsfotografin_-_melanie_melcher-118-jpg\\\/\",\"cc\":0,\"views\":29,\"likes\":0,\"width\":533,\"height\":800},{\"id\":\"1386\",\"type\":\"image\",\"ext\":\"jpg\",\"src\":\"\\\/image\\\/Hochzeitsfotografin_-_Melanie_Melcher-12_2.jpg\",\"sizes\":{\"thumb\":\"https:\\\/\\\/www.melanie-melcher.de\\\/wp-content\\\/grand-media\\\/image\\\/thumb\\\/Hochzeitsfotografin_-_Melanie_Melcher-12_2.jpg\",\"full\":\"https:\\\/\\\/www.melanie-melcher.de\\\/wp-content\\\/grand-media\\\/image\\\/Hochzeitsfotografin_-_Melanie_Melcher-12_2.jpg\"},\"title\":\"Hochzeitsfotografin - Melanie Melcher-12\",\"alt\":\"Hochzeitsfotografin - Melanie Melcher-12\",\"caption\":\"\",\"url\":\"\",\"post_link\":\"https:\\\/\\\/www.melanie-melcher.de\\\/index.php\\\/gmedia\\\/hochzeitsfotografin_-_melanie_melcher-12_2-jpg\\\/\",\"cc\":0,\"views\":28,\"likes\":0,\"width\":800,\"height\":533},{\"id\":\"1387\",\"type\":\"image\",\"ext\":\"jpg\",\"src\":\"\\\/image\\\/Hochzeitsfotografin_-_Melanie_Melcher-13_2.jpg\",\"sizes\":{\"thumb\":\"https:\\\/\\\/www.melanie-melcher.de\\\/wp-content\\\/grand-media\\\/image\\\/thumb\\\/Hochzeitsfotografin_-_Melanie_Melcher-13_2.jpg\",\"full\":\"https:\\\/\\\/www.melanie-melcher.de\\\/wp-content\\\/grand-media\\\/image\\\/Hochzeitsfotografin_-_Melanie_Melcher-13_2.jpg\"},\"title\":\"Hochzeitsfotografin - Melanie Melcher-13\",\"alt\":\"Hochzeitsfotografin - Melanie Melcher-13\",\"caption\":\"\",\"url\":\"\",\"post_link\":\"https:\\\/\\\/www.melanie-melcher.de\\\/index.php\\\/gmedia\\\/hochzeitsfotografin_-_melanie_melcher-13_2-jpg\\\/\",\"cc\":0,\"views\":29,\"likes\":0,\"width\":800,\"height\":533},{\"id\":\"1439\",\"type\":\"image\",\"ext\":\"jpg\",\"src\":\"\\\/image\\\/Hochzeitsfotografin_-_Melanie_Melcher-65_2.jpg\",\"sizes\":{\"thumb\":\"https:\\\/\\\/www.melanie-melcher.de\\\/wp-content\\\/grand-media\\\/image\\\/thumb\\\/Hochzeitsfotografin_-_Melanie_Melcher-65_2.jpg\",\"full\":\"https:\\\/\\\/www.melanie-melcher.de\\\/wp-content\\\/grand-media\\\/image\\\/Hochzeitsfotografin_-_Melanie_Melcher-65_2.jpg\"},\"title\":\"Hochzeitsfotografin - Melanie Melcher-65\",\"alt\":\"Hochzeitsfotografin - Melanie Melcher-65\",\"caption\":\"\",\"url\":\"\",\"post_link\":\"https:\\\/\\\/www.melanie-melcher.de\\\/index.php\\\/gmedia\\\/hochzeitsfotografin_-_melanie_melcher-65_2-jpg\\\/\",\"cc\":0,\"views\":35,\"likes\":0,\"width\":533,\"height\":800},{\"id\":\"1416\",\"type\":\"image\",\"ext\":\"jpg\",\"src\":\"\\\/image\\\/Hochzeitsfotografin_-_Melanie_Melcher-42_2.jpg\",\"sizes\":{\"thumb\":\"https:\\\/\\\/www.melanie-melcher.de\\\/wp-content\\\/grand-media\\\/image\\\/thumb\\\/Hochzeitsfotografin_-_Melanie_Melcher-42_2.jpg\",\"full\":\"https:\\\/\\\/www.melanie-melcher.de\\\/wp-content\\\/grand-media\\\/image\\\/Hochzeitsfotografin_-_Melanie_Melcher-42_2.jpg\"},\"title\":\"Hochzeitsfotografin - Melanie Melcher-42\",\"alt\":\"Hochzeitsfotografin - Melanie Melcher-42\",\"caption\":\"\",\"url\":\"\",\"post_link\":\"https:\\\/\\\/www.melanie-melcher.de\\\/index.php\\\/gmedia\\\/hochzeitsfotografin_-_melanie_melcher-42_2-jpg\\\/\",\"cc\":0,\"views\":28,\"likes\":0,\"width\":533,\"height\":800},{\"id\":\"1512\",\"type\":\"image\",\"ext\":\"jpg\",\"src\":\"\\\/image\\\/Hochzeitsfotografin_-_Melanie_Melcher-138.jpg\",\"sizes\":{\"thumb\":\"https:\\\/\\\/www.melanie-melcher.de\\\/wp-content\\\/grand-media\\\/image\\\/thumb\\\/Hochzeitsfotografin_-_Melanie_Melcher-138.jpg\",\"full\":\"https:\\\/\\\/www.melanie-melcher.de\\\/wp-content\\\/grand-media\\\/image\\\/Hochzeitsfotografin_-_Melanie_Melcher-138.jpg\"},\"title\":\"Hochzeitsfotografin - Melanie Melcher-138\",\"alt\":\"Hochzeitsfotografin - Melanie Melcher-138\",\"caption\":\"\",\"url\":\"\",\"post_link\":\"https:\\\/\\\/www.melanie-melcher.de\\\/index.php\\\/gmedia\\\/hochzeitsfotografin_-_melanie_melcher-138-jpg\\\/\",\"cc\":0,\"views\":34,\"likes\":0,\"width\":533,\"height\":800},{\"id\":\"1422\",\"type\":\"image\",\"ext\":\"jpg\",\"src\":\"\\\/image\\\/Hochzeitsfotografin_-_Melanie_Melcher-48_2.jpg\",\"sizes\":{\"thumb\":\"https:\\\/\\\/www.melanie-melcher.de\\\/wp-content\\\/grand-media\\\/image\\\/thumb\\\/Hochzeitsfotografin_-_Melanie_Melcher-48_2.jpg\",\"full\":\"https:\\\/\\\/www.melanie-melcher.de\\\/wp-content\\\/grand-media\\\/image\\\/Hochzeitsfotografin_-_Melanie_Melcher-48_2.jpg\"},\"title\":\"Hochzeitsfotografin - Melanie Melcher-48\",\"alt\":\"Hochzeitsfotografin - Melanie Melcher-48\",\"caption\":\"\",\"url\":\"\",\"post_link\":\"https:\\\/\\\/www.melanie-melcher.de\\\/index.php\\\/gmedia\\\/hochzeitsfotografin_-_melanie_melcher-48_2-jpg\\\/\",\"cc\":0,\"views\":26,\"likes\":0,\"width\":533,\"height\":800},{\"id\":\"1518\",\"type\":\"image\",\"ext\":\"jpg\",\"src\":\"\\\/image\\\/Hochzeitsfotografin_-_Melanie_Melcher-144.jpg\",\"sizes\":{\"thumb\":\"https:\\\/\\\/www.melanie-melcher.de\\\/wp-content\\\/grand-media\\\/image\\\/thumb\\\/Hochzeitsfotografin_-_Melanie_Melcher-144.jpg\",\"full\":\"https:\\\/\\\/www.melanie-melcher.de\\\/wp-content\\\/grand-media\\\/image\\\/Hochzeitsfotografin_-_Melanie_Melcher-144.jpg\"},\"title\":\"Hochzeitsfotografin - Melanie Melcher-144\",\"alt\":\"Hochzeitsfotografin - Melanie Melcher-144\",\"caption\":\"\",\"url\":\"\",\"post_link\":\"https:\\\/\\\/www.melanie-melcher.de\\\/index.php\\\/gmedia\\\/hochzeitsfotografin_-_melanie_melcher-144-jpg\\\/\",\"cc\":0,\"views\":30,\"likes\":0,\"width\":800,\"height\":533},{\"id\":\"1455\",\"type\":\"image\",\"ext\":\"jpg\",\"src\":\"\\\/image\\\/Hochzeitsfotografin_-_Melanie_Melcher-81_2.jpg\",\"sizes\":{\"thumb\":\"https:\\\/\\\/www.melanie-melcher.de\\\/wp-content\\\/grand-media\\\/image\\\/thumb\\\/Hochzeitsfotografin_-_Melanie_Melcher-81_2.jpg\",\"full\":\"https:\\\/\\\/www.melanie-melcher.de\\\/wp-content\\\/grand-media\\\/image\\\/Hochzeitsfotografin_-_Melanie_Melcher-81_2.jpg\"},\"title\":\"Hochzeitsfotografin - Melanie Melcher-81\",\"alt\":\"Hochzeitsfotografin - Melanie Melcher-81\",\"caption\":\"\",\"url\":\"\",\"post_link\":\"https:\\\/\\\/www.melanie-melcher.de\\\/index.php\\\/gmedia\\\/hochzeitsfotografin_-_melanie_melcher-81_2-jpg\\\/\",\"cc\":0,\"views\":43,\"likes\":0,\"width\":800,\"height\":533},{\"id\":\"1402\",\"type\":\"image\",\"ext\":\"jpg\",\"src\":\"\\\/image\\\/Hochzeitsfotografin_-_Melanie_Melcher-28_2.jpg\",\"sizes\":{\"thumb\":\"https:\\\/\\\/www.melanie-melcher.de\\\/wp-content\\\/grand-media\\\/image\\\/thumb\\\/Hochzeitsfotografin_-_Melanie_Melcher-28_2.jpg\",\"full\":\"https:\\\/\\\/www.melanie-melcher.de\\\/wp-content\\\/grand-media\\\/image\\\/Hochzeitsfotografin_-_Melanie_Melcher-28_2.jpg\"},\"title\":\"Hochzeitsfotografin - Melanie Melcher-28\",\"alt\":\"Hochzeitsfotografin - Melanie Melcher-28\",\"caption\":\"\",\"url\":\"\",\"post_link\":\"https:\\\/\\\/www.melanie-melcher.de\\\/index.php\\\/gmedia\\\/hochzeitsfotografin_-_melanie_melcher-28_2-jpg\\\/\",\"cc\":0,\"views\":31,\"likes\":0,\"width\":800,\"height\":533},{\"id\":\"1508\",\"type\":\"image\",\"ext\":\"jpg\",\"src\":\"\\\/image\\\/Hochzeitsfotografin_-_Melanie_Melcher-134.jpg\",\"sizes\":{\"thumb\":\"https:\\\/\\\/www.melanie-melcher.de\\\/wp-content\\\/grand-media\\\/image\\\/thumb\\\/Hochzeitsfotografin_-_Melanie_Melcher-134.jpg\",\"full\":\"https:\\\/\\\/www.melanie-melcher.de\\\/wp-content\\\/grand-media\\\/image\\\/Hochzeitsfotografin_-_Melanie_Melcher-134.jpg\"},\"title\":\"Hochzeitsfotografin - Melanie Melcher-134\",\"alt\":\"Hochzeitsfotografin - Melanie Melcher-134\",\"caption\":\"\",\"url\":\"\",\"post_link\":\"https:\\\/\\\/www.melanie-melcher.de\\\/index.php\\\/gmedia\\\/hochzeitsfotografin_-_melanie_melcher-134-jpg\\\/\",\"cc\":0,\"views\":25,\"likes\":0,\"width\":800,\"height\":533},{\"id\":\"1393\",\"type\":\"image\",\"ext\":\"jpg\",\"src\":\"\\\/image\\\/Hochzeitsfotografin_-_Melanie_Melcher-19_2.jpg\",\"sizes\":{\"thumb\":\"https:\\\/\\\/www.melanie-melcher.de\\\/wp-content\\\/grand-media\\\/image\\\/thumb\\\/Hochzeitsfotografin_-_Melanie_Melcher-19_2.jpg\",\"full\":\"https:\\\/\\\/www.melanie-melcher.de\\\/wp-content\\\/grand-media\\\/image\\\/Hochzeitsfotografin_-_Melanie_Melcher-19_2.jpg\"},\"title\":\"Hochzeitsfotografin - Melanie Melcher-19\",\"alt\":\"Hochzeitsfotografin - Melanie Melcher-19\",\"caption\":\"\",\"url\":\"\",\"post_link\":\"https:\\\/\\\/www.melanie-melcher.de\\\/index.php\\\/gmedia\\\/hochzeitsfotografin_-_melanie_melcher-19_2-jpg\\\/\",\"cc\":0,\"views\":26,\"likes\":0,\"width\":800,\"height\":533},{\"id\":\"1421\",\"type\":\"image\",\"ext\":\"jpg\",\"src\":\"\\\/image\\\/Hochzeitsfotografin_-_Melanie_Melcher-47_2.jpg\",\"sizes\":{\"thumb\":\"https:\\\/\\\/www.melanie-melcher.de\\\/wp-content\\\/grand-media\\\/image\\\/thumb\\\/Hochzeitsfotografin_-_Melanie_Melcher-47_2.jpg\",\"full\":\"https:\\\/\\\/www.melanie-melcher.de\\\/wp-content\\\/grand-media\\\/image\\\/Hochzeitsfotografin_-_Melanie_Melcher-47_2.jpg\"},\"title\":\"Hochzeitsfotografin - Melanie Melcher-47\",\"alt\":\"Hochzeitsfotografin - Melanie Melcher-47\",\"caption\":\"\",\"url\":\"\",\"post_link\":\"https:\\\/\\\/www.melanie-melcher.de\\\/index.php\\\/gmedia\\\/hochzeitsfotografin_-_melanie_melcher-47_2-jpg\\\/\",\"cc\":0,\"views\":30,\"likes\":0,\"width\":800,\"height\":533},{\"id\":\"1467\",\"type\":\"image\",\"ext\":\"jpg\",\"src\":\"\\\/image\\\/Hochzeitsfotografin_-_Melanie_Melcher-93_2.jpg\",\"sizes\":{\"thumb\":\"https:\\\/\\\/www.melanie-melcher.de\\\/wp-content\\\/grand-media\\\/image\\\/thumb\\\/Hochzeitsfotografin_-_Melanie_Melcher-93_2.jpg\",\"full\":\"https:\\\/\\\/www.melanie-melcher.de\\\/wp-content\\\/grand-media\\\/image\\\/Hochzeitsfotografin_-_Melanie_Melcher-93_2.jpg\"},\"title\":\"Hochzeitsfotografin - Melanie Melcher-93\",\"alt\":\"Hochzeitsfotografin - Melanie Melcher-93\",\"caption\":\"\",\"url\":\"\",\"post_link\":\"https:\\\/\\\/www.melanie-melcher.de\\\/index.php\\\/gmedia\\\/hochzeitsfotografin_-_melanie_melcher-93_2-jpg\\\/\",\"cc\":0,\"views\":33,\"likes\":0,\"width\":533,\"height\":800},{\"id\":\"1526\",\"type\":\"image\",\"ext\":\"jpg\",\"src\":\"\\\/image\\\/Hochzeitsfotografin_-_Melanie_Melcher-152.jpg\",\"sizes\":{\"thumb\":\"https:\\\/\\\/www.melanie-melcher.de\\\/wp-content\\\/grand-media\\\/image\\\/thumb\\\/Hochzeitsfotografin_-_Melanie_Melcher-152.jpg\",\"full\":\"https:\\\/\\\/www.melanie-melcher.de\\\/wp-content\\\/grand-media\\\/image\\\/Hochzeitsfotografin_-_Melanie_Melcher-152.jpg\"},\"title\":\"Hochzeitsfotografin - Melanie Melcher-152\",\"alt\":\"Hochzeitsfotografin - Melanie Melcher-152\",\"caption\":\"\",\"url\":\"\",\"post_link\":\"https:\\\/\\\/www.melanie-melcher.de\\\/index.php\\\/gmedia\\\/hochzeitsfotografin_-_melanie_melcher-152-jpg\\\/\",\"cc\":0,\"views\":31,\"likes\":0,\"width\":800,\"height\":533},{\"id\":\"1385\",\"type\":\"image\",\"ext\":\"jpg\",\"src\":\"\\\/image\\\/Hochzeitsfotografin_-_Melanie_Melcher-11_2.jpg\",\"sizes\":{\"thumb\":\"https:\\\/\\\/www.melanie-melcher.de\\\/wp-content\\\/grand-media\\\/image\\\/thumb\\\/Hochzeitsfotografin_-_Melanie_Melcher-11_2.jpg\",\"full\":\"https:\\\/\\\/www.melanie-melcher.de\\\/wp-content\\\/grand-media\\\/image\\\/Hochzeitsfotografin_-_Melanie_Melcher-11_2.jpg\"},\"title\":\"Hochzeitsfotografin - Melanie Melcher-11\",\"alt\":\"Hochzeitsfotografin - Melanie Melcher-11\",\"caption\":\"\",\"url\":\"\",\"post_link\":\"https:\\\/\\\/www.melanie-melcher.de\\\/index.php\\\/gmedia\\\/hochzeitsfotografin_-_melanie_melcher-11_2-jpg\\\/\",\"cc\":0,\"views\":25,\"likes\":0,\"width\":800,\"height\":533},{\"id\":\"1420\",\"type\":\"image\",\"ext\":\"jpg\",\"src\":\"\\\/image\\\/Hochzeitsfotografin_-_Melanie_Melcher-46_2.jpg\",\"sizes\":{\"thumb\":\"https:\\\/\\\/www.melanie-melcher.de\\\/wp-content\\\/grand-media\\\/image\\\/thumb\\\/Hochzeitsfotografin_-_Melanie_Melcher-46_2.jpg\",\"full\":\"https:\\\/\\\/www.melanie-melcher.de\\\/wp-content\\\/grand-media\\\/image\\\/Hochzeitsfotografin_-_Melanie_Melcher-46_2.jpg\"},\"title\":\"Hochzeitsfotografin - Melanie Melcher-46\",\"alt\":\"Hochzeitsfotografin - Melanie Melcher-46\",\"caption\":\"\",\"url\":\"\",\"post_link\":\"https:\\\/\\\/www.melanie-melcher.de\\\/index.php\\\/gmedia\\\/hochzeitsfotografin_-_melanie_melcher-46_2-jpg\\\/\",\"cc\":0,\"views\":28,\"likes\":0,\"width\":800,\"height\":533},{\"id\":\"1524\",\"type\":\"image\",\"ext\":\"jpg\",\"src\":\"\\\/image\\\/Hochzeitsfotografin_-_Melanie_Melcher-150.jpg\",\"sizes\":{\"thumb\":\"https:\\\/\\\/www.melanie-melcher.de\\\/wp-content\\\/grand-media\\\/image\\\/thumb\\\/Hochzeitsfotografin_-_Melanie_Melcher-150.jpg\",\"full\":\"https:\\\/\\\/www.melanie-melcher.de\\\/wp-content\\\/grand-media\\\/image\\\/Hochzeitsfotografin_-_Melanie_Melcher-150.jpg\"},\"title\":\"Hochzeitsfotografin - Melanie Melcher-150\",\"alt\":\"Hochzeitsfotografin - Melanie Melcher-150\",\"caption\":\"\",\"url\":\"\",\"post_link\":\"https:\\\/\\\/www.melanie-melcher.de\\\/index.php\\\/gmedia\\\/hochzeitsfotografin_-_melanie_melcher-150-jpg\\\/\",\"cc\":0,\"views\":35,\"likes\":0,\"width\":800,\"height\":533},{\"id\":\"1483\",\"type\":\"image\",\"ext\":\"jpg\",\"src\":\"\\\/image\\\/Hochzeitsfotografin_-_Melanie_Melcher-109_1.jpg\",\"sizes\":{\"thumb\":\"https:\\\/\\\/www.melanie-melcher.de\\\/wp-content\\\/grand-media\\\/image\\\/thumb\\\/Hochzeitsfotografin_-_Melanie_Melcher-109_1.jpg\",\"full\":\"https:\\\/\\\/www.melanie-melcher.de\\\/wp-content\\\/grand-media\\\/image\\\/Hochzeitsfotografin_-_Melanie_Melcher-109_1.jpg\"},\"title\":\"Hochzeitsfotografin - Melanie Melcher-109\",\"alt\":\"Hochzeitsfotografin - Melanie Melcher-109\",\"caption\":\"\",\"url\":\"\",\"post_link\":\"https:\\\/\\\/www.melanie-melcher.de\\\/index.php\\\/gmedia\\\/hochzeitsfotografin_-_melanie_melcher-109_1-jpg\\\/\",\"cc\":0,\"views\":32,\"likes\":0,\"width\":800,\"height\":533},{\"id\":\"1493\",\"type\":\"image\",\"ext\":\"jpg\",\"src\":\"\\\/image\\\/Hochzeitsfotografin_-_Melanie_Melcher-119.jpg\",\"sizes\":{\"thumb\":\"https:\\\/\\\/www.melanie-melcher.de\\\/wp-content\\\/grand-media\\\/image\\\/thumb\\\/Hochzeitsfotografin_-_Melanie_Melcher-119.jpg\",\"full\":\"https:\\\/\\\/www.melanie-melcher.de\\\/wp-content\\\/grand-media\\\/image\\\/Hochzeitsfotografin_-_Melanie_Melcher-119.jpg\"},\"title\":\"Hochzeitsfotografin - Melanie Melcher-119\",\"alt\":\"Hochzeitsfotografin - Melanie Melcher-119\",\"caption\":\"\",\"url\":\"\",\"post_link\":\"https:\\\/\\\/www.melanie-melcher.de\\\/index.php\\\/gmedia\\\/hochzeitsfotografin_-_melanie_melcher-119-jpg\\\/\",\"cc\":0,\"views\":32,\"likes\":0,\"width\":533,\"height\":800},{\"id\":\"1428\",\"type\":\"image\",\"ext\":\"jpg\",\"src\":\"\\\/image\\\/Hochzeitsfotografin_-_Melanie_Melcher-54_2.jpg\",\"sizes\":{\"thumb\":\"https:\\\/\\\/www.melanie-melcher.de\\\/wp-content\\\/grand-media\\\/image\\\/thumb\\\/Hochzeitsfotografin_-_Melanie_Melcher-54_2.jpg\",\"full\":\"https:\\\/\\\/www.melanie-melcher.de\\\/wp-content\\\/grand-media\\\/image\\\/Hochzeitsfotografin_-_Melanie_Melcher-54_2.jpg\"},\"title\":\"Hochzeitsfotografin - Melanie Melcher-54\",\"alt\":\"Hochzeitsfotografin - Melanie Melcher-54\",\"caption\":\"\",\"url\":\"\",\"post_link\":\"https:\\\/\\\/www.melanie-melcher.de\\\/index.php\\\/gmedia\\\/hochzeitsfotografin_-_melanie_melcher-54_2-jpg\\\/\",\"cc\":0,\"views\":28,\"likes\":0,\"width\":533,\"height\":800},{\"id\":\"1528\",\"type\":\"image\",\"ext\":\"jpg\",\"src\":\"\\\/image\\\/Hochzeitsfotografin_-_Melanie_Melcher-154.jpg\",\"sizes\":{\"thumb\":\"https:\\\/\\\/www.melanie-melcher.de\\\/wp-content\\\/grand-media\\\/image\\\/thumb\\\/Hochzeitsfotografin_-_Melanie_Melcher-154.jpg\",\"full\":\"https:\\\/\\\/www.melanie-melcher.de\\\/wp-content\\\/grand-media\\\/image\\\/Hochzeitsfotografin_-_Melanie_Melcher-154.jpg\"},\"title\":\"Hochzeitsfotografin - Melanie Melcher-154\",\"alt\":\"Hochzeitsfotografin - Melanie Melcher-154\",\"caption\":\"\",\"url\":\"\",\"post_link\":\"https:\\\/\\\/www.melanie-melcher.de\\\/index.php\\\/gmedia\\\/hochzeitsfotografin_-_melanie_melcher-154-jpg\\\/\",\"cc\":0,\"views\":34,\"likes\":0,\"width\":800,\"height\":533},{\"id\":\"1449\",\"type\":\"image\",\"ext\":\"jpg\",\"src\":\"\\\/image\\\/Hochzeitsfotografin_-_Melanie_Melcher-75_2.jpg\",\"sizes\":{\"thumb\":\"https:\\\/\\\/www.melanie-melcher.de\\\/wp-content\\\/grand-media\\\/image\\\/thumb\\\/Hochzeitsfotografin_-_Melanie_Melcher-75_2.jpg\",\"full\":\"https:\\\/\\\/www.melanie-melcher.de\\\/wp-content\\\/grand-media\\\/image\\\/Hochzeitsfotografin_-_Melanie_Melcher-75_2.jpg\"},\"title\":\"Hochzeitsfotografin - Melanie Melcher-75\",\"alt\":\"Hochzeitsfotografin - Melanie Melcher-75\",\"caption\":\"\",\"url\":\"\",\"post_link\":\"https:\\\/\\\/www.melanie-melcher.de\\\/index.php\\\/gmedia\\\/hochzeitsfotografin_-_melanie_melcher-75_2-jpg\\\/\",\"cc\":0,\"views\":29,\"likes\":0,\"width\":800,\"height\":533},{\"id\":\"1382\",\"type\":\"image\",\"ext\":\"jpg\",\"src\":\"\\\/image\\\/Hochzeitsfotografin_-_Melanie_Melcher-8_2.jpg\",\"sizes\":{\"thumb\":\"https:\\\/\\\/www.melanie-melcher.de\\\/wp-content\\\/grand-media\\\/image\\\/thumb\\\/Hochzeitsfotografin_-_Melanie_Melcher-8_2.jpg\",\"full\":\"https:\\\/\\\/www.melanie-melcher.de\\\/wp-content\\\/grand-media\\\/image\\\/Hochzeitsfotografin_-_Melanie_Melcher-8_2.jpg\"},\"title\":\"Hochzeitsfotografin - Melanie Melcher-8\",\"alt\":\"Hochzeitsfotografin - Melanie Melcher-8\",\"caption\":\"\",\"url\":\"\",\"post_link\":\"https:\\\/\\\/www.melanie-melcher.de\\\/index.php\\\/gmedia\\\/hochzeitsfotografin_-_melanie_melcher-8_2-jpg\\\/\",\"cc\":0,\"views\":30,\"likes\":0,\"width\":800,\"height\":533},{\"id\":\"1444\",\"type\":\"image\",\"ext\":\"jpg\",\"src\":\"\\\/image\\\/Hochzeitsfotografin_-_Melanie_Melcher-70_2.jpg\",\"sizes\":{\"thumb\":\"https:\\\/\\\/www.melanie-melcher.de\\\/wp-content\\\/grand-media\\\/image\\\/thumb\\\/Hochzeitsfotografin_-_Melanie_Melcher-70_2.jpg\",\"full\":\"https:\\\/\\\/www.melanie-melcher.de\\\/wp-content\\\/grand-media\\\/image\\\/Hochzeitsfotografin_-_Melanie_Melcher-70_2.jpg\"},\"title\":\"Hochzeitsfotografin - Melanie Melcher-70\",\"alt\":\"Hochzeitsfotografin - Melanie Melcher-70\",\"caption\":\"\",\"url\":\"\",\"post_link\":\"https:\\\/\\\/www.melanie-melcher.de\\\/index.php\\\/gmedia\\\/hochzeitsfotografin_-_melanie_melcher-70_2-jpg\\\/\",\"cc\":0,\"views\":35,\"likes\":0,\"width\":800,\"height\":533},{\"id\":\"1462\",\"type\":\"image\",\"ext\":\"jpg\",\"src\":\"\\\/image\\\/Hochzeitsfotografin_-_Melanie_Melcher-88_2.jpg\",\"sizes\":{\"thumb\":\"https:\\\/\\\/www.melanie-melcher.de\\\/wp-content\\\/grand-media\\\/image\\\/thumb\\\/Hochzeitsfotografin_-_Melanie_Melcher-88_2.jpg\",\"full\":\"https:\\\/\\\/www.melanie-melcher.de\\\/wp-content\\\/grand-media\\\/image\\\/Hochzeitsfotografin_-_Melanie_Melcher-88_2.jpg\"},\"title\":\"Hochzeitsfotografin - Melanie Melcher-88\",\"alt\":\"Hochzeitsfotografin - Melanie Melcher-88\",\"caption\":\"\",\"url\":\"\",\"post_link\":\"https:\\\/\\\/www.melanie-melcher.de\\\/index.php\\\/gmedia\\\/hochzeitsfotografin_-_melanie_melcher-88_2-jpg\\\/\",\"cc\":0,\"views\":34,\"likes\":0,\"width\":800,\"height\":533},{\"id\":\"1430\",\"type\":\"image\",\"ext\":\"jpg\",\"src\":\"\\\/image\\\/Hochzeitsfotografin_-_Melanie_Melcher-56_2.jpg\",\"sizes\":{\"thumb\":\"https:\\\/\\\/www.melanie-melcher.de\\\/wp-content\\\/grand-media\\\/image\\\/thumb\\\/Hochzeitsfotografin_-_Melanie_Melcher-56_2.jpg\",\"full\":\"https:\\\/\\\/www.melanie-melcher.de\\\/wp-content\\\/grand-media\\\/image\\\/Hochzeitsfotografin_-_Melanie_Melcher-56_2.jpg\"},\"title\":\"Hochzeitsfotografin - Melanie Melcher-56\",\"alt\":\"Hochzeitsfotografin - Melanie Melcher-56\",\"caption\":\"\",\"url\":\"\",\"post_link\":\"https:\\\/\\\/www.melanie-melcher.de\\\/index.php\\\/gmedia\\\/hochzeitsfotografin_-_melanie_melcher-56_2-jpg\\\/\",\"cc\":0,\"views\":29,\"likes\":0,\"width\":800,\"height\":533},{\"id\":\"1484\",\"type\":\"image\",\"ext\":\"jpg\",\"src\":\"\\\/image\\\/Hochzeitsfotografin_-_Melanie_Melcher-110_1.jpg\",\"sizes\":{\"thumb\":\"https:\\\/\\\/www.melanie-melcher.de\\\/wp-content\\\/grand-media\\\/image\\\/thumb\\\/Hochzeitsfotografin_-_Melanie_Melcher-110_1.jpg\",\"full\":\"https:\\\/\\\/www.melanie-melcher.de\\\/wp-content\\\/grand-media\\\/image\\\/Hochzeitsfotografin_-_Melanie_Melcher-110_1.jpg\"},\"title\":\"Hochzeitsfotografin - Melanie Melcher-110\",\"alt\":\"Hochzeitsfotografin - Melanie Melcher-110\",\"caption\":\"\",\"url\":\"\",\"post_link\":\"https:\\\/\\\/www.melanie-melcher.de\\\/index.php\\\/gmedia\\\/hochzeitsfotografin_-_melanie_melcher-110_1-jpg\\\/\",\"cc\":0,\"views\":27,\"likes\":0,\"width\":800,\"height\":533},{\"id\":\"1530\",\"type\":\"image\",\"ext\":\"jpg\",\"src\":\"\\\/image\\\/Hochzeitsfotografin_-_Melanie_Melcher-156.jpg\",\"sizes\":{\"thumb\":\"https:\\\/\\\/www.melanie-melcher.de\\\/wp-content\\\/grand-media\\\/image\\\/thumb\\\/Hochzeitsfotografin_-_Melanie_Melcher-156.jpg\",\"full\":\"https:\\\/\\\/www.melanie-melcher.de\\\/wp-content\\\/grand-media\\\/image\\\/Hochzeitsfotografin_-_Melanie_Melcher-156.jpg\"},\"title\":\"Hochzeitsfotografin - Melanie Melcher-156\",\"alt\":\"Hochzeitsfotografin - Melanie Melcher-156\",\"caption\":\"\",\"url\":\"\",\"post_link\":\"https:\\\/\\\/www.melanie-melcher.de\\\/index.php\\\/gmedia\\\/hochzeitsfotografin_-_melanie_melcher-156-jpg\\\/\",\"cc\":0,\"views\":29,\"likes\":0,\"width\":800,\"height\":533}];\n\t\t\t\t\tsettings.gallery = gmedia_mosaic_content;\n\t\t\t\t\t$( '#GmediaGallery_76 .gmMosaic_Container' ).gmediaMosaic( settings );\n\t\t\t\t} );\n\t\t\t} );\n\t<\/script>\t<\/div>\n<p>Weitere Hochzeitsbilder findet ihr <a href=\"http:\/\/www.melanie-melcher.de\/index.php\/category\/wedding\/\" target=\"_blank\" rel=\"noopener\">hier<\/a> und in meinem <a href=\"http:\/\/www.melanie-melcher.de\/index.php\/galerien-3\/\" target=\"_blank\" rel=\"noopener\">Portfolio<\/a>.<\/p>\n","protected":false},"excerpt":{"rendered":"<p>\u201eAls ich dich sah, verliebte ich mich in dich, und du l\u00e4cheltest weil du es wusstest.\u201c (Shakespeare) So oder so \u00e4hnlich muss es bei Katrin und Lars gewesen sein. Die beiden habe ich bereits im letzten Jahr auf der Hochzeit von Katrins Schwester und Schwager kennengelernt. Damals &#8211; am heisstesten Tag des Jahres 2015 &#8211; [&hellip;]<\/p>\n","protected":false},"author":1,"featured_media":2558,"comment_status":"closed","ping_status":"open","sticky":false,"template":"","format":"standard","meta":{"footnotes":""},"categories":[1,7],"tags":[],"class_list":["post-2562","post","type-post","status-publish","format-standard","has-post-thumbnail","hentry","category-allgemein","category-wedding"],"_links":{"self":[{"href":"https:\/\/www.melanie-melcher.de\/index.php\/wp-json\/wp\/v2\/posts\/2562","targetHints":{"allow":["GET"]}}],"collection":[{"href":"https:\/\/www.melanie-melcher.de\/index.php\/wp-json\/wp\/v2\/posts"}],"about":[{"href":"https:\/\/www.melanie-melcher.de\/index.php\/wp-json\/wp\/v2\/types\/post"}],"author":[{"embeddable":true,"href":"https:\/\/www.melanie-melcher.de\/index.php\/wp-json\/wp\/v2\/users\/1"}],"replies":[{"embeddable":true,"href":"https:\/\/www.melanie-melcher.de\/index.php\/wp-json\/wp\/v2\/comments?post=2562"}],"version-history":[{"count":6,"href":"https:\/\/www.melanie-melcher.de\/index.php\/wp-json\/wp\/v2\/posts\/2562\/revisions"}],"predecessor-version":[{"id":3904,"href":"https:\/\/www.melanie-melcher.de\/index.php\/wp-json\/wp\/v2\/posts\/2562\/revisions\/3904"}],"wp:featuredmedia":[{"embeddable":true,"href":"https:\/\/www.melanie-melcher.de\/index.php\/wp-json\/wp\/v2\/media\/2558"}],"wp:attachment":[{"href":"https:\/\/www.melanie-melcher.de\/index.php\/wp-json\/wp\/v2\/media?parent=2562"}],"wp:term":[{"taxonomy":"category","embeddable":true,"href":"https:\/\/www.melanie-melcher.de\/index.php\/wp-json\/wp\/v2\/categories?post=2562"},{"taxonomy":"post_tag","embeddable":true,"href":"https:\/\/www.melanie-melcher.de\/index.php\/wp-json\/wp\/v2\/tags?post=2562"}],"curies":[{"name":"wp","href":"https:\/\/api.w.org\/{rel}","templated":true}]}}