{"id":2621,"date":"2016-07-21T10:31:07","date_gmt":"2016-07-21T08:31:07","guid":{"rendered":"http:\/\/www.melanie-melcher.de\/?p=2621"},"modified":"2021-02-01T10:18:42","modified_gmt":"2021-02-01T09:18:42","slug":"maike-pascal-hamburg-duisburg","status":"publish","type":"post","link":"https:\/\/www.melanie-melcher.de\/index.php\/2016\/07\/21\/maike-pascal-hamburg-duisburg\/","title":{"rendered":"Maike &#038; Pascal &#8211; aus Hamburg nach Duisburg"},"content":{"rendered":"<p>Im Juni diesen Jahres war es f\u00fcr Maike und Pascal endlich soweit. Die beiden Hamburger Herzchen trauten sich mitten im Pott, n\u00e4mlich im sch\u00f6nen Duisburger S\u00fcden.<br \/>\nDie beiden w\u00e4hlten mich als ihre Hochzeitsfotografin und diese Anfrage war in vielerlei Hinsicht Besonders. Nicht nur, dass sie mir blind vertrauten und ohne Kennenlernen bei mir buchten, nein die beiden gaben sich auch noch in meiner Heimatgemeinde ihr Ja-Wort. In der sch\u00f6nen Dionysius Kirche haben mein Mann und ich bereits vor fast 9 Jahren vor dem Altar gesessen. Umso sch\u00f6ner ist es dann, in diese Kirche zu kommen und all die Emotionen zu sp\u00fcren.<br \/>\nLeider haben die beiden das Hamburger Schietwetter direkt mitgebracht. War es vor der Trauung noch halbwegs sonnig, h\u00f6rten wir in der Kirche drau\u00dfen den Weltuntergang w\u00fcten. Zum Auszug aus der Kirche regnete es weiter Bindf\u00e4den, so dass das Gratulieren gr\u00f6sstenteils in die Kirche verlegt wurde.<br \/>\nAls sich der Regen verzogen hatte trauten sich die G\u00e4ste allm\u00e4hlich nach drau\u00dfen und dort erwarteten die beiden Hochzeitstauben. Umringt von bunten Regenschirmen lie\u00dfen die beiden ihre Gl\u00fccksboten in den bedeckten Himmel steigen, bevor es weiter zum Van der Valk nach Moers ging. In einem schicken Oldtimer traten auch Maike und Pascal den Weg dorthin an.<br \/>\nBei Sonne angekommen nutzten wir die Gelegenheit f\u00fcr ein paar sonnige Bilder im Stadtpark, bevor uns ein Schauer in die Hochzeitssuite lockte. Ein paar Fotos sp\u00e4ter klarte der Himmel auf und verw\u00f6hnte uns noch mit ein paar Sonnenstrahlen, die wir auf der Terrasse einfingen.<\/p>\n<div class=\"gmedia_gallery mosaic_module is_bot\" id=\"GmediaGallery_79\" data-gmid=\"79\" data-module=\"mosaic\"><style class='gmedia_module_style_import'>@import url('https:\/\/www.melanie-melcher.de\/wp-content\/grand-media\/module\/mosaic\/css\/mosaic.css?v=2.16') all;<\/style>\t<div class=\"gmMosaic_Container noLightbox\" data-gmid=\"79\">\t\t<noscript><a href='https:\/\/www.melanie-melcher.de\/wp-content\/grand-media\/image\/Hochzeitsfotografin_-_Melanie_Melcher-32_3.jpg'><img class=\"noLazy\" src='https:\/\/www.melanie-melcher.de\/wp-content\/grand-media\/image\/thumb\/Hochzeitsfotografin_-_Melanie_Melcher-32_3.jpg' alt='Hochzeitsfotografin - Melanie Melcher-32' \/><\/a><a href='https:\/\/www.melanie-melcher.de\/wp-content\/grand-media\/image\/Hochzeitsfotografin_-_Melanie_Melcher-33_3.jpg'><img class=\"noLazy\" src='https:\/\/www.melanie-melcher.de\/wp-content\/grand-media\/image\/thumb\/Hochzeitsfotografin_-_Melanie_Melcher-33_3.jpg' alt='Hochzeitsfotografin - Melanie Melcher-33' \/><\/a><a href='https:\/\/www.melanie-melcher.de\/wp-content\/grand-media\/image\/Hochzeitsfotografin_-_Melanie_Melcher-10_3.jpg'><img class=\"noLazy\" src='https:\/\/www.melanie-melcher.de\/wp-content\/grand-media\/image\/thumb\/Hochzeitsfotografin_-_Melanie_Melcher-10_3.jpg' alt='Hochzeitsfotografin - Melanie Melcher-10' \/><\/a><a href='https:\/\/www.melanie-melcher.de\/wp-content\/grand-media\/image\/Hochzeitsfotografin_-_Melanie_Melcher-17_3.jpg'><img class=\"noLazy\" src='https:\/\/www.melanie-melcher.de\/wp-content\/grand-media\/image\/thumb\/Hochzeitsfotografin_-_Melanie_Melcher-17_3.jpg' alt='Hochzeitsfotografin - Melanie Melcher-17' \/><\/a><a href='https:\/\/www.melanie-melcher.de\/wp-content\/grand-media\/image\/Hochzeitsfotografin_-_Melanie_Melcher-34_3.jpg'><img class=\"noLazy\" src='https:\/\/www.melanie-melcher.de\/wp-content\/grand-media\/image\/thumb\/Hochzeitsfotografin_-_Melanie_Melcher-34_3.jpg' alt='Hochzeitsfotografin - Melanie Melcher-34' \/><\/a><a href='https:\/\/www.melanie-melcher.de\/wp-content\/grand-media\/image\/Hochzeitsfotografin_-_Melanie_Melcher-29_3.jpg'><img class=\"noLazy\" src='https:\/\/www.melanie-melcher.de\/wp-content\/grand-media\/image\/thumb\/Hochzeitsfotografin_-_Melanie_Melcher-29_3.jpg' alt='Hochzeitsfotografin - Melanie Melcher-29' \/><\/a><a href='https:\/\/www.melanie-melcher.de\/wp-content\/grand-media\/image\/Hochzeitsfotografin_-_Melanie_Melcher-11_3.jpg'><img class=\"noLazy\" src='https:\/\/www.melanie-melcher.de\/wp-content\/grand-media\/image\/thumb\/Hochzeitsfotografin_-_Melanie_Melcher-11_3.jpg' alt='Hochzeitsfotografin - Melanie Melcher-11' \/><\/a><a href='https:\/\/www.melanie-melcher.de\/wp-content\/grand-media\/image\/Hochzeitsfotografin_-_Melanie_Melcher-6_3.jpg'><img class=\"noLazy\" src='https:\/\/www.melanie-melcher.de\/wp-content\/grand-media\/image\/thumb\/Hochzeitsfotografin_-_Melanie_Melcher-6_3.jpg' alt='Hochzeitsfotografin - Melanie Melcher-6' \/><\/a><a href='https:\/\/www.melanie-melcher.de\/wp-content\/grand-media\/image\/Hochzeitsfotografin_-_Melanie_Melcher-13_3.jpg'><img class=\"noLazy\" src='https:\/\/www.melanie-melcher.de\/wp-content\/grand-media\/image\/thumb\/Hochzeitsfotografin_-_Melanie_Melcher-13_3.jpg' alt='Hochzeitsfotografin - Melanie Melcher-13' \/><\/a><a href='https:\/\/www.melanie-melcher.de\/wp-content\/grand-media\/image\/Hochzeitsfotografin_-_Melanie_Melcher-35_3.jpg'><img class=\"noLazy\" src='https:\/\/www.melanie-melcher.de\/wp-content\/grand-media\/image\/thumb\/Hochzeitsfotografin_-_Melanie_Melcher-35_3.jpg' alt='Hochzeitsfotografin - Melanie Melcher-35' \/><\/a><a href='https:\/\/www.melanie-melcher.de\/wp-content\/grand-media\/image\/Hochzeitsfotografin_-_Melanie_Melcher-36_3.jpg'><img class=\"noLazy\" src='https:\/\/www.melanie-melcher.de\/wp-content\/grand-media\/image\/thumb\/Hochzeitsfotografin_-_Melanie_Melcher-36_3.jpg' alt='Hochzeitsfotografin - Melanie Melcher-36' \/><\/a><a href='https:\/\/www.melanie-melcher.de\/wp-content\/grand-media\/image\/Hochzeitsfotografin_-_Melanie_Melcher-26_3.jpg'><img class=\"noLazy\" src='https:\/\/www.melanie-melcher.de\/wp-content\/grand-media\/image\/thumb\/Hochzeitsfotografin_-_Melanie_Melcher-26_3.jpg' alt='Hochzeitsfotografin - Melanie Melcher-26' \/><\/a><a href='https:\/\/www.melanie-melcher.de\/wp-content\/grand-media\/image\/Hochzeitsfotografin_-_Melanie_Melcher-40_3.jpg'><img class=\"noLazy\" src='https:\/\/www.melanie-melcher.de\/wp-content\/grand-media\/image\/thumb\/Hochzeitsfotografin_-_Melanie_Melcher-40_3.jpg' alt='Hochzeitsfotografin - Melanie Melcher-40' \/><\/a><a href='https:\/\/www.melanie-melcher.de\/wp-content\/grand-media\/image\/Hochzeitsfotografin_-_Melanie_Melcher-38_3.jpg'><img class=\"noLazy\" src='https:\/\/www.melanie-melcher.de\/wp-content\/grand-media\/image\/thumb\/Hochzeitsfotografin_-_Melanie_Melcher-38_3.jpg' alt='Hochzeitsfotografin - Melanie Melcher-38' \/><\/a><a href='https:\/\/www.melanie-melcher.de\/wp-content\/grand-media\/image\/Hochzeitsfotografin_-_Melanie_Melcher-7_3.jpg'><img class=\"noLazy\" src='https:\/\/www.melanie-melcher.de\/wp-content\/grand-media\/image\/thumb\/Hochzeitsfotografin_-_Melanie_Melcher-7_3.jpg' alt='Hochzeitsfotografin - Melanie Melcher-7' \/><\/a><a href='https:\/\/www.melanie-melcher.de\/wp-content\/grand-media\/image\/Hochzeitsfotografin_-_Melanie_Melcher-42_3.jpg'><img class=\"noLazy\" src='https:\/\/www.melanie-melcher.de\/wp-content\/grand-media\/image\/thumb\/Hochzeitsfotografin_-_Melanie_Melcher-42_3.jpg' alt='Hochzeitsfotografin - Melanie Melcher-42' \/><\/a><a href='https:\/\/www.melanie-melcher.de\/wp-content\/grand-media\/image\/Hochzeitsfotografin_-_Melanie_Melcher-15_3.jpg'><img class=\"noLazy\" src='https:\/\/www.melanie-melcher.de\/wp-content\/grand-media\/image\/thumb\/Hochzeitsfotografin_-_Melanie_Melcher-15_3.jpg' alt='Hochzeitsfotografin - Melanie Melcher-15' \/><\/a><a href='https:\/\/www.melanie-melcher.de\/wp-content\/grand-media\/image\/Hochzeitsfotografin_-_Melanie_Melcher-12_3.jpg'><img class=\"noLazy\" src='https:\/\/www.melanie-melcher.de\/wp-content\/grand-media\/image\/thumb\/Hochzeitsfotografin_-_Melanie_Melcher-12_3.jpg' alt='Hochzeitsfotografin - Melanie Melcher-12' \/><\/a><a href='https:\/\/www.melanie-melcher.de\/wp-content\/grand-media\/image\/Hochzeitsfotografin_-_Melanie_Melcher-41_3.jpg'><img class=\"noLazy\" src='https:\/\/www.melanie-melcher.de\/wp-content\/grand-media\/image\/thumb\/Hochzeitsfotografin_-_Melanie_Melcher-41_3.jpg' alt='Hochzeitsfotografin - Melanie Melcher-41' \/><\/a><a href='https:\/\/www.melanie-melcher.de\/wp-content\/grand-media\/image\/Hochzeitsfotografin_-_Melanie_Melcher-2_3.jpg'><img class=\"noLazy\" src='https:\/\/www.melanie-melcher.de\/wp-content\/grand-media\/image\/thumb\/Hochzeitsfotografin_-_Melanie_Melcher-2_3.jpg' alt='Hochzeitsfotografin - Melanie Melcher-2' \/><\/a><a href='https:\/\/www.melanie-melcher.de\/wp-content\/grand-media\/image\/Hochzeitsfotografin_-_Melanie_Melcher-18_3.jpg'><img class=\"noLazy\" src='https:\/\/www.melanie-melcher.de\/wp-content\/grand-media\/image\/thumb\/Hochzeitsfotografin_-_Melanie_Melcher-18_3.jpg' alt='Hochzeitsfotografin - Melanie Melcher-18' \/><\/a><a href='https:\/\/www.melanie-melcher.de\/wp-content\/grand-media\/image\/Hochzeitsfotografin_-_Melanie_Melcher-22_3.jpg'><img class=\"noLazy\" src='https:\/\/www.melanie-melcher.de\/wp-content\/grand-media\/image\/thumb\/Hochzeitsfotografin_-_Melanie_Melcher-22_3.jpg' alt='Hochzeitsfotografin - Melanie Melcher-22' \/><\/a><a href='https:\/\/www.melanie-melcher.de\/wp-content\/grand-media\/image\/Hochzeitsfotografin_-_Melanie_Melcher-30_3.jpg'><img class=\"noLazy\" src='https:\/\/www.melanie-melcher.de\/wp-content\/grand-media\/image\/thumb\/Hochzeitsfotografin_-_Melanie_Melcher-30_3.jpg' alt='Hochzeitsfotografin - Melanie Melcher-30' \/><\/a><a href='https:\/\/www.melanie-melcher.de\/wp-content\/grand-media\/image\/Hochzeitsfotografin_-_Melanie_Melcher-37_3.jpg'><img class=\"noLazy\" src='https:\/\/www.melanie-melcher.de\/wp-content\/grand-media\/image\/thumb\/Hochzeitsfotografin_-_Melanie_Melcher-37_3.jpg' alt='Hochzeitsfotografin - Melanie Melcher-37' \/><\/a><a href='https:\/\/www.melanie-melcher.de\/wp-content\/grand-media\/image\/Hochzeitsfotografin_-_Melanie_Melcher-3_3.jpg'><img class=\"noLazy\" src='https:\/\/www.melanie-melcher.de\/wp-content\/grand-media\/image\/thumb\/Hochzeitsfotografin_-_Melanie_Melcher-3_3.jpg' alt='Hochzeitsfotografin - Melanie Melcher-3' \/><\/a><a href='https:\/\/www.melanie-melcher.de\/wp-content\/grand-media\/image\/Hochzeitsfotografin_-_Melanie_Melcher-45_3.jpg'><img class=\"noLazy\" src='https:\/\/www.melanie-melcher.de\/wp-content\/grand-media\/image\/thumb\/Hochzeitsfotografin_-_Melanie_Melcher-45_3.jpg' alt='Hochzeitsfotografin - Melanie Melcher-45' \/><\/a><a href='https:\/\/www.melanie-melcher.de\/wp-content\/grand-media\/image\/Hochzeitsfotografin_-_Melanie_Melcher-9_3.jpg'><img class=\"noLazy\" src='https:\/\/www.melanie-melcher.de\/wp-content\/grand-media\/image\/thumb\/Hochzeitsfotografin_-_Melanie_Melcher-9_3.jpg' alt='Hochzeitsfotografin - Melanie Melcher-9' \/><\/a><a href='https:\/\/www.melanie-melcher.de\/wp-content\/grand-media\/image\/Hochzeitsfotografin_-_Melanie_Melcher-21_3.jpg'><img class=\"noLazy\" src='https:\/\/www.melanie-melcher.de\/wp-content\/grand-media\/image\/thumb\/Hochzeitsfotografin_-_Melanie_Melcher-21_3.jpg' alt='Hochzeitsfotografin - Melanie Melcher-21' \/><\/a><a href='https:\/\/www.melanie-melcher.de\/wp-content\/grand-media\/image\/Hochzeitsfotografin_-_Melanie_Melcher-19_3.jpg'><img class=\"noLazy\" src='https:\/\/www.melanie-melcher.de\/wp-content\/grand-media\/image\/thumb\/Hochzeitsfotografin_-_Melanie_Melcher-19_3.jpg' alt='Hochzeitsfotografin - Melanie Melcher-19' \/><\/a><a href='https:\/\/www.melanie-melcher.de\/wp-content\/grand-media\/image\/Hochzeitsfotografin_-_Melanie_Melcher-25_3.jpg'><img class=\"noLazy\" src='https:\/\/www.melanie-melcher.de\/wp-content\/grand-media\/image\/thumb\/Hochzeitsfotografin_-_Melanie_Melcher-25_3.jpg' alt='Hochzeitsfotografin - Melanie Melcher-25' \/><\/a><a href='https:\/\/www.melanie-melcher.de\/wp-content\/grand-media\/image\/Hochzeitsfotografin_-_Melanie_Melcher-8_3.jpg'><img class=\"noLazy\" src='https:\/\/www.melanie-melcher.de\/wp-content\/grand-media\/image\/thumb\/Hochzeitsfotografin_-_Melanie_Melcher-8_3.jpg' alt='Hochzeitsfotografin - Melanie Melcher-8' \/><\/a><a href='https:\/\/www.melanie-melcher.de\/wp-content\/grand-media\/image\/Hochzeitsfotografin_-_Melanie_Melcher-5_3.jpg'><img class=\"noLazy\" src='https:\/\/www.melanie-melcher.de\/wp-content\/grand-media\/image\/thumb\/Hochzeitsfotografin_-_Melanie_Melcher-5_3.jpg' alt='Hochzeitsfotografin - Melanie Melcher-5' \/><\/a><a href='https:\/\/www.melanie-melcher.de\/wp-content\/grand-media\/image\/Hochzeitsfotografin_-_Melanie_Melcher-44_3.jpg'><img class=\"noLazy\" src='https:\/\/www.melanie-melcher.de\/wp-content\/grand-media\/image\/thumb\/Hochzeitsfotografin_-_Melanie_Melcher-44_3.jpg' alt='Hochzeitsfotografin - Melanie Melcher-44' \/><\/a><a href='https:\/\/www.melanie-melcher.de\/wp-content\/grand-media\/image\/Hochzeitsfotografin_-_Melanie_Melcher-43_3.jpg'><img class=\"noLazy\" src='https:\/\/www.melanie-melcher.de\/wp-content\/grand-media\/image\/thumb\/Hochzeitsfotografin_-_Melanie_Melcher-43_3.jpg' alt='Hochzeitsfotografin - Melanie Melcher-43' \/><\/a><a href='https:\/\/www.melanie-melcher.de\/wp-content\/grand-media\/image\/Hochzeitsfotografin_-_Melanie_Melcher-16_3.jpg'><img class=\"noLazy\" src='https:\/\/www.melanie-melcher.de\/wp-content\/grand-media\/image\/thumb\/Hochzeitsfotografin_-_Melanie_Melcher-16_3.jpg' alt='Hochzeitsfotografin - Melanie Melcher-16' \/><\/a><a href='https:\/\/www.melanie-melcher.de\/wp-content\/grand-media\/image\/Hochzeitsfotografin_-_Melanie_Melcher-24_3.jpg'><img class=\"noLazy\" src='https:\/\/www.melanie-melcher.de\/wp-content\/grand-media\/image\/thumb\/Hochzeitsfotografin_-_Melanie_Melcher-24_3.jpg' alt='Hochzeitsfotografin - Melanie Melcher-24' \/><\/a><a href='https:\/\/www.melanie-melcher.de\/wp-content\/grand-media\/image\/Hochzeitsfotografin_-_Melanie_Melcher-23_3.jpg'><img class=\"noLazy\" src='https:\/\/www.melanie-melcher.de\/wp-content\/grand-media\/image\/thumb\/Hochzeitsfotografin_-_Melanie_Melcher-23_3.jpg' alt='Hochzeitsfotografin - Melanie Melcher-23' \/><\/a><a href='https:\/\/www.melanie-melcher.de\/wp-content\/grand-media\/image\/Hochzeitsfotografin_-_Melanie_Melcher_3.jpg'><img class=\"noLazy\" src='https:\/\/www.melanie-melcher.de\/wp-content\/grand-media\/image\/thumb\/Hochzeitsfotografin_-_Melanie_Melcher_3.jpg' alt='Hochzeitsfotografin - Melanie Melcher' \/><\/a><a href='https:\/\/www.melanie-melcher.de\/wp-content\/grand-media\/image\/Hochzeitsfotografin_-_Melanie_Melcher-20_3.jpg'><img class=\"noLazy\" src='https:\/\/www.melanie-melcher.de\/wp-content\/grand-media\/image\/thumb\/Hochzeitsfotografin_-_Melanie_Melcher-20_3.jpg' alt='Hochzeitsfotografin - Melanie Melcher-20' \/><\/a><\/noscript><\/div>\n\t\t<script type=\"text\/javascript\">\n\t\t\tdocument.addEventListener( 'DOMContentLoaded', function() {\n\t\t\t\tjQuery( function( $ ) {\n\t\t\t\t\tvar settings = {\"columns\":\"3\",\"lightbox_mobile\":\"0\",\"ID\":\"79\",\"name\":\"Maike & Pascal\",\"is_mobile\":false,\"module_dirurl\":\"https:\\\/\\\/www.melanie-melcher.de\\\/wp-content\\\/grand-media\\\/module\\\/mosaic\"};\n\t\t\t\t\tvar gmedia_mosaic_content = [{\"id\":\"1572\",\"type\":\"image\",\"ext\":\"jpg\",\"src\":\"\\\/image\\\/Hochzeitsfotografin_-_Melanie_Melcher-32_3.jpg\",\"sizes\":{\"thumb\":\"https:\\\/\\\/www.melanie-melcher.de\\\/wp-content\\\/grand-media\\\/image\\\/thumb\\\/Hochzeitsfotografin_-_Melanie_Melcher-32_3.jpg\",\"full\":\"https:\\\/\\\/www.melanie-melcher.de\\\/wp-content\\\/grand-media\\\/image\\\/Hochzeitsfotografin_-_Melanie_Melcher-32_3.jpg\"},\"title\":\"Hochzeitsfotografin - Melanie Melcher-32\",\"alt\":\"Hochzeitsfotografin - Melanie Melcher-32\",\"caption\":\"\",\"url\":\"\",\"post_link\":\"https:\\\/\\\/www.melanie-melcher.de\\\/index.php\\\/gmedia\\\/hochzeitsfotografin_-_melanie_melcher-32_3-jpg\\\/\",\"cc\":0,\"views\":2,\"likes\":0,\"width\":800,\"height\":533},{\"id\":\"1573\",\"type\":\"image\",\"ext\":\"jpg\",\"src\":\"\\\/image\\\/Hochzeitsfotografin_-_Melanie_Melcher-33_3.jpg\",\"sizes\":{\"thumb\":\"https:\\\/\\\/www.melanie-melcher.de\\\/wp-content\\\/grand-media\\\/image\\\/thumb\\\/Hochzeitsfotografin_-_Melanie_Melcher-33_3.jpg\",\"full\":\"https:\\\/\\\/www.melanie-melcher.de\\\/wp-content\\\/grand-media\\\/image\\\/Hochzeitsfotografin_-_Melanie_Melcher-33_3.jpg\"},\"title\":\"Hochzeitsfotografin - Melanie Melcher-33\",\"alt\":\"Hochzeitsfotografin - Melanie Melcher-33\",\"caption\":\"\",\"url\":\"\",\"post_link\":\"https:\\\/\\\/www.melanie-melcher.de\\\/index.php\\\/gmedia\\\/hochzeitsfotografin_-_melanie_melcher-33_3-jpg\\\/\",\"cc\":0,\"views\":1,\"likes\":0,\"width\":800,\"height\":533},{\"id\":\"1550\",\"type\":\"image\",\"ext\":\"jpg\",\"src\":\"\\\/image\\\/Hochzeitsfotografin_-_Melanie_Melcher-10_3.jpg\",\"sizes\":{\"thumb\":\"https:\\\/\\\/www.melanie-melcher.de\\\/wp-content\\\/grand-media\\\/image\\\/thumb\\\/Hochzeitsfotografin_-_Melanie_Melcher-10_3.jpg\",\"full\":\"https:\\\/\\\/www.melanie-melcher.de\\\/wp-content\\\/grand-media\\\/image\\\/Hochzeitsfotografin_-_Melanie_Melcher-10_3.jpg\"},\"title\":\"Hochzeitsfotografin - Melanie Melcher-10\",\"alt\":\"Hochzeitsfotografin - Melanie Melcher-10\",\"caption\":\"\",\"url\":\"\",\"post_link\":\"https:\\\/\\\/www.melanie-melcher.de\\\/index.php\\\/gmedia\\\/hochzeitsfotografin_-_melanie_melcher-10_3-jpg\\\/\",\"cc\":0,\"views\":1,\"likes\":0,\"width\":533,\"height\":800},{\"id\":\"1557\",\"type\":\"image\",\"ext\":\"jpg\",\"src\":\"\\\/image\\\/Hochzeitsfotografin_-_Melanie_Melcher-17_3.jpg\",\"sizes\":{\"thumb\":\"https:\\\/\\\/www.melanie-melcher.de\\\/wp-content\\\/grand-media\\\/image\\\/thumb\\\/Hochzeitsfotografin_-_Melanie_Melcher-17_3.jpg\",\"full\":\"https:\\\/\\\/www.melanie-melcher.de\\\/wp-content\\\/grand-media\\\/image\\\/Hochzeitsfotografin_-_Melanie_Melcher-17_3.jpg\"},\"title\":\"Hochzeitsfotografin - Melanie Melcher-17\",\"alt\":\"Hochzeitsfotografin - Melanie Melcher-17\",\"caption\":\"\",\"url\":\"\",\"post_link\":\"https:\\\/\\\/www.melanie-melcher.de\\\/index.php\\\/gmedia\\\/hochzeitsfotografin_-_melanie_melcher-17_3-jpg\\\/\",\"cc\":0,\"views\":1,\"likes\":0,\"width\":800,\"height\":533},{\"id\":\"1574\",\"type\":\"image\",\"ext\":\"jpg\",\"src\":\"\\\/image\\\/Hochzeitsfotografin_-_Melanie_Melcher-34_3.jpg\",\"sizes\":{\"thumb\":\"https:\\\/\\\/www.melanie-melcher.de\\\/wp-content\\\/grand-media\\\/image\\\/thumb\\\/Hochzeitsfotografin_-_Melanie_Melcher-34_3.jpg\",\"full\":\"https:\\\/\\\/www.melanie-melcher.de\\\/wp-content\\\/grand-media\\\/image\\\/Hochzeitsfotografin_-_Melanie_Melcher-34_3.jpg\"},\"title\":\"Hochzeitsfotografin - Melanie Melcher-34\",\"alt\":\"Hochzeitsfotografin - Melanie Melcher-34\",\"caption\":\"\",\"url\":\"\",\"post_link\":\"https:\\\/\\\/www.melanie-melcher.de\\\/index.php\\\/gmedia\\\/hochzeitsfotografin_-_melanie_melcher-34_3-jpg\\\/\",\"cc\":0,\"views\":2,\"likes\":0,\"width\":534,\"height\":800},{\"id\":\"1569\",\"type\":\"image\",\"ext\":\"jpg\",\"src\":\"\\\/image\\\/Hochzeitsfotografin_-_Melanie_Melcher-29_3.jpg\",\"sizes\":{\"thumb\":\"https:\\\/\\\/www.melanie-melcher.de\\\/wp-content\\\/grand-media\\\/image\\\/thumb\\\/Hochzeitsfotografin_-_Melanie_Melcher-29_3.jpg\",\"full\":\"https:\\\/\\\/www.melanie-melcher.de\\\/wp-content\\\/grand-media\\\/image\\\/Hochzeitsfotografin_-_Melanie_Melcher-29_3.jpg\"},\"title\":\"Hochzeitsfotografin - Melanie Melcher-29\",\"alt\":\"Hochzeitsfotografin - Melanie Melcher-29\",\"caption\":\"\",\"url\":\"\",\"post_link\":\"https:\\\/\\\/www.melanie-melcher.de\\\/index.php\\\/gmedia\\\/hochzeitsfotografin_-_melanie_melcher-29_3-jpg\\\/\",\"cc\":0,\"views\":1,\"likes\":0,\"width\":533,\"height\":800},{\"id\":\"1551\",\"type\":\"image\",\"ext\":\"jpg\",\"src\":\"\\\/image\\\/Hochzeitsfotografin_-_Melanie_Melcher-11_3.jpg\",\"sizes\":{\"thumb\":\"https:\\\/\\\/www.melanie-melcher.de\\\/wp-content\\\/grand-media\\\/image\\\/thumb\\\/Hochzeitsfotografin_-_Melanie_Melcher-11_3.jpg\",\"full\":\"https:\\\/\\\/www.melanie-melcher.de\\\/wp-content\\\/grand-media\\\/image\\\/Hochzeitsfotografin_-_Melanie_Melcher-11_3.jpg\"},\"title\":\"Hochzeitsfotografin - Melanie Melcher-11\",\"alt\":\"Hochzeitsfotografin - Melanie Melcher-11\",\"caption\":\"\",\"url\":\"\",\"post_link\":\"https:\\\/\\\/www.melanie-melcher.de\\\/index.php\\\/gmedia\\\/hochzeitsfotografin_-_melanie_melcher-11_3-jpg\\\/\",\"cc\":0,\"views\":1,\"likes\":0,\"width\":800,\"height\":533},{\"id\":\"1546\",\"type\":\"image\",\"ext\":\"jpg\",\"src\":\"\\\/image\\\/Hochzeitsfotografin_-_Melanie_Melcher-6_3.jpg\",\"sizes\":{\"thumb\":\"https:\\\/\\\/www.melanie-melcher.de\\\/wp-content\\\/grand-media\\\/image\\\/thumb\\\/Hochzeitsfotografin_-_Melanie_Melcher-6_3.jpg\",\"full\":\"https:\\\/\\\/www.melanie-melcher.de\\\/wp-content\\\/grand-media\\\/image\\\/Hochzeitsfotografin_-_Melanie_Melcher-6_3.jpg\"},\"title\":\"Hochzeitsfotografin - Melanie Melcher-6\",\"alt\":\"Hochzeitsfotografin - Melanie Melcher-6\",\"caption\":\"\",\"url\":\"\",\"post_link\":\"https:\\\/\\\/www.melanie-melcher.de\\\/index.php\\\/gmedia\\\/hochzeitsfotografin_-_melanie_melcher-6_3-jpg\\\/\",\"cc\":0,\"views\":3,\"likes\":0,\"width\":533,\"height\":800},{\"id\":\"1553\",\"type\":\"image\",\"ext\":\"jpg\",\"src\":\"\\\/image\\\/Hochzeitsfotografin_-_Melanie_Melcher-13_3.jpg\",\"sizes\":{\"thumb\":\"https:\\\/\\\/www.melanie-melcher.de\\\/wp-content\\\/grand-media\\\/image\\\/thumb\\\/Hochzeitsfotografin_-_Melanie_Melcher-13_3.jpg\",\"full\":\"https:\\\/\\\/www.melanie-melcher.de\\\/wp-content\\\/grand-media\\\/image\\\/Hochzeitsfotografin_-_Melanie_Melcher-13_3.jpg\"},\"title\":\"Hochzeitsfotografin - Melanie Melcher-13\",\"alt\":\"Hochzeitsfotografin - Melanie Melcher-13\",\"caption\":\"\",\"url\":\"\",\"post_link\":\"https:\\\/\\\/www.melanie-melcher.de\\\/index.php\\\/gmedia\\\/hochzeitsfotografin_-_melanie_melcher-13_3-jpg\\\/\",\"cc\":0,\"views\":1,\"likes\":0,\"width\":533,\"height\":800},{\"id\":\"1575\",\"type\":\"image\",\"ext\":\"jpg\",\"src\":\"\\\/image\\\/Hochzeitsfotografin_-_Melanie_Melcher-35_3.jpg\",\"sizes\":{\"thumb\":\"https:\\\/\\\/www.melanie-melcher.de\\\/wp-content\\\/grand-media\\\/image\\\/thumb\\\/Hochzeitsfotografin_-_Melanie_Melcher-35_3.jpg\",\"full\":\"https:\\\/\\\/www.melanie-melcher.de\\\/wp-content\\\/grand-media\\\/image\\\/Hochzeitsfotografin_-_Melanie_Melcher-35_3.jpg\"},\"title\":\"Hochzeitsfotografin - Melanie Melcher-35\",\"alt\":\"Hochzeitsfotografin - Melanie Melcher-35\",\"caption\":\"\",\"url\":\"\",\"post_link\":\"https:\\\/\\\/www.melanie-melcher.de\\\/index.php\\\/gmedia\\\/hochzeitsfotografin_-_melanie_melcher-35_3-jpg\\\/\",\"cc\":0,\"views\":2,\"likes\":0,\"width\":533,\"height\":800},{\"id\":\"1576\",\"type\":\"image\",\"ext\":\"jpg\",\"src\":\"\\\/image\\\/Hochzeitsfotografin_-_Melanie_Melcher-36_3.jpg\",\"sizes\":{\"thumb\":\"https:\\\/\\\/www.melanie-melcher.de\\\/wp-content\\\/grand-media\\\/image\\\/thumb\\\/Hochzeitsfotografin_-_Melanie_Melcher-36_3.jpg\",\"full\":\"https:\\\/\\\/www.melanie-melcher.de\\\/wp-content\\\/grand-media\\\/image\\\/Hochzeitsfotografin_-_Melanie_Melcher-36_3.jpg\"},\"title\":\"Hochzeitsfotografin - Melanie Melcher-36\",\"alt\":\"Hochzeitsfotografin - Melanie Melcher-36\",\"caption\":\"\",\"url\":\"\",\"post_link\":\"https:\\\/\\\/www.melanie-melcher.de\\\/index.php\\\/gmedia\\\/hochzeitsfotografin_-_melanie_melcher-36_3-jpg\\\/\",\"cc\":0,\"views\":2,\"likes\":0,\"width\":800,\"height\":533},{\"id\":\"1566\",\"type\":\"image\",\"ext\":\"jpg\",\"src\":\"\\\/image\\\/Hochzeitsfotografin_-_Melanie_Melcher-26_3.jpg\",\"sizes\":{\"thumb\":\"https:\\\/\\\/www.melanie-melcher.de\\\/wp-content\\\/grand-media\\\/image\\\/thumb\\\/Hochzeitsfotografin_-_Melanie_Melcher-26_3.jpg\",\"full\":\"https:\\\/\\\/www.melanie-melcher.de\\\/wp-content\\\/grand-media\\\/image\\\/Hochzeitsfotografin_-_Melanie_Melcher-26_3.jpg\"},\"title\":\"Hochzeitsfotografin - Melanie Melcher-26\",\"alt\":\"Hochzeitsfotografin - Melanie Melcher-26\",\"caption\":\"\",\"url\":\"\",\"post_link\":\"https:\\\/\\\/www.melanie-melcher.de\\\/index.php\\\/gmedia\\\/hochzeitsfotografin_-_melanie_melcher-26_3-jpg\\\/\",\"cc\":0,\"views\":1,\"likes\":0,\"width\":800,\"height\":533},{\"id\":\"1580\",\"type\":\"image\",\"ext\":\"jpg\",\"src\":\"\\\/image\\\/Hochzeitsfotografin_-_Melanie_Melcher-40_3.jpg\",\"sizes\":{\"thumb\":\"https:\\\/\\\/www.melanie-melcher.de\\\/wp-content\\\/grand-media\\\/image\\\/thumb\\\/Hochzeitsfotografin_-_Melanie_Melcher-40_3.jpg\",\"full\":\"https:\\\/\\\/www.melanie-melcher.de\\\/wp-content\\\/grand-media\\\/image\\\/Hochzeitsfotografin_-_Melanie_Melcher-40_3.jpg\"},\"title\":\"Hochzeitsfotografin - Melanie Melcher-40\",\"alt\":\"Hochzeitsfotografin - Melanie Melcher-40\",\"caption\":\"\",\"url\":\"\",\"post_link\":\"https:\\\/\\\/www.melanie-melcher.de\\\/index.php\\\/gmedia\\\/hochzeitsfotografin_-_melanie_melcher-40_3-jpg\\\/\",\"cc\":0,\"views\":2,\"likes\":0,\"width\":800,\"height\":533},{\"id\":\"1578\",\"type\":\"image\",\"ext\":\"jpg\",\"src\":\"\\\/image\\\/Hochzeitsfotografin_-_Melanie_Melcher-38_3.jpg\",\"sizes\":{\"thumb\":\"https:\\\/\\\/www.melanie-melcher.de\\\/wp-content\\\/grand-media\\\/image\\\/thumb\\\/Hochzeitsfotografin_-_Melanie_Melcher-38_3.jpg\",\"full\":\"https:\\\/\\\/www.melanie-melcher.de\\\/wp-content\\\/grand-media\\\/image\\\/Hochzeitsfotografin_-_Melanie_Melcher-38_3.jpg\"},\"title\":\"Hochzeitsfotografin - Melanie Melcher-38\",\"alt\":\"Hochzeitsfotografin - Melanie Melcher-38\",\"caption\":\"\",\"url\":\"\",\"post_link\":\"https:\\\/\\\/www.melanie-melcher.de\\\/index.php\\\/gmedia\\\/hochzeitsfotografin_-_melanie_melcher-38_3-jpg\\\/\",\"cc\":0,\"views\":2,\"likes\":0,\"width\":800,\"height\":533},{\"id\":\"1547\",\"type\":\"image\",\"ext\":\"jpg\",\"src\":\"\\\/image\\\/Hochzeitsfotografin_-_Melanie_Melcher-7_3.jpg\",\"sizes\":{\"thumb\":\"https:\\\/\\\/www.melanie-melcher.de\\\/wp-content\\\/grand-media\\\/image\\\/thumb\\\/Hochzeitsfotografin_-_Melanie_Melcher-7_3.jpg\",\"full\":\"https:\\\/\\\/www.melanie-melcher.de\\\/wp-content\\\/grand-media\\\/image\\\/Hochzeitsfotografin_-_Melanie_Melcher-7_3.jpg\"},\"title\":\"Hochzeitsfotografin - Melanie Melcher-7\",\"alt\":\"Hochzeitsfotografin - Melanie Melcher-7\",\"caption\":\"\",\"url\":\"\",\"post_link\":\"https:\\\/\\\/www.melanie-melcher.de\\\/index.php\\\/gmedia\\\/hochzeitsfotografin_-_melanie_melcher-7_3-jpg\\\/\",\"cc\":0,\"views\":1,\"likes\":0,\"width\":800,\"height\":533},{\"id\":\"1582\",\"type\":\"image\",\"ext\":\"jpg\",\"src\":\"\\\/image\\\/Hochzeitsfotografin_-_Melanie_Melcher-42_3.jpg\",\"sizes\":{\"thumb\":\"https:\\\/\\\/www.melanie-melcher.de\\\/wp-content\\\/grand-media\\\/image\\\/thumb\\\/Hochzeitsfotografin_-_Melanie_Melcher-42_3.jpg\",\"full\":\"https:\\\/\\\/www.melanie-melcher.de\\\/wp-content\\\/grand-media\\\/image\\\/Hochzeitsfotografin_-_Melanie_Melcher-42_3.jpg\"},\"title\":\"Hochzeitsfotografin - Melanie Melcher-42\",\"alt\":\"Hochzeitsfotografin - Melanie Melcher-42\",\"caption\":\"\",\"url\":\"\",\"post_link\":\"https:\\\/\\\/www.melanie-melcher.de\\\/index.php\\\/gmedia\\\/hochzeitsfotografin_-_melanie_melcher-42_3-jpg\\\/\",\"cc\":0,\"views\":1,\"likes\":0,\"width\":800,\"height\":533},{\"id\":\"1555\",\"type\":\"image\",\"ext\":\"jpg\",\"src\":\"\\\/image\\\/Hochzeitsfotografin_-_Melanie_Melcher-15_3.jpg\",\"sizes\":{\"thumb\":\"https:\\\/\\\/www.melanie-melcher.de\\\/wp-content\\\/grand-media\\\/image\\\/thumb\\\/Hochzeitsfotografin_-_Melanie_Melcher-15_3.jpg\",\"full\":\"https:\\\/\\\/www.melanie-melcher.de\\\/wp-content\\\/grand-media\\\/image\\\/Hochzeitsfotografin_-_Melanie_Melcher-15_3.jpg\"},\"title\":\"Hochzeitsfotografin - Melanie Melcher-15\",\"alt\":\"Hochzeitsfotografin - Melanie Melcher-15\",\"caption\":\"\",\"url\":\"\",\"post_link\":\"https:\\\/\\\/www.melanie-melcher.de\\\/index.php\\\/gmedia\\\/hochzeitsfotografin_-_melanie_melcher-15_3-jpg\\\/\",\"cc\":0,\"views\":1,\"likes\":0,\"width\":800,\"height\":533},{\"id\":\"1552\",\"type\":\"image\",\"ext\":\"jpg\",\"src\":\"\\\/image\\\/Hochzeitsfotografin_-_Melanie_Melcher-12_3.jpg\",\"sizes\":{\"thumb\":\"https:\\\/\\\/www.melanie-melcher.de\\\/wp-content\\\/grand-media\\\/image\\\/thumb\\\/Hochzeitsfotografin_-_Melanie_Melcher-12_3.jpg\",\"full\":\"https:\\\/\\\/www.melanie-melcher.de\\\/wp-content\\\/grand-media\\\/image\\\/Hochzeitsfotografin_-_Melanie_Melcher-12_3.jpg\"},\"title\":\"Hochzeitsfotografin - Melanie Melcher-12\",\"alt\":\"Hochzeitsfotografin - Melanie Melcher-12\",\"caption\":\"\",\"url\":\"\",\"post_link\":\"https:\\\/\\\/www.melanie-melcher.de\\\/index.php\\\/gmedia\\\/hochzeitsfotografin_-_melanie_melcher-12_3-jpg\\\/\",\"cc\":0,\"views\":2,\"likes\":0,\"width\":533,\"height\":800},{\"id\":\"1581\",\"type\":\"image\",\"ext\":\"jpg\",\"src\":\"\\\/image\\\/Hochzeitsfotografin_-_Melanie_Melcher-41_3.jpg\",\"sizes\":{\"thumb\":\"https:\\\/\\\/www.melanie-melcher.de\\\/wp-content\\\/grand-media\\\/image\\\/thumb\\\/Hochzeitsfotografin_-_Melanie_Melcher-41_3.jpg\",\"full\":\"https:\\\/\\\/www.melanie-melcher.de\\\/wp-content\\\/grand-media\\\/image\\\/Hochzeitsfotografin_-_Melanie_Melcher-41_3.jpg\"},\"title\":\"Hochzeitsfotografin - Melanie Melcher-41\",\"alt\":\"Hochzeitsfotografin - Melanie Melcher-41\",\"caption\":\"\",\"url\":\"\",\"post_link\":\"https:\\\/\\\/www.melanie-melcher.de\\\/index.php\\\/gmedia\\\/hochzeitsfotografin_-_melanie_melcher-41_3-jpg\\\/\",\"cc\":0,\"views\":3,\"likes\":0,\"width\":800,\"height\":533},{\"id\":\"1542\",\"type\":\"image\",\"ext\":\"jpg\",\"src\":\"\\\/image\\\/Hochzeitsfotografin_-_Melanie_Melcher-2_3.jpg\",\"sizes\":{\"thumb\":\"https:\\\/\\\/www.melanie-melcher.de\\\/wp-content\\\/grand-media\\\/image\\\/thumb\\\/Hochzeitsfotografin_-_Melanie_Melcher-2_3.jpg\",\"full\":\"https:\\\/\\\/www.melanie-melcher.de\\\/wp-content\\\/grand-media\\\/image\\\/Hochzeitsfotografin_-_Melanie_Melcher-2_3.jpg\"},\"title\":\"Hochzeitsfotografin - Melanie Melcher-2\",\"alt\":\"Hochzeitsfotografin - Melanie Melcher-2\",\"caption\":\"\",\"url\":\"\",\"post_link\":\"https:\\\/\\\/www.melanie-melcher.de\\\/index.php\\\/gmedia\\\/hochzeitsfotografin_-_melanie_melcher-2_3-jpg\\\/\",\"cc\":0,\"views\":2,\"likes\":0,\"width\":800,\"height\":533},{\"id\":\"1558\",\"type\":\"image\",\"ext\":\"jpg\",\"src\":\"\\\/image\\\/Hochzeitsfotografin_-_Melanie_Melcher-18_3.jpg\",\"sizes\":{\"thumb\":\"https:\\\/\\\/www.melanie-melcher.de\\\/wp-content\\\/grand-media\\\/image\\\/thumb\\\/Hochzeitsfotografin_-_Melanie_Melcher-18_3.jpg\",\"full\":\"https:\\\/\\\/www.melanie-melcher.de\\\/wp-content\\\/grand-media\\\/image\\\/Hochzeitsfotografin_-_Melanie_Melcher-18_3.jpg\"},\"title\":\"Hochzeitsfotografin - Melanie Melcher-18\",\"alt\":\"Hochzeitsfotografin - Melanie Melcher-18\",\"caption\":\"\",\"url\":\"\",\"post_link\":\"https:\\\/\\\/www.melanie-melcher.de\\\/index.php\\\/gmedia\\\/hochzeitsfotografin_-_melanie_melcher-18_3-jpg\\\/\",\"cc\":0,\"views\":2,\"likes\":0,\"width\":533,\"height\":800},{\"id\":\"1562\",\"type\":\"image\",\"ext\":\"jpg\",\"src\":\"\\\/image\\\/Hochzeitsfotografin_-_Melanie_Melcher-22_3.jpg\",\"sizes\":{\"thumb\":\"https:\\\/\\\/www.melanie-melcher.de\\\/wp-content\\\/grand-media\\\/image\\\/thumb\\\/Hochzeitsfotografin_-_Melanie_Melcher-22_3.jpg\",\"full\":\"https:\\\/\\\/www.melanie-melcher.de\\\/wp-content\\\/grand-media\\\/image\\\/Hochzeitsfotografin_-_Melanie_Melcher-22_3.jpg\"},\"title\":\"Hochzeitsfotografin - Melanie Melcher-22\",\"alt\":\"Hochzeitsfotografin - Melanie Melcher-22\",\"caption\":\"\",\"url\":\"\",\"post_link\":\"https:\\\/\\\/www.melanie-melcher.de\\\/index.php\\\/gmedia\\\/hochzeitsfotografin_-_melanie_melcher-22_3-jpg\\\/\",\"cc\":0,\"views\":1,\"likes\":0,\"width\":800,\"height\":533},{\"id\":\"1570\",\"type\":\"image\",\"ext\":\"jpg\",\"src\":\"\\\/image\\\/Hochzeitsfotografin_-_Melanie_Melcher-30_3.jpg\",\"sizes\":{\"thumb\":\"https:\\\/\\\/www.melanie-melcher.de\\\/wp-content\\\/grand-media\\\/image\\\/thumb\\\/Hochzeitsfotografin_-_Melanie_Melcher-30_3.jpg\",\"full\":\"https:\\\/\\\/www.melanie-melcher.de\\\/wp-content\\\/grand-media\\\/image\\\/Hochzeitsfotografin_-_Melanie_Melcher-30_3.jpg\"},\"title\":\"Hochzeitsfotografin - Melanie Melcher-30\",\"alt\":\"Hochzeitsfotografin - Melanie Melcher-30\",\"caption\":\"\",\"url\":\"\",\"post_link\":\"https:\\\/\\\/www.melanie-melcher.de\\\/index.php\\\/gmedia\\\/hochzeitsfotografin_-_melanie_melcher-30_3-jpg\\\/\",\"cc\":0,\"views\":3,\"likes\":0,\"width\":800,\"height\":533},{\"id\":\"1577\",\"type\":\"image\",\"ext\":\"jpg\",\"src\":\"\\\/image\\\/Hochzeitsfotografin_-_Melanie_Melcher-37_3.jpg\",\"sizes\":{\"thumb\":\"https:\\\/\\\/www.melanie-melcher.de\\\/wp-content\\\/grand-media\\\/image\\\/thumb\\\/Hochzeitsfotografin_-_Melanie_Melcher-37_3.jpg\",\"full\":\"https:\\\/\\\/www.melanie-melcher.de\\\/wp-content\\\/grand-media\\\/image\\\/Hochzeitsfotografin_-_Melanie_Melcher-37_3.jpg\"},\"title\":\"Hochzeitsfotografin - Melanie Melcher-37\",\"alt\":\"Hochzeitsfotografin - Melanie Melcher-37\",\"caption\":\"\",\"url\":\"\",\"post_link\":\"https:\\\/\\\/www.melanie-melcher.de\\\/index.php\\\/gmedia\\\/hochzeitsfotografin_-_melanie_melcher-37_3-jpg\\\/\",\"cc\":0,\"views\":3,\"likes\":0,\"width\":800,\"height\":533},{\"id\":\"1543\",\"type\":\"image\",\"ext\":\"jpg\",\"src\":\"\\\/image\\\/Hochzeitsfotografin_-_Melanie_Melcher-3_3.jpg\",\"sizes\":{\"thumb\":\"https:\\\/\\\/www.melanie-melcher.de\\\/wp-content\\\/grand-media\\\/image\\\/thumb\\\/Hochzeitsfotografin_-_Melanie_Melcher-3_3.jpg\",\"full\":\"https:\\\/\\\/www.melanie-melcher.de\\\/wp-content\\\/grand-media\\\/image\\\/Hochzeitsfotografin_-_Melanie_Melcher-3_3.jpg\"},\"title\":\"Hochzeitsfotografin - Melanie Melcher-3\",\"alt\":\"Hochzeitsfotografin - Melanie Melcher-3\",\"caption\":\"\",\"url\":\"\",\"post_link\":\"https:\\\/\\\/www.melanie-melcher.de\\\/index.php\\\/gmedia\\\/hochzeitsfotografin_-_melanie_melcher-3_3-jpg\\\/\",\"cc\":0,\"views\":2,\"likes\":0,\"width\":800,\"height\":533},{\"id\":\"1585\",\"type\":\"image\",\"ext\":\"jpg\",\"src\":\"\\\/image\\\/Hochzeitsfotografin_-_Melanie_Melcher-45_3.jpg\",\"sizes\":{\"thumb\":\"https:\\\/\\\/www.melanie-melcher.de\\\/wp-content\\\/grand-media\\\/image\\\/thumb\\\/Hochzeitsfotografin_-_Melanie_Melcher-45_3.jpg\",\"full\":\"https:\\\/\\\/www.melanie-melcher.de\\\/wp-content\\\/grand-media\\\/image\\\/Hochzeitsfotografin_-_Melanie_Melcher-45_3.jpg\"},\"title\":\"Hochzeitsfotografin - Melanie Melcher-45\",\"alt\":\"Hochzeitsfotografin - Melanie Melcher-45\",\"caption\":\"\",\"url\":\"\",\"post_link\":\"https:\\\/\\\/www.melanie-melcher.de\\\/index.php\\\/gmedia\\\/hochzeitsfotografin_-_melanie_melcher-45_3-jpg\\\/\",\"cc\":0,\"views\":2,\"likes\":0,\"width\":800,\"height\":533},{\"id\":\"1549\",\"type\":\"image\",\"ext\":\"jpg\",\"src\":\"\\\/image\\\/Hochzeitsfotografin_-_Melanie_Melcher-9_3.jpg\",\"sizes\":{\"thumb\":\"https:\\\/\\\/www.melanie-melcher.de\\\/wp-content\\\/grand-media\\\/image\\\/thumb\\\/Hochzeitsfotografin_-_Melanie_Melcher-9_3.jpg\",\"full\":\"https:\\\/\\\/www.melanie-melcher.de\\\/wp-content\\\/grand-media\\\/image\\\/Hochzeitsfotografin_-_Melanie_Melcher-9_3.jpg\"},\"title\":\"Hochzeitsfotografin - Melanie Melcher-9\",\"alt\":\"Hochzeitsfotografin - Melanie Melcher-9\",\"caption\":\"\",\"url\":\"\",\"post_link\":\"https:\\\/\\\/www.melanie-melcher.de\\\/index.php\\\/gmedia\\\/hochzeitsfotografin_-_melanie_melcher-9_3-jpg\\\/\",\"cc\":0,\"views\":1,\"likes\":0,\"width\":800,\"height\":533},{\"id\":\"1561\",\"type\":\"image\",\"ext\":\"jpg\",\"src\":\"\\\/image\\\/Hochzeitsfotografin_-_Melanie_Melcher-21_3.jpg\",\"sizes\":{\"thumb\":\"https:\\\/\\\/www.melanie-melcher.de\\\/wp-content\\\/grand-media\\\/image\\\/thumb\\\/Hochzeitsfotografin_-_Melanie_Melcher-21_3.jpg\",\"full\":\"https:\\\/\\\/www.melanie-melcher.de\\\/wp-content\\\/grand-media\\\/image\\\/Hochzeitsfotografin_-_Melanie_Melcher-21_3.jpg\"},\"title\":\"Hochzeitsfotografin - Melanie Melcher-21\",\"alt\":\"Hochzeitsfotografin - Melanie Melcher-21\",\"caption\":\"\",\"url\":\"\",\"post_link\":\"https:\\\/\\\/www.melanie-melcher.de\\\/index.php\\\/gmedia\\\/hochzeitsfotografin_-_melanie_melcher-21_3-jpg\\\/\",\"cc\":0,\"views\":2,\"likes\":0,\"width\":800,\"height\":533},{\"id\":\"1559\",\"type\":\"image\",\"ext\":\"jpg\",\"src\":\"\\\/image\\\/Hochzeitsfotografin_-_Melanie_Melcher-19_3.jpg\",\"sizes\":{\"thumb\":\"https:\\\/\\\/www.melanie-melcher.de\\\/wp-content\\\/grand-media\\\/image\\\/thumb\\\/Hochzeitsfotografin_-_Melanie_Melcher-19_3.jpg\",\"full\":\"https:\\\/\\\/www.melanie-melcher.de\\\/wp-content\\\/grand-media\\\/image\\\/Hochzeitsfotografin_-_Melanie_Melcher-19_3.jpg\"},\"title\":\"Hochzeitsfotografin - Melanie Melcher-19\",\"alt\":\"Hochzeitsfotografin - Melanie Melcher-19\",\"caption\":\"\",\"url\":\"\",\"post_link\":\"https:\\\/\\\/www.melanie-melcher.de\\\/index.php\\\/gmedia\\\/hochzeitsfotografin_-_melanie_melcher-19_3-jpg\\\/\",\"cc\":0,\"views\":1,\"likes\":0,\"width\":533,\"height\":800},{\"id\":\"1565\",\"type\":\"image\",\"ext\":\"jpg\",\"src\":\"\\\/image\\\/Hochzeitsfotografin_-_Melanie_Melcher-25_3.jpg\",\"sizes\":{\"thumb\":\"https:\\\/\\\/www.melanie-melcher.de\\\/wp-content\\\/grand-media\\\/image\\\/thumb\\\/Hochzeitsfotografin_-_Melanie_Melcher-25_3.jpg\",\"full\":\"https:\\\/\\\/www.melanie-melcher.de\\\/wp-content\\\/grand-media\\\/image\\\/Hochzeitsfotografin_-_Melanie_Melcher-25_3.jpg\"},\"title\":\"Hochzeitsfotografin - Melanie Melcher-25\",\"alt\":\"Hochzeitsfotografin - Melanie Melcher-25\",\"caption\":\"\",\"url\":\"\",\"post_link\":\"https:\\\/\\\/www.melanie-melcher.de\\\/index.php\\\/gmedia\\\/hochzeitsfotografin_-_melanie_melcher-25_3-jpg\\\/\",\"cc\":0,\"views\":2,\"likes\":0,\"width\":800,\"height\":533},{\"id\":\"1548\",\"type\":\"image\",\"ext\":\"jpg\",\"src\":\"\\\/image\\\/Hochzeitsfotografin_-_Melanie_Melcher-8_3.jpg\",\"sizes\":{\"thumb\":\"https:\\\/\\\/www.melanie-melcher.de\\\/wp-content\\\/grand-media\\\/image\\\/thumb\\\/Hochzeitsfotografin_-_Melanie_Melcher-8_3.jpg\",\"full\":\"https:\\\/\\\/www.melanie-melcher.de\\\/wp-content\\\/grand-media\\\/image\\\/Hochzeitsfotografin_-_Melanie_Melcher-8_3.jpg\"},\"title\":\"Hochzeitsfotografin - Melanie Melcher-8\",\"alt\":\"Hochzeitsfotografin - Melanie Melcher-8\",\"caption\":\"\",\"url\":\"\",\"post_link\":\"https:\\\/\\\/www.melanie-melcher.de\\\/index.php\\\/gmedia\\\/hochzeitsfotografin_-_melanie_melcher-8_3-jpg\\\/\",\"cc\":0,\"views\":1,\"likes\":0,\"width\":800,\"height\":533},{\"id\":\"1545\",\"type\":\"image\",\"ext\":\"jpg\",\"src\":\"\\\/image\\\/Hochzeitsfotografin_-_Melanie_Melcher-5_3.jpg\",\"sizes\":{\"thumb\":\"https:\\\/\\\/www.melanie-melcher.de\\\/wp-content\\\/grand-media\\\/image\\\/thumb\\\/Hochzeitsfotografin_-_Melanie_Melcher-5_3.jpg\",\"full\":\"https:\\\/\\\/www.melanie-melcher.de\\\/wp-content\\\/grand-media\\\/image\\\/Hochzeitsfotografin_-_Melanie_Melcher-5_3.jpg\"},\"title\":\"Hochzeitsfotografin - Melanie Melcher-5\",\"alt\":\"Hochzeitsfotografin - Melanie Melcher-5\",\"caption\":\"\",\"url\":\"\",\"post_link\":\"https:\\\/\\\/www.melanie-melcher.de\\\/index.php\\\/gmedia\\\/hochzeitsfotografin_-_melanie_melcher-5_3-jpg\\\/\",\"cc\":0,\"views\":2,\"likes\":0,\"width\":800,\"height\":533},{\"id\":\"1584\",\"type\":\"image\",\"ext\":\"jpg\",\"src\":\"\\\/image\\\/Hochzeitsfotografin_-_Melanie_Melcher-44_3.jpg\",\"sizes\":{\"thumb\":\"https:\\\/\\\/www.melanie-melcher.de\\\/wp-content\\\/grand-media\\\/image\\\/thumb\\\/Hochzeitsfotografin_-_Melanie_Melcher-44_3.jpg\",\"full\":\"https:\\\/\\\/www.melanie-melcher.de\\\/wp-content\\\/grand-media\\\/image\\\/Hochzeitsfotografin_-_Melanie_Melcher-44_3.jpg\"},\"title\":\"Hochzeitsfotografin - Melanie Melcher-44\",\"alt\":\"Hochzeitsfotografin - Melanie Melcher-44\",\"caption\":\"\",\"url\":\"\",\"post_link\":\"https:\\\/\\\/www.melanie-melcher.de\\\/index.php\\\/gmedia\\\/hochzeitsfotografin_-_melanie_melcher-44_3-jpg\\\/\",\"cc\":0,\"views\":2,\"likes\":0,\"width\":800,\"height\":533},{\"id\":\"1583\",\"type\":\"image\",\"ext\":\"jpg\",\"src\":\"\\\/image\\\/Hochzeitsfotografin_-_Melanie_Melcher-43_3.jpg\",\"sizes\":{\"thumb\":\"https:\\\/\\\/www.melanie-melcher.de\\\/wp-content\\\/grand-media\\\/image\\\/thumb\\\/Hochzeitsfotografin_-_Melanie_Melcher-43_3.jpg\",\"full\":\"https:\\\/\\\/www.melanie-melcher.de\\\/wp-content\\\/grand-media\\\/image\\\/Hochzeitsfotografin_-_Melanie_Melcher-43_3.jpg\"},\"title\":\"Hochzeitsfotografin - Melanie Melcher-43\",\"alt\":\"Hochzeitsfotografin - Melanie Melcher-43\",\"caption\":\"\",\"url\":\"\",\"post_link\":\"https:\\\/\\\/www.melanie-melcher.de\\\/index.php\\\/gmedia\\\/hochzeitsfotografin_-_melanie_melcher-43_3-jpg\\\/\",\"cc\":0,\"views\":1,\"likes\":0,\"width\":800,\"height\":533},{\"id\":\"1556\",\"type\":\"image\",\"ext\":\"jpg\",\"src\":\"\\\/image\\\/Hochzeitsfotografin_-_Melanie_Melcher-16_3.jpg\",\"sizes\":{\"thumb\":\"https:\\\/\\\/www.melanie-melcher.de\\\/wp-content\\\/grand-media\\\/image\\\/thumb\\\/Hochzeitsfotografin_-_Melanie_Melcher-16_3.jpg\",\"full\":\"https:\\\/\\\/www.melanie-melcher.de\\\/wp-content\\\/grand-media\\\/image\\\/Hochzeitsfotografin_-_Melanie_Melcher-16_3.jpg\"},\"title\":\"Hochzeitsfotografin - Melanie Melcher-16\",\"alt\":\"Hochzeitsfotografin - Melanie Melcher-16\",\"caption\":\"\",\"url\":\"\",\"post_link\":\"https:\\\/\\\/www.melanie-melcher.de\\\/index.php\\\/gmedia\\\/hochzeitsfotografin_-_melanie_melcher-16_3-jpg\\\/\",\"cc\":0,\"views\":2,\"likes\":0,\"width\":800,\"height\":533},{\"id\":\"1564\",\"type\":\"image\",\"ext\":\"jpg\",\"src\":\"\\\/image\\\/Hochzeitsfotografin_-_Melanie_Melcher-24_3.jpg\",\"sizes\":{\"thumb\":\"https:\\\/\\\/www.melanie-melcher.de\\\/wp-content\\\/grand-media\\\/image\\\/thumb\\\/Hochzeitsfotografin_-_Melanie_Melcher-24_3.jpg\",\"full\":\"https:\\\/\\\/www.melanie-melcher.de\\\/wp-content\\\/grand-media\\\/image\\\/Hochzeitsfotografin_-_Melanie_Melcher-24_3.jpg\"},\"title\":\"Hochzeitsfotografin - Melanie Melcher-24\",\"alt\":\"Hochzeitsfotografin - Melanie Melcher-24\",\"caption\":\"\",\"url\":\"\",\"post_link\":\"https:\\\/\\\/www.melanie-melcher.de\\\/index.php\\\/gmedia\\\/hochzeitsfotografin_-_melanie_melcher-24_3-jpg\\\/\",\"cc\":0,\"views\":1,\"likes\":0,\"width\":533,\"height\":800},{\"id\":\"1563\",\"type\":\"image\",\"ext\":\"jpg\",\"src\":\"\\\/image\\\/Hochzeitsfotografin_-_Melanie_Melcher-23_3.jpg\",\"sizes\":{\"thumb\":\"https:\\\/\\\/www.melanie-melcher.de\\\/wp-content\\\/grand-media\\\/image\\\/thumb\\\/Hochzeitsfotografin_-_Melanie_Melcher-23_3.jpg\",\"full\":\"https:\\\/\\\/www.melanie-melcher.de\\\/wp-content\\\/grand-media\\\/image\\\/Hochzeitsfotografin_-_Melanie_Melcher-23_3.jpg\"},\"title\":\"Hochzeitsfotografin - Melanie Melcher-23\",\"alt\":\"Hochzeitsfotografin - Melanie Melcher-23\",\"caption\":\"\",\"url\":\"\",\"post_link\":\"https:\\\/\\\/www.melanie-melcher.de\\\/index.php\\\/gmedia\\\/hochzeitsfotografin_-_melanie_melcher-23_3-jpg\\\/\",\"cc\":0,\"views\":1,\"likes\":0,\"width\":533,\"height\":800},{\"id\":\"1586\",\"type\":\"image\",\"ext\":\"jpg\",\"src\":\"\\\/image\\\/Hochzeitsfotografin_-_Melanie_Melcher_3.jpg\",\"sizes\":{\"thumb\":\"https:\\\/\\\/www.melanie-melcher.de\\\/wp-content\\\/grand-media\\\/image\\\/thumb\\\/Hochzeitsfotografin_-_Melanie_Melcher_3.jpg\",\"full\":\"https:\\\/\\\/www.melanie-melcher.de\\\/wp-content\\\/grand-media\\\/image\\\/Hochzeitsfotografin_-_Melanie_Melcher_3.jpg\"},\"title\":\"Hochzeitsfotografin - Melanie Melcher\",\"alt\":\"Hochzeitsfotografin - Melanie Melcher\",\"caption\":\"\",\"url\":\"\",\"post_link\":\"https:\\\/\\\/www.melanie-melcher.de\\\/index.php\\\/gmedia\\\/hochzeitsfotografin_-_melanie_melcher_3-jpg\\\/\",\"cc\":0,\"views\":2,\"likes\":0,\"width\":800,\"height\":533},{\"id\":\"1560\",\"type\":\"image\",\"ext\":\"jpg\",\"src\":\"\\\/image\\\/Hochzeitsfotografin_-_Melanie_Melcher-20_3.jpg\",\"sizes\":{\"thumb\":\"https:\\\/\\\/www.melanie-melcher.de\\\/wp-content\\\/grand-media\\\/image\\\/thumb\\\/Hochzeitsfotografin_-_Melanie_Melcher-20_3.jpg\",\"full\":\"https:\\\/\\\/www.melanie-melcher.de\\\/wp-content\\\/grand-media\\\/image\\\/Hochzeitsfotografin_-_Melanie_Melcher-20_3.jpg\"},\"title\":\"Hochzeitsfotografin - Melanie Melcher-20\",\"alt\":\"Hochzeitsfotografin - Melanie Melcher-20\",\"caption\":\"\",\"url\":\"\",\"post_link\":\"https:\\\/\\\/www.melanie-melcher.de\\\/index.php\\\/gmedia\\\/hochzeitsfotografin_-_melanie_melcher-20_3-jpg\\\/\",\"cc\":0,\"views\":2,\"likes\":0,\"width\":800,\"height\":533}];\n\t\t\t\t\tsettings.gallery = gmedia_mosaic_content;\n\t\t\t\t\t$( '#GmediaGallery_79 .gmMosaic_Container' ).gmediaMosaic( settings );\n\t\t\t\t} );\n\t\t\t} );\n\t<\/script>\t<\/div>\n<h3>Klickt hier f\u00fcr weitere <a href=\"http:\/\/www.melanie-melcher.de\/index.php\/category\/wedding\/\" target=\"_blank\" rel=\"noopener\">Hochzeitsreportagen<\/a> oder f\u00fcr die <a href=\"http:\/\/www.melanie-melcher.de\/index.php\/galerien-3\/\" target=\"_blank\" rel=\"noopener\">Hochzeitsgalerie<\/a>.<\/h3>\n","protected":false},"excerpt":{"rendered":"<p>Im Juni diesen Jahres war es f\u00fcr Maike und Pascal endlich soweit. Die beiden Hamburger Herzchen trauten sich mitten im Pott, n\u00e4mlich im sch\u00f6nen Duisburger S\u00fcden. Die beiden w\u00e4hlten mich als ihre Hochzeitsfotografin und diese Anfrage war in vielerlei Hinsicht Besonders. Nicht nur, dass sie mir blind vertrauten und ohne Kennenlernen bei mir buchten, nein [&hellip;]<\/p>\n","protected":false},"author":1,"featured_media":2622,"comment_status":"closed","ping_status":"open","sticky":false,"template":"","format":"standard","meta":{"footnotes":""},"categories":[7],"tags":[],"class_list":["post-2621","post","type-post","status-publish","format-standard","has-post-thumbnail","hentry","category-wedding"],"_links":{"self":[{"href":"https:\/\/www.melanie-melcher.de\/index.php\/wp-json\/wp\/v2\/posts\/2621","targetHints":{"allow":["GET"]}}],"collection":[{"href":"https:\/\/www.melanie-melcher.de\/index.php\/wp-json\/wp\/v2\/posts"}],"about":[{"href":"https:\/\/www.melanie-melcher.de\/index.php\/wp-json\/wp\/v2\/types\/post"}],"author":[{"embeddable":true,"href":"https:\/\/www.melanie-melcher.de\/index.php\/wp-json\/wp\/v2\/users\/1"}],"replies":[{"embeddable":true,"href":"https:\/\/www.melanie-melcher.de\/index.php\/wp-json\/wp\/v2\/comments?post=2621"}],"version-history":[{"count":4,"href":"https:\/\/www.melanie-melcher.de\/index.php\/wp-json\/wp\/v2\/posts\/2621\/revisions"}],"predecessor-version":[{"id":3903,"href":"https:\/\/www.melanie-melcher.de\/index.php\/wp-json\/wp\/v2\/posts\/2621\/revisions\/3903"}],"wp:featuredmedia":[{"embeddable":true,"href":"https:\/\/www.melanie-melcher.de\/index.php\/wp-json\/wp\/v2\/media\/2622"}],"wp:attachment":[{"href":"https:\/\/www.melanie-melcher.de\/index.php\/wp-json\/wp\/v2\/media?parent=2621"}],"wp:term":[{"taxonomy":"category","embeddable":true,"href":"https:\/\/www.melanie-melcher.de\/index.php\/wp-json\/wp\/v2\/categories?post=2621"},{"taxonomy":"post_tag","embeddable":true,"href":"https:\/\/www.melanie-melcher.de\/index.php\/wp-json\/wp\/v2\/tags?post=2621"}],"curies":[{"name":"wp","href":"https:\/\/api.w.org\/{rel}","templated":true}]}}