{"id":2942,"date":"2016-08-06T11:02:43","date_gmt":"2016-08-06T09:02:43","guid":{"rendered":"http:\/\/www.melanie-melcher.de\/?p=2942"},"modified":"2021-02-01T10:18:41","modified_gmt":"2021-02-01T09:18:41","slug":"babybauchfotografie-duisburg","status":"publish","type":"post","link":"https:\/\/www.melanie-melcher.de\/index.php\/2016\/08\/06\/babybauchfotografie-duisburg\/","title":{"rendered":"Aus zwei mach drei &#8211; Babybauchfotografie in Duisburg"},"content":{"rendered":"<p>Heute komme ich endlich dazu euch mal wieder einen Einblick in meine Arbeit als Babybauchfotografin zu geben.<br \/>\nF\u00fcr Stefanie und Andreas habe ich bereits im letzten Jahr die Kamera geschwungen und ihre wundersch\u00f6ne (und mega heisse) Hochzeit fotografiert. Umso mehr hat es mich gefreut als ich eine SMS bekam, in welcher sie mir ihre Schwangerschaft verk\u00fcndet haben. Mitte Juli war es soweit und wir verabredeten uns f\u00fcr das geplante Bellyshoot. Da das Wetter recht unbest\u00e4ndig war, einigten wir uns darauf, dass die beiden zu mir ins Studio kommen und wir hier in der Umgebung raus gehen. So hatten wir die M\u00f6glichkeit bei pl\u00f6tzlich einsetzenden Regen kurzfristig umzuplanen. Das war jedoch gl\u00fccklicherweise gar nicht n\u00f6tig und so konnten wir bei strahlendem Sonnenschein die Felder der Umgebung unsicher machen.<br \/>\nMit ganz viel Spa\u00df und Ideen bewaffnet, machten wir uns also auf den Weg. Die beiden kuschelten und lachten und es entstanden wundersch\u00f6ne Aufnahmen rund um den kleinen Murmelbauch.<br \/>\nIn K\u00fcrze wird der kleine Bewohner des Bauches auf die Welt schl\u00fcpfen und ich freue mich jetzt schon darauf, ihn pers\u00f6nlich kennenzulernen.<\/p>\n<div class=\"gmedia_gallery mosaic_module is_bot\" id=\"GmediaGallery_85\" data-gmid=\"85\" data-module=\"mosaic\"><style class='gmedia_module_style_import'>@import url('https:\/\/www.melanie-melcher.de\/wp-content\/grand-media\/module\/mosaic\/css\/mosaic.css?v=2.16') all;<\/style>\t<div class=\"gmMosaic_Container noLightbox\" data-gmid=\"85\">\t\t<noscript><a href='https:\/\/www.melanie-melcher.de\/wp-content\/grand-media\/image\/Babybauchfotografin_-_Melanie_Melcher-36.jpg'><img class=\"noLazy\" src='https:\/\/www.melanie-melcher.de\/wp-content\/grand-media\/image\/thumb\/Babybauchfotografin_-_Melanie_Melcher-36.jpg' alt='Babybauchfotografin - Melanie Melcher-36' \/><\/a><a href='https:\/\/www.melanie-melcher.de\/wp-content\/grand-media\/image\/Babybauchfotografin_-_Melanie_Melcher.jpg'><img class=\"noLazy\" src='https:\/\/www.melanie-melcher.de\/wp-content\/grand-media\/image\/thumb\/Babybauchfotografin_-_Melanie_Melcher.jpg' alt='Babybauchfotografin - Melanie Melcher' \/><\/a><a href='https:\/\/www.melanie-melcher.de\/wp-content\/grand-media\/image\/Babybauchfotografin_-_Melanie_Melcher-55.jpg'><img class=\"noLazy\" src='https:\/\/www.melanie-melcher.de\/wp-content\/grand-media\/image\/thumb\/Babybauchfotografin_-_Melanie_Melcher-55.jpg' alt='Babybauchfotografin - Melanie Melcher-55' \/><\/a><a href='https:\/\/www.melanie-melcher.de\/wp-content\/grand-media\/image\/Babybauchfotografin_-_Melanie_Melcher-63.jpg'><img class=\"noLazy\" src='https:\/\/www.melanie-melcher.de\/wp-content\/grand-media\/image\/thumb\/Babybauchfotografin_-_Melanie_Melcher-63.jpg' alt='Babybauchfotografin - Melanie Melcher-63' \/><\/a><a href='https:\/\/www.melanie-melcher.de\/wp-content\/grand-media\/image\/Babybauchfotografin_-_Melanie_Melcher-58.jpg'><img class=\"noLazy\" src='https:\/\/www.melanie-melcher.de\/wp-content\/grand-media\/image\/thumb\/Babybauchfotografin_-_Melanie_Melcher-58.jpg' alt='Babybauchfotografin - Melanie Melcher-58' \/><\/a><a href='https:\/\/www.melanie-melcher.de\/wp-content\/grand-media\/image\/Babybauchfotografin_-_Melanie_Melcher-82.jpg'><img class=\"noLazy\" src='https:\/\/www.melanie-melcher.de\/wp-content\/grand-media\/image\/thumb\/Babybauchfotografin_-_Melanie_Melcher-82.jpg' alt='Babybauchfotografin - Melanie Melcher-82' \/><\/a><a href='https:\/\/www.melanie-melcher.de\/wp-content\/grand-media\/image\/Babybauchfotografin_-_Melanie_Melcher-9.jpg'><img class=\"noLazy\" src='https:\/\/www.melanie-melcher.de\/wp-content\/grand-media\/image\/thumb\/Babybauchfotografin_-_Melanie_Melcher-9.jpg' alt='Babybauchfotografin - Melanie Melcher-9' \/><\/a><a href='https:\/\/www.melanie-melcher.de\/wp-content\/grand-media\/image\/Babybauchfotografin_-_Melanie_Melcher-64.jpg'><img class=\"noLazy\" src='https:\/\/www.melanie-melcher.de\/wp-content\/grand-media\/image\/thumb\/Babybauchfotografin_-_Melanie_Melcher-64.jpg' alt='Babybauchfotografin - Melanie Melcher-64' \/><\/a><a href='https:\/\/www.melanie-melcher.de\/wp-content\/grand-media\/image\/Babybauchfotografin_-_Melanie_Melcher-43.jpg'><img class=\"noLazy\" src='https:\/\/www.melanie-melcher.de\/wp-content\/grand-media\/image\/thumb\/Babybauchfotografin_-_Melanie_Melcher-43.jpg' alt='Babybauchfotografin - Melanie Melcher-43' \/><\/a><a href='https:\/\/www.melanie-melcher.de\/wp-content\/grand-media\/image\/Babybauchfotografin_-_Melanie_Melcher-29.jpg'><img class=\"noLazy\" src='https:\/\/www.melanie-melcher.de\/wp-content\/grand-media\/image\/thumb\/Babybauchfotografin_-_Melanie_Melcher-29.jpg' alt='Babybauchfotografin - Melanie Melcher-29' \/><\/a><a href='https:\/\/www.melanie-melcher.de\/wp-content\/grand-media\/image\/Babybauchfotografin_-_Melanie_Melcher-32.jpg'><img class=\"noLazy\" src='https:\/\/www.melanie-melcher.de\/wp-content\/grand-media\/image\/thumb\/Babybauchfotografin_-_Melanie_Melcher-32.jpg' alt='Babybauchfotografin - Melanie Melcher-32' \/><\/a><a href='https:\/\/www.melanie-melcher.de\/wp-content\/grand-media\/image\/Babybauchfotografin_-_Melanie_Melcher-11.jpg'><img class=\"noLazy\" src='https:\/\/www.melanie-melcher.de\/wp-content\/grand-media\/image\/thumb\/Babybauchfotografin_-_Melanie_Melcher-11.jpg' alt='Babybauchfotografin - Melanie Melcher-11' \/><\/a><a href='https:\/\/www.melanie-melcher.de\/wp-content\/grand-media\/image\/Babybauchfotografin_-_Melanie_Melcher-2.jpg'><img class=\"noLazy\" src='https:\/\/www.melanie-melcher.de\/wp-content\/grand-media\/image\/thumb\/Babybauchfotografin_-_Melanie_Melcher-2.jpg' alt='Babybauchfotografin - Melanie Melcher-2' \/><\/a><a href='https:\/\/www.melanie-melcher.de\/wp-content\/grand-media\/image\/Babybauchfotografin_-_Melanie_Melcher-77.jpg'><img class=\"noLazy\" src='https:\/\/www.melanie-melcher.de\/wp-content\/grand-media\/image\/thumb\/Babybauchfotografin_-_Melanie_Melcher-77.jpg' alt='Babybauchfotografin - Melanie Melcher-77' \/><\/a><a href='https:\/\/www.melanie-melcher.de\/wp-content\/grand-media\/image\/Babybauchfotografin_-_Melanie_Melcher-22.jpg'><img class=\"noLazy\" src='https:\/\/www.melanie-melcher.de\/wp-content\/grand-media\/image\/thumb\/Babybauchfotografin_-_Melanie_Melcher-22.jpg' alt='Babybauchfotografin - Melanie Melcher-22' \/><\/a><a href='https:\/\/www.melanie-melcher.de\/wp-content\/grand-media\/image\/Babybauchfotografin_-_Melanie_Melcher-94.jpg'><img class=\"noLazy\" src='https:\/\/www.melanie-melcher.de\/wp-content\/grand-media\/image\/thumb\/Babybauchfotografin_-_Melanie_Melcher-94.jpg' alt='Babybauchfotografin - Melanie Melcher-94' \/><\/a><a href='https:\/\/www.melanie-melcher.de\/wp-content\/grand-media\/image\/Babybauchfotografin_-_Melanie_Melcher-52.jpg'><img class=\"noLazy\" src='https:\/\/www.melanie-melcher.de\/wp-content\/grand-media\/image\/thumb\/Babybauchfotografin_-_Melanie_Melcher-52.jpg' alt='Babybauchfotografin - Melanie Melcher-52' \/><\/a><a href='https:\/\/www.melanie-melcher.de\/wp-content\/grand-media\/image\/Babybauchfotografin_-_Melanie_Melcher-72.jpg'><img class=\"noLazy\" src='https:\/\/www.melanie-melcher.de\/wp-content\/grand-media\/image\/thumb\/Babybauchfotografin_-_Melanie_Melcher-72.jpg' alt='Babybauchfotografin - Melanie Melcher-72' \/><\/a><a href='https:\/\/www.melanie-melcher.de\/wp-content\/grand-media\/image\/Babybauchfotografin_-_Melanie_Melcher-5.jpg'><img class=\"noLazy\" src='https:\/\/www.melanie-melcher.de\/wp-content\/grand-media\/image\/thumb\/Babybauchfotografin_-_Melanie_Melcher-5.jpg' alt='Babybauchfotografin - Melanie Melcher-5' \/><\/a><a href='https:\/\/www.melanie-melcher.de\/wp-content\/grand-media\/image\/Babybauchfotografin_-_Melanie_Melcher-41.jpg'><img class=\"noLazy\" src='https:\/\/www.melanie-melcher.de\/wp-content\/grand-media\/image\/thumb\/Babybauchfotografin_-_Melanie_Melcher-41.jpg' alt='Babybauchfotografin - Melanie Melcher-41' \/><\/a><a href='https:\/\/www.melanie-melcher.de\/wp-content\/grand-media\/image\/Babybauchfotografin_-_Melanie_Melcher-86.jpg'><img class=\"noLazy\" src='https:\/\/www.melanie-melcher.de\/wp-content\/grand-media\/image\/thumb\/Babybauchfotografin_-_Melanie_Melcher-86.jpg' alt='Babybauchfotografin - Melanie Melcher-86' \/><\/a><a href='https:\/\/www.melanie-melcher.de\/wp-content\/grand-media\/image\/Babybauchfotografin_-_Melanie_Melcher-80.jpg'><img class=\"noLazy\" src='https:\/\/www.melanie-melcher.de\/wp-content\/grand-media\/image\/thumb\/Babybauchfotografin_-_Melanie_Melcher-80.jpg' alt='Babybauchfotografin - Melanie Melcher-80' \/><\/a><a href='https:\/\/www.melanie-melcher.de\/wp-content\/grand-media\/image\/Babybauchfotografin_-_Melanie_Melcher-18.jpg'><img class=\"noLazy\" src='https:\/\/www.melanie-melcher.de\/wp-content\/grand-media\/image\/thumb\/Babybauchfotografin_-_Melanie_Melcher-18.jpg' alt='Babybauchfotografin - Melanie Melcher-18' \/><\/a><a href='https:\/\/www.melanie-melcher.de\/wp-content\/grand-media\/image\/Babybauchfotografin_-_Melanie_Melcher-6.jpg'><img class=\"noLazy\" src='https:\/\/www.melanie-melcher.de\/wp-content\/grand-media\/image\/thumb\/Babybauchfotografin_-_Melanie_Melcher-6.jpg' alt='Babybauchfotografin - Melanie Melcher-6' \/><\/a><a href='https:\/\/www.melanie-melcher.de\/wp-content\/grand-media\/image\/Babybauchfotografin_-_Melanie_Melcher-65.jpg'><img class=\"noLazy\" src='https:\/\/www.melanie-melcher.de\/wp-content\/grand-media\/image\/thumb\/Babybauchfotografin_-_Melanie_Melcher-65.jpg' alt='Babybauchfotografin - Melanie Melcher-65' \/><\/a><a href='https:\/\/www.melanie-melcher.de\/wp-content\/grand-media\/image\/Babybauchfotografin_-_Melanie_Melcher-57.jpg'><img class=\"noLazy\" src='https:\/\/www.melanie-melcher.de\/wp-content\/grand-media\/image\/thumb\/Babybauchfotografin_-_Melanie_Melcher-57.jpg' alt='Babybauchfotografin - Melanie Melcher-57' \/><\/a><a href='https:\/\/www.melanie-melcher.de\/wp-content\/grand-media\/image\/Babybauchfotografin_-_Melanie_Melcher-87.jpg'><img class=\"noLazy\" src='https:\/\/www.melanie-melcher.de\/wp-content\/grand-media\/image\/thumb\/Babybauchfotografin_-_Melanie_Melcher-87.jpg' alt='Babybauchfotografin - Melanie Melcher-87' \/><\/a><a href='https:\/\/www.melanie-melcher.de\/wp-content\/grand-media\/image\/Babybauchfotografin_-_Melanie_Melcher-46.jpg'><img class=\"noLazy\" src='https:\/\/www.melanie-melcher.de\/wp-content\/grand-media\/image\/thumb\/Babybauchfotografin_-_Melanie_Melcher-46.jpg' alt='Babybauchfotografin - Melanie Melcher-46' \/><\/a><\/noscript><\/div>\n\t\t<script type=\"text\/javascript\">\n\t\t\tdocument.addEventListener( 'DOMContentLoaded', function() {\n\t\t\t\tjQuery( function( $ ) {\n\t\t\t\t\tvar settings = {\"columns\":\"3\",\"lightbox_mobile\":\"0\",\"ID\":\"85\",\"name\":\"Stefanie & Andreas\",\"is_mobile\":false,\"module_dirurl\":\"https:\\\/\\\/www.melanie-melcher.de\\\/wp-content\\\/grand-media\\\/module\\\/mosaic\"};\n\t\t\t\t\tvar gmedia_mosaic_content = [{\"id\":\"1853\",\"type\":\"image\",\"ext\":\"jpg\",\"src\":\"\\\/image\\\/Babybauchfotografin_-_Melanie_Melcher-36.jpg\",\"sizes\":{\"thumb\":\"https:\\\/\\\/www.melanie-melcher.de\\\/wp-content\\\/grand-media\\\/image\\\/thumb\\\/Babybauchfotografin_-_Melanie_Melcher-36.jpg\",\"full\":\"https:\\\/\\\/www.melanie-melcher.de\\\/wp-content\\\/grand-media\\\/image\\\/Babybauchfotografin_-_Melanie_Melcher-36.jpg\"},\"title\":\"Babybauchfotografin - Melanie Melcher-36\",\"alt\":\"Babybauchfotografin - Melanie Melcher-36\",\"caption\":\"\",\"url\":\"\",\"post_link\":\"https:\\\/\\\/www.melanie-melcher.de\\\/index.php\\\/gmedia\\\/babybauchfotografin_-_melanie_melcher-36-jpg\\\/\",\"cc\":0,\"views\":4,\"likes\":0,\"width\":800,\"height\":533},{\"id\":\"1874\",\"type\":\"image\",\"ext\":\"jpg\",\"src\":\"\\\/image\\\/Babybauchfotografin_-_Melanie_Melcher.jpg\",\"sizes\":{\"thumb\":\"https:\\\/\\\/www.melanie-melcher.de\\\/wp-content\\\/grand-media\\\/image\\\/thumb\\\/Babybauchfotografin_-_Melanie_Melcher.jpg\",\"full\":\"https:\\\/\\\/www.melanie-melcher.de\\\/wp-content\\\/grand-media\\\/image\\\/Babybauchfotografin_-_Melanie_Melcher.jpg\"},\"title\":\"Babybauchfotografin - Melanie Melcher\",\"alt\":\"Babybauchfotografin - Melanie Melcher\",\"caption\":\"\",\"url\":\"\",\"post_link\":\"https:\\\/\\\/www.melanie-melcher.de\\\/index.php\\\/gmedia\\\/babybauchfotografin_-_melanie_melcher-jpg\\\/\",\"cc\":0,\"views\":4,\"likes\":0,\"width\":800,\"height\":533},{\"id\":\"1858\",\"type\":\"image\",\"ext\":\"jpg\",\"src\":\"\\\/image\\\/Babybauchfotografin_-_Melanie_Melcher-55.jpg\",\"sizes\":{\"thumb\":\"https:\\\/\\\/www.melanie-melcher.de\\\/wp-content\\\/grand-media\\\/image\\\/thumb\\\/Babybauchfotografin_-_Melanie_Melcher-55.jpg\",\"full\":\"https:\\\/\\\/www.melanie-melcher.de\\\/wp-content\\\/grand-media\\\/image\\\/Babybauchfotografin_-_Melanie_Melcher-55.jpg\"},\"title\":\"Babybauchfotografin - Melanie Melcher-55\",\"alt\":\"Babybauchfotografin - Melanie Melcher-55\",\"caption\":\"\",\"url\":\"\",\"post_link\":\"https:\\\/\\\/www.melanie-melcher.de\\\/index.php\\\/gmedia\\\/babybauchfotografin_-_melanie_melcher-55-jpg\\\/\",\"cc\":0,\"views\":2,\"likes\":0,\"width\":800,\"height\":533},{\"id\":\"1862\",\"type\":\"image\",\"ext\":\"jpg\",\"src\":\"\\\/image\\\/Babybauchfotografin_-_Melanie_Melcher-63.jpg\",\"sizes\":{\"thumb\":\"https:\\\/\\\/www.melanie-melcher.de\\\/wp-content\\\/grand-media\\\/image\\\/thumb\\\/Babybauchfotografin_-_Melanie_Melcher-63.jpg\",\"full\":\"https:\\\/\\\/www.melanie-melcher.de\\\/wp-content\\\/grand-media\\\/image\\\/Babybauchfotografin_-_Melanie_Melcher-63.jpg\"},\"title\":\"Babybauchfotografin - Melanie Melcher-63\",\"alt\":\"Babybauchfotografin - Melanie Melcher-63\",\"caption\":\"\",\"url\":\"\",\"post_link\":\"https:\\\/\\\/www.melanie-melcher.de\\\/index.php\\\/gmedia\\\/babybauchfotografin_-_melanie_melcher-63-jpg\\\/\",\"cc\":0,\"views\":5,\"likes\":0,\"width\":533,\"height\":800},{\"id\":\"1860\",\"type\":\"image\",\"ext\":\"jpg\",\"src\":\"\\\/image\\\/Babybauchfotografin_-_Melanie_Melcher-58.jpg\",\"sizes\":{\"thumb\":\"https:\\\/\\\/www.melanie-melcher.de\\\/wp-content\\\/grand-media\\\/image\\\/thumb\\\/Babybauchfotografin_-_Melanie_Melcher-58.jpg\",\"full\":\"https:\\\/\\\/www.melanie-melcher.de\\\/wp-content\\\/grand-media\\\/image\\\/Babybauchfotografin_-_Melanie_Melcher-58.jpg\"},\"title\":\"Babybauchfotografin - Melanie Melcher-58\",\"alt\":\"Babybauchfotografin - Melanie Melcher-58\",\"caption\":\"\",\"url\":\"\",\"post_link\":\"https:\\\/\\\/www.melanie-melcher.de\\\/index.php\\\/gmedia\\\/babybauchfotografin_-_melanie_melcher-58-jpg\\\/\",\"cc\":0,\"views\":6,\"likes\":0,\"width\":800,\"height\":533},{\"id\":\"1869\",\"type\":\"image\",\"ext\":\"jpg\",\"src\":\"\\\/image\\\/Babybauchfotografin_-_Melanie_Melcher-82.jpg\",\"sizes\":{\"thumb\":\"https:\\\/\\\/www.melanie-melcher.de\\\/wp-content\\\/grand-media\\\/image\\\/thumb\\\/Babybauchfotografin_-_Melanie_Melcher-82.jpg\",\"full\":\"https:\\\/\\\/www.melanie-melcher.de\\\/wp-content\\\/grand-media\\\/image\\\/Babybauchfotografin_-_Melanie_Melcher-82.jpg\"},\"title\":\"Babybauchfotografin - Melanie Melcher-82\",\"alt\":\"Babybauchfotografin - Melanie Melcher-82\",\"caption\":\"\",\"url\":\"\",\"post_link\":\"https:\\\/\\\/www.melanie-melcher.de\\\/index.php\\\/gmedia\\\/babybauchfotografin_-_melanie_melcher-82-jpg\\\/\",\"cc\":0,\"views\":4,\"likes\":0,\"width\":800,\"height\":533},{\"id\":\"1844\",\"type\":\"image\",\"ext\":\"jpg\",\"src\":\"\\\/image\\\/Babybauchfotografin_-_Melanie_Melcher-9.jpg\",\"sizes\":{\"thumb\":\"https:\\\/\\\/www.melanie-melcher.de\\\/wp-content\\\/grand-media\\\/image\\\/thumb\\\/Babybauchfotografin_-_Melanie_Melcher-9.jpg\",\"full\":\"https:\\\/\\\/www.melanie-melcher.de\\\/wp-content\\\/grand-media\\\/image\\\/Babybauchfotografin_-_Melanie_Melcher-9.jpg\"},\"title\":\"Babybauchfotografin - Melanie Melcher-9\",\"alt\":\"Babybauchfotografin - Melanie Melcher-9\",\"caption\":\"\",\"url\":\"\",\"post_link\":\"https:\\\/\\\/www.melanie-melcher.de\\\/index.php\\\/gmedia\\\/babybauchfotografin_-_melanie_melcher-9-jpg\\\/\",\"cc\":0,\"views\":5,\"likes\":0,\"width\":533,\"height\":800},{\"id\":\"1863\",\"type\":\"image\",\"ext\":\"jpg\",\"src\":\"\\\/image\\\/Babybauchfotografin_-_Melanie_Melcher-64.jpg\",\"sizes\":{\"thumb\":\"https:\\\/\\\/www.melanie-melcher.de\\\/wp-content\\\/grand-media\\\/image\\\/thumb\\\/Babybauchfotografin_-_Melanie_Melcher-64.jpg\",\"full\":\"https:\\\/\\\/www.melanie-melcher.de\\\/wp-content\\\/grand-media\\\/image\\\/Babybauchfotografin_-_Melanie_Melcher-64.jpg\"},\"title\":\"Babybauchfotografin - Melanie Melcher-64\",\"alt\":\"Babybauchfotografin - Melanie Melcher-64\",\"caption\":\"\",\"url\":\"\",\"post_link\":\"https:\\\/\\\/www.melanie-melcher.de\\\/index.php\\\/gmedia\\\/babybauchfotografin_-_melanie_melcher-64-jpg\\\/\",\"cc\":0,\"views\":2,\"likes\":0,\"width\":800,\"height\":533},{\"id\":\"1855\",\"type\":\"image\",\"ext\":\"jpg\",\"src\":\"\\\/image\\\/Babybauchfotografin_-_Melanie_Melcher-43.jpg\",\"sizes\":{\"thumb\":\"https:\\\/\\\/www.melanie-melcher.de\\\/wp-content\\\/grand-media\\\/image\\\/thumb\\\/Babybauchfotografin_-_Melanie_Melcher-43.jpg\",\"full\":\"https:\\\/\\\/www.melanie-melcher.de\\\/wp-content\\\/grand-media\\\/image\\\/Babybauchfotografin_-_Melanie_Melcher-43.jpg\"},\"title\":\"Babybauchfotografin - Melanie Melcher-43\",\"alt\":\"Babybauchfotografin - Melanie Melcher-43\",\"caption\":\"\",\"url\":\"\",\"post_link\":\"https:\\\/\\\/www.melanie-melcher.de\\\/index.php\\\/gmedia\\\/babybauchfotografin_-_melanie_melcher-43-jpg\\\/\",\"cc\":0,\"views\":5,\"likes\":0,\"width\":800,\"height\":533},{\"id\":\"1850\",\"type\":\"image\",\"ext\":\"jpg\",\"src\":\"\\\/image\\\/Babybauchfotografin_-_Melanie_Melcher-29.jpg\",\"sizes\":{\"thumb\":\"https:\\\/\\\/www.melanie-melcher.de\\\/wp-content\\\/grand-media\\\/image\\\/thumb\\\/Babybauchfotografin_-_Melanie_Melcher-29.jpg\",\"full\":\"https:\\\/\\\/www.melanie-melcher.de\\\/wp-content\\\/grand-media\\\/image\\\/Babybauchfotografin_-_Melanie_Melcher-29.jpg\"},\"title\":\"Babybauchfotografin - Melanie Melcher-29\",\"alt\":\"Babybauchfotografin - Melanie Melcher-29\",\"caption\":\"\",\"url\":\"\",\"post_link\":\"https:\\\/\\\/www.melanie-melcher.de\\\/index.php\\\/gmedia\\\/babybauchfotografin_-_melanie_melcher-29-jpg\\\/\",\"cc\":0,\"views\":3,\"likes\":0,\"width\":800,\"height\":533},{\"id\":\"1851\",\"type\":\"image\",\"ext\":\"jpg\",\"src\":\"\\\/image\\\/Babybauchfotografin_-_Melanie_Melcher-32.jpg\",\"sizes\":{\"thumb\":\"https:\\\/\\\/www.melanie-melcher.de\\\/wp-content\\\/grand-media\\\/image\\\/thumb\\\/Babybauchfotografin_-_Melanie_Melcher-32.jpg\",\"full\":\"https:\\\/\\\/www.melanie-melcher.de\\\/wp-content\\\/grand-media\\\/image\\\/Babybauchfotografin_-_Melanie_Melcher-32.jpg\"},\"title\":\"Babybauchfotografin - Melanie Melcher-32\",\"alt\":\"Babybauchfotografin - Melanie Melcher-32\",\"caption\":\"\",\"url\":\"\",\"post_link\":\"https:\\\/\\\/www.melanie-melcher.de\\\/index.php\\\/gmedia\\\/babybauchfotografin_-_melanie_melcher-32-jpg\\\/\",\"cc\":0,\"views\":6,\"likes\":0,\"width\":800,\"height\":533},{\"id\":\"1845\",\"type\":\"image\",\"ext\":\"jpg\",\"src\":\"\\\/image\\\/Babybauchfotografin_-_Melanie_Melcher-11.jpg\",\"sizes\":{\"thumb\":\"https:\\\/\\\/www.melanie-melcher.de\\\/wp-content\\\/grand-media\\\/image\\\/thumb\\\/Babybauchfotografin_-_Melanie_Melcher-11.jpg\",\"full\":\"https:\\\/\\\/www.melanie-melcher.de\\\/wp-content\\\/grand-media\\\/image\\\/Babybauchfotografin_-_Melanie_Melcher-11.jpg\"},\"title\":\"Babybauchfotografin - Melanie Melcher-11\",\"alt\":\"Babybauchfotografin - Melanie Melcher-11\",\"caption\":\"\",\"url\":\"\",\"post_link\":\"https:\\\/\\\/www.melanie-melcher.de\\\/index.php\\\/gmedia\\\/babybauchfotografin_-_melanie_melcher-11-jpg\\\/\",\"cc\":0,\"views\":4,\"likes\":0,\"width\":800,\"height\":533},{\"id\":\"1840\",\"type\":\"image\",\"ext\":\"jpg\",\"src\":\"\\\/image\\\/Babybauchfotografin_-_Melanie_Melcher-2.jpg\",\"sizes\":{\"thumb\":\"https:\\\/\\\/www.melanie-melcher.de\\\/wp-content\\\/grand-media\\\/image\\\/thumb\\\/Babybauchfotografin_-_Melanie_Melcher-2.jpg\",\"full\":\"https:\\\/\\\/www.melanie-melcher.de\\\/wp-content\\\/grand-media\\\/image\\\/Babybauchfotografin_-_Melanie_Melcher-2.jpg\"},\"title\":\"Babybauchfotografin - Melanie Melcher-2\",\"alt\":\"Babybauchfotografin - Melanie Melcher-2\",\"caption\":\"\",\"url\":\"\",\"post_link\":\"https:\\\/\\\/www.melanie-melcher.de\\\/index.php\\\/gmedia\\\/babybauchfotografin_-_melanie_melcher-2-jpg\\\/\",\"cc\":0,\"views\":4,\"likes\":0,\"width\":800,\"height\":533},{\"id\":\"1867\",\"type\":\"image\",\"ext\":\"jpg\",\"src\":\"\\\/image\\\/Babybauchfotografin_-_Melanie_Melcher-77.jpg\",\"sizes\":{\"thumb\":\"https:\\\/\\\/www.melanie-melcher.de\\\/wp-content\\\/grand-media\\\/image\\\/thumb\\\/Babybauchfotografin_-_Melanie_Melcher-77.jpg\",\"full\":\"https:\\\/\\\/www.melanie-melcher.de\\\/wp-content\\\/grand-media\\\/image\\\/Babybauchfotografin_-_Melanie_Melcher-77.jpg\"},\"title\":\"Babybauchfotografin - Melanie Melcher-77\",\"alt\":\"Babybauchfotografin - Melanie Melcher-77\",\"caption\":\"\",\"url\":\"\",\"post_link\":\"https:\\\/\\\/www.melanie-melcher.de\\\/index.php\\\/gmedia\\\/babybauchfotografin_-_melanie_melcher-77-jpg\\\/\",\"cc\":0,\"views\":6,\"likes\":0,\"width\":800,\"height\":533},{\"id\":\"1848\",\"type\":\"image\",\"ext\":\"jpg\",\"src\":\"\\\/image\\\/Babybauchfotografin_-_Melanie_Melcher-22.jpg\",\"sizes\":{\"thumb\":\"https:\\\/\\\/www.melanie-melcher.de\\\/wp-content\\\/grand-media\\\/image\\\/thumb\\\/Babybauchfotografin_-_Melanie_Melcher-22.jpg\",\"full\":\"https:\\\/\\\/www.melanie-melcher.de\\\/wp-content\\\/grand-media\\\/image\\\/Babybauchfotografin_-_Melanie_Melcher-22.jpg\"},\"title\":\"Babybauchfotografin - Melanie Melcher-22\",\"alt\":\"Babybauchfotografin - Melanie Melcher-22\",\"caption\":\"\",\"url\":\"\",\"post_link\":\"https:\\\/\\\/www.melanie-melcher.de\\\/index.php\\\/gmedia\\\/babybauchfotografin_-_melanie_melcher-22-jpg\\\/\",\"cc\":0,\"views\":4,\"likes\":0,\"width\":800,\"height\":533},{\"id\":\"1873\",\"type\":\"image\",\"ext\":\"jpg\",\"src\":\"\\\/image\\\/Babybauchfotografin_-_Melanie_Melcher-94.jpg\",\"sizes\":{\"thumb\":\"https:\\\/\\\/www.melanie-melcher.de\\\/wp-content\\\/grand-media\\\/image\\\/thumb\\\/Babybauchfotografin_-_Melanie_Melcher-94.jpg\",\"full\":\"https:\\\/\\\/www.melanie-melcher.de\\\/wp-content\\\/grand-media\\\/image\\\/Babybauchfotografin_-_Melanie_Melcher-94.jpg\"},\"title\":\"Babybauchfotografin - Melanie Melcher-94\",\"alt\":\"Babybauchfotografin - Melanie Melcher-94\",\"caption\":\"\",\"url\":\"\",\"post_link\":\"https:\\\/\\\/www.melanie-melcher.de\\\/index.php\\\/gmedia\\\/babybauchfotografin_-_melanie_melcher-94-jpg\\\/\",\"cc\":0,\"views\":5,\"likes\":0,\"width\":800,\"height\":533},{\"id\":\"1857\",\"type\":\"image\",\"ext\":\"jpg\",\"src\":\"\\\/image\\\/Babybauchfotografin_-_Melanie_Melcher-52.jpg\",\"sizes\":{\"thumb\":\"https:\\\/\\\/www.melanie-melcher.de\\\/wp-content\\\/grand-media\\\/image\\\/thumb\\\/Babybauchfotografin_-_Melanie_Melcher-52.jpg\",\"full\":\"https:\\\/\\\/www.melanie-melcher.de\\\/wp-content\\\/grand-media\\\/image\\\/Babybauchfotografin_-_Melanie_Melcher-52.jpg\"},\"title\":\"Babybauchfotografin - Melanie Melcher-52\",\"alt\":\"Babybauchfotografin - Melanie Melcher-52\",\"caption\":\"\",\"url\":\"\",\"post_link\":\"https:\\\/\\\/www.melanie-melcher.de\\\/index.php\\\/gmedia\\\/babybauchfotografin_-_melanie_melcher-52-jpg\\\/\",\"cc\":0,\"views\":3,\"likes\":0,\"width\":800,\"height\":533},{\"id\":\"1865\",\"type\":\"image\",\"ext\":\"jpg\",\"src\":\"\\\/image\\\/Babybauchfotografin_-_Melanie_Melcher-72.jpg\",\"sizes\":{\"thumb\":\"https:\\\/\\\/www.melanie-melcher.de\\\/wp-content\\\/grand-media\\\/image\\\/thumb\\\/Babybauchfotografin_-_Melanie_Melcher-72.jpg\",\"full\":\"https:\\\/\\\/www.melanie-melcher.de\\\/wp-content\\\/grand-media\\\/image\\\/Babybauchfotografin_-_Melanie_Melcher-72.jpg\"},\"title\":\"Babybauchfotografin - Melanie Melcher-72\",\"alt\":\"Babybauchfotografin - Melanie Melcher-72\",\"caption\":\"\",\"url\":\"\",\"post_link\":\"https:\\\/\\\/www.melanie-melcher.de\\\/index.php\\\/gmedia\\\/babybauchfotografin_-_melanie_melcher-72-jpg\\\/\",\"cc\":0,\"views\":6,\"likes\":0,\"width\":800,\"height\":533},{\"id\":\"1842\",\"type\":\"image\",\"ext\":\"jpg\",\"src\":\"\\\/image\\\/Babybauchfotografin_-_Melanie_Melcher-5.jpg\",\"sizes\":{\"thumb\":\"https:\\\/\\\/www.melanie-melcher.de\\\/wp-content\\\/grand-media\\\/image\\\/thumb\\\/Babybauchfotografin_-_Melanie_Melcher-5.jpg\",\"full\":\"https:\\\/\\\/www.melanie-melcher.de\\\/wp-content\\\/grand-media\\\/image\\\/Babybauchfotografin_-_Melanie_Melcher-5.jpg\"},\"title\":\"Babybauchfotografin - Melanie Melcher-5\",\"alt\":\"Babybauchfotografin - Melanie Melcher-5\",\"caption\":\"\",\"url\":\"\",\"post_link\":\"https:\\\/\\\/www.melanie-melcher.de\\\/index.php\\\/gmedia\\\/babybauchfotografin_-_melanie_melcher-5-jpg\\\/\",\"cc\":0,\"views\":6,\"likes\":0,\"width\":800,\"height\":533},{\"id\":\"1854\",\"type\":\"image\",\"ext\":\"jpg\",\"src\":\"\\\/image\\\/Babybauchfotografin_-_Melanie_Melcher-41.jpg\",\"sizes\":{\"thumb\":\"https:\\\/\\\/www.melanie-melcher.de\\\/wp-content\\\/grand-media\\\/image\\\/thumb\\\/Babybauchfotografin_-_Melanie_Melcher-41.jpg\",\"full\":\"https:\\\/\\\/www.melanie-melcher.de\\\/wp-content\\\/grand-media\\\/image\\\/Babybauchfotografin_-_Melanie_Melcher-41.jpg\"},\"title\":\"Babybauchfotografin - Melanie Melcher-41\",\"alt\":\"Babybauchfotografin - Melanie Melcher-41\",\"caption\":\"\",\"url\":\"\",\"post_link\":\"https:\\\/\\\/www.melanie-melcher.de\\\/index.php\\\/gmedia\\\/babybauchfotografin_-_melanie_melcher-41-jpg\\\/\",\"cc\":0,\"views\":3,\"likes\":0,\"width\":533,\"height\":800},{\"id\":\"1870\",\"type\":\"image\",\"ext\":\"jpg\",\"src\":\"\\\/image\\\/Babybauchfotografin_-_Melanie_Melcher-86.jpg\",\"sizes\":{\"thumb\":\"https:\\\/\\\/www.melanie-melcher.de\\\/wp-content\\\/grand-media\\\/image\\\/thumb\\\/Babybauchfotografin_-_Melanie_Melcher-86.jpg\",\"full\":\"https:\\\/\\\/www.melanie-melcher.de\\\/wp-content\\\/grand-media\\\/image\\\/Babybauchfotografin_-_Melanie_Melcher-86.jpg\"},\"title\":\"Babybauchfotografin - Melanie Melcher-86\",\"alt\":\"Babybauchfotografin - Melanie Melcher-86\",\"caption\":\"\",\"url\":\"\",\"post_link\":\"https:\\\/\\\/www.melanie-melcher.de\\\/index.php\\\/gmedia\\\/babybauchfotografin_-_melanie_melcher-86-jpg\\\/\",\"cc\":0,\"views\":3,\"likes\":0,\"width\":800,\"height\":533},{\"id\":\"1868\",\"type\":\"image\",\"ext\":\"jpg\",\"src\":\"\\\/image\\\/Babybauchfotografin_-_Melanie_Melcher-80.jpg\",\"sizes\":{\"thumb\":\"https:\\\/\\\/www.melanie-melcher.de\\\/wp-content\\\/grand-media\\\/image\\\/thumb\\\/Babybauchfotografin_-_Melanie_Melcher-80.jpg\",\"full\":\"https:\\\/\\\/www.melanie-melcher.de\\\/wp-content\\\/grand-media\\\/image\\\/Babybauchfotografin_-_Melanie_Melcher-80.jpg\"},\"title\":\"Babybauchfotografin - Melanie Melcher-80\",\"alt\":\"Babybauchfotografin - Melanie Melcher-80\",\"caption\":\"\",\"url\":\"\",\"post_link\":\"https:\\\/\\\/www.melanie-melcher.de\\\/index.php\\\/gmedia\\\/babybauchfotografin_-_melanie_melcher-80-jpg\\\/\",\"cc\":0,\"views\":5,\"likes\":0,\"width\":800,\"height\":533},{\"id\":\"1847\",\"type\":\"image\",\"ext\":\"jpg\",\"src\":\"\\\/image\\\/Babybauchfotografin_-_Melanie_Melcher-18.jpg\",\"sizes\":{\"thumb\":\"https:\\\/\\\/www.melanie-melcher.de\\\/wp-content\\\/grand-media\\\/image\\\/thumb\\\/Babybauchfotografin_-_Melanie_Melcher-18.jpg\",\"full\":\"https:\\\/\\\/www.melanie-melcher.de\\\/wp-content\\\/grand-media\\\/image\\\/Babybauchfotografin_-_Melanie_Melcher-18.jpg\"},\"title\":\"Babybauchfotografin - Melanie Melcher-18\",\"alt\":\"Babybauchfotografin - Melanie Melcher-18\",\"caption\":\"\",\"url\":\"\",\"post_link\":\"https:\\\/\\\/www.melanie-melcher.de\\\/index.php\\\/gmedia\\\/babybauchfotografin_-_melanie_melcher-18-jpg\\\/\",\"cc\":0,\"views\":3,\"likes\":0,\"width\":533,\"height\":800},{\"id\":\"1843\",\"type\":\"image\",\"ext\":\"jpg\",\"src\":\"\\\/image\\\/Babybauchfotografin_-_Melanie_Melcher-6.jpg\",\"sizes\":{\"thumb\":\"https:\\\/\\\/www.melanie-melcher.de\\\/wp-content\\\/grand-media\\\/image\\\/thumb\\\/Babybauchfotografin_-_Melanie_Melcher-6.jpg\",\"full\":\"https:\\\/\\\/www.melanie-melcher.de\\\/wp-content\\\/grand-media\\\/image\\\/Babybauchfotografin_-_Melanie_Melcher-6.jpg\"},\"title\":\"Babybauchfotografin - Melanie Melcher-6\",\"alt\":\"Babybauchfotografin - Melanie Melcher-6\",\"caption\":\"\",\"url\":\"\",\"post_link\":\"https:\\\/\\\/www.melanie-melcher.de\\\/index.php\\\/gmedia\\\/babybauchfotografin_-_melanie_melcher-6-jpg\\\/\",\"cc\":0,\"views\":4,\"likes\":0,\"width\":800,\"height\":533},{\"id\":\"1864\",\"type\":\"image\",\"ext\":\"jpg\",\"src\":\"\\\/image\\\/Babybauchfotografin_-_Melanie_Melcher-65.jpg\",\"sizes\":{\"thumb\":\"https:\\\/\\\/www.melanie-melcher.de\\\/wp-content\\\/grand-media\\\/image\\\/thumb\\\/Babybauchfotografin_-_Melanie_Melcher-65.jpg\",\"full\":\"https:\\\/\\\/www.melanie-melcher.de\\\/wp-content\\\/grand-media\\\/image\\\/Babybauchfotografin_-_Melanie_Melcher-65.jpg\"},\"title\":\"Babybauchfotografin - Melanie Melcher-65\",\"alt\":\"Babybauchfotografin - Melanie Melcher-65\",\"caption\":\"\",\"url\":\"\",\"post_link\":\"https:\\\/\\\/www.melanie-melcher.de\\\/index.php\\\/gmedia\\\/babybauchfotografin_-_melanie_melcher-65-jpg\\\/\",\"cc\":0,\"views\":5,\"likes\":0,\"width\":800,\"height\":533},{\"id\":\"1859\",\"type\":\"image\",\"ext\":\"jpg\",\"src\":\"\\\/image\\\/Babybauchfotografin_-_Melanie_Melcher-57.jpg\",\"sizes\":{\"thumb\":\"https:\\\/\\\/www.melanie-melcher.de\\\/wp-content\\\/grand-media\\\/image\\\/thumb\\\/Babybauchfotografin_-_Melanie_Melcher-57.jpg\",\"full\":\"https:\\\/\\\/www.melanie-melcher.de\\\/wp-content\\\/grand-media\\\/image\\\/Babybauchfotografin_-_Melanie_Melcher-57.jpg\"},\"title\":\"Babybauchfotografin - Melanie Melcher-57\",\"alt\":\"Babybauchfotografin - Melanie Melcher-57\",\"caption\":\"\",\"url\":\"\",\"post_link\":\"https:\\\/\\\/www.melanie-melcher.de\\\/index.php\\\/gmedia\\\/babybauchfotografin_-_melanie_melcher-57-jpg\\\/\",\"cc\":0,\"views\":3,\"likes\":0,\"width\":533,\"height\":800},{\"id\":\"1871\",\"type\":\"image\",\"ext\":\"jpg\",\"src\":\"\\\/image\\\/Babybauchfotografin_-_Melanie_Melcher-87.jpg\",\"sizes\":{\"thumb\":\"https:\\\/\\\/www.melanie-melcher.de\\\/wp-content\\\/grand-media\\\/image\\\/thumb\\\/Babybauchfotografin_-_Melanie_Melcher-87.jpg\",\"full\":\"https:\\\/\\\/www.melanie-melcher.de\\\/wp-content\\\/grand-media\\\/image\\\/Babybauchfotografin_-_Melanie_Melcher-87.jpg\"},\"title\":\"Babybauchfotografin - Melanie Melcher-87\",\"alt\":\"Babybauchfotografin - Melanie Melcher-87\",\"caption\":\"\",\"url\":\"\",\"post_link\":\"https:\\\/\\\/www.melanie-melcher.de\\\/index.php\\\/gmedia\\\/babybauchfotografin_-_melanie_melcher-87-jpg\\\/\",\"cc\":0,\"views\":4,\"likes\":0,\"width\":800,\"height\":533},{\"id\":\"1856\",\"type\":\"image\",\"ext\":\"jpg\",\"src\":\"\\\/image\\\/Babybauchfotografin_-_Melanie_Melcher-46.jpg\",\"sizes\":{\"thumb\":\"https:\\\/\\\/www.melanie-melcher.de\\\/wp-content\\\/grand-media\\\/image\\\/thumb\\\/Babybauchfotografin_-_Melanie_Melcher-46.jpg\",\"full\":\"https:\\\/\\\/www.melanie-melcher.de\\\/wp-content\\\/grand-media\\\/image\\\/Babybauchfotografin_-_Melanie_Melcher-46.jpg\"},\"title\":\"Babybauchfotografin - Melanie Melcher-46\",\"alt\":\"Babybauchfotografin - Melanie Melcher-46\",\"caption\":\"\",\"url\":\"\",\"post_link\":\"https:\\\/\\\/www.melanie-melcher.de\\\/index.php\\\/gmedia\\\/babybauchfotografin_-_melanie_melcher-46-jpg\\\/\",\"cc\":0,\"views\":4,\"likes\":0,\"width\":533,\"height\":800}];\n\t\t\t\t\tsettings.gallery = gmedia_mosaic_content;\n\t\t\t\t\t$( '#GmediaGallery_85 .gmMosaic_Container' ).gmediaMosaic( settings );\n\t\t\t\t} );\n\t\t\t} );\n\t<\/script>\t<\/div>\n<h3>F\u00fcr weitere Babybauchfotos schaut in meine <a href=\"http:\/\/www.melanie-melcher.de\/index.php\/galerien-3\/\">Galerie<\/a> oder meinen <a href=\"http:\/\/www.melanie-melcher.de\/index.php\/category\/belly\/\">Blog<\/a>.<\/h3>\n","protected":false},"excerpt":{"rendered":"<p>Heute komme ich endlich dazu euch mal wieder einen Einblick in meine Arbeit als Babybauchfotografin zu geben. F\u00fcr Stefanie und Andreas habe ich bereits im letzten Jahr die Kamera geschwungen und ihre wundersch\u00f6ne (und mega heisse) Hochzeit fotografiert. Umso mehr hat es mich gefreut als ich eine SMS bekam, in welcher sie mir ihre Schwangerschaft [&hellip;]<\/p>\n","protected":false},"author":1,"featured_media":2943,"comment_status":"closed","ping_status":"open","sticky":false,"template":"","format":"standard","meta":{"footnotes":""},"categories":[8],"tags":[],"class_list":["post-2942","post","type-post","status-publish","format-standard","has-post-thumbnail","hentry","category-belly"],"_links":{"self":[{"href":"https:\/\/www.melanie-melcher.de\/index.php\/wp-json\/wp\/v2\/posts\/2942","targetHints":{"allow":["GET"]}}],"collection":[{"href":"https:\/\/www.melanie-melcher.de\/index.php\/wp-json\/wp\/v2\/posts"}],"about":[{"href":"https:\/\/www.melanie-melcher.de\/index.php\/wp-json\/wp\/v2\/types\/post"}],"author":[{"embeddable":true,"href":"https:\/\/www.melanie-melcher.de\/index.php\/wp-json\/wp\/v2\/users\/1"}],"replies":[{"embeddable":true,"href":"https:\/\/www.melanie-melcher.de\/index.php\/wp-json\/wp\/v2\/comments?post=2942"}],"version-history":[{"count":1,"href":"https:\/\/www.melanie-melcher.de\/index.php\/wp-json\/wp\/v2\/posts\/2942\/revisions"}],"predecessor-version":[{"id":2944,"href":"https:\/\/www.melanie-melcher.de\/index.php\/wp-json\/wp\/v2\/posts\/2942\/revisions\/2944"}],"wp:featuredmedia":[{"embeddable":true,"href":"https:\/\/www.melanie-melcher.de\/index.php\/wp-json\/wp\/v2\/media\/2943"}],"wp:attachment":[{"href":"https:\/\/www.melanie-melcher.de\/index.php\/wp-json\/wp\/v2\/media?parent=2942"}],"wp:term":[{"taxonomy":"category","embeddable":true,"href":"https:\/\/www.melanie-melcher.de\/index.php\/wp-json\/wp\/v2\/categories?post=2942"},{"taxonomy":"post_tag","embeddable":true,"href":"https:\/\/www.melanie-melcher.de\/index.php\/wp-json\/wp\/v2\/tags?post=2942"}],"curies":[{"name":"wp","href":"https:\/\/api.w.org\/{rel}","templated":true}]}}