{"id":2946,"date":"2016-08-09T23:30:49","date_gmt":"2016-08-09T21:30:49","guid":{"rendered":"http:\/\/www.melanie-melcher.de\/?p=2946"},"modified":"2021-02-01T10:18:41","modified_gmt":"2021-02-01T09:18:41","slug":"babybauchshooting-landschaftspark","status":"publish","type":"post","link":"https:\/\/www.melanie-melcher.de\/index.php\/2016\/08\/09\/babybauchshooting-landschaftspark\/","title":{"rendered":"Babybauchshooting im Landschaftspark Duisburg"},"content":{"rendered":"<p>\u201eFamilie &#8211; wo Leben beginnt<br \/>\nund Liebe niemals endet\u201c<\/p>\n<p>Vor einiger Zeit traf ich mich mit dieser zauberhaften Familie zum Babybauchshooting im Landschaftspark in Duisburg.<\/p>\n<p>Wer mich kennt wei\u00df: Der Landschaftspark z\u00e4hlt zu meinen liebsten Fotolocations hier im Umkreis. Als waschechtes Duisburger Pottkind, bin ich immer fasziniert, wenn ich mit der Kamera in der Hand durch die Kulisse laufe, weil ich stets neue Ecken und Motive entdecke und mich gar nicht satt sehen kann. All die Farben und Oberfl\u00e4chen, die Reste von harter Arbeit und Stellen die von der Natur zur\u00fcck erobert werden &#8211; einfach gro\u00dfartig.<br \/>\nDaher freue ich mich auch immer ganz besonders, wenn meine Kunden sich genau die Location aussuchen.<br \/>\nDie Sonne strahlte an unserem Termin und so legten wir direkt los. Wir spazierten durch die Kulisse und hielten an allen m\u00f6glichen Punkten um hier und da das B\u00e4uchlein in Szene zu setzen.<br \/>\nMal nur die Mama, mal mit Papa und mal mit stolzem grossen Bruder aber nat\u00fcrlich auch mit allen zusammen &#8211; die Ideen gingen uns nicht aus.<br \/>\nZwischen Industrie und Natur haben wir so ein Portfolio an Erinnerungen geschaffen, die sicher immer wieder an eine unvergessliche Zeit erinnern werden.<br \/>\nIch freue mich jetzt schon darauf, den kleinen Bauchbewohner ganz bald in meinem Studio im Duisburger Westen kennenzulernen und seine ersten Lebenstage in Bildern festzuhalten.<br \/>\nUnd ihr d\u00fcrft gespannt sein, denn der kleine Mann bringt etwas ganz Besonderes zum Fotoshooting mit &#8211; was das sein wird, wird aber noch nicht verraten &#8211; nur soviel Vanessa von\u00a0<a href=\"http:\/\/www.millionarts.de\/\">http:\/\/www.millionarts.de<\/a>\u00a0hatte ihr H\u00e4nde im Spiel \ud83d\ude42<\/p>\n<div class=\"gmedia_gallery mosaic_module is_bot\" id=\"GmediaGallery_87\" data-gmid=\"87\" data-module=\"mosaic\"><style class='gmedia_module_style_import'>@import url('https:\/\/www.melanie-melcher.de\/wp-content\/grand-media\/module\/mosaic\/css\/mosaic.css?v=2.16') all;<\/style>\t<div class=\"gmMosaic_Container noLightbox\" data-gmid=\"87\">\t\t<noscript><a href='https:\/\/www.melanie-melcher.de\/wp-content\/grand-media\/image\/Babybauchfotografin_-_Melanie_Melcher-52_1.jpg'><img class=\"noLazy\" src='https:\/\/www.melanie-melcher.de\/wp-content\/grand-media\/image\/thumb\/Babybauchfotografin_-_Melanie_Melcher-52_1.jpg' alt='Babybauchfotografin - Melanie Melcher-52' \/><\/a><a href='https:\/\/www.melanie-melcher.de\/wp-content\/grand-media\/image\/Babybauchfotografin_-_Melanie_Melcher-85.jpg'><img class=\"noLazy\" src='https:\/\/www.melanie-melcher.de\/wp-content\/grand-media\/image\/thumb\/Babybauchfotografin_-_Melanie_Melcher-85.jpg' alt='Babybauchfotografin - Melanie Melcher-85' \/><\/a><a href='https:\/\/www.melanie-melcher.de\/wp-content\/grand-media\/image\/Babybauchfotografin_-_Melanie_Melcher-33_1.jpg'><img class=\"noLazy\" src='https:\/\/www.melanie-melcher.de\/wp-content\/grand-media\/image\/thumb\/Babybauchfotografin_-_Melanie_Melcher-33_1.jpg' alt='Babybauchfotografin - Melanie Melcher-33' \/><\/a><a href='https:\/\/www.melanie-melcher.de\/wp-content\/grand-media\/image\/Babybauchfotografin_-_Melanie_Melcher-82_1.jpg'><img class=\"noLazy\" src='https:\/\/www.melanie-melcher.de\/wp-content\/grand-media\/image\/thumb\/Babybauchfotografin_-_Melanie_Melcher-82_1.jpg' alt='Babybauchfotografin - Melanie Melcher-82' \/><\/a><a href='https:\/\/www.melanie-melcher.de\/wp-content\/grand-media\/image\/Babybauchfotografin_-_Melanie_Melcher-43_1.jpg'><img class=\"noLazy\" src='https:\/\/www.melanie-melcher.de\/wp-content\/grand-media\/image\/thumb\/Babybauchfotografin_-_Melanie_Melcher-43_1.jpg' alt='Babybauchfotografin - Melanie Melcher-43' \/><\/a><a href='https:\/\/www.melanie-melcher.de\/wp-content\/grand-media\/image\/Babybauchfotografin_-_Melanie_Melcher_1.jpg'><img class=\"noLazy\" src='https:\/\/www.melanie-melcher.de\/wp-content\/grand-media\/image\/thumb\/Babybauchfotografin_-_Melanie_Melcher_1.jpg' alt='Babybauchfotografin - Melanie Melcher' \/><\/a><a href='https:\/\/www.melanie-melcher.de\/wp-content\/grand-media\/image\/Babybauchfotografin_-_Melanie_Melcher-17.jpg'><img class=\"noLazy\" src='https:\/\/www.melanie-melcher.de\/wp-content\/grand-media\/image\/thumb\/Babybauchfotografin_-_Melanie_Melcher-17.jpg' alt='Babybauchfotografin - Melanie Melcher-17' \/><\/a><a href='https:\/\/www.melanie-melcher.de\/wp-content\/grand-media\/image\/Babybauchfotografin_-_Melanie_Melcher-13_1.jpg'><img class=\"noLazy\" src='https:\/\/www.melanie-melcher.de\/wp-content\/grand-media\/image\/thumb\/Babybauchfotografin_-_Melanie_Melcher-13_1.jpg' alt='Babybauchfotografin - Melanie Melcher-13' \/><\/a><a href='https:\/\/www.melanie-melcher.de\/wp-content\/grand-media\/image\/Babybauchfotografin_-_Melanie_Melcher-80_1.jpg'><img class=\"noLazy\" src='https:\/\/www.melanie-melcher.de\/wp-content\/grand-media\/image\/thumb\/Babybauchfotografin_-_Melanie_Melcher-80_1.jpg' alt='Babybauchfotografin - Melanie Melcher-80' \/><\/a><a href='https:\/\/www.melanie-melcher.de\/wp-content\/grand-media\/image\/Babybauchfotografin_-_Melanie_Melcher-36_1.jpg'><img class=\"noLazy\" src='https:\/\/www.melanie-melcher.de\/wp-content\/grand-media\/image\/thumb\/Babybauchfotografin_-_Melanie_Melcher-36_1.jpg' alt='Babybauchfotografin - Melanie Melcher-36' \/><\/a><a href='https:\/\/www.melanie-melcher.de\/wp-content\/grand-media\/image\/Babybauchfotografin_-_Melanie_Melcher-69.jpg'><img class=\"noLazy\" src='https:\/\/www.melanie-melcher.de\/wp-content\/grand-media\/image\/thumb\/Babybauchfotografin_-_Melanie_Melcher-69.jpg' alt='Babybauchfotografin - Melanie Melcher-69' \/><\/a><a href='https:\/\/www.melanie-melcher.de\/wp-content\/grand-media\/image\/Babybauchfotografin_-_Melanie_Melcher-73.jpg'><img class=\"noLazy\" src='https:\/\/www.melanie-melcher.de\/wp-content\/grand-media\/image\/thumb\/Babybauchfotografin_-_Melanie_Melcher-73.jpg' alt='Babybauchfotografin - Melanie Melcher-73' \/><\/a><a href='https:\/\/www.melanie-melcher.de\/wp-content\/grand-media\/image\/Babybauchfotografin_-_Melanie_Melcher-19.jpg'><img class=\"noLazy\" src='https:\/\/www.melanie-melcher.de\/wp-content\/grand-media\/image\/thumb\/Babybauchfotografin_-_Melanie_Melcher-19.jpg' alt='Babybauchfotografin - Melanie Melcher-19' \/><\/a><a href='https:\/\/www.melanie-melcher.de\/wp-content\/grand-media\/image\/Babybauchfotografin_-_Melanie_Melcher-2_1.jpg'><img class=\"noLazy\" src='https:\/\/www.melanie-melcher.de\/wp-content\/grand-media\/image\/thumb\/Babybauchfotografin_-_Melanie_Melcher-2_1.jpg' alt='Babybauchfotografin - Melanie Melcher-2' \/><\/a><a href='https:\/\/www.melanie-melcher.de\/wp-content\/grand-media\/image\/Babybauchfotografin_-_Melanie_Melcher-74_1.jpg'><img class=\"noLazy\" src='https:\/\/www.melanie-melcher.de\/wp-content\/grand-media\/image\/thumb\/Babybauchfotografin_-_Melanie_Melcher-74_1.jpg' alt='Babybauchfotografin - Melanie Melcher-74' \/><\/a><a href='https:\/\/www.melanie-melcher.de\/wp-content\/grand-media\/image\/Babybauchfotografin_-_Melanie_Melcher-55_1.jpg'><img class=\"noLazy\" src='https:\/\/www.melanie-melcher.de\/wp-content\/grand-media\/image\/thumb\/Babybauchfotografin_-_Melanie_Melcher-55_1.jpg' alt='Babybauchfotografin - Melanie Melcher-55' \/><\/a><a href='https:\/\/www.melanie-melcher.de\/wp-content\/grand-media\/image\/Babybauchfotografin_-_Melanie_Melcher-75.jpg'><img class=\"noLazy\" src='https:\/\/www.melanie-melcher.de\/wp-content\/grand-media\/image\/thumb\/Babybauchfotografin_-_Melanie_Melcher-75.jpg' alt='Babybauchfotografin - Melanie Melcher-75' \/><\/a><a href='https:\/\/www.melanie-melcher.de\/wp-content\/grand-media\/image\/Babybauchfotografin_-_Melanie_Melcher-10.jpg'><img class=\"noLazy\" src='https:\/\/www.melanie-melcher.de\/wp-content\/grand-media\/image\/thumb\/Babybauchfotografin_-_Melanie_Melcher-10.jpg' alt='Babybauchfotografin - Melanie Melcher-10' \/><\/a><a href='https:\/\/www.melanie-melcher.de\/wp-content\/grand-media\/image\/Babybauchfotografin_-_Melanie_Melcher-37.jpg'><img class=\"noLazy\" src='https:\/\/www.melanie-melcher.de\/wp-content\/grand-media\/image\/thumb\/Babybauchfotografin_-_Melanie_Melcher-37.jpg' alt='Babybauchfotografin - Melanie Melcher-37' \/><\/a><a href='https:\/\/www.melanie-melcher.de\/wp-content\/grand-media\/image\/Babybauchfotografin_-_Melanie_Melcher-61_1.jpg'><img class=\"noLazy\" src='https:\/\/www.melanie-melcher.de\/wp-content\/grand-media\/image\/thumb\/Babybauchfotografin_-_Melanie_Melcher-61_1.jpg' alt='Babybauchfotografin - Melanie Melcher-61' \/><\/a><a href='https:\/\/www.melanie-melcher.de\/wp-content\/grand-media\/image\/Babybauchfotografin_-_Melanie_Melcher-71.jpg'><img class=\"noLazy\" src='https:\/\/www.melanie-melcher.de\/wp-content\/grand-media\/image\/thumb\/Babybauchfotografin_-_Melanie_Melcher-71.jpg' alt='Babybauchfotografin - Melanie Melcher-71' \/><\/a><a href='https:\/\/www.melanie-melcher.de\/wp-content\/grand-media\/image\/Babybauchfotografin_-_Melanie_Melcher-89.jpg'><img class=\"noLazy\" src='https:\/\/www.melanie-melcher.de\/wp-content\/grand-media\/image\/thumb\/Babybauchfotografin_-_Melanie_Melcher-89.jpg' alt='Babybauchfotografin - Melanie Melcher-89' \/><\/a><a href='https:\/\/www.melanie-melcher.de\/wp-content\/grand-media\/image\/Babybauchfotografin_-_Melanie_Melcher-51.jpg'><img class=\"noLazy\" src='https:\/\/www.melanie-melcher.de\/wp-content\/grand-media\/image\/thumb\/Babybauchfotografin_-_Melanie_Melcher-51.jpg' alt='Babybauchfotografin - Melanie Melcher-51' \/><\/a><a href='https:\/\/www.melanie-melcher.de\/wp-content\/grand-media\/image\/Babybauchfotografin_-_Melanie_Melcher-3.jpg'><img class=\"noLazy\" src='https:\/\/www.melanie-melcher.de\/wp-content\/grand-media\/image\/thumb\/Babybauchfotografin_-_Melanie_Melcher-3.jpg' alt='Babybauchfotografin - Melanie Melcher-3' \/><\/a><a href='https:\/\/www.melanie-melcher.de\/wp-content\/grand-media\/image\/Babybauchfotografin_-_Melanie_Melcher-63_1.jpg'><img class=\"noLazy\" src='https:\/\/www.melanie-melcher.de\/wp-content\/grand-media\/image\/thumb\/Babybauchfotografin_-_Melanie_Melcher-63_1.jpg' alt='Babybauchfotografin - Melanie Melcher-63' \/><\/a><a href='https:\/\/www.melanie-melcher.de\/wp-content\/grand-media\/image\/Babybauchfotografin_-_Melanie_Melcher-24.jpg'><img class=\"noLazy\" src='https:\/\/www.melanie-melcher.de\/wp-content\/grand-media\/image\/thumb\/Babybauchfotografin_-_Melanie_Melcher-24.jpg' alt='Babybauchfotografin - Melanie Melcher-24' \/><\/a><a href='https:\/\/www.melanie-melcher.de\/wp-content\/grand-media\/image\/Babybauchfotografin_-_Melanie_Melcher-4_1.jpg'><img class=\"noLazy\" src='https:\/\/www.melanie-melcher.de\/wp-content\/grand-media\/image\/thumb\/Babybauchfotografin_-_Melanie_Melcher-4_1.jpg' alt='Babybauchfotografin - Melanie Melcher-4' \/><\/a><a href='https:\/\/www.melanie-melcher.de\/wp-content\/grand-media\/image\/Babybauchfotografin_-_Melanie_Melcher-7.jpg'><img class=\"noLazy\" src='https:\/\/www.melanie-melcher.de\/wp-content\/grand-media\/image\/thumb\/Babybauchfotografin_-_Melanie_Melcher-7.jpg' alt='Babybauchfotografin - Melanie Melcher-7' \/><\/a><a href='https:\/\/www.melanie-melcher.de\/wp-content\/grand-media\/image\/Babybauchfotografin_-_Melanie_Melcher-6_1.jpg'><img class=\"noLazy\" src='https:\/\/www.melanie-melcher.de\/wp-content\/grand-media\/image\/thumb\/Babybauchfotografin_-_Melanie_Melcher-6_1.jpg' alt='Babybauchfotografin - Melanie Melcher-6' \/><\/a><a href='https:\/\/www.melanie-melcher.de\/wp-content\/grand-media\/image\/Babybauchfotografin_-_Melanie_Melcher-78.jpg'><img class=\"noLazy\" src='https:\/\/www.melanie-melcher.de\/wp-content\/grand-media\/image\/thumb\/Babybauchfotografin_-_Melanie_Melcher-78.jpg' alt='Babybauchfotografin - Melanie Melcher-78' \/><\/a><a href='https:\/\/www.melanie-melcher.de\/wp-content\/grand-media\/image\/Babybauchfotografin_-_Melanie_Melcher-86_1.jpg'><img class=\"noLazy\" src='https:\/\/www.melanie-melcher.de\/wp-content\/grand-media\/image\/thumb\/Babybauchfotografin_-_Melanie_Melcher-86_1.jpg' alt='Babybauchfotografin - Melanie Melcher-86' \/><\/a><a href='https:\/\/www.melanie-melcher.de\/wp-content\/grand-media\/image\/Babybauchfotografin_-_Melanie_Melcher-59.jpg'><img class=\"noLazy\" src='https:\/\/www.melanie-melcher.de\/wp-content\/grand-media\/image\/thumb\/Babybauchfotografin_-_Melanie_Melcher-59.jpg' alt='Babybauchfotografin - Melanie Melcher-59' \/><\/a><a href='https:\/\/www.melanie-melcher.de\/wp-content\/grand-media\/image\/Babybauchfotografin_-_Melanie_Melcher-45.jpg'><img class=\"noLazy\" src='https:\/\/www.melanie-melcher.de\/wp-content\/grand-media\/image\/thumb\/Babybauchfotografin_-_Melanie_Melcher-45.jpg' alt='Babybauchfotografin - Melanie Melcher-45' \/><\/a><\/noscript><\/div>\n\t\t<script type=\"text\/javascript\">\n\t\t\tdocument.addEventListener( 'DOMContentLoaded', function() {\n\t\t\t\tjQuery( function( $ ) {\n\t\t\t\t\tvar settings = {\"columns\":\"3\",\"lightbox_mobile\":\"0\",\"ID\":\"87\",\"name\":\"Jana\",\"is_mobile\":false,\"module_dirurl\":\"https:\\\/\\\/www.melanie-melcher.de\\\/wp-content\\\/grand-media\\\/module\\\/mosaic\"};\n\t\t\t\t\tvar gmedia_mosaic_content = [{\"id\":\"1893\",\"type\":\"image\",\"ext\":\"jpg\",\"src\":\"\\\/image\\\/Babybauchfotografin_-_Melanie_Melcher-52_1.jpg\",\"sizes\":{\"thumb\":\"https:\\\/\\\/www.melanie-melcher.de\\\/wp-content\\\/grand-media\\\/image\\\/thumb\\\/Babybauchfotografin_-_Melanie_Melcher-52_1.jpg\",\"full\":\"https:\\\/\\\/www.melanie-melcher.de\\\/wp-content\\\/grand-media\\\/image\\\/Babybauchfotografin_-_Melanie_Melcher-52_1.jpg\"},\"title\":\"Babybauchfotografin - Melanie Melcher-52\",\"alt\":\"Babybauchfotografin - Melanie Melcher-52\",\"caption\":\"\",\"url\":\"\",\"post_link\":\"https:\\\/\\\/www.melanie-melcher.de\\\/index.php\\\/gmedia\\\/babybauchfotografin_-_melanie_melcher-52_1-jpg\\\/\",\"cc\":0,\"views\":7,\"likes\":0,\"width\":533,\"height\":800},{\"id\":\"1909\",\"type\":\"image\",\"ext\":\"jpg\",\"src\":\"\\\/image\\\/Babybauchfotografin_-_Melanie_Melcher-85.jpg\",\"sizes\":{\"thumb\":\"https:\\\/\\\/www.melanie-melcher.de\\\/wp-content\\\/grand-media\\\/image\\\/thumb\\\/Babybauchfotografin_-_Melanie_Melcher-85.jpg\",\"full\":\"https:\\\/\\\/www.melanie-melcher.de\\\/wp-content\\\/grand-media\\\/image\\\/Babybauchfotografin_-_Melanie_Melcher-85.jpg\"},\"title\":\"Babybauchfotografin - Melanie Melcher-85\",\"alt\":\"Babybauchfotografin - Melanie Melcher-85\",\"caption\":\"\",\"url\":\"\",\"post_link\":\"https:\\\/\\\/www.melanie-melcher.de\\\/index.php\\\/gmedia\\\/babybauchfotografin_-_melanie_melcher-85-jpg\\\/\",\"cc\":0,\"views\":4,\"likes\":0,\"width\":800,\"height\":533},{\"id\":\"1886\",\"type\":\"image\",\"ext\":\"jpg\",\"src\":\"\\\/image\\\/Babybauchfotografin_-_Melanie_Melcher-33_1.jpg\",\"sizes\":{\"thumb\":\"https:\\\/\\\/www.melanie-melcher.de\\\/wp-content\\\/grand-media\\\/image\\\/thumb\\\/Babybauchfotografin_-_Melanie_Melcher-33_1.jpg\",\"full\":\"https:\\\/\\\/www.melanie-melcher.de\\\/wp-content\\\/grand-media\\\/image\\\/Babybauchfotografin_-_Melanie_Melcher-33_1.jpg\"},\"title\":\"Babybauchfotografin - Melanie Melcher-33\",\"alt\":\"Babybauchfotografin - Melanie Melcher-33\",\"caption\":\"\",\"url\":\"\",\"post_link\":\"https:\\\/\\\/www.melanie-melcher.de\\\/index.php\\\/gmedia\\\/babybauchfotografin_-_melanie_melcher-33_1-jpg\\\/\",\"cc\":0,\"views\":5,\"likes\":0,\"width\":533,\"height\":800},{\"id\":\"1908\",\"type\":\"image\",\"ext\":\"jpg\",\"src\":\"\\\/image\\\/Babybauchfotografin_-_Melanie_Melcher-82_1.jpg\",\"sizes\":{\"thumb\":\"https:\\\/\\\/www.melanie-melcher.de\\\/wp-content\\\/grand-media\\\/image\\\/thumb\\\/Babybauchfotografin_-_Melanie_Melcher-82_1.jpg\",\"full\":\"https:\\\/\\\/www.melanie-melcher.de\\\/wp-content\\\/grand-media\\\/image\\\/Babybauchfotografin_-_Melanie_Melcher-82_1.jpg\"},\"title\":\"Babybauchfotografin - Melanie Melcher-82\",\"alt\":\"Babybauchfotografin - Melanie Melcher-82\",\"caption\":\"\",\"url\":\"\",\"post_link\":\"https:\\\/\\\/www.melanie-melcher.de\\\/index.php\\\/gmedia\\\/babybauchfotografin_-_melanie_melcher-82_1-jpg\\\/\",\"cc\":0,\"views\":5,\"likes\":0,\"width\":800,\"height\":533},{\"id\":\"1890\",\"type\":\"image\",\"ext\":\"jpg\",\"src\":\"\\\/image\\\/Babybauchfotografin_-_Melanie_Melcher-43_1.jpg\",\"sizes\":{\"thumb\":\"https:\\\/\\\/www.melanie-melcher.de\\\/wp-content\\\/grand-media\\\/image\\\/thumb\\\/Babybauchfotografin_-_Melanie_Melcher-43_1.jpg\",\"full\":\"https:\\\/\\\/www.melanie-melcher.de\\\/wp-content\\\/grand-media\\\/image\\\/Babybauchfotografin_-_Melanie_Melcher-43_1.jpg\"},\"title\":\"Babybauchfotografin - Melanie Melcher-43\",\"alt\":\"Babybauchfotografin - Melanie Melcher-43\",\"caption\":\"\",\"url\":\"\",\"post_link\":\"https:\\\/\\\/www.melanie-melcher.de\\\/index.php\\\/gmedia\\\/babybauchfotografin_-_melanie_melcher-43_1-jpg\\\/\",\"cc\":0,\"views\":6,\"likes\":0,\"width\":533,\"height\":800},{\"id\":\"1913\",\"type\":\"image\",\"ext\":\"jpg\",\"src\":\"\\\/image\\\/Babybauchfotografin_-_Melanie_Melcher_1.jpg\",\"sizes\":{\"thumb\":\"https:\\\/\\\/www.melanie-melcher.de\\\/wp-content\\\/grand-media\\\/image\\\/thumb\\\/Babybauchfotografin_-_Melanie_Melcher_1.jpg\",\"full\":\"https:\\\/\\\/www.melanie-melcher.de\\\/wp-content\\\/grand-media\\\/image\\\/Babybauchfotografin_-_Melanie_Melcher_1.jpg\"},\"title\":\"Babybauchfotografin - Melanie Melcher\",\"alt\":\"Babybauchfotografin - Melanie Melcher\",\"caption\":\"\",\"url\":\"\",\"post_link\":\"https:\\\/\\\/www.melanie-melcher.de\\\/index.php\\\/gmedia\\\/babybauchfotografin_-_melanie_melcher_1-jpg\\\/\",\"cc\":0,\"views\":8,\"likes\":0,\"width\":533,\"height\":800},{\"id\":\"1882\",\"type\":\"image\",\"ext\":\"jpg\",\"src\":\"\\\/image\\\/Babybauchfotografin_-_Melanie_Melcher-17.jpg\",\"sizes\":{\"thumb\":\"https:\\\/\\\/www.melanie-melcher.de\\\/wp-content\\\/grand-media\\\/image\\\/thumb\\\/Babybauchfotografin_-_Melanie_Melcher-17.jpg\",\"full\":\"https:\\\/\\\/www.melanie-melcher.de\\\/wp-content\\\/grand-media\\\/image\\\/Babybauchfotografin_-_Melanie_Melcher-17.jpg\"},\"title\":\"Babybauchfotografin - Melanie Melcher-17\",\"alt\":\"Babybauchfotografin - Melanie Melcher-17\",\"caption\":\"\",\"url\":\"\",\"post_link\":\"https:\\\/\\\/www.melanie-melcher.de\\\/index.php\\\/gmedia\\\/babybauchfotografin_-_melanie_melcher-17-jpg\\\/\",\"cc\":0,\"views\":5,\"likes\":0,\"width\":533,\"height\":800},{\"id\":\"1881\",\"type\":\"image\",\"ext\":\"jpg\",\"src\":\"\\\/image\\\/Babybauchfotografin_-_Melanie_Melcher-13_1.jpg\",\"sizes\":{\"thumb\":\"https:\\\/\\\/www.melanie-melcher.de\\\/wp-content\\\/grand-media\\\/image\\\/thumb\\\/Babybauchfotografin_-_Melanie_Melcher-13_1.jpg\",\"full\":\"https:\\\/\\\/www.melanie-melcher.de\\\/wp-content\\\/grand-media\\\/image\\\/Babybauchfotografin_-_Melanie_Melcher-13_1.jpg\"},\"title\":\"Babybauchfotografin - Melanie Melcher-13\",\"alt\":\"Babybauchfotografin - Melanie Melcher-13\",\"caption\":\"\",\"url\":\"\",\"post_link\":\"https:\\\/\\\/www.melanie-melcher.de\\\/index.php\\\/gmedia\\\/babybauchfotografin_-_melanie_melcher-13_1-jpg\\\/\",\"cc\":0,\"views\":5,\"likes\":0,\"width\":800,\"height\":533},{\"id\":\"1907\",\"type\":\"image\",\"ext\":\"jpg\",\"src\":\"\\\/image\\\/Babybauchfotografin_-_Melanie_Melcher-80_1.jpg\",\"sizes\":{\"thumb\":\"https:\\\/\\\/www.melanie-melcher.de\\\/wp-content\\\/grand-media\\\/image\\\/thumb\\\/Babybauchfotografin_-_Melanie_Melcher-80_1.jpg\",\"full\":\"https:\\\/\\\/www.melanie-melcher.de\\\/wp-content\\\/grand-media\\\/image\\\/Babybauchfotografin_-_Melanie_Melcher-80_1.jpg\"},\"title\":\"Babybauchfotografin - Melanie Melcher-80\",\"alt\":\"Babybauchfotografin - Melanie Melcher-80\",\"caption\":\"\",\"url\":\"\",\"post_link\":\"https:\\\/\\\/www.melanie-melcher.de\\\/index.php\\\/gmedia\\\/babybauchfotografin_-_melanie_melcher-80_1-jpg\\\/\",\"cc\":0,\"views\":5,\"likes\":0,\"width\":800,\"height\":533},{\"id\":\"1887\",\"type\":\"image\",\"ext\":\"jpg\",\"src\":\"\\\/image\\\/Babybauchfotografin_-_Melanie_Melcher-36_1.jpg\",\"sizes\":{\"thumb\":\"https:\\\/\\\/www.melanie-melcher.de\\\/wp-content\\\/grand-media\\\/image\\\/thumb\\\/Babybauchfotografin_-_Melanie_Melcher-36_1.jpg\",\"full\":\"https:\\\/\\\/www.melanie-melcher.de\\\/wp-content\\\/grand-media\\\/image\\\/Babybauchfotografin_-_Melanie_Melcher-36_1.jpg\"},\"title\":\"Babybauchfotografin - Melanie Melcher-36\",\"alt\":\"Babybauchfotografin - Melanie Melcher-36\",\"caption\":\"\",\"url\":\"\",\"post_link\":\"https:\\\/\\\/www.melanie-melcher.de\\\/index.php\\\/gmedia\\\/babybauchfotografin_-_melanie_melcher-36_1-jpg\\\/\",\"cc\":0,\"views\":3,\"likes\":0,\"width\":533,\"height\":800},{\"id\":\"1901\",\"type\":\"image\",\"ext\":\"jpg\",\"src\":\"\\\/image\\\/Babybauchfotografin_-_Melanie_Melcher-69.jpg\",\"sizes\":{\"thumb\":\"https:\\\/\\\/www.melanie-melcher.de\\\/wp-content\\\/grand-media\\\/image\\\/thumb\\\/Babybauchfotografin_-_Melanie_Melcher-69.jpg\",\"full\":\"https:\\\/\\\/www.melanie-melcher.de\\\/wp-content\\\/grand-media\\\/image\\\/Babybauchfotografin_-_Melanie_Melcher-69.jpg\"},\"title\":\"Babybauchfotografin - Melanie Melcher-69\",\"alt\":\"Babybauchfotografin - Melanie Melcher-69\",\"caption\":\"\",\"url\":\"\",\"post_link\":\"https:\\\/\\\/www.melanie-melcher.de\\\/index.php\\\/gmedia\\\/babybauchfotografin_-_melanie_melcher-69-jpg\\\/\",\"cc\":0,\"views\":7,\"likes\":0,\"width\":800,\"height\":533},{\"id\":\"1903\",\"type\":\"image\",\"ext\":\"jpg\",\"src\":\"\\\/image\\\/Babybauchfotografin_-_Melanie_Melcher-73.jpg\",\"sizes\":{\"thumb\":\"https:\\\/\\\/www.melanie-melcher.de\\\/wp-content\\\/grand-media\\\/image\\\/thumb\\\/Babybauchfotografin_-_Melanie_Melcher-73.jpg\",\"full\":\"https:\\\/\\\/www.melanie-melcher.de\\\/wp-content\\\/grand-media\\\/image\\\/Babybauchfotografin_-_Melanie_Melcher-73.jpg\"},\"title\":\"Babybauchfotografin - Melanie Melcher-73\",\"alt\":\"Babybauchfotografin - Melanie Melcher-73\",\"caption\":\"\",\"url\":\"\",\"post_link\":\"https:\\\/\\\/www.melanie-melcher.de\\\/index.php\\\/gmedia\\\/babybauchfotografin_-_melanie_melcher-73-jpg\\\/\",\"cc\":0,\"views\":8,\"likes\":0,\"width\":800,\"height\":533},{\"id\":\"1883\",\"type\":\"image\",\"ext\":\"jpg\",\"src\":\"\\\/image\\\/Babybauchfotografin_-_Melanie_Melcher-19.jpg\",\"sizes\":{\"thumb\":\"https:\\\/\\\/www.melanie-melcher.de\\\/wp-content\\\/grand-media\\\/image\\\/thumb\\\/Babybauchfotografin_-_Melanie_Melcher-19.jpg\",\"full\":\"https:\\\/\\\/www.melanie-melcher.de\\\/wp-content\\\/grand-media\\\/image\\\/Babybauchfotografin_-_Melanie_Melcher-19.jpg\"},\"title\":\"Babybauchfotografin - Melanie Melcher-19\",\"alt\":\"Babybauchfotografin - Melanie Melcher-19\",\"caption\":\"\",\"url\":\"\",\"post_link\":\"https:\\\/\\\/www.melanie-melcher.de\\\/index.php\\\/gmedia\\\/babybauchfotografin_-_melanie_melcher-19-jpg\\\/\",\"cc\":0,\"views\":4,\"likes\":0,\"width\":800,\"height\":533},{\"id\":\"1875\",\"type\":\"image\",\"ext\":\"jpg\",\"src\":\"\\\/image\\\/Babybauchfotografin_-_Melanie_Melcher-2_1.jpg\",\"sizes\":{\"thumb\":\"https:\\\/\\\/www.melanie-melcher.de\\\/wp-content\\\/grand-media\\\/image\\\/thumb\\\/Babybauchfotografin_-_Melanie_Melcher-2_1.jpg\",\"full\":\"https:\\\/\\\/www.melanie-melcher.de\\\/wp-content\\\/grand-media\\\/image\\\/Babybauchfotografin_-_Melanie_Melcher-2_1.jpg\"},\"title\":\"Babybauchfotografin - Melanie Melcher-2\",\"alt\":\"Babybauchfotografin - Melanie Melcher-2\",\"caption\":\"\",\"url\":\"\",\"post_link\":\"https:\\\/\\\/www.melanie-melcher.de\\\/index.php\\\/gmedia\\\/babybauchfotografin_-_melanie_melcher-2_1-jpg\\\/\",\"cc\":0,\"views\":5,\"likes\":0,\"width\":533,\"height\":800},{\"id\":\"1904\",\"type\":\"image\",\"ext\":\"jpg\",\"src\":\"\\\/image\\\/Babybauchfotografin_-_Melanie_Melcher-74_1.jpg\",\"sizes\":{\"thumb\":\"https:\\\/\\\/www.melanie-melcher.de\\\/wp-content\\\/grand-media\\\/image\\\/thumb\\\/Babybauchfotografin_-_Melanie_Melcher-74_1.jpg\",\"full\":\"https:\\\/\\\/www.melanie-melcher.de\\\/wp-content\\\/grand-media\\\/image\\\/Babybauchfotografin_-_Melanie_Melcher-74_1.jpg\"},\"title\":\"Babybauchfotografin - Melanie Melcher-74\",\"alt\":\"Babybauchfotografin - Melanie Melcher-74\",\"caption\":\"\",\"url\":\"\",\"post_link\":\"https:\\\/\\\/www.melanie-melcher.de\\\/index.php\\\/gmedia\\\/babybauchfotografin_-_melanie_melcher-74_1-jpg\\\/\",\"cc\":0,\"views\":5,\"likes\":0,\"width\":800,\"height\":533},{\"id\":\"1895\",\"type\":\"image\",\"ext\":\"jpg\",\"src\":\"\\\/image\\\/Babybauchfotografin_-_Melanie_Melcher-55_1.jpg\",\"sizes\":{\"thumb\":\"https:\\\/\\\/www.melanie-melcher.de\\\/wp-content\\\/grand-media\\\/image\\\/thumb\\\/Babybauchfotografin_-_Melanie_Melcher-55_1.jpg\",\"full\":\"https:\\\/\\\/www.melanie-melcher.de\\\/wp-content\\\/grand-media\\\/image\\\/Babybauchfotografin_-_Melanie_Melcher-55_1.jpg\"},\"title\":\"Babybauchfotografin - Melanie Melcher-55\",\"alt\":\"Babybauchfotografin - Melanie Melcher-55\",\"caption\":\"\",\"url\":\"\",\"post_link\":\"https:\\\/\\\/www.melanie-melcher.de\\\/index.php\\\/gmedia\\\/babybauchfotografin_-_melanie_melcher-55_1-jpg\\\/\",\"cc\":0,\"views\":8,\"likes\":0,\"width\":800,\"height\":533},{\"id\":\"1905\",\"type\":\"image\",\"ext\":\"jpg\",\"src\":\"\\\/image\\\/Babybauchfotografin_-_Melanie_Melcher-75.jpg\",\"sizes\":{\"thumb\":\"https:\\\/\\\/www.melanie-melcher.de\\\/wp-content\\\/grand-media\\\/image\\\/thumb\\\/Babybauchfotografin_-_Melanie_Melcher-75.jpg\",\"full\":\"https:\\\/\\\/www.melanie-melcher.de\\\/wp-content\\\/grand-media\\\/image\\\/Babybauchfotografin_-_Melanie_Melcher-75.jpg\"},\"title\":\"Babybauchfotografin - Melanie Melcher-75\",\"alt\":\"Babybauchfotografin - Melanie Melcher-75\",\"caption\":\"\",\"url\":\"\",\"post_link\":\"https:\\\/\\\/www.melanie-melcher.de\\\/index.php\\\/gmedia\\\/babybauchfotografin_-_melanie_melcher-75-jpg\\\/\",\"cc\":0,\"views\":5,\"likes\":0,\"width\":533,\"height\":800},{\"id\":\"1880\",\"type\":\"image\",\"ext\":\"jpg\",\"src\":\"\\\/image\\\/Babybauchfotografin_-_Melanie_Melcher-10.jpg\",\"sizes\":{\"thumb\":\"https:\\\/\\\/www.melanie-melcher.de\\\/wp-content\\\/grand-media\\\/image\\\/thumb\\\/Babybauchfotografin_-_Melanie_Melcher-10.jpg\",\"full\":\"https:\\\/\\\/www.melanie-melcher.de\\\/wp-content\\\/grand-media\\\/image\\\/Babybauchfotografin_-_Melanie_Melcher-10.jpg\"},\"title\":\"Babybauchfotografin - Melanie Melcher-10\",\"alt\":\"Babybauchfotografin - Melanie Melcher-10\",\"caption\":\"\",\"url\":\"\",\"post_link\":\"https:\\\/\\\/www.melanie-melcher.de\\\/index.php\\\/gmedia\\\/babybauchfotografin_-_melanie_melcher-10-jpg\\\/\",\"cc\":0,\"views\":6,\"likes\":0,\"width\":800,\"height\":533},{\"id\":\"1888\",\"type\":\"image\",\"ext\":\"jpg\",\"src\":\"\\\/image\\\/Babybauchfotografin_-_Melanie_Melcher-37.jpg\",\"sizes\":{\"thumb\":\"https:\\\/\\\/www.melanie-melcher.de\\\/wp-content\\\/grand-media\\\/image\\\/thumb\\\/Babybauchfotografin_-_Melanie_Melcher-37.jpg\",\"full\":\"https:\\\/\\\/www.melanie-melcher.de\\\/wp-content\\\/grand-media\\\/image\\\/Babybauchfotografin_-_Melanie_Melcher-37.jpg\"},\"title\":\"Babybauchfotografin - Melanie Melcher-37\",\"alt\":\"Babybauchfotografin - Melanie Melcher-37\",\"caption\":\"\",\"url\":\"\",\"post_link\":\"https:\\\/\\\/www.melanie-melcher.de\\\/index.php\\\/gmedia\\\/babybauchfotografin_-_melanie_melcher-37-jpg\\\/\",\"cc\":0,\"views\":8,\"likes\":0,\"width\":533,\"height\":800},{\"id\":\"1897\",\"type\":\"image\",\"ext\":\"jpg\",\"src\":\"\\\/image\\\/Babybauchfotografin_-_Melanie_Melcher-61_1.jpg\",\"sizes\":{\"thumb\":\"https:\\\/\\\/www.melanie-melcher.de\\\/wp-content\\\/grand-media\\\/image\\\/thumb\\\/Babybauchfotografin_-_Melanie_Melcher-61_1.jpg\",\"full\":\"https:\\\/\\\/www.melanie-melcher.de\\\/wp-content\\\/grand-media\\\/image\\\/Babybauchfotografin_-_Melanie_Melcher-61_1.jpg\"},\"title\":\"Babybauchfotografin - Melanie Melcher-61\",\"alt\":\"Babybauchfotografin - Melanie Melcher-61\",\"caption\":\"\",\"url\":\"\",\"post_link\":\"https:\\\/\\\/www.melanie-melcher.de\\\/index.php\\\/gmedia\\\/babybauchfotografin_-_melanie_melcher-61_1-jpg\\\/\",\"cc\":0,\"views\":2,\"likes\":0,\"width\":533,\"height\":800},{\"id\":\"1902\",\"type\":\"image\",\"ext\":\"jpg\",\"src\":\"\\\/image\\\/Babybauchfotografin_-_Melanie_Melcher-71.jpg\",\"sizes\":{\"thumb\":\"https:\\\/\\\/www.melanie-melcher.de\\\/wp-content\\\/grand-media\\\/image\\\/thumb\\\/Babybauchfotografin_-_Melanie_Melcher-71.jpg\",\"full\":\"https:\\\/\\\/www.melanie-melcher.de\\\/wp-content\\\/grand-media\\\/image\\\/Babybauchfotografin_-_Melanie_Melcher-71.jpg\"},\"title\":\"Babybauchfotografin - Melanie Melcher-71\",\"alt\":\"Babybauchfotografin - Melanie Melcher-71\",\"caption\":\"\",\"url\":\"\",\"post_link\":\"https:\\\/\\\/www.melanie-melcher.de\\\/index.php\\\/gmedia\\\/babybauchfotografin_-_melanie_melcher-71-jpg\\\/\",\"cc\":0,\"views\":7,\"likes\":0,\"width\":800,\"height\":533},{\"id\":\"1912\",\"type\":\"image\",\"ext\":\"jpg\",\"src\":\"\\\/image\\\/Babybauchfotografin_-_Melanie_Melcher-89.jpg\",\"sizes\":{\"thumb\":\"https:\\\/\\\/www.melanie-melcher.de\\\/wp-content\\\/grand-media\\\/image\\\/thumb\\\/Babybauchfotografin_-_Melanie_Melcher-89.jpg\",\"full\":\"https:\\\/\\\/www.melanie-melcher.de\\\/wp-content\\\/grand-media\\\/image\\\/Babybauchfotografin_-_Melanie_Melcher-89.jpg\"},\"title\":\"Babybauchfotografin - Melanie Melcher-89\",\"alt\":\"Babybauchfotografin - Melanie Melcher-89\",\"caption\":\"\",\"url\":\"\",\"post_link\":\"https:\\\/\\\/www.melanie-melcher.de\\\/index.php\\\/gmedia\\\/babybauchfotografin_-_melanie_melcher-89-jpg\\\/\",\"cc\":0,\"views\":6,\"likes\":0,\"width\":800,\"height\":533},{\"id\":\"1892\",\"type\":\"image\",\"ext\":\"jpg\",\"src\":\"\\\/image\\\/Babybauchfotografin_-_Melanie_Melcher-51.jpg\",\"sizes\":{\"thumb\":\"https:\\\/\\\/www.melanie-melcher.de\\\/wp-content\\\/grand-media\\\/image\\\/thumb\\\/Babybauchfotografin_-_Melanie_Melcher-51.jpg\",\"full\":\"https:\\\/\\\/www.melanie-melcher.de\\\/wp-content\\\/grand-media\\\/image\\\/Babybauchfotografin_-_Melanie_Melcher-51.jpg\"},\"title\":\"Babybauchfotografin - Melanie Melcher-51\",\"alt\":\"Babybauchfotografin - Melanie Melcher-51\",\"caption\":\"\",\"url\":\"\",\"post_link\":\"https:\\\/\\\/www.melanie-melcher.de\\\/index.php\\\/gmedia\\\/babybauchfotografin_-_melanie_melcher-51-jpg\\\/\",\"cc\":0,\"views\":4,\"likes\":0,\"width\":800,\"height\":533},{\"id\":\"1876\",\"type\":\"image\",\"ext\":\"jpg\",\"src\":\"\\\/image\\\/Babybauchfotografin_-_Melanie_Melcher-3.jpg\",\"sizes\":{\"thumb\":\"https:\\\/\\\/www.melanie-melcher.de\\\/wp-content\\\/grand-media\\\/image\\\/thumb\\\/Babybauchfotografin_-_Melanie_Melcher-3.jpg\",\"full\":\"https:\\\/\\\/www.melanie-melcher.de\\\/wp-content\\\/grand-media\\\/image\\\/Babybauchfotografin_-_Melanie_Melcher-3.jpg\"},\"title\":\"Babybauchfotografin - Melanie Melcher-3\",\"alt\":\"Babybauchfotografin - Melanie Melcher-3\",\"caption\":\"\",\"url\":\"\",\"post_link\":\"https:\\\/\\\/www.melanie-melcher.de\\\/index.php\\\/gmedia\\\/babybauchfotografin_-_melanie_melcher-3-jpg\\\/\",\"cc\":0,\"views\":6,\"likes\":0,\"width\":800,\"height\":533},{\"id\":\"1899\",\"type\":\"image\",\"ext\":\"jpg\",\"src\":\"\\\/image\\\/Babybauchfotografin_-_Melanie_Melcher-63_1.jpg\",\"sizes\":{\"thumb\":\"https:\\\/\\\/www.melanie-melcher.de\\\/wp-content\\\/grand-media\\\/image\\\/thumb\\\/Babybauchfotografin_-_Melanie_Melcher-63_1.jpg\",\"full\":\"https:\\\/\\\/www.melanie-melcher.de\\\/wp-content\\\/grand-media\\\/image\\\/Babybauchfotografin_-_Melanie_Melcher-63_1.jpg\"},\"title\":\"Babybauchfotografin - Melanie Melcher-63\",\"alt\":\"Babybauchfotografin - Melanie Melcher-63\",\"caption\":\"\",\"url\":\"\",\"post_link\":\"https:\\\/\\\/www.melanie-melcher.de\\\/index.php\\\/gmedia\\\/babybauchfotografin_-_melanie_melcher-63_1-jpg\\\/\",\"cc\":0,\"views\":6,\"likes\":0,\"width\":800,\"height\":533},{\"id\":\"1884\",\"type\":\"image\",\"ext\":\"jpg\",\"src\":\"\\\/image\\\/Babybauchfotografin_-_Melanie_Melcher-24.jpg\",\"sizes\":{\"thumb\":\"https:\\\/\\\/www.melanie-melcher.de\\\/wp-content\\\/grand-media\\\/image\\\/thumb\\\/Babybauchfotografin_-_Melanie_Melcher-24.jpg\",\"full\":\"https:\\\/\\\/www.melanie-melcher.de\\\/wp-content\\\/grand-media\\\/image\\\/Babybauchfotografin_-_Melanie_Melcher-24.jpg\"},\"title\":\"Babybauchfotografin - Melanie Melcher-24\",\"alt\":\"Babybauchfotografin - Melanie Melcher-24\",\"caption\":\"\",\"url\":\"\",\"post_link\":\"https:\\\/\\\/www.melanie-melcher.de\\\/index.php\\\/gmedia\\\/babybauchfotografin_-_melanie_melcher-24-jpg\\\/\",\"cc\":0,\"views\":4,\"likes\":0,\"width\":800,\"height\":533},{\"id\":\"1877\",\"type\":\"image\",\"ext\":\"jpg\",\"src\":\"\\\/image\\\/Babybauchfotografin_-_Melanie_Melcher-4_1.jpg\",\"sizes\":{\"thumb\":\"https:\\\/\\\/www.melanie-melcher.de\\\/wp-content\\\/grand-media\\\/image\\\/thumb\\\/Babybauchfotografin_-_Melanie_Melcher-4_1.jpg\",\"full\":\"https:\\\/\\\/www.melanie-melcher.de\\\/wp-content\\\/grand-media\\\/image\\\/Babybauchfotografin_-_Melanie_Melcher-4_1.jpg\"},\"title\":\"Babybauchfotografin - Melanie Melcher-4\",\"alt\":\"Babybauchfotografin - Melanie Melcher-4\",\"caption\":\"\",\"url\":\"\",\"post_link\":\"https:\\\/\\\/www.melanie-melcher.de\\\/index.php\\\/gmedia\\\/babybauchfotografin_-_melanie_melcher-4_1-jpg\\\/\",\"cc\":0,\"views\":4,\"likes\":0,\"width\":800,\"height\":533},{\"id\":\"1879\",\"type\":\"image\",\"ext\":\"jpg\",\"src\":\"\\\/image\\\/Babybauchfotografin_-_Melanie_Melcher-7.jpg\",\"sizes\":{\"thumb\":\"https:\\\/\\\/www.melanie-melcher.de\\\/wp-content\\\/grand-media\\\/image\\\/thumb\\\/Babybauchfotografin_-_Melanie_Melcher-7.jpg\",\"full\":\"https:\\\/\\\/www.melanie-melcher.de\\\/wp-content\\\/grand-media\\\/image\\\/Babybauchfotografin_-_Melanie_Melcher-7.jpg\"},\"title\":\"Babybauchfotografin - Melanie Melcher-7\",\"alt\":\"Babybauchfotografin - Melanie Melcher-7\",\"caption\":\"\",\"url\":\"\",\"post_link\":\"https:\\\/\\\/www.melanie-melcher.de\\\/index.php\\\/gmedia\\\/babybauchfotografin_-_melanie_melcher-7-jpg\\\/\",\"cc\":0,\"views\":5,\"likes\":0,\"width\":533,\"height\":800},{\"id\":\"1878\",\"type\":\"image\",\"ext\":\"jpg\",\"src\":\"\\\/image\\\/Babybauchfotografin_-_Melanie_Melcher-6_1.jpg\",\"sizes\":{\"thumb\":\"https:\\\/\\\/www.melanie-melcher.de\\\/wp-content\\\/grand-media\\\/image\\\/thumb\\\/Babybauchfotografin_-_Melanie_Melcher-6_1.jpg\",\"full\":\"https:\\\/\\\/www.melanie-melcher.de\\\/wp-content\\\/grand-media\\\/image\\\/Babybauchfotografin_-_Melanie_Melcher-6_1.jpg\"},\"title\":\"Babybauchfotografin - Melanie Melcher-6\",\"alt\":\"Babybauchfotografin - Melanie Melcher-6\",\"caption\":\"\",\"url\":\"\",\"post_link\":\"https:\\\/\\\/www.melanie-melcher.de\\\/index.php\\\/gmedia\\\/babybauchfotografin_-_melanie_melcher-6_1-jpg\\\/\",\"cc\":0,\"views\":8,\"likes\":0,\"width\":533,\"height\":800},{\"id\":\"1906\",\"type\":\"image\",\"ext\":\"jpg\",\"src\":\"\\\/image\\\/Babybauchfotografin_-_Melanie_Melcher-78.jpg\",\"sizes\":{\"thumb\":\"https:\\\/\\\/www.melanie-melcher.de\\\/wp-content\\\/grand-media\\\/image\\\/thumb\\\/Babybauchfotografin_-_Melanie_Melcher-78.jpg\",\"full\":\"https:\\\/\\\/www.melanie-melcher.de\\\/wp-content\\\/grand-media\\\/image\\\/Babybauchfotografin_-_Melanie_Melcher-78.jpg\"},\"title\":\"Babybauchfotografin - Melanie Melcher-78\",\"alt\":\"Babybauchfotografin - Melanie Melcher-78\",\"caption\":\"\",\"url\":\"\",\"post_link\":\"https:\\\/\\\/www.melanie-melcher.de\\\/index.php\\\/gmedia\\\/babybauchfotografin_-_melanie_melcher-78-jpg\\\/\",\"cc\":0,\"views\":5,\"likes\":0,\"width\":800,\"height\":533},{\"id\":\"1910\",\"type\":\"image\",\"ext\":\"jpg\",\"src\":\"\\\/image\\\/Babybauchfotografin_-_Melanie_Melcher-86_1.jpg\",\"sizes\":{\"thumb\":\"https:\\\/\\\/www.melanie-melcher.de\\\/wp-content\\\/grand-media\\\/image\\\/thumb\\\/Babybauchfotografin_-_Melanie_Melcher-86_1.jpg\",\"full\":\"https:\\\/\\\/www.melanie-melcher.de\\\/wp-content\\\/grand-media\\\/image\\\/Babybauchfotografin_-_Melanie_Melcher-86_1.jpg\"},\"title\":\"Babybauchfotografin - Melanie Melcher-86\",\"alt\":\"Babybauchfotografin - Melanie Melcher-86\",\"caption\":\"\",\"url\":\"\",\"post_link\":\"https:\\\/\\\/www.melanie-melcher.de\\\/index.php\\\/gmedia\\\/babybauchfotografin_-_melanie_melcher-86_1-jpg\\\/\",\"cc\":0,\"views\":4,\"likes\":0,\"width\":800,\"height\":533},{\"id\":\"1896\",\"type\":\"image\",\"ext\":\"jpg\",\"src\":\"\\\/image\\\/Babybauchfotografin_-_Melanie_Melcher-59.jpg\",\"sizes\":{\"thumb\":\"https:\\\/\\\/www.melanie-melcher.de\\\/wp-content\\\/grand-media\\\/image\\\/thumb\\\/Babybauchfotografin_-_Melanie_Melcher-59.jpg\",\"full\":\"https:\\\/\\\/www.melanie-melcher.de\\\/wp-content\\\/grand-media\\\/image\\\/Babybauchfotografin_-_Melanie_Melcher-59.jpg\"},\"title\":\"Babybauchfotografin - Melanie Melcher-59\",\"alt\":\"Babybauchfotografin - Melanie Melcher-59\",\"caption\":\"\",\"url\":\"\",\"post_link\":\"https:\\\/\\\/www.melanie-melcher.de\\\/index.php\\\/gmedia\\\/babybauchfotografin_-_melanie_melcher-59-jpg\\\/\",\"cc\":0,\"views\":3,\"likes\":0,\"width\":800,\"height\":533},{\"id\":\"1891\",\"type\":\"image\",\"ext\":\"jpg\",\"src\":\"\\\/image\\\/Babybauchfotografin_-_Melanie_Melcher-45.jpg\",\"sizes\":{\"thumb\":\"https:\\\/\\\/www.melanie-melcher.de\\\/wp-content\\\/grand-media\\\/image\\\/thumb\\\/Babybauchfotografin_-_Melanie_Melcher-45.jpg\",\"full\":\"https:\\\/\\\/www.melanie-melcher.de\\\/wp-content\\\/grand-media\\\/image\\\/Babybauchfotografin_-_Melanie_Melcher-45.jpg\"},\"title\":\"Babybauchfotografin - Melanie Melcher-45\",\"alt\":\"Babybauchfotografin - Melanie Melcher-45\",\"caption\":\"\",\"url\":\"\",\"post_link\":\"https:\\\/\\\/www.melanie-melcher.de\\\/index.php\\\/gmedia\\\/babybauchfotografin_-_melanie_melcher-45-jpg\\\/\",\"cc\":0,\"views\":5,\"likes\":0,\"width\":800,\"height\":533}];\n\t\t\t\t\tsettings.gallery = gmedia_mosaic_content;\n\t\t\t\t\t$( '#GmediaGallery_87 .gmMosaic_Container' ).gmediaMosaic( settings );\n\t\t\t\t} );\n\t\t\t} );\n\t<\/script>\t<\/div>\n<h3>F\u00fcr weitere Babybauchbilder schaut <a href=\"http:\/\/www.melanie-melcher.de\/index.php\/galerien-3\/\" target=\"_blank\" rel=\"noopener\">hier<\/a> oder in meinen <a href=\"http:\/\/www.melanie-melcher.de\/index.php\/category\/belly\/\" target=\"_blank\" rel=\"noopener\">Blog<\/a>.<\/h3>\n","protected":false},"excerpt":{"rendered":"<p>\u201eFamilie &#8211; wo Leben beginnt und Liebe niemals endet\u201c Vor einiger Zeit traf ich mich mit dieser zauberhaften Familie zum Babybauchshooting im Landschaftspark in Duisburg. Wer mich kennt wei\u00df: Der Landschaftspark z\u00e4hlt zu meinen liebsten Fotolocations hier im Umkreis. Als waschechtes Duisburger Pottkind, bin ich immer fasziniert, wenn ich mit der Kamera in der Hand [&hellip;]<\/p>\n","protected":false},"author":1,"featured_media":2988,"comment_status":"closed","ping_status":"open","sticky":false,"template":"","format":"standard","meta":{"footnotes":""},"categories":[8],"tags":[],"class_list":["post-2946","post","type-post","status-publish","format-standard","has-post-thumbnail","hentry","category-belly"],"_links":{"self":[{"href":"https:\/\/www.melanie-melcher.de\/index.php\/wp-json\/wp\/v2\/posts\/2946","targetHints":{"allow":["GET"]}}],"collection":[{"href":"https:\/\/www.melanie-melcher.de\/index.php\/wp-json\/wp\/v2\/posts"}],"about":[{"href":"https:\/\/www.melanie-melcher.de\/index.php\/wp-json\/wp\/v2\/types\/post"}],"author":[{"embeddable":true,"href":"https:\/\/www.melanie-melcher.de\/index.php\/wp-json\/wp\/v2\/users\/1"}],"replies":[{"embeddable":true,"href":"https:\/\/www.melanie-melcher.de\/index.php\/wp-json\/wp\/v2\/comments?post=2946"}],"version-history":[{"count":4,"href":"https:\/\/www.melanie-melcher.de\/index.php\/wp-json\/wp\/v2\/posts\/2946\/revisions"}],"predecessor-version":[{"id":3901,"href":"https:\/\/www.melanie-melcher.de\/index.php\/wp-json\/wp\/v2\/posts\/2946\/revisions\/3901"}],"wp:featuredmedia":[{"embeddable":true,"href":"https:\/\/www.melanie-melcher.de\/index.php\/wp-json\/wp\/v2\/media\/2988"}],"wp:attachment":[{"href":"https:\/\/www.melanie-melcher.de\/index.php\/wp-json\/wp\/v2\/media?parent=2946"}],"wp:term":[{"taxonomy":"category","embeddable":true,"href":"https:\/\/www.melanie-melcher.de\/index.php\/wp-json\/wp\/v2\/categories?post=2946"},{"taxonomy":"post_tag","embeddable":true,"href":"https:\/\/www.melanie-melcher.de\/index.php\/wp-json\/wp\/v2\/tags?post=2946"}],"curies":[{"name":"wp","href":"https:\/\/api.w.org\/{rel}","templated":true}]}}