{"id":3092,"date":"2016-08-21T12:05:10","date_gmt":"2016-08-21T10:05:10","guid":{"rendered":"http:\/\/www.melanie-melcher.de\/?p=3092"},"modified":"2021-02-01T10:18:40","modified_gmt":"2021-02-01T09:18:40","slug":"hochzeit-in-essen","status":"publish","type":"post","link":"https:\/\/www.melanie-melcher.de\/index.php\/2016\/08\/21\/hochzeit-in-essen\/","title":{"rendered":"Jacky &#038; Martin &#8211; eine Hochzeit in Essen"},"content":{"rendered":"<div>\u201eDer Liebe zu begegnen, ohne sie zu suchen, ist der einzige Weg, sie zu finden!\u201c &#8211; oder: die Hochzeit von Jacky und Martin<\/div>\n<div><\/div>\n<div>Im letzten Jahr begleitet ich die wundervolle Hochzeit von <a href=\"http:\/\/www.melanie-melcher.de\/index.php\/2015\/10\/04\/ruhrpotthochzeit-von-anka-dennis-im-heiners-in-gelsenkirchen\/\">Anka und Dennis<\/a>. Und dort &#8211; genau auf dieser Wahnsinns-Hochzeit &#8211; traf ich auf Jacky &amp; Martin. Kurze Zeit sp\u00e4ter trafen wir uns in meinem kleinen Fotostudio im Duisburger Westen um \u00fcber deren Hochzeitspl\u00e4ne zu sprechen. Die Vorfreude in mir stieg auf, als die W\u00f6rter Zeche Zollverein fielen. Ich liebe diese Location mit all ihren Facetten und dass die beiden diese f\u00fcr ihr Brautpaarshooting ausw\u00e4hlten freute mich sehr.<\/div>\n<div>Im Juli war es dann soweit. Zur vereinbarten Zeit traf ich an der festlich geschm\u00fcckten St. Elisabeth Kirche in Essen ein.<\/div>\n<div>Martin wartete bereits mit seinem Trauzeugen und nach und nach trafen die G\u00e4ste ein. Auch die Braut konnte es kaum erwarten und stieg \u00fcberp\u00fcnktlich aus Papas Auto aus.<\/div>\n<div>Der Gottesdienst war sehr pers\u00f6nlich und durch die Lieder einer tollen S\u00e4ngerin wunderbar emotional.<\/div>\n<div>Nach dem Auszug freute ich mich auf ein Wiedersehen mit Anka und Dennis &#8211; ein Brautpaar, welches zu den Besonderen in meinem Fotografenleben geh\u00f6rt.<\/div>\n<div>Es wurde flei\u00dfig gratuliert und geknuddelt bevor wir die Zeit f\u00fcr allerlei Gruppenbilder und Familienfotos nutzten.<\/div>\n<div>Im Anschluss fuhr ich mit den beiden zur Zeche. Hier konnten beide durchatmen und mit ganz viel kuscheln und knutschen wundersch\u00f6ne Bilder entstehen lassen. Aber auch den Spa\u00df lie\u00dfen wir uns nicht nehmen und flapsten herum.<\/div>\n<div>In der vergangenen Woche kamen die beiden zu mir um ihre Bilder abzuholen. Es freut mich immer besonders, wenn ich die Gesichter bei der Ansicht der Bilder sehen kann &#8211; und wenn ich den beiden glauben darf, hab ich den Geschmack getroffen \ud83d\ude42<\/div>\n<div>Nun geht es an die Gestaltung eines individuellen Digitalalbums, ihr d\u00fcrft gespannt sein.<\/div>\n<div><\/div>\n<div>Ihr beiden, ich danke euch, dass ihr mir euren grossen Tag anvertraut habt. Es hat irre viel Spa\u00df gemacht mit euch zu arbeiten und ich freue mich, so tolle Menschen wie euch kennengelernt zu haben.<\/div>\n<div><div class=\"gmedia_gallery mosaic_module is_bot\" id=\"GmediaGallery_89\" data-gmid=\"89\" data-module=\"mosaic\"><style class='gmedia_module_style_import'>@import url('https:\/\/www.melanie-melcher.de\/wp-content\/grand-media\/module\/mosaic\/css\/mosaic.css?v=2.16') all;<\/style>\t<div class=\"gmMosaic_Container noLightbox\" data-gmid=\"89\">\t\t<noscript><a href='https:\/\/www.melanie-melcher.de\/wp-content\/grand-media\/image\/Hochzeitsfotografin_-_Melanie_Melcher-15_1.jpg'><img class=\"noLazy\" src='https:\/\/www.melanie-melcher.de\/wp-content\/grand-media\/image\/thumb\/Hochzeitsfotografin_-_Melanie_Melcher-15_1.jpg' alt='Hochzeitsfotografin - Melanie Melcher-15' \/><\/a><a href='https:\/\/www.melanie-melcher.de\/wp-content\/grand-media\/image\/Hochzeitsfotografin_-_Melanie_Melcher-232_1.jpg'><img class=\"noLazy\" src='https:\/\/www.melanie-melcher.de\/wp-content\/grand-media\/image\/thumb\/Hochzeitsfotografin_-_Melanie_Melcher-232_1.jpg' alt='Hochzeitsfotografin - Melanie Melcher-232' \/><\/a><a href='https:\/\/www.melanie-melcher.de\/wp-content\/grand-media\/image\/Hochzeitsfotografin_-_Melanie_Melcher-157_1.jpg'><img class=\"noLazy\" src='https:\/\/www.melanie-melcher.de\/wp-content\/grand-media\/image\/thumb\/Hochzeitsfotografin_-_Melanie_Melcher-157_1.jpg' alt='Hochzeitsfotografin - Melanie Melcher-157' \/><\/a><a href='https:\/\/www.melanie-melcher.de\/wp-content\/grand-media\/image\/Hochzeitsfotografin_-_Melanie_Melcher-296.jpg'><img class=\"noLazy\" src='https:\/\/www.melanie-melcher.de\/wp-content\/grand-media\/image\/thumb\/Hochzeitsfotografin_-_Melanie_Melcher-296.jpg' alt='Hochzeitsfotografin - Melanie Melcher-296' \/><\/a><a href='https:\/\/www.melanie-melcher.de\/wp-content\/grand-media\/image\/Hochzeitsfotografin_-_Melanie_Melcher-135.jpg'><img class=\"noLazy\" src='https:\/\/www.melanie-melcher.de\/wp-content\/grand-media\/image\/thumb\/Hochzeitsfotografin_-_Melanie_Melcher-135.jpg' alt='Hochzeitsfotografin - Melanie Melcher-135' \/><\/a><a href='https:\/\/www.melanie-melcher.de\/wp-content\/grand-media\/image\/Hochzeitsfotografin_-_Melanie_Melcher-230_1.jpg'><img class=\"noLazy\" src='https:\/\/www.melanie-melcher.de\/wp-content\/grand-media\/image\/thumb\/Hochzeitsfotografin_-_Melanie_Melcher-230_1.jpg' alt='Hochzeitsfotografin - Melanie Melcher-230' \/><\/a><a href='https:\/\/www.melanie-melcher.de\/wp-content\/grand-media\/image\/Hochzeitsfotografin_-_Melanie_Melcher-5_5.jpg'><img class=\"noLazy\" src='https:\/\/www.melanie-melcher.de\/wp-content\/grand-media\/image\/thumb\/Hochzeitsfotografin_-_Melanie_Melcher-5_5.jpg' alt='Hochzeitsfotografin - Melanie Melcher-5' \/><\/a><a href='https:\/\/www.melanie-melcher.de\/wp-content\/grand-media\/image\/Hochzeitsfotografin_-_Melanie_Melcher-305.jpg'><img class=\"noLazy\" src='https:\/\/www.melanie-melcher.de\/wp-content\/grand-media\/image\/thumb\/Hochzeitsfotografin_-_Melanie_Melcher-305.jpg' alt='Hochzeitsfotografin - Melanie Melcher-305' \/><\/a><a href='https:\/\/www.melanie-melcher.de\/wp-content\/grand-media\/image\/Hochzeitsfotografin_-_Melanie_Melcher-262_1.jpg'><img class=\"noLazy\" src='https:\/\/www.melanie-melcher.de\/wp-content\/grand-media\/image\/thumb\/Hochzeitsfotografin_-_Melanie_Melcher-262_1.jpg' alt='Hochzeitsfotografin - Melanie Melcher-262' \/><\/a><a href='https:\/\/www.melanie-melcher.de\/wp-content\/grand-media\/image\/Hochzeitsfotografin_-_Melanie_Melcher-140.jpg'><img class=\"noLazy\" src='https:\/\/www.melanie-melcher.de\/wp-content\/grand-media\/image\/thumb\/Hochzeitsfotografin_-_Melanie_Melcher-140.jpg' alt='Hochzeitsfotografin - Melanie Melcher-140' \/><\/a><a href='https:\/\/www.melanie-melcher.de\/wp-content\/grand-media\/image\/Hochzeitsfotografin_-_Melanie_Melcher-95_3.jpg'><img class=\"noLazy\" src='https:\/\/www.melanie-melcher.de\/wp-content\/grand-media\/image\/thumb\/Hochzeitsfotografin_-_Melanie_Melcher-95_3.jpg' alt='Hochzeitsfotografin - Melanie Melcher-95' \/><\/a><a href='https:\/\/www.melanie-melcher.de\/wp-content\/grand-media\/image\/Hochzeitsfotografin_-_Melanie_Melcher-34_5.jpg'><img class=\"noLazy\" src='https:\/\/www.melanie-melcher.de\/wp-content\/grand-media\/image\/thumb\/Hochzeitsfotografin_-_Melanie_Melcher-34_5.jpg' alt='Hochzeitsfotografin - Melanie Melcher-34' \/><\/a><a href='https:\/\/www.melanie-melcher.de\/wp-content\/grand-media\/image\/Hochzeitsfotografin_-_Melanie_Melcher-244.jpg'><img class=\"noLazy\" src='https:\/\/www.melanie-melcher.de\/wp-content\/grand-media\/image\/thumb\/Hochzeitsfotografin_-_Melanie_Melcher-244.jpg' alt='Hochzeitsfotografin - Melanie Melcher-244' \/><\/a><a href='https:\/\/www.melanie-melcher.de\/wp-content\/grand-media\/image\/Hochzeitsfotografin_-_Melanie_Melcher-319.jpg'><img class=\"noLazy\" src='https:\/\/www.melanie-melcher.de\/wp-content\/grand-media\/image\/thumb\/Hochzeitsfotografin_-_Melanie_Melcher-319.jpg' alt='Hochzeitsfotografin - Melanie Melcher-319' \/><\/a><a href='https:\/\/www.melanie-melcher.de\/wp-content\/grand-media\/image\/Hochzeitsfotografin_-_Melanie_Melcher-3_2.jpg'><img class=\"noLazy\" src='https:\/\/www.melanie-melcher.de\/wp-content\/grand-media\/image\/thumb\/Hochzeitsfotografin_-_Melanie_Melcher-3_2.jpg' alt='Hochzeitsfotografin - Melanie Melcher-3' \/><\/a><a href='https:\/\/www.melanie-melcher.de\/wp-content\/grand-media\/image\/Hochzeitsfotografin_-_Melanie_Melcher-280.jpg'><img class=\"noLazy\" src='https:\/\/www.melanie-melcher.de\/wp-content\/grand-media\/image\/thumb\/Hochzeitsfotografin_-_Melanie_Melcher-280.jpg' alt='Hochzeitsfotografin - Melanie Melcher-280' \/><\/a><a href='https:\/\/www.melanie-melcher.de\/wp-content\/grand-media\/image\/Hochzeitsfotografin_-_Melanie_Melcher-242.jpg'><img class=\"noLazy\" src='https:\/\/www.melanie-melcher.de\/wp-content\/grand-media\/image\/thumb\/Hochzeitsfotografin_-_Melanie_Melcher-242.jpg' alt='Hochzeitsfotografin - Melanie Melcher-242' \/><\/a><a href='https:\/\/www.melanie-melcher.de\/wp-content\/grand-media\/image\/Hochzeitsfotografin_-_Melanie_Melcher-58_3.jpg'><img class=\"noLazy\" src='https:\/\/www.melanie-melcher.de\/wp-content\/grand-media\/image\/thumb\/Hochzeitsfotografin_-_Melanie_Melcher-58_3.jpg' alt='Hochzeitsfotografin - Melanie Melcher-58' \/><\/a><a href='https:\/\/www.melanie-melcher.de\/wp-content\/grand-media\/image\/Hochzeitsfotografin_-_Melanie_Melcher-116_1.jpg'><img class=\"noLazy\" src='https:\/\/www.melanie-melcher.de\/wp-content\/grand-media\/image\/thumb\/Hochzeitsfotografin_-_Melanie_Melcher-116_1.jpg' alt='Hochzeitsfotografin - Melanie Melcher-116' \/><\/a><a href='https:\/\/www.melanie-melcher.de\/wp-content\/grand-media\/image\/Hochzeitsfotografin_-_Melanie_Melcher-192.jpg'><img class=\"noLazy\" src='https:\/\/www.melanie-melcher.de\/wp-content\/grand-media\/image\/thumb\/Hochzeitsfotografin_-_Melanie_Melcher-192.jpg' alt='Hochzeitsfotografin - Melanie Melcher-192' \/><\/a><a href='https:\/\/www.melanie-melcher.de\/wp-content\/grand-media\/image\/Hochzeitsfotografin_-_Melanie_Melcher-57_2.jpg'><img class=\"noLazy\" src='https:\/\/www.melanie-melcher.de\/wp-content\/grand-media\/image\/thumb\/Hochzeitsfotografin_-_Melanie_Melcher-57_2.jpg' alt='Hochzeitsfotografin - Melanie Melcher-57' \/><\/a><a href='https:\/\/www.melanie-melcher.de\/wp-content\/grand-media\/image\/Hochzeitsfotografin_-_Melanie_Melcher-297.jpg'><img class=\"noLazy\" src='https:\/\/www.melanie-melcher.de\/wp-content\/grand-media\/image\/thumb\/Hochzeitsfotografin_-_Melanie_Melcher-297.jpg' alt='Hochzeitsfotografin - Melanie Melcher-297' \/><\/a><a href='https:\/\/www.melanie-melcher.de\/wp-content\/grand-media\/image\/Hochzeitsfotografin_-_Melanie_Melcher-324.jpg'><img class=\"noLazy\" src='https:\/\/www.melanie-melcher.de\/wp-content\/grand-media\/image\/thumb\/Hochzeitsfotografin_-_Melanie_Melcher-324.jpg' alt='Hochzeitsfotografin - Melanie Melcher-324' \/><\/a><a href='https:\/\/www.melanie-melcher.de\/wp-content\/grand-media\/image\/Hochzeitsfotografin_-_Melanie_Melcher-267.jpg'><img class=\"noLazy\" src='https:\/\/www.melanie-melcher.de\/wp-content\/grand-media\/image\/thumb\/Hochzeitsfotografin_-_Melanie_Melcher-267.jpg' alt='Hochzeitsfotografin - Melanie Melcher-267' \/><\/a><a href='https:\/\/www.melanie-melcher.de\/wp-content\/grand-media\/image\/Hochzeitsfotografin_-_Melanie_Melcher-311.jpg'><img class=\"noLazy\" src='https:\/\/www.melanie-melcher.de\/wp-content\/grand-media\/image\/thumb\/Hochzeitsfotografin_-_Melanie_Melcher-311.jpg' alt='Hochzeitsfotografin - Melanie Melcher-311' \/><\/a><a href='https:\/\/www.melanie-melcher.de\/wp-content\/grand-media\/image\/Hochzeitsfotografin_-_Melanie_Melcher-191.jpg'><img class=\"noLazy\" src='https:\/\/www.melanie-melcher.de\/wp-content\/grand-media\/image\/thumb\/Hochzeitsfotografin_-_Melanie_Melcher-191.jpg' alt='Hochzeitsfotografin - Melanie Melcher-191' \/><\/a><a href='https:\/\/www.melanie-melcher.de\/wp-content\/grand-media\/image\/Hochzeitsfotografin_-_Melanie_Melcher-136.jpg'><img class=\"noLazy\" src='https:\/\/www.melanie-melcher.de\/wp-content\/grand-media\/image\/thumb\/Hochzeitsfotografin_-_Melanie_Melcher-136.jpg' alt='Hochzeitsfotografin - Melanie Melcher-136' \/><\/a><a href='https:\/\/www.melanie-melcher.de\/wp-content\/grand-media\/image\/Hochzeitsfotografin_-_Melanie_Melcher-203.jpg'><img class=\"noLazy\" src='https:\/\/www.melanie-melcher.de\/wp-content\/grand-media\/image\/thumb\/Hochzeitsfotografin_-_Melanie_Melcher-203.jpg' alt='Hochzeitsfotografin - Melanie Melcher-203' \/><\/a><a href='https:\/\/www.melanie-melcher.de\/wp-content\/grand-media\/image\/Hochzeitsfotografin_-_Melanie_Melcher-117.jpg'><img class=\"noLazy\" src='https:\/\/www.melanie-melcher.de\/wp-content\/grand-media\/image\/thumb\/Hochzeitsfotografin_-_Melanie_Melcher-117.jpg' alt='Hochzeitsfotografin - Melanie Melcher-117' \/><\/a><a href='https:\/\/www.melanie-melcher.de\/wp-content\/grand-media\/image\/Hochzeitsfotografin_-_Melanie_Melcher-39_4.jpg'><img class=\"noLazy\" src='https:\/\/www.melanie-melcher.de\/wp-content\/grand-media\/image\/thumb\/Hochzeitsfotografin_-_Melanie_Melcher-39_4.jpg' alt='Hochzeitsfotografin - Melanie Melcher-39' \/><\/a><a href='https:\/\/www.melanie-melcher.de\/wp-content\/grand-media\/image\/Hochzeitsfotografin_-_Melanie_Melcher-62_2.jpg'><img class=\"noLazy\" src='https:\/\/www.melanie-melcher.de\/wp-content\/grand-media\/image\/thumb\/Hochzeitsfotografin_-_Melanie_Melcher-62_2.jpg' alt='Hochzeitsfotografin - Melanie Melcher-62' \/><\/a><a href='https:\/\/www.melanie-melcher.de\/wp-content\/grand-media\/image\/Hochzeitsfotografin_-_Melanie_Melcher-48_3.jpg'><img class=\"noLazy\" src='https:\/\/www.melanie-melcher.de\/wp-content\/grand-media\/image\/thumb\/Hochzeitsfotografin_-_Melanie_Melcher-48_3.jpg' alt='Hochzeitsfotografin - Melanie Melcher-48' \/><\/a><a href='https:\/\/www.melanie-melcher.de\/wp-content\/grand-media\/image\/Hochzeitsfotografin_-_Melanie_Melcher-273.jpg'><img class=\"noLazy\" src='https:\/\/www.melanie-melcher.de\/wp-content\/grand-media\/image\/thumb\/Hochzeitsfotografin_-_Melanie_Melcher-273.jpg' alt='Hochzeitsfotografin - Melanie Melcher-273' \/><\/a><a href='https:\/\/www.melanie-melcher.de\/wp-content\/grand-media\/image\/Hochzeitsfotografin_-_Melanie_Melcher-238.jpg'><img class=\"noLazy\" src='https:\/\/www.melanie-melcher.de\/wp-content\/grand-media\/image\/thumb\/Hochzeitsfotografin_-_Melanie_Melcher-238.jpg' alt='Hochzeitsfotografin - Melanie Melcher-238' \/><\/a><a href='https:\/\/www.melanie-melcher.de\/wp-content\/grand-media\/image\/Hochzeitsfotografin_-_Melanie_Melcher-102_1.jpg'><img class=\"noLazy\" src='https:\/\/www.melanie-melcher.de\/wp-content\/grand-media\/image\/thumb\/Hochzeitsfotografin_-_Melanie_Melcher-102_1.jpg' alt='Hochzeitsfotografin - Melanie Melcher-102' \/><\/a><a href='https:\/\/www.melanie-melcher.de\/wp-content\/grand-media\/image\/Hochzeitsfotografin_-_Melanie_Melcher-288.jpg'><img class=\"noLazy\" src='https:\/\/www.melanie-melcher.de\/wp-content\/grand-media\/image\/thumb\/Hochzeitsfotografin_-_Melanie_Melcher-288.jpg' alt='Hochzeitsfotografin - Melanie Melcher-288' \/><\/a><a href='https:\/\/www.melanie-melcher.de\/wp-content\/grand-media\/image\/Hochzeitsfotografin_-_Melanie_Melcher-318_1.jpg'><img class=\"noLazy\" src='https:\/\/www.melanie-melcher.de\/wp-content\/grand-media\/image\/thumb\/Hochzeitsfotografin_-_Melanie_Melcher-318_1.jpg' alt='Hochzeitsfotografin - Melanie Melcher-318' \/><\/a><a href='https:\/\/www.melanie-melcher.de\/wp-content\/grand-media\/image\/Hochzeitsfotografin_-_Melanie_Melcher-219.jpg'><img class=\"noLazy\" src='https:\/\/www.melanie-melcher.de\/wp-content\/grand-media\/image\/thumb\/Hochzeitsfotografin_-_Melanie_Melcher-219.jpg' alt='Hochzeitsfotografin - Melanie Melcher-219' \/><\/a><a href='https:\/\/www.melanie-melcher.de\/wp-content\/grand-media\/image\/Hochzeitsfotografin_-_Melanie_Melcher-327.jpg'><img class=\"noLazy\" src='https:\/\/www.melanie-melcher.de\/wp-content\/grand-media\/image\/thumb\/Hochzeitsfotografin_-_Melanie_Melcher-327.jpg' alt='Hochzeitsfotografin - Melanie Melcher-327' \/><\/a><a href='https:\/\/www.melanie-melcher.de\/wp-content\/grand-media\/image\/Hochzeitsfotografin_-_Melanie_Melcher-23_4.jpg'><img class=\"noLazy\" src='https:\/\/www.melanie-melcher.de\/wp-content\/grand-media\/image\/thumb\/Hochzeitsfotografin_-_Melanie_Melcher-23_4.jpg' alt='Hochzeitsfotografin - Melanie Melcher-23' \/><\/a><a href='https:\/\/www.melanie-melcher.de\/wp-content\/grand-media\/image\/Hochzeitsfotografin_-_Melanie_Melcher-328.jpg'><img class=\"noLazy\" src='https:\/\/www.melanie-melcher.de\/wp-content\/grand-media\/image\/thumb\/Hochzeitsfotografin_-_Melanie_Melcher-328.jpg' alt='Hochzeitsfotografin - Melanie Melcher-328' \/><\/a><a href='https:\/\/www.melanie-melcher.de\/wp-content\/grand-media\/image\/Hochzeitsfotografin_-_Melanie_Melcher-81_1.jpg'><img class=\"noLazy\" src='https:\/\/www.melanie-melcher.de\/wp-content\/grand-media\/image\/thumb\/Hochzeitsfotografin_-_Melanie_Melcher-81_1.jpg' alt='Hochzeitsfotografin - Melanie Melcher-81' \/><\/a><a href='https:\/\/www.melanie-melcher.de\/wp-content\/grand-media\/image\/Hochzeitsfotografin_-_Melanie_Melcher-147_1.jpg'><img class=\"noLazy\" src='https:\/\/www.melanie-melcher.de\/wp-content\/grand-media\/image\/thumb\/Hochzeitsfotografin_-_Melanie_Melcher-147_1.jpg' alt='Hochzeitsfotografin - Melanie Melcher-147' \/><\/a><a href='https:\/\/www.melanie-melcher.de\/wp-content\/grand-media\/image\/Hochzeitsfotografin_-_Melanie_Melcher-216_1.jpg'><img class=\"noLazy\" src='https:\/\/www.melanie-melcher.de\/wp-content\/grand-media\/image\/thumb\/Hochzeitsfotografin_-_Melanie_Melcher-216_1.jpg' alt='Hochzeitsfotografin - Melanie Melcher-216' \/><\/a><a href='https:\/\/www.melanie-melcher.de\/wp-content\/grand-media\/image\/Hochzeitsfotografin_-_Melanie_Melcher-246.jpg'><img class=\"noLazy\" src='https:\/\/www.melanie-melcher.de\/wp-content\/grand-media\/image\/thumb\/Hochzeitsfotografin_-_Melanie_Melcher-246.jpg' alt='Hochzeitsfotografin - Melanie Melcher-246' \/><\/a><a href='https:\/\/www.melanie-melcher.de\/wp-content\/grand-media\/image\/Hochzeitsfotografin_-_Melanie_Melcher-21_2.jpg'><img class=\"noLazy\" src='https:\/\/www.melanie-melcher.de\/wp-content\/grand-media\/image\/thumb\/Hochzeitsfotografin_-_Melanie_Melcher-21_2.jpg' alt='Hochzeitsfotografin - Melanie Melcher-21' \/><\/a><a href='https:\/\/www.melanie-melcher.de\/wp-content\/grand-media\/image\/Hochzeitsfotografin_-_Melanie_Melcher-310_1.jpg'><img class=\"noLazy\" src='https:\/\/www.melanie-melcher.de\/wp-content\/grand-media\/image\/thumb\/Hochzeitsfotografin_-_Melanie_Melcher-310_1.jpg' alt='Hochzeitsfotografin - Melanie Melcher-310' \/><\/a><a href='https:\/\/www.melanie-melcher.de\/wp-content\/grand-media\/image\/Hochzeitsfotografin_-_Melanie_Melcher-4_4.jpg'><img class=\"noLazy\" src='https:\/\/www.melanie-melcher.de\/wp-content\/grand-media\/image\/thumb\/Hochzeitsfotografin_-_Melanie_Melcher-4_4.jpg' alt='Hochzeitsfotografin - Melanie Melcher-4' \/><\/a><a href='https:\/\/www.melanie-melcher.de\/wp-content\/grand-media\/image\/Hochzeitsfotografin_-_Melanie_Melcher-338.jpg'><img class=\"noLazy\" src='https:\/\/www.melanie-melcher.de\/wp-content\/grand-media\/image\/thumb\/Hochzeitsfotografin_-_Melanie_Melcher-338.jpg' alt='Hochzeitsfotografin - Melanie Melcher-338' \/><\/a><a href='https:\/\/www.melanie-melcher.de\/wp-content\/grand-media\/image\/Hochzeitsfotografin_-_Melanie_Melcher-323.jpg'><img class=\"noLazy\" src='https:\/\/www.melanie-melcher.de\/wp-content\/grand-media\/image\/thumb\/Hochzeitsfotografin_-_Melanie_Melcher-323.jpg' alt='Hochzeitsfotografin - Melanie Melcher-323' \/><\/a><a href='https:\/\/www.melanie-melcher.de\/wp-content\/grand-media\/image\/Hochzeitsfotografin_-_Melanie_Melcher-171.jpg'><img class=\"noLazy\" src='https:\/\/www.melanie-melcher.de\/wp-content\/grand-media\/image\/thumb\/Hochzeitsfotografin_-_Melanie_Melcher-171.jpg' alt='Hochzeitsfotografin - Melanie Melcher-171' \/><\/a><a href='https:\/\/www.melanie-melcher.de\/wp-content\/grand-media\/image\/Hochzeitsfotografin_-_Melanie_Melcher-251.jpg'><img class=\"noLazy\" src='https:\/\/www.melanie-melcher.de\/wp-content\/grand-media\/image\/thumb\/Hochzeitsfotografin_-_Melanie_Melcher-251.jpg' alt='Hochzeitsfotografin - Melanie Melcher-251' \/><\/a><a href='https:\/\/www.melanie-melcher.de\/wp-content\/grand-media\/image\/Hochzeitsfotografin_-_Melanie_Melcher-115_1.jpg'><img class=\"noLazy\" src='https:\/\/www.melanie-melcher.de\/wp-content\/grand-media\/image\/thumb\/Hochzeitsfotografin_-_Melanie_Melcher-115_1.jpg' alt='Hochzeitsfotografin - Melanie Melcher-115' \/><\/a><a href='https:\/\/www.melanie-melcher.de\/wp-content\/grand-media\/image\/Hochzeitsfotografin_-_Melanie_Melcher-44_5.jpg'><img class=\"noLazy\" src='https:\/\/www.melanie-melcher.de\/wp-content\/grand-media\/image\/thumb\/Hochzeitsfotografin_-_Melanie_Melcher-44_5.jpg' alt='Hochzeitsfotografin - Melanie Melcher-44' \/><\/a><a href='https:\/\/www.melanie-melcher.de\/wp-content\/grand-media\/image\/Hochzeitsfotografin_-_Melanie_Melcher-181.jpg'><img class=\"noLazy\" src='https:\/\/www.melanie-melcher.de\/wp-content\/grand-media\/image\/thumb\/Hochzeitsfotografin_-_Melanie_Melcher-181.jpg' alt='Hochzeitsfotografin - Melanie Melcher-181' \/><\/a><a href='https:\/\/www.melanie-melcher.de\/wp-content\/grand-media\/image\/Hochzeitsfotografin_-_Melanie_Melcher-165_1.jpg'><img class=\"noLazy\" src='https:\/\/www.melanie-melcher.de\/wp-content\/grand-media\/image\/thumb\/Hochzeitsfotografin_-_Melanie_Melcher-165_1.jpg' alt='Hochzeitsfotografin - Melanie Melcher-165' \/><\/a><a href='https:\/\/www.melanie-melcher.de\/wp-content\/grand-media\/image\/Hochzeitsfotografin_-_Melanie_Melcher-121.jpg'><img class=\"noLazy\" src='https:\/\/www.melanie-melcher.de\/wp-content\/grand-media\/image\/thumb\/Hochzeitsfotografin_-_Melanie_Melcher-121.jpg' alt='Hochzeitsfotografin - Melanie Melcher-121' \/><\/a><a href='https:\/\/www.melanie-melcher.de\/wp-content\/grand-media\/image\/Hochzeitsfotografin_-_Melanie_Melcher-222.jpg'><img class=\"noLazy\" src='https:\/\/www.melanie-melcher.de\/wp-content\/grand-media\/image\/thumb\/Hochzeitsfotografin_-_Melanie_Melcher-222.jpg' alt='Hochzeitsfotografin - Melanie Melcher-222' \/><\/a><a href='https:\/\/www.melanie-melcher.de\/wp-content\/grand-media\/image\/Hochzeitsfotografin_-_Melanie_Melcher-111_1.jpg'><img class=\"noLazy\" src='https:\/\/www.melanie-melcher.de\/wp-content\/grand-media\/image\/thumb\/Hochzeitsfotografin_-_Melanie_Melcher-111_1.jpg' alt='Hochzeitsfotografin - Melanie Melcher-111' \/><\/a><a href='https:\/\/www.melanie-melcher.de\/wp-content\/grand-media\/image\/Hochzeitsfotografin_-_Melanie_Melcher-50_2.jpg'><img class=\"noLazy\" src='https:\/\/www.melanie-melcher.de\/wp-content\/grand-media\/image\/thumb\/Hochzeitsfotografin_-_Melanie_Melcher-50_2.jpg' alt='Hochzeitsfotografin - Melanie Melcher-50' \/><\/a><a href='https:\/\/www.melanie-melcher.de\/wp-content\/grand-media\/image\/Hochzeitsfotografin_-_Melanie_Melcher-25_2.jpg'><img class=\"noLazy\" src='https:\/\/www.melanie-melcher.de\/wp-content\/grand-media\/image\/thumb\/Hochzeitsfotografin_-_Melanie_Melcher-25_2.jpg' alt='Hochzeitsfotografin - Melanie Melcher-25' \/><\/a><a href='https:\/\/www.melanie-melcher.de\/wp-content\/grand-media\/image\/Hochzeitsfotografin_-_Melanie_Melcher-314.jpg'><img class=\"noLazy\" src='https:\/\/www.melanie-melcher.de\/wp-content\/grand-media\/image\/thumb\/Hochzeitsfotografin_-_Melanie_Melcher-314.jpg' alt='Hochzeitsfotografin - Melanie Melcher-314' \/><\/a><a href='https:\/\/www.melanie-melcher.de\/wp-content\/grand-media\/image\/Hochzeitsfotografin_-_Melanie_Melcher-88_3.jpg'><img class=\"noLazy\" src='https:\/\/www.melanie-melcher.de\/wp-content\/grand-media\/image\/thumb\/Hochzeitsfotografin_-_Melanie_Melcher-88_3.jpg' alt='Hochzeitsfotografin - Melanie Melcher-88' \/><\/a><a href='https:\/\/www.melanie-melcher.de\/wp-content\/grand-media\/image\/Hochzeitsfotografin_-_Melanie_Melcher-180.jpg'><img class=\"noLazy\" src='https:\/\/www.melanie-melcher.de\/wp-content\/grand-media\/image\/thumb\/Hochzeitsfotografin_-_Melanie_Melcher-180.jpg' alt='Hochzeitsfotografin - Melanie Melcher-180' \/><\/a><a href='https:\/\/www.melanie-melcher.de\/wp-content\/grand-media\/image\/Hochzeitsfotografin_-_Melanie_Melcher-214.jpg'><img class=\"noLazy\" src='https:\/\/www.melanie-melcher.de\/wp-content\/grand-media\/image\/thumb\/Hochzeitsfotografin_-_Melanie_Melcher-214.jpg' alt='Hochzeitsfotografin - Melanie Melcher-214' \/><\/a><a href='https:\/\/www.melanie-melcher.de\/wp-content\/grand-media\/image\/Hochzeitsfotografin_-_Melanie_Melcher-291.jpg'><img class=\"noLazy\" src='https:\/\/www.melanie-melcher.de\/wp-content\/grand-media\/image\/thumb\/Hochzeitsfotografin_-_Melanie_Melcher-291.jpg' alt='Hochzeitsfotografin - Melanie Melcher-291' \/><\/a><a href='https:\/\/www.melanie-melcher.de\/wp-content\/grand-media\/image\/Hochzeitsfotografin_-_Melanie_Melcher-120_1.jpg'><img class=\"noLazy\" src='https:\/\/www.melanie-melcher.de\/wp-content\/grand-media\/image\/thumb\/Hochzeitsfotografin_-_Melanie_Melcher-120_1.jpg' alt='Hochzeitsfotografin - Melanie Melcher-120' \/><\/a><a href='https:\/\/www.melanie-melcher.de\/wp-content\/grand-media\/image\/Hochzeitsfotografin_-_Melanie_Melcher-341.jpg'><img class=\"noLazy\" src='https:\/\/www.melanie-melcher.de\/wp-content\/grand-media\/image\/thumb\/Hochzeitsfotografin_-_Melanie_Melcher-341.jpg' alt='Hochzeitsfotografin - Melanie Melcher-341' \/><\/a><a href='https:\/\/www.melanie-melcher.de\/wp-content\/grand-media\/image\/Hochzeitsfotografin_-_Melanie_Melcher-243.jpg'><img class=\"noLazy\" src='https:\/\/www.melanie-melcher.de\/wp-content\/grand-media\/image\/thumb\/Hochzeitsfotografin_-_Melanie_Melcher-243.jpg' alt='Hochzeitsfotografin - Melanie Melcher-243' \/><\/a><a href='https:\/\/www.melanie-melcher.de\/wp-content\/grand-media\/image\/Hochzeitsfotografin_-_Melanie_Melcher-164_1.jpg'><img class=\"noLazy\" src='https:\/\/www.melanie-melcher.de\/wp-content\/grand-media\/image\/thumb\/Hochzeitsfotografin_-_Melanie_Melcher-164_1.jpg' alt='Hochzeitsfotografin - Melanie Melcher-164' \/><\/a><a href='https:\/\/www.melanie-melcher.de\/wp-content\/grand-media\/image\/Hochzeitsfotografin_-_Melanie_Melcher-75_3.jpg'><img class=\"noLazy\" src='https:\/\/www.melanie-melcher.de\/wp-content\/grand-media\/image\/thumb\/Hochzeitsfotografin_-_Melanie_Melcher-75_3.jpg' alt='Hochzeitsfotografin - Melanie Melcher-75' \/><\/a><a href='https:\/\/www.melanie-melcher.de\/wp-content\/grand-media\/image\/Hochzeitsfotografin_-_Melanie_Melcher-168.jpg'><img class=\"noLazy\" src='https:\/\/www.melanie-melcher.de\/wp-content\/grand-media\/image\/thumb\/Hochzeitsfotografin_-_Melanie_Melcher-168.jpg' alt='Hochzeitsfotografin - Melanie Melcher-168' \/><\/a><a href='https:\/\/www.melanie-melcher.de\/wp-content\/grand-media\/image\/Hochzeitsfotografin_-_Melanie_Melcher-98_2.jpg'><img class=\"noLazy\" src='https:\/\/www.melanie-melcher.de\/wp-content\/grand-media\/image\/thumb\/Hochzeitsfotografin_-_Melanie_Melcher-98_2.jpg' alt='Hochzeitsfotografin - Melanie Melcher-98' \/><\/a><a href='https:\/\/www.melanie-melcher.de\/wp-content\/grand-media\/image\/Hochzeitsfotografin_-_Melanie_Melcher-146.jpg'><img class=\"noLazy\" src='https:\/\/www.melanie-melcher.de\/wp-content\/grand-media\/image\/thumb\/Hochzeitsfotografin_-_Melanie_Melcher-146.jpg' alt='Hochzeitsfotografin - Melanie Melcher-146' \/><\/a><a href='https:\/\/www.melanie-melcher.de\/wp-content\/grand-media\/image\/Hochzeitsfotografin_-_Melanie_Melcher-255.jpg'><img class=\"noLazy\" src='https:\/\/www.melanie-melcher.de\/wp-content\/grand-media\/image\/thumb\/Hochzeitsfotografin_-_Melanie_Melcher-255.jpg' alt='Hochzeitsfotografin - Melanie Melcher-255' \/><\/a><a href='https:\/\/www.melanie-melcher.de\/wp-content\/grand-media\/image\/Hochzeitsfotografin_-_Melanie_Melcher-72_2.jpg'><img class=\"noLazy\" src='https:\/\/www.melanie-melcher.de\/wp-content\/grand-media\/image\/thumb\/Hochzeitsfotografin_-_Melanie_Melcher-72_2.jpg' alt='Hochzeitsfotografin - Melanie Melcher-72' \/><\/a><a href='https:\/\/www.melanie-melcher.de\/wp-content\/grand-media\/image\/Hochzeitsfotografin_-_Melanie_Melcher-69_3.jpg'><img class=\"noLazy\" src='https:\/\/www.melanie-melcher.de\/wp-content\/grand-media\/image\/thumb\/Hochzeitsfotografin_-_Melanie_Melcher-69_3.jpg' alt='Hochzeitsfotografin - Melanie Melcher-69' \/><\/a><a href='https:\/\/www.melanie-melcher.de\/wp-content\/grand-media\/image\/Hochzeitsfotografin_-_Melanie_Melcher-284.jpg'><img class=\"noLazy\" src='https:\/\/www.melanie-melcher.de\/wp-content\/grand-media\/image\/thumb\/Hochzeitsfotografin_-_Melanie_Melcher-284.jpg' alt='Hochzeitsfotografin - Melanie Melcher-284' \/><\/a><a href='https:\/\/www.melanie-melcher.de\/wp-content\/grand-media\/image\/Hochzeitsfotografin_-_Melanie_Melcher-226.jpg'><img class=\"noLazy\" src='https:\/\/www.melanie-melcher.de\/wp-content\/grand-media\/image\/thumb\/Hochzeitsfotografin_-_Melanie_Melcher-226.jpg' alt='Hochzeitsfotografin - Melanie Melcher-226' \/><\/a><a href='https:\/\/www.melanie-melcher.de\/wp-content\/grand-media\/image\/Hochzeitsfotografin_-_Melanie_Melcher-269.jpg'><img class=\"noLazy\" src='https:\/\/www.melanie-melcher.de\/wp-content\/grand-media\/image\/thumb\/Hochzeitsfotografin_-_Melanie_Melcher-269.jpg' alt='Hochzeitsfotografin - Melanie Melcher-269' \/><\/a><a href='https:\/\/www.melanie-melcher.de\/wp-content\/grand-media\/image\/Hochzeitsfotografin_-_Melanie_Melcher-27_2.jpg'><img class=\"noLazy\" src='https:\/\/www.melanie-melcher.de\/wp-content\/grand-media\/image\/thumb\/Hochzeitsfotografin_-_Melanie_Melcher-27_2.jpg' alt='Hochzeitsfotografin - Melanie Melcher-27' \/><\/a><a href='https:\/\/www.melanie-melcher.de\/wp-content\/grand-media\/image\/Hochzeitsfotografin_-_Melanie_Melcher-11_4.jpg'><img class=\"noLazy\" src='https:\/\/www.melanie-melcher.de\/wp-content\/grand-media\/image\/thumb\/Hochzeitsfotografin_-_Melanie_Melcher-11_4.jpg' alt='Hochzeitsfotografin - Melanie Melcher-11' \/><\/a><a href='https:\/\/www.melanie-melcher.de\/wp-content\/grand-media\/image\/Hochzeitsfotografin_-_Melanie_Melcher-173.jpg'><img class=\"noLazy\" src='https:\/\/www.melanie-melcher.de\/wp-content\/grand-media\/image\/thumb\/Hochzeitsfotografin_-_Melanie_Melcher-173.jpg' alt='Hochzeitsfotografin - Melanie Melcher-173' \/><\/a><a href='https:\/\/www.melanie-melcher.de\/wp-content\/grand-media\/image\/Hochzeitsfotografin_-_Melanie_Melcher-41_4.jpg'><img class=\"noLazy\" src='https:\/\/www.melanie-melcher.de\/wp-content\/grand-media\/image\/thumb\/Hochzeitsfotografin_-_Melanie_Melcher-41_4.jpg' alt='Hochzeitsfotografin - Melanie Melcher-41' \/><\/a><a href='https:\/\/www.melanie-melcher.de\/wp-content\/grand-media\/image\/Hochzeitsfotografin_-_Melanie_Melcher-113_2.jpg'><img class=\"noLazy\" src='https:\/\/www.melanie-melcher.de\/wp-content\/grand-media\/image\/thumb\/Hochzeitsfotografin_-_Melanie_Melcher-113_2.jpg' alt='Hochzeitsfotografin - Melanie Melcher-113' \/><\/a><a href='https:\/\/www.melanie-melcher.de\/wp-content\/grand-media\/image\/Hochzeitsfotografin_-_Melanie_Melcher-237.jpg'><img class=\"noLazy\" src='https:\/\/www.melanie-melcher.de\/wp-content\/grand-media\/image\/thumb\/Hochzeitsfotografin_-_Melanie_Melcher-237.jpg' alt='Hochzeitsfotografin - Melanie Melcher-237' \/><\/a><a href='https:\/\/www.melanie-melcher.de\/wp-content\/grand-media\/image\/Hochzeitsfotografin_-_Melanie_Melcher-301_1.jpg'><img class=\"noLazy\" src='https:\/\/www.melanie-melcher.de\/wp-content\/grand-media\/image\/thumb\/Hochzeitsfotografin_-_Melanie_Melcher-301_1.jpg' alt='Hochzeitsfotografin - Melanie Melcher-301' \/><\/a><a href='https:\/\/www.melanie-melcher.de\/wp-content\/grand-media\/image\/Hochzeitsfotografin_-_Melanie_Melcher-127.jpg'><img class=\"noLazy\" src='https:\/\/www.melanie-melcher.de\/wp-content\/grand-media\/image\/thumb\/Hochzeitsfotografin_-_Melanie_Melcher-127.jpg' alt='Hochzeitsfotografin - Melanie Melcher-127' \/><\/a><a href='https:\/\/www.melanie-melcher.de\/wp-content\/grand-media\/image\/Hochzeitsfotografin_-_Melanie_Melcher-170.jpg'><img class=\"noLazy\" src='https:\/\/www.melanie-melcher.de\/wp-content\/grand-media\/image\/thumb\/Hochzeitsfotografin_-_Melanie_Melcher-170.jpg' alt='Hochzeitsfotografin - Melanie Melcher-170' \/><\/a><a href='https:\/\/www.melanie-melcher.de\/wp-content\/grand-media\/image\/Hochzeitsfotografin_-_Melanie_Melcher-304_1.jpg'><img class=\"noLazy\" src='https:\/\/www.melanie-melcher.de\/wp-content\/grand-media\/image\/thumb\/Hochzeitsfotografin_-_Melanie_Melcher-304_1.jpg' alt='Hochzeitsfotografin - Melanie Melcher-304' \/><\/a><a href='https:\/\/www.melanie-melcher.de\/wp-content\/grand-media\/image\/Hochzeitsfotografin_-_Melanie_Melcher-335.jpg'><img class=\"noLazy\" src='https:\/\/www.melanie-melcher.de\/wp-content\/grand-media\/image\/thumb\/Hochzeitsfotografin_-_Melanie_Melcher-335.jpg' alt='Hochzeitsfotografin - Melanie Melcher-335' \/><\/a><a href='https:\/\/www.melanie-melcher.de\/wp-content\/grand-media\/image\/Hochzeitsfotografin_-_Melanie_Melcher-346.jpg'><img class=\"noLazy\" src='https:\/\/www.melanie-melcher.de\/wp-content\/grand-media\/image\/thumb\/Hochzeitsfotografin_-_Melanie_Melcher-346.jpg' alt='Hochzeitsfotografin - Melanie Melcher-346' \/><\/a><a href='https:\/\/www.melanie-melcher.de\/wp-content\/grand-media\/image\/Hochzeitsfotografin_-_Melanie_Melcher-131_1.jpg'><img class=\"noLazy\" src='https:\/\/www.melanie-melcher.de\/wp-content\/grand-media\/image\/thumb\/Hochzeitsfotografin_-_Melanie_Melcher-131_1.jpg' alt='Hochzeitsfotografin - Melanie Melcher-131' \/><\/a><a href='https:\/\/www.melanie-melcher.de\/wp-content\/grand-media\/image\/Hochzeitsfotografin_-_Melanie_Melcher-83_2.jpg'><img class=\"noLazy\" src='https:\/\/www.melanie-melcher.de\/wp-content\/grand-media\/image\/thumb\/Hochzeitsfotografin_-_Melanie_Melcher-83_2.jpg' alt='Hochzeitsfotografin - Melanie Melcher-83' \/><\/a><a href='https:\/\/www.melanie-melcher.de\/wp-content\/grand-media\/image\/Hochzeitsfotografin_-_Melanie_Melcher-276_1.jpg'><img class=\"noLazy\" src='https:\/\/www.melanie-melcher.de\/wp-content\/grand-media\/image\/thumb\/Hochzeitsfotografin_-_Melanie_Melcher-276_1.jpg' alt='Hochzeitsfotografin - Melanie Melcher-276' \/><\/a><a href='https:\/\/www.melanie-melcher.de\/wp-content\/grand-media\/image\/Hochzeitsfotografin_-_Melanie_Melcher-187_1.jpg'><img class=\"noLazy\" src='https:\/\/www.melanie-melcher.de\/wp-content\/grand-media\/image\/thumb\/Hochzeitsfotografin_-_Melanie_Melcher-187_1.jpg' alt='Hochzeitsfotografin - Melanie Melcher-187' \/><\/a><a href='https:\/\/www.melanie-melcher.de\/wp-content\/grand-media\/image\/Hochzeitsfotografin_-_Melanie_Melcher-250.jpg'><img class=\"noLazy\" src='https:\/\/www.melanie-melcher.de\/wp-content\/grand-media\/image\/thumb\/Hochzeitsfotografin_-_Melanie_Melcher-250.jpg' alt='Hochzeitsfotografin - Melanie Melcher-250' \/><\/a><a href='https:\/\/www.melanie-melcher.de\/wp-content\/grand-media\/image\/Hochzeitsfotografin_-_Melanie_Melcher-71_3.jpg'><img class=\"noLazy\" src='https:\/\/www.melanie-melcher.de\/wp-content\/grand-media\/image\/thumb\/Hochzeitsfotografin_-_Melanie_Melcher-71_3.jpg' alt='Hochzeitsfotografin - Melanie Melcher-71' \/><\/a><\/noscript><\/div>\n\t\t<script type=\"text\/javascript\">\n\t\t\tdocument.addEventListener( 'DOMContentLoaded', function() {\n\t\t\t\tjQuery( function( $ ) {\n\t\t\t\t\tvar settings = {\"columns\":\"3\",\"lightbox_mobile\":\"0\",\"ID\":\"89\",\"name\":\"Jacky & Martin\",\"is_mobile\":false,\"module_dirurl\":\"https:\\\/\\\/www.melanie-melcher.de\\\/wp-content\\\/grand-media\\\/module\\\/mosaic\"};\n\t\t\t\t\tvar gmedia_mosaic_content = [{\"id\":\"1918\",\"type\":\"image\",\"ext\":\"jpg\",\"src\":\"\\\/image\\\/Hochzeitsfotografin_-_Melanie_Melcher-15_1.jpg\",\"sizes\":{\"thumb\":\"https:\\\/\\\/www.melanie-melcher.de\\\/wp-content\\\/grand-media\\\/image\\\/thumb\\\/Hochzeitsfotografin_-_Melanie_Melcher-15_1.jpg\",\"full\":\"https:\\\/\\\/www.melanie-melcher.de\\\/wp-content\\\/grand-media\\\/image\\\/Hochzeitsfotografin_-_Melanie_Melcher-15_1.jpg\"},\"title\":\"Hochzeitsfotografin - Melanie Melcher-15\",\"alt\":\"Hochzeitsfotografin - Melanie Melcher-15\",\"caption\":\"\",\"url\":\"\",\"post_link\":\"https:\\\/\\\/www.melanie-melcher.de\\\/index.php\\\/gmedia\\\/hochzeitsfotografin_-_melanie_melcher-15_1-jpg\\\/\",\"cc\":0,\"views\":4,\"likes\":0,\"width\":800,\"height\":533},{\"id\":\"1975\",\"type\":\"image\",\"ext\":\"jpg\",\"src\":\"\\\/image\\\/Hochzeitsfotografin_-_Melanie_Melcher-232_1.jpg\",\"sizes\":{\"thumb\":\"https:\\\/\\\/www.melanie-melcher.de\\\/wp-content\\\/grand-media\\\/image\\\/thumb\\\/Hochzeitsfotografin_-_Melanie_Melcher-232_1.jpg\",\"full\":\"https:\\\/\\\/www.melanie-melcher.de\\\/wp-content\\\/grand-media\\\/image\\\/Hochzeitsfotografin_-_Melanie_Melcher-232_1.jpg\"},\"title\":\"Hochzeitsfotografin - Melanie Melcher-232\",\"alt\":\"Hochzeitsfotografin - Melanie Melcher-232\",\"caption\":\"\",\"url\":\"\",\"post_link\":\"https:\\\/\\\/www.melanie-melcher.de\\\/index.php\\\/gmedia\\\/hochzeitsfotografin_-_melanie_melcher-232_1-jpg\\\/\",\"cc\":0,\"views\":6,\"likes\":0,\"width\":800,\"height\":533},{\"id\":\"1956\",\"type\":\"image\",\"ext\":\"jpg\",\"src\":\"\\\/image\\\/Hochzeitsfotografin_-_Melanie_Melcher-157_1.jpg\",\"sizes\":{\"thumb\":\"https:\\\/\\\/www.melanie-melcher.de\\\/wp-content\\\/grand-media\\\/image\\\/thumb\\\/Hochzeitsfotografin_-_Melanie_Melcher-157_1.jpg\",\"full\":\"https:\\\/\\\/www.melanie-melcher.de\\\/wp-content\\\/grand-media\\\/image\\\/Hochzeitsfotografin_-_Melanie_Melcher-157_1.jpg\"},\"title\":\"Hochzeitsfotografin - Melanie Melcher-157\",\"alt\":\"Hochzeitsfotografin - Melanie Melcher-157\",\"caption\":\"\",\"url\":\"\",\"post_link\":\"https:\\\/\\\/www.melanie-melcher.de\\\/index.php\\\/gmedia\\\/hochzeitsfotografin_-_melanie_melcher-157_1-jpg\\\/\",\"cc\":0,\"views\":6,\"likes\":0,\"width\":800,\"height\":533},{\"id\":\"1994\",\"type\":\"image\",\"ext\":\"jpg\",\"src\":\"\\\/image\\\/Hochzeitsfotografin_-_Melanie_Melcher-296.jpg\",\"sizes\":{\"thumb\":\"https:\\\/\\\/www.melanie-melcher.de\\\/wp-content\\\/grand-media\\\/image\\\/thumb\\\/Hochzeitsfotografin_-_Melanie_Melcher-296.jpg\",\"full\":\"https:\\\/\\\/www.melanie-melcher.de\\\/wp-content\\\/grand-media\\\/image\\\/Hochzeitsfotografin_-_Melanie_Melcher-296.jpg\"},\"title\":\"Hochzeitsfotografin - Melanie Melcher-296\",\"alt\":\"Hochzeitsfotografin - Melanie Melcher-296\",\"caption\":\"\",\"url\":\"\",\"post_link\":\"https:\\\/\\\/www.melanie-melcher.de\\\/index.php\\\/gmedia\\\/hochzeitsfotografin_-_melanie_melcher-296-jpg\\\/\",\"cc\":0,\"views\":7,\"likes\":0,\"width\":533,\"height\":800},{\"id\":\"1951\",\"type\":\"image\",\"ext\":\"jpg\",\"src\":\"\\\/image\\\/Hochzeitsfotografin_-_Melanie_Melcher-135.jpg\",\"sizes\":{\"thumb\":\"https:\\\/\\\/www.melanie-melcher.de\\\/wp-content\\\/grand-media\\\/image\\\/thumb\\\/Hochzeitsfotografin_-_Melanie_Melcher-135.jpg\",\"full\":\"https:\\\/\\\/www.melanie-melcher.de\\\/wp-content\\\/grand-media\\\/image\\\/Hochzeitsfotografin_-_Melanie_Melcher-135.jpg\"},\"title\":\"Hochzeitsfotografin - Melanie Melcher-135\",\"alt\":\"Hochzeitsfotografin - Melanie Melcher-135\",\"caption\":\"\",\"url\":\"\",\"post_link\":\"https:\\\/\\\/www.melanie-melcher.de\\\/index.php\\\/gmedia\\\/hochzeitsfotografin_-_melanie_melcher-135-jpg\\\/\",\"cc\":0,\"views\":7,\"likes\":0,\"width\":800,\"height\":533},{\"id\":\"1974\",\"type\":\"image\",\"ext\":\"jpg\",\"src\":\"\\\/image\\\/Hochzeitsfotografin_-_Melanie_Melcher-230_1.jpg\",\"sizes\":{\"thumb\":\"https:\\\/\\\/www.melanie-melcher.de\\\/wp-content\\\/grand-media\\\/image\\\/thumb\\\/Hochzeitsfotografin_-_Melanie_Melcher-230_1.jpg\",\"full\":\"https:\\\/\\\/www.melanie-melcher.de\\\/wp-content\\\/grand-media\\\/image\\\/Hochzeitsfotografin_-_Melanie_Melcher-230_1.jpg\"},\"title\":\"Hochzeitsfotografin - Melanie Melcher-230\",\"alt\":\"Hochzeitsfotografin - Melanie Melcher-230\",\"caption\":\"\",\"url\":\"\",\"post_link\":\"https:\\\/\\\/www.melanie-melcher.de\\\/index.php\\\/gmedia\\\/hochzeitsfotografin_-_melanie_melcher-230_1-jpg\\\/\",\"cc\":0,\"views\":4,\"likes\":0,\"width\":533,\"height\":800},{\"id\":\"1916\",\"type\":\"image\",\"ext\":\"jpg\",\"src\":\"\\\/image\\\/Hochzeitsfotografin_-_Melanie_Melcher-5_5.jpg\",\"sizes\":{\"thumb\":\"https:\\\/\\\/www.melanie-melcher.de\\\/wp-content\\\/grand-media\\\/image\\\/thumb\\\/Hochzeitsfotografin_-_Melanie_Melcher-5_5.jpg\",\"full\":\"https:\\\/\\\/www.melanie-melcher.de\\\/wp-content\\\/grand-media\\\/image\\\/Hochzeitsfotografin_-_Melanie_Melcher-5_5.jpg\"},\"title\":\"Hochzeitsfotografin - Melanie Melcher-5\",\"alt\":\"Hochzeitsfotografin - Melanie Melcher-5\",\"caption\":\"\",\"url\":\"\",\"post_link\":\"https:\\\/\\\/www.melanie-melcher.de\\\/index.php\\\/gmedia\\\/hochzeitsfotografin_-_melanie_melcher-5_5-jpg\\\/\",\"cc\":0,\"views\":5,\"likes\":0,\"width\":533,\"height\":800},{\"id\":\"1998\",\"type\":\"image\",\"ext\":\"jpg\",\"src\":\"\\\/image\\\/Hochzeitsfotografin_-_Melanie_Melcher-305.jpg\",\"sizes\":{\"thumb\":\"https:\\\/\\\/www.melanie-melcher.de\\\/wp-content\\\/grand-media\\\/image\\\/thumb\\\/Hochzeitsfotografin_-_Melanie_Melcher-305.jpg\",\"full\":\"https:\\\/\\\/www.melanie-melcher.de\\\/wp-content\\\/grand-media\\\/image\\\/Hochzeitsfotografin_-_Melanie_Melcher-305.jpg\"},\"title\":\"Hochzeitsfotografin - Melanie Melcher-305\",\"alt\":\"Hochzeitsfotografin - Melanie Melcher-305\",\"caption\":\"\",\"url\":\"\",\"post_link\":\"https:\\\/\\\/www.melanie-melcher.de\\\/index.php\\\/gmedia\\\/hochzeitsfotografin_-_melanie_melcher-305-jpg\\\/\",\"cc\":0,\"views\":8,\"likes\":0,\"width\":533,\"height\":800},{\"id\":\"1985\",\"type\":\"image\",\"ext\":\"jpg\",\"src\":\"\\\/image\\\/Hochzeitsfotografin_-_Melanie_Melcher-262_1.jpg\",\"sizes\":{\"thumb\":\"https:\\\/\\\/www.melanie-melcher.de\\\/wp-content\\\/grand-media\\\/image\\\/thumb\\\/Hochzeitsfotografin_-_Melanie_Melcher-262_1.jpg\",\"full\":\"https:\\\/\\\/www.melanie-melcher.de\\\/wp-content\\\/grand-media\\\/image\\\/Hochzeitsfotografin_-_Melanie_Melcher-262_1.jpg\"},\"title\":\"Hochzeitsfotografin - Melanie Melcher-262\",\"alt\":\"Hochzeitsfotografin - Melanie Melcher-262\",\"caption\":\"\",\"url\":\"\",\"post_link\":\"https:\\\/\\\/www.melanie-melcher.de\\\/index.php\\\/gmedia\\\/hochzeitsfotografin_-_melanie_melcher-262_1-jpg\\\/\",\"cc\":0,\"views\":4,\"likes\":0,\"width\":533,\"height\":800},{\"id\":\"1953\",\"type\":\"image\",\"ext\":\"jpg\",\"src\":\"\\\/image\\\/Hochzeitsfotografin_-_Melanie_Melcher-140.jpg\",\"sizes\":{\"thumb\":\"https:\\\/\\\/www.melanie-melcher.de\\\/wp-content\\\/grand-media\\\/image\\\/thumb\\\/Hochzeitsfotografin_-_Melanie_Melcher-140.jpg\",\"full\":\"https:\\\/\\\/www.melanie-melcher.de\\\/wp-content\\\/grand-media\\\/image\\\/Hochzeitsfotografin_-_Melanie_Melcher-140.jpg\"},\"title\":\"Hochzeitsfotografin - Melanie Melcher-140\",\"alt\":\"Hochzeitsfotografin - Melanie Melcher-140\",\"caption\":\"\",\"url\":\"\",\"post_link\":\"https:\\\/\\\/www.melanie-melcher.de\\\/index.php\\\/gmedia\\\/hochzeitsfotografin_-_melanie_melcher-140-jpg\\\/\",\"cc\":0,\"views\":6,\"likes\":0,\"width\":533,\"height\":800},{\"id\":\"1939\",\"type\":\"image\",\"ext\":\"jpg\",\"src\":\"\\\/image\\\/Hochzeitsfotografin_-_Melanie_Melcher-95_3.jpg\",\"sizes\":{\"thumb\":\"https:\\\/\\\/www.melanie-melcher.de\\\/wp-content\\\/grand-media\\\/image\\\/thumb\\\/Hochzeitsfotografin_-_Melanie_Melcher-95_3.jpg\",\"full\":\"https:\\\/\\\/www.melanie-melcher.de\\\/wp-content\\\/grand-media\\\/image\\\/Hochzeitsfotografin_-_Melanie_Melcher-95_3.jpg\"},\"title\":\"Hochzeitsfotografin - Melanie Melcher-95\",\"alt\":\"Hochzeitsfotografin - Melanie Melcher-95\",\"caption\":\"\",\"url\":\"\",\"post_link\":\"https:\\\/\\\/www.melanie-melcher.de\\\/index.php\\\/gmedia\\\/hochzeitsfotografin_-_melanie_melcher-95_3-jpg\\\/\",\"cc\":0,\"views\":4,\"likes\":0,\"width\":800,\"height\":533},{\"id\":\"1923\",\"type\":\"image\",\"ext\":\"jpg\",\"src\":\"\\\/image\\\/Hochzeitsfotografin_-_Melanie_Melcher-34_5.jpg\",\"sizes\":{\"thumb\":\"https:\\\/\\\/www.melanie-melcher.de\\\/wp-content\\\/grand-media\\\/image\\\/thumb\\\/Hochzeitsfotografin_-_Melanie_Melcher-34_5.jpg\",\"full\":\"https:\\\/\\\/www.melanie-melcher.de\\\/wp-content\\\/grand-media\\\/image\\\/Hochzeitsfotografin_-_Melanie_Melcher-34_5.jpg\"},\"title\":\"Hochzeitsfotografin - Melanie Melcher-34\",\"alt\":\"Hochzeitsfotografin - Melanie Melcher-34\",\"caption\":\"\",\"url\":\"\",\"post_link\":\"https:\\\/\\\/www.melanie-melcher.de\\\/index.php\\\/gmedia\\\/hochzeitsfotografin_-_melanie_melcher-34_5-jpg\\\/\",\"cc\":0,\"views\":5,\"likes\":0,\"width\":800,\"height\":533},{\"id\":\"1980\",\"type\":\"image\",\"ext\":\"jpg\",\"src\":\"\\\/image\\\/Hochzeitsfotografin_-_Melanie_Melcher-244.jpg\",\"sizes\":{\"thumb\":\"https:\\\/\\\/www.melanie-melcher.de\\\/wp-content\\\/grand-media\\\/image\\\/thumb\\\/Hochzeitsfotografin_-_Melanie_Melcher-244.jpg\",\"full\":\"https:\\\/\\\/www.melanie-melcher.de\\\/wp-content\\\/grand-media\\\/image\\\/Hochzeitsfotografin_-_Melanie_Melcher-244.jpg\"},\"title\":\"Hochzeitsfotografin - Melanie Melcher-244\",\"alt\":\"Hochzeitsfotografin - Melanie Melcher-244\",\"caption\":\"\",\"url\":\"\",\"post_link\":\"https:\\\/\\\/www.melanie-melcher.de\\\/index.php\\\/gmedia\\\/hochzeitsfotografin_-_melanie_melcher-244-jpg\\\/\",\"cc\":0,\"views\":5,\"likes\":0,\"width\":800,\"height\":533},{\"id\":\"2003\",\"type\":\"image\",\"ext\":\"jpg\",\"src\":\"\\\/image\\\/Hochzeitsfotografin_-_Melanie_Melcher-319.jpg\",\"sizes\":{\"thumb\":\"https:\\\/\\\/www.melanie-melcher.de\\\/wp-content\\\/grand-media\\\/image\\\/thumb\\\/Hochzeitsfotografin_-_Melanie_Melcher-319.jpg\",\"full\":\"https:\\\/\\\/www.melanie-melcher.de\\\/wp-content\\\/grand-media\\\/image\\\/Hochzeitsfotografin_-_Melanie_Melcher-319.jpg\"},\"title\":\"Hochzeitsfotografin - Melanie Melcher-319\",\"alt\":\"Hochzeitsfotografin - Melanie Melcher-319\",\"caption\":\"\",\"url\":\"\",\"post_link\":\"https:\\\/\\\/www.melanie-melcher.de\\\/index.php\\\/gmedia\\\/hochzeitsfotografin_-_melanie_melcher-319-jpg\\\/\",\"cc\":0,\"views\":6,\"likes\":0,\"width\":800,\"height\":533},{\"id\":\"1914\",\"type\":\"image\",\"ext\":\"jpg\",\"src\":\"\\\/image\\\/Hochzeitsfotografin_-_Melanie_Melcher-3_2.jpg\",\"sizes\":{\"thumb\":\"https:\\\/\\\/www.melanie-melcher.de\\\/wp-content\\\/grand-media\\\/image\\\/thumb\\\/Hochzeitsfotografin_-_Melanie_Melcher-3_2.jpg\",\"full\":\"https:\\\/\\\/www.melanie-melcher.de\\\/wp-content\\\/grand-media\\\/image\\\/Hochzeitsfotografin_-_Melanie_Melcher-3_2.jpg\"},\"title\":\"Hochzeitsfotografin - Melanie Melcher-3\",\"alt\":\"Hochzeitsfotografin - Melanie Melcher-3\",\"caption\":\"\",\"url\":\"\",\"post_link\":\"https:\\\/\\\/www.melanie-melcher.de\\\/index.php\\\/gmedia\\\/hochzeitsfotografin_-_melanie_melcher-3_2-jpg\\\/\",\"cc\":0,\"views\":5,\"likes\":0,\"width\":800,\"height\":533},{\"id\":\"1990\",\"type\":\"image\",\"ext\":\"jpg\",\"src\":\"\\\/image\\\/Hochzeitsfotografin_-_Melanie_Melcher-280.jpg\",\"sizes\":{\"thumb\":\"https:\\\/\\\/www.melanie-melcher.de\\\/wp-content\\\/grand-media\\\/image\\\/thumb\\\/Hochzeitsfotografin_-_Melanie_Melcher-280.jpg\",\"full\":\"https:\\\/\\\/www.melanie-melcher.de\\\/wp-content\\\/grand-media\\\/image\\\/Hochzeitsfotografin_-_Melanie_Melcher-280.jpg\"},\"title\":\"Hochzeitsfotografin - Melanie Melcher-280\",\"alt\":\"Hochzeitsfotografin - Melanie Melcher-280\",\"caption\":\"\",\"url\":\"\",\"post_link\":\"https:\\\/\\\/www.melanie-melcher.de\\\/index.php\\\/gmedia\\\/hochzeitsfotografin_-_melanie_melcher-280-jpg\\\/\",\"cc\":0,\"views\":8,\"likes\":0,\"width\":800,\"height\":533},{\"id\":\"1978\",\"type\":\"image\",\"ext\":\"jpg\",\"src\":\"\\\/image\\\/Hochzeitsfotografin_-_Melanie_Melcher-242.jpg\",\"sizes\":{\"thumb\":\"https:\\\/\\\/www.melanie-melcher.de\\\/wp-content\\\/grand-media\\\/image\\\/thumb\\\/Hochzeitsfotografin_-_Melanie_Melcher-242.jpg\",\"full\":\"https:\\\/\\\/www.melanie-melcher.de\\\/wp-content\\\/grand-media\\\/image\\\/Hochzeitsfotografin_-_Melanie_Melcher-242.jpg\"},\"title\":\"Hochzeitsfotografin - Melanie Melcher-242\",\"alt\":\"Hochzeitsfotografin - Melanie Melcher-242\",\"caption\":\"\",\"url\":\"\",\"post_link\":\"https:\\\/\\\/www.melanie-melcher.de\\\/index.php\\\/gmedia\\\/hochzeitsfotografin_-_melanie_melcher-242-jpg\\\/\",\"cc\":0,\"views\":6,\"likes\":0,\"width\":533,\"height\":800},{\"id\":\"1930\",\"type\":\"image\",\"ext\":\"jpg\",\"src\":\"\\\/image\\\/Hochzeitsfotografin_-_Melanie_Melcher-58_3.jpg\",\"sizes\":{\"thumb\":\"https:\\\/\\\/www.melanie-melcher.de\\\/wp-content\\\/grand-media\\\/image\\\/thumb\\\/Hochzeitsfotografin_-_Melanie_Melcher-58_3.jpg\",\"full\":\"https:\\\/\\\/www.melanie-melcher.de\\\/wp-content\\\/grand-media\\\/image\\\/Hochzeitsfotografin_-_Melanie_Melcher-58_3.jpg\"},\"title\":\"Hochzeitsfotografin - Melanie Melcher-58\",\"alt\":\"Hochzeitsfotografin - Melanie Melcher-58\",\"caption\":\"\",\"url\":\"\",\"post_link\":\"https:\\\/\\\/www.melanie-melcher.de\\\/index.php\\\/gmedia\\\/hochzeitsfotografin_-_melanie_melcher-58_3-jpg\\\/\",\"cc\":0,\"views\":8,\"likes\":0,\"width\":533,\"height\":800},{\"id\":\"1945\",\"type\":\"image\",\"ext\":\"jpg\",\"src\":\"\\\/image\\\/Hochzeitsfotografin_-_Melanie_Melcher-116_1.jpg\",\"sizes\":{\"thumb\":\"https:\\\/\\\/www.melanie-melcher.de\\\/wp-content\\\/grand-media\\\/image\\\/thumb\\\/Hochzeitsfotografin_-_Melanie_Melcher-116_1.jpg\",\"full\":\"https:\\\/\\\/www.melanie-melcher.de\\\/wp-content\\\/grand-media\\\/image\\\/Hochzeitsfotografin_-_Melanie_Melcher-116_1.jpg\"},\"title\":\"Hochzeitsfotografin - Melanie Melcher-116\",\"alt\":\"Hochzeitsfotografin - Melanie Melcher-116\",\"caption\":\"\",\"url\":\"\",\"post_link\":\"https:\\\/\\\/www.melanie-melcher.de\\\/index.php\\\/gmedia\\\/hochzeitsfotografin_-_melanie_melcher-116_1-jpg\\\/\",\"cc\":0,\"views\":7,\"likes\":0,\"width\":800,\"height\":533},{\"id\":\"1967\",\"type\":\"image\",\"ext\":\"jpg\",\"src\":\"\\\/image\\\/Hochzeitsfotografin_-_Melanie_Melcher-192.jpg\",\"sizes\":{\"thumb\":\"https:\\\/\\\/www.melanie-melcher.de\\\/wp-content\\\/grand-media\\\/image\\\/thumb\\\/Hochzeitsfotografin_-_Melanie_Melcher-192.jpg\",\"full\":\"https:\\\/\\\/www.melanie-melcher.de\\\/wp-content\\\/grand-media\\\/image\\\/Hochzeitsfotografin_-_Melanie_Melcher-192.jpg\"},\"title\":\"Hochzeitsfotografin - Melanie Melcher-192\",\"alt\":\"Hochzeitsfotografin - Melanie Melcher-192\",\"caption\":\"\",\"url\":\"\",\"post_link\":\"https:\\\/\\\/www.melanie-melcher.de\\\/index.php\\\/gmedia\\\/hochzeitsfotografin_-_melanie_melcher-192-jpg\\\/\",\"cc\":0,\"views\":8,\"likes\":0,\"width\":800,\"height\":533},{\"id\":\"1929\",\"type\":\"image\",\"ext\":\"jpg\",\"src\":\"\\\/image\\\/Hochzeitsfotografin_-_Melanie_Melcher-57_2.jpg\",\"sizes\":{\"thumb\":\"https:\\\/\\\/www.melanie-melcher.de\\\/wp-content\\\/grand-media\\\/image\\\/thumb\\\/Hochzeitsfotografin_-_Melanie_Melcher-57_2.jpg\",\"full\":\"https:\\\/\\\/www.melanie-melcher.de\\\/wp-content\\\/grand-media\\\/image\\\/Hochzeitsfotografin_-_Melanie_Melcher-57_2.jpg\"},\"title\":\"Hochzeitsfotografin - Melanie Melcher-57\",\"alt\":\"Hochzeitsfotografin - Melanie Melcher-57\",\"caption\":\"\",\"url\":\"\",\"post_link\":\"https:\\\/\\\/www.melanie-melcher.de\\\/index.php\\\/gmedia\\\/hochzeitsfotografin_-_melanie_melcher-57_2-jpg\\\/\",\"cc\":0,\"views\":5,\"likes\":0,\"width\":800,\"height\":533},{\"id\":\"1995\",\"type\":\"image\",\"ext\":\"jpg\",\"src\":\"\\\/image\\\/Hochzeitsfotografin_-_Melanie_Melcher-297.jpg\",\"sizes\":{\"thumb\":\"https:\\\/\\\/www.melanie-melcher.de\\\/wp-content\\\/grand-media\\\/image\\\/thumb\\\/Hochzeitsfotografin_-_Melanie_Melcher-297.jpg\",\"full\":\"https:\\\/\\\/www.melanie-melcher.de\\\/wp-content\\\/grand-media\\\/image\\\/Hochzeitsfotografin_-_Melanie_Melcher-297.jpg\"},\"title\":\"Hochzeitsfotografin - Melanie Melcher-297\",\"alt\":\"Hochzeitsfotografin - Melanie Melcher-297\",\"caption\":\"\",\"url\":\"\",\"post_link\":\"https:\\\/\\\/www.melanie-melcher.de\\\/index.php\\\/gmedia\\\/hochzeitsfotografin_-_melanie_melcher-297-jpg\\\/\",\"cc\":0,\"views\":5,\"likes\":0,\"width\":533,\"height\":800},{\"id\":\"2005\",\"type\":\"image\",\"ext\":\"jpg\",\"src\":\"\\\/image\\\/Hochzeitsfotografin_-_Melanie_Melcher-324.jpg\",\"sizes\":{\"thumb\":\"https:\\\/\\\/www.melanie-melcher.de\\\/wp-content\\\/grand-media\\\/image\\\/thumb\\\/Hochzeitsfotografin_-_Melanie_Melcher-324.jpg\",\"full\":\"https:\\\/\\\/www.melanie-melcher.de\\\/wp-content\\\/grand-media\\\/image\\\/Hochzeitsfotografin_-_Melanie_Melcher-324.jpg\"},\"title\":\"Hochzeitsfotografin - Melanie Melcher-324\",\"alt\":\"Hochzeitsfotografin - Melanie Melcher-324\",\"caption\":\"\",\"url\":\"\",\"post_link\":\"https:\\\/\\\/www.melanie-melcher.de\\\/index.php\\\/gmedia\\\/hochzeitsfotografin_-_melanie_melcher-324-jpg\\\/\",\"cc\":0,\"views\":7,\"likes\":0,\"width\":533,\"height\":800},{\"id\":\"1986\",\"type\":\"image\",\"ext\":\"jpg\",\"src\":\"\\\/image\\\/Hochzeitsfotografin_-_Melanie_Melcher-267.jpg\",\"sizes\":{\"thumb\":\"https:\\\/\\\/www.melanie-melcher.de\\\/wp-content\\\/grand-media\\\/image\\\/thumb\\\/Hochzeitsfotografin_-_Melanie_Melcher-267.jpg\",\"full\":\"https:\\\/\\\/www.melanie-melcher.de\\\/wp-content\\\/grand-media\\\/image\\\/Hochzeitsfotografin_-_Melanie_Melcher-267.jpg\"},\"title\":\"Hochzeitsfotografin - Melanie Melcher-267\",\"alt\":\"Hochzeitsfotografin - Melanie Melcher-267\",\"caption\":\"\",\"url\":\"\",\"post_link\":\"https:\\\/\\\/www.melanie-melcher.de\\\/index.php\\\/gmedia\\\/hochzeitsfotografin_-_melanie_melcher-267-jpg\\\/\",\"cc\":0,\"views\":7,\"likes\":0,\"width\":533,\"height\":800},{\"id\":\"2000\",\"type\":\"image\",\"ext\":\"jpg\",\"src\":\"\\\/image\\\/Hochzeitsfotografin_-_Melanie_Melcher-311.jpg\",\"sizes\":{\"thumb\":\"https:\\\/\\\/www.melanie-melcher.de\\\/wp-content\\\/grand-media\\\/image\\\/thumb\\\/Hochzeitsfotografin_-_Melanie_Melcher-311.jpg\",\"full\":\"https:\\\/\\\/www.melanie-melcher.de\\\/wp-content\\\/grand-media\\\/image\\\/Hochzeitsfotografin_-_Melanie_Melcher-311.jpg\"},\"title\":\"Hochzeitsfotografin - Melanie Melcher-311\",\"alt\":\"Hochzeitsfotografin - Melanie Melcher-311\",\"caption\":\"\",\"url\":\"\",\"post_link\":\"https:\\\/\\\/www.melanie-melcher.de\\\/index.php\\\/gmedia\\\/hochzeitsfotografin_-_melanie_melcher-311-jpg\\\/\",\"cc\":0,\"views\":7,\"likes\":0,\"width\":800,\"height\":533},{\"id\":\"1966\",\"type\":\"image\",\"ext\":\"jpg\",\"src\":\"\\\/image\\\/Hochzeitsfotografin_-_Melanie_Melcher-191.jpg\",\"sizes\":{\"thumb\":\"https:\\\/\\\/www.melanie-melcher.de\\\/wp-content\\\/grand-media\\\/image\\\/thumb\\\/Hochzeitsfotografin_-_Melanie_Melcher-191.jpg\",\"full\":\"https:\\\/\\\/www.melanie-melcher.de\\\/wp-content\\\/grand-media\\\/image\\\/Hochzeitsfotografin_-_Melanie_Melcher-191.jpg\"},\"title\":\"Hochzeitsfotografin - Melanie Melcher-191\",\"alt\":\"Hochzeitsfotografin - Melanie Melcher-191\",\"caption\":\"\",\"url\":\"\",\"post_link\":\"https:\\\/\\\/www.melanie-melcher.de\\\/index.php\\\/gmedia\\\/hochzeitsfotografin_-_melanie_melcher-191-jpg\\\/\",\"cc\":0,\"views\":7,\"likes\":0,\"width\":800,\"height\":533},{\"id\":\"1952\",\"type\":\"image\",\"ext\":\"jpg\",\"src\":\"\\\/image\\\/Hochzeitsfotografin_-_Melanie_Melcher-136.jpg\",\"sizes\":{\"thumb\":\"https:\\\/\\\/www.melanie-melcher.de\\\/wp-content\\\/grand-media\\\/image\\\/thumb\\\/Hochzeitsfotografin_-_Melanie_Melcher-136.jpg\",\"full\":\"https:\\\/\\\/www.melanie-melcher.de\\\/wp-content\\\/grand-media\\\/image\\\/Hochzeitsfotografin_-_Melanie_Melcher-136.jpg\"},\"title\":\"Hochzeitsfotografin - Melanie Melcher-136\",\"alt\":\"Hochzeitsfotografin - Melanie Melcher-136\",\"caption\":\"\",\"url\":\"\",\"post_link\":\"https:\\\/\\\/www.melanie-melcher.de\\\/index.php\\\/gmedia\\\/hochzeitsfotografin_-_melanie_melcher-136-jpg\\\/\",\"cc\":0,\"views\":6,\"likes\":0,\"width\":800,\"height\":533},{\"id\":\"1968\",\"type\":\"image\",\"ext\":\"jpg\",\"src\":\"\\\/image\\\/Hochzeitsfotografin_-_Melanie_Melcher-203.jpg\",\"sizes\":{\"thumb\":\"https:\\\/\\\/www.melanie-melcher.de\\\/wp-content\\\/grand-media\\\/image\\\/thumb\\\/Hochzeitsfotografin_-_Melanie_Melcher-203.jpg\",\"full\":\"https:\\\/\\\/www.melanie-melcher.de\\\/wp-content\\\/grand-media\\\/image\\\/Hochzeitsfotografin_-_Melanie_Melcher-203.jpg\"},\"title\":\"Hochzeitsfotografin - Melanie Melcher-203\",\"alt\":\"Hochzeitsfotografin - Melanie Melcher-203\",\"caption\":\"\",\"url\":\"\",\"post_link\":\"https:\\\/\\\/www.melanie-melcher.de\\\/index.php\\\/gmedia\\\/hochzeitsfotografin_-_melanie_melcher-203-jpg\\\/\",\"cc\":0,\"views\":5,\"likes\":0,\"width\":800,\"height\":533},{\"id\":\"1946\",\"type\":\"image\",\"ext\":\"jpg\",\"src\":\"\\\/image\\\/Hochzeitsfotografin_-_Melanie_Melcher-117.jpg\",\"sizes\":{\"thumb\":\"https:\\\/\\\/www.melanie-melcher.de\\\/wp-content\\\/grand-media\\\/image\\\/thumb\\\/Hochzeitsfotografin_-_Melanie_Melcher-117.jpg\",\"full\":\"https:\\\/\\\/www.melanie-melcher.de\\\/wp-content\\\/grand-media\\\/image\\\/Hochzeitsfotografin_-_Melanie_Melcher-117.jpg\"},\"title\":\"Hochzeitsfotografin - Melanie Melcher-117\",\"alt\":\"Hochzeitsfotografin - Melanie Melcher-117\",\"caption\":\"\",\"url\":\"\",\"post_link\":\"https:\\\/\\\/www.melanie-melcher.de\\\/index.php\\\/gmedia\\\/hochzeitsfotografin_-_melanie_melcher-117-jpg\\\/\",\"cc\":0,\"views\":6,\"likes\":0,\"width\":800,\"height\":533},{\"id\":\"1924\",\"type\":\"image\",\"ext\":\"jpg\",\"src\":\"\\\/image\\\/Hochzeitsfotografin_-_Melanie_Melcher-39_4.jpg\",\"sizes\":{\"thumb\":\"https:\\\/\\\/www.melanie-melcher.de\\\/wp-content\\\/grand-media\\\/image\\\/thumb\\\/Hochzeitsfotografin_-_Melanie_Melcher-39_4.jpg\",\"full\":\"https:\\\/\\\/www.melanie-melcher.de\\\/wp-content\\\/grand-media\\\/image\\\/Hochzeitsfotografin_-_Melanie_Melcher-39_4.jpg\"},\"title\":\"Hochzeitsfotografin - Melanie Melcher-39\",\"alt\":\"Hochzeitsfotografin - Melanie Melcher-39\",\"caption\":\"\",\"url\":\"\",\"post_link\":\"https:\\\/\\\/www.melanie-melcher.de\\\/index.php\\\/gmedia\\\/hochzeitsfotografin_-_melanie_melcher-39_4-jpg\\\/\",\"cc\":0,\"views\":7,\"likes\":0,\"width\":800,\"height\":533},{\"id\":\"1931\",\"type\":\"image\",\"ext\":\"jpg\",\"src\":\"\\\/image\\\/Hochzeitsfotografin_-_Melanie_Melcher-62_2.jpg\",\"sizes\":{\"thumb\":\"https:\\\/\\\/www.melanie-melcher.de\\\/wp-content\\\/grand-media\\\/image\\\/thumb\\\/Hochzeitsfotografin_-_Melanie_Melcher-62_2.jpg\",\"full\":\"https:\\\/\\\/www.melanie-melcher.de\\\/wp-content\\\/grand-media\\\/image\\\/Hochzeitsfotografin_-_Melanie_Melcher-62_2.jpg\"},\"title\":\"Hochzeitsfotografin - Melanie Melcher-62\",\"alt\":\"Hochzeitsfotografin - Melanie Melcher-62\",\"caption\":\"\",\"url\":\"\",\"post_link\":\"https:\\\/\\\/www.melanie-melcher.de\\\/index.php\\\/gmedia\\\/hochzeitsfotografin_-_melanie_melcher-62_2-jpg\\\/\",\"cc\":0,\"views\":6,\"likes\":0,\"width\":533,\"height\":800},{\"id\":\"1927\",\"type\":\"image\",\"ext\":\"jpg\",\"src\":\"\\\/image\\\/Hochzeitsfotografin_-_Melanie_Melcher-48_3.jpg\",\"sizes\":{\"thumb\":\"https:\\\/\\\/www.melanie-melcher.de\\\/wp-content\\\/grand-media\\\/image\\\/thumb\\\/Hochzeitsfotografin_-_Melanie_Melcher-48_3.jpg\",\"full\":\"https:\\\/\\\/www.melanie-melcher.de\\\/wp-content\\\/grand-media\\\/image\\\/Hochzeitsfotografin_-_Melanie_Melcher-48_3.jpg\"},\"title\":\"Hochzeitsfotografin - Melanie Melcher-48\",\"alt\":\"Hochzeitsfotografin - Melanie Melcher-48\",\"caption\":\"\",\"url\":\"\",\"post_link\":\"https:\\\/\\\/www.melanie-melcher.de\\\/index.php\\\/gmedia\\\/hochzeitsfotografin_-_melanie_melcher-48_3-jpg\\\/\",\"cc\":0,\"views\":8,\"likes\":0,\"width\":800,\"height\":533},{\"id\":\"1988\",\"type\":\"image\",\"ext\":\"jpg\",\"src\":\"\\\/image\\\/Hochzeitsfotografin_-_Melanie_Melcher-273.jpg\",\"sizes\":{\"thumb\":\"https:\\\/\\\/www.melanie-melcher.de\\\/wp-content\\\/grand-media\\\/image\\\/thumb\\\/Hochzeitsfotografin_-_Melanie_Melcher-273.jpg\",\"full\":\"https:\\\/\\\/www.melanie-melcher.de\\\/wp-content\\\/grand-media\\\/image\\\/Hochzeitsfotografin_-_Melanie_Melcher-273.jpg\"},\"title\":\"Hochzeitsfotografin - Melanie Melcher-273\",\"alt\":\"Hochzeitsfotografin - Melanie Melcher-273\",\"caption\":\"\",\"url\":\"\",\"post_link\":\"https:\\\/\\\/www.melanie-melcher.de\\\/index.php\\\/gmedia\\\/hochzeitsfotografin_-_melanie_melcher-273-jpg\\\/\",\"cc\":0,\"views\":6,\"likes\":0,\"width\":800,\"height\":533},{\"id\":\"1977\",\"type\":\"image\",\"ext\":\"jpg\",\"src\":\"\\\/image\\\/Hochzeitsfotografin_-_Melanie_Melcher-238.jpg\",\"sizes\":{\"thumb\":\"https:\\\/\\\/www.melanie-melcher.de\\\/wp-content\\\/grand-media\\\/image\\\/thumb\\\/Hochzeitsfotografin_-_Melanie_Melcher-238.jpg\",\"full\":\"https:\\\/\\\/www.melanie-melcher.de\\\/wp-content\\\/grand-media\\\/image\\\/Hochzeitsfotografin_-_Melanie_Melcher-238.jpg\"},\"title\":\"Hochzeitsfotografin - Melanie Melcher-238\",\"alt\":\"Hochzeitsfotografin - Melanie Melcher-238\",\"caption\":\"\",\"url\":\"\",\"post_link\":\"https:\\\/\\\/www.melanie-melcher.de\\\/index.php\\\/gmedia\\\/hochzeitsfotografin_-_melanie_melcher-238-jpg\\\/\",\"cc\":0,\"views\":6,\"likes\":0,\"width\":800,\"height\":533},{\"id\":\"1941\",\"type\":\"image\",\"ext\":\"jpg\",\"src\":\"\\\/image\\\/Hochzeitsfotografin_-_Melanie_Melcher-102_1.jpg\",\"sizes\":{\"thumb\":\"https:\\\/\\\/www.melanie-melcher.de\\\/wp-content\\\/grand-media\\\/image\\\/thumb\\\/Hochzeitsfotografin_-_Melanie_Melcher-102_1.jpg\",\"full\":\"https:\\\/\\\/www.melanie-melcher.de\\\/wp-content\\\/grand-media\\\/image\\\/Hochzeitsfotografin_-_Melanie_Melcher-102_1.jpg\"},\"title\":\"Hochzeitsfotografin - Melanie Melcher-102\",\"alt\":\"Hochzeitsfotografin - Melanie Melcher-102\",\"caption\":\"\",\"url\":\"\",\"post_link\":\"https:\\\/\\\/www.melanie-melcher.de\\\/index.php\\\/gmedia\\\/hochzeitsfotografin_-_melanie_melcher-102_1-jpg\\\/\",\"cc\":0,\"views\":5,\"likes\":0,\"width\":533,\"height\":800},{\"id\":\"1992\",\"type\":\"image\",\"ext\":\"jpg\",\"src\":\"\\\/image\\\/Hochzeitsfotografin_-_Melanie_Melcher-288.jpg\",\"sizes\":{\"thumb\":\"https:\\\/\\\/www.melanie-melcher.de\\\/wp-content\\\/grand-media\\\/image\\\/thumb\\\/Hochzeitsfotografin_-_Melanie_Melcher-288.jpg\",\"full\":\"https:\\\/\\\/www.melanie-melcher.de\\\/wp-content\\\/grand-media\\\/image\\\/Hochzeitsfotografin_-_Melanie_Melcher-288.jpg\"},\"title\":\"Hochzeitsfotografin - Melanie Melcher-288\",\"alt\":\"Hochzeitsfotografin - Melanie Melcher-288\",\"caption\":\"\",\"url\":\"\",\"post_link\":\"https:\\\/\\\/www.melanie-melcher.de\\\/index.php\\\/gmedia\\\/hochzeitsfotografin_-_melanie_melcher-288-jpg\\\/\",\"cc\":0,\"views\":9,\"likes\":0,\"width\":533,\"height\":800},{\"id\":\"2002\",\"type\":\"image\",\"ext\":\"jpg\",\"src\":\"\\\/image\\\/Hochzeitsfotografin_-_Melanie_Melcher-318_1.jpg\",\"sizes\":{\"thumb\":\"https:\\\/\\\/www.melanie-melcher.de\\\/wp-content\\\/grand-media\\\/image\\\/thumb\\\/Hochzeitsfotografin_-_Melanie_Melcher-318_1.jpg\",\"full\":\"https:\\\/\\\/www.melanie-melcher.de\\\/wp-content\\\/grand-media\\\/image\\\/Hochzeitsfotografin_-_Melanie_Melcher-318_1.jpg\"},\"title\":\"Hochzeitsfotografin - Melanie Melcher-318\",\"alt\":\"Hochzeitsfotografin - Melanie Melcher-318\",\"caption\":\"\",\"url\":\"\",\"post_link\":\"https:\\\/\\\/www.melanie-melcher.de\\\/index.php\\\/gmedia\\\/hochzeitsfotografin_-_melanie_melcher-318_1-jpg\\\/\",\"cc\":0,\"views\":7,\"likes\":0,\"width\":533,\"height\":800},{\"id\":\"1971\",\"type\":\"image\",\"ext\":\"jpg\",\"src\":\"\\\/image\\\/Hochzeitsfotografin_-_Melanie_Melcher-219.jpg\",\"sizes\":{\"thumb\":\"https:\\\/\\\/www.melanie-melcher.de\\\/wp-content\\\/grand-media\\\/image\\\/thumb\\\/Hochzeitsfotografin_-_Melanie_Melcher-219.jpg\",\"full\":\"https:\\\/\\\/www.melanie-melcher.de\\\/wp-content\\\/grand-media\\\/image\\\/Hochzeitsfotografin_-_Melanie_Melcher-219.jpg\"},\"title\":\"Hochzeitsfotografin - Melanie Melcher-219\",\"alt\":\"Hochzeitsfotografin - Melanie Melcher-219\",\"caption\":\"\",\"url\":\"\",\"post_link\":\"https:\\\/\\\/www.melanie-melcher.de\\\/index.php\\\/gmedia\\\/hochzeitsfotografin_-_melanie_melcher-219-jpg\\\/\",\"cc\":0,\"views\":7,\"likes\":0,\"width\":800,\"height\":533},{\"id\":\"2006\",\"type\":\"image\",\"ext\":\"jpg\",\"src\":\"\\\/image\\\/Hochzeitsfotografin_-_Melanie_Melcher-327.jpg\",\"sizes\":{\"thumb\":\"https:\\\/\\\/www.melanie-melcher.de\\\/wp-content\\\/grand-media\\\/image\\\/thumb\\\/Hochzeitsfotografin_-_Melanie_Melcher-327.jpg\",\"full\":\"https:\\\/\\\/www.melanie-melcher.de\\\/wp-content\\\/grand-media\\\/image\\\/Hochzeitsfotografin_-_Melanie_Melcher-327.jpg\"},\"title\":\"Hochzeitsfotografin - Melanie Melcher-327\",\"alt\":\"Hochzeitsfotografin - Melanie Melcher-327\",\"caption\":\"\",\"url\":\"\",\"post_link\":\"https:\\\/\\\/www.melanie-melcher.de\\\/index.php\\\/gmedia\\\/hochzeitsfotografin_-_melanie_melcher-327-jpg\\\/\",\"cc\":0,\"views\":5,\"likes\":0,\"width\":800,\"height\":533},{\"id\":\"1920\",\"type\":\"image\",\"ext\":\"jpg\",\"src\":\"\\\/image\\\/Hochzeitsfotografin_-_Melanie_Melcher-23_4.jpg\",\"sizes\":{\"thumb\":\"https:\\\/\\\/www.melanie-melcher.de\\\/wp-content\\\/grand-media\\\/image\\\/thumb\\\/Hochzeitsfotografin_-_Melanie_Melcher-23_4.jpg\",\"full\":\"https:\\\/\\\/www.melanie-melcher.de\\\/wp-content\\\/grand-media\\\/image\\\/Hochzeitsfotografin_-_Melanie_Melcher-23_4.jpg\"},\"title\":\"Hochzeitsfotografin - Melanie Melcher-23\",\"alt\":\"Hochzeitsfotografin - Melanie Melcher-23\",\"caption\":\"\",\"url\":\"\",\"post_link\":\"https:\\\/\\\/www.melanie-melcher.de\\\/index.php\\\/gmedia\\\/hochzeitsfotografin_-_melanie_melcher-23_4-jpg\\\/\",\"cc\":0,\"views\":6,\"likes\":0,\"width\":800,\"height\":533},{\"id\":\"2007\",\"type\":\"image\",\"ext\":\"jpg\",\"src\":\"\\\/image\\\/Hochzeitsfotografin_-_Melanie_Melcher-328.jpg\",\"sizes\":{\"thumb\":\"https:\\\/\\\/www.melanie-melcher.de\\\/wp-content\\\/grand-media\\\/image\\\/thumb\\\/Hochzeitsfotografin_-_Melanie_Melcher-328.jpg\",\"full\":\"https:\\\/\\\/www.melanie-melcher.de\\\/wp-content\\\/grand-media\\\/image\\\/Hochzeitsfotografin_-_Melanie_Melcher-328.jpg\"},\"title\":\"Hochzeitsfotografin - Melanie Melcher-328\",\"alt\":\"Hochzeitsfotografin - Melanie Melcher-328\",\"caption\":\"\",\"url\":\"\",\"post_link\":\"https:\\\/\\\/www.melanie-melcher.de\\\/index.php\\\/gmedia\\\/hochzeitsfotografin_-_melanie_melcher-328-jpg\\\/\",\"cc\":0,\"views\":6,\"likes\":0,\"width\":800,\"height\":533},{\"id\":\"1936\",\"type\":\"image\",\"ext\":\"jpg\",\"src\":\"\\\/image\\\/Hochzeitsfotografin_-_Melanie_Melcher-81_1.jpg\",\"sizes\":{\"thumb\":\"https:\\\/\\\/www.melanie-melcher.de\\\/wp-content\\\/grand-media\\\/image\\\/thumb\\\/Hochzeitsfotografin_-_Melanie_Melcher-81_1.jpg\",\"full\":\"https:\\\/\\\/www.melanie-melcher.de\\\/wp-content\\\/grand-media\\\/image\\\/Hochzeitsfotografin_-_Melanie_Melcher-81_1.jpg\"},\"title\":\"Hochzeitsfotografin - Melanie Melcher-81\",\"alt\":\"Hochzeitsfotografin - Melanie Melcher-81\",\"caption\":\"\",\"url\":\"\",\"post_link\":\"https:\\\/\\\/www.melanie-melcher.de\\\/index.php\\\/gmedia\\\/hochzeitsfotografin_-_melanie_melcher-81_1-jpg\\\/\",\"cc\":0,\"views\":6,\"likes\":0,\"width\":800,\"height\":533},{\"id\":\"1955\",\"type\":\"image\",\"ext\":\"jpg\",\"src\":\"\\\/image\\\/Hochzeitsfotografin_-_Melanie_Melcher-147_1.jpg\",\"sizes\":{\"thumb\":\"https:\\\/\\\/www.melanie-melcher.de\\\/wp-content\\\/grand-media\\\/image\\\/thumb\\\/Hochzeitsfotografin_-_Melanie_Melcher-147_1.jpg\",\"full\":\"https:\\\/\\\/www.melanie-melcher.de\\\/wp-content\\\/grand-media\\\/image\\\/Hochzeitsfotografin_-_Melanie_Melcher-147_1.jpg\"},\"title\":\"Hochzeitsfotografin - Melanie Melcher-147\",\"alt\":\"Hochzeitsfotografin - Melanie Melcher-147\",\"caption\":\"\",\"url\":\"\",\"post_link\":\"https:\\\/\\\/www.melanie-melcher.de\\\/index.php\\\/gmedia\\\/hochzeitsfotografin_-_melanie_melcher-147_1-jpg\\\/\",\"cc\":0,\"views\":5,\"likes\":0,\"width\":533,\"height\":800},{\"id\":\"1970\",\"type\":\"image\",\"ext\":\"jpg\",\"src\":\"\\\/image\\\/Hochzeitsfotografin_-_Melanie_Melcher-216_1.jpg\",\"sizes\":{\"thumb\":\"https:\\\/\\\/www.melanie-melcher.de\\\/wp-content\\\/grand-media\\\/image\\\/thumb\\\/Hochzeitsfotografin_-_Melanie_Melcher-216_1.jpg\",\"full\":\"https:\\\/\\\/www.melanie-melcher.de\\\/wp-content\\\/grand-media\\\/image\\\/Hochzeitsfotografin_-_Melanie_Melcher-216_1.jpg\"},\"title\":\"Hochzeitsfotografin - Melanie Melcher-216\",\"alt\":\"Hochzeitsfotografin - Melanie Melcher-216\",\"caption\":\"\",\"url\":\"\",\"post_link\":\"https:\\\/\\\/www.melanie-melcher.de\\\/index.php\\\/gmedia\\\/hochzeitsfotografin_-_melanie_melcher-216_1-jpg\\\/\",\"cc\":0,\"views\":5,\"likes\":0,\"width\":800,\"height\":533},{\"id\":\"1981\",\"type\":\"image\",\"ext\":\"jpg\",\"src\":\"\\\/image\\\/Hochzeitsfotografin_-_Melanie_Melcher-246.jpg\",\"sizes\":{\"thumb\":\"https:\\\/\\\/www.melanie-melcher.de\\\/wp-content\\\/grand-media\\\/image\\\/thumb\\\/Hochzeitsfotografin_-_Melanie_Melcher-246.jpg\",\"full\":\"https:\\\/\\\/www.melanie-melcher.de\\\/wp-content\\\/grand-media\\\/image\\\/Hochzeitsfotografin_-_Melanie_Melcher-246.jpg\"},\"title\":\"Hochzeitsfotografin - Melanie Melcher-246\",\"alt\":\"Hochzeitsfotografin - Melanie Melcher-246\",\"caption\":\"\",\"url\":\"\",\"post_link\":\"https:\\\/\\\/www.melanie-melcher.de\\\/index.php\\\/gmedia\\\/hochzeitsfotografin_-_melanie_melcher-246-jpg\\\/\",\"cc\":0,\"views\":6,\"likes\":0,\"width\":533,\"height\":800},{\"id\":\"1919\",\"type\":\"image\",\"ext\":\"jpg\",\"src\":\"\\\/image\\\/Hochzeitsfotografin_-_Melanie_Melcher-21_2.jpg\",\"sizes\":{\"thumb\":\"https:\\\/\\\/www.melanie-melcher.de\\\/wp-content\\\/grand-media\\\/image\\\/thumb\\\/Hochzeitsfotografin_-_Melanie_Melcher-21_2.jpg\",\"full\":\"https:\\\/\\\/www.melanie-melcher.de\\\/wp-content\\\/grand-media\\\/image\\\/Hochzeitsfotografin_-_Melanie_Melcher-21_2.jpg\"},\"title\":\"Hochzeitsfotografin - Melanie Melcher-21\",\"alt\":\"Hochzeitsfotografin - Melanie Melcher-21\",\"caption\":\"\",\"url\":\"\",\"post_link\":\"https:\\\/\\\/www.melanie-melcher.de\\\/index.php\\\/gmedia\\\/hochzeitsfotografin_-_melanie_melcher-21_2-jpg\\\/\",\"cc\":0,\"views\":7,\"likes\":0,\"width\":533,\"height\":800},{\"id\":\"1999\",\"type\":\"image\",\"ext\":\"jpg\",\"src\":\"\\\/image\\\/Hochzeitsfotografin_-_Melanie_Melcher-310_1.jpg\",\"sizes\":{\"thumb\":\"https:\\\/\\\/www.melanie-melcher.de\\\/wp-content\\\/grand-media\\\/image\\\/thumb\\\/Hochzeitsfotografin_-_Melanie_Melcher-310_1.jpg\",\"full\":\"https:\\\/\\\/www.melanie-melcher.de\\\/wp-content\\\/grand-media\\\/image\\\/Hochzeitsfotografin_-_Melanie_Melcher-310_1.jpg\"},\"title\":\"Hochzeitsfotografin - Melanie Melcher-310\",\"alt\":\"Hochzeitsfotografin - Melanie Melcher-310\",\"caption\":\"\",\"url\":\"\",\"post_link\":\"https:\\\/\\\/www.melanie-melcher.de\\\/index.php\\\/gmedia\\\/hochzeitsfotografin_-_melanie_melcher-310_1-jpg\\\/\",\"cc\":0,\"views\":5,\"likes\":0,\"width\":800,\"height\":533},{\"id\":\"1915\",\"type\":\"image\",\"ext\":\"jpg\",\"src\":\"\\\/image\\\/Hochzeitsfotografin_-_Melanie_Melcher-4_4.jpg\",\"sizes\":{\"thumb\":\"https:\\\/\\\/www.melanie-melcher.de\\\/wp-content\\\/grand-media\\\/image\\\/thumb\\\/Hochzeitsfotografin_-_Melanie_Melcher-4_4.jpg\",\"full\":\"https:\\\/\\\/www.melanie-melcher.de\\\/wp-content\\\/grand-media\\\/image\\\/Hochzeitsfotografin_-_Melanie_Melcher-4_4.jpg\"},\"title\":\"Hochzeitsfotografin - Melanie Melcher-4\",\"alt\":\"Hochzeitsfotografin - Melanie Melcher-4\",\"caption\":\"\",\"url\":\"\",\"post_link\":\"https:\\\/\\\/www.melanie-melcher.de\\\/index.php\\\/gmedia\\\/hochzeitsfotografin_-_melanie_melcher-4_4-jpg\\\/\",\"cc\":0,\"views\":5,\"likes\":0,\"width\":800,\"height\":533},{\"id\":\"2009\",\"type\":\"image\",\"ext\":\"jpg\",\"src\":\"\\\/image\\\/Hochzeitsfotografin_-_Melanie_Melcher-338.jpg\",\"sizes\":{\"thumb\":\"https:\\\/\\\/www.melanie-melcher.de\\\/wp-content\\\/grand-media\\\/image\\\/thumb\\\/Hochzeitsfotografin_-_Melanie_Melcher-338.jpg\",\"full\":\"https:\\\/\\\/www.melanie-melcher.de\\\/wp-content\\\/grand-media\\\/image\\\/Hochzeitsfotografin_-_Melanie_Melcher-338.jpg\"},\"title\":\"Hochzeitsfotografin - Melanie Melcher-338\",\"alt\":\"Hochzeitsfotografin - Melanie Melcher-338\",\"caption\":\"\",\"url\":\"\",\"post_link\":\"https:\\\/\\\/www.melanie-melcher.de\\\/index.php\\\/gmedia\\\/hochzeitsfotografin_-_melanie_melcher-338-jpg\\\/\",\"cc\":0,\"views\":7,\"likes\":0,\"width\":800,\"height\":533},{\"id\":\"2004\",\"type\":\"image\",\"ext\":\"jpg\",\"src\":\"\\\/image\\\/Hochzeitsfotografin_-_Melanie_Melcher-323.jpg\",\"sizes\":{\"thumb\":\"https:\\\/\\\/www.melanie-melcher.de\\\/wp-content\\\/grand-media\\\/image\\\/thumb\\\/Hochzeitsfotografin_-_Melanie_Melcher-323.jpg\",\"full\":\"https:\\\/\\\/www.melanie-melcher.de\\\/wp-content\\\/grand-media\\\/image\\\/Hochzeitsfotografin_-_Melanie_Melcher-323.jpg\"},\"title\":\"Hochzeitsfotografin - Melanie Melcher-323\",\"alt\":\"Hochzeitsfotografin - Melanie Melcher-323\",\"caption\":\"\",\"url\":\"\",\"post_link\":\"https:\\\/\\\/www.melanie-melcher.de\\\/index.php\\\/gmedia\\\/hochzeitsfotografin_-_melanie_melcher-323-jpg\\\/\",\"cc\":0,\"views\":7,\"likes\":0,\"width\":800,\"height\":533},{\"id\":\"1961\",\"type\":\"image\",\"ext\":\"jpg\",\"src\":\"\\\/image\\\/Hochzeitsfotografin_-_Melanie_Melcher-171.jpg\",\"sizes\":{\"thumb\":\"https:\\\/\\\/www.melanie-melcher.de\\\/wp-content\\\/grand-media\\\/image\\\/thumb\\\/Hochzeitsfotografin_-_Melanie_Melcher-171.jpg\",\"full\":\"https:\\\/\\\/www.melanie-melcher.de\\\/wp-content\\\/grand-media\\\/image\\\/Hochzeitsfotografin_-_Melanie_Melcher-171.jpg\"},\"title\":\"Hochzeitsfotografin - Melanie Melcher-171\",\"alt\":\"Hochzeitsfotografin - Melanie Melcher-171\",\"caption\":\"\",\"url\":\"\",\"post_link\":\"https:\\\/\\\/www.melanie-melcher.de\\\/index.php\\\/gmedia\\\/hochzeitsfotografin_-_melanie_melcher-171-jpg\\\/\",\"cc\":0,\"views\":8,\"likes\":0,\"width\":800,\"height\":533},{\"id\":\"1983\",\"type\":\"image\",\"ext\":\"jpg\",\"src\":\"\\\/image\\\/Hochzeitsfotografin_-_Melanie_Melcher-251.jpg\",\"sizes\":{\"thumb\":\"https:\\\/\\\/www.melanie-melcher.de\\\/wp-content\\\/grand-media\\\/image\\\/thumb\\\/Hochzeitsfotografin_-_Melanie_Melcher-251.jpg\",\"full\":\"https:\\\/\\\/www.melanie-melcher.de\\\/wp-content\\\/grand-media\\\/image\\\/Hochzeitsfotografin_-_Melanie_Melcher-251.jpg\"},\"title\":\"Hochzeitsfotografin - Melanie Melcher-251\",\"alt\":\"Hochzeitsfotografin - Melanie Melcher-251\",\"caption\":\"\",\"url\":\"\",\"post_link\":\"https:\\\/\\\/www.melanie-melcher.de\\\/index.php\\\/gmedia\\\/hochzeitsfotografin_-_melanie_melcher-251-jpg\\\/\",\"cc\":0,\"views\":7,\"likes\":0,\"width\":800,\"height\":533},{\"id\":\"1944\",\"type\":\"image\",\"ext\":\"jpg\",\"src\":\"\\\/image\\\/Hochzeitsfotografin_-_Melanie_Melcher-115_1.jpg\",\"sizes\":{\"thumb\":\"https:\\\/\\\/www.melanie-melcher.de\\\/wp-content\\\/grand-media\\\/image\\\/thumb\\\/Hochzeitsfotografin_-_Melanie_Melcher-115_1.jpg\",\"full\":\"https:\\\/\\\/www.melanie-melcher.de\\\/wp-content\\\/grand-media\\\/image\\\/Hochzeitsfotografin_-_Melanie_Melcher-115_1.jpg\"},\"title\":\"Hochzeitsfotografin - Melanie Melcher-115\",\"alt\":\"Hochzeitsfotografin - Melanie Melcher-115\",\"caption\":\"\",\"url\":\"\",\"post_link\":\"https:\\\/\\\/www.melanie-melcher.de\\\/index.php\\\/gmedia\\\/hochzeitsfotografin_-_melanie_melcher-115_1-jpg\\\/\",\"cc\":0,\"views\":5,\"likes\":0,\"width\":800,\"height\":533},{\"id\":\"1926\",\"type\":\"image\",\"ext\":\"jpg\",\"src\":\"\\\/image\\\/Hochzeitsfotografin_-_Melanie_Melcher-44_5.jpg\",\"sizes\":{\"thumb\":\"https:\\\/\\\/www.melanie-melcher.de\\\/wp-content\\\/grand-media\\\/image\\\/thumb\\\/Hochzeitsfotografin_-_Melanie_Melcher-44_5.jpg\",\"full\":\"https:\\\/\\\/www.melanie-melcher.de\\\/wp-content\\\/grand-media\\\/image\\\/Hochzeitsfotografin_-_Melanie_Melcher-44_5.jpg\"},\"title\":\"Hochzeitsfotografin - Melanie Melcher-44\",\"alt\":\"Hochzeitsfotografin - Melanie Melcher-44\",\"caption\":\"\",\"url\":\"\",\"post_link\":\"https:\\\/\\\/www.melanie-melcher.de\\\/index.php\\\/gmedia\\\/hochzeitsfotografin_-_melanie_melcher-44_5-jpg\\\/\",\"cc\":0,\"views\":7,\"likes\":0,\"width\":800,\"height\":533},{\"id\":\"1964\",\"type\":\"image\",\"ext\":\"jpg\",\"src\":\"\\\/image\\\/Hochzeitsfotografin_-_Melanie_Melcher-181.jpg\",\"sizes\":{\"thumb\":\"https:\\\/\\\/www.melanie-melcher.de\\\/wp-content\\\/grand-media\\\/image\\\/thumb\\\/Hochzeitsfotografin_-_Melanie_Melcher-181.jpg\",\"full\":\"https:\\\/\\\/www.melanie-melcher.de\\\/wp-content\\\/grand-media\\\/image\\\/Hochzeitsfotografin_-_Melanie_Melcher-181.jpg\"},\"title\":\"Hochzeitsfotografin - Melanie Melcher-181\",\"alt\":\"Hochzeitsfotografin - Melanie Melcher-181\",\"caption\":\"\",\"url\":\"\",\"post_link\":\"https:\\\/\\\/www.melanie-melcher.de\\\/index.php\\\/gmedia\\\/hochzeitsfotografin_-_melanie_melcher-181-jpg\\\/\",\"cc\":0,\"views\":5,\"likes\":0,\"width\":800,\"height\":533},{\"id\":\"1958\",\"type\":\"image\",\"ext\":\"jpg\",\"src\":\"\\\/image\\\/Hochzeitsfotografin_-_Melanie_Melcher-165_1.jpg\",\"sizes\":{\"thumb\":\"https:\\\/\\\/www.melanie-melcher.de\\\/wp-content\\\/grand-media\\\/image\\\/thumb\\\/Hochzeitsfotografin_-_Melanie_Melcher-165_1.jpg\",\"full\":\"https:\\\/\\\/www.melanie-melcher.de\\\/wp-content\\\/grand-media\\\/image\\\/Hochzeitsfotografin_-_Melanie_Melcher-165_1.jpg\"},\"title\":\"Hochzeitsfotografin - Melanie Melcher-165\",\"alt\":\"Hochzeitsfotografin - Melanie Melcher-165\",\"caption\":\"\",\"url\":\"\",\"post_link\":\"https:\\\/\\\/www.melanie-melcher.de\\\/index.php\\\/gmedia\\\/hochzeitsfotografin_-_melanie_melcher-165_1-jpg\\\/\",\"cc\":0,\"views\":4,\"likes\":0,\"width\":800,\"height\":533},{\"id\":\"1948\",\"type\":\"image\",\"ext\":\"jpg\",\"src\":\"\\\/image\\\/Hochzeitsfotografin_-_Melanie_Melcher-121.jpg\",\"sizes\":{\"thumb\":\"https:\\\/\\\/www.melanie-melcher.de\\\/wp-content\\\/grand-media\\\/image\\\/thumb\\\/Hochzeitsfotografin_-_Melanie_Melcher-121.jpg\",\"full\":\"https:\\\/\\\/www.melanie-melcher.de\\\/wp-content\\\/grand-media\\\/image\\\/Hochzeitsfotografin_-_Melanie_Melcher-121.jpg\"},\"title\":\"Hochzeitsfotografin - Melanie Melcher-121\",\"alt\":\"Hochzeitsfotografin - Melanie Melcher-121\",\"caption\":\"\",\"url\":\"\",\"post_link\":\"https:\\\/\\\/www.melanie-melcher.de\\\/index.php\\\/gmedia\\\/hochzeitsfotografin_-_melanie_melcher-121-jpg\\\/\",\"cc\":0,\"views\":6,\"likes\":0,\"width\":800,\"height\":533},{\"id\":\"1972\",\"type\":\"image\",\"ext\":\"jpg\",\"src\":\"\\\/image\\\/Hochzeitsfotografin_-_Melanie_Melcher-222.jpg\",\"sizes\":{\"thumb\":\"https:\\\/\\\/www.melanie-melcher.de\\\/wp-content\\\/grand-media\\\/image\\\/thumb\\\/Hochzeitsfotografin_-_Melanie_Melcher-222.jpg\",\"full\":\"https:\\\/\\\/www.melanie-melcher.de\\\/wp-content\\\/grand-media\\\/image\\\/Hochzeitsfotografin_-_Melanie_Melcher-222.jpg\"},\"title\":\"Hochzeitsfotografin - Melanie Melcher-222\",\"alt\":\"Hochzeitsfotografin - Melanie Melcher-222\",\"caption\":\"\",\"url\":\"\",\"post_link\":\"https:\\\/\\\/www.melanie-melcher.de\\\/index.php\\\/gmedia\\\/hochzeitsfotografin_-_melanie_melcher-222-jpg\\\/\",\"cc\":0,\"views\":5,\"likes\":0,\"width\":800,\"height\":533},{\"id\":\"1942\",\"type\":\"image\",\"ext\":\"jpg\",\"src\":\"\\\/image\\\/Hochzeitsfotografin_-_Melanie_Melcher-111_1.jpg\",\"sizes\":{\"thumb\":\"https:\\\/\\\/www.melanie-melcher.de\\\/wp-content\\\/grand-media\\\/image\\\/thumb\\\/Hochzeitsfotografin_-_Melanie_Melcher-111_1.jpg\",\"full\":\"https:\\\/\\\/www.melanie-melcher.de\\\/wp-content\\\/grand-media\\\/image\\\/Hochzeitsfotografin_-_Melanie_Melcher-111_1.jpg\"},\"title\":\"Hochzeitsfotografin - Melanie Melcher-111\",\"alt\":\"Hochzeitsfotografin - Melanie Melcher-111\",\"caption\":\"\",\"url\":\"\",\"post_link\":\"https:\\\/\\\/www.melanie-melcher.de\\\/index.php\\\/gmedia\\\/hochzeitsfotografin_-_melanie_melcher-111_1-jpg\\\/\",\"cc\":0,\"views\":8,\"likes\":0,\"width\":800,\"height\":533},{\"id\":\"1928\",\"type\":\"image\",\"ext\":\"jpg\",\"src\":\"\\\/image\\\/Hochzeitsfotografin_-_Melanie_Melcher-50_2.jpg\",\"sizes\":{\"thumb\":\"https:\\\/\\\/www.melanie-melcher.de\\\/wp-content\\\/grand-media\\\/image\\\/thumb\\\/Hochzeitsfotografin_-_Melanie_Melcher-50_2.jpg\",\"full\":\"https:\\\/\\\/www.melanie-melcher.de\\\/wp-content\\\/grand-media\\\/image\\\/Hochzeitsfotografin_-_Melanie_Melcher-50_2.jpg\"},\"title\":\"Hochzeitsfotografin - Melanie Melcher-50\",\"alt\":\"Hochzeitsfotografin - Melanie Melcher-50\",\"caption\":\"\",\"url\":\"\",\"post_link\":\"https:\\\/\\\/www.melanie-melcher.de\\\/index.php\\\/gmedia\\\/hochzeitsfotografin_-_melanie_melcher-50_2-jpg\\\/\",\"cc\":0,\"views\":6,\"likes\":0,\"width\":800,\"height\":533},{\"id\":\"1921\",\"type\":\"image\",\"ext\":\"jpg\",\"src\":\"\\\/image\\\/Hochzeitsfotografin_-_Melanie_Melcher-25_2.jpg\",\"sizes\":{\"thumb\":\"https:\\\/\\\/www.melanie-melcher.de\\\/wp-content\\\/grand-media\\\/image\\\/thumb\\\/Hochzeitsfotografin_-_Melanie_Melcher-25_2.jpg\",\"full\":\"https:\\\/\\\/www.melanie-melcher.de\\\/wp-content\\\/grand-media\\\/image\\\/Hochzeitsfotografin_-_Melanie_Melcher-25_2.jpg\"},\"title\":\"Hochzeitsfotografin - Melanie Melcher-25\",\"alt\":\"Hochzeitsfotografin - Melanie Melcher-25\",\"caption\":\"\",\"url\":\"\",\"post_link\":\"https:\\\/\\\/www.melanie-melcher.de\\\/index.php\\\/gmedia\\\/hochzeitsfotografin_-_melanie_melcher-25_2-jpg\\\/\",\"cc\":0,\"views\":5,\"likes\":0,\"width\":800,\"height\":533},{\"id\":\"2001\",\"type\":\"image\",\"ext\":\"jpg\",\"src\":\"\\\/image\\\/Hochzeitsfotografin_-_Melanie_Melcher-314.jpg\",\"sizes\":{\"thumb\":\"https:\\\/\\\/www.melanie-melcher.de\\\/wp-content\\\/grand-media\\\/image\\\/thumb\\\/Hochzeitsfotografin_-_Melanie_Melcher-314.jpg\",\"full\":\"https:\\\/\\\/www.melanie-melcher.de\\\/wp-content\\\/grand-media\\\/image\\\/Hochzeitsfotografin_-_Melanie_Melcher-314.jpg\"},\"title\":\"Hochzeitsfotografin - Melanie Melcher-314\",\"alt\":\"Hochzeitsfotografin - Melanie Melcher-314\",\"caption\":\"\",\"url\":\"\",\"post_link\":\"https:\\\/\\\/www.melanie-melcher.de\\\/index.php\\\/gmedia\\\/hochzeitsfotografin_-_melanie_melcher-314-jpg\\\/\",\"cc\":0,\"views\":8,\"likes\":0,\"width\":800,\"height\":533},{\"id\":\"1938\",\"type\":\"image\",\"ext\":\"jpg\",\"src\":\"\\\/image\\\/Hochzeitsfotografin_-_Melanie_Melcher-88_3.jpg\",\"sizes\":{\"thumb\":\"https:\\\/\\\/www.melanie-melcher.de\\\/wp-content\\\/grand-media\\\/image\\\/thumb\\\/Hochzeitsfotografin_-_Melanie_Melcher-88_3.jpg\",\"full\":\"https:\\\/\\\/www.melanie-melcher.de\\\/wp-content\\\/grand-media\\\/image\\\/Hochzeitsfotografin_-_Melanie_Melcher-88_3.jpg\"},\"title\":\"Hochzeitsfotografin - Melanie Melcher-88\",\"alt\":\"Hochzeitsfotografin - Melanie Melcher-88\",\"caption\":\"\",\"url\":\"\",\"post_link\":\"https:\\\/\\\/www.melanie-melcher.de\\\/index.php\\\/gmedia\\\/hochzeitsfotografin_-_melanie_melcher-88_3-jpg\\\/\",\"cc\":0,\"views\":6,\"likes\":0,\"width\":800,\"height\":533},{\"id\":\"1963\",\"type\":\"image\",\"ext\":\"jpg\",\"src\":\"\\\/image\\\/Hochzeitsfotografin_-_Melanie_Melcher-180.jpg\",\"sizes\":{\"thumb\":\"https:\\\/\\\/www.melanie-melcher.de\\\/wp-content\\\/grand-media\\\/image\\\/thumb\\\/Hochzeitsfotografin_-_Melanie_Melcher-180.jpg\",\"full\":\"https:\\\/\\\/www.melanie-melcher.de\\\/wp-content\\\/grand-media\\\/image\\\/Hochzeitsfotografin_-_Melanie_Melcher-180.jpg\"},\"title\":\"Hochzeitsfotografin - Melanie Melcher-180\",\"alt\":\"Hochzeitsfotografin - Melanie Melcher-180\",\"caption\":\"\",\"url\":\"\",\"post_link\":\"https:\\\/\\\/www.melanie-melcher.de\\\/index.php\\\/gmedia\\\/hochzeitsfotografin_-_melanie_melcher-180-jpg\\\/\",\"cc\":0,\"views\":6,\"likes\":0,\"width\":800,\"height\":533},{\"id\":\"1969\",\"type\":\"image\",\"ext\":\"jpg\",\"src\":\"\\\/image\\\/Hochzeitsfotografin_-_Melanie_Melcher-214.jpg\",\"sizes\":{\"thumb\":\"https:\\\/\\\/www.melanie-melcher.de\\\/wp-content\\\/grand-media\\\/image\\\/thumb\\\/Hochzeitsfotografin_-_Melanie_Melcher-214.jpg\",\"full\":\"https:\\\/\\\/www.melanie-melcher.de\\\/wp-content\\\/grand-media\\\/image\\\/Hochzeitsfotografin_-_Melanie_Melcher-214.jpg\"},\"title\":\"Hochzeitsfotografin - Melanie Melcher-214\",\"alt\":\"Hochzeitsfotografin - Melanie Melcher-214\",\"caption\":\"\",\"url\":\"\",\"post_link\":\"https:\\\/\\\/www.melanie-melcher.de\\\/index.php\\\/gmedia\\\/hochzeitsfotografin_-_melanie_melcher-214-jpg\\\/\",\"cc\":0,\"views\":5,\"likes\":0,\"width\":800,\"height\":533},{\"id\":\"1993\",\"type\":\"image\",\"ext\":\"jpg\",\"src\":\"\\\/image\\\/Hochzeitsfotografin_-_Melanie_Melcher-291.jpg\",\"sizes\":{\"thumb\":\"https:\\\/\\\/www.melanie-melcher.de\\\/wp-content\\\/grand-media\\\/image\\\/thumb\\\/Hochzeitsfotografin_-_Melanie_Melcher-291.jpg\",\"full\":\"https:\\\/\\\/www.melanie-melcher.de\\\/wp-content\\\/grand-media\\\/image\\\/Hochzeitsfotografin_-_Melanie_Melcher-291.jpg\"},\"title\":\"Hochzeitsfotografin - Melanie Melcher-291\",\"alt\":\"Hochzeitsfotografin - Melanie Melcher-291\",\"caption\":\"\",\"url\":\"\",\"post_link\":\"https:\\\/\\\/www.melanie-melcher.de\\\/index.php\\\/gmedia\\\/hochzeitsfotografin_-_melanie_melcher-291-jpg\\\/\",\"cc\":0,\"views\":5,\"likes\":0,\"width\":800,\"height\":533},{\"id\":\"1947\",\"type\":\"image\",\"ext\":\"jpg\",\"src\":\"\\\/image\\\/Hochzeitsfotografin_-_Melanie_Melcher-120_1.jpg\",\"sizes\":{\"thumb\":\"https:\\\/\\\/www.melanie-melcher.de\\\/wp-content\\\/grand-media\\\/image\\\/thumb\\\/Hochzeitsfotografin_-_Melanie_Melcher-120_1.jpg\",\"full\":\"https:\\\/\\\/www.melanie-melcher.de\\\/wp-content\\\/grand-media\\\/image\\\/Hochzeitsfotografin_-_Melanie_Melcher-120_1.jpg\"},\"title\":\"Hochzeitsfotografin - Melanie Melcher-120\",\"alt\":\"Hochzeitsfotografin - Melanie Melcher-120\",\"caption\":\"\",\"url\":\"\",\"post_link\":\"https:\\\/\\\/www.melanie-melcher.de\\\/index.php\\\/gmedia\\\/hochzeitsfotografin_-_melanie_melcher-120_1-jpg\\\/\",\"cc\":0,\"views\":7,\"likes\":0,\"width\":800,\"height\":533},{\"id\":\"2010\",\"type\":\"image\",\"ext\":\"jpg\",\"src\":\"\\\/image\\\/Hochzeitsfotografin_-_Melanie_Melcher-341.jpg\",\"sizes\":{\"thumb\":\"https:\\\/\\\/www.melanie-melcher.de\\\/wp-content\\\/grand-media\\\/image\\\/thumb\\\/Hochzeitsfotografin_-_Melanie_Melcher-341.jpg\",\"full\":\"https:\\\/\\\/www.melanie-melcher.de\\\/wp-content\\\/grand-media\\\/image\\\/Hochzeitsfotografin_-_Melanie_Melcher-341.jpg\"},\"title\":\"Hochzeitsfotografin - Melanie Melcher-341\",\"alt\":\"Hochzeitsfotografin - Melanie Melcher-341\",\"caption\":\"\",\"url\":\"\",\"post_link\":\"https:\\\/\\\/www.melanie-melcher.de\\\/index.php\\\/gmedia\\\/hochzeitsfotografin_-_melanie_melcher-341-jpg\\\/\",\"cc\":0,\"views\":5,\"likes\":0,\"width\":800,\"height\":533},{\"id\":\"1979\",\"type\":\"image\",\"ext\":\"jpg\",\"src\":\"\\\/image\\\/Hochzeitsfotografin_-_Melanie_Melcher-243.jpg\",\"sizes\":{\"thumb\":\"https:\\\/\\\/www.melanie-melcher.de\\\/wp-content\\\/grand-media\\\/image\\\/thumb\\\/Hochzeitsfotografin_-_Melanie_Melcher-243.jpg\",\"full\":\"https:\\\/\\\/www.melanie-melcher.de\\\/wp-content\\\/grand-media\\\/image\\\/Hochzeitsfotografin_-_Melanie_Melcher-243.jpg\"},\"title\":\"Hochzeitsfotografin - Melanie Melcher-243\",\"alt\":\"Hochzeitsfotografin - Melanie Melcher-243\",\"caption\":\"\",\"url\":\"\",\"post_link\":\"https:\\\/\\\/www.melanie-melcher.de\\\/index.php\\\/gmedia\\\/hochzeitsfotografin_-_melanie_melcher-243-jpg\\\/\",\"cc\":0,\"views\":6,\"likes\":0,\"width\":533,\"height\":800},{\"id\":\"1957\",\"type\":\"image\",\"ext\":\"jpg\",\"src\":\"\\\/image\\\/Hochzeitsfotografin_-_Melanie_Melcher-164_1.jpg\",\"sizes\":{\"thumb\":\"https:\\\/\\\/www.melanie-melcher.de\\\/wp-content\\\/grand-media\\\/image\\\/thumb\\\/Hochzeitsfotografin_-_Melanie_Melcher-164_1.jpg\",\"full\":\"https:\\\/\\\/www.melanie-melcher.de\\\/wp-content\\\/grand-media\\\/image\\\/Hochzeitsfotografin_-_Melanie_Melcher-164_1.jpg\"},\"title\":\"Hochzeitsfotografin - Melanie Melcher-164\",\"alt\":\"Hochzeitsfotografin - Melanie Melcher-164\",\"caption\":\"\",\"url\":\"\",\"post_link\":\"https:\\\/\\\/www.melanie-melcher.de\\\/index.php\\\/gmedia\\\/hochzeitsfotografin_-_melanie_melcher-164_1-jpg\\\/\",\"cc\":0,\"views\":5,\"likes\":0,\"width\":800,\"height\":533},{\"id\":\"1935\",\"type\":\"image\",\"ext\":\"jpg\",\"src\":\"\\\/image\\\/Hochzeitsfotografin_-_Melanie_Melcher-75_3.jpg\",\"sizes\":{\"thumb\":\"https:\\\/\\\/www.melanie-melcher.de\\\/wp-content\\\/grand-media\\\/image\\\/thumb\\\/Hochzeitsfotografin_-_Melanie_Melcher-75_3.jpg\",\"full\":\"https:\\\/\\\/www.melanie-melcher.de\\\/wp-content\\\/grand-media\\\/image\\\/Hochzeitsfotografin_-_Melanie_Melcher-75_3.jpg\"},\"title\":\"Hochzeitsfotografin - Melanie Melcher-75\",\"alt\":\"Hochzeitsfotografin - Melanie Melcher-75\",\"caption\":\"\",\"url\":\"\",\"post_link\":\"https:\\\/\\\/www.melanie-melcher.de\\\/index.php\\\/gmedia\\\/hochzeitsfotografin_-_melanie_melcher-75_3-jpg\\\/\",\"cc\":0,\"views\":6,\"likes\":0,\"width\":800,\"height\":533},{\"id\":\"1959\",\"type\":\"image\",\"ext\":\"jpg\",\"src\":\"\\\/image\\\/Hochzeitsfotografin_-_Melanie_Melcher-168.jpg\",\"sizes\":{\"thumb\":\"https:\\\/\\\/www.melanie-melcher.de\\\/wp-content\\\/grand-media\\\/image\\\/thumb\\\/Hochzeitsfotografin_-_Melanie_Melcher-168.jpg\",\"full\":\"https:\\\/\\\/www.melanie-melcher.de\\\/wp-content\\\/grand-media\\\/image\\\/Hochzeitsfotografin_-_Melanie_Melcher-168.jpg\"},\"title\":\"Hochzeitsfotografin - Melanie Melcher-168\",\"alt\":\"Hochzeitsfotografin - Melanie Melcher-168\",\"caption\":\"\",\"url\":\"\",\"post_link\":\"https:\\\/\\\/www.melanie-melcher.de\\\/index.php\\\/gmedia\\\/hochzeitsfotografin_-_melanie_melcher-168-jpg\\\/\",\"cc\":0,\"views\":5,\"likes\":0,\"width\":800,\"height\":533},{\"id\":\"1940\",\"type\":\"image\",\"ext\":\"jpg\",\"src\":\"\\\/image\\\/Hochzeitsfotografin_-_Melanie_Melcher-98_2.jpg\",\"sizes\":{\"thumb\":\"https:\\\/\\\/www.melanie-melcher.de\\\/wp-content\\\/grand-media\\\/image\\\/thumb\\\/Hochzeitsfotografin_-_Melanie_Melcher-98_2.jpg\",\"full\":\"https:\\\/\\\/www.melanie-melcher.de\\\/wp-content\\\/grand-media\\\/image\\\/Hochzeitsfotografin_-_Melanie_Melcher-98_2.jpg\"},\"title\":\"Hochzeitsfotografin - Melanie Melcher-98\",\"alt\":\"Hochzeitsfotografin - Melanie Melcher-98\",\"caption\":\"\",\"url\":\"\",\"post_link\":\"https:\\\/\\\/www.melanie-melcher.de\\\/index.php\\\/gmedia\\\/hochzeitsfotografin_-_melanie_melcher-98_2-jpg\\\/\",\"cc\":0,\"views\":7,\"likes\":0,\"width\":533,\"height\":800},{\"id\":\"1954\",\"type\":\"image\",\"ext\":\"jpg\",\"src\":\"\\\/image\\\/Hochzeitsfotografin_-_Melanie_Melcher-146.jpg\",\"sizes\":{\"thumb\":\"https:\\\/\\\/www.melanie-melcher.de\\\/wp-content\\\/grand-media\\\/image\\\/thumb\\\/Hochzeitsfotografin_-_Melanie_Melcher-146.jpg\",\"full\":\"https:\\\/\\\/www.melanie-melcher.de\\\/wp-content\\\/grand-media\\\/image\\\/Hochzeitsfotografin_-_Melanie_Melcher-146.jpg\"},\"title\":\"Hochzeitsfotografin - Melanie Melcher-146\",\"alt\":\"Hochzeitsfotografin - Melanie Melcher-146\",\"caption\":\"\",\"url\":\"\",\"post_link\":\"https:\\\/\\\/www.melanie-melcher.de\\\/index.php\\\/gmedia\\\/hochzeitsfotografin_-_melanie_melcher-146-jpg\\\/\",\"cc\":0,\"views\":7,\"likes\":0,\"width\":800,\"height\":533},{\"id\":\"1984\",\"type\":\"image\",\"ext\":\"jpg\",\"src\":\"\\\/image\\\/Hochzeitsfotografin_-_Melanie_Melcher-255.jpg\",\"sizes\":{\"thumb\":\"https:\\\/\\\/www.melanie-melcher.de\\\/wp-content\\\/grand-media\\\/image\\\/thumb\\\/Hochzeitsfotografin_-_Melanie_Melcher-255.jpg\",\"full\":\"https:\\\/\\\/www.melanie-melcher.de\\\/wp-content\\\/grand-media\\\/image\\\/Hochzeitsfotografin_-_Melanie_Melcher-255.jpg\"},\"title\":\"Hochzeitsfotografin - Melanie Melcher-255\",\"alt\":\"Hochzeitsfotografin - Melanie Melcher-255\",\"caption\":\"\",\"url\":\"\",\"post_link\":\"https:\\\/\\\/www.melanie-melcher.de\\\/index.php\\\/gmedia\\\/hochzeitsfotografin_-_melanie_melcher-255-jpg\\\/\",\"cc\":0,\"views\":5,\"likes\":0,\"width\":800,\"height\":533},{\"id\":\"1934\",\"type\":\"image\",\"ext\":\"jpg\",\"src\":\"\\\/image\\\/Hochzeitsfotografin_-_Melanie_Melcher-72_2.jpg\",\"sizes\":{\"thumb\":\"https:\\\/\\\/www.melanie-melcher.de\\\/wp-content\\\/grand-media\\\/image\\\/thumb\\\/Hochzeitsfotografin_-_Melanie_Melcher-72_2.jpg\",\"full\":\"https:\\\/\\\/www.melanie-melcher.de\\\/wp-content\\\/grand-media\\\/image\\\/Hochzeitsfotografin_-_Melanie_Melcher-72_2.jpg\"},\"title\":\"Hochzeitsfotografin - Melanie Melcher-72\",\"alt\":\"Hochzeitsfotografin - Melanie Melcher-72\",\"caption\":\"\",\"url\":\"\",\"post_link\":\"https:\\\/\\\/www.melanie-melcher.de\\\/index.php\\\/gmedia\\\/hochzeitsfotografin_-_melanie_melcher-72_2-jpg\\\/\",\"cc\":0,\"views\":6,\"likes\":0,\"width\":800,\"height\":533},{\"id\":\"1932\",\"type\":\"image\",\"ext\":\"jpg\",\"src\":\"\\\/image\\\/Hochzeitsfotografin_-_Melanie_Melcher-69_3.jpg\",\"sizes\":{\"thumb\":\"https:\\\/\\\/www.melanie-melcher.de\\\/wp-content\\\/grand-media\\\/image\\\/thumb\\\/Hochzeitsfotografin_-_Melanie_Melcher-69_3.jpg\",\"full\":\"https:\\\/\\\/www.melanie-melcher.de\\\/wp-content\\\/grand-media\\\/image\\\/Hochzeitsfotografin_-_Melanie_Melcher-69_3.jpg\"},\"title\":\"Hochzeitsfotografin - Melanie Melcher-69\",\"alt\":\"Hochzeitsfotografin - Melanie Melcher-69\",\"caption\":\"\",\"url\":\"\",\"post_link\":\"https:\\\/\\\/www.melanie-melcher.de\\\/index.php\\\/gmedia\\\/hochzeitsfotografin_-_melanie_melcher-69_3-jpg\\\/\",\"cc\":0,\"views\":7,\"likes\":0,\"width\":800,\"height\":533},{\"id\":\"1991\",\"type\":\"image\",\"ext\":\"jpg\",\"src\":\"\\\/image\\\/Hochzeitsfotografin_-_Melanie_Melcher-284.jpg\",\"sizes\":{\"thumb\":\"https:\\\/\\\/www.melanie-melcher.de\\\/wp-content\\\/grand-media\\\/image\\\/thumb\\\/Hochzeitsfotografin_-_Melanie_Melcher-284.jpg\",\"full\":\"https:\\\/\\\/www.melanie-melcher.de\\\/wp-content\\\/grand-media\\\/image\\\/Hochzeitsfotografin_-_Melanie_Melcher-284.jpg\"},\"title\":\"Hochzeitsfotografin - Melanie Melcher-284\",\"alt\":\"Hochzeitsfotografin - Melanie Melcher-284\",\"caption\":\"\",\"url\":\"\",\"post_link\":\"https:\\\/\\\/www.melanie-melcher.de\\\/index.php\\\/gmedia\\\/hochzeitsfotografin_-_melanie_melcher-284-jpg\\\/\",\"cc\":0,\"views\":6,\"likes\":0,\"width\":800,\"height\":533},{\"id\":\"1973\",\"type\":\"image\",\"ext\":\"jpg\",\"src\":\"\\\/image\\\/Hochzeitsfotografin_-_Melanie_Melcher-226.jpg\",\"sizes\":{\"thumb\":\"https:\\\/\\\/www.melanie-melcher.de\\\/wp-content\\\/grand-media\\\/image\\\/thumb\\\/Hochzeitsfotografin_-_Melanie_Melcher-226.jpg\",\"full\":\"https:\\\/\\\/www.melanie-melcher.de\\\/wp-content\\\/grand-media\\\/image\\\/Hochzeitsfotografin_-_Melanie_Melcher-226.jpg\"},\"title\":\"Hochzeitsfotografin - Melanie Melcher-226\",\"alt\":\"Hochzeitsfotografin - Melanie Melcher-226\",\"caption\":\"\",\"url\":\"\",\"post_link\":\"https:\\\/\\\/www.melanie-melcher.de\\\/index.php\\\/gmedia\\\/hochzeitsfotografin_-_melanie_melcher-226-jpg\\\/\",\"cc\":0,\"views\":4,\"likes\":0,\"width\":533,\"height\":800},{\"id\":\"1987\",\"type\":\"image\",\"ext\":\"jpg\",\"src\":\"\\\/image\\\/Hochzeitsfotografin_-_Melanie_Melcher-269.jpg\",\"sizes\":{\"thumb\":\"https:\\\/\\\/www.melanie-melcher.de\\\/wp-content\\\/grand-media\\\/image\\\/thumb\\\/Hochzeitsfotografin_-_Melanie_Melcher-269.jpg\",\"full\":\"https:\\\/\\\/www.melanie-melcher.de\\\/wp-content\\\/grand-media\\\/image\\\/Hochzeitsfotografin_-_Melanie_Melcher-269.jpg\"},\"title\":\"Hochzeitsfotografin - Melanie Melcher-269\",\"alt\":\"Hochzeitsfotografin - Melanie Melcher-269\",\"caption\":\"\",\"url\":\"\",\"post_link\":\"https:\\\/\\\/www.melanie-melcher.de\\\/index.php\\\/gmedia\\\/hochzeitsfotografin_-_melanie_melcher-269-jpg\\\/\",\"cc\":0,\"views\":6,\"likes\":0,\"width\":533,\"height\":800},{\"id\":\"1922\",\"type\":\"image\",\"ext\":\"jpg\",\"src\":\"\\\/image\\\/Hochzeitsfotografin_-_Melanie_Melcher-27_2.jpg\",\"sizes\":{\"thumb\":\"https:\\\/\\\/www.melanie-melcher.de\\\/wp-content\\\/grand-media\\\/image\\\/thumb\\\/Hochzeitsfotografin_-_Melanie_Melcher-27_2.jpg\",\"full\":\"https:\\\/\\\/www.melanie-melcher.de\\\/wp-content\\\/grand-media\\\/image\\\/Hochzeitsfotografin_-_Melanie_Melcher-27_2.jpg\"},\"title\":\"Hochzeitsfotografin - Melanie Melcher-27\",\"alt\":\"Hochzeitsfotografin - Melanie Melcher-27\",\"caption\":\"\",\"url\":\"\",\"post_link\":\"https:\\\/\\\/www.melanie-melcher.de\\\/index.php\\\/gmedia\\\/hochzeitsfotografin_-_melanie_melcher-27_2-jpg\\\/\",\"cc\":0,\"views\":5,\"likes\":0,\"width\":800,\"height\":533},{\"id\":\"1917\",\"type\":\"image\",\"ext\":\"jpg\",\"src\":\"\\\/image\\\/Hochzeitsfotografin_-_Melanie_Melcher-11_4.jpg\",\"sizes\":{\"thumb\":\"https:\\\/\\\/www.melanie-melcher.de\\\/wp-content\\\/grand-media\\\/image\\\/thumb\\\/Hochzeitsfotografin_-_Melanie_Melcher-11_4.jpg\",\"full\":\"https:\\\/\\\/www.melanie-melcher.de\\\/wp-content\\\/grand-media\\\/image\\\/Hochzeitsfotografin_-_Melanie_Melcher-11_4.jpg\"},\"title\":\"Hochzeitsfotografin - Melanie Melcher-11\",\"alt\":\"Hochzeitsfotografin - Melanie Melcher-11\",\"caption\":\"\",\"url\":\"\",\"post_link\":\"https:\\\/\\\/www.melanie-melcher.de\\\/index.php\\\/gmedia\\\/hochzeitsfotografin_-_melanie_melcher-11_4-jpg\\\/\",\"cc\":0,\"views\":5,\"likes\":0,\"width\":800,\"height\":533},{\"id\":\"1962\",\"type\":\"image\",\"ext\":\"jpg\",\"src\":\"\\\/image\\\/Hochzeitsfotografin_-_Melanie_Melcher-173.jpg\",\"sizes\":{\"thumb\":\"https:\\\/\\\/www.melanie-melcher.de\\\/wp-content\\\/grand-media\\\/image\\\/thumb\\\/Hochzeitsfotografin_-_Melanie_Melcher-173.jpg\",\"full\":\"https:\\\/\\\/www.melanie-melcher.de\\\/wp-content\\\/grand-media\\\/image\\\/Hochzeitsfotografin_-_Melanie_Melcher-173.jpg\"},\"title\":\"Hochzeitsfotografin - Melanie Melcher-173\",\"alt\":\"Hochzeitsfotografin - Melanie Melcher-173\",\"caption\":\"\",\"url\":\"\",\"post_link\":\"https:\\\/\\\/www.melanie-melcher.de\\\/index.php\\\/gmedia\\\/hochzeitsfotografin_-_melanie_melcher-173-jpg\\\/\",\"cc\":0,\"views\":7,\"likes\":0,\"width\":800,\"height\":533},{\"id\":\"1925\",\"type\":\"image\",\"ext\":\"jpg\",\"src\":\"\\\/image\\\/Hochzeitsfotografin_-_Melanie_Melcher-41_4.jpg\",\"sizes\":{\"thumb\":\"https:\\\/\\\/www.melanie-melcher.de\\\/wp-content\\\/grand-media\\\/image\\\/thumb\\\/Hochzeitsfotografin_-_Melanie_Melcher-41_4.jpg\",\"full\":\"https:\\\/\\\/www.melanie-melcher.de\\\/wp-content\\\/grand-media\\\/image\\\/Hochzeitsfotografin_-_Melanie_Melcher-41_4.jpg\"},\"title\":\"Hochzeitsfotografin - Melanie Melcher-41\",\"alt\":\"Hochzeitsfotografin - Melanie Melcher-41\",\"caption\":\"\",\"url\":\"\",\"post_link\":\"https:\\\/\\\/www.melanie-melcher.de\\\/index.php\\\/gmedia\\\/hochzeitsfotografin_-_melanie_melcher-41_4-jpg\\\/\",\"cc\":0,\"views\":5,\"likes\":0,\"width\":800,\"height\":533},{\"id\":\"1943\",\"type\":\"image\",\"ext\":\"jpg\",\"src\":\"\\\/image\\\/Hochzeitsfotografin_-_Melanie_Melcher-113_2.jpg\",\"sizes\":{\"thumb\":\"https:\\\/\\\/www.melanie-melcher.de\\\/wp-content\\\/grand-media\\\/image\\\/thumb\\\/Hochzeitsfotografin_-_Melanie_Melcher-113_2.jpg\",\"full\":\"https:\\\/\\\/www.melanie-melcher.de\\\/wp-content\\\/grand-media\\\/image\\\/Hochzeitsfotografin_-_Melanie_Melcher-113_2.jpg\"},\"title\":\"Hochzeitsfotografin - Melanie Melcher-113\",\"alt\":\"Hochzeitsfotografin - Melanie Melcher-113\",\"caption\":\"\",\"url\":\"\",\"post_link\":\"https:\\\/\\\/www.melanie-melcher.de\\\/index.php\\\/gmedia\\\/hochzeitsfotografin_-_melanie_melcher-113_2-jpg\\\/\",\"cc\":0,\"views\":6,\"likes\":0,\"width\":800,\"height\":533},{\"id\":\"1976\",\"type\":\"image\",\"ext\":\"jpg\",\"src\":\"\\\/image\\\/Hochzeitsfotografin_-_Melanie_Melcher-237.jpg\",\"sizes\":{\"thumb\":\"https:\\\/\\\/www.melanie-melcher.de\\\/wp-content\\\/grand-media\\\/image\\\/thumb\\\/Hochzeitsfotografin_-_Melanie_Melcher-237.jpg\",\"full\":\"https:\\\/\\\/www.melanie-melcher.de\\\/wp-content\\\/grand-media\\\/image\\\/Hochzeitsfotografin_-_Melanie_Melcher-237.jpg\"},\"title\":\"Hochzeitsfotografin - Melanie Melcher-237\",\"alt\":\"Hochzeitsfotografin - Melanie Melcher-237\",\"caption\":\"\",\"url\":\"\",\"post_link\":\"https:\\\/\\\/www.melanie-melcher.de\\\/index.php\\\/gmedia\\\/hochzeitsfotografin_-_melanie_melcher-237-jpg\\\/\",\"cc\":0,\"views\":5,\"likes\":0,\"width\":800,\"height\":533},{\"id\":\"1996\",\"type\":\"image\",\"ext\":\"jpg\",\"src\":\"\\\/image\\\/Hochzeitsfotografin_-_Melanie_Melcher-301_1.jpg\",\"sizes\":{\"thumb\":\"https:\\\/\\\/www.melanie-melcher.de\\\/wp-content\\\/grand-media\\\/image\\\/thumb\\\/Hochzeitsfotografin_-_Melanie_Melcher-301_1.jpg\",\"full\":\"https:\\\/\\\/www.melanie-melcher.de\\\/wp-content\\\/grand-media\\\/image\\\/Hochzeitsfotografin_-_Melanie_Melcher-301_1.jpg\"},\"title\":\"Hochzeitsfotografin - Melanie Melcher-301\",\"alt\":\"Hochzeitsfotografin - Melanie Melcher-301\",\"caption\":\"\",\"url\":\"\",\"post_link\":\"https:\\\/\\\/www.melanie-melcher.de\\\/index.php\\\/gmedia\\\/hochzeitsfotografin_-_melanie_melcher-301_1-jpg\\\/\",\"cc\":0,\"views\":8,\"likes\":0,\"width\":800,\"height\":533},{\"id\":\"1949\",\"type\":\"image\",\"ext\":\"jpg\",\"src\":\"\\\/image\\\/Hochzeitsfotografin_-_Melanie_Melcher-127.jpg\",\"sizes\":{\"thumb\":\"https:\\\/\\\/www.melanie-melcher.de\\\/wp-content\\\/grand-media\\\/image\\\/thumb\\\/Hochzeitsfotografin_-_Melanie_Melcher-127.jpg\",\"full\":\"https:\\\/\\\/www.melanie-melcher.de\\\/wp-content\\\/grand-media\\\/image\\\/Hochzeitsfotografin_-_Melanie_Melcher-127.jpg\"},\"title\":\"Hochzeitsfotografin - Melanie Melcher-127\",\"alt\":\"Hochzeitsfotografin - Melanie Melcher-127\",\"caption\":\"\",\"url\":\"\",\"post_link\":\"https:\\\/\\\/www.melanie-melcher.de\\\/index.php\\\/gmedia\\\/hochzeitsfotografin_-_melanie_melcher-127-jpg\\\/\",\"cc\":0,\"views\":4,\"likes\":0,\"width\":533,\"height\":800},{\"id\":\"1960\",\"type\":\"image\",\"ext\":\"jpg\",\"src\":\"\\\/image\\\/Hochzeitsfotografin_-_Melanie_Melcher-170.jpg\",\"sizes\":{\"thumb\":\"https:\\\/\\\/www.melanie-melcher.de\\\/wp-content\\\/grand-media\\\/image\\\/thumb\\\/Hochzeitsfotografin_-_Melanie_Melcher-170.jpg\",\"full\":\"https:\\\/\\\/www.melanie-melcher.de\\\/wp-content\\\/grand-media\\\/image\\\/Hochzeitsfotografin_-_Melanie_Melcher-170.jpg\"},\"title\":\"Hochzeitsfotografin - Melanie Melcher-170\",\"alt\":\"Hochzeitsfotografin - Melanie Melcher-170\",\"caption\":\"\",\"url\":\"\",\"post_link\":\"https:\\\/\\\/www.melanie-melcher.de\\\/index.php\\\/gmedia\\\/hochzeitsfotografin_-_melanie_melcher-170-jpg\\\/\",\"cc\":0,\"views\":6,\"likes\":0,\"width\":800,\"height\":533},{\"id\":\"1997\",\"type\":\"image\",\"ext\":\"jpg\",\"src\":\"\\\/image\\\/Hochzeitsfotografin_-_Melanie_Melcher-304_1.jpg\",\"sizes\":{\"thumb\":\"https:\\\/\\\/www.melanie-melcher.de\\\/wp-content\\\/grand-media\\\/image\\\/thumb\\\/Hochzeitsfotografin_-_Melanie_Melcher-304_1.jpg\",\"full\":\"https:\\\/\\\/www.melanie-melcher.de\\\/wp-content\\\/grand-media\\\/image\\\/Hochzeitsfotografin_-_Melanie_Melcher-304_1.jpg\"},\"title\":\"Hochzeitsfotografin - Melanie Melcher-304\",\"alt\":\"Hochzeitsfotografin - Melanie Melcher-304\",\"caption\":\"\",\"url\":\"\",\"post_link\":\"https:\\\/\\\/www.melanie-melcher.de\\\/index.php\\\/gmedia\\\/hochzeitsfotografin_-_melanie_melcher-304_1-jpg\\\/\",\"cc\":0,\"views\":5,\"likes\":0,\"width\":800,\"height\":533},{\"id\":\"2008\",\"type\":\"image\",\"ext\":\"jpg\",\"src\":\"\\\/image\\\/Hochzeitsfotografin_-_Melanie_Melcher-335.jpg\",\"sizes\":{\"thumb\":\"https:\\\/\\\/www.melanie-melcher.de\\\/wp-content\\\/grand-media\\\/image\\\/thumb\\\/Hochzeitsfotografin_-_Melanie_Melcher-335.jpg\",\"full\":\"https:\\\/\\\/www.melanie-melcher.de\\\/wp-content\\\/grand-media\\\/image\\\/Hochzeitsfotografin_-_Melanie_Melcher-335.jpg\"},\"title\":\"Hochzeitsfotografin - Melanie Melcher-335\",\"alt\":\"Hochzeitsfotografin - Melanie Melcher-335\",\"caption\":\"\",\"url\":\"\",\"post_link\":\"https:\\\/\\\/www.melanie-melcher.de\\\/index.php\\\/gmedia\\\/hochzeitsfotografin_-_melanie_melcher-335-jpg\\\/\",\"cc\":0,\"views\":4,\"likes\":0,\"width\":533,\"height\":800},{\"id\":\"2011\",\"type\":\"image\",\"ext\":\"jpg\",\"src\":\"\\\/image\\\/Hochzeitsfotografin_-_Melanie_Melcher-346.jpg\",\"sizes\":{\"thumb\":\"https:\\\/\\\/www.melanie-melcher.de\\\/wp-content\\\/grand-media\\\/image\\\/thumb\\\/Hochzeitsfotografin_-_Melanie_Melcher-346.jpg\",\"full\":\"https:\\\/\\\/www.melanie-melcher.de\\\/wp-content\\\/grand-media\\\/image\\\/Hochzeitsfotografin_-_Melanie_Melcher-346.jpg\"},\"title\":\"Hochzeitsfotografin - Melanie Melcher-346\",\"alt\":\"Hochzeitsfotografin - Melanie Melcher-346\",\"caption\":\"\",\"url\":\"\",\"post_link\":\"https:\\\/\\\/www.melanie-melcher.de\\\/index.php\\\/gmedia\\\/hochzeitsfotografin_-_melanie_melcher-346-jpg\\\/\",\"cc\":0,\"views\":6,\"likes\":0,\"width\":533,\"height\":800},{\"id\":\"1950\",\"type\":\"image\",\"ext\":\"jpg\",\"src\":\"\\\/image\\\/Hochzeitsfotografin_-_Melanie_Melcher-131_1.jpg\",\"sizes\":{\"thumb\":\"https:\\\/\\\/www.melanie-melcher.de\\\/wp-content\\\/grand-media\\\/image\\\/thumb\\\/Hochzeitsfotografin_-_Melanie_Melcher-131_1.jpg\",\"full\":\"https:\\\/\\\/www.melanie-melcher.de\\\/wp-content\\\/grand-media\\\/image\\\/Hochzeitsfotografin_-_Melanie_Melcher-131_1.jpg\"},\"title\":\"Hochzeitsfotografin - Melanie Melcher-131\",\"alt\":\"Hochzeitsfotografin - Melanie Melcher-131\",\"caption\":\"\",\"url\":\"\",\"post_link\":\"https:\\\/\\\/www.melanie-melcher.de\\\/index.php\\\/gmedia\\\/hochzeitsfotografin_-_melanie_melcher-131_1-jpg\\\/\",\"cc\":0,\"views\":6,\"likes\":0,\"width\":800,\"height\":533},{\"id\":\"1937\",\"type\":\"image\",\"ext\":\"jpg\",\"src\":\"\\\/image\\\/Hochzeitsfotografin_-_Melanie_Melcher-83_2.jpg\",\"sizes\":{\"thumb\":\"https:\\\/\\\/www.melanie-melcher.de\\\/wp-content\\\/grand-media\\\/image\\\/thumb\\\/Hochzeitsfotografin_-_Melanie_Melcher-83_2.jpg\",\"full\":\"https:\\\/\\\/www.melanie-melcher.de\\\/wp-content\\\/grand-media\\\/image\\\/Hochzeitsfotografin_-_Melanie_Melcher-83_2.jpg\"},\"title\":\"Hochzeitsfotografin - Melanie Melcher-83\",\"alt\":\"Hochzeitsfotografin - Melanie Melcher-83\",\"caption\":\"\",\"url\":\"\",\"post_link\":\"https:\\\/\\\/www.melanie-melcher.de\\\/index.php\\\/gmedia\\\/hochzeitsfotografin_-_melanie_melcher-83_2-jpg\\\/\",\"cc\":0,\"views\":7,\"likes\":0,\"width\":800,\"height\":533},{\"id\":\"1989\",\"type\":\"image\",\"ext\":\"jpg\",\"src\":\"\\\/image\\\/Hochzeitsfotografin_-_Melanie_Melcher-276_1.jpg\",\"sizes\":{\"thumb\":\"https:\\\/\\\/www.melanie-melcher.de\\\/wp-content\\\/grand-media\\\/image\\\/thumb\\\/Hochzeitsfotografin_-_Melanie_Melcher-276_1.jpg\",\"full\":\"https:\\\/\\\/www.melanie-melcher.de\\\/wp-content\\\/grand-media\\\/image\\\/Hochzeitsfotografin_-_Melanie_Melcher-276_1.jpg\"},\"title\":\"Hochzeitsfotografin - Melanie Melcher-276\",\"alt\":\"Hochzeitsfotografin - Melanie Melcher-276\",\"caption\":\"\",\"url\":\"\",\"post_link\":\"https:\\\/\\\/www.melanie-melcher.de\\\/index.php\\\/gmedia\\\/hochzeitsfotografin_-_melanie_melcher-276_1-jpg\\\/\",\"cc\":0,\"views\":4,\"likes\":0,\"width\":800,\"height\":533},{\"id\":\"1965\",\"type\":\"image\",\"ext\":\"jpg\",\"src\":\"\\\/image\\\/Hochzeitsfotografin_-_Melanie_Melcher-187_1.jpg\",\"sizes\":{\"thumb\":\"https:\\\/\\\/www.melanie-melcher.de\\\/wp-content\\\/grand-media\\\/image\\\/thumb\\\/Hochzeitsfotografin_-_Melanie_Melcher-187_1.jpg\",\"full\":\"https:\\\/\\\/www.melanie-melcher.de\\\/wp-content\\\/grand-media\\\/image\\\/Hochzeitsfotografin_-_Melanie_Melcher-187_1.jpg\"},\"title\":\"Hochzeitsfotografin - Melanie Melcher-187\",\"alt\":\"Hochzeitsfotografin - Melanie Melcher-187\",\"caption\":\"\",\"url\":\"\",\"post_link\":\"https:\\\/\\\/www.melanie-melcher.de\\\/index.php\\\/gmedia\\\/hochzeitsfotografin_-_melanie_melcher-187_1-jpg\\\/\",\"cc\":0,\"views\":6,\"likes\":0,\"width\":800,\"height\":533},{\"id\":\"1982\",\"type\":\"image\",\"ext\":\"jpg\",\"src\":\"\\\/image\\\/Hochzeitsfotografin_-_Melanie_Melcher-250.jpg\",\"sizes\":{\"thumb\":\"https:\\\/\\\/www.melanie-melcher.de\\\/wp-content\\\/grand-media\\\/image\\\/thumb\\\/Hochzeitsfotografin_-_Melanie_Melcher-250.jpg\",\"full\":\"https:\\\/\\\/www.melanie-melcher.de\\\/wp-content\\\/grand-media\\\/image\\\/Hochzeitsfotografin_-_Melanie_Melcher-250.jpg\"},\"title\":\"Hochzeitsfotografin - Melanie Melcher-250\",\"alt\":\"Hochzeitsfotografin - Melanie Melcher-250\",\"caption\":\"\",\"url\":\"\",\"post_link\":\"https:\\\/\\\/www.melanie-melcher.de\\\/index.php\\\/gmedia\\\/hochzeitsfotografin_-_melanie_melcher-250-jpg\\\/\",\"cc\":0,\"views\":7,\"likes\":0,\"width\":533,\"height\":800},{\"id\":\"1933\",\"type\":\"image\",\"ext\":\"jpg\",\"src\":\"\\\/image\\\/Hochzeitsfotografin_-_Melanie_Melcher-71_3.jpg\",\"sizes\":{\"thumb\":\"https:\\\/\\\/www.melanie-melcher.de\\\/wp-content\\\/grand-media\\\/image\\\/thumb\\\/Hochzeitsfotografin_-_Melanie_Melcher-71_3.jpg\",\"full\":\"https:\\\/\\\/www.melanie-melcher.de\\\/wp-content\\\/grand-media\\\/image\\\/Hochzeitsfotografin_-_Melanie_Melcher-71_3.jpg\"},\"title\":\"Hochzeitsfotografin - Melanie Melcher-71\",\"alt\":\"Hochzeitsfotografin - Melanie Melcher-71\",\"caption\":\"\",\"url\":\"\",\"post_link\":\"https:\\\/\\\/www.melanie-melcher.de\\\/index.php\\\/gmedia\\\/hochzeitsfotografin_-_melanie_melcher-71_3-jpg\\\/\",\"cc\":0,\"views\":4,\"likes\":0,\"width\":800,\"height\":533}];\n\t\t\t\t\tsettings.gallery = gmedia_mosaic_content;\n\t\t\t\t\t$( '#GmediaGallery_89 .gmMosaic_Container' ).gmediaMosaic( settings );\n\t\t\t\t} );\n\t\t\t} );\n\t<\/script>\t<\/div><\/div>\n<h3>F\u00fcr weitere Hochzeitsbilder schaut in meinen <a href=\"http:\/\/www.melanie-melcher.de\/index.php\/category\/wedding\/\">Blog<\/a> oder meine <a href=\"http:\/\/www.melanie-melcher.de\/index.php\/galerien-3\/\">Galerie<\/a>.<\/h3>\n","protected":false},"excerpt":{"rendered":"<p>\u201eDer Liebe zu begegnen, ohne sie zu suchen, ist der einzige Weg, sie zu finden!\u201c &#8211; oder: die Hochzeit von Jacky und Martin Im letzten Jahr begleitet ich die wundervolle Hochzeit von Anka und Dennis. Und dort &#8211; genau auf dieser Wahnsinns-Hochzeit &#8211; traf ich auf Jacky &amp; Martin. Kurze Zeit sp\u00e4ter trafen wir uns [&hellip;]<\/p>\n","protected":false},"author":1,"featured_media":3093,"comment_status":"closed","ping_status":"open","sticky":false,"template":"","format":"standard","meta":{"footnotes":""},"categories":[7],"tags":[],"class_list":["post-3092","post","type-post","status-publish","format-standard","has-post-thumbnail","hentry","category-wedding"],"_links":{"self":[{"href":"https:\/\/www.melanie-melcher.de\/index.php\/wp-json\/wp\/v2\/posts\/3092","targetHints":{"allow":["GET"]}}],"collection":[{"href":"https:\/\/www.melanie-melcher.de\/index.php\/wp-json\/wp\/v2\/posts"}],"about":[{"href":"https:\/\/www.melanie-melcher.de\/index.php\/wp-json\/wp\/v2\/types\/post"}],"author":[{"embeddable":true,"href":"https:\/\/www.melanie-melcher.de\/index.php\/wp-json\/wp\/v2\/users\/1"}],"replies":[{"embeddable":true,"href":"https:\/\/www.melanie-melcher.de\/index.php\/wp-json\/wp\/v2\/comments?post=3092"}],"version-history":[{"count":4,"href":"https:\/\/www.melanie-melcher.de\/index.php\/wp-json\/wp\/v2\/posts\/3092\/revisions"}],"predecessor-version":[{"id":3097,"href":"https:\/\/www.melanie-melcher.de\/index.php\/wp-json\/wp\/v2\/posts\/3092\/revisions\/3097"}],"wp:featuredmedia":[{"embeddable":true,"href":"https:\/\/www.melanie-melcher.de\/index.php\/wp-json\/wp\/v2\/media\/3093"}],"wp:attachment":[{"href":"https:\/\/www.melanie-melcher.de\/index.php\/wp-json\/wp\/v2\/media?parent=3092"}],"wp:term":[{"taxonomy":"category","embeddable":true,"href":"https:\/\/www.melanie-melcher.de\/index.php\/wp-json\/wp\/v2\/categories?post=3092"},{"taxonomy":"post_tag","embeddable":true,"href":"https:\/\/www.melanie-melcher.de\/index.php\/wp-json\/wp\/v2\/tags?post=3092"}],"curies":[{"name":"wp","href":"https:\/\/api.w.org\/{rel}","templated":true}]}}