{"id":3231,"date":"2016-09-20T13:13:39","date_gmt":"2016-09-20T11:13:39","guid":{"rendered":"http:\/\/www.melanie-melcher.de\/?p=3231"},"modified":"2021-02-01T10:18:39","modified_gmt":"2021-02-01T09:18:39","slug":"hochzeitsfotografin-in-moers","status":"publish","type":"post","link":"https:\/\/www.melanie-melcher.de\/index.php\/2016\/09\/20\/hochzeitsfotografin-in-moers\/","title":{"rendered":"Hochzeitsfotografin in Moers"},"content":{"rendered":"<p>Es gibt einen Tag, da geht man Seite an Seite der Zukunft entgegen und ein einfaches \u201eJa\u201c versch\u00f6nert das ganze Leben!<br \/>\nGenau so ein Tag war dieser eine Tag im August f\u00fcr Christina und Holger. Bereits Anfang des Jahres lernte ich die beiden in meinem Fotostudio in Duisburg kennen und wir besprachen die ersten Details zu ihrer geplanten freien Trauung. Die beiden erz\u00e4hlten mir, dass sie eine Trauung unter freiem Himmel im Hotel Van der Valk in Moers planten und ich freute mich riesig darauf, diese Trauung als Hochzeitsfotografin begleiten zu d\u00fcrfen.<br \/>\nWir \u00e4nderten den h\u00e4ufig verwendeten Ablauf ein wenig und entschieden uns, die P\u00e4rchenbilder schon vor der eigentlichen Zeremonie zu machen.<br \/>\nDas Wetter meinte es gut mit uns und so durften wir bei strahlendem Sonnenschein den Moerser Stadtpark unsicher machen. F\u00fcr den First Look hatte Christina grosse Ballons besorgt, die beide in den Himmel steigen lie\u00dfen.<br \/>\nWir hatten jede Menge Spa\u00df und mischten ganz viele kuschelige romantische Bilder mit lockeren und authentischen Motiven. Im Anschluss verschwand Christina aufs Zimmer um sich f\u00fcr die Zeremonie frisch zu machen. Holger dagegen begr\u00fcsste die nacheinander eintreffenden G\u00e4ste zum Sektempfang und ich nutze die Gelegenheit um einen Blick auf die Tischdeko zu werfen.<br \/>\nUnd dann war er gekommen, der grosse Moment. Umringt von Freundinnen und Familie tanzte Christina den Mittelgang hinunter in die Arme ihres Holgers.<br \/>\nVorne wartete <a href=\"http:\/\/www.hochzeit-redner.de\">Daniel Mossa<\/a> bereits. Er hielt eine wundersch\u00f6ne Traurede, die durch ein paar pers\u00f6nliche Worte der Trauzeugen abgerundet wurden. Ein Ringtausch und ein Kuss sp\u00e4ter durfte gratuliert und geherzt werden. Zu guter Letzt k\u00fcmmerten wir uns noch um Gruppen- und Familienbilder, bevor die beiden dann gemeinsam mit ihren G\u00e4sten zum Abendessen und Feiern aufbrachen.<\/p>\n<div class=\"gmedia_gallery mosaic_module is_bot\" id=\"GmediaGallery_95\" data-gmid=\"95\" data-module=\"mosaic\"><style class='gmedia_module_style_import'>@import url('https:\/\/www.melanie-melcher.de\/wp-content\/grand-media\/module\/mosaic\/css\/mosaic.css?v=2.16') all;<\/style>\t<div class=\"gmMosaic_Container noLightbox\" data-gmid=\"95\">\t\t<noscript><a href='https:\/\/www.melanie-melcher.de\/wp-content\/grand-media\/image\/Hochzeitsfotograf_-_Melanie_Melcher-95.jpg'><img class=\"noLazy\" src='https:\/\/www.melanie-melcher.de\/wp-content\/grand-media\/image\/thumb\/Hochzeitsfotograf_-_Melanie_Melcher-95.jpg' alt='Hochzeitsfotograf - Melanie Melcher-95' \/><\/a><a href='https:\/\/www.melanie-melcher.de\/wp-content\/grand-media\/image\/Hochzeitsfotograf_-_Melanie_Melcher-333.jpg'><img class=\"noLazy\" src='https:\/\/www.melanie-melcher.de\/wp-content\/grand-media\/image\/thumb\/Hochzeitsfotograf_-_Melanie_Melcher-333.jpg' alt='Hochzeitsfotograf - Melanie Melcher-333' \/><\/a><a href='https:\/\/www.melanie-melcher.de\/wp-content\/grand-media\/image\/Hochzeitsfotograf_-_Melanie_Melcher-21.jpg'><img class=\"noLazy\" src='https:\/\/www.melanie-melcher.de\/wp-content\/grand-media\/image\/thumb\/Hochzeitsfotograf_-_Melanie_Melcher-21.jpg' alt='Hochzeitsfotograf - Melanie Melcher-21' \/><\/a><a href='https:\/\/www.melanie-melcher.de\/wp-content\/grand-media\/image\/Hochzeitsfotograf_-_Melanie_Melcher-197.jpg'><img class=\"noLazy\" src='https:\/\/www.melanie-melcher.de\/wp-content\/grand-media\/image\/thumb\/Hochzeitsfotograf_-_Melanie_Melcher-197.jpg' alt='Hochzeitsfotograf - Melanie Melcher-197' \/><\/a><a href='https:\/\/www.melanie-melcher.de\/wp-content\/grand-media\/image\/Hochzeitsfotograf_-_Melanie_Melcher-81.jpg'><img class=\"noLazy\" src='https:\/\/www.melanie-melcher.de\/wp-content\/grand-media\/image\/thumb\/Hochzeitsfotograf_-_Melanie_Melcher-81.jpg' alt='Hochzeitsfotograf - Melanie Melcher-81' \/><\/a><a href='https:\/\/www.melanie-melcher.de\/wp-content\/grand-media\/image\/Hochzeitsfotograf_-_Melanie_Melcher-329.jpg'><img class=\"noLazy\" src='https:\/\/www.melanie-melcher.de\/wp-content\/grand-media\/image\/thumb\/Hochzeitsfotograf_-_Melanie_Melcher-329.jpg' alt='Hochzeitsfotograf - Melanie Melcher-329' \/><\/a><a href='https:\/\/www.melanie-melcher.de\/wp-content\/grand-media\/image\/Hochzeitsfotograf_-_Melanie_Melcher-340.jpg'><img class=\"noLazy\" src='https:\/\/www.melanie-melcher.de\/wp-content\/grand-media\/image\/thumb\/Hochzeitsfotograf_-_Melanie_Melcher-340.jpg' alt='Hochzeitsfotograf - Melanie Melcher-340' \/><\/a><a href='https:\/\/www.melanie-melcher.de\/wp-content\/grand-media\/image\/Hochzeitsfotograf_-_Melanie_Melcher-410.jpg'><img class=\"noLazy\" src='https:\/\/www.melanie-melcher.de\/wp-content\/grand-media\/image\/thumb\/Hochzeitsfotograf_-_Melanie_Melcher-410.jpg' alt='Hochzeitsfotograf - Melanie Melcher-410' \/><\/a><a href='https:\/\/www.melanie-melcher.de\/wp-content\/grand-media\/image\/Hochzeitsfotograf_-_Melanie_Melcher-8.jpg'><img class=\"noLazy\" src='https:\/\/www.melanie-melcher.de\/wp-content\/grand-media\/image\/thumb\/Hochzeitsfotograf_-_Melanie_Melcher-8.jpg' alt='Hochzeitsfotograf - Melanie Melcher-8' \/><\/a><a href='https:\/\/www.melanie-melcher.de\/wp-content\/grand-media\/image\/Hochzeitsfotograf_-_Melanie_Melcher-16.jpg'><img class=\"noLazy\" src='https:\/\/www.melanie-melcher.de\/wp-content\/grand-media\/image\/thumb\/Hochzeitsfotograf_-_Melanie_Melcher-16.jpg' alt='Hochzeitsfotograf - Melanie Melcher-16' \/><\/a><a href='https:\/\/www.melanie-melcher.de\/wp-content\/grand-media\/image\/Hochzeitsfotograf_-_Melanie_Melcher-163.jpg'><img class=\"noLazy\" src='https:\/\/www.melanie-melcher.de\/wp-content\/grand-media\/image\/thumb\/Hochzeitsfotograf_-_Melanie_Melcher-163.jpg' alt='Hochzeitsfotograf - Melanie Melcher-163' \/><\/a><a href='https:\/\/www.melanie-melcher.de\/wp-content\/grand-media\/image\/Hochzeitsfotograf_-_Melanie_Melcher-291.jpg'><img class=\"noLazy\" src='https:\/\/www.melanie-melcher.de\/wp-content\/grand-media\/image\/thumb\/Hochzeitsfotograf_-_Melanie_Melcher-291.jpg' alt='Hochzeitsfotograf - Melanie Melcher-291' \/><\/a><a href='https:\/\/www.melanie-melcher.de\/wp-content\/grand-media\/image\/Hochzeitsfotograf_-_Melanie_Melcher-146.jpg'><img class=\"noLazy\" src='https:\/\/www.melanie-melcher.de\/wp-content\/grand-media\/image\/thumb\/Hochzeitsfotograf_-_Melanie_Melcher-146.jpg' alt='Hochzeitsfotograf - Melanie Melcher-146' \/><\/a><a href='https:\/\/www.melanie-melcher.de\/wp-content\/grand-media\/image\/Hochzeitsfotograf_-_Melanie_Melcher-126.jpg'><img class=\"noLazy\" src='https:\/\/www.melanie-melcher.de\/wp-content\/grand-media\/image\/thumb\/Hochzeitsfotograf_-_Melanie_Melcher-126.jpg' alt='Hochzeitsfotograf - Melanie Melcher-126' \/><\/a><a href='https:\/\/www.melanie-melcher.de\/wp-content\/grand-media\/image\/Hochzeitsfotograf_-_Melanie_Melcher-420.jpg'><img class=\"noLazy\" src='https:\/\/www.melanie-melcher.de\/wp-content\/grand-media\/image\/thumb\/Hochzeitsfotograf_-_Melanie_Melcher-420.jpg' alt='Hochzeitsfotograf - Melanie Melcher-420' \/><\/a><a href='https:\/\/www.melanie-melcher.de\/wp-content\/grand-media\/image\/Hochzeitsfotograf_-_Melanie_Melcher-114.jpg'><img class=\"noLazy\" src='https:\/\/www.melanie-melcher.de\/wp-content\/grand-media\/image\/thumb\/Hochzeitsfotograf_-_Melanie_Melcher-114.jpg' alt='Hochzeitsfotograf - Melanie Melcher-114' \/><\/a><a href='https:\/\/www.melanie-melcher.de\/wp-content\/grand-media\/image\/Hochzeitsfotograf_-_Melanie_Melcher-130.jpg'><img class=\"noLazy\" src='https:\/\/www.melanie-melcher.de\/wp-content\/grand-media\/image\/thumb\/Hochzeitsfotograf_-_Melanie_Melcher-130.jpg' alt='Hochzeitsfotograf - Melanie Melcher-130' \/><\/a><a href='https:\/\/www.melanie-melcher.de\/wp-content\/grand-media\/image\/Hochzeitsfotograf_-_Melanie_Melcher-251.jpg'><img class=\"noLazy\" src='https:\/\/www.melanie-melcher.de\/wp-content\/grand-media\/image\/thumb\/Hochzeitsfotograf_-_Melanie_Melcher-251.jpg' alt='Hochzeitsfotograf - Melanie Melcher-251' \/><\/a><a href='https:\/\/www.melanie-melcher.de\/wp-content\/grand-media\/image\/Hochzeitsfotograf_-_Melanie_Melcher-325.jpg'><img class=\"noLazy\" src='https:\/\/www.melanie-melcher.de\/wp-content\/grand-media\/image\/thumb\/Hochzeitsfotograf_-_Melanie_Melcher-325.jpg' alt='Hochzeitsfotograf - Melanie Melcher-325' \/><\/a><a href='https:\/\/www.melanie-melcher.de\/wp-content\/grand-media\/image\/Hochzeitsfotograf_-_Melanie_Melcher-143.jpg'><img class=\"noLazy\" src='https:\/\/www.melanie-melcher.de\/wp-content\/grand-media\/image\/thumb\/Hochzeitsfotograf_-_Melanie_Melcher-143.jpg' alt='Hochzeitsfotograf - Melanie Melcher-143' \/><\/a><a href='https:\/\/www.melanie-melcher.de\/wp-content\/grand-media\/image\/Hochzeitsfotograf_-_Melanie_Melcher-68.jpg'><img class=\"noLazy\" src='https:\/\/www.melanie-melcher.de\/wp-content\/grand-media\/image\/thumb\/Hochzeitsfotograf_-_Melanie_Melcher-68.jpg' alt='Hochzeitsfotograf - Melanie Melcher-68' \/><\/a><a href='https:\/\/www.melanie-melcher.de\/wp-content\/grand-media\/image\/Hochzeitsfotograf_-_Melanie_Melcher-399.jpg'><img class=\"noLazy\" src='https:\/\/www.melanie-melcher.de\/wp-content\/grand-media\/image\/thumb\/Hochzeitsfotograf_-_Melanie_Melcher-399.jpg' alt='Hochzeitsfotograf - Melanie Melcher-399' \/><\/a><a href='https:\/\/www.melanie-melcher.de\/wp-content\/grand-media\/image\/Hochzeitsfotograf_-_Melanie_Melcher-318.jpg'><img class=\"noLazy\" src='https:\/\/www.melanie-melcher.de\/wp-content\/grand-media\/image\/thumb\/Hochzeitsfotograf_-_Melanie_Melcher-318.jpg' alt='Hochzeitsfotograf - Melanie Melcher-318' \/><\/a><a href='https:\/\/www.melanie-melcher.de\/wp-content\/grand-media\/image\/Hochzeitsfotograf_-_Melanie_Melcher-356.jpg'><img class=\"noLazy\" src='https:\/\/www.melanie-melcher.de\/wp-content\/grand-media\/image\/thumb\/Hochzeitsfotograf_-_Melanie_Melcher-356.jpg' alt='Hochzeitsfotograf - Melanie Melcher-356' \/><\/a><a href='https:\/\/www.melanie-melcher.de\/wp-content\/grand-media\/image\/Hochzeitsfotograf_-_Melanie_Melcher-178.jpg'><img class=\"noLazy\" src='https:\/\/www.melanie-melcher.de\/wp-content\/grand-media\/image\/thumb\/Hochzeitsfotograf_-_Melanie_Melcher-178.jpg' alt='Hochzeitsfotograf - Melanie Melcher-178' \/><\/a><a href='https:\/\/www.melanie-melcher.de\/wp-content\/grand-media\/image\/Hochzeitsfotograf_-_Melanie_Melcher-87.jpg'><img class=\"noLazy\" src='https:\/\/www.melanie-melcher.de\/wp-content\/grand-media\/image\/thumb\/Hochzeitsfotograf_-_Melanie_Melcher-87.jpg' alt='Hochzeitsfotograf - Melanie Melcher-87' \/><\/a><a href='https:\/\/www.melanie-melcher.de\/wp-content\/grand-media\/image\/Hochzeitsfotograf_-_Melanie_Melcher-237.jpg'><img class=\"noLazy\" src='https:\/\/www.melanie-melcher.de\/wp-content\/grand-media\/image\/thumb\/Hochzeitsfotograf_-_Melanie_Melcher-237.jpg' alt='Hochzeitsfotograf - Melanie Melcher-237' \/><\/a><a href='https:\/\/www.melanie-melcher.de\/wp-content\/grand-media\/image\/Hochzeitsfotograf_-_Melanie_Melcher-314.jpg'><img class=\"noLazy\" src='https:\/\/www.melanie-melcher.de\/wp-content\/grand-media\/image\/thumb\/Hochzeitsfotograf_-_Melanie_Melcher-314.jpg' alt='Hochzeitsfotograf - Melanie Melcher-314' \/><\/a><a href='https:\/\/www.melanie-melcher.de\/wp-content\/grand-media\/image\/Hochzeitsfotograf_-_Melanie_Melcher-346.jpg'><img class=\"noLazy\" src='https:\/\/www.melanie-melcher.de\/wp-content\/grand-media\/image\/thumb\/Hochzeitsfotograf_-_Melanie_Melcher-346.jpg' alt='Hochzeitsfotograf - Melanie Melcher-346' \/><\/a><a href='https:\/\/www.melanie-melcher.de\/wp-content\/grand-media\/image\/Hochzeitsfotograf_-_Melanie_Melcher-156.jpg'><img class=\"noLazy\" src='https:\/\/www.melanie-melcher.de\/wp-content\/grand-media\/image\/thumb\/Hochzeitsfotograf_-_Melanie_Melcher-156.jpg' alt='Hochzeitsfotograf - Melanie Melcher-156' \/><\/a><a href='https:\/\/www.melanie-melcher.de\/wp-content\/grand-media\/image\/Hochzeitsfotograf_-_Melanie_Melcher-306.jpg'><img class=\"noLazy\" src='https:\/\/www.melanie-melcher.de\/wp-content\/grand-media\/image\/thumb\/Hochzeitsfotograf_-_Melanie_Melcher-306.jpg' alt='Hochzeitsfotograf - Melanie Melcher-306' \/><\/a><a href='https:\/\/www.melanie-melcher.de\/wp-content\/grand-media\/image\/Hochzeitsfotograf_-_Melanie_Melcher-109.jpg'><img class=\"noLazy\" src='https:\/\/www.melanie-melcher.de\/wp-content\/grand-media\/image\/thumb\/Hochzeitsfotograf_-_Melanie_Melcher-109.jpg' alt='Hochzeitsfotograf - Melanie Melcher-109' \/><\/a><a href='https:\/\/www.melanie-melcher.de\/wp-content\/grand-media\/image\/Hochzeitsfotograf_-_Melanie_Melcher-180.jpg'><img class=\"noLazy\" src='https:\/\/www.melanie-melcher.de\/wp-content\/grand-media\/image\/thumb\/Hochzeitsfotograf_-_Melanie_Melcher-180.jpg' alt='Hochzeitsfotograf - Melanie Melcher-180' \/><\/a><a href='https:\/\/www.melanie-melcher.de\/wp-content\/grand-media\/image\/Hochzeitsfotograf_-_Melanie_Melcher-145.jpg'><img class=\"noLazy\" src='https:\/\/www.melanie-melcher.de\/wp-content\/grand-media\/image\/thumb\/Hochzeitsfotograf_-_Melanie_Melcher-145.jpg' alt='Hochzeitsfotograf - Melanie Melcher-145' \/><\/a><a href='https:\/\/www.melanie-melcher.de\/wp-content\/grand-media\/image\/Hochzeitsfotograf_-_Melanie_Melcher-267.jpg'><img class=\"noLazy\" src='https:\/\/www.melanie-melcher.de\/wp-content\/grand-media\/image\/thumb\/Hochzeitsfotograf_-_Melanie_Melcher-267.jpg' alt='Hochzeitsfotograf - Melanie Melcher-267' \/><\/a><a href='https:\/\/www.melanie-melcher.de\/wp-content\/grand-media\/image\/Hochzeitsfotograf_-_Melanie_Melcher-173.jpg'><img class=\"noLazy\" src='https:\/\/www.melanie-melcher.de\/wp-content\/grand-media\/image\/thumb\/Hochzeitsfotograf_-_Melanie_Melcher-173.jpg' alt='Hochzeitsfotograf - Melanie Melcher-173' \/><\/a><a href='https:\/\/www.melanie-melcher.de\/wp-content\/grand-media\/image\/Hochzeitsfotograf_-_Melanie_Melcher-287.jpg'><img class=\"noLazy\" src='https:\/\/www.melanie-melcher.de\/wp-content\/grand-media\/image\/thumb\/Hochzeitsfotograf_-_Melanie_Melcher-287.jpg' alt='Hochzeitsfotograf - Melanie Melcher-287' \/><\/a><a href='https:\/\/www.melanie-melcher.de\/wp-content\/grand-media\/image\/Hochzeitsfotograf_-_Melanie_Melcher-214.jpg'><img class=\"noLazy\" src='https:\/\/www.melanie-melcher.de\/wp-content\/grand-media\/image\/thumb\/Hochzeitsfotograf_-_Melanie_Melcher-214.jpg' alt='Hochzeitsfotograf - Melanie Melcher-214' \/><\/a><a href='https:\/\/www.melanie-melcher.de\/wp-content\/grand-media\/image\/Hochzeitsfotograf_-_Melanie_Melcher-94.jpg'><img class=\"noLazy\" src='https:\/\/www.melanie-melcher.de\/wp-content\/grand-media\/image\/thumb\/Hochzeitsfotograf_-_Melanie_Melcher-94.jpg' alt='Hochzeitsfotograf - Melanie Melcher-94' \/><\/a><a href='https:\/\/www.melanie-melcher.de\/wp-content\/grand-media\/image\/Hochzeitsfotograf_-_Melanie_Melcher-85.jpg'><img class=\"noLazy\" src='https:\/\/www.melanie-melcher.de\/wp-content\/grand-media\/image\/thumb\/Hochzeitsfotograf_-_Melanie_Melcher-85.jpg' alt='Hochzeitsfotograf - Melanie Melcher-85' \/><\/a><a href='https:\/\/www.melanie-melcher.de\/wp-content\/grand-media\/image\/Hochzeitsfotograf_-_Melanie_Melcher-381.jpg'><img class=\"noLazy\" src='https:\/\/www.melanie-melcher.de\/wp-content\/grand-media\/image\/thumb\/Hochzeitsfotograf_-_Melanie_Melcher-381.jpg' alt='Hochzeitsfotograf - Melanie Melcher-381' \/><\/a><a href='https:\/\/www.melanie-melcher.de\/wp-content\/grand-media\/image\/Hochzeitsfotograf_-_Melanie_Melcher-265.jpg'><img class=\"noLazy\" src='https:\/\/www.melanie-melcher.de\/wp-content\/grand-media\/image\/thumb\/Hochzeitsfotograf_-_Melanie_Melcher-265.jpg' alt='Hochzeitsfotograf - Melanie Melcher-265' \/><\/a><a href='https:\/\/www.melanie-melcher.de\/wp-content\/grand-media\/image\/Hochzeitsfotograf_-_Melanie_Melcher-322.jpg'><img class=\"noLazy\" src='https:\/\/www.melanie-melcher.de\/wp-content\/grand-media\/image\/thumb\/Hochzeitsfotograf_-_Melanie_Melcher-322.jpg' alt='Hochzeitsfotograf - Melanie Melcher-322' \/><\/a><a href='https:\/\/www.melanie-melcher.de\/wp-content\/grand-media\/image\/Hochzeitsfotograf_-_Melanie_Melcher-296.jpg'><img class=\"noLazy\" src='https:\/\/www.melanie-melcher.de\/wp-content\/grand-media\/image\/thumb\/Hochzeitsfotograf_-_Melanie_Melcher-296.jpg' alt='Hochzeitsfotograf - Melanie Melcher-296' \/><\/a><a href='https:\/\/www.melanie-melcher.de\/wp-content\/grand-media\/image\/Hochzeitsfotograf_-_Melanie_Melcher-186.jpg'><img class=\"noLazy\" src='https:\/\/www.melanie-melcher.de\/wp-content\/grand-media\/image\/thumb\/Hochzeitsfotograf_-_Melanie_Melcher-186.jpg' alt='Hochzeitsfotograf - Melanie Melcher-186' \/><\/a><a href='https:\/\/www.melanie-melcher.de\/wp-content\/grand-media\/image\/Hochzeitsfotograf_-_Melanie_Melcher-53.jpg'><img class=\"noLazy\" src='https:\/\/www.melanie-melcher.de\/wp-content\/grand-media\/image\/thumb\/Hochzeitsfotograf_-_Melanie_Melcher-53.jpg' alt='Hochzeitsfotograf - Melanie Melcher-53' \/><\/a><a href='https:\/\/www.melanie-melcher.de\/wp-content\/grand-media\/image\/Hochzeitsfotograf_-_Melanie_Melcher-150.jpg'><img class=\"noLazy\" src='https:\/\/www.melanie-melcher.de\/wp-content\/grand-media\/image\/thumb\/Hochzeitsfotograf_-_Melanie_Melcher-150.jpg' alt='Hochzeitsfotograf - Melanie Melcher-150' \/><\/a><a href='https:\/\/www.melanie-melcher.de\/wp-content\/grand-media\/image\/Hochzeitsfotograf_-_Melanie_Melcher-332.jpg'><img class=\"noLazy\" src='https:\/\/www.melanie-melcher.de\/wp-content\/grand-media\/image\/thumb\/Hochzeitsfotograf_-_Melanie_Melcher-332.jpg' alt='Hochzeitsfotograf - Melanie Melcher-332' \/><\/a><a href='https:\/\/www.melanie-melcher.de\/wp-content\/grand-media\/image\/Hochzeitsfotograf_-_Melanie_Melcher-250.jpg'><img class=\"noLazy\" src='https:\/\/www.melanie-melcher.de\/wp-content\/grand-media\/image\/thumb\/Hochzeitsfotograf_-_Melanie_Melcher-250.jpg' alt='Hochzeitsfotograf - Melanie Melcher-250' \/><\/a><a href='https:\/\/www.melanie-melcher.de\/wp-content\/grand-media\/image\/Hochzeitsfotograf_-_Melanie_Melcher-423.jpg'><img class=\"noLazy\" src='https:\/\/www.melanie-melcher.de\/wp-content\/grand-media\/image\/thumb\/Hochzeitsfotograf_-_Melanie_Melcher-423.jpg' alt='Hochzeitsfotograf - Melanie Melcher-423' \/><\/a><a href='https:\/\/www.melanie-melcher.de\/wp-content\/grand-media\/image\/Hochzeitsfotograf_-_Melanie_Melcher-10.jpg'><img class=\"noLazy\" src='https:\/\/www.melanie-melcher.de\/wp-content\/grand-media\/image\/thumb\/Hochzeitsfotograf_-_Melanie_Melcher-10.jpg' alt='Hochzeitsfotograf - Melanie Melcher-10' \/><\/a><a href='https:\/\/www.melanie-melcher.de\/wp-content\/grand-media\/image\/Hochzeitsfotograf_-_Melanie_Melcher-193.jpg'><img class=\"noLazy\" src='https:\/\/www.melanie-melcher.de\/wp-content\/grand-media\/image\/thumb\/Hochzeitsfotograf_-_Melanie_Melcher-193.jpg' alt='Hochzeitsfotograf - Melanie Melcher-193' \/><\/a><a href='https:\/\/www.melanie-melcher.de\/wp-content\/grand-media\/image\/Hochzeitsfotograf_-_Melanie_Melcher-311.jpg'><img class=\"noLazy\" src='https:\/\/www.melanie-melcher.de\/wp-content\/grand-media\/image\/thumb\/Hochzeitsfotograf_-_Melanie_Melcher-311.jpg' alt='Hochzeitsfotograf - Melanie Melcher-311' \/><\/a><a href='https:\/\/www.melanie-melcher.de\/wp-content\/grand-media\/image\/Hochzeitsfotograf_-_Melanie_Melcher-134.jpg'><img class=\"noLazy\" src='https:\/\/www.melanie-melcher.de\/wp-content\/grand-media\/image\/thumb\/Hochzeitsfotograf_-_Melanie_Melcher-134.jpg' alt='Hochzeitsfotograf - Melanie Melcher-134' \/><\/a><a href='https:\/\/www.melanie-melcher.de\/wp-content\/grand-media\/image\/Hochzeitsfotograf_-_Melanie_Melcher-120.jpg'><img class=\"noLazy\" src='https:\/\/www.melanie-melcher.de\/wp-content\/grand-media\/image\/thumb\/Hochzeitsfotograf_-_Melanie_Melcher-120.jpg' alt='Hochzeitsfotograf - Melanie Melcher-120' \/><\/a><a href='https:\/\/www.melanie-melcher.de\/wp-content\/grand-media\/image\/Hochzeitsfotograf_-_Melanie_Melcher-59.jpg'><img class=\"noLazy\" src='https:\/\/www.melanie-melcher.de\/wp-content\/grand-media\/image\/thumb\/Hochzeitsfotograf_-_Melanie_Melcher-59.jpg' alt='Hochzeitsfotograf - Melanie Melcher-59' \/><\/a><a href='https:\/\/www.melanie-melcher.de\/wp-content\/grand-media\/image\/Hochzeitsfotograf_-_Melanie_Melcher-155.jpg'><img class=\"noLazy\" src='https:\/\/www.melanie-melcher.de\/wp-content\/grand-media\/image\/thumb\/Hochzeitsfotograf_-_Melanie_Melcher-155.jpg' alt='Hochzeitsfotograf - Melanie Melcher-155' \/><\/a><a href='https:\/\/www.melanie-melcher.de\/wp-content\/grand-media\/image\/Hochzeitsfotograf_-_Melanie_Melcher-165.jpg'><img class=\"noLazy\" src='https:\/\/www.melanie-melcher.de\/wp-content\/grand-media\/image\/thumb\/Hochzeitsfotograf_-_Melanie_Melcher-165.jpg' alt='Hochzeitsfotograf - Melanie Melcher-165' \/><\/a><a href='https:\/\/www.melanie-melcher.de\/wp-content\/grand-media\/image\/Hochzeitsfotograf_-_Melanie_Melcher-148.jpg'><img class=\"noLazy\" src='https:\/\/www.melanie-melcher.de\/wp-content\/grand-media\/image\/thumb\/Hochzeitsfotograf_-_Melanie_Melcher-148.jpg' alt='Hochzeitsfotograf - Melanie Melcher-148' \/><\/a><a href='https:\/\/www.melanie-melcher.de\/wp-content\/grand-media\/image\/Hochzeitsfotograf_-_Melanie_Melcher-355.jpg'><img class=\"noLazy\" src='https:\/\/www.melanie-melcher.de\/wp-content\/grand-media\/image\/thumb\/Hochzeitsfotograf_-_Melanie_Melcher-355.jpg' alt='Hochzeitsfotograf - Melanie Melcher-355' \/><\/a><a href='https:\/\/www.melanie-melcher.de\/wp-content\/grand-media\/image\/Hochzeitsfotograf_-_Melanie_Melcher-348.jpg'><img class=\"noLazy\" src='https:\/\/www.melanie-melcher.de\/wp-content\/grand-media\/image\/thumb\/Hochzeitsfotograf_-_Melanie_Melcher-348.jpg' alt='Hochzeitsfotograf - Melanie Melcher-348' \/><\/a><a href='https:\/\/www.melanie-melcher.de\/wp-content\/grand-media\/image\/Hochzeitsfotograf_-_Melanie_Melcher-218.jpg'><img class=\"noLazy\" src='https:\/\/www.melanie-melcher.de\/wp-content\/grand-media\/image\/thumb\/Hochzeitsfotograf_-_Melanie_Melcher-218.jpg' alt='Hochzeitsfotograf - Melanie Melcher-218' \/><\/a><a href='https:\/\/www.melanie-melcher.de\/wp-content\/grand-media\/image\/Hochzeitsfotograf_-_Melanie_Melcher-415.jpg'><img class=\"noLazy\" src='https:\/\/www.melanie-melcher.de\/wp-content\/grand-media\/image\/thumb\/Hochzeitsfotograf_-_Melanie_Melcher-415.jpg' alt='Hochzeitsfotograf - Melanie Melcher-415' \/><\/a><a href='https:\/\/www.melanie-melcher.de\/wp-content\/grand-media\/image\/Hochzeitsfotograf_-_Melanie_Melcher-286.jpg'><img class=\"noLazy\" src='https:\/\/www.melanie-melcher.de\/wp-content\/grand-media\/image\/thumb\/Hochzeitsfotograf_-_Melanie_Melcher-286.jpg' alt='Hochzeitsfotograf - Melanie Melcher-286' \/><\/a><a href='https:\/\/www.melanie-melcher.de\/wp-content\/grand-media\/image\/Hochzeitsfotograf_-_Melanie_Melcher-277.jpg'><img class=\"noLazy\" src='https:\/\/www.melanie-melcher.de\/wp-content\/grand-media\/image\/thumb\/Hochzeitsfotograf_-_Melanie_Melcher-277.jpg' alt='Hochzeitsfotograf - Melanie Melcher-277' \/><\/a><a href='https:\/\/www.melanie-melcher.de\/wp-content\/grand-media\/image\/Hochzeitsfotograf_-_Melanie_Melcher-435.jpg'><img class=\"noLazy\" src='https:\/\/www.melanie-melcher.de\/wp-content\/grand-media\/image\/thumb\/Hochzeitsfotograf_-_Melanie_Melcher-435.jpg' alt='Hochzeitsfotograf - Melanie Melcher-435' \/><\/a><a href='https:\/\/www.melanie-melcher.de\/wp-content\/grand-media\/image\/Hochzeitsfotograf_-_Melanie_Melcher-7.jpg'><img class=\"noLazy\" src='https:\/\/www.melanie-melcher.de\/wp-content\/grand-media\/image\/thumb\/Hochzeitsfotograf_-_Melanie_Melcher-7.jpg' alt='Hochzeitsfotograf - Melanie Melcher-7' \/><\/a><a href='https:\/\/www.melanie-melcher.de\/wp-content\/grand-media\/image\/Hochzeitsfotograf_-_Melanie_Melcher-246.jpg'><img class=\"noLazy\" src='https:\/\/www.melanie-melcher.de\/wp-content\/grand-media\/image\/thumb\/Hochzeitsfotograf_-_Melanie_Melcher-246.jpg' alt='Hochzeitsfotograf - Melanie Melcher-246' \/><\/a><a href='https:\/\/www.melanie-melcher.de\/wp-content\/grand-media\/image\/Hochzeitsfotograf_-_Melanie_Melcher-256.jpg'><img class=\"noLazy\" src='https:\/\/www.melanie-melcher.de\/wp-content\/grand-media\/image\/thumb\/Hochzeitsfotograf_-_Melanie_Melcher-256.jpg' alt='Hochzeitsfotograf - Melanie Melcher-256' \/><\/a><a href='https:\/\/www.melanie-melcher.de\/wp-content\/grand-media\/image\/Hochzeitsfotograf_-_Melanie_Melcher-341.jpg'><img class=\"noLazy\" src='https:\/\/www.melanie-melcher.de\/wp-content\/grand-media\/image\/thumb\/Hochzeitsfotograf_-_Melanie_Melcher-341.jpg' alt='Hochzeitsfotograf - Melanie Melcher-341' \/><\/a><a href='https:\/\/www.melanie-melcher.de\/wp-content\/grand-media\/image\/Hochzeitsfotograf_-_Melanie_Melcher-220.jpg'><img class=\"noLazy\" src='https:\/\/www.melanie-melcher.de\/wp-content\/grand-media\/image\/thumb\/Hochzeitsfotograf_-_Melanie_Melcher-220.jpg' alt='Hochzeitsfotograf - Melanie Melcher-220' \/><\/a><a href='https:\/\/www.melanie-melcher.de\/wp-content\/grand-media\/image\/Hochzeitsfotograf_-_Melanie_Melcher-212.jpg'><img class=\"noLazy\" src='https:\/\/www.melanie-melcher.de\/wp-content\/grand-media\/image\/thumb\/Hochzeitsfotograf_-_Melanie_Melcher-212.jpg' alt='Hochzeitsfotograf - Melanie Melcher-212' \/><\/a><a href='https:\/\/www.melanie-melcher.de\/wp-content\/grand-media\/image\/Hochzeitsfotograf_-_Melanie_Melcher-216.jpg'><img class=\"noLazy\" src='https:\/\/www.melanie-melcher.de\/wp-content\/grand-media\/image\/thumb\/Hochzeitsfotograf_-_Melanie_Melcher-216.jpg' alt='Hochzeitsfotograf - Melanie Melcher-216' \/><\/a><a href='https:\/\/www.melanie-melcher.de\/wp-content\/grand-media\/image\/Hochzeitsfotograf_-_Melanie_Melcher-303.jpg'><img class=\"noLazy\" src='https:\/\/www.melanie-melcher.de\/wp-content\/grand-media\/image\/thumb\/Hochzeitsfotograf_-_Melanie_Melcher-303.jpg' alt='Hochzeitsfotograf - Melanie Melcher-303' \/><\/a><a href='https:\/\/www.melanie-melcher.de\/wp-content\/grand-media\/image\/Hochzeitsfotograf_-_Melanie_Melcher-204.jpg'><img class=\"noLazy\" src='https:\/\/www.melanie-melcher.de\/wp-content\/grand-media\/image\/thumb\/Hochzeitsfotograf_-_Melanie_Melcher-204.jpg' alt='Hochzeitsfotograf - Melanie Melcher-204' \/><\/a><a href='https:\/\/www.melanie-melcher.de\/wp-content\/grand-media\/image\/Hochzeitsfotograf_-_Melanie_Melcher-357.jpg'><img class=\"noLazy\" src='https:\/\/www.melanie-melcher.de\/wp-content\/grand-media\/image\/thumb\/Hochzeitsfotograf_-_Melanie_Melcher-357.jpg' alt='Hochzeitsfotograf - Melanie Melcher-357' \/><\/a><a href='https:\/\/www.melanie-melcher.de\/wp-content\/grand-media\/image\/Hochzeitsfotograf_-_Melanie_Melcher-78.jpg'><img class=\"noLazy\" src='https:\/\/www.melanie-melcher.de\/wp-content\/grand-media\/image\/thumb\/Hochzeitsfotograf_-_Melanie_Melcher-78.jpg' alt='Hochzeitsfotograf - Melanie Melcher-78' \/><\/a><a href='https:\/\/www.melanie-melcher.de\/wp-content\/grand-media\/image\/Hochzeitsfotograf_-_Melanie_Melcher-337.jpg'><img class=\"noLazy\" src='https:\/\/www.melanie-melcher.de\/wp-content\/grand-media\/image\/thumb\/Hochzeitsfotograf_-_Melanie_Melcher-337.jpg' alt='Hochzeitsfotograf - Melanie Melcher-337' \/><\/a><a href='https:\/\/www.melanie-melcher.de\/wp-content\/grand-media\/image\/Hochzeitsfotograf_-_Melanie_Melcher-417.jpg'><img class=\"noLazy\" src='https:\/\/www.melanie-melcher.de\/wp-content\/grand-media\/image\/thumb\/Hochzeitsfotograf_-_Melanie_Melcher-417.jpg' alt='Hochzeitsfotograf - Melanie Melcher-417' \/><\/a><a href='https:\/\/www.melanie-melcher.de\/wp-content\/grand-media\/image\/Hochzeitsfotograf_-_Melanie_Melcher-226.jpg'><img class=\"noLazy\" src='https:\/\/www.melanie-melcher.de\/wp-content\/grand-media\/image\/thumb\/Hochzeitsfotograf_-_Melanie_Melcher-226.jpg' alt='Hochzeitsfotograf - Melanie Melcher-226' \/><\/a><a href='https:\/\/www.melanie-melcher.de\/wp-content\/grand-media\/image\/Hochzeitsfotograf_-_Melanie_Melcher-430.jpg'><img class=\"noLazy\" src='https:\/\/www.melanie-melcher.de\/wp-content\/grand-media\/image\/thumb\/Hochzeitsfotograf_-_Melanie_Melcher-430.jpg' alt='Hochzeitsfotograf - Melanie Melcher-430' \/><\/a><a href='https:\/\/www.melanie-melcher.de\/wp-content\/grand-media\/image\/Hochzeitsfotograf_-_Melanie_Melcher-115.jpg'><img class=\"noLazy\" src='https:\/\/www.melanie-melcher.de\/wp-content\/grand-media\/image\/thumb\/Hochzeitsfotograf_-_Melanie_Melcher-115.jpg' alt='Hochzeitsfotograf - Melanie Melcher-115' \/><\/a><a href='https:\/\/www.melanie-melcher.de\/wp-content\/grand-media\/image\/Hochzeitsfotograf_-_Melanie_Melcher-299.jpg'><img class=\"noLazy\" src='https:\/\/www.melanie-melcher.de\/wp-content\/grand-media\/image\/thumb\/Hochzeitsfotograf_-_Melanie_Melcher-299.jpg' alt='Hochzeitsfotograf - Melanie Melcher-299' \/><\/a><a href='https:\/\/www.melanie-melcher.de\/wp-content\/grand-media\/image\/Hochzeitsfotograf_-_Melanie_Melcher-353.jpg'><img class=\"noLazy\" src='https:\/\/www.melanie-melcher.de\/wp-content\/grand-media\/image\/thumb\/Hochzeitsfotograf_-_Melanie_Melcher-353.jpg' alt='Hochzeitsfotograf - Melanie Melcher-353' \/><\/a><a href='https:\/\/www.melanie-melcher.de\/wp-content\/grand-media\/image\/Hochzeitsfotograf_-_Melanie_Melcher-103.jpg'><img class=\"noLazy\" src='https:\/\/www.melanie-melcher.de\/wp-content\/grand-media\/image\/thumb\/Hochzeitsfotograf_-_Melanie_Melcher-103.jpg' alt='Hochzeitsfotograf - Melanie Melcher-103' \/><\/a><a href='https:\/\/www.melanie-melcher.de\/wp-content\/grand-media\/image\/Hochzeitsfotograf_-_Melanie_Melcher-233.jpg'><img class=\"noLazy\" src='https:\/\/www.melanie-melcher.de\/wp-content\/grand-media\/image\/thumb\/Hochzeitsfotograf_-_Melanie_Melcher-233.jpg' alt='Hochzeitsfotograf - Melanie Melcher-233' \/><\/a><a href='https:\/\/www.melanie-melcher.de\/wp-content\/grand-media\/image\/Hochzeitsfotograf_-_Melanie_Melcher-279.jpg'><img class=\"noLazy\" src='https:\/\/www.melanie-melcher.de\/wp-content\/grand-media\/image\/thumb\/Hochzeitsfotograf_-_Melanie_Melcher-279.jpg' alt='Hochzeitsfotograf - Melanie Melcher-279' \/><\/a><a href='https:\/\/www.melanie-melcher.de\/wp-content\/grand-media\/image\/Hochzeitsfotograf_-_Melanie_Melcher-339.jpg'><img class=\"noLazy\" src='https:\/\/www.melanie-melcher.de\/wp-content\/grand-media\/image\/thumb\/Hochzeitsfotograf_-_Melanie_Melcher-339.jpg' alt='Hochzeitsfotograf - Melanie Melcher-339' \/><\/a><a href='https:\/\/www.melanie-melcher.de\/wp-content\/grand-media\/image\/Hochzeitsfotograf_-_Melanie_Melcher-181.jpg'><img class=\"noLazy\" src='https:\/\/www.melanie-melcher.de\/wp-content\/grand-media\/image\/thumb\/Hochzeitsfotograf_-_Melanie_Melcher-181.jpg' alt='Hochzeitsfotograf - Melanie Melcher-181' \/><\/a><a href='https:\/\/www.melanie-melcher.de\/wp-content\/grand-media\/image\/Hochzeitsfotograf_-_Melanie_Melcher-84.jpg'><img class=\"noLazy\" src='https:\/\/www.melanie-melcher.de\/wp-content\/grand-media\/image\/thumb\/Hochzeitsfotograf_-_Melanie_Melcher-84.jpg' alt='Hochzeitsfotograf - Melanie Melcher-84' \/><\/a><a href='https:\/\/www.melanie-melcher.de\/wp-content\/grand-media\/image\/Hochzeitsfotograf_-_Melanie_Melcher-40.jpg'><img class=\"noLazy\" src='https:\/\/www.melanie-melcher.de\/wp-content\/grand-media\/image\/thumb\/Hochzeitsfotograf_-_Melanie_Melcher-40.jpg' alt='Hochzeitsfotograf - Melanie Melcher-40' \/><\/a><a href='https:\/\/www.melanie-melcher.de\/wp-content\/grand-media\/image\/Hochzeitsfotograf_-_Melanie_Melcher-262.jpg'><img class=\"noLazy\" src='https:\/\/www.melanie-melcher.de\/wp-content\/grand-media\/image\/thumb\/Hochzeitsfotograf_-_Melanie_Melcher-262.jpg' alt='Hochzeitsfotograf - Melanie Melcher-262' \/><\/a><a href='https:\/\/www.melanie-melcher.de\/wp-content\/grand-media\/image\/Hochzeitsfotograf_-_Melanie_Melcher-326.jpg'><img class=\"noLazy\" src='https:\/\/www.melanie-melcher.de\/wp-content\/grand-media\/image\/thumb\/Hochzeitsfotograf_-_Melanie_Melcher-326.jpg' alt='Hochzeitsfotograf - Melanie Melcher-326' \/><\/a><a href='https:\/\/www.melanie-melcher.de\/wp-content\/grand-media\/image\/Hochzeitsfotograf_-_Melanie_Melcher-371.jpg'><img class=\"noLazy\" src='https:\/\/www.melanie-melcher.de\/wp-content\/grand-media\/image\/thumb\/Hochzeitsfotograf_-_Melanie_Melcher-371.jpg' alt='Hochzeitsfotograf - Melanie Melcher-371' \/><\/a><a href='https:\/\/www.melanie-melcher.de\/wp-content\/grand-media\/image\/Hochzeitsfotograf_-_Melanie_Melcher-278.jpg'><img class=\"noLazy\" src='https:\/\/www.melanie-melcher.de\/wp-content\/grand-media\/image\/thumb\/Hochzeitsfotograf_-_Melanie_Melcher-278.jpg' alt='Hochzeitsfotograf - Melanie Melcher-278' \/><\/a><a href='https:\/\/www.melanie-melcher.de\/wp-content\/grand-media\/image\/Hochzeitsfotograf_-_Melanie_Melcher-137.jpg'><img class=\"noLazy\" src='https:\/\/www.melanie-melcher.de\/wp-content\/grand-media\/image\/thumb\/Hochzeitsfotograf_-_Melanie_Melcher-137.jpg' alt='Hochzeitsfotograf - Melanie Melcher-137' \/><\/a><a href='https:\/\/www.melanie-melcher.de\/wp-content\/grand-media\/image\/Hochzeitsfotograf_-_Melanie_Melcher-327.jpg'><img class=\"noLazy\" src='https:\/\/www.melanie-melcher.de\/wp-content\/grand-media\/image\/thumb\/Hochzeitsfotograf_-_Melanie_Melcher-327.jpg' alt='Hochzeitsfotograf - Melanie Melcher-327' \/><\/a><a href='https:\/\/www.melanie-melcher.de\/wp-content\/grand-media\/image\/Hochzeitsfotograf_-_Melanie_Melcher-236.jpg'><img class=\"noLazy\" src='https:\/\/www.melanie-melcher.de\/wp-content\/grand-media\/image\/thumb\/Hochzeitsfotograf_-_Melanie_Melcher-236.jpg' alt='Hochzeitsfotograf - Melanie Melcher-236' \/><\/a><\/noscript><\/div>\n\t\t<script type=\"text\/javascript\">\n\t\t\tdocument.addEventListener( 'DOMContentLoaded', function() {\n\t\t\t\tjQuery( function( $ ) {\n\t\t\t\t\tvar settings = {\"columns\":\"3\",\"lightbox_mobile\":\"0\",\"ID\":\"95\",\"name\":\"Christina & Holger\",\"is_mobile\":false,\"module_dirurl\":\"https:\\\/\\\/www.melanie-melcher.de\\\/wp-content\\\/grand-media\\\/module\\\/mosaic\"};\n\t\t\t\t\tvar gmedia_mosaic_content = [{\"id\":\"2180\",\"type\":\"image\",\"ext\":\"jpg\",\"src\":\"\\\/image\\\/Hochzeitsfotograf_-_Melanie_Melcher-95.jpg\",\"sizes\":{\"thumb\":\"https:\\\/\\\/www.melanie-melcher.de\\\/wp-content\\\/grand-media\\\/image\\\/thumb\\\/Hochzeitsfotograf_-_Melanie_Melcher-95.jpg\",\"full\":\"https:\\\/\\\/www.melanie-melcher.de\\\/wp-content\\\/grand-media\\\/image\\\/Hochzeitsfotograf_-_Melanie_Melcher-95.jpg\"},\"title\":\"Hochzeitsfotograf - Melanie Melcher-95\",\"alt\":\"Hochzeitsfotograf - Melanie Melcher-95\",\"caption\":\"\",\"url\":\"\",\"post_link\":\"https:\\\/\\\/www.melanie-melcher.de\\\/index.php\\\/gmedia\\\/hochzeitsfotograf_-_melanie_melcher-95-jpg\\\/\",\"cc\":0,\"views\":10,\"likes\":0,\"width\":800,\"height\":533},{\"id\":\"2242\",\"type\":\"image\",\"ext\":\"jpg\",\"src\":\"\\\/image\\\/Hochzeitsfotograf_-_Melanie_Melcher-333.jpg\",\"sizes\":{\"thumb\":\"https:\\\/\\\/www.melanie-melcher.de\\\/wp-content\\\/grand-media\\\/image\\\/thumb\\\/Hochzeitsfotograf_-_Melanie_Melcher-333.jpg\",\"full\":\"https:\\\/\\\/www.melanie-melcher.de\\\/wp-content\\\/grand-media\\\/image\\\/Hochzeitsfotograf_-_Melanie_Melcher-333.jpg\"},\"title\":\"Hochzeitsfotograf - Melanie Melcher-333\",\"alt\":\"Hochzeitsfotograf - Melanie Melcher-333\",\"caption\":\"\",\"url\":\"\",\"post_link\":\"https:\\\/\\\/www.melanie-melcher.de\\\/index.php\\\/gmedia\\\/hochzeitsfotograf_-_melanie_melcher-333-jpg\\\/\",\"cc\":0,\"views\":5,\"likes\":0,\"width\":533,\"height\":800},{\"id\":\"2169\",\"type\":\"image\",\"ext\":\"jpg\",\"src\":\"\\\/image\\\/Hochzeitsfotograf_-_Melanie_Melcher-21.jpg\",\"sizes\":{\"thumb\":\"https:\\\/\\\/www.melanie-melcher.de\\\/wp-content\\\/grand-media\\\/image\\\/thumb\\\/Hochzeitsfotograf_-_Melanie_Melcher-21.jpg\",\"full\":\"https:\\\/\\\/www.melanie-melcher.de\\\/wp-content\\\/grand-media\\\/image\\\/Hochzeitsfotograf_-_Melanie_Melcher-21.jpg\"},\"title\":\"Hochzeitsfotograf - Melanie Melcher-21\",\"alt\":\"Hochzeitsfotograf - Melanie Melcher-21\",\"caption\":\"\",\"url\":\"\",\"post_link\":\"https:\\\/\\\/www.melanie-melcher.de\\\/index.php\\\/gmedia\\\/hochzeitsfotograf_-_melanie_melcher-21-jpg\\\/\",\"cc\":0,\"views\":6,\"likes\":0,\"width\":800,\"height\":533},{\"id\":\"2205\",\"type\":\"image\",\"ext\":\"jpg\",\"src\":\"\\\/image\\\/Hochzeitsfotograf_-_Melanie_Melcher-197.jpg\",\"sizes\":{\"thumb\":\"https:\\\/\\\/www.melanie-melcher.de\\\/wp-content\\\/grand-media\\\/image\\\/thumb\\\/Hochzeitsfotograf_-_Melanie_Melcher-197.jpg\",\"full\":\"https:\\\/\\\/www.melanie-melcher.de\\\/wp-content\\\/grand-media\\\/image\\\/Hochzeitsfotograf_-_Melanie_Melcher-197.jpg\"},\"title\":\"Hochzeitsfotograf - Melanie Melcher-197\",\"alt\":\"Hochzeitsfotograf - Melanie Melcher-197\",\"caption\":\"\",\"url\":\"\",\"post_link\":\"https:\\\/\\\/www.melanie-melcher.de\\\/index.php\\\/gmedia\\\/hochzeitsfotograf_-_melanie_melcher-197-jpg\\\/\",\"cc\":0,\"views\":8,\"likes\":0,\"width\":533,\"height\":800},{\"id\":\"2175\",\"type\":\"image\",\"ext\":\"jpg\",\"src\":\"\\\/image\\\/Hochzeitsfotograf_-_Melanie_Melcher-81.jpg\",\"sizes\":{\"thumb\":\"https:\\\/\\\/www.melanie-melcher.de\\\/wp-content\\\/grand-media\\\/image\\\/thumb\\\/Hochzeitsfotograf_-_Melanie_Melcher-81.jpg\",\"full\":\"https:\\\/\\\/www.melanie-melcher.de\\\/wp-content\\\/grand-media\\\/image\\\/Hochzeitsfotograf_-_Melanie_Melcher-81.jpg\"},\"title\":\"Hochzeitsfotograf - Melanie Melcher-81\",\"alt\":\"Hochzeitsfotograf - Melanie Melcher-81\",\"caption\":\"\",\"url\":\"\",\"post_link\":\"https:\\\/\\\/www.melanie-melcher.de\\\/index.php\\\/gmedia\\\/hochzeitsfotograf_-_melanie_melcher-81-jpg\\\/\",\"cc\":0,\"views\":9,\"likes\":0,\"width\":800,\"height\":533},{\"id\":\"2240\",\"type\":\"image\",\"ext\":\"jpg\",\"src\":\"\\\/image\\\/Hochzeitsfotograf_-_Melanie_Melcher-329.jpg\",\"sizes\":{\"thumb\":\"https:\\\/\\\/www.melanie-melcher.de\\\/wp-content\\\/grand-media\\\/image\\\/thumb\\\/Hochzeitsfotograf_-_Melanie_Melcher-329.jpg\",\"full\":\"https:\\\/\\\/www.melanie-melcher.de\\\/wp-content\\\/grand-media\\\/image\\\/Hochzeitsfotograf_-_Melanie_Melcher-329.jpg\"},\"title\":\"Hochzeitsfotograf - Melanie Melcher-329\",\"alt\":\"Hochzeitsfotograf - Melanie Melcher-329\",\"caption\":\"\",\"url\":\"\",\"post_link\":\"https:\\\/\\\/www.melanie-melcher.de\\\/index.php\\\/gmedia\\\/hochzeitsfotograf_-_melanie_melcher-329-jpg\\\/\",\"cc\":0,\"views\":7,\"likes\":0,\"width\":800,\"height\":533},{\"id\":\"2245\",\"type\":\"image\",\"ext\":\"jpg\",\"src\":\"\\\/image\\\/Hochzeitsfotograf_-_Melanie_Melcher-340.jpg\",\"sizes\":{\"thumb\":\"https:\\\/\\\/www.melanie-melcher.de\\\/wp-content\\\/grand-media\\\/image\\\/thumb\\\/Hochzeitsfotograf_-_Melanie_Melcher-340.jpg\",\"full\":\"https:\\\/\\\/www.melanie-melcher.de\\\/wp-content\\\/grand-media\\\/image\\\/Hochzeitsfotograf_-_Melanie_Melcher-340.jpg\"},\"title\":\"Hochzeitsfotograf - Melanie Melcher-340\",\"alt\":\"Hochzeitsfotograf - Melanie Melcher-340\",\"caption\":\"\",\"url\":\"\",\"post_link\":\"https:\\\/\\\/www.melanie-melcher.de\\\/index.php\\\/gmedia\\\/hochzeitsfotograf_-_melanie_melcher-340-jpg\\\/\",\"cc\":0,\"views\":9,\"likes\":0,\"width\":800,\"height\":533},{\"id\":\"2256\",\"type\":\"image\",\"ext\":\"jpg\",\"src\":\"\\\/image\\\/Hochzeitsfotograf_-_Melanie_Melcher-410.jpg\",\"sizes\":{\"thumb\":\"https:\\\/\\\/www.melanie-melcher.de\\\/wp-content\\\/grand-media\\\/image\\\/thumb\\\/Hochzeitsfotograf_-_Melanie_Melcher-410.jpg\",\"full\":\"https:\\\/\\\/www.melanie-melcher.de\\\/wp-content\\\/grand-media\\\/image\\\/Hochzeitsfotograf_-_Melanie_Melcher-410.jpg\"},\"title\":\"Hochzeitsfotograf - Melanie Melcher-410\",\"alt\":\"Hochzeitsfotograf - Melanie Melcher-410\",\"caption\":\"\",\"url\":\"\",\"post_link\":\"https:\\\/\\\/www.melanie-melcher.de\\\/index.php\\\/gmedia\\\/hochzeitsfotograf_-_melanie_melcher-410-jpg\\\/\",\"cc\":0,\"views\":6,\"likes\":0,\"width\":800,\"height\":533},{\"id\":\"2166\",\"type\":\"image\",\"ext\":\"jpg\",\"src\":\"\\\/image\\\/Hochzeitsfotograf_-_Melanie_Melcher-8.jpg\",\"sizes\":{\"thumb\":\"https:\\\/\\\/www.melanie-melcher.de\\\/wp-content\\\/grand-media\\\/image\\\/thumb\\\/Hochzeitsfotograf_-_Melanie_Melcher-8.jpg\",\"full\":\"https:\\\/\\\/www.melanie-melcher.de\\\/wp-content\\\/grand-media\\\/image\\\/Hochzeitsfotograf_-_Melanie_Melcher-8.jpg\"},\"title\":\"Hochzeitsfotograf - Melanie Melcher-8\",\"alt\":\"Hochzeitsfotograf - Melanie Melcher-8\",\"caption\":\"\",\"url\":\"\",\"post_link\":\"https:\\\/\\\/www.melanie-melcher.de\\\/index.php\\\/gmedia\\\/hochzeitsfotograf_-_melanie_melcher-8-jpg\\\/\",\"cc\":0,\"views\":9,\"likes\":0,\"width\":800,\"height\":533},{\"id\":\"2168\",\"type\":\"image\",\"ext\":\"jpg\",\"src\":\"\\\/image\\\/Hochzeitsfotograf_-_Melanie_Melcher-16.jpg\",\"sizes\":{\"thumb\":\"https:\\\/\\\/www.melanie-melcher.de\\\/wp-content\\\/grand-media\\\/image\\\/thumb\\\/Hochzeitsfotograf_-_Melanie_Melcher-16.jpg\",\"full\":\"https:\\\/\\\/www.melanie-melcher.de\\\/wp-content\\\/grand-media\\\/image\\\/Hochzeitsfotograf_-_Melanie_Melcher-16.jpg\"},\"title\":\"Hochzeitsfotograf - Melanie Melcher-16\",\"alt\":\"Hochzeitsfotograf - Melanie Melcher-16\",\"caption\":\"\",\"url\":\"\",\"post_link\":\"https:\\\/\\\/www.melanie-melcher.de\\\/index.php\\\/gmedia\\\/hochzeitsfotograf_-_melanie_melcher-16-jpg\\\/\",\"cc\":0,\"views\":11,\"likes\":0,\"width\":800,\"height\":533},{\"id\":\"2197\",\"type\":\"image\",\"ext\":\"jpg\",\"src\":\"\\\/image\\\/Hochzeitsfotograf_-_Melanie_Melcher-163.jpg\",\"sizes\":{\"thumb\":\"https:\\\/\\\/www.melanie-melcher.de\\\/wp-content\\\/grand-media\\\/image\\\/thumb\\\/Hochzeitsfotograf_-_Melanie_Melcher-163.jpg\",\"full\":\"https:\\\/\\\/www.melanie-melcher.de\\\/wp-content\\\/grand-media\\\/image\\\/Hochzeitsfotograf_-_Melanie_Melcher-163.jpg\"},\"title\":\"Hochzeitsfotograf - Melanie Melcher-163\",\"alt\":\"Hochzeitsfotograf - Melanie Melcher-163\",\"caption\":\"\",\"url\":\"\",\"post_link\":\"https:\\\/\\\/www.melanie-melcher.de\\\/index.php\\\/gmedia\\\/hochzeitsfotograf_-_melanie_melcher-163-jpg\\\/\",\"cc\":0,\"views\":15,\"likes\":0,\"width\":800,\"height\":533},{\"id\":\"2228\",\"type\":\"image\",\"ext\":\"jpg\",\"src\":\"\\\/image\\\/Hochzeitsfotograf_-_Melanie_Melcher-291.jpg\",\"sizes\":{\"thumb\":\"https:\\\/\\\/www.melanie-melcher.de\\\/wp-content\\\/grand-media\\\/image\\\/thumb\\\/Hochzeitsfotograf_-_Melanie_Melcher-291.jpg\",\"full\":\"https:\\\/\\\/www.melanie-melcher.de\\\/wp-content\\\/grand-media\\\/image\\\/Hochzeitsfotograf_-_Melanie_Melcher-291.jpg\"},\"title\":\"Hochzeitsfotograf - Melanie Melcher-291\",\"alt\":\"Hochzeitsfotograf - Melanie Melcher-291\",\"caption\":\"\",\"url\":\"\",\"post_link\":\"https:\\\/\\\/www.melanie-melcher.de\\\/index.php\\\/gmedia\\\/hochzeitsfotograf_-_melanie_melcher-291-jpg\\\/\",\"cc\":0,\"views\":6,\"likes\":0,\"width\":800,\"height\":533},{\"id\":\"2192\",\"type\":\"image\",\"ext\":\"jpg\",\"src\":\"\\\/image\\\/Hochzeitsfotograf_-_Melanie_Melcher-146.jpg\",\"sizes\":{\"thumb\":\"https:\\\/\\\/www.melanie-melcher.de\\\/wp-content\\\/grand-media\\\/image\\\/thumb\\\/Hochzeitsfotograf_-_Melanie_Melcher-146.jpg\",\"full\":\"https:\\\/\\\/www.melanie-melcher.de\\\/wp-content\\\/grand-media\\\/image\\\/Hochzeitsfotograf_-_Melanie_Melcher-146.jpg\"},\"title\":\"Hochzeitsfotograf - Melanie Melcher-146\",\"alt\":\"Hochzeitsfotograf - Melanie Melcher-146\",\"caption\":\"\",\"url\":\"\",\"post_link\":\"https:\\\/\\\/www.melanie-melcher.de\\\/index.php\\\/gmedia\\\/hochzeitsfotograf_-_melanie_melcher-146-jpg\\\/\",\"cc\":0,\"views\":11,\"likes\":0,\"width\":800,\"height\":533},{\"id\":\"2186\",\"type\":\"image\",\"ext\":\"jpg\",\"src\":\"\\\/image\\\/Hochzeitsfotograf_-_Melanie_Melcher-126.jpg\",\"sizes\":{\"thumb\":\"https:\\\/\\\/www.melanie-melcher.de\\\/wp-content\\\/grand-media\\\/image\\\/thumb\\\/Hochzeitsfotograf_-_Melanie_Melcher-126.jpg\",\"full\":\"https:\\\/\\\/www.melanie-melcher.de\\\/wp-content\\\/grand-media\\\/image\\\/Hochzeitsfotograf_-_Melanie_Melcher-126.jpg\"},\"title\":\"Hochzeitsfotograf - Melanie Melcher-126\",\"alt\":\"Hochzeitsfotograf - Melanie Melcher-126\",\"caption\":\"\",\"url\":\"\",\"post_link\":\"https:\\\/\\\/www.melanie-melcher.de\\\/index.php\\\/gmedia\\\/hochzeitsfotograf_-_melanie_melcher-126-jpg\\\/\",\"cc\":0,\"views\":7,\"likes\":0,\"width\":533,\"height\":800},{\"id\":\"2259\",\"type\":\"image\",\"ext\":\"jpg\",\"src\":\"\\\/image\\\/Hochzeitsfotograf_-_Melanie_Melcher-420.jpg\",\"sizes\":{\"thumb\":\"https:\\\/\\\/www.melanie-melcher.de\\\/wp-content\\\/grand-media\\\/image\\\/thumb\\\/Hochzeitsfotograf_-_Melanie_Melcher-420.jpg\",\"full\":\"https:\\\/\\\/www.melanie-melcher.de\\\/wp-content\\\/grand-media\\\/image\\\/Hochzeitsfotograf_-_Melanie_Melcher-420.jpg\"},\"title\":\"Hochzeitsfotograf - Melanie Melcher-420\",\"alt\":\"Hochzeitsfotograf - Melanie Melcher-420\",\"caption\":\"\",\"url\":\"\",\"post_link\":\"https:\\\/\\\/www.melanie-melcher.de\\\/index.php\\\/gmedia\\\/hochzeitsfotograf_-_melanie_melcher-420-jpg\\\/\",\"cc\":0,\"views\":9,\"likes\":0,\"width\":533,\"height\":800},{\"id\":\"2183\",\"type\":\"image\",\"ext\":\"jpg\",\"src\":\"\\\/image\\\/Hochzeitsfotograf_-_Melanie_Melcher-114.jpg\",\"sizes\":{\"thumb\":\"https:\\\/\\\/www.melanie-melcher.de\\\/wp-content\\\/grand-media\\\/image\\\/thumb\\\/Hochzeitsfotograf_-_Melanie_Melcher-114.jpg\",\"full\":\"https:\\\/\\\/www.melanie-melcher.de\\\/wp-content\\\/grand-media\\\/image\\\/Hochzeitsfotograf_-_Melanie_Melcher-114.jpg\"},\"title\":\"Hochzeitsfotograf - Melanie Melcher-114\",\"alt\":\"Hochzeitsfotograf - Melanie Melcher-114\",\"caption\":\"\",\"url\":\"\",\"post_link\":\"https:\\\/\\\/www.melanie-melcher.de\\\/index.php\\\/gmedia\\\/hochzeitsfotograf_-_melanie_melcher-114-jpg\\\/\",\"cc\":0,\"views\":8,\"likes\":0,\"width\":800,\"height\":533},{\"id\":\"2187\",\"type\":\"image\",\"ext\":\"jpg\",\"src\":\"\\\/image\\\/Hochzeitsfotograf_-_Melanie_Melcher-130.jpg\",\"sizes\":{\"thumb\":\"https:\\\/\\\/www.melanie-melcher.de\\\/wp-content\\\/grand-media\\\/image\\\/thumb\\\/Hochzeitsfotograf_-_Melanie_Melcher-130.jpg\",\"full\":\"https:\\\/\\\/www.melanie-melcher.de\\\/wp-content\\\/grand-media\\\/image\\\/Hochzeitsfotograf_-_Melanie_Melcher-130.jpg\"},\"title\":\"Hochzeitsfotograf - Melanie Melcher-130\",\"alt\":\"Hochzeitsfotograf - Melanie Melcher-130\",\"caption\":\"\",\"url\":\"\",\"post_link\":\"https:\\\/\\\/www.melanie-melcher.de\\\/index.php\\\/gmedia\\\/hochzeitsfotograf_-_melanie_melcher-130-jpg\\\/\",\"cc\":0,\"views\":10,\"likes\":0,\"width\":800,\"height\":533},{\"id\":\"2218\",\"type\":\"image\",\"ext\":\"jpg\",\"src\":\"\\\/image\\\/Hochzeitsfotograf_-_Melanie_Melcher-251.jpg\",\"sizes\":{\"thumb\":\"https:\\\/\\\/www.melanie-melcher.de\\\/wp-content\\\/grand-media\\\/image\\\/thumb\\\/Hochzeitsfotograf_-_Melanie_Melcher-251.jpg\",\"full\":\"https:\\\/\\\/www.melanie-melcher.de\\\/wp-content\\\/grand-media\\\/image\\\/Hochzeitsfotograf_-_Melanie_Melcher-251.jpg\"},\"title\":\"Hochzeitsfotograf - Melanie Melcher-251\",\"alt\":\"Hochzeitsfotograf - Melanie Melcher-251\",\"caption\":\"\",\"url\":\"\",\"post_link\":\"https:\\\/\\\/www.melanie-melcher.de\\\/index.php\\\/gmedia\\\/hochzeitsfotograf_-_melanie_melcher-251-jpg\\\/\",\"cc\":0,\"views\":9,\"likes\":0,\"width\":533,\"height\":800},{\"id\":\"2237\",\"type\":\"image\",\"ext\":\"jpg\",\"src\":\"\\\/image\\\/Hochzeitsfotograf_-_Melanie_Melcher-325.jpg\",\"sizes\":{\"thumb\":\"https:\\\/\\\/www.melanie-melcher.de\\\/wp-content\\\/grand-media\\\/image\\\/thumb\\\/Hochzeitsfotograf_-_Melanie_Melcher-325.jpg\",\"full\":\"https:\\\/\\\/www.melanie-melcher.de\\\/wp-content\\\/grand-media\\\/image\\\/Hochzeitsfotograf_-_Melanie_Melcher-325.jpg\"},\"title\":\"Hochzeitsfotograf - Melanie Melcher-325\",\"alt\":\"Hochzeitsfotograf - Melanie Melcher-325\",\"caption\":\"\",\"url\":\"\",\"post_link\":\"https:\\\/\\\/www.melanie-melcher.de\\\/index.php\\\/gmedia\\\/hochzeitsfotograf_-_melanie_melcher-325-jpg\\\/\",\"cc\":0,\"views\":12,\"likes\":0,\"width\":533,\"height\":800},{\"id\":\"2190\",\"type\":\"image\",\"ext\":\"jpg\",\"src\":\"\\\/image\\\/Hochzeitsfotograf_-_Melanie_Melcher-143.jpg\",\"sizes\":{\"thumb\":\"https:\\\/\\\/www.melanie-melcher.de\\\/wp-content\\\/grand-media\\\/image\\\/thumb\\\/Hochzeitsfotograf_-_Melanie_Melcher-143.jpg\",\"full\":\"https:\\\/\\\/www.melanie-melcher.de\\\/wp-content\\\/grand-media\\\/image\\\/Hochzeitsfotograf_-_Melanie_Melcher-143.jpg\"},\"title\":\"Hochzeitsfotograf - Melanie Melcher-143\",\"alt\":\"Hochzeitsfotograf - Melanie Melcher-143\",\"caption\":\"\",\"url\":\"\",\"post_link\":\"https:\\\/\\\/www.melanie-melcher.de\\\/index.php\\\/gmedia\\\/hochzeitsfotograf_-_melanie_melcher-143-jpg\\\/\",\"cc\":0,\"views\":9,\"likes\":0,\"width\":800,\"height\":533},{\"id\":\"2173\",\"type\":\"image\",\"ext\":\"jpg\",\"src\":\"\\\/image\\\/Hochzeitsfotograf_-_Melanie_Melcher-68.jpg\",\"sizes\":{\"thumb\":\"https:\\\/\\\/www.melanie-melcher.de\\\/wp-content\\\/grand-media\\\/image\\\/thumb\\\/Hochzeitsfotograf_-_Melanie_Melcher-68.jpg\",\"full\":\"https:\\\/\\\/www.melanie-melcher.de\\\/wp-content\\\/grand-media\\\/image\\\/Hochzeitsfotograf_-_Melanie_Melcher-68.jpg\"},\"title\":\"Hochzeitsfotograf - Melanie Melcher-68\",\"alt\":\"Hochzeitsfotograf - Melanie Melcher-68\",\"caption\":\"\",\"url\":\"\",\"post_link\":\"https:\\\/\\\/www.melanie-melcher.de\\\/index.php\\\/gmedia\\\/hochzeitsfotograf_-_melanie_melcher-68-jpg\\\/\",\"cc\":0,\"views\":13,\"likes\":0,\"width\":800,\"height\":533},{\"id\":\"2255\",\"type\":\"image\",\"ext\":\"jpg\",\"src\":\"\\\/image\\\/Hochzeitsfotograf_-_Melanie_Melcher-399.jpg\",\"sizes\":{\"thumb\":\"https:\\\/\\\/www.melanie-melcher.de\\\/wp-content\\\/grand-media\\\/image\\\/thumb\\\/Hochzeitsfotograf_-_Melanie_Melcher-399.jpg\",\"full\":\"https:\\\/\\\/www.melanie-melcher.de\\\/wp-content\\\/grand-media\\\/image\\\/Hochzeitsfotograf_-_Melanie_Melcher-399.jpg\"},\"title\":\"Hochzeitsfotograf - Melanie Melcher-399\",\"alt\":\"Hochzeitsfotograf - Melanie Melcher-399\",\"caption\":\"\",\"url\":\"\",\"post_link\":\"https:\\\/\\\/www.melanie-melcher.de\\\/index.php\\\/gmedia\\\/hochzeitsfotograf_-_melanie_melcher-399-jpg\\\/\",\"cc\":0,\"views\":8,\"likes\":0,\"width\":800,\"height\":533},{\"id\":\"2235\",\"type\":\"image\",\"ext\":\"jpg\",\"src\":\"\\\/image\\\/Hochzeitsfotograf_-_Melanie_Melcher-318.jpg\",\"sizes\":{\"thumb\":\"https:\\\/\\\/www.melanie-melcher.de\\\/wp-content\\\/grand-media\\\/image\\\/thumb\\\/Hochzeitsfotograf_-_Melanie_Melcher-318.jpg\",\"full\":\"https:\\\/\\\/www.melanie-melcher.de\\\/wp-content\\\/grand-media\\\/image\\\/Hochzeitsfotograf_-_Melanie_Melcher-318.jpg\"},\"title\":\"Hochzeitsfotograf - Melanie Melcher-318\",\"alt\":\"Hochzeitsfotograf - Melanie Melcher-318\",\"caption\":\"\",\"url\":\"\",\"post_link\":\"https:\\\/\\\/www.melanie-melcher.de\\\/index.php\\\/gmedia\\\/hochzeitsfotograf_-_melanie_melcher-318-jpg\\\/\",\"cc\":0,\"views\":11,\"likes\":0,\"width\":800,\"height\":533},{\"id\":\"2251\",\"type\":\"image\",\"ext\":\"jpg\",\"src\":\"\\\/image\\\/Hochzeitsfotograf_-_Melanie_Melcher-356.jpg\",\"sizes\":{\"thumb\":\"https:\\\/\\\/www.melanie-melcher.de\\\/wp-content\\\/grand-media\\\/image\\\/thumb\\\/Hochzeitsfotograf_-_Melanie_Melcher-356.jpg\",\"full\":\"https:\\\/\\\/www.melanie-melcher.de\\\/wp-content\\\/grand-media\\\/image\\\/Hochzeitsfotograf_-_Melanie_Melcher-356.jpg\"},\"title\":\"Hochzeitsfotograf - Melanie Melcher-356\",\"alt\":\"Hochzeitsfotograf - Melanie Melcher-356\",\"caption\":\"\",\"url\":\"\",\"post_link\":\"https:\\\/\\\/www.melanie-melcher.de\\\/index.php\\\/gmedia\\\/hochzeitsfotograf_-_melanie_melcher-356-jpg\\\/\",\"cc\":0,\"views\":9,\"likes\":0,\"width\":800,\"height\":533},{\"id\":\"2200\",\"type\":\"image\",\"ext\":\"jpg\",\"src\":\"\\\/image\\\/Hochzeitsfotograf_-_Melanie_Melcher-178.jpg\",\"sizes\":{\"thumb\":\"https:\\\/\\\/www.melanie-melcher.de\\\/wp-content\\\/grand-media\\\/image\\\/thumb\\\/Hochzeitsfotograf_-_Melanie_Melcher-178.jpg\",\"full\":\"https:\\\/\\\/www.melanie-melcher.de\\\/wp-content\\\/grand-media\\\/image\\\/Hochzeitsfotograf_-_Melanie_Melcher-178.jpg\"},\"title\":\"Hochzeitsfotograf - Melanie Melcher-178\",\"alt\":\"Hochzeitsfotograf - Melanie Melcher-178\",\"caption\":\"\",\"url\":\"\",\"post_link\":\"https:\\\/\\\/www.melanie-melcher.de\\\/index.php\\\/gmedia\\\/hochzeitsfotograf_-_melanie_melcher-178-jpg\\\/\",\"cc\":0,\"views\":8,\"likes\":0,\"width\":800,\"height\":533},{\"id\":\"2178\",\"type\":\"image\",\"ext\":\"jpg\",\"src\":\"\\\/image\\\/Hochzeitsfotograf_-_Melanie_Melcher-87.jpg\",\"sizes\":{\"thumb\":\"https:\\\/\\\/www.melanie-melcher.de\\\/wp-content\\\/grand-media\\\/image\\\/thumb\\\/Hochzeitsfotograf_-_Melanie_Melcher-87.jpg\",\"full\":\"https:\\\/\\\/www.melanie-melcher.de\\\/wp-content\\\/grand-media\\\/image\\\/Hochzeitsfotograf_-_Melanie_Melcher-87.jpg\"},\"title\":\"Hochzeitsfotograf - Melanie Melcher-87\",\"alt\":\"Hochzeitsfotograf - Melanie Melcher-87\",\"caption\":\"\",\"url\":\"\",\"post_link\":\"https:\\\/\\\/www.melanie-melcher.de\\\/index.php\\\/gmedia\\\/hochzeitsfotograf_-_melanie_melcher-87-jpg\\\/\",\"cc\":0,\"views\":11,\"likes\":0,\"width\":800,\"height\":533},{\"id\":\"2215\",\"type\":\"image\",\"ext\":\"jpg\",\"src\":\"\\\/image\\\/Hochzeitsfotograf_-_Melanie_Melcher-237.jpg\",\"sizes\":{\"thumb\":\"https:\\\/\\\/www.melanie-melcher.de\\\/wp-content\\\/grand-media\\\/image\\\/thumb\\\/Hochzeitsfotograf_-_Melanie_Melcher-237.jpg\",\"full\":\"https:\\\/\\\/www.melanie-melcher.de\\\/wp-content\\\/grand-media\\\/image\\\/Hochzeitsfotograf_-_Melanie_Melcher-237.jpg\"},\"title\":\"Hochzeitsfotograf - Melanie Melcher-237\",\"alt\":\"Hochzeitsfotograf - Melanie Melcher-237\",\"caption\":\"\",\"url\":\"\",\"post_link\":\"https:\\\/\\\/www.melanie-melcher.de\\\/index.php\\\/gmedia\\\/hochzeitsfotograf_-_melanie_melcher-237-jpg\\\/\",\"cc\":0,\"views\":9,\"likes\":0,\"width\":533,\"height\":800},{\"id\":\"2234\",\"type\":\"image\",\"ext\":\"jpg\",\"src\":\"\\\/image\\\/Hochzeitsfotograf_-_Melanie_Melcher-314.jpg\",\"sizes\":{\"thumb\":\"https:\\\/\\\/www.melanie-melcher.de\\\/wp-content\\\/grand-media\\\/image\\\/thumb\\\/Hochzeitsfotograf_-_Melanie_Melcher-314.jpg\",\"full\":\"https:\\\/\\\/www.melanie-melcher.de\\\/wp-content\\\/grand-media\\\/image\\\/Hochzeitsfotograf_-_Melanie_Melcher-314.jpg\"},\"title\":\"Hochzeitsfotograf - Melanie Melcher-314\",\"alt\":\"Hochzeitsfotograf - Melanie Melcher-314\",\"caption\":\"\",\"url\":\"\",\"post_link\":\"https:\\\/\\\/www.melanie-melcher.de\\\/index.php\\\/gmedia\\\/hochzeitsfotograf_-_melanie_melcher-314-jpg\\\/\",\"cc\":0,\"views\":11,\"likes\":0,\"width\":800,\"height\":533},{\"id\":\"2247\",\"type\":\"image\",\"ext\":\"jpg\",\"src\":\"\\\/image\\\/Hochzeitsfotograf_-_Melanie_Melcher-346.jpg\",\"sizes\":{\"thumb\":\"https:\\\/\\\/www.melanie-melcher.de\\\/wp-content\\\/grand-media\\\/image\\\/thumb\\\/Hochzeitsfotograf_-_Melanie_Melcher-346.jpg\",\"full\":\"https:\\\/\\\/www.melanie-melcher.de\\\/wp-content\\\/grand-media\\\/image\\\/Hochzeitsfotograf_-_Melanie_Melcher-346.jpg\"},\"title\":\"Hochzeitsfotograf - Melanie Melcher-346\",\"alt\":\"Hochzeitsfotograf - Melanie Melcher-346\",\"caption\":\"\",\"url\":\"\",\"post_link\":\"https:\\\/\\\/www.melanie-melcher.de\\\/index.php\\\/gmedia\\\/hochzeitsfotograf_-_melanie_melcher-346-jpg\\\/\",\"cc\":0,\"views\":9,\"likes\":0,\"width\":800,\"height\":533},{\"id\":\"2196\",\"type\":\"image\",\"ext\":\"jpg\",\"src\":\"\\\/image\\\/Hochzeitsfotograf_-_Melanie_Melcher-156.jpg\",\"sizes\":{\"thumb\":\"https:\\\/\\\/www.melanie-melcher.de\\\/wp-content\\\/grand-media\\\/image\\\/thumb\\\/Hochzeitsfotograf_-_Melanie_Melcher-156.jpg\",\"full\":\"https:\\\/\\\/www.melanie-melcher.de\\\/wp-content\\\/grand-media\\\/image\\\/Hochzeitsfotograf_-_Melanie_Melcher-156.jpg\"},\"title\":\"Hochzeitsfotograf - Melanie Melcher-156\",\"alt\":\"Hochzeitsfotograf - Melanie Melcher-156\",\"caption\":\"\",\"url\":\"\",\"post_link\":\"https:\\\/\\\/www.melanie-melcher.de\\\/index.php\\\/gmedia\\\/hochzeitsfotograf_-_melanie_melcher-156-jpg\\\/\",\"cc\":0,\"views\":9,\"likes\":0,\"width\":800,\"height\":533},{\"id\":\"2232\",\"type\":\"image\",\"ext\":\"jpg\",\"src\":\"\\\/image\\\/Hochzeitsfotograf_-_Melanie_Melcher-306.jpg\",\"sizes\":{\"thumb\":\"https:\\\/\\\/www.melanie-melcher.de\\\/wp-content\\\/grand-media\\\/image\\\/thumb\\\/Hochzeitsfotograf_-_Melanie_Melcher-306.jpg\",\"full\":\"https:\\\/\\\/www.melanie-melcher.de\\\/wp-content\\\/grand-media\\\/image\\\/Hochzeitsfotograf_-_Melanie_Melcher-306.jpg\"},\"title\":\"Hochzeitsfotograf - Melanie Melcher-306\",\"alt\":\"Hochzeitsfotograf - Melanie Melcher-306\",\"caption\":\"\",\"url\":\"\",\"post_link\":\"https:\\\/\\\/www.melanie-melcher.de\\\/index.php\\\/gmedia\\\/hochzeitsfotograf_-_melanie_melcher-306-jpg\\\/\",\"cc\":0,\"views\":9,\"likes\":0,\"width\":533,\"height\":800},{\"id\":\"2182\",\"type\":\"image\",\"ext\":\"jpg\",\"src\":\"\\\/image\\\/Hochzeitsfotograf_-_Melanie_Melcher-109.jpg\",\"sizes\":{\"thumb\":\"https:\\\/\\\/www.melanie-melcher.de\\\/wp-content\\\/grand-media\\\/image\\\/thumb\\\/Hochzeitsfotograf_-_Melanie_Melcher-109.jpg\",\"full\":\"https:\\\/\\\/www.melanie-melcher.de\\\/wp-content\\\/grand-media\\\/image\\\/Hochzeitsfotograf_-_Melanie_Melcher-109.jpg\"},\"title\":\"Hochzeitsfotograf - Melanie Melcher-109\",\"alt\":\"Hochzeitsfotograf - Melanie Melcher-109\",\"caption\":\"\",\"url\":\"\",\"post_link\":\"https:\\\/\\\/www.melanie-melcher.de\\\/index.php\\\/gmedia\\\/hochzeitsfotograf_-_melanie_melcher-109-jpg\\\/\",\"cc\":0,\"views\":7,\"likes\":0,\"width\":533,\"height\":800},{\"id\":\"2201\",\"type\":\"image\",\"ext\":\"jpg\",\"src\":\"\\\/image\\\/Hochzeitsfotograf_-_Melanie_Melcher-180.jpg\",\"sizes\":{\"thumb\":\"https:\\\/\\\/www.melanie-melcher.de\\\/wp-content\\\/grand-media\\\/image\\\/thumb\\\/Hochzeitsfotograf_-_Melanie_Melcher-180.jpg\",\"full\":\"https:\\\/\\\/www.melanie-melcher.de\\\/wp-content\\\/grand-media\\\/image\\\/Hochzeitsfotograf_-_Melanie_Melcher-180.jpg\"},\"title\":\"Hochzeitsfotograf - Melanie Melcher-180\",\"alt\":\"Hochzeitsfotograf - Melanie Melcher-180\",\"caption\":\"\",\"url\":\"\",\"post_link\":\"https:\\\/\\\/www.melanie-melcher.de\\\/index.php\\\/gmedia\\\/hochzeitsfotograf_-_melanie_melcher-180-jpg\\\/\",\"cc\":0,\"views\":7,\"likes\":0,\"width\":800,\"height\":533},{\"id\":\"2191\",\"type\":\"image\",\"ext\":\"jpg\",\"src\":\"\\\/image\\\/Hochzeitsfotograf_-_Melanie_Melcher-145.jpg\",\"sizes\":{\"thumb\":\"https:\\\/\\\/www.melanie-melcher.de\\\/wp-content\\\/grand-media\\\/image\\\/thumb\\\/Hochzeitsfotograf_-_Melanie_Melcher-145.jpg\",\"full\":\"https:\\\/\\\/www.melanie-melcher.de\\\/wp-content\\\/grand-media\\\/image\\\/Hochzeitsfotograf_-_Melanie_Melcher-145.jpg\"},\"title\":\"Hochzeitsfotograf - Melanie Melcher-145\",\"alt\":\"Hochzeitsfotograf - Melanie Melcher-145\",\"caption\":\"\",\"url\":\"\",\"post_link\":\"https:\\\/\\\/www.melanie-melcher.de\\\/index.php\\\/gmedia\\\/hochzeitsfotograf_-_melanie_melcher-145-jpg\\\/\",\"cc\":0,\"views\":15,\"likes\":0,\"width\":800,\"height\":533},{\"id\":\"2222\",\"type\":\"image\",\"ext\":\"jpg\",\"src\":\"\\\/image\\\/Hochzeitsfotograf_-_Melanie_Melcher-267.jpg\",\"sizes\":{\"thumb\":\"https:\\\/\\\/www.melanie-melcher.de\\\/wp-content\\\/grand-media\\\/image\\\/thumb\\\/Hochzeitsfotograf_-_Melanie_Melcher-267.jpg\",\"full\":\"https:\\\/\\\/www.melanie-melcher.de\\\/wp-content\\\/grand-media\\\/image\\\/Hochzeitsfotograf_-_Melanie_Melcher-267.jpg\"},\"title\":\"Hochzeitsfotograf - Melanie Melcher-267\",\"alt\":\"Hochzeitsfotograf - Melanie Melcher-267\",\"caption\":\"\",\"url\":\"\",\"post_link\":\"https:\\\/\\\/www.melanie-melcher.de\\\/index.php\\\/gmedia\\\/hochzeitsfotograf_-_melanie_melcher-267-jpg\\\/\",\"cc\":0,\"views\":13,\"likes\":0,\"width\":800,\"height\":533},{\"id\":\"2199\",\"type\":\"image\",\"ext\":\"jpg\",\"src\":\"\\\/image\\\/Hochzeitsfotograf_-_Melanie_Melcher-173.jpg\",\"sizes\":{\"thumb\":\"https:\\\/\\\/www.melanie-melcher.de\\\/wp-content\\\/grand-media\\\/image\\\/thumb\\\/Hochzeitsfotograf_-_Melanie_Melcher-173.jpg\",\"full\":\"https:\\\/\\\/www.melanie-melcher.de\\\/wp-content\\\/grand-media\\\/image\\\/Hochzeitsfotograf_-_Melanie_Melcher-173.jpg\"},\"title\":\"Hochzeitsfotograf - Melanie Melcher-173\",\"alt\":\"Hochzeitsfotograf - Melanie Melcher-173\",\"caption\":\"\",\"url\":\"\",\"post_link\":\"https:\\\/\\\/www.melanie-melcher.de\\\/index.php\\\/gmedia\\\/hochzeitsfotograf_-_melanie_melcher-173-jpg\\\/\",\"cc\":0,\"views\":8,\"likes\":0,\"width\":533,\"height\":800},{\"id\":\"2227\",\"type\":\"image\",\"ext\":\"jpg\",\"src\":\"\\\/image\\\/Hochzeitsfotograf_-_Melanie_Melcher-287.jpg\",\"sizes\":{\"thumb\":\"https:\\\/\\\/www.melanie-melcher.de\\\/wp-content\\\/grand-media\\\/image\\\/thumb\\\/Hochzeitsfotograf_-_Melanie_Melcher-287.jpg\",\"full\":\"https:\\\/\\\/www.melanie-melcher.de\\\/wp-content\\\/grand-media\\\/image\\\/Hochzeitsfotograf_-_Melanie_Melcher-287.jpg\"},\"title\":\"Hochzeitsfotograf - Melanie Melcher-287\",\"alt\":\"Hochzeitsfotograf - Melanie Melcher-287\",\"caption\":\"\",\"url\":\"\",\"post_link\":\"https:\\\/\\\/www.melanie-melcher.de\\\/index.php\\\/gmedia\\\/hochzeitsfotograf_-_melanie_melcher-287-jpg\\\/\",\"cc\":0,\"views\":8,\"likes\":0,\"width\":800,\"height\":533},{\"id\":\"2208\",\"type\":\"image\",\"ext\":\"jpg\",\"src\":\"\\\/image\\\/Hochzeitsfotograf_-_Melanie_Melcher-214.jpg\",\"sizes\":{\"thumb\":\"https:\\\/\\\/www.melanie-melcher.de\\\/wp-content\\\/grand-media\\\/image\\\/thumb\\\/Hochzeitsfotograf_-_Melanie_Melcher-214.jpg\",\"full\":\"https:\\\/\\\/www.melanie-melcher.de\\\/wp-content\\\/grand-media\\\/image\\\/Hochzeitsfotograf_-_Melanie_Melcher-214.jpg\"},\"title\":\"Hochzeitsfotograf - Melanie Melcher-214\",\"alt\":\"Hochzeitsfotograf - Melanie Melcher-214\",\"caption\":\"\",\"url\":\"\",\"post_link\":\"https:\\\/\\\/www.melanie-melcher.de\\\/index.php\\\/gmedia\\\/hochzeitsfotograf_-_melanie_melcher-214-jpg\\\/\",\"cc\":0,\"views\":7,\"likes\":0,\"width\":800,\"height\":533},{\"id\":\"2179\",\"type\":\"image\",\"ext\":\"jpg\",\"src\":\"\\\/image\\\/Hochzeitsfotograf_-_Melanie_Melcher-94.jpg\",\"sizes\":{\"thumb\":\"https:\\\/\\\/www.melanie-melcher.de\\\/wp-content\\\/grand-media\\\/image\\\/thumb\\\/Hochzeitsfotograf_-_Melanie_Melcher-94.jpg\",\"full\":\"https:\\\/\\\/www.melanie-melcher.de\\\/wp-content\\\/grand-media\\\/image\\\/Hochzeitsfotograf_-_Melanie_Melcher-94.jpg\"},\"title\":\"Hochzeitsfotograf - Melanie Melcher-94\",\"alt\":\"Hochzeitsfotograf - Melanie Melcher-94\",\"caption\":\"\",\"url\":\"\",\"post_link\":\"https:\\\/\\\/www.melanie-melcher.de\\\/index.php\\\/gmedia\\\/hochzeitsfotograf_-_melanie_melcher-94-jpg\\\/\",\"cc\":0,\"views\":10,\"likes\":0,\"width\":800,\"height\":533},{\"id\":\"2177\",\"type\":\"image\",\"ext\":\"jpg\",\"src\":\"\\\/image\\\/Hochzeitsfotograf_-_Melanie_Melcher-85.jpg\",\"sizes\":{\"thumb\":\"https:\\\/\\\/www.melanie-melcher.de\\\/wp-content\\\/grand-media\\\/image\\\/thumb\\\/Hochzeitsfotograf_-_Melanie_Melcher-85.jpg\",\"full\":\"https:\\\/\\\/www.melanie-melcher.de\\\/wp-content\\\/grand-media\\\/image\\\/Hochzeitsfotograf_-_Melanie_Melcher-85.jpg\"},\"title\":\"Hochzeitsfotograf - Melanie Melcher-85\",\"alt\":\"Hochzeitsfotograf - Melanie Melcher-85\",\"caption\":\"\",\"url\":\"\",\"post_link\":\"https:\\\/\\\/www.melanie-melcher.de\\\/index.php\\\/gmedia\\\/hochzeitsfotograf_-_melanie_melcher-85-jpg\\\/\",\"cc\":0,\"views\":12,\"likes\":0,\"width\":800,\"height\":533},{\"id\":\"2254\",\"type\":\"image\",\"ext\":\"jpg\",\"src\":\"\\\/image\\\/Hochzeitsfotograf_-_Melanie_Melcher-381.jpg\",\"sizes\":{\"thumb\":\"https:\\\/\\\/www.melanie-melcher.de\\\/wp-content\\\/grand-media\\\/image\\\/thumb\\\/Hochzeitsfotograf_-_Melanie_Melcher-381.jpg\",\"full\":\"https:\\\/\\\/www.melanie-melcher.de\\\/wp-content\\\/grand-media\\\/image\\\/Hochzeitsfotograf_-_Melanie_Melcher-381.jpg\"},\"title\":\"Hochzeitsfotograf - Melanie Melcher-381\",\"alt\":\"Hochzeitsfotograf - Melanie Melcher-381\",\"caption\":\"\",\"url\":\"\",\"post_link\":\"https:\\\/\\\/www.melanie-melcher.de\\\/index.php\\\/gmedia\\\/hochzeitsfotograf_-_melanie_melcher-381-jpg\\\/\",\"cc\":0,\"views\":12,\"likes\":0,\"width\":533,\"height\":800},{\"id\":\"2221\",\"type\":\"image\",\"ext\":\"jpg\",\"src\":\"\\\/image\\\/Hochzeitsfotograf_-_Melanie_Melcher-265.jpg\",\"sizes\":{\"thumb\":\"https:\\\/\\\/www.melanie-melcher.de\\\/wp-content\\\/grand-media\\\/image\\\/thumb\\\/Hochzeitsfotograf_-_Melanie_Melcher-265.jpg\",\"full\":\"https:\\\/\\\/www.melanie-melcher.de\\\/wp-content\\\/grand-media\\\/image\\\/Hochzeitsfotograf_-_Melanie_Melcher-265.jpg\"},\"title\":\"Hochzeitsfotograf - Melanie Melcher-265\",\"alt\":\"Hochzeitsfotograf - Melanie Melcher-265\",\"caption\":\"\",\"url\":\"\",\"post_link\":\"https:\\\/\\\/www.melanie-melcher.de\\\/index.php\\\/gmedia\\\/hochzeitsfotograf_-_melanie_melcher-265-jpg\\\/\",\"cc\":0,\"views\":11,\"likes\":0,\"width\":533,\"height\":800},{\"id\":\"2236\",\"type\":\"image\",\"ext\":\"jpg\",\"src\":\"\\\/image\\\/Hochzeitsfotograf_-_Melanie_Melcher-322.jpg\",\"sizes\":{\"thumb\":\"https:\\\/\\\/www.melanie-melcher.de\\\/wp-content\\\/grand-media\\\/image\\\/thumb\\\/Hochzeitsfotograf_-_Melanie_Melcher-322.jpg\",\"full\":\"https:\\\/\\\/www.melanie-melcher.de\\\/wp-content\\\/grand-media\\\/image\\\/Hochzeitsfotograf_-_Melanie_Melcher-322.jpg\"},\"title\":\"Hochzeitsfotograf - Melanie Melcher-322\",\"alt\":\"Hochzeitsfotograf - Melanie Melcher-322\",\"caption\":\"\",\"url\":\"\",\"post_link\":\"https:\\\/\\\/www.melanie-melcher.de\\\/index.php\\\/gmedia\\\/hochzeitsfotograf_-_melanie_melcher-322-jpg\\\/\",\"cc\":0,\"views\":13,\"likes\":0,\"width\":800,\"height\":533},{\"id\":\"2229\",\"type\":\"image\",\"ext\":\"jpg\",\"src\":\"\\\/image\\\/Hochzeitsfotograf_-_Melanie_Melcher-296.jpg\",\"sizes\":{\"thumb\":\"https:\\\/\\\/www.melanie-melcher.de\\\/wp-content\\\/grand-media\\\/image\\\/thumb\\\/Hochzeitsfotograf_-_Melanie_Melcher-296.jpg\",\"full\":\"https:\\\/\\\/www.melanie-melcher.de\\\/wp-content\\\/grand-media\\\/image\\\/Hochzeitsfotograf_-_Melanie_Melcher-296.jpg\"},\"title\":\"Hochzeitsfotograf - Melanie Melcher-296\",\"alt\":\"Hochzeitsfotograf - Melanie Melcher-296\",\"caption\":\"\",\"url\":\"\",\"post_link\":\"https:\\\/\\\/www.melanie-melcher.de\\\/index.php\\\/gmedia\\\/hochzeitsfotograf_-_melanie_melcher-296-jpg\\\/\",\"cc\":0,\"views\":13,\"likes\":0,\"width\":533,\"height\":800},{\"id\":\"2203\",\"type\":\"image\",\"ext\":\"jpg\",\"src\":\"\\\/image\\\/Hochzeitsfotograf_-_Melanie_Melcher-186.jpg\",\"sizes\":{\"thumb\":\"https:\\\/\\\/www.melanie-melcher.de\\\/wp-content\\\/grand-media\\\/image\\\/thumb\\\/Hochzeitsfotograf_-_Melanie_Melcher-186.jpg\",\"full\":\"https:\\\/\\\/www.melanie-melcher.de\\\/wp-content\\\/grand-media\\\/image\\\/Hochzeitsfotograf_-_Melanie_Melcher-186.jpg\"},\"title\":\"Hochzeitsfotograf - Melanie Melcher-186\",\"alt\":\"Hochzeitsfotograf - Melanie Melcher-186\",\"caption\":\"\",\"url\":\"\",\"post_link\":\"https:\\\/\\\/www.melanie-melcher.de\\\/index.php\\\/gmedia\\\/hochzeitsfotograf_-_melanie_melcher-186-jpg\\\/\",\"cc\":0,\"views\":8,\"likes\":0,\"width\":533,\"height\":800},{\"id\":\"2171\",\"type\":\"image\",\"ext\":\"jpg\",\"src\":\"\\\/image\\\/Hochzeitsfotograf_-_Melanie_Melcher-53.jpg\",\"sizes\":{\"thumb\":\"https:\\\/\\\/www.melanie-melcher.de\\\/wp-content\\\/grand-media\\\/image\\\/thumb\\\/Hochzeitsfotograf_-_Melanie_Melcher-53.jpg\",\"full\":\"https:\\\/\\\/www.melanie-melcher.de\\\/wp-content\\\/grand-media\\\/image\\\/Hochzeitsfotograf_-_Melanie_Melcher-53.jpg\"},\"title\":\"Hochzeitsfotograf - Melanie Melcher-53\",\"alt\":\"Hochzeitsfotograf - Melanie Melcher-53\",\"caption\":\"\",\"url\":\"\",\"post_link\":\"https:\\\/\\\/www.melanie-melcher.de\\\/index.php\\\/gmedia\\\/hochzeitsfotograf_-_melanie_melcher-53-jpg\\\/\",\"cc\":0,\"views\":9,\"likes\":0,\"width\":800,\"height\":533},{\"id\":\"2194\",\"type\":\"image\",\"ext\":\"jpg\",\"src\":\"\\\/image\\\/Hochzeitsfotograf_-_Melanie_Melcher-150.jpg\",\"sizes\":{\"thumb\":\"https:\\\/\\\/www.melanie-melcher.de\\\/wp-content\\\/grand-media\\\/image\\\/thumb\\\/Hochzeitsfotograf_-_Melanie_Melcher-150.jpg\",\"full\":\"https:\\\/\\\/www.melanie-melcher.de\\\/wp-content\\\/grand-media\\\/image\\\/Hochzeitsfotograf_-_Melanie_Melcher-150.jpg\"},\"title\":\"Hochzeitsfotograf - Melanie Melcher-150\",\"alt\":\"Hochzeitsfotograf - Melanie Melcher-150\",\"caption\":\"\",\"url\":\"\",\"post_link\":\"https:\\\/\\\/www.melanie-melcher.de\\\/index.php\\\/gmedia\\\/hochzeitsfotograf_-_melanie_melcher-150-jpg\\\/\",\"cc\":0,\"views\":13,\"likes\":0,\"width\":800,\"height\":533},{\"id\":\"2241\",\"type\":\"image\",\"ext\":\"jpg\",\"src\":\"\\\/image\\\/Hochzeitsfotograf_-_Melanie_Melcher-332.jpg\",\"sizes\":{\"thumb\":\"https:\\\/\\\/www.melanie-melcher.de\\\/wp-content\\\/grand-media\\\/image\\\/thumb\\\/Hochzeitsfotograf_-_Melanie_Melcher-332.jpg\",\"full\":\"https:\\\/\\\/www.melanie-melcher.de\\\/wp-content\\\/grand-media\\\/image\\\/Hochzeitsfotograf_-_Melanie_Melcher-332.jpg\"},\"title\":\"Hochzeitsfotograf - Melanie Melcher-332\",\"alt\":\"Hochzeitsfotograf - Melanie Melcher-332\",\"caption\":\"\",\"url\":\"\",\"post_link\":\"https:\\\/\\\/www.melanie-melcher.de\\\/index.php\\\/gmedia\\\/hochzeitsfotograf_-_melanie_melcher-332-jpg\\\/\",\"cc\":0,\"views\":12,\"likes\":0,\"width\":533,\"height\":800},{\"id\":\"2217\",\"type\":\"image\",\"ext\":\"jpg\",\"src\":\"\\\/image\\\/Hochzeitsfotograf_-_Melanie_Melcher-250.jpg\",\"sizes\":{\"thumb\":\"https:\\\/\\\/www.melanie-melcher.de\\\/wp-content\\\/grand-media\\\/image\\\/thumb\\\/Hochzeitsfotograf_-_Melanie_Melcher-250.jpg\",\"full\":\"https:\\\/\\\/www.melanie-melcher.de\\\/wp-content\\\/grand-media\\\/image\\\/Hochzeitsfotograf_-_Melanie_Melcher-250.jpg\"},\"title\":\"Hochzeitsfotograf - Melanie Melcher-250\",\"alt\":\"Hochzeitsfotograf - Melanie Melcher-250\",\"caption\":\"\",\"url\":\"\",\"post_link\":\"https:\\\/\\\/www.melanie-melcher.de\\\/index.php\\\/gmedia\\\/hochzeitsfotograf_-_melanie_melcher-250-jpg\\\/\",\"cc\":0,\"views\":7,\"likes\":0,\"width\":533,\"height\":800},{\"id\":\"2260\",\"type\":\"image\",\"ext\":\"jpg\",\"src\":\"\\\/image\\\/Hochzeitsfotograf_-_Melanie_Melcher-423.jpg\",\"sizes\":{\"thumb\":\"https:\\\/\\\/www.melanie-melcher.de\\\/wp-content\\\/grand-media\\\/image\\\/thumb\\\/Hochzeitsfotograf_-_Melanie_Melcher-423.jpg\",\"full\":\"https:\\\/\\\/www.melanie-melcher.de\\\/wp-content\\\/grand-media\\\/image\\\/Hochzeitsfotograf_-_Melanie_Melcher-423.jpg\"},\"title\":\"Hochzeitsfotograf - Melanie Melcher-423\",\"alt\":\"Hochzeitsfotograf - Melanie Melcher-423\",\"caption\":\"\",\"url\":\"\",\"post_link\":\"https:\\\/\\\/www.melanie-melcher.de\\\/index.php\\\/gmedia\\\/hochzeitsfotograf_-_melanie_melcher-423-jpg\\\/\",\"cc\":0,\"views\":10,\"likes\":0,\"width\":800,\"height\":533},{\"id\":\"2167\",\"type\":\"image\",\"ext\":\"jpg\",\"src\":\"\\\/image\\\/Hochzeitsfotograf_-_Melanie_Melcher-10.jpg\",\"sizes\":{\"thumb\":\"https:\\\/\\\/www.melanie-melcher.de\\\/wp-content\\\/grand-media\\\/image\\\/thumb\\\/Hochzeitsfotograf_-_Melanie_Melcher-10.jpg\",\"full\":\"https:\\\/\\\/www.melanie-melcher.de\\\/wp-content\\\/grand-media\\\/image\\\/Hochzeitsfotograf_-_Melanie_Melcher-10.jpg\"},\"title\":\"Hochzeitsfotograf - Melanie Melcher-10\",\"alt\":\"Hochzeitsfotograf - Melanie Melcher-10\",\"caption\":\"\",\"url\":\"\",\"post_link\":\"https:\\\/\\\/www.melanie-melcher.de\\\/index.php\\\/gmedia\\\/hochzeitsfotograf_-_melanie_melcher-10-jpg\\\/\",\"cc\":0,\"views\":7,\"likes\":0,\"width\":800,\"height\":533},{\"id\":\"2204\",\"type\":\"image\",\"ext\":\"jpg\",\"src\":\"\\\/image\\\/Hochzeitsfotograf_-_Melanie_Melcher-193.jpg\",\"sizes\":{\"thumb\":\"https:\\\/\\\/www.melanie-melcher.de\\\/wp-content\\\/grand-media\\\/image\\\/thumb\\\/Hochzeitsfotograf_-_Melanie_Melcher-193.jpg\",\"full\":\"https:\\\/\\\/www.melanie-melcher.de\\\/wp-content\\\/grand-media\\\/image\\\/Hochzeitsfotograf_-_Melanie_Melcher-193.jpg\"},\"title\":\"Hochzeitsfotograf - Melanie Melcher-193\",\"alt\":\"Hochzeitsfotograf - Melanie Melcher-193\",\"caption\":\"\",\"url\":\"\",\"post_link\":\"https:\\\/\\\/www.melanie-melcher.de\\\/index.php\\\/gmedia\\\/hochzeitsfotograf_-_melanie_melcher-193-jpg\\\/\",\"cc\":0,\"views\":8,\"likes\":0,\"width\":800,\"height\":533},{\"id\":\"2233\",\"type\":\"image\",\"ext\":\"jpg\",\"src\":\"\\\/image\\\/Hochzeitsfotograf_-_Melanie_Melcher-311.jpg\",\"sizes\":{\"thumb\":\"https:\\\/\\\/www.melanie-melcher.de\\\/wp-content\\\/grand-media\\\/image\\\/thumb\\\/Hochzeitsfotograf_-_Melanie_Melcher-311.jpg\",\"full\":\"https:\\\/\\\/www.melanie-melcher.de\\\/wp-content\\\/grand-media\\\/image\\\/Hochzeitsfotograf_-_Melanie_Melcher-311.jpg\"},\"title\":\"Hochzeitsfotograf - Melanie Melcher-311\",\"alt\":\"Hochzeitsfotograf - Melanie Melcher-311\",\"caption\":\"\",\"url\":\"\",\"post_link\":\"https:\\\/\\\/www.melanie-melcher.de\\\/index.php\\\/gmedia\\\/hochzeitsfotograf_-_melanie_melcher-311-jpg\\\/\",\"cc\":0,\"views\":13,\"likes\":0,\"width\":800,\"height\":533},{\"id\":\"2188\",\"type\":\"image\",\"ext\":\"jpg\",\"src\":\"\\\/image\\\/Hochzeitsfotograf_-_Melanie_Melcher-134.jpg\",\"sizes\":{\"thumb\":\"https:\\\/\\\/www.melanie-melcher.de\\\/wp-content\\\/grand-media\\\/image\\\/thumb\\\/Hochzeitsfotograf_-_Melanie_Melcher-134.jpg\",\"full\":\"https:\\\/\\\/www.melanie-melcher.de\\\/wp-content\\\/grand-media\\\/image\\\/Hochzeitsfotograf_-_Melanie_Melcher-134.jpg\"},\"title\":\"Hochzeitsfotograf - Melanie Melcher-134\",\"alt\":\"Hochzeitsfotograf - Melanie Melcher-134\",\"caption\":\"\",\"url\":\"\",\"post_link\":\"https:\\\/\\\/www.melanie-melcher.de\\\/index.php\\\/gmedia\\\/hochzeitsfotograf_-_melanie_melcher-134-jpg\\\/\",\"cc\":0,\"views\":8,\"likes\":0,\"width\":533,\"height\":800},{\"id\":\"2185\",\"type\":\"image\",\"ext\":\"jpg\",\"src\":\"\\\/image\\\/Hochzeitsfotograf_-_Melanie_Melcher-120.jpg\",\"sizes\":{\"thumb\":\"https:\\\/\\\/www.melanie-melcher.de\\\/wp-content\\\/grand-media\\\/image\\\/thumb\\\/Hochzeitsfotograf_-_Melanie_Melcher-120.jpg\",\"full\":\"https:\\\/\\\/www.melanie-melcher.de\\\/wp-content\\\/grand-media\\\/image\\\/Hochzeitsfotograf_-_Melanie_Melcher-120.jpg\"},\"title\":\"Hochzeitsfotograf - Melanie Melcher-120\",\"alt\":\"Hochzeitsfotograf - Melanie Melcher-120\",\"caption\":\"\",\"url\":\"\",\"post_link\":\"https:\\\/\\\/www.melanie-melcher.de\\\/index.php\\\/gmedia\\\/hochzeitsfotograf_-_melanie_melcher-120-jpg\\\/\",\"cc\":0,\"views\":8,\"likes\":0,\"width\":800,\"height\":533},{\"id\":\"2172\",\"type\":\"image\",\"ext\":\"jpg\",\"src\":\"\\\/image\\\/Hochzeitsfotograf_-_Melanie_Melcher-59.jpg\",\"sizes\":{\"thumb\":\"https:\\\/\\\/www.melanie-melcher.de\\\/wp-content\\\/grand-media\\\/image\\\/thumb\\\/Hochzeitsfotograf_-_Melanie_Melcher-59.jpg\",\"full\":\"https:\\\/\\\/www.melanie-melcher.de\\\/wp-content\\\/grand-media\\\/image\\\/Hochzeitsfotograf_-_Melanie_Melcher-59.jpg\"},\"title\":\"Hochzeitsfotograf - Melanie Melcher-59\",\"alt\":\"Hochzeitsfotograf - Melanie Melcher-59\",\"caption\":\"\",\"url\":\"\",\"post_link\":\"https:\\\/\\\/www.melanie-melcher.de\\\/index.php\\\/gmedia\\\/hochzeitsfotograf_-_melanie_melcher-59-jpg\\\/\",\"cc\":0,\"views\":11,\"likes\":0,\"width\":533,\"height\":800},{\"id\":\"2195\",\"type\":\"image\",\"ext\":\"jpg\",\"src\":\"\\\/image\\\/Hochzeitsfotograf_-_Melanie_Melcher-155.jpg\",\"sizes\":{\"thumb\":\"https:\\\/\\\/www.melanie-melcher.de\\\/wp-content\\\/grand-media\\\/image\\\/thumb\\\/Hochzeitsfotograf_-_Melanie_Melcher-155.jpg\",\"full\":\"https:\\\/\\\/www.melanie-melcher.de\\\/wp-content\\\/grand-media\\\/image\\\/Hochzeitsfotograf_-_Melanie_Melcher-155.jpg\"},\"title\":\"Hochzeitsfotograf - Melanie Melcher-155\",\"alt\":\"Hochzeitsfotograf - Melanie Melcher-155\",\"caption\":\"\",\"url\":\"\",\"post_link\":\"https:\\\/\\\/www.melanie-melcher.de\\\/index.php\\\/gmedia\\\/hochzeitsfotograf_-_melanie_melcher-155-jpg\\\/\",\"cc\":0,\"views\":14,\"likes\":0,\"width\":800,\"height\":533},{\"id\":\"2198\",\"type\":\"image\",\"ext\":\"jpg\",\"src\":\"\\\/image\\\/Hochzeitsfotograf_-_Melanie_Melcher-165.jpg\",\"sizes\":{\"thumb\":\"https:\\\/\\\/www.melanie-melcher.de\\\/wp-content\\\/grand-media\\\/image\\\/thumb\\\/Hochzeitsfotograf_-_Melanie_Melcher-165.jpg\",\"full\":\"https:\\\/\\\/www.melanie-melcher.de\\\/wp-content\\\/grand-media\\\/image\\\/Hochzeitsfotograf_-_Melanie_Melcher-165.jpg\"},\"title\":\"Hochzeitsfotograf - Melanie Melcher-165\",\"alt\":\"Hochzeitsfotograf - Melanie Melcher-165\",\"caption\":\"\",\"url\":\"\",\"post_link\":\"https:\\\/\\\/www.melanie-melcher.de\\\/index.php\\\/gmedia\\\/hochzeitsfotograf_-_melanie_melcher-165-jpg\\\/\",\"cc\":0,\"views\":7,\"likes\":0,\"width\":800,\"height\":533},{\"id\":\"2193\",\"type\":\"image\",\"ext\":\"jpg\",\"src\":\"\\\/image\\\/Hochzeitsfotograf_-_Melanie_Melcher-148.jpg\",\"sizes\":{\"thumb\":\"https:\\\/\\\/www.melanie-melcher.de\\\/wp-content\\\/grand-media\\\/image\\\/thumb\\\/Hochzeitsfotograf_-_Melanie_Melcher-148.jpg\",\"full\":\"https:\\\/\\\/www.melanie-melcher.de\\\/wp-content\\\/grand-media\\\/image\\\/Hochzeitsfotograf_-_Melanie_Melcher-148.jpg\"},\"title\":\"Hochzeitsfotograf - Melanie Melcher-148\",\"alt\":\"Hochzeitsfotograf - Melanie Melcher-148\",\"caption\":\"\",\"url\":\"\",\"post_link\":\"https:\\\/\\\/www.melanie-melcher.de\\\/index.php\\\/gmedia\\\/hochzeitsfotograf_-_melanie_melcher-148-jpg\\\/\",\"cc\":0,\"views\":11,\"likes\":0,\"width\":800,\"height\":533},{\"id\":\"2250\",\"type\":\"image\",\"ext\":\"jpg\",\"src\":\"\\\/image\\\/Hochzeitsfotograf_-_Melanie_Melcher-355.jpg\",\"sizes\":{\"thumb\":\"https:\\\/\\\/www.melanie-melcher.de\\\/wp-content\\\/grand-media\\\/image\\\/thumb\\\/Hochzeitsfotograf_-_Melanie_Melcher-355.jpg\",\"full\":\"https:\\\/\\\/www.melanie-melcher.de\\\/wp-content\\\/grand-media\\\/image\\\/Hochzeitsfotograf_-_Melanie_Melcher-355.jpg\"},\"title\":\"Hochzeitsfotograf - Melanie Melcher-355\",\"alt\":\"Hochzeitsfotograf - Melanie Melcher-355\",\"caption\":\"\",\"url\":\"\",\"post_link\":\"https:\\\/\\\/www.melanie-melcher.de\\\/index.php\\\/gmedia\\\/hochzeitsfotograf_-_melanie_melcher-355-jpg\\\/\",\"cc\":0,\"views\":9,\"likes\":0,\"width\":533,\"height\":800},{\"id\":\"2248\",\"type\":\"image\",\"ext\":\"jpg\",\"src\":\"\\\/image\\\/Hochzeitsfotograf_-_Melanie_Melcher-348.jpg\",\"sizes\":{\"thumb\":\"https:\\\/\\\/www.melanie-melcher.de\\\/wp-content\\\/grand-media\\\/image\\\/thumb\\\/Hochzeitsfotograf_-_Melanie_Melcher-348.jpg\",\"full\":\"https:\\\/\\\/www.melanie-melcher.de\\\/wp-content\\\/grand-media\\\/image\\\/Hochzeitsfotograf_-_Melanie_Melcher-348.jpg\"},\"title\":\"Hochzeitsfotograf - Melanie Melcher-348\",\"alt\":\"Hochzeitsfotograf - Melanie Melcher-348\",\"caption\":\"\",\"url\":\"\",\"post_link\":\"https:\\\/\\\/www.melanie-melcher.de\\\/index.php\\\/gmedia\\\/hochzeitsfotograf_-_melanie_melcher-348-jpg\\\/\",\"cc\":0,\"views\":6,\"likes\":0,\"width\":533,\"height\":800},{\"id\":\"2210\",\"type\":\"image\",\"ext\":\"jpg\",\"src\":\"\\\/image\\\/Hochzeitsfotograf_-_Melanie_Melcher-218.jpg\",\"sizes\":{\"thumb\":\"https:\\\/\\\/www.melanie-melcher.de\\\/wp-content\\\/grand-media\\\/image\\\/thumb\\\/Hochzeitsfotograf_-_Melanie_Melcher-218.jpg\",\"full\":\"https:\\\/\\\/www.melanie-melcher.de\\\/wp-content\\\/grand-media\\\/image\\\/Hochzeitsfotograf_-_Melanie_Melcher-218.jpg\"},\"title\":\"Hochzeitsfotograf - Melanie Melcher-218\",\"alt\":\"Hochzeitsfotograf - Melanie Melcher-218\",\"caption\":\"\",\"url\":\"\",\"post_link\":\"https:\\\/\\\/www.melanie-melcher.de\\\/index.php\\\/gmedia\\\/hochzeitsfotograf_-_melanie_melcher-218-jpg\\\/\",\"cc\":0,\"views\":9,\"likes\":0,\"width\":800,\"height\":533},{\"id\":\"2257\",\"type\":\"image\",\"ext\":\"jpg\",\"src\":\"\\\/image\\\/Hochzeitsfotograf_-_Melanie_Melcher-415.jpg\",\"sizes\":{\"thumb\":\"https:\\\/\\\/www.melanie-melcher.de\\\/wp-content\\\/grand-media\\\/image\\\/thumb\\\/Hochzeitsfotograf_-_Melanie_Melcher-415.jpg\",\"full\":\"https:\\\/\\\/www.melanie-melcher.de\\\/wp-content\\\/grand-media\\\/image\\\/Hochzeitsfotograf_-_Melanie_Melcher-415.jpg\"},\"title\":\"Hochzeitsfotograf - Melanie Melcher-415\",\"alt\":\"Hochzeitsfotograf - Melanie Melcher-415\",\"caption\":\"\",\"url\":\"\",\"post_link\":\"https:\\\/\\\/www.melanie-melcher.de\\\/index.php\\\/gmedia\\\/hochzeitsfotograf_-_melanie_melcher-415-jpg\\\/\",\"cc\":0,\"views\":12,\"likes\":0,\"width\":533,\"height\":800},{\"id\":\"2226\",\"type\":\"image\",\"ext\":\"jpg\",\"src\":\"\\\/image\\\/Hochzeitsfotograf_-_Melanie_Melcher-286.jpg\",\"sizes\":{\"thumb\":\"https:\\\/\\\/www.melanie-melcher.de\\\/wp-content\\\/grand-media\\\/image\\\/thumb\\\/Hochzeitsfotograf_-_Melanie_Melcher-286.jpg\",\"full\":\"https:\\\/\\\/www.melanie-melcher.de\\\/wp-content\\\/grand-media\\\/image\\\/Hochzeitsfotograf_-_Melanie_Melcher-286.jpg\"},\"title\":\"Hochzeitsfotograf - Melanie Melcher-286\",\"alt\":\"Hochzeitsfotograf - Melanie Melcher-286\",\"caption\":\"\",\"url\":\"\",\"post_link\":\"https:\\\/\\\/www.melanie-melcher.de\\\/index.php\\\/gmedia\\\/hochzeitsfotograf_-_melanie_melcher-286-jpg\\\/\",\"cc\":0,\"views\":10,\"likes\":0,\"width\":800,\"height\":533},{\"id\":\"2223\",\"type\":\"image\",\"ext\":\"jpg\",\"src\":\"\\\/image\\\/Hochzeitsfotograf_-_Melanie_Melcher-277.jpg\",\"sizes\":{\"thumb\":\"https:\\\/\\\/www.melanie-melcher.de\\\/wp-content\\\/grand-media\\\/image\\\/thumb\\\/Hochzeitsfotograf_-_Melanie_Melcher-277.jpg\",\"full\":\"https:\\\/\\\/www.melanie-melcher.de\\\/wp-content\\\/grand-media\\\/image\\\/Hochzeitsfotograf_-_Melanie_Melcher-277.jpg\"},\"title\":\"Hochzeitsfotograf - Melanie Melcher-277\",\"alt\":\"Hochzeitsfotograf - Melanie Melcher-277\",\"caption\":\"\",\"url\":\"\",\"post_link\":\"https:\\\/\\\/www.melanie-melcher.de\\\/index.php\\\/gmedia\\\/hochzeitsfotograf_-_melanie_melcher-277-jpg\\\/\",\"cc\":0,\"views\":8,\"likes\":0,\"width\":800,\"height\":533},{\"id\":\"2262\",\"type\":\"image\",\"ext\":\"jpg\",\"src\":\"\\\/image\\\/Hochzeitsfotograf_-_Melanie_Melcher-435.jpg\",\"sizes\":{\"thumb\":\"https:\\\/\\\/www.melanie-melcher.de\\\/wp-content\\\/grand-media\\\/image\\\/thumb\\\/Hochzeitsfotograf_-_Melanie_Melcher-435.jpg\",\"full\":\"https:\\\/\\\/www.melanie-melcher.de\\\/wp-content\\\/grand-media\\\/image\\\/Hochzeitsfotograf_-_Melanie_Melcher-435.jpg\"},\"title\":\"Hochzeitsfotograf - Melanie Melcher-435\",\"alt\":\"Hochzeitsfotograf - Melanie Melcher-435\",\"caption\":\"\",\"url\":\"\",\"post_link\":\"https:\\\/\\\/www.melanie-melcher.de\\\/index.php\\\/gmedia\\\/hochzeitsfotograf_-_melanie_melcher-435-jpg\\\/\",\"cc\":0,\"views\":14,\"likes\":0,\"width\":800,\"height\":533},{\"id\":\"2165\",\"type\":\"image\",\"ext\":\"jpg\",\"src\":\"\\\/image\\\/Hochzeitsfotograf_-_Melanie_Melcher-7.jpg\",\"sizes\":{\"thumb\":\"https:\\\/\\\/www.melanie-melcher.de\\\/wp-content\\\/grand-media\\\/image\\\/thumb\\\/Hochzeitsfotograf_-_Melanie_Melcher-7.jpg\",\"full\":\"https:\\\/\\\/www.melanie-melcher.de\\\/wp-content\\\/grand-media\\\/image\\\/Hochzeitsfotograf_-_Melanie_Melcher-7.jpg\"},\"title\":\"Hochzeitsfotograf - Melanie Melcher-7\",\"alt\":\"Hochzeitsfotograf - Melanie Melcher-7\",\"caption\":\"\",\"url\":\"\",\"post_link\":\"https:\\\/\\\/www.melanie-melcher.de\\\/index.php\\\/gmedia\\\/hochzeitsfotograf_-_melanie_melcher-7-jpg\\\/\",\"cc\":0,\"views\":12,\"likes\":0,\"width\":800,\"height\":533},{\"id\":\"2216\",\"type\":\"image\",\"ext\":\"jpg\",\"src\":\"\\\/image\\\/Hochzeitsfotograf_-_Melanie_Melcher-246.jpg\",\"sizes\":{\"thumb\":\"https:\\\/\\\/www.melanie-melcher.de\\\/wp-content\\\/grand-media\\\/image\\\/thumb\\\/Hochzeitsfotograf_-_Melanie_Melcher-246.jpg\",\"full\":\"https:\\\/\\\/www.melanie-melcher.de\\\/wp-content\\\/grand-media\\\/image\\\/Hochzeitsfotograf_-_Melanie_Melcher-246.jpg\"},\"title\":\"Hochzeitsfotograf - Melanie Melcher-246\",\"alt\":\"Hochzeitsfotograf - Melanie Melcher-246\",\"caption\":\"\",\"url\":\"\",\"post_link\":\"https:\\\/\\\/www.melanie-melcher.de\\\/index.php\\\/gmedia\\\/hochzeitsfotograf_-_melanie_melcher-246-jpg\\\/\",\"cc\":0,\"views\":9,\"likes\":0,\"width\":800,\"height\":533},{\"id\":\"2219\",\"type\":\"image\",\"ext\":\"jpg\",\"src\":\"\\\/image\\\/Hochzeitsfotograf_-_Melanie_Melcher-256.jpg\",\"sizes\":{\"thumb\":\"https:\\\/\\\/www.melanie-melcher.de\\\/wp-content\\\/grand-media\\\/image\\\/thumb\\\/Hochzeitsfotograf_-_Melanie_Melcher-256.jpg\",\"full\":\"https:\\\/\\\/www.melanie-melcher.de\\\/wp-content\\\/grand-media\\\/image\\\/Hochzeitsfotograf_-_Melanie_Melcher-256.jpg\"},\"title\":\"Hochzeitsfotograf - Melanie Melcher-256\",\"alt\":\"Hochzeitsfotograf - Melanie Melcher-256\",\"caption\":\"\",\"url\":\"\",\"post_link\":\"https:\\\/\\\/www.melanie-melcher.de\\\/index.php\\\/gmedia\\\/hochzeitsfotograf_-_melanie_melcher-256-jpg\\\/\",\"cc\":0,\"views\":8,\"likes\":0,\"width\":800,\"height\":533},{\"id\":\"2246\",\"type\":\"image\",\"ext\":\"jpg\",\"src\":\"\\\/image\\\/Hochzeitsfotograf_-_Melanie_Melcher-341.jpg\",\"sizes\":{\"thumb\":\"https:\\\/\\\/www.melanie-melcher.de\\\/wp-content\\\/grand-media\\\/image\\\/thumb\\\/Hochzeitsfotograf_-_Melanie_Melcher-341.jpg\",\"full\":\"https:\\\/\\\/www.melanie-melcher.de\\\/wp-content\\\/grand-media\\\/image\\\/Hochzeitsfotograf_-_Melanie_Melcher-341.jpg\"},\"title\":\"Hochzeitsfotograf - Melanie Melcher-341\",\"alt\":\"Hochzeitsfotograf - Melanie Melcher-341\",\"caption\":\"\",\"url\":\"\",\"post_link\":\"https:\\\/\\\/www.melanie-melcher.de\\\/index.php\\\/gmedia\\\/hochzeitsfotograf_-_melanie_melcher-341-jpg\\\/\",\"cc\":0,\"views\":6,\"likes\":0,\"width\":800,\"height\":533},{\"id\":\"2211\",\"type\":\"image\",\"ext\":\"jpg\",\"src\":\"\\\/image\\\/Hochzeitsfotograf_-_Melanie_Melcher-220.jpg\",\"sizes\":{\"thumb\":\"https:\\\/\\\/www.melanie-melcher.de\\\/wp-content\\\/grand-media\\\/image\\\/thumb\\\/Hochzeitsfotograf_-_Melanie_Melcher-220.jpg\",\"full\":\"https:\\\/\\\/www.melanie-melcher.de\\\/wp-content\\\/grand-media\\\/image\\\/Hochzeitsfotograf_-_Melanie_Melcher-220.jpg\"},\"title\":\"Hochzeitsfotograf - Melanie Melcher-220\",\"alt\":\"Hochzeitsfotograf - Melanie Melcher-220\",\"caption\":\"\",\"url\":\"\",\"post_link\":\"https:\\\/\\\/www.melanie-melcher.de\\\/index.php\\\/gmedia\\\/hochzeitsfotograf_-_melanie_melcher-220-jpg\\\/\",\"cc\":0,\"views\":8,\"likes\":0,\"width\":533,\"height\":800},{\"id\":\"2207\",\"type\":\"image\",\"ext\":\"jpg\",\"src\":\"\\\/image\\\/Hochzeitsfotograf_-_Melanie_Melcher-212.jpg\",\"sizes\":{\"thumb\":\"https:\\\/\\\/www.melanie-melcher.de\\\/wp-content\\\/grand-media\\\/image\\\/thumb\\\/Hochzeitsfotograf_-_Melanie_Melcher-212.jpg\",\"full\":\"https:\\\/\\\/www.melanie-melcher.de\\\/wp-content\\\/grand-media\\\/image\\\/Hochzeitsfotograf_-_Melanie_Melcher-212.jpg\"},\"title\":\"Hochzeitsfotograf - Melanie Melcher-212\",\"alt\":\"Hochzeitsfotograf - Melanie Melcher-212\",\"caption\":\"\",\"url\":\"\",\"post_link\":\"https:\\\/\\\/www.melanie-melcher.de\\\/index.php\\\/gmedia\\\/hochzeitsfotograf_-_melanie_melcher-212-jpg\\\/\",\"cc\":0,\"views\":7,\"likes\":0,\"width\":800,\"height\":533},{\"id\":\"2209\",\"type\":\"image\",\"ext\":\"jpg\",\"src\":\"\\\/image\\\/Hochzeitsfotograf_-_Melanie_Melcher-216.jpg\",\"sizes\":{\"thumb\":\"https:\\\/\\\/www.melanie-melcher.de\\\/wp-content\\\/grand-media\\\/image\\\/thumb\\\/Hochzeitsfotograf_-_Melanie_Melcher-216.jpg\",\"full\":\"https:\\\/\\\/www.melanie-melcher.de\\\/wp-content\\\/grand-media\\\/image\\\/Hochzeitsfotograf_-_Melanie_Melcher-216.jpg\"},\"title\":\"Hochzeitsfotograf - Melanie Melcher-216\",\"alt\":\"Hochzeitsfotograf - Melanie Melcher-216\",\"caption\":\"\",\"url\":\"\",\"post_link\":\"https:\\\/\\\/www.melanie-melcher.de\\\/index.php\\\/gmedia\\\/hochzeitsfotograf_-_melanie_melcher-216-jpg\\\/\",\"cc\":0,\"views\":9,\"likes\":0,\"width\":533,\"height\":800},{\"id\":\"2231\",\"type\":\"image\",\"ext\":\"jpg\",\"src\":\"\\\/image\\\/Hochzeitsfotograf_-_Melanie_Melcher-303.jpg\",\"sizes\":{\"thumb\":\"https:\\\/\\\/www.melanie-melcher.de\\\/wp-content\\\/grand-media\\\/image\\\/thumb\\\/Hochzeitsfotograf_-_Melanie_Melcher-303.jpg\",\"full\":\"https:\\\/\\\/www.melanie-melcher.de\\\/wp-content\\\/grand-media\\\/image\\\/Hochzeitsfotograf_-_Melanie_Melcher-303.jpg\"},\"title\":\"Hochzeitsfotograf - Melanie Melcher-303\",\"alt\":\"Hochzeitsfotograf - Melanie Melcher-303\",\"caption\":\"\",\"url\":\"\",\"post_link\":\"https:\\\/\\\/www.melanie-melcher.de\\\/index.php\\\/gmedia\\\/hochzeitsfotograf_-_melanie_melcher-303-jpg\\\/\",\"cc\":0,\"views\":9,\"likes\":0,\"width\":533,\"height\":800},{\"id\":\"2206\",\"type\":\"image\",\"ext\":\"jpg\",\"src\":\"\\\/image\\\/Hochzeitsfotograf_-_Melanie_Melcher-204.jpg\",\"sizes\":{\"thumb\":\"https:\\\/\\\/www.melanie-melcher.de\\\/wp-content\\\/grand-media\\\/image\\\/thumb\\\/Hochzeitsfotograf_-_Melanie_Melcher-204.jpg\",\"full\":\"https:\\\/\\\/www.melanie-melcher.de\\\/wp-content\\\/grand-media\\\/image\\\/Hochzeitsfotograf_-_Melanie_Melcher-204.jpg\"},\"title\":\"Hochzeitsfotograf - Melanie Melcher-204\",\"alt\":\"Hochzeitsfotograf - Melanie Melcher-204\",\"caption\":\"\",\"url\":\"\",\"post_link\":\"https:\\\/\\\/www.melanie-melcher.de\\\/index.php\\\/gmedia\\\/hochzeitsfotograf_-_melanie_melcher-204-jpg\\\/\",\"cc\":0,\"views\":11,\"likes\":0,\"width\":533,\"height\":800},{\"id\":\"2252\",\"type\":\"image\",\"ext\":\"jpg\",\"src\":\"\\\/image\\\/Hochzeitsfotograf_-_Melanie_Melcher-357.jpg\",\"sizes\":{\"thumb\":\"https:\\\/\\\/www.melanie-melcher.de\\\/wp-content\\\/grand-media\\\/image\\\/thumb\\\/Hochzeitsfotograf_-_Melanie_Melcher-357.jpg\",\"full\":\"https:\\\/\\\/www.melanie-melcher.de\\\/wp-content\\\/grand-media\\\/image\\\/Hochzeitsfotograf_-_Melanie_Melcher-357.jpg\"},\"title\":\"Hochzeitsfotograf - Melanie Melcher-357\",\"alt\":\"Hochzeitsfotograf - Melanie Melcher-357\",\"caption\":\"\",\"url\":\"\",\"post_link\":\"https:\\\/\\\/www.melanie-melcher.de\\\/index.php\\\/gmedia\\\/hochzeitsfotograf_-_melanie_melcher-357-jpg\\\/\",\"cc\":0,\"views\":9,\"likes\":0,\"width\":800,\"height\":533},{\"id\":\"2174\",\"type\":\"image\",\"ext\":\"jpg\",\"src\":\"\\\/image\\\/Hochzeitsfotograf_-_Melanie_Melcher-78.jpg\",\"sizes\":{\"thumb\":\"https:\\\/\\\/www.melanie-melcher.de\\\/wp-content\\\/grand-media\\\/image\\\/thumb\\\/Hochzeitsfotograf_-_Melanie_Melcher-78.jpg\",\"full\":\"https:\\\/\\\/www.melanie-melcher.de\\\/wp-content\\\/grand-media\\\/image\\\/Hochzeitsfotograf_-_Melanie_Melcher-78.jpg\"},\"title\":\"Hochzeitsfotograf - Melanie Melcher-78\",\"alt\":\"Hochzeitsfotograf - Melanie Melcher-78\",\"caption\":\"\",\"url\":\"\",\"post_link\":\"https:\\\/\\\/www.melanie-melcher.de\\\/index.php\\\/gmedia\\\/hochzeitsfotograf_-_melanie_melcher-78-jpg\\\/\",\"cc\":0,\"views\":8,\"likes\":0,\"width\":800,\"height\":533},{\"id\":\"2243\",\"type\":\"image\",\"ext\":\"jpg\",\"src\":\"\\\/image\\\/Hochzeitsfotograf_-_Melanie_Melcher-337.jpg\",\"sizes\":{\"thumb\":\"https:\\\/\\\/www.melanie-melcher.de\\\/wp-content\\\/grand-media\\\/image\\\/thumb\\\/Hochzeitsfotograf_-_Melanie_Melcher-337.jpg\",\"full\":\"https:\\\/\\\/www.melanie-melcher.de\\\/wp-content\\\/grand-media\\\/image\\\/Hochzeitsfotograf_-_Melanie_Melcher-337.jpg\"},\"title\":\"Hochzeitsfotograf - Melanie Melcher-337\",\"alt\":\"Hochzeitsfotograf - Melanie Melcher-337\",\"caption\":\"\",\"url\":\"\",\"post_link\":\"https:\\\/\\\/www.melanie-melcher.de\\\/index.php\\\/gmedia\\\/hochzeitsfotograf_-_melanie_melcher-337-jpg\\\/\",\"cc\":0,\"views\":7,\"likes\":0,\"width\":533,\"height\":800},{\"id\":\"2258\",\"type\":\"image\",\"ext\":\"jpg\",\"src\":\"\\\/image\\\/Hochzeitsfotograf_-_Melanie_Melcher-417.jpg\",\"sizes\":{\"thumb\":\"https:\\\/\\\/www.melanie-melcher.de\\\/wp-content\\\/grand-media\\\/image\\\/thumb\\\/Hochzeitsfotograf_-_Melanie_Melcher-417.jpg\",\"full\":\"https:\\\/\\\/www.melanie-melcher.de\\\/wp-content\\\/grand-media\\\/image\\\/Hochzeitsfotograf_-_Melanie_Melcher-417.jpg\"},\"title\":\"Hochzeitsfotograf - Melanie Melcher-417\",\"alt\":\"Hochzeitsfotograf - Melanie Melcher-417\",\"caption\":\"\",\"url\":\"\",\"post_link\":\"https:\\\/\\\/www.melanie-melcher.de\\\/index.php\\\/gmedia\\\/hochzeitsfotograf_-_melanie_melcher-417-jpg\\\/\",\"cc\":0,\"views\":8,\"likes\":0,\"width\":800,\"height\":533},{\"id\":\"2212\",\"type\":\"image\",\"ext\":\"jpg\",\"src\":\"\\\/image\\\/Hochzeitsfotograf_-_Melanie_Melcher-226.jpg\",\"sizes\":{\"thumb\":\"https:\\\/\\\/www.melanie-melcher.de\\\/wp-content\\\/grand-media\\\/image\\\/thumb\\\/Hochzeitsfotograf_-_Melanie_Melcher-226.jpg\",\"full\":\"https:\\\/\\\/www.melanie-melcher.de\\\/wp-content\\\/grand-media\\\/image\\\/Hochzeitsfotograf_-_Melanie_Melcher-226.jpg\"},\"title\":\"Hochzeitsfotograf - Melanie Melcher-226\",\"alt\":\"Hochzeitsfotograf - Melanie Melcher-226\",\"caption\":\"\",\"url\":\"\",\"post_link\":\"https:\\\/\\\/www.melanie-melcher.de\\\/index.php\\\/gmedia\\\/hochzeitsfotograf_-_melanie_melcher-226-jpg\\\/\",\"cc\":0,\"views\":8,\"likes\":0,\"width\":800,\"height\":533},{\"id\":\"2261\",\"type\":\"image\",\"ext\":\"jpg\",\"src\":\"\\\/image\\\/Hochzeitsfotograf_-_Melanie_Melcher-430.jpg\",\"sizes\":{\"thumb\":\"https:\\\/\\\/www.melanie-melcher.de\\\/wp-content\\\/grand-media\\\/image\\\/thumb\\\/Hochzeitsfotograf_-_Melanie_Melcher-430.jpg\",\"full\":\"https:\\\/\\\/www.melanie-melcher.de\\\/wp-content\\\/grand-media\\\/image\\\/Hochzeitsfotograf_-_Melanie_Melcher-430.jpg\"},\"title\":\"Hochzeitsfotograf - Melanie Melcher-430\",\"alt\":\"Hochzeitsfotograf - Melanie Melcher-430\",\"caption\":\"\",\"url\":\"\",\"post_link\":\"https:\\\/\\\/www.melanie-melcher.de\\\/index.php\\\/gmedia\\\/hochzeitsfotograf_-_melanie_melcher-430-jpg\\\/\",\"cc\":0,\"views\":8,\"likes\":0,\"width\":800,\"height\":533},{\"id\":\"2184\",\"type\":\"image\",\"ext\":\"jpg\",\"src\":\"\\\/image\\\/Hochzeitsfotograf_-_Melanie_Melcher-115.jpg\",\"sizes\":{\"thumb\":\"https:\\\/\\\/www.melanie-melcher.de\\\/wp-content\\\/grand-media\\\/image\\\/thumb\\\/Hochzeitsfotograf_-_Melanie_Melcher-115.jpg\",\"full\":\"https:\\\/\\\/www.melanie-melcher.de\\\/wp-content\\\/grand-media\\\/image\\\/Hochzeitsfotograf_-_Melanie_Melcher-115.jpg\"},\"title\":\"Hochzeitsfotograf - Melanie Melcher-115\",\"alt\":\"Hochzeitsfotograf - Melanie Melcher-115\",\"caption\":\"\",\"url\":\"\",\"post_link\":\"https:\\\/\\\/www.melanie-melcher.de\\\/index.php\\\/gmedia\\\/hochzeitsfotograf_-_melanie_melcher-115-jpg\\\/\",\"cc\":0,\"views\":9,\"likes\":0,\"width\":800,\"height\":533},{\"id\":\"2230\",\"type\":\"image\",\"ext\":\"jpg\",\"src\":\"\\\/image\\\/Hochzeitsfotograf_-_Melanie_Melcher-299.jpg\",\"sizes\":{\"thumb\":\"https:\\\/\\\/www.melanie-melcher.de\\\/wp-content\\\/grand-media\\\/image\\\/thumb\\\/Hochzeitsfotograf_-_Melanie_Melcher-299.jpg\",\"full\":\"https:\\\/\\\/www.melanie-melcher.de\\\/wp-content\\\/grand-media\\\/image\\\/Hochzeitsfotograf_-_Melanie_Melcher-299.jpg\"},\"title\":\"Hochzeitsfotograf - Melanie Melcher-299\",\"alt\":\"Hochzeitsfotograf - Melanie Melcher-299\",\"caption\":\"\",\"url\":\"\",\"post_link\":\"https:\\\/\\\/www.melanie-melcher.de\\\/index.php\\\/gmedia\\\/hochzeitsfotograf_-_melanie_melcher-299-jpg\\\/\",\"cc\":0,\"views\":10,\"likes\":0,\"width\":800,\"height\":533},{\"id\":\"2249\",\"type\":\"image\",\"ext\":\"jpg\",\"src\":\"\\\/image\\\/Hochzeitsfotograf_-_Melanie_Melcher-353.jpg\",\"sizes\":{\"thumb\":\"https:\\\/\\\/www.melanie-melcher.de\\\/wp-content\\\/grand-media\\\/image\\\/thumb\\\/Hochzeitsfotograf_-_Melanie_Melcher-353.jpg\",\"full\":\"https:\\\/\\\/www.melanie-melcher.de\\\/wp-content\\\/grand-media\\\/image\\\/Hochzeitsfotograf_-_Melanie_Melcher-353.jpg\"},\"title\":\"Hochzeitsfotograf - Melanie Melcher-353\",\"alt\":\"Hochzeitsfotograf - Melanie Melcher-353\",\"caption\":\"\",\"url\":\"\",\"post_link\":\"https:\\\/\\\/www.melanie-melcher.de\\\/index.php\\\/gmedia\\\/hochzeitsfotograf_-_melanie_melcher-353-jpg\\\/\",\"cc\":0,\"views\":10,\"likes\":0,\"width\":533,\"height\":800},{\"id\":\"2181\",\"type\":\"image\",\"ext\":\"jpg\",\"src\":\"\\\/image\\\/Hochzeitsfotograf_-_Melanie_Melcher-103.jpg\",\"sizes\":{\"thumb\":\"https:\\\/\\\/www.melanie-melcher.de\\\/wp-content\\\/grand-media\\\/image\\\/thumb\\\/Hochzeitsfotograf_-_Melanie_Melcher-103.jpg\",\"full\":\"https:\\\/\\\/www.melanie-melcher.de\\\/wp-content\\\/grand-media\\\/image\\\/Hochzeitsfotograf_-_Melanie_Melcher-103.jpg\"},\"title\":\"Hochzeitsfotograf - Melanie Melcher-103\",\"alt\":\"Hochzeitsfotograf - Melanie Melcher-103\",\"caption\":\"\",\"url\":\"\",\"post_link\":\"https:\\\/\\\/www.melanie-melcher.de\\\/index.php\\\/gmedia\\\/hochzeitsfotograf_-_melanie_melcher-103-jpg\\\/\",\"cc\":0,\"views\":9,\"likes\":0,\"width\":800,\"height\":533},{\"id\":\"2213\",\"type\":\"image\",\"ext\":\"jpg\",\"src\":\"\\\/image\\\/Hochzeitsfotograf_-_Melanie_Melcher-233.jpg\",\"sizes\":{\"thumb\":\"https:\\\/\\\/www.melanie-melcher.de\\\/wp-content\\\/grand-media\\\/image\\\/thumb\\\/Hochzeitsfotograf_-_Melanie_Melcher-233.jpg\",\"full\":\"https:\\\/\\\/www.melanie-melcher.de\\\/wp-content\\\/grand-media\\\/image\\\/Hochzeitsfotograf_-_Melanie_Melcher-233.jpg\"},\"title\":\"Hochzeitsfotograf - Melanie Melcher-233\",\"alt\":\"Hochzeitsfotograf - Melanie Melcher-233\",\"caption\":\"\",\"url\":\"\",\"post_link\":\"https:\\\/\\\/www.melanie-melcher.de\\\/index.php\\\/gmedia\\\/hochzeitsfotograf_-_melanie_melcher-233-jpg\\\/\",\"cc\":0,\"views\":5,\"likes\":0,\"width\":800,\"height\":533},{\"id\":\"2225\",\"type\":\"image\",\"ext\":\"jpg\",\"src\":\"\\\/image\\\/Hochzeitsfotograf_-_Melanie_Melcher-279.jpg\",\"sizes\":{\"thumb\":\"https:\\\/\\\/www.melanie-melcher.de\\\/wp-content\\\/grand-media\\\/image\\\/thumb\\\/Hochzeitsfotograf_-_Melanie_Melcher-279.jpg\",\"full\":\"https:\\\/\\\/www.melanie-melcher.de\\\/wp-content\\\/grand-media\\\/image\\\/Hochzeitsfotograf_-_Melanie_Melcher-279.jpg\"},\"title\":\"Hochzeitsfotograf - Melanie Melcher-279\",\"alt\":\"Hochzeitsfotograf - Melanie Melcher-279\",\"caption\":\"\",\"url\":\"\",\"post_link\":\"https:\\\/\\\/www.melanie-melcher.de\\\/index.php\\\/gmedia\\\/hochzeitsfotograf_-_melanie_melcher-279-jpg\\\/\",\"cc\":0,\"views\":10,\"likes\":0,\"width\":800,\"height\":533},{\"id\":\"2244\",\"type\":\"image\",\"ext\":\"jpg\",\"src\":\"\\\/image\\\/Hochzeitsfotograf_-_Melanie_Melcher-339.jpg\",\"sizes\":{\"thumb\":\"https:\\\/\\\/www.melanie-melcher.de\\\/wp-content\\\/grand-media\\\/image\\\/thumb\\\/Hochzeitsfotograf_-_Melanie_Melcher-339.jpg\",\"full\":\"https:\\\/\\\/www.melanie-melcher.de\\\/wp-content\\\/grand-media\\\/image\\\/Hochzeitsfotograf_-_Melanie_Melcher-339.jpg\"},\"title\":\"Hochzeitsfotograf - Melanie Melcher-339\",\"alt\":\"Hochzeitsfotograf - Melanie Melcher-339\",\"caption\":\"\",\"url\":\"\",\"post_link\":\"https:\\\/\\\/www.melanie-melcher.de\\\/index.php\\\/gmedia\\\/hochzeitsfotograf_-_melanie_melcher-339-jpg\\\/\",\"cc\":0,\"views\":9,\"likes\":0,\"width\":800,\"height\":533},{\"id\":\"2202\",\"type\":\"image\",\"ext\":\"jpg\",\"src\":\"\\\/image\\\/Hochzeitsfotograf_-_Melanie_Melcher-181.jpg\",\"sizes\":{\"thumb\":\"https:\\\/\\\/www.melanie-melcher.de\\\/wp-content\\\/grand-media\\\/image\\\/thumb\\\/Hochzeitsfotograf_-_Melanie_Melcher-181.jpg\",\"full\":\"https:\\\/\\\/www.melanie-melcher.de\\\/wp-content\\\/grand-media\\\/image\\\/Hochzeitsfotograf_-_Melanie_Melcher-181.jpg\"},\"title\":\"Hochzeitsfotograf - Melanie Melcher-181\",\"alt\":\"Hochzeitsfotograf - Melanie Melcher-181\",\"caption\":\"\",\"url\":\"\",\"post_link\":\"https:\\\/\\\/www.melanie-melcher.de\\\/index.php\\\/gmedia\\\/hochzeitsfotograf_-_melanie_melcher-181-jpg\\\/\",\"cc\":0,\"views\":11,\"likes\":0,\"width\":800,\"height\":533},{\"id\":\"2176\",\"type\":\"image\",\"ext\":\"jpg\",\"src\":\"\\\/image\\\/Hochzeitsfotograf_-_Melanie_Melcher-84.jpg\",\"sizes\":{\"thumb\":\"https:\\\/\\\/www.melanie-melcher.de\\\/wp-content\\\/grand-media\\\/image\\\/thumb\\\/Hochzeitsfotograf_-_Melanie_Melcher-84.jpg\",\"full\":\"https:\\\/\\\/www.melanie-melcher.de\\\/wp-content\\\/grand-media\\\/image\\\/Hochzeitsfotograf_-_Melanie_Melcher-84.jpg\"},\"title\":\"Hochzeitsfotograf - Melanie Melcher-84\",\"alt\":\"Hochzeitsfotograf - Melanie Melcher-84\",\"caption\":\"\",\"url\":\"\",\"post_link\":\"https:\\\/\\\/www.melanie-melcher.de\\\/index.php\\\/gmedia\\\/hochzeitsfotograf_-_melanie_melcher-84-jpg\\\/\",\"cc\":0,\"views\":9,\"likes\":0,\"width\":533,\"height\":800},{\"id\":\"2170\",\"type\":\"image\",\"ext\":\"jpg\",\"src\":\"\\\/image\\\/Hochzeitsfotograf_-_Melanie_Melcher-40.jpg\",\"sizes\":{\"thumb\":\"https:\\\/\\\/www.melanie-melcher.de\\\/wp-content\\\/grand-media\\\/image\\\/thumb\\\/Hochzeitsfotograf_-_Melanie_Melcher-40.jpg\",\"full\":\"https:\\\/\\\/www.melanie-melcher.de\\\/wp-content\\\/grand-media\\\/image\\\/Hochzeitsfotograf_-_Melanie_Melcher-40.jpg\"},\"title\":\"Hochzeitsfotograf - Melanie Melcher-40\",\"alt\":\"Hochzeitsfotograf - Melanie Melcher-40\",\"caption\":\"\",\"url\":\"\",\"post_link\":\"https:\\\/\\\/www.melanie-melcher.de\\\/index.php\\\/gmedia\\\/hochzeitsfotograf_-_melanie_melcher-40-jpg\\\/\",\"cc\":0,\"views\":9,\"likes\":0,\"width\":533,\"height\":800},{\"id\":\"2220\",\"type\":\"image\",\"ext\":\"jpg\",\"src\":\"\\\/image\\\/Hochzeitsfotograf_-_Melanie_Melcher-262.jpg\",\"sizes\":{\"thumb\":\"https:\\\/\\\/www.melanie-melcher.de\\\/wp-content\\\/grand-media\\\/image\\\/thumb\\\/Hochzeitsfotograf_-_Melanie_Melcher-262.jpg\",\"full\":\"https:\\\/\\\/www.melanie-melcher.de\\\/wp-content\\\/grand-media\\\/image\\\/Hochzeitsfotograf_-_Melanie_Melcher-262.jpg\"},\"title\":\"Hochzeitsfotograf - Melanie Melcher-262\",\"alt\":\"Hochzeitsfotograf - Melanie Melcher-262\",\"caption\":\"\",\"url\":\"\",\"post_link\":\"https:\\\/\\\/www.melanie-melcher.de\\\/index.php\\\/gmedia\\\/hochzeitsfotograf_-_melanie_melcher-262-jpg\\\/\",\"cc\":0,\"views\":6,\"likes\":0,\"width\":533,\"height\":800},{\"id\":\"2238\",\"type\":\"image\",\"ext\":\"jpg\",\"src\":\"\\\/image\\\/Hochzeitsfotograf_-_Melanie_Melcher-326.jpg\",\"sizes\":{\"thumb\":\"https:\\\/\\\/www.melanie-melcher.de\\\/wp-content\\\/grand-media\\\/image\\\/thumb\\\/Hochzeitsfotograf_-_Melanie_Melcher-326.jpg\",\"full\":\"https:\\\/\\\/www.melanie-melcher.de\\\/wp-content\\\/grand-media\\\/image\\\/Hochzeitsfotograf_-_Melanie_Melcher-326.jpg\"},\"title\":\"Hochzeitsfotograf - Melanie Melcher-326\",\"alt\":\"Hochzeitsfotograf - Melanie Melcher-326\",\"caption\":\"\",\"url\":\"\",\"post_link\":\"https:\\\/\\\/www.melanie-melcher.de\\\/index.php\\\/gmedia\\\/hochzeitsfotograf_-_melanie_melcher-326-jpg\\\/\",\"cc\":0,\"views\":10,\"likes\":0,\"width\":800,\"height\":533},{\"id\":\"2253\",\"type\":\"image\",\"ext\":\"jpg\",\"src\":\"\\\/image\\\/Hochzeitsfotograf_-_Melanie_Melcher-371.jpg\",\"sizes\":{\"thumb\":\"https:\\\/\\\/www.melanie-melcher.de\\\/wp-content\\\/grand-media\\\/image\\\/thumb\\\/Hochzeitsfotograf_-_Melanie_Melcher-371.jpg\",\"full\":\"https:\\\/\\\/www.melanie-melcher.de\\\/wp-content\\\/grand-media\\\/image\\\/Hochzeitsfotograf_-_Melanie_Melcher-371.jpg\"},\"title\":\"Hochzeitsfotograf - Melanie Melcher-371\",\"alt\":\"Hochzeitsfotograf - Melanie Melcher-371\",\"caption\":\"\",\"url\":\"\",\"post_link\":\"https:\\\/\\\/www.melanie-melcher.de\\\/index.php\\\/gmedia\\\/hochzeitsfotograf_-_melanie_melcher-371-jpg\\\/\",\"cc\":0,\"views\":9,\"likes\":0,\"width\":800,\"height\":533},{\"id\":\"2224\",\"type\":\"image\",\"ext\":\"jpg\",\"src\":\"\\\/image\\\/Hochzeitsfotograf_-_Melanie_Melcher-278.jpg\",\"sizes\":{\"thumb\":\"https:\\\/\\\/www.melanie-melcher.de\\\/wp-content\\\/grand-media\\\/image\\\/thumb\\\/Hochzeitsfotograf_-_Melanie_Melcher-278.jpg\",\"full\":\"https:\\\/\\\/www.melanie-melcher.de\\\/wp-content\\\/grand-media\\\/image\\\/Hochzeitsfotograf_-_Melanie_Melcher-278.jpg\"},\"title\":\"Hochzeitsfotograf - Melanie Melcher-278\",\"alt\":\"Hochzeitsfotograf - Melanie Melcher-278\",\"caption\":\"\",\"url\":\"\",\"post_link\":\"https:\\\/\\\/www.melanie-melcher.de\\\/index.php\\\/gmedia\\\/hochzeitsfotograf_-_melanie_melcher-278-jpg\\\/\",\"cc\":0,\"views\":9,\"likes\":0,\"width\":800,\"height\":533},{\"id\":\"2189\",\"type\":\"image\",\"ext\":\"jpg\",\"src\":\"\\\/image\\\/Hochzeitsfotograf_-_Melanie_Melcher-137.jpg\",\"sizes\":{\"thumb\":\"https:\\\/\\\/www.melanie-melcher.de\\\/wp-content\\\/grand-media\\\/image\\\/thumb\\\/Hochzeitsfotograf_-_Melanie_Melcher-137.jpg\",\"full\":\"https:\\\/\\\/www.melanie-melcher.de\\\/wp-content\\\/grand-media\\\/image\\\/Hochzeitsfotograf_-_Melanie_Melcher-137.jpg\"},\"title\":\"Hochzeitsfotograf - Melanie Melcher-137\",\"alt\":\"Hochzeitsfotograf - Melanie Melcher-137\",\"caption\":\"\",\"url\":\"\",\"post_link\":\"https:\\\/\\\/www.melanie-melcher.de\\\/index.php\\\/gmedia\\\/hochzeitsfotograf_-_melanie_melcher-137-jpg\\\/\",\"cc\":0,\"views\":11,\"likes\":0,\"width\":800,\"height\":533},{\"id\":\"2239\",\"type\":\"image\",\"ext\":\"jpg\",\"src\":\"\\\/image\\\/Hochzeitsfotograf_-_Melanie_Melcher-327.jpg\",\"sizes\":{\"thumb\":\"https:\\\/\\\/www.melanie-melcher.de\\\/wp-content\\\/grand-media\\\/image\\\/thumb\\\/Hochzeitsfotograf_-_Melanie_Melcher-327.jpg\",\"full\":\"https:\\\/\\\/www.melanie-melcher.de\\\/wp-content\\\/grand-media\\\/image\\\/Hochzeitsfotograf_-_Melanie_Melcher-327.jpg\"},\"title\":\"Hochzeitsfotograf - Melanie Melcher-327\",\"alt\":\"Hochzeitsfotograf - Melanie Melcher-327\",\"caption\":\"\",\"url\":\"\",\"post_link\":\"https:\\\/\\\/www.melanie-melcher.de\\\/index.php\\\/gmedia\\\/hochzeitsfotograf_-_melanie_melcher-327-jpg\\\/\",\"cc\":0,\"views\":10,\"likes\":0,\"width\":800,\"height\":533},{\"id\":\"2214\",\"type\":\"image\",\"ext\":\"jpg\",\"src\":\"\\\/image\\\/Hochzeitsfotograf_-_Melanie_Melcher-236.jpg\",\"sizes\":{\"thumb\":\"https:\\\/\\\/www.melanie-melcher.de\\\/wp-content\\\/grand-media\\\/image\\\/thumb\\\/Hochzeitsfotograf_-_Melanie_Melcher-236.jpg\",\"full\":\"https:\\\/\\\/www.melanie-melcher.de\\\/wp-content\\\/grand-media\\\/image\\\/Hochzeitsfotograf_-_Melanie_Melcher-236.jpg\"},\"title\":\"Hochzeitsfotograf - Melanie Melcher-236\",\"alt\":\"Hochzeitsfotograf - Melanie Melcher-236\",\"caption\":\"\",\"url\":\"\",\"post_link\":\"https:\\\/\\\/www.melanie-melcher.de\\\/index.php\\\/gmedia\\\/hochzeitsfotograf_-_melanie_melcher-236-jpg\\\/\",\"cc\":0,\"views\":11,\"likes\":0,\"width\":800,\"height\":533}];\n\t\t\t\t\tsettings.gallery = gmedia_mosaic_content;\n\t\t\t\t\t$( '#GmediaGallery_95 .gmMosaic_Container' ).gmediaMosaic( settings );\n\t\t\t\t} );\n\t\t\t} );\n\t<\/script>\t<\/div>\n<h3>Klickt <a href=\"http:\/\/www.melanie-melcher.de\/index.php\/category\/wedding\/\" target=\"_blank\" rel=\"noopener\">hier<\/a> f\u00fcr weitere <a href=\"http:\/\/www.melanie-melcher.de\/index.php\/category\/wedding\/\">Hochzeitsreportagen<\/a> oder <a href=\"http:\/\/www.melanie-melcher.de\/index.php\/galerien-3\/\">hier<\/a>, f\u00fcr mein <a href=\"http:\/\/www.melanie-melcher.de\/index.php\/galerien-3\/\">Portfolio<\/a>.<\/h3>\n","protected":false},"excerpt":{"rendered":"<p>Es gibt einen Tag, da geht man Seite an Seite der Zukunft entgegen und ein einfaches \u201eJa\u201c versch\u00f6nert das ganze Leben! Genau so ein Tag war dieser eine Tag im August f\u00fcr Christina und Holger. Bereits Anfang des Jahres lernte ich die beiden in meinem Fotostudio in Duisburg kennen und wir besprachen die ersten Details [&hellip;]<\/p>\n","protected":false},"author":1,"featured_media":3370,"comment_status":"closed","ping_status":"open","sticky":false,"template":"","format":"standard","meta":{"footnotes":""},"categories":[7],"tags":[17],"class_list":["post-3231","post","type-post","status-publish","format-standard","has-post-thumbnail","hentry","category-wedding","tag-hochzeitsfotograf"],"_links":{"self":[{"href":"https:\/\/www.melanie-melcher.de\/index.php\/wp-json\/wp\/v2\/posts\/3231","targetHints":{"allow":["GET"]}}],"collection":[{"href":"https:\/\/www.melanie-melcher.de\/index.php\/wp-json\/wp\/v2\/posts"}],"about":[{"href":"https:\/\/www.melanie-melcher.de\/index.php\/wp-json\/wp\/v2\/types\/post"}],"author":[{"embeddable":true,"href":"https:\/\/www.melanie-melcher.de\/index.php\/wp-json\/wp\/v2\/users\/1"}],"replies":[{"embeddable":true,"href":"https:\/\/www.melanie-melcher.de\/index.php\/wp-json\/wp\/v2\/comments?post=3231"}],"version-history":[{"count":3,"href":"https:\/\/www.melanie-melcher.de\/index.php\/wp-json\/wp\/v2\/posts\/3231\/revisions"}],"predecessor-version":[{"id":3900,"href":"https:\/\/www.melanie-melcher.de\/index.php\/wp-json\/wp\/v2\/posts\/3231\/revisions\/3900"}],"wp:featuredmedia":[{"embeddable":true,"href":"https:\/\/www.melanie-melcher.de\/index.php\/wp-json\/wp\/v2\/media\/3370"}],"wp:attachment":[{"href":"https:\/\/www.melanie-melcher.de\/index.php\/wp-json\/wp\/v2\/media?parent=3231"}],"wp:term":[{"taxonomy":"category","embeddable":true,"href":"https:\/\/www.melanie-melcher.de\/index.php\/wp-json\/wp\/v2\/categories?post=3231"},{"taxonomy":"post_tag","embeddable":true,"href":"https:\/\/www.melanie-melcher.de\/index.php\/wp-json\/wp\/v2\/tags?post=3231"}],"curies":[{"name":"wp","href":"https:\/\/api.w.org\/{rel}","templated":true}]}}