{"id":3672,"date":"2017-02-12T20:49:15","date_gmt":"2017-02-12T19:49:15","guid":{"rendered":"http:\/\/www.melanie-melcher.de\/?p=3672"},"modified":"2022-10-12T13:06:09","modified_gmt":"2022-10-12T11:06:09","slug":"babyfotografie-in-duisburg","status":"publish","type":"post","link":"https:\/\/www.melanie-melcher.de\/index.php\/2017\/02\/12\/babyfotografie-in-duisburg\/","title":{"rendered":"Prinzessin an Bord &#8211; Babyfotografie in Duisburg"},"content":{"rendered":"<p>F\u00fcr jedes Kind beginnt die Welt von Neuem &#8211; David Thoreau<\/p>\n<p>Das neue Jahr ist schon ein paar Tage alt und ich durfte die ersten Babys in 2017 bereits in meinem Fotostudio und Duisburg Willkommen heissen. Eines davon ist die junge Dame, die ich euch heute vorstellen m\u00f6chte. Sie tr\u00e4gt den wundersch\u00f6nen Namen Mia und hat sich eine prima Familie ausgesucht. Mia ist die Tochter von Manu &amp; Benni, die ich 2015 als <a href=\"http:\/\/www.melanie-melcher.de\/index.php\/2015\/10\/04\/traumhochzeit-von-benni-und-manu-im-landschaftspark-duisburg\" target=\"_blank\" rel=\"noopener\">Hochzeitsfotografin in Rheinberg<\/a> begleiten durfte.<br \/>\nBereits die Hochzeit der beiden hat gereicht um mich zu \u00fcberzeugen, dass sich zwei nicht gesucht und doch gefunden haben. Mit Sohn Lenny schien das Gl\u00fcck schon perfekt, doch nun kommt noch dieser kleine Lieblinsgmensch dazu und beweist, dass sich grosses Gl\u00fcck noch steigern l\u00e4sst.<br \/>\nGanze drei Tage war die kleine Maus alt, als sie sich vor meine Kamera getraut hat. Als Babyfotografin geniesse ich es, wenn die Eltern mir vertrauen und in den ersten Lebenstagen zu mir kommen. Ein Shooting mit Neugeborenen erfordert immer gaaaanz viel Zeit und Ruhe. Die Babys sollen sich bei mir wohl f\u00fchlen, daher geh\u00f6ren Kuschel- und Stillpausen, genau wie ein gut geheiztes Studio immer dazu. W\u00e4hrend Mama und Papa sich bei einem Kaffee oder Tee ausruhen k\u00f6nnen k\u00fcmmere ich mich um die kleinen Stars. Einige verschlafen die ganze Session, andere schauen sich neugierig um. Mia hat sich f\u00fcr eine Mischung entschieden.<br \/>\nSchaut sie euch an, ist sie nicht wundersch\u00f6n?<\/p>\n<p>Liebe Manu, lieber Benni, lieber Lenny &#8211; ich freue mich mit euch \u00fcber die Ankunft eurer kleinen Prinzessin. Ich bin stolz solche Kunden wie euch zu haben. Danke f\u00fcr euer Vertrauen.<\/p>\n<div class=\"gmedia_gallery mosaic_module is_bot\" id=\"GmediaGallery_101\" data-gmid=\"101\" data-module=\"mosaic\"><style class='gmedia_module_style_import'>@import url('https:\/\/www.melanie-melcher.de\/wp-content\/grand-media\/module\/mosaic\/css\/mosaic.css?v=2.16') all;<\/style>\t<div class=\"gmMosaic_Container noLightbox\" data-gmid=\"101\">\t\t<noscript><a href='https:\/\/www.melanie-melcher.de\/wp-content\/grand-media\/image\/Babyfotograf_-_Melanie_Melcher-71.jpg'><img class=\"noLazy\" src='https:\/\/www.melanie-melcher.de\/wp-content\/grand-media\/image\/thumb\/Babyfotograf_-_Melanie_Melcher-71.jpg' alt='Babyfotograf - Melanie Melcher-71' \/><\/a><a href='https:\/\/www.melanie-melcher.de\/wp-content\/grand-media\/image\/Babyfotograf_-_Melanie_Melcher-63.jpg'><img class=\"noLazy\" src='https:\/\/www.melanie-melcher.de\/wp-content\/grand-media\/image\/thumb\/Babyfotograf_-_Melanie_Melcher-63.jpg' alt='Babyfotograf - Melanie Melcher-63' \/><\/a><a href='https:\/\/www.melanie-melcher.de\/wp-content\/grand-media\/image\/Babyfotograf_-_Melanie_Melcher-15.jpg'><img class=\"noLazy\" src='https:\/\/www.melanie-melcher.de\/wp-content\/grand-media\/image\/thumb\/Babyfotograf_-_Melanie_Melcher-15.jpg' alt='Babyfotograf - Melanie Melcher-15' \/><\/a><a href='https:\/\/www.melanie-melcher.de\/wp-content\/grand-media\/image\/Babyfotograf_-_Melanie_Melcher-76.jpg'><img class=\"noLazy\" src='https:\/\/www.melanie-melcher.de\/wp-content\/grand-media\/image\/thumb\/Babyfotograf_-_Melanie_Melcher-76.jpg' alt='Babyfotograf - Melanie Melcher-76' \/><\/a><a href='https:\/\/www.melanie-melcher.de\/wp-content\/grand-media\/image\/Babyfotograf_-_Melanie_Melcher-11.jpg'><img class=\"noLazy\" src='https:\/\/www.melanie-melcher.de\/wp-content\/grand-media\/image\/thumb\/Babyfotograf_-_Melanie_Melcher-11.jpg' alt='Babyfotograf - Melanie Melcher-11' \/><\/a><a href='https:\/\/www.melanie-melcher.de\/wp-content\/grand-media\/image\/Babyfotograf_-_Melanie_Melcher-3.jpg'><img class=\"noLazy\" src='https:\/\/www.melanie-melcher.de\/wp-content\/grand-media\/image\/thumb\/Babyfotograf_-_Melanie_Melcher-3.jpg' alt='Babyfotograf - Melanie Melcher-3' \/><\/a><a href='https:\/\/www.melanie-melcher.de\/wp-content\/grand-media\/image\/Babyfotograf_-_Melanie_Melcher-18.jpg'><img class=\"noLazy\" src='https:\/\/www.melanie-melcher.de\/wp-content\/grand-media\/image\/thumb\/Babyfotograf_-_Melanie_Melcher-18.jpg' alt='Babyfotograf - Melanie Melcher-18' \/><\/a><a href='https:\/\/www.melanie-melcher.de\/wp-content\/grand-media\/image\/Babyfotograf_-_Melanie_Melcher-5.jpg'><img class=\"noLazy\" src='https:\/\/www.melanie-melcher.de\/wp-content\/grand-media\/image\/thumb\/Babyfotograf_-_Melanie_Melcher-5.jpg' alt='Babyfotograf - Melanie Melcher-5' \/><\/a><a href='https:\/\/www.melanie-melcher.de\/wp-content\/grand-media\/image\/Babyfotograf_-_Melanie_Melcher-61.jpg'><img class=\"noLazy\" src='https:\/\/www.melanie-melcher.de\/wp-content\/grand-media\/image\/thumb\/Babyfotograf_-_Melanie_Melcher-61.jpg' alt='Babyfotograf - Melanie Melcher-61' \/><\/a><a href='https:\/\/www.melanie-melcher.de\/wp-content\/grand-media\/image\/Babyfotograf_-_Melanie_Melcher-25.jpg'><img class=\"noLazy\" src='https:\/\/www.melanie-melcher.de\/wp-content\/grand-media\/image\/thumb\/Babyfotograf_-_Melanie_Melcher-25.jpg' alt='Babyfotograf - Melanie Melcher-25' \/><\/a><a href='https:\/\/www.melanie-melcher.de\/wp-content\/grand-media\/image\/Babyfotograf_-_Melanie_Melcher-23.jpg'><img class=\"noLazy\" src='https:\/\/www.melanie-melcher.de\/wp-content\/grand-media\/image\/thumb\/Babyfotograf_-_Melanie_Melcher-23.jpg' alt='Babyfotograf - Melanie Melcher-23' \/><\/a><a href='https:\/\/www.melanie-melcher.de\/wp-content\/grand-media\/image\/Babyfotograf_-_Melanie_Melcher-6.jpg'><img class=\"noLazy\" src='https:\/\/www.melanie-melcher.de\/wp-content\/grand-media\/image\/thumb\/Babyfotograf_-_Melanie_Melcher-6.jpg' alt='Babyfotograf - Melanie Melcher-6' \/><\/a><a href='https:\/\/www.melanie-melcher.de\/wp-content\/grand-media\/image\/Babyfotograf_-_Melanie_Melcher-10.jpg'><img class=\"noLazy\" src='https:\/\/www.melanie-melcher.de\/wp-content\/grand-media\/image\/thumb\/Babyfotograf_-_Melanie_Melcher-10.jpg' alt='Babyfotograf - Melanie Melcher-10' \/><\/a><a href='https:\/\/www.melanie-melcher.de\/wp-content\/grand-media\/image\/Babyfotograf_-_Melanie_Melcher-29.jpg'><img class=\"noLazy\" src='https:\/\/www.melanie-melcher.de\/wp-content\/grand-media\/image\/thumb\/Babyfotograf_-_Melanie_Melcher-29.jpg' alt='Babyfotograf - Melanie Melcher-29' \/><\/a><a href='https:\/\/www.melanie-melcher.de\/wp-content\/grand-media\/image\/Babyfotograf_-_Melanie_Melcher-81.jpg'><img class=\"noLazy\" src='https:\/\/www.melanie-melcher.de\/wp-content\/grand-media\/image\/thumb\/Babyfotograf_-_Melanie_Melcher-81.jpg' alt='Babyfotograf - Melanie Melcher-81' \/><\/a><a href='https:\/\/www.melanie-melcher.de\/wp-content\/grand-media\/image\/Babyfotograf_-_Melanie_Melcher-31.jpg'><img class=\"noLazy\" src='https:\/\/www.melanie-melcher.de\/wp-content\/grand-media\/image\/thumb\/Babyfotograf_-_Melanie_Melcher-31.jpg' alt='Babyfotograf - Melanie Melcher-31' \/><\/a><a href='https:\/\/www.melanie-melcher.de\/wp-content\/grand-media\/image\/Babyfotograf_-_Melanie_Melcher-56.jpg'><img class=\"noLazy\" src='https:\/\/www.melanie-melcher.de\/wp-content\/grand-media\/image\/thumb\/Babyfotograf_-_Melanie_Melcher-56.jpg' alt='Babyfotograf - Melanie Melcher-56' \/><\/a><a href='https:\/\/www.melanie-melcher.de\/wp-content\/grand-media\/image\/Babyfotograf_-_Melanie_Melcher-27.jpg'><img class=\"noLazy\" src='https:\/\/www.melanie-melcher.de\/wp-content\/grand-media\/image\/thumb\/Babyfotograf_-_Melanie_Melcher-27.jpg' alt='Babyfotograf - Melanie Melcher-27' \/><\/a><a href='https:\/\/www.melanie-melcher.de\/wp-content\/grand-media\/image\/Babyfotograf_-_Melanie_Melcher-49.jpg'><img class=\"noLazy\" src='https:\/\/www.melanie-melcher.de\/wp-content\/grand-media\/image\/thumb\/Babyfotograf_-_Melanie_Melcher-49.jpg' alt='Babyfotograf - Melanie Melcher-49' \/><\/a><a href='https:\/\/www.melanie-melcher.de\/wp-content\/grand-media\/image\/Babyfotograf_-_Melanie_Melcher-46.jpg'><img class=\"noLazy\" src='https:\/\/www.melanie-melcher.de\/wp-content\/grand-media\/image\/thumb\/Babyfotograf_-_Melanie_Melcher-46.jpg' alt='Babyfotograf - Melanie Melcher-46' \/><\/a><a href='https:\/\/www.melanie-melcher.de\/wp-content\/grand-media\/image\/Babyfotograf_-_Melanie_Melcher-64.jpg'><img class=\"noLazy\" src='https:\/\/www.melanie-melcher.de\/wp-content\/grand-media\/image\/thumb\/Babyfotograf_-_Melanie_Melcher-64.jpg' alt='Babyfotograf - Melanie Melcher-64' \/><\/a><a href='https:\/\/www.melanie-melcher.de\/wp-content\/grand-media\/image\/Babyfotograf_-_Melanie_Melcher-62.jpg'><img class=\"noLazy\" src='https:\/\/www.melanie-melcher.de\/wp-content\/grand-media\/image\/thumb\/Babyfotograf_-_Melanie_Melcher-62.jpg' alt='Babyfotograf - Melanie Melcher-62' \/><\/a><a href='https:\/\/www.melanie-melcher.de\/wp-content\/grand-media\/image\/Babyfotograf_-_Melanie_Melcher-65.jpg'><img class=\"noLazy\" src='https:\/\/www.melanie-melcher.de\/wp-content\/grand-media\/image\/thumb\/Babyfotograf_-_Melanie_Melcher-65.jpg' alt='Babyfotograf - Melanie Melcher-65' \/><\/a><a href='https:\/\/www.melanie-melcher.de\/wp-content\/grand-media\/image\/Babyfotograf_-_Melanie_Melcher-85.jpg'><img class=\"noLazy\" src='https:\/\/www.melanie-melcher.de\/wp-content\/grand-media\/image\/thumb\/Babyfotograf_-_Melanie_Melcher-85.jpg' alt='Babyfotograf - Melanie Melcher-85' \/><\/a><a href='https:\/\/www.melanie-melcher.de\/wp-content\/grand-media\/image\/Babyfotograf_-_Melanie_Melcher-42.jpg'><img class=\"noLazy\" src='https:\/\/www.melanie-melcher.de\/wp-content\/grand-media\/image\/thumb\/Babyfotograf_-_Melanie_Melcher-42.jpg' alt='Babyfotograf - Melanie Melcher-42' \/><\/a><a href='https:\/\/www.melanie-melcher.de\/wp-content\/grand-media\/image\/Babyfotograf_-_Melanie_Melcher-47.jpg'><img class=\"noLazy\" src='https:\/\/www.melanie-melcher.de\/wp-content\/grand-media\/image\/thumb\/Babyfotograf_-_Melanie_Melcher-47.jpg' alt='Babyfotograf - Melanie Melcher-47' \/><\/a><a href='https:\/\/www.melanie-melcher.de\/wp-content\/grand-media\/image\/Babyfotograf_-_Melanie_Melcher-44.jpg'><img class=\"noLazy\" src='https:\/\/www.melanie-melcher.de\/wp-content\/grand-media\/image\/thumb\/Babyfotograf_-_Melanie_Melcher-44.jpg' alt='Babyfotograf - Melanie Melcher-44' \/><\/a><a href='https:\/\/www.melanie-melcher.de\/wp-content\/grand-media\/image\/Babyfotograf_-_Melanie_Melcher-67.jpg'><img class=\"noLazy\" src='https:\/\/www.melanie-melcher.de\/wp-content\/grand-media\/image\/thumb\/Babyfotograf_-_Melanie_Melcher-67.jpg' alt='Babyfotograf - Melanie Melcher-67' \/><\/a><a href='https:\/\/www.melanie-melcher.de\/wp-content\/grand-media\/image\/Babyfotograf_-_Melanie_Melcher-28.jpg'><img class=\"noLazy\" src='https:\/\/www.melanie-melcher.de\/wp-content\/grand-media\/image\/thumb\/Babyfotograf_-_Melanie_Melcher-28.jpg' alt='Babyfotograf - Melanie Melcher-28' \/><\/a><a href='https:\/\/www.melanie-melcher.de\/wp-content\/grand-media\/image\/Babyfotograf_-_Melanie_Melcher-39.jpg'><img class=\"noLazy\" src='https:\/\/www.melanie-melcher.de\/wp-content\/grand-media\/image\/thumb\/Babyfotograf_-_Melanie_Melcher-39.jpg' alt='Babyfotograf - Melanie Melcher-39' \/><\/a><a href='https:\/\/www.melanie-melcher.de\/wp-content\/grand-media\/image\/Babyfotograf_-_Melanie_Melcher-7.jpg'><img class=\"noLazy\" src='https:\/\/www.melanie-melcher.de\/wp-content\/grand-media\/image\/thumb\/Babyfotograf_-_Melanie_Melcher-7.jpg' alt='Babyfotograf - Melanie Melcher-7' \/><\/a><a href='https:\/\/www.melanie-melcher.de\/wp-content\/grand-media\/image\/Babyfotograf_-_Melanie_Melcher-73.jpg'><img class=\"noLazy\" src='https:\/\/www.melanie-melcher.de\/wp-content\/grand-media\/image\/thumb\/Babyfotograf_-_Melanie_Melcher-73.jpg' alt='Babyfotograf - Melanie Melcher-73' \/><\/a><a href='https:\/\/www.melanie-melcher.de\/wp-content\/grand-media\/image\/Babyfotograf_-_Melanie_Melcher-36.jpg'><img class=\"noLazy\" src='https:\/\/www.melanie-melcher.de\/wp-content\/grand-media\/image\/thumb\/Babyfotograf_-_Melanie_Melcher-36.jpg' alt='Babyfotograf - Melanie Melcher-36' \/><\/a><a href='https:\/\/www.melanie-melcher.de\/wp-content\/grand-media\/image\/Babyfotograf_-_Melanie_Melcher-37.jpg'><img class=\"noLazy\" src='https:\/\/www.melanie-melcher.de\/wp-content\/grand-media\/image\/thumb\/Babyfotograf_-_Melanie_Melcher-37.jpg' alt='Babyfotograf - Melanie Melcher-37' \/><\/a><a href='https:\/\/www.melanie-melcher.de\/wp-content\/grand-media\/image\/Babyfotograf_-_Melanie_Melcher-4.jpg'><img class=\"noLazy\" src='https:\/\/www.melanie-melcher.de\/wp-content\/grand-media\/image\/thumb\/Babyfotograf_-_Melanie_Melcher-4.jpg' alt='Babyfotograf - Melanie Melcher-4' \/><\/a><a href='https:\/\/www.melanie-melcher.de\/wp-content\/grand-media\/image\/Babyfotograf_-_Melanie_Melcher-34.jpg'><img class=\"noLazy\" src='https:\/\/www.melanie-melcher.de\/wp-content\/grand-media\/image\/thumb\/Babyfotograf_-_Melanie_Melcher-34.jpg' alt='Babyfotograf - Melanie Melcher-34' \/><\/a><a href='https:\/\/www.melanie-melcher.de\/wp-content\/grand-media\/image\/Babyfotograf_-_Melanie_Melcher-19.jpg'><img class=\"noLazy\" src='https:\/\/www.melanie-melcher.de\/wp-content\/grand-media\/image\/thumb\/Babyfotograf_-_Melanie_Melcher-19.jpg' alt='Babyfotograf - Melanie Melcher-19' \/><\/a><a href='https:\/\/www.melanie-melcher.de\/wp-content\/grand-media\/image\/Babyfotograf_-_Melanie_Melcher-14.jpg'><img class=\"noLazy\" src='https:\/\/www.melanie-melcher.de\/wp-content\/grand-media\/image\/thumb\/Babyfotograf_-_Melanie_Melcher-14.jpg' alt='Babyfotograf - Melanie Melcher-14' \/><\/a><a href='https:\/\/www.melanie-melcher.de\/wp-content\/grand-media\/image\/Babyfotograf_-_Melanie_Melcher-50.jpg'><img class=\"noLazy\" src='https:\/\/www.melanie-melcher.de\/wp-content\/grand-media\/image\/thumb\/Babyfotograf_-_Melanie_Melcher-50.jpg' alt='Babyfotograf - Melanie Melcher-50' \/><\/a><a href='https:\/\/www.melanie-melcher.de\/wp-content\/grand-media\/image\/Babyfotograf_-_Melanie_Melcher-72.jpg'><img class=\"noLazy\" src='https:\/\/www.melanie-melcher.de\/wp-content\/grand-media\/image\/thumb\/Babyfotograf_-_Melanie_Melcher-72.jpg' alt='Babyfotograf - Melanie Melcher-72' \/><\/a><a href='https:\/\/www.melanie-melcher.de\/wp-content\/grand-media\/image\/Babyfotograf_-_Melanie_Melcher-26.jpg'><img class=\"noLazy\" src='https:\/\/www.melanie-melcher.de\/wp-content\/grand-media\/image\/thumb\/Babyfotograf_-_Melanie_Melcher-26.jpg' alt='Babyfotograf - Melanie Melcher-26' \/><\/a><a href='https:\/\/www.melanie-melcher.de\/wp-content\/grand-media\/image\/Babyfotograf_-_Melanie_Melcher-70.jpg'><img class=\"noLazy\" src='https:\/\/www.melanie-melcher.de\/wp-content\/grand-media\/image\/thumb\/Babyfotograf_-_Melanie_Melcher-70.jpg' alt='Babyfotograf - Melanie Melcher-70' \/><\/a><a href='https:\/\/www.melanie-melcher.de\/wp-content\/grand-media\/image\/Babyfotograf_-_Melanie_Melcher-69.jpg'><img class=\"noLazy\" src='https:\/\/www.melanie-melcher.de\/wp-content\/grand-media\/image\/thumb\/Babyfotograf_-_Melanie_Melcher-69.jpg' alt='Babyfotograf - Melanie Melcher-69' \/><\/a><a href='https:\/\/www.melanie-melcher.de\/wp-content\/grand-media\/image\/Babyfotograf_-_Melanie_Melcher-75.jpg'><img class=\"noLazy\" src='https:\/\/www.melanie-melcher.de\/wp-content\/grand-media\/image\/thumb\/Babyfotograf_-_Melanie_Melcher-75.jpg' alt='Babyfotograf - Melanie Melcher-75' \/><\/a><a href='https:\/\/www.melanie-melcher.de\/wp-content\/grand-media\/image\/Babyfotograf_-_Melanie_Melcher-53.jpg'><img class=\"noLazy\" src='https:\/\/www.melanie-melcher.de\/wp-content\/grand-media\/image\/thumb\/Babyfotograf_-_Melanie_Melcher-53.jpg' alt='Babyfotograf - Melanie Melcher-53' \/><\/a><a href='https:\/\/www.melanie-melcher.de\/wp-content\/grand-media\/image\/Babyfotograf_-_Melanie_Melcher-8.jpg'><img class=\"noLazy\" src='https:\/\/www.melanie-melcher.de\/wp-content\/grand-media\/image\/thumb\/Babyfotograf_-_Melanie_Melcher-8.jpg' alt='Babyfotograf - Melanie Melcher-8' \/><\/a><a href='https:\/\/www.melanie-melcher.de\/wp-content\/grand-media\/image\/Babyfotograf_-_Melanie_Melcher-74.jpg'><img class=\"noLazy\" src='https:\/\/www.melanie-melcher.de\/wp-content\/grand-media\/image\/thumb\/Babyfotograf_-_Melanie_Melcher-74.jpg' alt='Babyfotograf - Melanie Melcher-74' \/><\/a><a href='https:\/\/www.melanie-melcher.de\/wp-content\/grand-media\/image\/Babyfotograf_-_Melanie_Melcher-77.jpg'><img class=\"noLazy\" src='https:\/\/www.melanie-melcher.de\/wp-content\/grand-media\/image\/thumb\/Babyfotograf_-_Melanie_Melcher-77.jpg' alt='Babyfotograf - Melanie Melcher-77' \/><\/a><a href='https:\/\/www.melanie-melcher.de\/wp-content\/grand-media\/image\/Babyfotograf_-_Melanie_Melcher-35.jpg'><img class=\"noLazy\" src='https:\/\/www.melanie-melcher.de\/wp-content\/grand-media\/image\/thumb\/Babyfotograf_-_Melanie_Melcher-35.jpg' alt='Babyfotograf - Melanie Melcher-35' \/><\/a><a href='https:\/\/www.melanie-melcher.de\/wp-content\/grand-media\/image\/Babyfotograf_-_Melanie_Melcher-9.jpg'><img class=\"noLazy\" src='https:\/\/www.melanie-melcher.de\/wp-content\/grand-media\/image\/thumb\/Babyfotograf_-_Melanie_Melcher-9.jpg' alt='Babyfotograf - Melanie Melcher-9' \/><\/a><a href='https:\/\/www.melanie-melcher.de\/wp-content\/grand-media\/image\/Babyfotograf_-_Melanie_Melcher-79.jpg'><img class=\"noLazy\" src='https:\/\/www.melanie-melcher.de\/wp-content\/grand-media\/image\/thumb\/Babyfotograf_-_Melanie_Melcher-79.jpg' alt='Babyfotograf - Melanie Melcher-79' \/><\/a><a href='https:\/\/www.melanie-melcher.de\/wp-content\/grand-media\/image\/Babyfotograf_-_Melanie_Melcher-52.jpg'><img class=\"noLazy\" src='https:\/\/www.melanie-melcher.de\/wp-content\/grand-media\/image\/thumb\/Babyfotograf_-_Melanie_Melcher-52.jpg' alt='Babyfotograf - Melanie Melcher-52' \/><\/a><a href='https:\/\/www.melanie-melcher.de\/wp-content\/grand-media\/image\/Babyfotograf_-_Melanie_Melcher-21.jpg'><img class=\"noLazy\" src='https:\/\/www.melanie-melcher.de\/wp-content\/grand-media\/image\/thumb\/Babyfotograf_-_Melanie_Melcher-21.jpg' alt='Babyfotograf - Melanie Melcher-21' \/><\/a><a href='https:\/\/www.melanie-melcher.de\/wp-content\/grand-media\/image\/Babyfotograf_-_Melanie_Melcher-41.jpg'><img class=\"noLazy\" src='https:\/\/www.melanie-melcher.de\/wp-content\/grand-media\/image\/thumb\/Babyfotograf_-_Melanie_Melcher-41.jpg' alt='Babyfotograf - Melanie Melcher-41' \/><\/a><a href='https:\/\/www.melanie-melcher.de\/wp-content\/grand-media\/image\/Babyfotograf_-_Melanie_Melcher-45.jpg'><img class=\"noLazy\" src='https:\/\/www.melanie-melcher.de\/wp-content\/grand-media\/image\/thumb\/Babyfotograf_-_Melanie_Melcher-45.jpg' alt='Babyfotograf - Melanie Melcher-45' \/><\/a><a href='https:\/\/www.melanie-melcher.de\/wp-content\/grand-media\/image\/Babyfotograf_-_Melanie_Melcher-66.jpg'><img class=\"noLazy\" src='https:\/\/www.melanie-melcher.de\/wp-content\/grand-media\/image\/thumb\/Babyfotograf_-_Melanie_Melcher-66.jpg' alt='Babyfotograf - Melanie Melcher-66' \/><\/a><a href='https:\/\/www.melanie-melcher.de\/wp-content\/grand-media\/image\/Babyfotograf_-_Melanie_Melcher-43.jpg'><img class=\"noLazy\" src='https:\/\/www.melanie-melcher.de\/wp-content\/grand-media\/image\/thumb\/Babyfotograf_-_Melanie_Melcher-43.jpg' alt='Babyfotograf - Melanie Melcher-43' \/><\/a><a href='https:\/\/www.melanie-melcher.de\/wp-content\/grand-media\/image\/Babyfotograf_-_Melanie_Melcher-78.jpg'><img class=\"noLazy\" src='https:\/\/www.melanie-melcher.de\/wp-content\/grand-media\/image\/thumb\/Babyfotograf_-_Melanie_Melcher-78.jpg' alt='Babyfotograf - Melanie Melcher-78' \/><\/a><a href='https:\/\/www.melanie-melcher.de\/wp-content\/grand-media\/image\/Babyfotograf_-_Melanie_Melcher-83.jpg'><img class=\"noLazy\" src='https:\/\/www.melanie-melcher.de\/wp-content\/grand-media\/image\/thumb\/Babyfotograf_-_Melanie_Melcher-83.jpg' alt='Babyfotograf - Melanie Melcher-83' \/><\/a><a href='https:\/\/www.melanie-melcher.de\/wp-content\/grand-media\/image\/Babyfotograf_-_Melanie_Melcher-17.jpg'><img class=\"noLazy\" src='https:\/\/www.melanie-melcher.de\/wp-content\/grand-media\/image\/thumb\/Babyfotograf_-_Melanie_Melcher-17.jpg' alt='Babyfotograf - Melanie Melcher-17' \/><\/a><a href='https:\/\/www.melanie-melcher.de\/wp-content\/grand-media\/image\/Babyfotograf_-_Melanie_Melcher-32.jpg'><img class=\"noLazy\" src='https:\/\/www.melanie-melcher.de\/wp-content\/grand-media\/image\/thumb\/Babyfotograf_-_Melanie_Melcher-32.jpg' alt='Babyfotograf - Melanie Melcher-32' \/><\/a><a href='https:\/\/www.melanie-melcher.de\/wp-content\/grand-media\/image\/Babyfotograf_-_Melanie_Melcher-68.jpg'><img class=\"noLazy\" src='https:\/\/www.melanie-melcher.de\/wp-content\/grand-media\/image\/thumb\/Babyfotograf_-_Melanie_Melcher-68.jpg' alt='Babyfotograf - Melanie Melcher-68' \/><\/a><a href='https:\/\/www.melanie-melcher.de\/wp-content\/grand-media\/image\/Babyfotograf_-_Melanie_Melcher-24.jpg'><img class=\"noLazy\" src='https:\/\/www.melanie-melcher.de\/wp-content\/grand-media\/image\/thumb\/Babyfotograf_-_Melanie_Melcher-24.jpg' alt='Babyfotograf - Melanie Melcher-24' \/><\/a><a href='https:\/\/www.melanie-melcher.de\/wp-content\/grand-media\/image\/Babyfotograf_-_Melanie_Melcher-30.jpg'><img class=\"noLazy\" src='https:\/\/www.melanie-melcher.de\/wp-content\/grand-media\/image\/thumb\/Babyfotograf_-_Melanie_Melcher-30.jpg' alt='Babyfotograf - Melanie Melcher-30' \/><\/a><a href='https:\/\/www.melanie-melcher.de\/wp-content\/grand-media\/image\/Babyfotograf_-_Melanie_Melcher-16.jpg'><img class=\"noLazy\" src='https:\/\/www.melanie-melcher.de\/wp-content\/grand-media\/image\/thumb\/Babyfotograf_-_Melanie_Melcher-16.jpg' alt='Babyfotograf - Melanie Melcher-16' \/><\/a><a href='https:\/\/www.melanie-melcher.de\/wp-content\/grand-media\/image\/Babyfotograf_-_Melanie_Melcher-13.jpg'><img class=\"noLazy\" src='https:\/\/www.melanie-melcher.de\/wp-content\/grand-media\/image\/thumb\/Babyfotograf_-_Melanie_Melcher-13.jpg' alt='Babyfotograf - Melanie Melcher-13' \/><\/a><a href='https:\/\/www.melanie-melcher.de\/wp-content\/grand-media\/image\/Babyfotograf_-_Melanie_Melcher-60.jpg'><img class=\"noLazy\" src='https:\/\/www.melanie-melcher.de\/wp-content\/grand-media\/image\/thumb\/Babyfotograf_-_Melanie_Melcher-60.jpg' alt='Babyfotograf - Melanie Melcher-60' \/><\/a><a href='https:\/\/www.melanie-melcher.de\/wp-content\/grand-media\/image\/Babyfotograf_-_Melanie_Melcher-12.jpg'><img class=\"noLazy\" src='https:\/\/www.melanie-melcher.de\/wp-content\/grand-media\/image\/thumb\/Babyfotograf_-_Melanie_Melcher-12.jpg' alt='Babyfotograf - Melanie Melcher-12' \/><\/a><a href='https:\/\/www.melanie-melcher.de\/wp-content\/grand-media\/image\/Babyfotograf_-_Melanie_Melcher-51.jpg'><img class=\"noLazy\" src='https:\/\/www.melanie-melcher.de\/wp-content\/grand-media\/image\/thumb\/Babyfotograf_-_Melanie_Melcher-51.jpg' alt='Babyfotograf - Melanie Melcher-51' \/><\/a><a href='https:\/\/www.melanie-melcher.de\/wp-content\/grand-media\/image\/Babyfotograf_-_Melanie_Melcher-48.jpg'><img class=\"noLazy\" src='https:\/\/www.melanie-melcher.de\/wp-content\/grand-media\/image\/thumb\/Babyfotograf_-_Melanie_Melcher-48.jpg' alt='Babyfotograf - Melanie Melcher-48' \/><\/a><a href='https:\/\/www.melanie-melcher.de\/wp-content\/grand-media\/image\/Babyfotograf_-_Melanie_Melcher-82.jpg'><img class=\"noLazy\" src='https:\/\/www.melanie-melcher.de\/wp-content\/grand-media\/image\/thumb\/Babyfotograf_-_Melanie_Melcher-82.jpg' alt='Babyfotograf - Melanie Melcher-82' \/><\/a><a href='https:\/\/www.melanie-melcher.de\/wp-content\/grand-media\/image\/Babyfotograf_-_Melanie_Melcher-84.jpg'><img class=\"noLazy\" src='https:\/\/www.melanie-melcher.de\/wp-content\/grand-media\/image\/thumb\/Babyfotograf_-_Melanie_Melcher-84.jpg' alt='Babyfotograf - Melanie Melcher-84' \/><\/a><a href='https:\/\/www.melanie-melcher.de\/wp-content\/grand-media\/image\/Babyfotograf_-_Melanie_Melcher-57.jpg'><img class=\"noLazy\" src='https:\/\/www.melanie-melcher.de\/wp-content\/grand-media\/image\/thumb\/Babyfotograf_-_Melanie_Melcher-57.jpg' alt='Babyfotograf - Melanie Melcher-57' \/><\/a><a href='https:\/\/www.melanie-melcher.de\/wp-content\/grand-media\/image\/Babyfotograf_-_Melanie_Melcher-86.jpg'><img class=\"noLazy\" src='https:\/\/www.melanie-melcher.de\/wp-content\/grand-media\/image\/thumb\/Babyfotograf_-_Melanie_Melcher-86.jpg' alt='Babyfotograf - Melanie Melcher-86' \/><\/a><a href='https:\/\/www.melanie-melcher.de\/wp-content\/grand-media\/image\/Babyfotograf_-_Melanie_Melcher-59.jpg'><img class=\"noLazy\" src='https:\/\/www.melanie-melcher.de\/wp-content\/grand-media\/image\/thumb\/Babyfotograf_-_Melanie_Melcher-59.jpg' alt='Babyfotograf - Melanie Melcher-59' \/><\/a><a href='https:\/\/www.melanie-melcher.de\/wp-content\/grand-media\/image\/Babyfotograf_-_Melanie_Melcher-33.jpg'><img class=\"noLazy\" src='https:\/\/www.melanie-melcher.de\/wp-content\/grand-media\/image\/thumb\/Babyfotograf_-_Melanie_Melcher-33.jpg' alt='Babyfotograf - Melanie Melcher-33' \/><\/a><a href='https:\/\/www.melanie-melcher.de\/wp-content\/grand-media\/image\/Babyfotograf_-_Melanie_Melcher-58.jpg'><img class=\"noLazy\" src='https:\/\/www.melanie-melcher.de\/wp-content\/grand-media\/image\/thumb\/Babyfotograf_-_Melanie_Melcher-58.jpg' alt='Babyfotograf - Melanie Melcher-58' \/><\/a><a href='https:\/\/www.melanie-melcher.de\/wp-content\/grand-media\/image\/Babyfotograf_-_Melanie_Melcher-54.jpg'><img class=\"noLazy\" src='https:\/\/www.melanie-melcher.de\/wp-content\/grand-media\/image\/thumb\/Babyfotograf_-_Melanie_Melcher-54.jpg' alt='Babyfotograf - Melanie Melcher-54' \/><\/a><a href='https:\/\/www.melanie-melcher.de\/wp-content\/grand-media\/image\/Babyfotograf_-_Melanie_Melcher-2.jpg'><img class=\"noLazy\" src='https:\/\/www.melanie-melcher.de\/wp-content\/grand-media\/image\/thumb\/Babyfotograf_-_Melanie_Melcher-2.jpg' alt='Babyfotograf - Melanie Melcher-2' \/><\/a><a href='https:\/\/www.melanie-melcher.de\/wp-content\/grand-media\/image\/Babyfotograf_-_Melanie_Melcher-40.jpg'><img class=\"noLazy\" src='https:\/\/www.melanie-melcher.de\/wp-content\/grand-media\/image\/thumb\/Babyfotograf_-_Melanie_Melcher-40.jpg' alt='Babyfotograf - Melanie Melcher-40' \/><\/a><a href='https:\/\/www.melanie-melcher.de\/wp-content\/grand-media\/image\/Babyfotograf_-_Melanie_Melcher-38.jpg'><img class=\"noLazy\" src='https:\/\/www.melanie-melcher.de\/wp-content\/grand-media\/image\/thumb\/Babyfotograf_-_Melanie_Melcher-38.jpg' alt='Babyfotograf - Melanie Melcher-38' \/><\/a><a href='https:\/\/www.melanie-melcher.de\/wp-content\/grand-media\/image\/Babyfotograf_-_Melanie_Melcher-22.jpg'><img class=\"noLazy\" src='https:\/\/www.melanie-melcher.de\/wp-content\/grand-media\/image\/thumb\/Babyfotograf_-_Melanie_Melcher-22.jpg' alt='Babyfotograf - Melanie Melcher-22' \/><\/a><a href='https:\/\/www.melanie-melcher.de\/wp-content\/grand-media\/image\/Babyfotograf_-_Melanie_Melcher-80.jpg'><img class=\"noLazy\" src='https:\/\/www.melanie-melcher.de\/wp-content\/grand-media\/image\/thumb\/Babyfotograf_-_Melanie_Melcher-80.jpg' alt='Babyfotograf - Melanie Melcher-80' \/><\/a><a href='https:\/\/www.melanie-melcher.de\/wp-content\/grand-media\/image\/Babyfotograf_-_Melanie_Melcher-55.jpg'><img class=\"noLazy\" src='https:\/\/www.melanie-melcher.de\/wp-content\/grand-media\/image\/thumb\/Babyfotograf_-_Melanie_Melcher-55.jpg' alt='Babyfotograf - Melanie Melcher-55' \/><\/a><a href='https:\/\/www.melanie-melcher.de\/wp-content\/grand-media\/image\/Babyfotograf_-_Melanie_Melcher-20.jpg'><img class=\"noLazy\" src='https:\/\/www.melanie-melcher.de\/wp-content\/grand-media\/image\/thumb\/Babyfotograf_-_Melanie_Melcher-20.jpg' alt='Babyfotograf - Melanie Melcher-20' \/><\/a><\/noscript><\/div>\n\t\t<script type=\"text\/javascript\">\n\t\t\tdocument.addEventListener( 'DOMContentLoaded', function() {\n\t\t\t\tjQuery( function( $ ) {\n\t\t\t\t\tvar settings = {\"columns\":\"3\",\"lightbox_slideshow\":\"3000\",\"lightbox_allow_expand\":\"0\",\"social_share_enabled\":\"0\",\"ID\":\"101\",\"name\":\"Mia\",\"is_mobile\":false,\"module_dirurl\":\"https:\\\/\\\/www.melanie-melcher.de\\\/wp-content\\\/grand-media\\\/module\\\/mosaic\"};\n\t\t\t\t\tvar gmedia_mosaic_content = [{\"id\":\"2529\",\"type\":\"image\",\"ext\":\"jpg\",\"src\":\"\\\/image\\\/Babyfotograf_-_Melanie_Melcher-71.jpg\",\"sizes\":{\"thumb\":\"https:\\\/\\\/www.melanie-melcher.de\\\/wp-content\\\/grand-media\\\/image\\\/thumb\\\/Babyfotograf_-_Melanie_Melcher-71.jpg\",\"full\":\"https:\\\/\\\/www.melanie-melcher.de\\\/wp-content\\\/grand-media\\\/image\\\/Babyfotograf_-_Melanie_Melcher-71.jpg\"},\"title\":\"Babyfotograf - Melanie Melcher-71\",\"alt\":\"Babyfotograf - Melanie Melcher-71\",\"caption\":\"\",\"url\":\"\",\"post_link\":\"https:\\\/\\\/www.melanie-melcher.de\\\/index.php\\\/gmedia\\\/babyfotograf_-_melanie_melcher-71-jpg\\\/\",\"cc\":0,\"views\":19,\"likes\":1,\"width\":800,\"height\":533},{\"id\":\"2521\",\"type\":\"image\",\"ext\":\"jpg\",\"src\":\"\\\/image\\\/Babyfotograf_-_Melanie_Melcher-63.jpg\",\"sizes\":{\"thumb\":\"https:\\\/\\\/www.melanie-melcher.de\\\/wp-content\\\/grand-media\\\/image\\\/thumb\\\/Babyfotograf_-_Melanie_Melcher-63.jpg\",\"full\":\"https:\\\/\\\/www.melanie-melcher.de\\\/wp-content\\\/grand-media\\\/image\\\/Babyfotograf_-_Melanie_Melcher-63.jpg\"},\"title\":\"Babyfotograf - Melanie Melcher-63\",\"alt\":\"Babyfotograf - Melanie Melcher-63\",\"caption\":\"\",\"url\":\"\",\"post_link\":\"https:\\\/\\\/www.melanie-melcher.de\\\/index.php\\\/gmedia\\\/babyfotograf_-_melanie_melcher-63-jpg\\\/\",\"cc\":0,\"views\":23,\"likes\":1,\"width\":533,\"height\":800},{\"id\":\"2473\",\"type\":\"image\",\"ext\":\"jpg\",\"src\":\"\\\/image\\\/Babyfotograf_-_Melanie_Melcher-15.jpg\",\"sizes\":{\"thumb\":\"https:\\\/\\\/www.melanie-melcher.de\\\/wp-content\\\/grand-media\\\/image\\\/thumb\\\/Babyfotograf_-_Melanie_Melcher-15.jpg\",\"full\":\"https:\\\/\\\/www.melanie-melcher.de\\\/wp-content\\\/grand-media\\\/image\\\/Babyfotograf_-_Melanie_Melcher-15.jpg\"},\"title\":\"Babyfotograf - Melanie Melcher-15\",\"alt\":\"Babyfotograf - Melanie Melcher-15\",\"caption\":\"\",\"url\":\"\",\"post_link\":\"https:\\\/\\\/www.melanie-melcher.de\\\/index.php\\\/gmedia\\\/babyfotograf_-_melanie_melcher-15-jpg\\\/\",\"cc\":0,\"views\":21,\"likes\":1,\"width\":533,\"height\":800},{\"id\":\"2534\",\"type\":\"image\",\"ext\":\"jpg\",\"src\":\"\\\/image\\\/Babyfotograf_-_Melanie_Melcher-76.jpg\",\"sizes\":{\"thumb\":\"https:\\\/\\\/www.melanie-melcher.de\\\/wp-content\\\/grand-media\\\/image\\\/thumb\\\/Babyfotograf_-_Melanie_Melcher-76.jpg\",\"full\":\"https:\\\/\\\/www.melanie-melcher.de\\\/wp-content\\\/grand-media\\\/image\\\/Babyfotograf_-_Melanie_Melcher-76.jpg\"},\"title\":\"Babyfotograf - Melanie Melcher-76\",\"alt\":\"Babyfotograf - Melanie Melcher-76\",\"caption\":\"\",\"url\":\"\",\"post_link\":\"https:\\\/\\\/www.melanie-melcher.de\\\/index.php\\\/gmedia\\\/babyfotograf_-_melanie_melcher-76-jpg\\\/\",\"cc\":0,\"views\":23,\"likes\":1,\"width\":800,\"height\":533},{\"id\":\"2469\",\"type\":\"image\",\"ext\":\"jpg\",\"src\":\"\\\/image\\\/Babyfotograf_-_Melanie_Melcher-11.jpg\",\"sizes\":{\"thumb\":\"https:\\\/\\\/www.melanie-melcher.de\\\/wp-content\\\/grand-media\\\/image\\\/thumb\\\/Babyfotograf_-_Melanie_Melcher-11.jpg\",\"full\":\"https:\\\/\\\/www.melanie-melcher.de\\\/wp-content\\\/grand-media\\\/image\\\/Babyfotograf_-_Melanie_Melcher-11.jpg\"},\"title\":\"Babyfotograf - Melanie Melcher-11\",\"alt\":\"Babyfotograf - Melanie Melcher-11\",\"caption\":\"\",\"url\":\"\",\"post_link\":\"https:\\\/\\\/www.melanie-melcher.de\\\/index.php\\\/gmedia\\\/babyfotograf_-_melanie_melcher-11-jpg\\\/\",\"cc\":0,\"views\":28,\"likes\":1,\"width\":533,\"height\":800},{\"id\":\"2461\",\"type\":\"image\",\"ext\":\"jpg\",\"src\":\"\\\/image\\\/Babyfotograf_-_Melanie_Melcher-3.jpg\",\"sizes\":{\"thumb\":\"https:\\\/\\\/www.melanie-melcher.de\\\/wp-content\\\/grand-media\\\/image\\\/thumb\\\/Babyfotograf_-_Melanie_Melcher-3.jpg\",\"full\":\"https:\\\/\\\/www.melanie-melcher.de\\\/wp-content\\\/grand-media\\\/image\\\/Babyfotograf_-_Melanie_Melcher-3.jpg\"},\"title\":\"Babyfotograf - Melanie Melcher-3\",\"alt\":\"Babyfotograf - Melanie Melcher-3\",\"caption\":\"\",\"url\":\"\",\"post_link\":\"https:\\\/\\\/www.melanie-melcher.de\\\/index.php\\\/gmedia\\\/babyfotograf_-_melanie_melcher-3-jpg\\\/\",\"cc\":0,\"views\":27,\"likes\":1,\"width\":800,\"height\":533},{\"id\":\"2476\",\"type\":\"image\",\"ext\":\"jpg\",\"src\":\"\\\/image\\\/Babyfotograf_-_Melanie_Melcher-18.jpg\",\"sizes\":{\"thumb\":\"https:\\\/\\\/www.melanie-melcher.de\\\/wp-content\\\/grand-media\\\/image\\\/thumb\\\/Babyfotograf_-_Melanie_Melcher-18.jpg\",\"full\":\"https:\\\/\\\/www.melanie-melcher.de\\\/wp-content\\\/grand-media\\\/image\\\/Babyfotograf_-_Melanie_Melcher-18.jpg\"},\"title\":\"Babyfotograf - Melanie Melcher-18\",\"alt\":\"Babyfotograf - Melanie Melcher-18\",\"caption\":\"\",\"url\":\"\",\"post_link\":\"https:\\\/\\\/www.melanie-melcher.de\\\/index.php\\\/gmedia\\\/babyfotograf_-_melanie_melcher-18-jpg\\\/\",\"cc\":0,\"views\":23,\"likes\":1,\"width\":533,\"height\":800},{\"id\":\"2463\",\"type\":\"image\",\"ext\":\"jpg\",\"src\":\"\\\/image\\\/Babyfotograf_-_Melanie_Melcher-5.jpg\",\"sizes\":{\"thumb\":\"https:\\\/\\\/www.melanie-melcher.de\\\/wp-content\\\/grand-media\\\/image\\\/thumb\\\/Babyfotograf_-_Melanie_Melcher-5.jpg\",\"full\":\"https:\\\/\\\/www.melanie-melcher.de\\\/wp-content\\\/grand-media\\\/image\\\/Babyfotograf_-_Melanie_Melcher-5.jpg\"},\"title\":\"Babyfotograf - Melanie Melcher-5\",\"alt\":\"Babyfotograf - Melanie Melcher-5\",\"caption\":\"\",\"url\":\"\",\"post_link\":\"https:\\\/\\\/www.melanie-melcher.de\\\/index.php\\\/gmedia\\\/babyfotograf_-_melanie_melcher-5-jpg\\\/\",\"cc\":0,\"views\":22,\"likes\":1,\"width\":800,\"height\":533},{\"id\":\"2519\",\"type\":\"image\",\"ext\":\"jpg\",\"src\":\"\\\/image\\\/Babyfotograf_-_Melanie_Melcher-61.jpg\",\"sizes\":{\"thumb\":\"https:\\\/\\\/www.melanie-melcher.de\\\/wp-content\\\/grand-media\\\/image\\\/thumb\\\/Babyfotograf_-_Melanie_Melcher-61.jpg\",\"full\":\"https:\\\/\\\/www.melanie-melcher.de\\\/wp-content\\\/grand-media\\\/image\\\/Babyfotograf_-_Melanie_Melcher-61.jpg\"},\"title\":\"Babyfotograf - Melanie Melcher-61\",\"alt\":\"Babyfotograf - Melanie Melcher-61\",\"caption\":\"\",\"url\":\"\",\"post_link\":\"https:\\\/\\\/www.melanie-melcher.de\\\/index.php\\\/gmedia\\\/babyfotograf_-_melanie_melcher-61-jpg\\\/\",\"cc\":0,\"views\":18,\"likes\":0,\"width\":800,\"height\":533},{\"id\":\"2483\",\"type\":\"image\",\"ext\":\"jpg\",\"src\":\"\\\/image\\\/Babyfotograf_-_Melanie_Melcher-25.jpg\",\"sizes\":{\"thumb\":\"https:\\\/\\\/www.melanie-melcher.de\\\/wp-content\\\/grand-media\\\/image\\\/thumb\\\/Babyfotograf_-_Melanie_Melcher-25.jpg\",\"full\":\"https:\\\/\\\/www.melanie-melcher.de\\\/wp-content\\\/grand-media\\\/image\\\/Babyfotograf_-_Melanie_Melcher-25.jpg\"},\"title\":\"Babyfotograf - Melanie Melcher-25\",\"alt\":\"Babyfotograf - Melanie Melcher-25\",\"caption\":\"\",\"url\":\"\",\"post_link\":\"https:\\\/\\\/www.melanie-melcher.de\\\/index.php\\\/gmedia\\\/babyfotograf_-_melanie_melcher-25-jpg\\\/\",\"cc\":0,\"views\":18,\"likes\":1,\"width\":533,\"height\":800},{\"id\":\"2481\",\"type\":\"image\",\"ext\":\"jpg\",\"src\":\"\\\/image\\\/Babyfotograf_-_Melanie_Melcher-23.jpg\",\"sizes\":{\"thumb\":\"https:\\\/\\\/www.melanie-melcher.de\\\/wp-content\\\/grand-media\\\/image\\\/thumb\\\/Babyfotograf_-_Melanie_Melcher-23.jpg\",\"full\":\"https:\\\/\\\/www.melanie-melcher.de\\\/wp-content\\\/grand-media\\\/image\\\/Babyfotograf_-_Melanie_Melcher-23.jpg\"},\"title\":\"Babyfotograf - Melanie Melcher-23\",\"alt\":\"Babyfotograf - Melanie Melcher-23\",\"caption\":\"\",\"url\":\"\",\"post_link\":\"https:\\\/\\\/www.melanie-melcher.de\\\/index.php\\\/gmedia\\\/babyfotograf_-_melanie_melcher-23-jpg\\\/\",\"cc\":0,\"views\":21,\"likes\":1,\"width\":533,\"height\":800},{\"id\":\"2464\",\"type\":\"image\",\"ext\":\"jpg\",\"src\":\"\\\/image\\\/Babyfotograf_-_Melanie_Melcher-6.jpg\",\"sizes\":{\"thumb\":\"https:\\\/\\\/www.melanie-melcher.de\\\/wp-content\\\/grand-media\\\/image\\\/thumb\\\/Babyfotograf_-_Melanie_Melcher-6.jpg\",\"full\":\"https:\\\/\\\/www.melanie-melcher.de\\\/wp-content\\\/grand-media\\\/image\\\/Babyfotograf_-_Melanie_Melcher-6.jpg\"},\"title\":\"Babyfotograf - Melanie Melcher-6\",\"alt\":\"Babyfotograf - Melanie Melcher-6\",\"caption\":\"\",\"url\":\"\",\"post_link\":\"https:\\\/\\\/www.melanie-melcher.de\\\/index.php\\\/gmedia\\\/babyfotograf_-_melanie_melcher-6-jpg\\\/\",\"cc\":0,\"views\":24,\"likes\":0,\"width\":800,\"height\":533},{\"id\":\"2468\",\"type\":\"image\",\"ext\":\"jpg\",\"src\":\"\\\/image\\\/Babyfotograf_-_Melanie_Melcher-10.jpg\",\"sizes\":{\"thumb\":\"https:\\\/\\\/www.melanie-melcher.de\\\/wp-content\\\/grand-media\\\/image\\\/thumb\\\/Babyfotograf_-_Melanie_Melcher-10.jpg\",\"full\":\"https:\\\/\\\/www.melanie-melcher.de\\\/wp-content\\\/grand-media\\\/image\\\/Babyfotograf_-_Melanie_Melcher-10.jpg\"},\"title\":\"Babyfotograf - Melanie Melcher-10\",\"alt\":\"Babyfotograf - Melanie Melcher-10\",\"caption\":\"\",\"url\":\"\",\"post_link\":\"https:\\\/\\\/www.melanie-melcher.de\\\/index.php\\\/gmedia\\\/babyfotograf_-_melanie_melcher-10-jpg\\\/\",\"cc\":0,\"views\":22,\"likes\":0,\"width\":800,\"height\":533},{\"id\":\"2487\",\"type\":\"image\",\"ext\":\"jpg\",\"src\":\"\\\/image\\\/Babyfotograf_-_Melanie_Melcher-29.jpg\",\"sizes\":{\"thumb\":\"https:\\\/\\\/www.melanie-melcher.de\\\/wp-content\\\/grand-media\\\/image\\\/thumb\\\/Babyfotograf_-_Melanie_Melcher-29.jpg\",\"full\":\"https:\\\/\\\/www.melanie-melcher.de\\\/wp-content\\\/grand-media\\\/image\\\/Babyfotograf_-_Melanie_Melcher-29.jpg\"},\"title\":\"Babyfotograf - Melanie Melcher-29\",\"alt\":\"Babyfotograf - Melanie Melcher-29\",\"caption\":\"\",\"url\":\"\",\"post_link\":\"https:\\\/\\\/www.melanie-melcher.de\\\/index.php\\\/gmedia\\\/babyfotograf_-_melanie_melcher-29-jpg\\\/\",\"cc\":0,\"views\":19,\"likes\":1,\"width\":533,\"height\":800},{\"id\":\"2539\",\"type\":\"image\",\"ext\":\"jpg\",\"src\":\"\\\/image\\\/Babyfotograf_-_Melanie_Melcher-81.jpg\",\"sizes\":{\"thumb\":\"https:\\\/\\\/www.melanie-melcher.de\\\/wp-content\\\/grand-media\\\/image\\\/thumb\\\/Babyfotograf_-_Melanie_Melcher-81.jpg\",\"full\":\"https:\\\/\\\/www.melanie-melcher.de\\\/wp-content\\\/grand-media\\\/image\\\/Babyfotograf_-_Melanie_Melcher-81.jpg\"},\"title\":\"Babyfotograf - Melanie Melcher-81\",\"alt\":\"Babyfotograf - Melanie Melcher-81\",\"caption\":\"\",\"url\":\"\",\"post_link\":\"https:\\\/\\\/www.melanie-melcher.de\\\/index.php\\\/gmedia\\\/babyfotograf_-_melanie_melcher-81-jpg\\\/\",\"cc\":0,\"views\":17,\"likes\":0,\"width\":800,\"height\":533},{\"id\":\"2489\",\"type\":\"image\",\"ext\":\"jpg\",\"src\":\"\\\/image\\\/Babyfotograf_-_Melanie_Melcher-31.jpg\",\"sizes\":{\"thumb\":\"https:\\\/\\\/www.melanie-melcher.de\\\/wp-content\\\/grand-media\\\/image\\\/thumb\\\/Babyfotograf_-_Melanie_Melcher-31.jpg\",\"full\":\"https:\\\/\\\/www.melanie-melcher.de\\\/wp-content\\\/grand-media\\\/image\\\/Babyfotograf_-_Melanie_Melcher-31.jpg\"},\"title\":\"Babyfotograf - Melanie Melcher-31\",\"alt\":\"Babyfotograf - Melanie Melcher-31\",\"caption\":\"\",\"url\":\"\",\"post_link\":\"https:\\\/\\\/www.melanie-melcher.de\\\/index.php\\\/gmedia\\\/babyfotograf_-_melanie_melcher-31-jpg\\\/\",\"cc\":0,\"views\":17,\"likes\":1,\"width\":533,\"height\":800},{\"id\":\"2514\",\"type\":\"image\",\"ext\":\"jpg\",\"src\":\"\\\/image\\\/Babyfotograf_-_Melanie_Melcher-56.jpg\",\"sizes\":{\"thumb\":\"https:\\\/\\\/www.melanie-melcher.de\\\/wp-content\\\/grand-media\\\/image\\\/thumb\\\/Babyfotograf_-_Melanie_Melcher-56.jpg\",\"full\":\"https:\\\/\\\/www.melanie-melcher.de\\\/wp-content\\\/grand-media\\\/image\\\/Babyfotograf_-_Melanie_Melcher-56.jpg\"},\"title\":\"Babyfotograf - Melanie Melcher-56\",\"alt\":\"Babyfotograf - Melanie Melcher-56\",\"caption\":\"\",\"url\":\"\",\"post_link\":\"https:\\\/\\\/www.melanie-melcher.de\\\/index.php\\\/gmedia\\\/babyfotograf_-_melanie_melcher-56-jpg\\\/\",\"cc\":0,\"views\":22,\"likes\":1,\"width\":533,\"height\":800},{\"id\":\"2485\",\"type\":\"image\",\"ext\":\"jpg\",\"src\":\"\\\/image\\\/Babyfotograf_-_Melanie_Melcher-27.jpg\",\"sizes\":{\"thumb\":\"https:\\\/\\\/www.melanie-melcher.de\\\/wp-content\\\/grand-media\\\/image\\\/thumb\\\/Babyfotograf_-_Melanie_Melcher-27.jpg\",\"full\":\"https:\\\/\\\/www.melanie-melcher.de\\\/wp-content\\\/grand-media\\\/image\\\/Babyfotograf_-_Melanie_Melcher-27.jpg\"},\"title\":\"Babyfotograf - Melanie Melcher-27\",\"alt\":\"Babyfotograf - Melanie Melcher-27\",\"caption\":\"\",\"url\":\"\",\"post_link\":\"https:\\\/\\\/www.melanie-melcher.de\\\/index.php\\\/gmedia\\\/babyfotograf_-_melanie_melcher-27-jpg\\\/\",\"cc\":0,\"views\":17,\"likes\":1,\"width\":533,\"height\":800},{\"id\":\"2507\",\"type\":\"image\",\"ext\":\"jpg\",\"src\":\"\\\/image\\\/Babyfotograf_-_Melanie_Melcher-49.jpg\",\"sizes\":{\"thumb\":\"https:\\\/\\\/www.melanie-melcher.de\\\/wp-content\\\/grand-media\\\/image\\\/thumb\\\/Babyfotograf_-_Melanie_Melcher-49.jpg\",\"full\":\"https:\\\/\\\/www.melanie-melcher.de\\\/wp-content\\\/grand-media\\\/image\\\/Babyfotograf_-_Melanie_Melcher-49.jpg\"},\"title\":\"Babyfotograf - Melanie Melcher-49\",\"alt\":\"Babyfotograf - Melanie Melcher-49\",\"caption\":\"\",\"url\":\"\",\"post_link\":\"https:\\\/\\\/www.melanie-melcher.de\\\/index.php\\\/gmedia\\\/babyfotograf_-_melanie_melcher-49-jpg\\\/\",\"cc\":0,\"views\":17,\"likes\":0,\"width\":533,\"height\":800},{\"id\":\"2504\",\"type\":\"image\",\"ext\":\"jpg\",\"src\":\"\\\/image\\\/Babyfotograf_-_Melanie_Melcher-46.jpg\",\"sizes\":{\"thumb\":\"https:\\\/\\\/www.melanie-melcher.de\\\/wp-content\\\/grand-media\\\/image\\\/thumb\\\/Babyfotograf_-_Melanie_Melcher-46.jpg\",\"full\":\"https:\\\/\\\/www.melanie-melcher.de\\\/wp-content\\\/grand-media\\\/image\\\/Babyfotograf_-_Melanie_Melcher-46.jpg\"},\"title\":\"Babyfotograf - Melanie Melcher-46\",\"alt\":\"Babyfotograf - Melanie Melcher-46\",\"caption\":\"\",\"url\":\"\",\"post_link\":\"https:\\\/\\\/www.melanie-melcher.de\\\/index.php\\\/gmedia\\\/babyfotograf_-_melanie_melcher-46-jpg\\\/\",\"cc\":0,\"views\":22,\"likes\":1,\"width\":533,\"height\":800},{\"id\":\"2522\",\"type\":\"image\",\"ext\":\"jpg\",\"src\":\"\\\/image\\\/Babyfotograf_-_Melanie_Melcher-64.jpg\",\"sizes\":{\"thumb\":\"https:\\\/\\\/www.melanie-melcher.de\\\/wp-content\\\/grand-media\\\/image\\\/thumb\\\/Babyfotograf_-_Melanie_Melcher-64.jpg\",\"full\":\"https:\\\/\\\/www.melanie-melcher.de\\\/wp-content\\\/grand-media\\\/image\\\/Babyfotograf_-_Melanie_Melcher-64.jpg\"},\"title\":\"Babyfotograf - Melanie Melcher-64\",\"alt\":\"Babyfotograf - Melanie Melcher-64\",\"caption\":\"\",\"url\":\"\",\"post_link\":\"https:\\\/\\\/www.melanie-melcher.de\\\/index.php\\\/gmedia\\\/babyfotograf_-_melanie_melcher-64-jpg\\\/\",\"cc\":0,\"views\":17,\"likes\":1,\"width\":533,\"height\":800},{\"id\":\"2520\",\"type\":\"image\",\"ext\":\"jpg\",\"src\":\"\\\/image\\\/Babyfotograf_-_Melanie_Melcher-62.jpg\",\"sizes\":{\"thumb\":\"https:\\\/\\\/www.melanie-melcher.de\\\/wp-content\\\/grand-media\\\/image\\\/thumb\\\/Babyfotograf_-_Melanie_Melcher-62.jpg\",\"full\":\"https:\\\/\\\/www.melanie-melcher.de\\\/wp-content\\\/grand-media\\\/image\\\/Babyfotograf_-_Melanie_Melcher-62.jpg\"},\"title\":\"Babyfotograf - Melanie Melcher-62\",\"alt\":\"Babyfotograf - Melanie Melcher-62\",\"caption\":\"\",\"url\":\"\",\"post_link\":\"https:\\\/\\\/www.melanie-melcher.de\\\/index.php\\\/gmedia\\\/babyfotograf_-_melanie_melcher-62-jpg\\\/\",\"cc\":0,\"views\":21,\"likes\":1,\"width\":533,\"height\":800},{\"id\":\"2523\",\"type\":\"image\",\"ext\":\"jpg\",\"src\":\"\\\/image\\\/Babyfotograf_-_Melanie_Melcher-65.jpg\",\"sizes\":{\"thumb\":\"https:\\\/\\\/www.melanie-melcher.de\\\/wp-content\\\/grand-media\\\/image\\\/thumb\\\/Babyfotograf_-_Melanie_Melcher-65.jpg\",\"full\":\"https:\\\/\\\/www.melanie-melcher.de\\\/wp-content\\\/grand-media\\\/image\\\/Babyfotograf_-_Melanie_Melcher-65.jpg\"},\"title\":\"Babyfotograf - Melanie Melcher-65\",\"alt\":\"Babyfotograf - Melanie Melcher-65\",\"caption\":\"\",\"url\":\"\",\"post_link\":\"https:\\\/\\\/www.melanie-melcher.de\\\/index.php\\\/gmedia\\\/babyfotograf_-_melanie_melcher-65-jpg\\\/\",\"cc\":0,\"views\":21,\"likes\":0,\"width\":800,\"height\":533},{\"id\":\"2543\",\"type\":\"image\",\"ext\":\"jpg\",\"src\":\"\\\/image\\\/Babyfotograf_-_Melanie_Melcher-85.jpg\",\"sizes\":{\"thumb\":\"https:\\\/\\\/www.melanie-melcher.de\\\/wp-content\\\/grand-media\\\/image\\\/thumb\\\/Babyfotograf_-_Melanie_Melcher-85.jpg\",\"full\":\"https:\\\/\\\/www.melanie-melcher.de\\\/wp-content\\\/grand-media\\\/image\\\/Babyfotograf_-_Melanie_Melcher-85.jpg\"},\"title\":\"Babyfotograf - Melanie Melcher-85\",\"alt\":\"Babyfotograf - Melanie Melcher-85\",\"caption\":\"\",\"url\":\"\",\"post_link\":\"https:\\\/\\\/www.melanie-melcher.de\\\/index.php\\\/gmedia\\\/babyfotograf_-_melanie_melcher-85-jpg\\\/\",\"cc\":0,\"views\":21,\"likes\":1,\"width\":800,\"height\":533},{\"id\":\"2500\",\"type\":\"image\",\"ext\":\"jpg\",\"src\":\"\\\/image\\\/Babyfotograf_-_Melanie_Melcher-42.jpg\",\"sizes\":{\"thumb\":\"https:\\\/\\\/www.melanie-melcher.de\\\/wp-content\\\/grand-media\\\/image\\\/thumb\\\/Babyfotograf_-_Melanie_Melcher-42.jpg\",\"full\":\"https:\\\/\\\/www.melanie-melcher.de\\\/wp-content\\\/grand-media\\\/image\\\/Babyfotograf_-_Melanie_Melcher-42.jpg\"},\"title\":\"Babyfotograf - Melanie Melcher-42\",\"alt\":\"Babyfotograf - Melanie Melcher-42\",\"caption\":\"\",\"url\":\"\",\"post_link\":\"https:\\\/\\\/www.melanie-melcher.de\\\/index.php\\\/gmedia\\\/babyfotograf_-_melanie_melcher-42-jpg\\\/\",\"cc\":0,\"views\":28,\"likes\":0,\"width\":533,\"height\":800},{\"id\":\"2505\",\"type\":\"image\",\"ext\":\"jpg\",\"src\":\"\\\/image\\\/Babyfotograf_-_Melanie_Melcher-47.jpg\",\"sizes\":{\"thumb\":\"https:\\\/\\\/www.melanie-melcher.de\\\/wp-content\\\/grand-media\\\/image\\\/thumb\\\/Babyfotograf_-_Melanie_Melcher-47.jpg\",\"full\":\"https:\\\/\\\/www.melanie-melcher.de\\\/wp-content\\\/grand-media\\\/image\\\/Babyfotograf_-_Melanie_Melcher-47.jpg\"},\"title\":\"Babyfotograf - Melanie Melcher-47\",\"alt\":\"Babyfotograf - Melanie Melcher-47\",\"caption\":\"\",\"url\":\"\",\"post_link\":\"https:\\\/\\\/www.melanie-melcher.de\\\/index.php\\\/gmedia\\\/babyfotograf_-_melanie_melcher-47-jpg\\\/\",\"cc\":0,\"views\":19,\"likes\":0,\"width\":533,\"height\":800},{\"id\":\"2502\",\"type\":\"image\",\"ext\":\"jpg\",\"src\":\"\\\/image\\\/Babyfotograf_-_Melanie_Melcher-44.jpg\",\"sizes\":{\"thumb\":\"https:\\\/\\\/www.melanie-melcher.de\\\/wp-content\\\/grand-media\\\/image\\\/thumb\\\/Babyfotograf_-_Melanie_Melcher-44.jpg\",\"full\":\"https:\\\/\\\/www.melanie-melcher.de\\\/wp-content\\\/grand-media\\\/image\\\/Babyfotograf_-_Melanie_Melcher-44.jpg\"},\"title\":\"Babyfotograf - Melanie Melcher-44\",\"alt\":\"Babyfotograf - Melanie Melcher-44\",\"caption\":\"\",\"url\":\"\",\"post_link\":\"https:\\\/\\\/www.melanie-melcher.de\\\/index.php\\\/gmedia\\\/babyfotograf_-_melanie_melcher-44-jpg\\\/\",\"cc\":0,\"views\":21,\"likes\":1,\"width\":800,\"height\":533},{\"id\":\"2525\",\"type\":\"image\",\"ext\":\"jpg\",\"src\":\"\\\/image\\\/Babyfotograf_-_Melanie_Melcher-67.jpg\",\"sizes\":{\"thumb\":\"https:\\\/\\\/www.melanie-melcher.de\\\/wp-content\\\/grand-media\\\/image\\\/thumb\\\/Babyfotograf_-_Melanie_Melcher-67.jpg\",\"full\":\"https:\\\/\\\/www.melanie-melcher.de\\\/wp-content\\\/grand-media\\\/image\\\/Babyfotograf_-_Melanie_Melcher-67.jpg\"},\"title\":\"Babyfotograf - Melanie Melcher-67\",\"alt\":\"Babyfotograf - Melanie Melcher-67\",\"caption\":\"\",\"url\":\"\",\"post_link\":\"https:\\\/\\\/www.melanie-melcher.de\\\/index.php\\\/gmedia\\\/babyfotograf_-_melanie_melcher-67-jpg\\\/\",\"cc\":0,\"views\":22,\"likes\":1,\"width\":533,\"height\":800},{\"id\":\"2486\",\"type\":\"image\",\"ext\":\"jpg\",\"src\":\"\\\/image\\\/Babyfotograf_-_Melanie_Melcher-28.jpg\",\"sizes\":{\"thumb\":\"https:\\\/\\\/www.melanie-melcher.de\\\/wp-content\\\/grand-media\\\/image\\\/thumb\\\/Babyfotograf_-_Melanie_Melcher-28.jpg\",\"full\":\"https:\\\/\\\/www.melanie-melcher.de\\\/wp-content\\\/grand-media\\\/image\\\/Babyfotograf_-_Melanie_Melcher-28.jpg\"},\"title\":\"Babyfotograf - Melanie Melcher-28\",\"alt\":\"Babyfotograf - Melanie Melcher-28\",\"caption\":\"\",\"url\":\"\",\"post_link\":\"https:\\\/\\\/www.melanie-melcher.de\\\/index.php\\\/gmedia\\\/babyfotograf_-_melanie_melcher-28-jpg\\\/\",\"cc\":0,\"views\":23,\"likes\":1,\"width\":533,\"height\":800},{\"id\":\"2497\",\"type\":\"image\",\"ext\":\"jpg\",\"src\":\"\\\/image\\\/Babyfotograf_-_Melanie_Melcher-39.jpg\",\"sizes\":{\"thumb\":\"https:\\\/\\\/www.melanie-melcher.de\\\/wp-content\\\/grand-media\\\/image\\\/thumb\\\/Babyfotograf_-_Melanie_Melcher-39.jpg\",\"full\":\"https:\\\/\\\/www.melanie-melcher.de\\\/wp-content\\\/grand-media\\\/image\\\/Babyfotograf_-_Melanie_Melcher-39.jpg\"},\"title\":\"Babyfotograf - Melanie Melcher-39\",\"alt\":\"Babyfotograf - Melanie Melcher-39\",\"caption\":\"\",\"url\":\"\",\"post_link\":\"https:\\\/\\\/www.melanie-melcher.de\\\/index.php\\\/gmedia\\\/babyfotograf_-_melanie_melcher-39-jpg\\\/\",\"cc\":0,\"views\":19,\"likes\":0,\"width\":800,\"height\":533},{\"id\":\"2465\",\"type\":\"image\",\"ext\":\"jpg\",\"src\":\"\\\/image\\\/Babyfotograf_-_Melanie_Melcher-7.jpg\",\"sizes\":{\"thumb\":\"https:\\\/\\\/www.melanie-melcher.de\\\/wp-content\\\/grand-media\\\/image\\\/thumb\\\/Babyfotograf_-_Melanie_Melcher-7.jpg\",\"full\":\"https:\\\/\\\/www.melanie-melcher.de\\\/wp-content\\\/grand-media\\\/image\\\/Babyfotograf_-_Melanie_Melcher-7.jpg\"},\"title\":\"Babyfotograf - Melanie Melcher-7\",\"alt\":\"Babyfotograf - Melanie Melcher-7\",\"caption\":\"\",\"url\":\"\",\"post_link\":\"https:\\\/\\\/www.melanie-melcher.de\\\/index.php\\\/gmedia\\\/babyfotograf_-_melanie_melcher-7-jpg\\\/\",\"cc\":0,\"views\":16,\"likes\":1,\"width\":800,\"height\":533},{\"id\":\"2531\",\"type\":\"image\",\"ext\":\"jpg\",\"src\":\"\\\/image\\\/Babyfotograf_-_Melanie_Melcher-73.jpg\",\"sizes\":{\"thumb\":\"https:\\\/\\\/www.melanie-melcher.de\\\/wp-content\\\/grand-media\\\/image\\\/thumb\\\/Babyfotograf_-_Melanie_Melcher-73.jpg\",\"full\":\"https:\\\/\\\/www.melanie-melcher.de\\\/wp-content\\\/grand-media\\\/image\\\/Babyfotograf_-_Melanie_Melcher-73.jpg\"},\"title\":\"Babyfotograf - Melanie Melcher-73\",\"alt\":\"Babyfotograf - Melanie Melcher-73\",\"caption\":\"\",\"url\":\"\",\"post_link\":\"https:\\\/\\\/www.melanie-melcher.de\\\/index.php\\\/gmedia\\\/babyfotograf_-_melanie_melcher-73-jpg\\\/\",\"cc\":0,\"views\":19,\"likes\":1,\"width\":800,\"height\":533},{\"id\":\"2494\",\"type\":\"image\",\"ext\":\"jpg\",\"src\":\"\\\/image\\\/Babyfotograf_-_Melanie_Melcher-36.jpg\",\"sizes\":{\"thumb\":\"https:\\\/\\\/www.melanie-melcher.de\\\/wp-content\\\/grand-media\\\/image\\\/thumb\\\/Babyfotograf_-_Melanie_Melcher-36.jpg\",\"full\":\"https:\\\/\\\/www.melanie-melcher.de\\\/wp-content\\\/grand-media\\\/image\\\/Babyfotograf_-_Melanie_Melcher-36.jpg\"},\"title\":\"Babyfotograf - Melanie Melcher-36\",\"alt\":\"Babyfotograf - Melanie Melcher-36\",\"caption\":\"\",\"url\":\"\",\"post_link\":\"https:\\\/\\\/www.melanie-melcher.de\\\/index.php\\\/gmedia\\\/babyfotograf_-_melanie_melcher-36-jpg\\\/\",\"cc\":0,\"views\":18,\"likes\":1,\"width\":800,\"height\":533},{\"id\":\"2495\",\"type\":\"image\",\"ext\":\"jpg\",\"src\":\"\\\/image\\\/Babyfotograf_-_Melanie_Melcher-37.jpg\",\"sizes\":{\"thumb\":\"https:\\\/\\\/www.melanie-melcher.de\\\/wp-content\\\/grand-media\\\/image\\\/thumb\\\/Babyfotograf_-_Melanie_Melcher-37.jpg\",\"full\":\"https:\\\/\\\/www.melanie-melcher.de\\\/wp-content\\\/grand-media\\\/image\\\/Babyfotograf_-_Melanie_Melcher-37.jpg\"},\"title\":\"Babyfotograf - Melanie Melcher-37\",\"alt\":\"Babyfotograf - Melanie Melcher-37\",\"caption\":\"\",\"url\":\"\",\"post_link\":\"https:\\\/\\\/www.melanie-melcher.de\\\/index.php\\\/gmedia\\\/babyfotograf_-_melanie_melcher-37-jpg\\\/\",\"cc\":0,\"views\":14,\"likes\":0,\"width\":533,\"height\":800},{\"id\":\"2462\",\"type\":\"image\",\"ext\":\"jpg\",\"src\":\"\\\/image\\\/Babyfotograf_-_Melanie_Melcher-4.jpg\",\"sizes\":{\"thumb\":\"https:\\\/\\\/www.melanie-melcher.de\\\/wp-content\\\/grand-media\\\/image\\\/thumb\\\/Babyfotograf_-_Melanie_Melcher-4.jpg\",\"full\":\"https:\\\/\\\/www.melanie-melcher.de\\\/wp-content\\\/grand-media\\\/image\\\/Babyfotograf_-_Melanie_Melcher-4.jpg\"},\"title\":\"Babyfotograf - Melanie Melcher-4\",\"alt\":\"Babyfotograf - Melanie Melcher-4\",\"caption\":\"\",\"url\":\"\",\"post_link\":\"https:\\\/\\\/www.melanie-melcher.de\\\/index.php\\\/gmedia\\\/babyfotograf_-_melanie_melcher-4-jpg\\\/\",\"cc\":0,\"views\":21,\"likes\":1,\"width\":800,\"height\":533},{\"id\":\"2492\",\"type\":\"image\",\"ext\":\"jpg\",\"src\":\"\\\/image\\\/Babyfotograf_-_Melanie_Melcher-34.jpg\",\"sizes\":{\"thumb\":\"https:\\\/\\\/www.melanie-melcher.de\\\/wp-content\\\/grand-media\\\/image\\\/thumb\\\/Babyfotograf_-_Melanie_Melcher-34.jpg\",\"full\":\"https:\\\/\\\/www.melanie-melcher.de\\\/wp-content\\\/grand-media\\\/image\\\/Babyfotograf_-_Melanie_Melcher-34.jpg\"},\"title\":\"Babyfotograf - Melanie Melcher-34\",\"alt\":\"Babyfotograf - Melanie Melcher-34\",\"caption\":\"\",\"url\":\"\",\"post_link\":\"https:\\\/\\\/www.melanie-melcher.de\\\/index.php\\\/gmedia\\\/babyfotograf_-_melanie_melcher-34-jpg\\\/\",\"cc\":0,\"views\":17,\"likes\":0,\"width\":533,\"height\":800},{\"id\":\"2477\",\"type\":\"image\",\"ext\":\"jpg\",\"src\":\"\\\/image\\\/Babyfotograf_-_Melanie_Melcher-19.jpg\",\"sizes\":{\"thumb\":\"https:\\\/\\\/www.melanie-melcher.de\\\/wp-content\\\/grand-media\\\/image\\\/thumb\\\/Babyfotograf_-_Melanie_Melcher-19.jpg\",\"full\":\"https:\\\/\\\/www.melanie-melcher.de\\\/wp-content\\\/grand-media\\\/image\\\/Babyfotograf_-_Melanie_Melcher-19.jpg\"},\"title\":\"Babyfotograf - Melanie Melcher-19\",\"alt\":\"Babyfotograf - Melanie Melcher-19\",\"caption\":\"\",\"url\":\"\",\"post_link\":\"https:\\\/\\\/www.melanie-melcher.de\\\/index.php\\\/gmedia\\\/babyfotograf_-_melanie_melcher-19-jpg\\\/\",\"cc\":0,\"views\":19,\"likes\":1,\"width\":800,\"height\":533},{\"id\":\"2472\",\"type\":\"image\",\"ext\":\"jpg\",\"src\":\"\\\/image\\\/Babyfotograf_-_Melanie_Melcher-14.jpg\",\"sizes\":{\"thumb\":\"https:\\\/\\\/www.melanie-melcher.de\\\/wp-content\\\/grand-media\\\/image\\\/thumb\\\/Babyfotograf_-_Melanie_Melcher-14.jpg\",\"full\":\"https:\\\/\\\/www.melanie-melcher.de\\\/wp-content\\\/grand-media\\\/image\\\/Babyfotograf_-_Melanie_Melcher-14.jpg\"},\"title\":\"Babyfotograf - Melanie Melcher-14\",\"alt\":\"Babyfotograf - Melanie Melcher-14\",\"caption\":\"\",\"url\":\"\",\"post_link\":\"https:\\\/\\\/www.melanie-melcher.de\\\/index.php\\\/gmedia\\\/babyfotograf_-_melanie_melcher-14-jpg\\\/\",\"cc\":0,\"views\":23,\"likes\":0,\"width\":800,\"height\":533},{\"id\":\"2508\",\"type\":\"image\",\"ext\":\"jpg\",\"src\":\"\\\/image\\\/Babyfotograf_-_Melanie_Melcher-50.jpg\",\"sizes\":{\"thumb\":\"https:\\\/\\\/www.melanie-melcher.de\\\/wp-content\\\/grand-media\\\/image\\\/thumb\\\/Babyfotograf_-_Melanie_Melcher-50.jpg\",\"full\":\"https:\\\/\\\/www.melanie-melcher.de\\\/wp-content\\\/grand-media\\\/image\\\/Babyfotograf_-_Melanie_Melcher-50.jpg\"},\"title\":\"Babyfotograf - Melanie Melcher-50\",\"alt\":\"Babyfotograf - Melanie Melcher-50\",\"caption\":\"\",\"url\":\"\",\"post_link\":\"https:\\\/\\\/www.melanie-melcher.de\\\/index.php\\\/gmedia\\\/babyfotograf_-_melanie_melcher-50-jpg\\\/\",\"cc\":0,\"views\":20,\"likes\":0,\"width\":800,\"height\":533},{\"id\":\"2530\",\"type\":\"image\",\"ext\":\"jpg\",\"src\":\"\\\/image\\\/Babyfotograf_-_Melanie_Melcher-72.jpg\",\"sizes\":{\"thumb\":\"https:\\\/\\\/www.melanie-melcher.de\\\/wp-content\\\/grand-media\\\/image\\\/thumb\\\/Babyfotograf_-_Melanie_Melcher-72.jpg\",\"full\":\"https:\\\/\\\/www.melanie-melcher.de\\\/wp-content\\\/grand-media\\\/image\\\/Babyfotograf_-_Melanie_Melcher-72.jpg\"},\"title\":\"Babyfotograf - Melanie Melcher-72\",\"alt\":\"Babyfotograf - Melanie Melcher-72\",\"caption\":\"\",\"url\":\"\",\"post_link\":\"https:\\\/\\\/www.melanie-melcher.de\\\/index.php\\\/gmedia\\\/babyfotograf_-_melanie_melcher-72-jpg\\\/\",\"cc\":0,\"views\":24,\"likes\":0,\"width\":800,\"height\":533},{\"id\":\"2484\",\"type\":\"image\",\"ext\":\"jpg\",\"src\":\"\\\/image\\\/Babyfotograf_-_Melanie_Melcher-26.jpg\",\"sizes\":{\"thumb\":\"https:\\\/\\\/www.melanie-melcher.de\\\/wp-content\\\/grand-media\\\/image\\\/thumb\\\/Babyfotograf_-_Melanie_Melcher-26.jpg\",\"full\":\"https:\\\/\\\/www.melanie-melcher.de\\\/wp-content\\\/grand-media\\\/image\\\/Babyfotograf_-_Melanie_Melcher-26.jpg\"},\"title\":\"Babyfotograf - Melanie Melcher-26\",\"alt\":\"Babyfotograf - Melanie Melcher-26\",\"caption\":\"\",\"url\":\"\",\"post_link\":\"https:\\\/\\\/www.melanie-melcher.de\\\/index.php\\\/gmedia\\\/babyfotograf_-_melanie_melcher-26-jpg\\\/\",\"cc\":0,\"views\":25,\"likes\":0,\"width\":533,\"height\":800},{\"id\":\"2528\",\"type\":\"image\",\"ext\":\"jpg\",\"src\":\"\\\/image\\\/Babyfotograf_-_Melanie_Melcher-70.jpg\",\"sizes\":{\"thumb\":\"https:\\\/\\\/www.melanie-melcher.de\\\/wp-content\\\/grand-media\\\/image\\\/thumb\\\/Babyfotograf_-_Melanie_Melcher-70.jpg\",\"full\":\"https:\\\/\\\/www.melanie-melcher.de\\\/wp-content\\\/grand-media\\\/image\\\/Babyfotograf_-_Melanie_Melcher-70.jpg\"},\"title\":\"Babyfotograf - Melanie Melcher-70\",\"alt\":\"Babyfotograf - Melanie Melcher-70\",\"caption\":\"\",\"url\":\"\",\"post_link\":\"https:\\\/\\\/www.melanie-melcher.de\\\/index.php\\\/gmedia\\\/babyfotograf_-_melanie_melcher-70-jpg\\\/\",\"cc\":0,\"views\":21,\"likes\":0,\"width\":533,\"height\":800},{\"id\":\"2527\",\"type\":\"image\",\"ext\":\"jpg\",\"src\":\"\\\/image\\\/Babyfotograf_-_Melanie_Melcher-69.jpg\",\"sizes\":{\"thumb\":\"https:\\\/\\\/www.melanie-melcher.de\\\/wp-content\\\/grand-media\\\/image\\\/thumb\\\/Babyfotograf_-_Melanie_Melcher-69.jpg\",\"full\":\"https:\\\/\\\/www.melanie-melcher.de\\\/wp-content\\\/grand-media\\\/image\\\/Babyfotograf_-_Melanie_Melcher-69.jpg\"},\"title\":\"Babyfotograf - Melanie Melcher-69\",\"alt\":\"Babyfotograf - Melanie Melcher-69\",\"caption\":\"\",\"url\":\"\",\"post_link\":\"https:\\\/\\\/www.melanie-melcher.de\\\/index.php\\\/gmedia\\\/babyfotograf_-_melanie_melcher-69-jpg\\\/\",\"cc\":0,\"views\":24,\"likes\":1,\"width\":533,\"height\":800},{\"id\":\"2533\",\"type\":\"image\",\"ext\":\"jpg\",\"src\":\"\\\/image\\\/Babyfotograf_-_Melanie_Melcher-75.jpg\",\"sizes\":{\"thumb\":\"https:\\\/\\\/www.melanie-melcher.de\\\/wp-content\\\/grand-media\\\/image\\\/thumb\\\/Babyfotograf_-_Melanie_Melcher-75.jpg\",\"full\":\"https:\\\/\\\/www.melanie-melcher.de\\\/wp-content\\\/grand-media\\\/image\\\/Babyfotograf_-_Melanie_Melcher-75.jpg\"},\"title\":\"Babyfotograf - Melanie Melcher-75\",\"alt\":\"Babyfotograf - Melanie Melcher-75\",\"caption\":\"\",\"url\":\"\",\"post_link\":\"https:\\\/\\\/www.melanie-melcher.de\\\/index.php\\\/gmedia\\\/babyfotograf_-_melanie_melcher-75-jpg\\\/\",\"cc\":0,\"views\":23,\"likes\":0,\"width\":800,\"height\":533},{\"id\":\"2511\",\"type\":\"image\",\"ext\":\"jpg\",\"src\":\"\\\/image\\\/Babyfotograf_-_Melanie_Melcher-53.jpg\",\"sizes\":{\"thumb\":\"https:\\\/\\\/www.melanie-melcher.de\\\/wp-content\\\/grand-media\\\/image\\\/thumb\\\/Babyfotograf_-_Melanie_Melcher-53.jpg\",\"full\":\"https:\\\/\\\/www.melanie-melcher.de\\\/wp-content\\\/grand-media\\\/image\\\/Babyfotograf_-_Melanie_Melcher-53.jpg\"},\"title\":\"Babyfotograf - Melanie Melcher-53\",\"alt\":\"Babyfotograf - Melanie Melcher-53\",\"caption\":\"\",\"url\":\"\",\"post_link\":\"https:\\\/\\\/www.melanie-melcher.de\\\/index.php\\\/gmedia\\\/babyfotograf_-_melanie_melcher-53-jpg\\\/\",\"cc\":0,\"views\":17,\"likes\":0,\"width\":533,\"height\":800},{\"id\":\"2466\",\"type\":\"image\",\"ext\":\"jpg\",\"src\":\"\\\/image\\\/Babyfotograf_-_Melanie_Melcher-8.jpg\",\"sizes\":{\"thumb\":\"https:\\\/\\\/www.melanie-melcher.de\\\/wp-content\\\/grand-media\\\/image\\\/thumb\\\/Babyfotograf_-_Melanie_Melcher-8.jpg\",\"full\":\"https:\\\/\\\/www.melanie-melcher.de\\\/wp-content\\\/grand-media\\\/image\\\/Babyfotograf_-_Melanie_Melcher-8.jpg\"},\"title\":\"Babyfotograf - Melanie Melcher-8\",\"alt\":\"Babyfotograf - Melanie Melcher-8\",\"caption\":\"\",\"url\":\"\",\"post_link\":\"https:\\\/\\\/www.melanie-melcher.de\\\/index.php\\\/gmedia\\\/babyfotograf_-_melanie_melcher-8-jpg\\\/\",\"cc\":0,\"views\":21,\"likes\":1,\"width\":800,\"height\":533},{\"id\":\"2532\",\"type\":\"image\",\"ext\":\"jpg\",\"src\":\"\\\/image\\\/Babyfotograf_-_Melanie_Melcher-74.jpg\",\"sizes\":{\"thumb\":\"https:\\\/\\\/www.melanie-melcher.de\\\/wp-content\\\/grand-media\\\/image\\\/thumb\\\/Babyfotograf_-_Melanie_Melcher-74.jpg\",\"full\":\"https:\\\/\\\/www.melanie-melcher.de\\\/wp-content\\\/grand-media\\\/image\\\/Babyfotograf_-_Melanie_Melcher-74.jpg\"},\"title\":\"Babyfotograf - Melanie Melcher-74\",\"alt\":\"Babyfotograf - Melanie Melcher-74\",\"caption\":\"\",\"url\":\"\",\"post_link\":\"https:\\\/\\\/www.melanie-melcher.de\\\/index.php\\\/gmedia\\\/babyfotograf_-_melanie_melcher-74-jpg\\\/\",\"cc\":0,\"views\":22,\"likes\":0,\"width\":800,\"height\":533},{\"id\":\"2535\",\"type\":\"image\",\"ext\":\"jpg\",\"src\":\"\\\/image\\\/Babyfotograf_-_Melanie_Melcher-77.jpg\",\"sizes\":{\"thumb\":\"https:\\\/\\\/www.melanie-melcher.de\\\/wp-content\\\/grand-media\\\/image\\\/thumb\\\/Babyfotograf_-_Melanie_Melcher-77.jpg\",\"full\":\"https:\\\/\\\/www.melanie-melcher.de\\\/wp-content\\\/grand-media\\\/image\\\/Babyfotograf_-_Melanie_Melcher-77.jpg\"},\"title\":\"Babyfotograf - Melanie Melcher-77\",\"alt\":\"Babyfotograf - Melanie Melcher-77\",\"caption\":\"\",\"url\":\"\",\"post_link\":\"https:\\\/\\\/www.melanie-melcher.de\\\/index.php\\\/gmedia\\\/babyfotograf_-_melanie_melcher-77-jpg\\\/\",\"cc\":0,\"views\":24,\"likes\":1,\"width\":800,\"height\":533},{\"id\":\"2493\",\"type\":\"image\",\"ext\":\"jpg\",\"src\":\"\\\/image\\\/Babyfotograf_-_Melanie_Melcher-35.jpg\",\"sizes\":{\"thumb\":\"https:\\\/\\\/www.melanie-melcher.de\\\/wp-content\\\/grand-media\\\/image\\\/thumb\\\/Babyfotograf_-_Melanie_Melcher-35.jpg\",\"full\":\"https:\\\/\\\/www.melanie-melcher.de\\\/wp-content\\\/grand-media\\\/image\\\/Babyfotograf_-_Melanie_Melcher-35.jpg\"},\"title\":\"Babyfotograf - Melanie Melcher-35\",\"alt\":\"Babyfotograf - Melanie Melcher-35\",\"caption\":\"\",\"url\":\"\",\"post_link\":\"https:\\\/\\\/www.melanie-melcher.de\\\/index.php\\\/gmedia\\\/babyfotograf_-_melanie_melcher-35-jpg\\\/\",\"cc\":0,\"views\":21,\"likes\":1,\"width\":800,\"height\":533},{\"id\":\"2467\",\"type\":\"image\",\"ext\":\"jpg\",\"src\":\"\\\/image\\\/Babyfotograf_-_Melanie_Melcher-9.jpg\",\"sizes\":{\"thumb\":\"https:\\\/\\\/www.melanie-melcher.de\\\/wp-content\\\/grand-media\\\/image\\\/thumb\\\/Babyfotograf_-_Melanie_Melcher-9.jpg\",\"full\":\"https:\\\/\\\/www.melanie-melcher.de\\\/wp-content\\\/grand-media\\\/image\\\/Babyfotograf_-_Melanie_Melcher-9.jpg\"},\"title\":\"Babyfotograf - Melanie Melcher-9\",\"alt\":\"Babyfotograf - Melanie Melcher-9\",\"caption\":\"\",\"url\":\"\",\"post_link\":\"https:\\\/\\\/www.melanie-melcher.de\\\/index.php\\\/gmedia\\\/babyfotograf_-_melanie_melcher-9-jpg\\\/\",\"cc\":0,\"views\":17,\"likes\":0,\"width\":800,\"height\":533},{\"id\":\"2537\",\"type\":\"image\",\"ext\":\"jpg\",\"src\":\"\\\/image\\\/Babyfotograf_-_Melanie_Melcher-79.jpg\",\"sizes\":{\"thumb\":\"https:\\\/\\\/www.melanie-melcher.de\\\/wp-content\\\/grand-media\\\/image\\\/thumb\\\/Babyfotograf_-_Melanie_Melcher-79.jpg\",\"full\":\"https:\\\/\\\/www.melanie-melcher.de\\\/wp-content\\\/grand-media\\\/image\\\/Babyfotograf_-_Melanie_Melcher-79.jpg\"},\"title\":\"Babyfotograf - Melanie Melcher-79\",\"alt\":\"Babyfotograf - Melanie Melcher-79\",\"caption\":\"\",\"url\":\"\",\"post_link\":\"https:\\\/\\\/www.melanie-melcher.de\\\/index.php\\\/gmedia\\\/babyfotograf_-_melanie_melcher-79-jpg\\\/\",\"cc\":0,\"views\":17,\"likes\":1,\"width\":800,\"height\":533},{\"id\":\"2510\",\"type\":\"image\",\"ext\":\"jpg\",\"src\":\"\\\/image\\\/Babyfotograf_-_Melanie_Melcher-52.jpg\",\"sizes\":{\"thumb\":\"https:\\\/\\\/www.melanie-melcher.de\\\/wp-content\\\/grand-media\\\/image\\\/thumb\\\/Babyfotograf_-_Melanie_Melcher-52.jpg\",\"full\":\"https:\\\/\\\/www.melanie-melcher.de\\\/wp-content\\\/grand-media\\\/image\\\/Babyfotograf_-_Melanie_Melcher-52.jpg\"},\"title\":\"Babyfotograf - Melanie Melcher-52\",\"alt\":\"Babyfotograf - Melanie Melcher-52\",\"caption\":\"\",\"url\":\"\",\"post_link\":\"https:\\\/\\\/www.melanie-melcher.de\\\/index.php\\\/gmedia\\\/babyfotograf_-_melanie_melcher-52-jpg\\\/\",\"cc\":0,\"views\":18,\"likes\":0,\"width\":533,\"height\":800},{\"id\":\"2479\",\"type\":\"image\",\"ext\":\"jpg\",\"src\":\"\\\/image\\\/Babyfotograf_-_Melanie_Melcher-21.jpg\",\"sizes\":{\"thumb\":\"https:\\\/\\\/www.melanie-melcher.de\\\/wp-content\\\/grand-media\\\/image\\\/thumb\\\/Babyfotograf_-_Melanie_Melcher-21.jpg\",\"full\":\"https:\\\/\\\/www.melanie-melcher.de\\\/wp-content\\\/grand-media\\\/image\\\/Babyfotograf_-_Melanie_Melcher-21.jpg\"},\"title\":\"Babyfotograf - Melanie Melcher-21\",\"alt\":\"Babyfotograf - Melanie Melcher-21\",\"caption\":\"\",\"url\":\"\",\"post_link\":\"https:\\\/\\\/www.melanie-melcher.de\\\/index.php\\\/gmedia\\\/babyfotograf_-_melanie_melcher-21-jpg\\\/\",\"cc\":0,\"views\":18,\"likes\":1,\"width\":800,\"height\":533},{\"id\":\"2499\",\"type\":\"image\",\"ext\":\"jpg\",\"src\":\"\\\/image\\\/Babyfotograf_-_Melanie_Melcher-41.jpg\",\"sizes\":{\"thumb\":\"https:\\\/\\\/www.melanie-melcher.de\\\/wp-content\\\/grand-media\\\/image\\\/thumb\\\/Babyfotograf_-_Melanie_Melcher-41.jpg\",\"full\":\"https:\\\/\\\/www.melanie-melcher.de\\\/wp-content\\\/grand-media\\\/image\\\/Babyfotograf_-_Melanie_Melcher-41.jpg\"},\"title\":\"Babyfotograf - Melanie Melcher-41\",\"alt\":\"Babyfotograf - Melanie Melcher-41\",\"caption\":\"\",\"url\":\"\",\"post_link\":\"https:\\\/\\\/www.melanie-melcher.de\\\/index.php\\\/gmedia\\\/babyfotograf_-_melanie_melcher-41-jpg\\\/\",\"cc\":0,\"views\":19,\"likes\":0,\"width\":533,\"height\":800},{\"id\":\"2503\",\"type\":\"image\",\"ext\":\"jpg\",\"src\":\"\\\/image\\\/Babyfotograf_-_Melanie_Melcher-45.jpg\",\"sizes\":{\"thumb\":\"https:\\\/\\\/www.melanie-melcher.de\\\/wp-content\\\/grand-media\\\/image\\\/thumb\\\/Babyfotograf_-_Melanie_Melcher-45.jpg\",\"full\":\"https:\\\/\\\/www.melanie-melcher.de\\\/wp-content\\\/grand-media\\\/image\\\/Babyfotograf_-_Melanie_Melcher-45.jpg\"},\"title\":\"Babyfotograf - Melanie Melcher-45\",\"alt\":\"Babyfotograf - Melanie Melcher-45\",\"caption\":\"\",\"url\":\"\",\"post_link\":\"https:\\\/\\\/www.melanie-melcher.de\\\/index.php\\\/gmedia\\\/babyfotograf_-_melanie_melcher-45-jpg\\\/\",\"cc\":0,\"views\":22,\"likes\":1,\"width\":533,\"height\":800},{\"id\":\"2524\",\"type\":\"image\",\"ext\":\"jpg\",\"src\":\"\\\/image\\\/Babyfotograf_-_Melanie_Melcher-66.jpg\",\"sizes\":{\"thumb\":\"https:\\\/\\\/www.melanie-melcher.de\\\/wp-content\\\/grand-media\\\/image\\\/thumb\\\/Babyfotograf_-_Melanie_Melcher-66.jpg\",\"full\":\"https:\\\/\\\/www.melanie-melcher.de\\\/wp-content\\\/grand-media\\\/image\\\/Babyfotograf_-_Melanie_Melcher-66.jpg\"},\"title\":\"Babyfotograf - Melanie Melcher-66\",\"alt\":\"Babyfotograf - Melanie Melcher-66\",\"caption\":\"\",\"url\":\"\",\"post_link\":\"https:\\\/\\\/www.melanie-melcher.de\\\/index.php\\\/gmedia\\\/babyfotograf_-_melanie_melcher-66-jpg\\\/\",\"cc\":0,\"views\":24,\"likes\":0,\"width\":533,\"height\":800},{\"id\":\"2501\",\"type\":\"image\",\"ext\":\"jpg\",\"src\":\"\\\/image\\\/Babyfotograf_-_Melanie_Melcher-43.jpg\",\"sizes\":{\"thumb\":\"https:\\\/\\\/www.melanie-melcher.de\\\/wp-content\\\/grand-media\\\/image\\\/thumb\\\/Babyfotograf_-_Melanie_Melcher-43.jpg\",\"full\":\"https:\\\/\\\/www.melanie-melcher.de\\\/wp-content\\\/grand-media\\\/image\\\/Babyfotograf_-_Melanie_Melcher-43.jpg\"},\"title\":\"Babyfotograf - Melanie Melcher-43\",\"alt\":\"Babyfotograf - Melanie Melcher-43\",\"caption\":\"\",\"url\":\"\",\"post_link\":\"https:\\\/\\\/www.melanie-melcher.de\\\/index.php\\\/gmedia\\\/babyfotograf_-_melanie_melcher-43-jpg\\\/\",\"cc\":0,\"views\":19,\"likes\":0,\"width\":533,\"height\":800},{\"id\":\"2536\",\"type\":\"image\",\"ext\":\"jpg\",\"src\":\"\\\/image\\\/Babyfotograf_-_Melanie_Melcher-78.jpg\",\"sizes\":{\"thumb\":\"https:\\\/\\\/www.melanie-melcher.de\\\/wp-content\\\/grand-media\\\/image\\\/thumb\\\/Babyfotograf_-_Melanie_Melcher-78.jpg\",\"full\":\"https:\\\/\\\/www.melanie-melcher.de\\\/wp-content\\\/grand-media\\\/image\\\/Babyfotograf_-_Melanie_Melcher-78.jpg\"},\"title\":\"Babyfotograf - Melanie Melcher-78\",\"alt\":\"Babyfotograf - Melanie Melcher-78\",\"caption\":\"\",\"url\":\"\",\"post_link\":\"https:\\\/\\\/www.melanie-melcher.de\\\/index.php\\\/gmedia\\\/babyfotograf_-_melanie_melcher-78-jpg\\\/\",\"cc\":0,\"views\":15,\"likes\":0,\"width\":800,\"height\":533},{\"id\":\"2541\",\"type\":\"image\",\"ext\":\"jpg\",\"src\":\"\\\/image\\\/Babyfotograf_-_Melanie_Melcher-83.jpg\",\"sizes\":{\"thumb\":\"https:\\\/\\\/www.melanie-melcher.de\\\/wp-content\\\/grand-media\\\/image\\\/thumb\\\/Babyfotograf_-_Melanie_Melcher-83.jpg\",\"full\":\"https:\\\/\\\/www.melanie-melcher.de\\\/wp-content\\\/grand-media\\\/image\\\/Babyfotograf_-_Melanie_Melcher-83.jpg\"},\"title\":\"Babyfotograf - Melanie Melcher-83\",\"alt\":\"Babyfotograf - Melanie Melcher-83\",\"caption\":\"\",\"url\":\"\",\"post_link\":\"https:\\\/\\\/www.melanie-melcher.de\\\/index.php\\\/gmedia\\\/babyfotograf_-_melanie_melcher-83-jpg\\\/\",\"cc\":0,\"views\":24,\"likes\":0,\"width\":800,\"height\":533},{\"id\":\"2475\",\"type\":\"image\",\"ext\":\"jpg\",\"src\":\"\\\/image\\\/Babyfotograf_-_Melanie_Melcher-17.jpg\",\"sizes\":{\"thumb\":\"https:\\\/\\\/www.melanie-melcher.de\\\/wp-content\\\/grand-media\\\/image\\\/thumb\\\/Babyfotograf_-_Melanie_Melcher-17.jpg\",\"full\":\"https:\\\/\\\/www.melanie-melcher.de\\\/wp-content\\\/grand-media\\\/image\\\/Babyfotograf_-_Melanie_Melcher-17.jpg\"},\"title\":\"Babyfotograf - Melanie Melcher-17\",\"alt\":\"Babyfotograf - Melanie Melcher-17\",\"caption\":\"\",\"url\":\"\",\"post_link\":\"https:\\\/\\\/www.melanie-melcher.de\\\/index.php\\\/gmedia\\\/babyfotograf_-_melanie_melcher-17-jpg\\\/\",\"cc\":0,\"views\":17,\"likes\":0,\"width\":533,\"height\":800},{\"id\":\"2490\",\"type\":\"image\",\"ext\":\"jpg\",\"src\":\"\\\/image\\\/Babyfotograf_-_Melanie_Melcher-32.jpg\",\"sizes\":{\"thumb\":\"https:\\\/\\\/www.melanie-melcher.de\\\/wp-content\\\/grand-media\\\/image\\\/thumb\\\/Babyfotograf_-_Melanie_Melcher-32.jpg\",\"full\":\"https:\\\/\\\/www.melanie-melcher.de\\\/wp-content\\\/grand-media\\\/image\\\/Babyfotograf_-_Melanie_Melcher-32.jpg\"},\"title\":\"Babyfotograf - Melanie Melcher-32\",\"alt\":\"Babyfotograf - Melanie Melcher-32\",\"caption\":\"\",\"url\":\"\",\"post_link\":\"https:\\\/\\\/www.melanie-melcher.de\\\/index.php\\\/gmedia\\\/babyfotograf_-_melanie_melcher-32-jpg\\\/\",\"cc\":0,\"views\":16,\"likes\":0,\"width\":533,\"height\":800},{\"id\":\"2526\",\"type\":\"image\",\"ext\":\"jpg\",\"src\":\"\\\/image\\\/Babyfotograf_-_Melanie_Melcher-68.jpg\",\"sizes\":{\"thumb\":\"https:\\\/\\\/www.melanie-melcher.de\\\/wp-content\\\/grand-media\\\/image\\\/thumb\\\/Babyfotograf_-_Melanie_Melcher-68.jpg\",\"full\":\"https:\\\/\\\/www.melanie-melcher.de\\\/wp-content\\\/grand-media\\\/image\\\/Babyfotograf_-_Melanie_Melcher-68.jpg\"},\"title\":\"Babyfotograf - Melanie Melcher-68\",\"alt\":\"Babyfotograf - Melanie Melcher-68\",\"caption\":\"\",\"url\":\"\",\"post_link\":\"https:\\\/\\\/www.melanie-melcher.de\\\/index.php\\\/gmedia\\\/babyfotograf_-_melanie_melcher-68-jpg\\\/\",\"cc\":0,\"views\":14,\"likes\":0,\"width\":533,\"height\":800},{\"id\":\"2482\",\"type\":\"image\",\"ext\":\"jpg\",\"src\":\"\\\/image\\\/Babyfotograf_-_Melanie_Melcher-24.jpg\",\"sizes\":{\"thumb\":\"https:\\\/\\\/www.melanie-melcher.de\\\/wp-content\\\/grand-media\\\/image\\\/thumb\\\/Babyfotograf_-_Melanie_Melcher-24.jpg\",\"full\":\"https:\\\/\\\/www.melanie-melcher.de\\\/wp-content\\\/grand-media\\\/image\\\/Babyfotograf_-_Melanie_Melcher-24.jpg\"},\"title\":\"Babyfotograf - Melanie Melcher-24\",\"alt\":\"Babyfotograf - Melanie Melcher-24\",\"caption\":\"\",\"url\":\"\",\"post_link\":\"https:\\\/\\\/www.melanie-melcher.de\\\/index.php\\\/gmedia\\\/babyfotograf_-_melanie_melcher-24-jpg\\\/\",\"cc\":0,\"views\":24,\"likes\":1,\"width\":533,\"height\":800},{\"id\":\"2488\",\"type\":\"image\",\"ext\":\"jpg\",\"src\":\"\\\/image\\\/Babyfotograf_-_Melanie_Melcher-30.jpg\",\"sizes\":{\"thumb\":\"https:\\\/\\\/www.melanie-melcher.de\\\/wp-content\\\/grand-media\\\/image\\\/thumb\\\/Babyfotograf_-_Melanie_Melcher-30.jpg\",\"full\":\"https:\\\/\\\/www.melanie-melcher.de\\\/wp-content\\\/grand-media\\\/image\\\/Babyfotograf_-_Melanie_Melcher-30.jpg\"},\"title\":\"Babyfotograf - Melanie Melcher-30\",\"alt\":\"Babyfotograf - Melanie Melcher-30\",\"caption\":\"\",\"url\":\"\",\"post_link\":\"https:\\\/\\\/www.melanie-melcher.de\\\/index.php\\\/gmedia\\\/babyfotograf_-_melanie_melcher-30-jpg\\\/\",\"cc\":0,\"views\":20,\"likes\":1,\"width\":533,\"height\":800},{\"id\":\"2474\",\"type\":\"image\",\"ext\":\"jpg\",\"src\":\"\\\/image\\\/Babyfotograf_-_Melanie_Melcher-16.jpg\",\"sizes\":{\"thumb\":\"https:\\\/\\\/www.melanie-melcher.de\\\/wp-content\\\/grand-media\\\/image\\\/thumb\\\/Babyfotograf_-_Melanie_Melcher-16.jpg\",\"full\":\"https:\\\/\\\/www.melanie-melcher.de\\\/wp-content\\\/grand-media\\\/image\\\/Babyfotograf_-_Melanie_Melcher-16.jpg\"},\"title\":\"Babyfotograf - Melanie Melcher-16\",\"alt\":\"Babyfotograf - Melanie Melcher-16\",\"caption\":\"\",\"url\":\"\",\"post_link\":\"https:\\\/\\\/www.melanie-melcher.de\\\/index.php\\\/gmedia\\\/babyfotograf_-_melanie_melcher-16-jpg\\\/\",\"cc\":0,\"views\":25,\"likes\":0,\"width\":533,\"height\":800},{\"id\":\"2471\",\"type\":\"image\",\"ext\":\"jpg\",\"src\":\"\\\/image\\\/Babyfotograf_-_Melanie_Melcher-13.jpg\",\"sizes\":{\"thumb\":\"https:\\\/\\\/www.melanie-melcher.de\\\/wp-content\\\/grand-media\\\/image\\\/thumb\\\/Babyfotograf_-_Melanie_Melcher-13.jpg\",\"full\":\"https:\\\/\\\/www.melanie-melcher.de\\\/wp-content\\\/grand-media\\\/image\\\/Babyfotograf_-_Melanie_Melcher-13.jpg\"},\"title\":\"Babyfotograf - Melanie Melcher-13\",\"alt\":\"Babyfotograf - Melanie Melcher-13\",\"caption\":\"\",\"url\":\"\",\"post_link\":\"https:\\\/\\\/www.melanie-melcher.de\\\/index.php\\\/gmedia\\\/babyfotograf_-_melanie_melcher-13-jpg\\\/\",\"cc\":0,\"views\":17,\"likes\":0,\"width\":800,\"height\":533},{\"id\":\"2518\",\"type\":\"image\",\"ext\":\"jpg\",\"src\":\"\\\/image\\\/Babyfotograf_-_Melanie_Melcher-60.jpg\",\"sizes\":{\"thumb\":\"https:\\\/\\\/www.melanie-melcher.de\\\/wp-content\\\/grand-media\\\/image\\\/thumb\\\/Babyfotograf_-_Melanie_Melcher-60.jpg\",\"full\":\"https:\\\/\\\/www.melanie-melcher.de\\\/wp-content\\\/grand-media\\\/image\\\/Babyfotograf_-_Melanie_Melcher-60.jpg\"},\"title\":\"Babyfotograf - Melanie Melcher-60\",\"alt\":\"Babyfotograf - Melanie Melcher-60\",\"caption\":\"\",\"url\":\"\",\"post_link\":\"https:\\\/\\\/www.melanie-melcher.de\\\/index.php\\\/gmedia\\\/babyfotograf_-_melanie_melcher-60-jpg\\\/\",\"cc\":0,\"views\":17,\"likes\":0,\"width\":533,\"height\":800},{\"id\":\"2470\",\"type\":\"image\",\"ext\":\"jpg\",\"src\":\"\\\/image\\\/Babyfotograf_-_Melanie_Melcher-12.jpg\",\"sizes\":{\"thumb\":\"https:\\\/\\\/www.melanie-melcher.de\\\/wp-content\\\/grand-media\\\/image\\\/thumb\\\/Babyfotograf_-_Melanie_Melcher-12.jpg\",\"full\":\"https:\\\/\\\/www.melanie-melcher.de\\\/wp-content\\\/grand-media\\\/image\\\/Babyfotograf_-_Melanie_Melcher-12.jpg\"},\"title\":\"Babyfotograf - Melanie Melcher-12\",\"alt\":\"Babyfotograf - Melanie Melcher-12\",\"caption\":\"\",\"url\":\"\",\"post_link\":\"https:\\\/\\\/www.melanie-melcher.de\\\/index.php\\\/gmedia\\\/babyfotograf_-_melanie_melcher-12-jpg\\\/\",\"cc\":0,\"views\":26,\"likes\":0,\"width\":533,\"height\":800},{\"id\":\"2509\",\"type\":\"image\",\"ext\":\"jpg\",\"src\":\"\\\/image\\\/Babyfotograf_-_Melanie_Melcher-51.jpg\",\"sizes\":{\"thumb\":\"https:\\\/\\\/www.melanie-melcher.de\\\/wp-content\\\/grand-media\\\/image\\\/thumb\\\/Babyfotograf_-_Melanie_Melcher-51.jpg\",\"full\":\"https:\\\/\\\/www.melanie-melcher.de\\\/wp-content\\\/grand-media\\\/image\\\/Babyfotograf_-_Melanie_Melcher-51.jpg\"},\"title\":\"Babyfotograf - Melanie Melcher-51\",\"alt\":\"Babyfotograf - Melanie Melcher-51\",\"caption\":\"\",\"url\":\"\",\"post_link\":\"https:\\\/\\\/www.melanie-melcher.de\\\/index.php\\\/gmedia\\\/babyfotograf_-_melanie_melcher-51-jpg\\\/\",\"cc\":0,\"views\":22,\"likes\":0,\"width\":800,\"height\":533},{\"id\":\"2506\",\"type\":\"image\",\"ext\":\"jpg\",\"src\":\"\\\/image\\\/Babyfotograf_-_Melanie_Melcher-48.jpg\",\"sizes\":{\"thumb\":\"https:\\\/\\\/www.melanie-melcher.de\\\/wp-content\\\/grand-media\\\/image\\\/thumb\\\/Babyfotograf_-_Melanie_Melcher-48.jpg\",\"full\":\"https:\\\/\\\/www.melanie-melcher.de\\\/wp-content\\\/grand-media\\\/image\\\/Babyfotograf_-_Melanie_Melcher-48.jpg\"},\"title\":\"Babyfotograf - Melanie Melcher-48\",\"alt\":\"Babyfotograf - Melanie Melcher-48\",\"caption\":\"\",\"url\":\"\",\"post_link\":\"https:\\\/\\\/www.melanie-melcher.de\\\/index.php\\\/gmedia\\\/babyfotograf_-_melanie_melcher-48-jpg\\\/\",\"cc\":0,\"views\":25,\"likes\":1,\"width\":533,\"height\":800},{\"id\":\"2540\",\"type\":\"image\",\"ext\":\"jpg\",\"src\":\"\\\/image\\\/Babyfotograf_-_Melanie_Melcher-82.jpg\",\"sizes\":{\"thumb\":\"https:\\\/\\\/www.melanie-melcher.de\\\/wp-content\\\/grand-media\\\/image\\\/thumb\\\/Babyfotograf_-_Melanie_Melcher-82.jpg\",\"full\":\"https:\\\/\\\/www.melanie-melcher.de\\\/wp-content\\\/grand-media\\\/image\\\/Babyfotograf_-_Melanie_Melcher-82.jpg\"},\"title\":\"Babyfotograf - Melanie Melcher-82\",\"alt\":\"Babyfotograf - Melanie Melcher-82\",\"caption\":\"\",\"url\":\"\",\"post_link\":\"https:\\\/\\\/www.melanie-melcher.de\\\/index.php\\\/gmedia\\\/babyfotograf_-_melanie_melcher-82-jpg\\\/\",\"cc\":0,\"views\":17,\"likes\":0,\"width\":800,\"height\":533},{\"id\":\"2542\",\"type\":\"image\",\"ext\":\"jpg\",\"src\":\"\\\/image\\\/Babyfotograf_-_Melanie_Melcher-84.jpg\",\"sizes\":{\"thumb\":\"https:\\\/\\\/www.melanie-melcher.de\\\/wp-content\\\/grand-media\\\/image\\\/thumb\\\/Babyfotograf_-_Melanie_Melcher-84.jpg\",\"full\":\"https:\\\/\\\/www.melanie-melcher.de\\\/wp-content\\\/grand-media\\\/image\\\/Babyfotograf_-_Melanie_Melcher-84.jpg\"},\"title\":\"Babyfotograf - Melanie Melcher-84\",\"alt\":\"Babyfotograf - Melanie Melcher-84\",\"caption\":\"\",\"url\":\"\",\"post_link\":\"https:\\\/\\\/www.melanie-melcher.de\\\/index.php\\\/gmedia\\\/babyfotograf_-_melanie_melcher-84-jpg\\\/\",\"cc\":0,\"views\":22,\"likes\":0,\"width\":800,\"height\":533},{\"id\":\"2515\",\"type\":\"image\",\"ext\":\"jpg\",\"src\":\"\\\/image\\\/Babyfotograf_-_Melanie_Melcher-57.jpg\",\"sizes\":{\"thumb\":\"https:\\\/\\\/www.melanie-melcher.de\\\/wp-content\\\/grand-media\\\/image\\\/thumb\\\/Babyfotograf_-_Melanie_Melcher-57.jpg\",\"full\":\"https:\\\/\\\/www.melanie-melcher.de\\\/wp-content\\\/grand-media\\\/image\\\/Babyfotograf_-_Melanie_Melcher-57.jpg\"},\"title\":\"Babyfotograf - Melanie Melcher-57\",\"alt\":\"Babyfotograf - Melanie Melcher-57\",\"caption\":\"\",\"url\":\"\",\"post_link\":\"https:\\\/\\\/www.melanie-melcher.de\\\/index.php\\\/gmedia\\\/babyfotograf_-_melanie_melcher-57-jpg\\\/\",\"cc\":0,\"views\":20,\"likes\":1,\"width\":800,\"height\":533},{\"id\":\"2544\",\"type\":\"image\",\"ext\":\"jpg\",\"src\":\"\\\/image\\\/Babyfotograf_-_Melanie_Melcher-86.jpg\",\"sizes\":{\"thumb\":\"https:\\\/\\\/www.melanie-melcher.de\\\/wp-content\\\/grand-media\\\/image\\\/thumb\\\/Babyfotograf_-_Melanie_Melcher-86.jpg\",\"full\":\"https:\\\/\\\/www.melanie-melcher.de\\\/wp-content\\\/grand-media\\\/image\\\/Babyfotograf_-_Melanie_Melcher-86.jpg\"},\"title\":\"Babyfotograf - Melanie Melcher-86\",\"alt\":\"Babyfotograf - Melanie Melcher-86\",\"caption\":\"\",\"url\":\"\",\"post_link\":\"https:\\\/\\\/www.melanie-melcher.de\\\/index.php\\\/gmedia\\\/babyfotograf_-_melanie_melcher-86-jpg\\\/\",\"cc\":0,\"views\":29,\"likes\":1,\"width\":800,\"height\":533},{\"id\":\"2517\",\"type\":\"image\",\"ext\":\"jpg\",\"src\":\"\\\/image\\\/Babyfotograf_-_Melanie_Melcher-59.jpg\",\"sizes\":{\"thumb\":\"https:\\\/\\\/www.melanie-melcher.de\\\/wp-content\\\/grand-media\\\/image\\\/thumb\\\/Babyfotograf_-_Melanie_Melcher-59.jpg\",\"full\":\"https:\\\/\\\/www.melanie-melcher.de\\\/wp-content\\\/grand-media\\\/image\\\/Babyfotograf_-_Melanie_Melcher-59.jpg\"},\"title\":\"Babyfotograf - Melanie Melcher-59\",\"alt\":\"Babyfotograf - Melanie Melcher-59\",\"caption\":\"\",\"url\":\"\",\"post_link\":\"https:\\\/\\\/www.melanie-melcher.de\\\/index.php\\\/gmedia\\\/babyfotograf_-_melanie_melcher-59-jpg\\\/\",\"cc\":0,\"views\":16,\"likes\":0,\"width\":533,\"height\":800},{\"id\":\"2491\",\"type\":\"image\",\"ext\":\"jpg\",\"src\":\"\\\/image\\\/Babyfotograf_-_Melanie_Melcher-33.jpg\",\"sizes\":{\"thumb\":\"https:\\\/\\\/www.melanie-melcher.de\\\/wp-content\\\/grand-media\\\/image\\\/thumb\\\/Babyfotograf_-_Melanie_Melcher-33.jpg\",\"full\":\"https:\\\/\\\/www.melanie-melcher.de\\\/wp-content\\\/grand-media\\\/image\\\/Babyfotograf_-_Melanie_Melcher-33.jpg\"},\"title\":\"Babyfotograf - Melanie Melcher-33\",\"alt\":\"Babyfotograf - Melanie Melcher-33\",\"caption\":\"\",\"url\":\"\",\"post_link\":\"https:\\\/\\\/www.melanie-melcher.de\\\/index.php\\\/gmedia\\\/babyfotograf_-_melanie_melcher-33-jpg\\\/\",\"cc\":0,\"views\":17,\"likes\":1,\"width\":533,\"height\":800},{\"id\":\"2516\",\"type\":\"image\",\"ext\":\"jpg\",\"src\":\"\\\/image\\\/Babyfotograf_-_Melanie_Melcher-58.jpg\",\"sizes\":{\"thumb\":\"https:\\\/\\\/www.melanie-melcher.de\\\/wp-content\\\/grand-media\\\/image\\\/thumb\\\/Babyfotograf_-_Melanie_Melcher-58.jpg\",\"full\":\"https:\\\/\\\/www.melanie-melcher.de\\\/wp-content\\\/grand-media\\\/image\\\/Babyfotograf_-_Melanie_Melcher-58.jpg\"},\"title\":\"Babyfotograf - Melanie Melcher-58\",\"alt\":\"Babyfotograf - Melanie Melcher-58\",\"caption\":\"\",\"url\":\"\",\"post_link\":\"https:\\\/\\\/www.melanie-melcher.de\\\/index.php\\\/gmedia\\\/babyfotograf_-_melanie_melcher-58-jpg\\\/\",\"cc\":0,\"views\":22,\"likes\":1,\"width\":533,\"height\":800},{\"id\":\"2512\",\"type\":\"image\",\"ext\":\"jpg\",\"src\":\"\\\/image\\\/Babyfotograf_-_Melanie_Melcher-54.jpg\",\"sizes\":{\"thumb\":\"https:\\\/\\\/www.melanie-melcher.de\\\/wp-content\\\/grand-media\\\/image\\\/thumb\\\/Babyfotograf_-_Melanie_Melcher-54.jpg\",\"full\":\"https:\\\/\\\/www.melanie-melcher.de\\\/wp-content\\\/grand-media\\\/image\\\/Babyfotograf_-_Melanie_Melcher-54.jpg\"},\"title\":\"Babyfotograf - Melanie Melcher-54\",\"alt\":\"Babyfotograf - Melanie Melcher-54\",\"caption\":\"\",\"url\":\"\",\"post_link\":\"https:\\\/\\\/www.melanie-melcher.de\\\/index.php\\\/gmedia\\\/babyfotograf_-_melanie_melcher-54-jpg\\\/\",\"cc\":0,\"views\":18,\"likes\":1,\"width\":800,\"height\":533},{\"id\":\"2460\",\"type\":\"image\",\"ext\":\"jpg\",\"src\":\"\\\/image\\\/Babyfotograf_-_Melanie_Melcher-2.jpg\",\"sizes\":{\"thumb\":\"https:\\\/\\\/www.melanie-melcher.de\\\/wp-content\\\/grand-media\\\/image\\\/thumb\\\/Babyfotograf_-_Melanie_Melcher-2.jpg\",\"full\":\"https:\\\/\\\/www.melanie-melcher.de\\\/wp-content\\\/grand-media\\\/image\\\/Babyfotograf_-_Melanie_Melcher-2.jpg\"},\"title\":\"Babyfotograf - Melanie Melcher-2\",\"alt\":\"Babyfotograf - Melanie Melcher-2\",\"caption\":\"\",\"url\":\"\",\"post_link\":\"https:\\\/\\\/www.melanie-melcher.de\\\/index.php\\\/gmedia\\\/babyfotograf_-_melanie_melcher-2-jpg\\\/\",\"cc\":0,\"views\":20,\"likes\":0,\"width\":800,\"height\":533},{\"id\":\"2498\",\"type\":\"image\",\"ext\":\"jpg\",\"src\":\"\\\/image\\\/Babyfotograf_-_Melanie_Melcher-40.jpg\",\"sizes\":{\"thumb\":\"https:\\\/\\\/www.melanie-melcher.de\\\/wp-content\\\/grand-media\\\/image\\\/thumb\\\/Babyfotograf_-_Melanie_Melcher-40.jpg\",\"full\":\"https:\\\/\\\/www.melanie-melcher.de\\\/wp-content\\\/grand-media\\\/image\\\/Babyfotograf_-_Melanie_Melcher-40.jpg\"},\"title\":\"Babyfotograf - Melanie Melcher-40\",\"alt\":\"Babyfotograf - Melanie Melcher-40\",\"caption\":\"\",\"url\":\"\",\"post_link\":\"https:\\\/\\\/www.melanie-melcher.de\\\/index.php\\\/gmedia\\\/babyfotograf_-_melanie_melcher-40-jpg\\\/\",\"cc\":0,\"views\":21,\"likes\":1,\"width\":533,\"height\":800},{\"id\":\"2496\",\"type\":\"image\",\"ext\":\"jpg\",\"src\":\"\\\/image\\\/Babyfotograf_-_Melanie_Melcher-38.jpg\",\"sizes\":{\"thumb\":\"https:\\\/\\\/www.melanie-melcher.de\\\/wp-content\\\/grand-media\\\/image\\\/thumb\\\/Babyfotograf_-_Melanie_Melcher-38.jpg\",\"full\":\"https:\\\/\\\/www.melanie-melcher.de\\\/wp-content\\\/grand-media\\\/image\\\/Babyfotograf_-_Melanie_Melcher-38.jpg\"},\"title\":\"Babyfotograf - Melanie Melcher-38\",\"alt\":\"Babyfotograf - Melanie Melcher-38\",\"caption\":\"\",\"url\":\"\",\"post_link\":\"https:\\\/\\\/www.melanie-melcher.de\\\/index.php\\\/gmedia\\\/babyfotograf_-_melanie_melcher-38-jpg\\\/\",\"cc\":0,\"views\":22,\"likes\":0,\"width\":800,\"height\":533},{\"id\":\"2480\",\"type\":\"image\",\"ext\":\"jpg\",\"src\":\"\\\/image\\\/Babyfotograf_-_Melanie_Melcher-22.jpg\",\"sizes\":{\"thumb\":\"https:\\\/\\\/www.melanie-melcher.de\\\/wp-content\\\/grand-media\\\/image\\\/thumb\\\/Babyfotograf_-_Melanie_Melcher-22.jpg\",\"full\":\"https:\\\/\\\/www.melanie-melcher.de\\\/wp-content\\\/grand-media\\\/image\\\/Babyfotograf_-_Melanie_Melcher-22.jpg\"},\"title\":\"Babyfotograf - Melanie Melcher-22\",\"alt\":\"Babyfotograf - Melanie Melcher-22\",\"caption\":\"\",\"url\":\"\",\"post_link\":\"https:\\\/\\\/www.melanie-melcher.de\\\/index.php\\\/gmedia\\\/babyfotograf_-_melanie_melcher-22-jpg\\\/\",\"cc\":0,\"views\":23,\"likes\":0,\"width\":800,\"height\":533},{\"id\":\"2538\",\"type\":\"image\",\"ext\":\"jpg\",\"src\":\"\\\/image\\\/Babyfotograf_-_Melanie_Melcher-80.jpg\",\"sizes\":{\"thumb\":\"https:\\\/\\\/www.melanie-melcher.de\\\/wp-content\\\/grand-media\\\/image\\\/thumb\\\/Babyfotograf_-_Melanie_Melcher-80.jpg\",\"full\":\"https:\\\/\\\/www.melanie-melcher.de\\\/wp-content\\\/grand-media\\\/image\\\/Babyfotograf_-_Melanie_Melcher-80.jpg\"},\"title\":\"Babyfotograf - Melanie Melcher-80\",\"alt\":\"Babyfotograf - Melanie Melcher-80\",\"caption\":\"\",\"url\":\"\",\"post_link\":\"https:\\\/\\\/www.melanie-melcher.de\\\/index.php\\\/gmedia\\\/babyfotograf_-_melanie_melcher-80-jpg\\\/\",\"cc\":0,\"views\":23,\"likes\":1,\"width\":800,\"height\":533},{\"id\":\"2513\",\"type\":\"image\",\"ext\":\"jpg\",\"src\":\"\\\/image\\\/Babyfotograf_-_Melanie_Melcher-55.jpg\",\"sizes\":{\"thumb\":\"https:\\\/\\\/www.melanie-melcher.de\\\/wp-content\\\/grand-media\\\/image\\\/thumb\\\/Babyfotograf_-_Melanie_Melcher-55.jpg\",\"full\":\"https:\\\/\\\/www.melanie-melcher.de\\\/wp-content\\\/grand-media\\\/image\\\/Babyfotograf_-_Melanie_Melcher-55.jpg\"},\"title\":\"Babyfotograf - Melanie Melcher-55\",\"alt\":\"Babyfotograf - Melanie Melcher-55\",\"caption\":\"\",\"url\":\"\",\"post_link\":\"https:\\\/\\\/www.melanie-melcher.de\\\/index.php\\\/gmedia\\\/babyfotograf_-_melanie_melcher-55-jpg\\\/\",\"cc\":0,\"views\":18,\"likes\":0,\"width\":800,\"height\":533},{\"id\":\"2478\",\"type\":\"image\",\"ext\":\"jpg\",\"src\":\"\\\/image\\\/Babyfotograf_-_Melanie_Melcher-20.jpg\",\"sizes\":{\"thumb\":\"https:\\\/\\\/www.melanie-melcher.de\\\/wp-content\\\/grand-media\\\/image\\\/thumb\\\/Babyfotograf_-_Melanie_Melcher-20.jpg\",\"full\":\"https:\\\/\\\/www.melanie-melcher.de\\\/wp-content\\\/grand-media\\\/image\\\/Babyfotograf_-_Melanie_Melcher-20.jpg\"},\"title\":\"Babyfotograf - Melanie Melcher-20\",\"alt\":\"Babyfotograf - Melanie Melcher-20\",\"caption\":\"\",\"url\":\"\",\"post_link\":\"https:\\\/\\\/www.melanie-melcher.de\\\/index.php\\\/gmedia\\\/babyfotograf_-_melanie_melcher-20-jpg\\\/\",\"cc\":0,\"views\":20,\"likes\":1,\"width\":800,\"height\":533}];\n\t\t\t\t\tsettings.gallery = gmedia_mosaic_content;\n\t\t\t\t\t$( '#GmediaGallery_101 .gmMosaic_Container' ).gmediaMosaic( settings );\n\t\t\t\t} );\n\t\t\t} );\n\t<\/script>\t<\/div>\n<h3>Weitere Babyfotos findet ihr&nbsp;<a href=\"http:\/\/www.melanie-melcher.de\/index.php\/galerien-3\/newborn\/\" target=\"_blank\" rel=\"noopener\">hier<\/a>&nbsp;und in meinem&nbsp;<a href=\"http:\/\/www.melanie-melcher.de\/index.php\/category\/newborn\/\" target=\"_blank\" rel=\"noopener\">Blog<\/a>.<\/h3>\n","protected":false},"excerpt":{"rendered":"<p>F\u00fcr jedes Kind beginnt die Welt von Neuem &#8211; David Thoreau Das neue Jahr ist schon ein paar Tage alt und ich durfte die ersten Babys in 2017 bereits in meinem Fotostudio und Duisburg Willkommen heissen. Eines davon ist die junge Dame, die ich euch heute vorstellen m\u00f6chte. Sie tr\u00e4gt den wundersch\u00f6nen Namen Mia und [&hellip;]<\/p>\n","protected":false},"author":1,"featured_media":3673,"comment_status":"closed","ping_status":"closed","sticky":false,"template":"","format":"standard","meta":{"footnotes":""},"categories":[9],"tags":[],"class_list":["post-3672","post","type-post","status-publish","format-standard","has-post-thumbnail","hentry","category-newborn"],"_links":{"self":[{"href":"https:\/\/www.melanie-melcher.de\/index.php\/wp-json\/wp\/v2\/posts\/3672","targetHints":{"allow":["GET"]}}],"collection":[{"href":"https:\/\/www.melanie-melcher.de\/index.php\/wp-json\/wp\/v2\/posts"}],"about":[{"href":"https:\/\/www.melanie-melcher.de\/index.php\/wp-json\/wp\/v2\/types\/post"}],"author":[{"embeddable":true,"href":"https:\/\/www.melanie-melcher.de\/index.php\/wp-json\/wp\/v2\/users\/1"}],"replies":[{"embeddable":true,"href":"https:\/\/www.melanie-melcher.de\/index.php\/wp-json\/wp\/v2\/comments?post=3672"}],"version-history":[{"count":3,"href":"https:\/\/www.melanie-melcher.de\/index.php\/wp-json\/wp\/v2\/posts\/3672\/revisions"}],"predecessor-version":[{"id":3898,"href":"https:\/\/www.melanie-melcher.de\/index.php\/wp-json\/wp\/v2\/posts\/3672\/revisions\/3898"}],"wp:featuredmedia":[{"embeddable":true,"href":"https:\/\/www.melanie-melcher.de\/index.php\/wp-json\/wp\/v2\/media\/3673"}],"wp:attachment":[{"href":"https:\/\/www.melanie-melcher.de\/index.php\/wp-json\/wp\/v2\/media?parent=3672"}],"wp:term":[{"taxonomy":"category","embeddable":true,"href":"https:\/\/www.melanie-melcher.de\/index.php\/wp-json\/wp\/v2\/categories?post=3672"},{"taxonomy":"post_tag","embeddable":true,"href":"https:\/\/www.melanie-melcher.de\/index.php\/wp-json\/wp\/v2\/tags?post=3672"}],"curies":[{"name":"wp","href":"https:\/\/api.w.org\/{rel}","templated":true}]}}