{"id":509,"date":"2015-10-04T21:10:33","date_gmt":"2015-10-04T19:10:33","guid":{"rendered":"http:\/\/www.melanie-melcher.de\/?p=509"},"modified":"2015-10-15T21:56:24","modified_gmt":"2015-10-15T19:56:24","slug":"ein-mueueueueder-studiogast","status":"publish","type":"post","link":"https:\/\/www.melanie-melcher.de\/index.php\/2015\/10\/04\/ein-mueueueueder-studiogast\/","title":{"rendered":"Ein m\u00fc\u00fc\u00fc\u00fcder Studiogast\u2026"},"content":{"rendered":"<p>\u201eEin neugeborenes Baby ist wie der Anfang aller Dinge, es ist Staunen, Hoffnung und Traum aller M\u00f6glichkeiten.\u201c<br \/>\n\u2015\u00a0Eda LeShan<\/p>\n<div>Im Fall vom kleinen Kiron ist es vor allem eins: viel Schlaf. Der junge Mann hat die ganze Session brav verschlafen und sich von Mama, Papa und der grossen Schwester knuddeln lassen. Entstanden sind wunderbare Bilder, die ich euch nicht vorenthalten m\u00f6chte.<\/div>\n\n\t\t<style type=\"text\/css\">\n\t\t\t#gallery-1 {\n\t\t\t\tmargin: auto;\n\t\t\t}\n\t\t\t#gallery-1 .gallery-item {\n\t\t\t\tfloat: left;\n\t\t\t\tmargin-top: 10px;\n\t\t\t\ttext-align: center;\n\t\t\t\twidth: 33%;\n\t\t\t}\n\t\t\t#gallery-1 img {\n\t\t\t\tborder: 2px solid #cfcfcf;\n\t\t\t}\n\t\t\t#gallery-1 .gallery-caption {\n\t\t\t\tmargin-left: 0;\n\t\t\t}\n\t\t\t\/* see gallery_shortcode() in wp-includes\/media.php *\/\n\t\t<\/style>\n\t\t<div id='gallery-1' class='gallery galleryid-509 gallery-columns-3 gallery-size-full'><dl class='gallery-item'>\n\t\t\t<dt class='gallery-icon landscape'>\n\t\t\t\t<a href='https:\/\/www.melanie-melcher.de\/index.php\/2015\/10\/04\/ein-mueueueueder-studiogast\/babyfotograf-duisburg-11-von-11\/#main'><img loading=\"lazy\" decoding=\"async\" width=\"4342\" height=\"3257\" src=\"https:\/\/www.melanie-melcher.de\/wp-content\/uploads\/2015\/10\/Babyfotograf-Duisburg-11-von-11.jpg\" class=\"attachment-full size-full\" alt=\"\" srcset=\"https:\/\/www.melanie-melcher.de\/wp-content\/uploads\/2015\/10\/Babyfotograf-Duisburg-11-von-11.jpg 4342w, https:\/\/www.melanie-melcher.de\/wp-content\/uploads\/2015\/10\/Babyfotograf-Duisburg-11-von-11-300x225.jpg 300w, https:\/\/www.melanie-melcher.de\/wp-content\/uploads\/2015\/10\/Babyfotograf-Duisburg-11-von-11-1024x768.jpg 1024w\" sizes=\"auto, (max-width: 4342px) 100vw, 4342px\" \/><\/a>\n\t\t\t<\/dt><\/dl><dl class='gallery-item'>\n\t\t\t<dt class='gallery-icon landscape'>\n\t\t\t\t<a href='https:\/\/www.melanie-melcher.de\/index.php\/2015\/10\/04\/ein-mueueueueder-studiogast\/babyfotograf-duisburg-10-von-11\/#main'><img loading=\"lazy\" decoding=\"async\" width=\"3913\" height=\"2935\" src=\"https:\/\/www.melanie-melcher.de\/wp-content\/uploads\/2015\/10\/Babyfotograf-Duisburg-10-von-11.jpg\" class=\"attachment-full size-full\" alt=\"\" srcset=\"https:\/\/www.melanie-melcher.de\/wp-content\/uploads\/2015\/10\/Babyfotograf-Duisburg-10-von-11.jpg 3913w, https:\/\/www.melanie-melcher.de\/wp-content\/uploads\/2015\/10\/Babyfotograf-Duisburg-10-von-11-300x225.jpg 300w, https:\/\/www.melanie-melcher.de\/wp-content\/uploads\/2015\/10\/Babyfotograf-Duisburg-10-von-11-1024x768.jpg 1024w\" sizes=\"auto, (max-width: 3913px) 100vw, 3913px\" \/><\/a>\n\t\t\t<\/dt><\/dl><dl class='gallery-item'>\n\t\t\t<dt class='gallery-icon portrait'>\n\t\t\t\t<a href='https:\/\/www.melanie-melcher.de\/index.php\/2015\/10\/04\/ein-mueueueueder-studiogast\/babyfotograf-duisburg-9-von-11\/#main'><img loading=\"lazy\" decoding=\"async\" width=\"2715\" height=\"3620\" src=\"https:\/\/www.melanie-melcher.de\/wp-content\/uploads\/2015\/10\/Babyfotograf-Duisburg-9-von-11.jpg\" class=\"attachment-full size-full\" alt=\"\" srcset=\"https:\/\/www.melanie-melcher.de\/wp-content\/uploads\/2015\/10\/Babyfotograf-Duisburg-9-von-11.jpg 2715w, https:\/\/www.melanie-melcher.de\/wp-content\/uploads\/2015\/10\/Babyfotograf-Duisburg-9-von-11-225x300.jpg 225w, https:\/\/www.melanie-melcher.de\/wp-content\/uploads\/2015\/10\/Babyfotograf-Duisburg-9-von-11-768x1024.jpg 768w\" sizes=\"auto, (max-width: 2715px) 100vw, 2715px\" \/><\/a>\n\t\t\t<\/dt><\/dl><br style=\"clear: both\" \/><dl class='gallery-item'>\n\t\t\t<dt class='gallery-icon landscape'>\n\t\t\t\t<a href='https:\/\/www.melanie-melcher.de\/index.php\/2015\/10\/04\/ein-mueueueueder-studiogast\/babyfotograf-duisburg-8-von-11\/#main'><img loading=\"lazy\" decoding=\"async\" width=\"5120\" height=\"3840\" src=\"https:\/\/www.melanie-melcher.de\/wp-content\/uploads\/2015\/10\/Babyfotograf-Duisburg-8-von-11.jpg\" class=\"attachment-full size-full\" alt=\"\" srcset=\"https:\/\/www.melanie-melcher.de\/wp-content\/uploads\/2015\/10\/Babyfotograf-Duisburg-8-von-11.jpg 5120w, https:\/\/www.melanie-melcher.de\/wp-content\/uploads\/2015\/10\/Babyfotograf-Duisburg-8-von-11-300x225.jpg 300w, https:\/\/www.melanie-melcher.de\/wp-content\/uploads\/2015\/10\/Babyfotograf-Duisburg-8-von-11-1024x768.jpg 1024w\" sizes=\"auto, (max-width: 5120px) 100vw, 5120px\" \/><\/a>\n\t\t\t<\/dt><\/dl><dl class='gallery-item'>\n\t\t\t<dt class='gallery-icon landscape'>\n\t\t\t\t<a href='https:\/\/www.melanie-melcher.de\/index.php\/2015\/10\/04\/ein-mueueueueder-studiogast\/babyfotograf-duisburg-7-von-11\/#main'><img loading=\"lazy\" decoding=\"async\" width=\"5120\" height=\"3840\" src=\"https:\/\/www.melanie-melcher.de\/wp-content\/uploads\/2015\/10\/Babyfotograf-Duisburg-7-von-11.jpg\" class=\"attachment-full size-full\" alt=\"\" srcset=\"https:\/\/www.melanie-melcher.de\/wp-content\/uploads\/2015\/10\/Babyfotograf-Duisburg-7-von-11.jpg 5120w, https:\/\/www.melanie-melcher.de\/wp-content\/uploads\/2015\/10\/Babyfotograf-Duisburg-7-von-11-300x225.jpg 300w, https:\/\/www.melanie-melcher.de\/wp-content\/uploads\/2015\/10\/Babyfotograf-Duisburg-7-von-11-1024x768.jpg 1024w\" sizes=\"auto, (max-width: 5120px) 100vw, 5120px\" \/><\/a>\n\t\t\t<\/dt><\/dl><dl class='gallery-item'>\n\t\t\t<dt class='gallery-icon landscape'>\n\t\t\t\t<a href='https:\/\/www.melanie-melcher.de\/index.php\/2015\/10\/04\/ein-mueueueueder-studiogast\/babyfotograf-duisburg-6-von-11\/#main'><img loading=\"lazy\" decoding=\"async\" width=\"5120\" height=\"3840\" src=\"https:\/\/www.melanie-melcher.de\/wp-content\/uploads\/2015\/10\/Babyfotograf-Duisburg-6-von-11.jpg\" class=\"attachment-full size-full\" alt=\"\" srcset=\"https:\/\/www.melanie-melcher.de\/wp-content\/uploads\/2015\/10\/Babyfotograf-Duisburg-6-von-11.jpg 5120w, https:\/\/www.melanie-melcher.de\/wp-content\/uploads\/2015\/10\/Babyfotograf-Duisburg-6-von-11-300x225.jpg 300w, https:\/\/www.melanie-melcher.de\/wp-content\/uploads\/2015\/10\/Babyfotograf-Duisburg-6-von-11-1024x768.jpg 1024w\" sizes=\"auto, (max-width: 5120px) 100vw, 5120px\" \/><\/a>\n\t\t\t<\/dt><\/dl><br style=\"clear: both\" \/><dl class='gallery-item'>\n\t\t\t<dt class='gallery-icon landscape'>\n\t\t\t\t<a href='https:\/\/www.melanie-melcher.de\/index.php\/2015\/10\/04\/ein-mueueueueder-studiogast\/babyfotograf-duisburg-5-von-11\/#main'><img loading=\"lazy\" decoding=\"async\" width=\"4629\" height=\"3472\" src=\"https:\/\/www.melanie-melcher.de\/wp-content\/uploads\/2015\/10\/Babyfotograf-Duisburg-5-von-11.jpg\" class=\"attachment-full size-full\" alt=\"\" srcset=\"https:\/\/www.melanie-melcher.de\/wp-content\/uploads\/2015\/10\/Babyfotograf-Duisburg-5-von-11.jpg 4629w, https:\/\/www.melanie-melcher.de\/wp-content\/uploads\/2015\/10\/Babyfotograf-Duisburg-5-von-11-300x225.jpg 300w, https:\/\/www.melanie-melcher.de\/wp-content\/uploads\/2015\/10\/Babyfotograf-Duisburg-5-von-11-1024x768.jpg 1024w\" sizes=\"auto, (max-width: 4629px) 100vw, 4629px\" \/><\/a>\n\t\t\t<\/dt><\/dl><dl class='gallery-item'>\n\t\t\t<dt class='gallery-icon landscape'>\n\t\t\t\t<a href='https:\/\/www.melanie-melcher.de\/index.php\/2015\/10\/04\/ein-mueueueueder-studiogast\/babyfotograf-duisburg-4-von-11\/#main'><img loading=\"lazy\" decoding=\"async\" width=\"3695\" height=\"2771\" src=\"https:\/\/www.melanie-melcher.de\/wp-content\/uploads\/2015\/10\/Babyfotograf-Duisburg-4-von-11.jpg\" class=\"attachment-full size-full\" alt=\"\" srcset=\"https:\/\/www.melanie-melcher.de\/wp-content\/uploads\/2015\/10\/Babyfotograf-Duisburg-4-von-11.jpg 3695w, https:\/\/www.melanie-melcher.de\/wp-content\/uploads\/2015\/10\/Babyfotograf-Duisburg-4-von-11-300x225.jpg 300w, https:\/\/www.melanie-melcher.de\/wp-content\/uploads\/2015\/10\/Babyfotograf-Duisburg-4-von-11-1024x768.jpg 1024w\" sizes=\"auto, (max-width: 3695px) 100vw, 3695px\" \/><\/a>\n\t\t\t<\/dt><\/dl><dl class='gallery-item'>\n\t\t\t<dt class='gallery-icon landscape'>\n\t\t\t\t<a href='https:\/\/www.melanie-melcher.de\/index.php\/2015\/10\/04\/ein-mueueueueder-studiogast\/babyfotograf-duisburg-3-von-11\/#main'><img loading=\"lazy\" decoding=\"async\" width=\"4850\" height=\"3638\" src=\"https:\/\/www.melanie-melcher.de\/wp-content\/uploads\/2015\/10\/Babyfotograf-Duisburg-3-von-11.jpg\" class=\"attachment-full size-full\" alt=\"\" srcset=\"https:\/\/www.melanie-melcher.de\/wp-content\/uploads\/2015\/10\/Babyfotograf-Duisburg-3-von-11.jpg 4850w, https:\/\/www.melanie-melcher.de\/wp-content\/uploads\/2015\/10\/Babyfotograf-Duisburg-3-von-11-300x225.jpg 300w, https:\/\/www.melanie-melcher.de\/wp-content\/uploads\/2015\/10\/Babyfotograf-Duisburg-3-von-11-1024x768.jpg 1024w\" sizes=\"auto, (max-width: 4850px) 100vw, 4850px\" \/><\/a>\n\t\t\t<\/dt><\/dl><br style=\"clear: both\" \/><dl class='gallery-item'>\n\t\t\t<dt class='gallery-icon landscape'>\n\t\t\t\t<a href='https:\/\/www.melanie-melcher.de\/index.php\/2015\/10\/04\/ein-mueueueueder-studiogast\/babyfotograf-duisburg-2-von-11\/#main'><img loading=\"lazy\" decoding=\"async\" width=\"5120\" height=\"3840\" src=\"https:\/\/www.melanie-melcher.de\/wp-content\/uploads\/2015\/10\/Babyfotograf-Duisburg-2-von-11.jpg\" class=\"attachment-full size-full\" alt=\"\" srcset=\"https:\/\/www.melanie-melcher.de\/wp-content\/uploads\/2015\/10\/Babyfotograf-Duisburg-2-von-11.jpg 5120w, https:\/\/www.melanie-melcher.de\/wp-content\/uploads\/2015\/10\/Babyfotograf-Duisburg-2-von-11-300x225.jpg 300w, https:\/\/www.melanie-melcher.de\/wp-content\/uploads\/2015\/10\/Babyfotograf-Duisburg-2-von-11-1024x768.jpg 1024w\" sizes=\"auto, (max-width: 5120px) 100vw, 5120px\" \/><\/a>\n\t\t\t<\/dt><\/dl><dl class='gallery-item'>\n\t\t\t<dt class='gallery-icon landscape'>\n\t\t\t\t<a href='https:\/\/www.melanie-melcher.de\/index.php\/2015\/10\/04\/ein-mueueueueder-studiogast\/babyfotograf-duisburg-1-von-11\/#main'><img loading=\"lazy\" decoding=\"async\" width=\"5120\" height=\"3840\" src=\"https:\/\/www.melanie-melcher.de\/wp-content\/uploads\/2015\/10\/Babyfotograf-Duisburg-1-von-11.jpg\" class=\"attachment-full size-full\" alt=\"\" srcset=\"https:\/\/www.melanie-melcher.de\/wp-content\/uploads\/2015\/10\/Babyfotograf-Duisburg-1-von-11.jpg 5120w, https:\/\/www.melanie-melcher.de\/wp-content\/uploads\/2015\/10\/Babyfotograf-Duisburg-1-von-11-300x225.jpg 300w, https:\/\/www.melanie-melcher.de\/wp-content\/uploads\/2015\/10\/Babyfotograf-Duisburg-1-von-11-1024x768.jpg 1024w\" sizes=\"auto, (max-width: 5120px) 100vw, 5120px\" \/><\/a>\n\t\t\t<\/dt><\/dl>\n\t\t\t<br style='clear: both' \/>\n\t\t<\/div>\n\n<p>&nbsp;<\/p>\n","protected":false},"excerpt":{"rendered":"<p>\u201eEin neugeborenes Baby ist wie der Anfang aller Dinge, es ist Staunen, Hoffnung und Traum aller M\u00f6glichkeiten.\u201c \u2015\u00a0Eda LeShan Im Fall vom kleinen Kiron ist es vor allem eins: viel Schlaf. Der junge Mann hat die ganze Session brav verschlafen und sich von Mama, Papa und der grossen Schwester knuddeln lassen. Entstanden sind wunderbare Bilder, [&hellip;]<\/p>\n","protected":false},"author":1,"featured_media":522,"comment_status":"open","ping_status":"open","sticky":false,"template":"","format":"standard","meta":{"footnotes":""},"categories":[9],"tags":[43,34,29,31,37,38,30,45,46,44],"class_list":["post-509","post","type-post","status-publish","format-standard","has-post-thumbnail","hentry","category-newborn","tag-baby","tag-eltern","tag-familie","tag-familienbilder","tag-familienfotograf","tag-familienfotografin","tag-familienfotos","tag-neugeborene","tag-neugeborenes","tag-newborn"],"_links":{"self":[{"href":"https:\/\/www.melanie-melcher.de\/index.php\/wp-json\/wp\/v2\/posts\/509","targetHints":{"allow":["GET"]}}],"collection":[{"href":"https:\/\/www.melanie-melcher.de\/index.php\/wp-json\/wp\/v2\/posts"}],"about":[{"href":"https:\/\/www.melanie-melcher.de\/index.php\/wp-json\/wp\/v2\/types\/post"}],"author":[{"embeddable":true,"href":"https:\/\/www.melanie-melcher.de\/index.php\/wp-json\/wp\/v2\/users\/1"}],"replies":[{"embeddable":true,"href":"https:\/\/www.melanie-melcher.de\/index.php\/wp-json\/wp\/v2\/comments?post=509"}],"version-history":[{"count":3,"href":"https:\/\/www.melanie-melcher.de\/index.php\/wp-json\/wp\/v2\/posts\/509\/revisions"}],"predecessor-version":[{"id":704,"href":"https:\/\/www.melanie-melcher.de\/index.php\/wp-json\/wp\/v2\/posts\/509\/revisions\/704"}],"wp:featuredmedia":[{"embeddable":true,"href":"https:\/\/www.melanie-melcher.de\/index.php\/wp-json\/wp\/v2\/media\/522"}],"wp:attachment":[{"href":"https:\/\/www.melanie-melcher.de\/index.php\/wp-json\/wp\/v2\/media?parent=509"}],"wp:term":[{"taxonomy":"category","embeddable":true,"href":"https:\/\/www.melanie-melcher.de\/index.php\/wp-json\/wp\/v2\/categories?post=509"},{"taxonomy":"post_tag","embeddable":true,"href":"https:\/\/www.melanie-melcher.de\/index.php\/wp-json\/wp\/v2\/tags?post=509"}],"curies":[{"name":"wp","href":"https:\/\/api.w.org\/{rel}","templated":true}]}}