{"id":673,"date":"2015-10-15T20:54:21","date_gmt":"2015-10-15T18:54:21","guid":{"rendered":"http:\/\/www.melanie-melcher.de\/?p=673"},"modified":"2015-10-15T22:44:21","modified_gmt":"2015-10-15T20:44:21","slug":"bald-ist-es-wieder-soweit","status":"publish","type":"post","link":"https:\/\/www.melanie-melcher.de\/index.php\/2015\/10\/15\/bald-ist-es-wieder-soweit\/","title":{"rendered":"Bald ist es wieder soweit&#8230;"},"content":{"rendered":"<p>&#8230; und Weihnachten steht pl\u00f6tzlich vor der T\u00fcr. F\u00fcr alle die, die Lust auf ein pers\u00f6nliches Geschenk haben, biete ich auch in diesem Jahr wieder meinen Weihnachtszauber an.<\/p>\n\n\t\t<style type=\"text\/css\">\n\t\t\t#gallery-1 {\n\t\t\t\tmargin: auto;\n\t\t\t}\n\t\t\t#gallery-1 .gallery-item {\n\t\t\t\tfloat: left;\n\t\t\t\tmargin-top: 10px;\n\t\t\t\ttext-align: center;\n\t\t\t\twidth: 100%;\n\t\t\t}\n\t\t\t#gallery-1 img {\n\t\t\t\tborder: 2px solid #cfcfcf;\n\t\t\t}\n\t\t\t#gallery-1 .gallery-caption {\n\t\t\t\tmargin-left: 0;\n\t\t\t}\n\t\t\t\/* see gallery_shortcode() in wp-includes\/media.php *\/\n\t\t<\/style>\n\t\t<div id='gallery-1' class='gallery galleryid-673 gallery-columns-1 gallery-size-full'><dl class='gallery-item'>\n\t\t\t<dt class='gallery-icon landscape'>\n\t\t\t\t<a href='https:\/\/www.melanie-melcher.de\/index.php\/2015\/10\/15\/bald-ist-es-wieder-soweit\/specials-melanie-melcher-3-von-1\/#main'><img loading=\"lazy\" decoding=\"async\" width=\"1023\" height=\"682\" src=\"https:\/\/www.melanie-melcher.de\/wp-content\/uploads\/2015\/10\/Specials-Melanie-Melcher-3-von-1.jpg\" class=\"attachment-full size-full\" alt=\"\" srcset=\"https:\/\/www.melanie-melcher.de\/wp-content\/uploads\/2015\/10\/Specials-Melanie-Melcher-3-von-1.jpg 1023w, https:\/\/www.melanie-melcher.de\/wp-content\/uploads\/2015\/10\/Specials-Melanie-Melcher-3-von-1-300x200.jpg 300w\" sizes=\"auto, (max-width: 1023px) 100vw, 1023px\" \/><\/a>\n\t\t\t<\/dt><\/dl><br style=\"clear: both\" \/>\n\t\t<\/div>\n\n<p>&nbsp;<\/p>\n<p>Fotografiert werden Kinder bis 10 Jahre im abgebildeten Set.<\/p>\n\n\t\t<style type=\"text\/css\">\n\t\t\t#gallery-2 {\n\t\t\t\tmargin: auto;\n\t\t\t}\n\t\t\t#gallery-2 .gallery-item {\n\t\t\t\tfloat: left;\n\t\t\t\tmargin-top: 10px;\n\t\t\t\ttext-align: center;\n\t\t\t\twidth: 100%;\n\t\t\t}\n\t\t\t#gallery-2 img {\n\t\t\t\tborder: 2px solid #cfcfcf;\n\t\t\t}\n\t\t\t#gallery-2 .gallery-caption {\n\t\t\t\tmargin-left: 0;\n\t\t\t}\n\t\t\t\/* see gallery_shortcode() in wp-includes\/media.php *\/\n\t\t<\/style>\n\t\t<div id='gallery-2' class='gallery galleryid-673 gallery-columns-1 gallery-size-full'><dl class='gallery-item'>\n\t\t\t<dt class='gallery-icon portrait'>\n\t\t\t\t<a href='https:\/\/www.melanie-melcher.de\/index.php\/2015\/10\/15\/bald-ist-es-wieder-soweit\/specials-melanie-melcher-16-von-36\/#main'><img loading=\"lazy\" decoding=\"async\" width=\"683\" height=\"1024\" src=\"https:\/\/www.melanie-melcher.de\/wp-content\/uploads\/2015\/10\/Specials-Melanie-Melcher-16-von-36.jpg\" class=\"attachment-full size-full\" alt=\"\" srcset=\"https:\/\/www.melanie-melcher.de\/wp-content\/uploads\/2015\/10\/Specials-Melanie-Melcher-16-von-36.jpg 683w, https:\/\/www.melanie-melcher.de\/wp-content\/uploads\/2015\/10\/Specials-Melanie-Melcher-16-von-36-200x300.jpg 200w\" sizes=\"auto, (max-width: 683px) 100vw, 683px\" \/><\/a>\n\t\t\t<\/dt><\/dl><br style=\"clear: both\" \/>\n\t\t<\/div>\n\n<p>Im Shootingpreis enthalten sind 2 Abz\u00fcge in 15x20cm sowie eine Weihnachtskugel mit Lieblingsbild.<\/p>\n\n\t\t<style type=\"text\/css\">\n\t\t\t#gallery-3 {\n\t\t\t\tmargin: auto;\n\t\t\t}\n\t\t\t#gallery-3 .gallery-item {\n\t\t\t\tfloat: left;\n\t\t\t\tmargin-top: 10px;\n\t\t\t\ttext-align: center;\n\t\t\t\twidth: 100%;\n\t\t\t}\n\t\t\t#gallery-3 img {\n\t\t\t\tborder: 2px solid #cfcfcf;\n\t\t\t}\n\t\t\t#gallery-3 .gallery-caption {\n\t\t\t\tmargin-left: 0;\n\t\t\t}\n\t\t\t\/* see gallery_shortcode() in wp-includes\/media.php *\/\n\t\t<\/style>\n\t\t<div id='gallery-3' class='gallery galleryid-673 gallery-columns-1 gallery-size-full'><dl class='gallery-item'>\n\t\t\t<dt class='gallery-icon landscape'>\n\t\t\t\t<a href='https:\/\/www.melanie-melcher.de\/index.php\/2015\/10\/15\/bald-ist-es-wieder-soweit\/specials-melanie-melcher-2-von-1-11\/#main'><img loading=\"lazy\" decoding=\"async\" width=\"1024\" height=\"683\" src=\"https:\/\/www.melanie-melcher.de\/wp-content\/uploads\/2015\/10\/Specials-Melanie-Melcher-2-von-1-11.jpg\" class=\"attachment-full size-full\" alt=\"\" srcset=\"https:\/\/www.melanie-melcher.de\/wp-content\/uploads\/2015\/10\/Specials-Melanie-Melcher-2-von-1-11.jpg 1024w, https:\/\/www.melanie-melcher.de\/wp-content\/uploads\/2015\/10\/Specials-Melanie-Melcher-2-von-1-11-300x200.jpg 300w\" sizes=\"auto, (max-width: 1024px) 100vw, 1024px\" \/><\/a>\n\t\t\t<\/dt><\/dl><br style=\"clear: both\" \/>\n\t\t<\/div>\n\n<p>Sichert euch euren Wunschtermin. Leider kann ich nur begrenzte Termine anbieten. Solltet ihr zus\u00e4tzlich Familienfotos haben wollen, gebt mir bei der Buchung bitte Bescheid, damit ich die Zeit einplanen kann. Es fallen hierf\u00fcr dann zus\u00e4tzliche Aufnahmegeb\u00fchren in H\u00f6he von 40\u20ac an.<\/p>\n<div class=\"gmedia_gallery mosaic_module is_bot\" id=\"GmediaGallery_27\" data-gmid=\"27\" data-module=\"mosaic\"><style class='gmedia_module_style_import'>@import url('https:\/\/www.melanie-melcher.de\/wp-content\/grand-media\/module\/mosaic\/css\/mosaic.css?v=2.16') all;<\/style>No Supported Files in Gallery<\/div>\n<p>Ich freue mich auf euch \ud83d\ude42<\/p>\n<p>&nbsp;<\/p>\n","protected":false},"excerpt":{"rendered":"<p>&#8230; und Weihnachten steht pl\u00f6tzlich vor der T\u00fcr. F\u00fcr alle die, die Lust auf ein pers\u00f6nliches Geschenk haben, biete ich auch in diesem Jahr wieder meinen Weihnachtszauber an. &nbsp; Fotografiert werden Kinder bis 10 Jahre im abgebildeten Set. Im Shootingpreis enthalten sind 2 Abz\u00fcge in 15x20cm sowie eine Weihnachtskugel mit Lieblingsbild. Sichert euch euren Wunschtermin. [&hellip;]<\/p>\n","protected":false},"author":2,"featured_media":694,"comment_status":"open","ping_status":"open","sticky":false,"template":"","format":"standard","meta":{"footnotes":""},"categories":[51],"tags":[15,37,38,30,55,54,53,59,33,56,50,58,52,57],"class_list":["post-673","post","type-post","status-publish","format-standard","has-post-thumbnail","hentry","category-aktionen","tag-duisburg","tag-familienfotograf","tag-familienfotografin","tag-familienfotos","tag-fotograf","tag-fotoshooting","tag-geschenke","tag-individuell","tag-kinder","tag-kinderfotografin","tag-kinderfotos","tag-persoenlich","tag-weihnachten","tag-weihnachtsgeschenk"],"_links":{"self":[{"href":"https:\/\/www.melanie-melcher.de\/index.php\/wp-json\/wp\/v2\/posts\/673","targetHints":{"allow":["GET"]}}],"collection":[{"href":"https:\/\/www.melanie-melcher.de\/index.php\/wp-json\/wp\/v2\/posts"}],"about":[{"href":"https:\/\/www.melanie-melcher.de\/index.php\/wp-json\/wp\/v2\/types\/post"}],"author":[{"embeddable":true,"href":"https:\/\/www.melanie-melcher.de\/index.php\/wp-json\/wp\/v2\/users\/2"}],"replies":[{"embeddable":true,"href":"https:\/\/www.melanie-melcher.de\/index.php\/wp-json\/wp\/v2\/comments?post=673"}],"version-history":[{"count":12,"href":"https:\/\/www.melanie-melcher.de\/index.php\/wp-json\/wp\/v2\/posts\/673\/revisions"}],"predecessor-version":[{"id":705,"href":"https:\/\/www.melanie-melcher.de\/index.php\/wp-json\/wp\/v2\/posts\/673\/revisions\/705"}],"wp:featuredmedia":[{"embeddable":true,"href":"https:\/\/www.melanie-melcher.de\/index.php\/wp-json\/wp\/v2\/media\/694"}],"wp:attachment":[{"href":"https:\/\/www.melanie-melcher.de\/index.php\/wp-json\/wp\/v2\/media?parent=673"}],"wp:term":[{"taxonomy":"category","embeddable":true,"href":"https:\/\/www.melanie-melcher.de\/index.php\/wp-json\/wp\/v2\/categories?post=673"},{"taxonomy":"post_tag","embeddable":true,"href":"https:\/\/www.melanie-melcher.de\/index.php\/wp-json\/wp\/v2\/tags?post=673"}],"curies":[{"name":"wp","href":"https:\/\/api.w.org\/{rel}","templated":true}]}}