{"id":734,"date":"2015-12-06T21:01:12","date_gmt":"2015-12-06T20:01:12","guid":{"rendered":"http:\/\/www.melanie-melcher.de\/?p=734"},"modified":"2016-02-05T19:42:43","modified_gmt":"2016-02-05T18:42:43","slug":"der-nikolaus-war-da-fotoaktion-duisburg","status":"publish","type":"post","link":"https:\/\/www.melanie-melcher.de\/index.php\/2015\/12\/06\/der-nikolaus-war-da-fotoaktion-duisburg\/","title":{"rendered":"Der Nikolaus war da"},"content":{"rendered":"<p>Der Nikolaus war da und hat f\u00fcr euch etwas mitgebracht! <\/p>\n<p>Bis zum 20.12.2015 bekommt ihr Gutscheine im Wert von 90\u20ac f\u00fcr nur 75\u20ac.<br \/>\nDie Gutscheine sind f\u00fcr alle Arten von Studioaufnahmen einsetzbar und 2 Jahre lang g\u00fcltig.<br \/>\nDie Omi w\u00fcnscht sich schon lange Bilder mit dem Enkel? Es gibt keine sch\u00f6nen Portraits von euch als Paar? Die Kinderbilder im Rahmen sind schon einige Jahre alt?<\/p>\n<p><img decoding=\"async\" src=\"http:\/\/www.melanie-melcher.de\/wp-content\/uploads\/Specials-Melanie-Melcher-3-von-12.jpg\" alt=\"Specials Melanie Melcher (3 von 1)\" class=\"alignnone size-full wp-image-742\" \/><\/p>\n<p>Dann ist ein Gutschein eine sch\u00f6ne M\u00f6glichkeit einen Wunsch zu erf\u00fcllen. Ein pers\u00f6nlicheres Geschenk gibt es nicht.<br \/>\nAlso schnell sparen und euren Lieben zum Fest eine bleibende Freude bereiten. <\/p>\n<p>Auf Wunsch verpacke ich euch den Gutschein auch in einer Weihnachtskugel.<\/p>\n<p>Weitere Fotos zu Aktionen findet ihr im <a href=\"http:\/\/www.melanie-melcher.de\/index.php\/category\/aktionen\/\" target=\"_blank\">Blog<\/a>.<\/p>\n","protected":false},"excerpt":{"rendered":"<p>Der Nikolaus war da und hat f\u00fcr euch etwas mitgebracht! Bis zum 20.12.2015 bekommt ihr Gutscheine im Wert von 90\u20ac f\u00fcr nur 75\u20ac. Die Gutscheine sind f\u00fcr alle Arten von Studioaufnahmen einsetzbar und 2 Jahre lang g\u00fcltig. Die Omi w\u00fcnscht sich schon lange Bilder mit dem Enkel? Es gibt keine sch\u00f6nen Portraits von euch als [&hellip;]<\/p>\n","protected":false},"author":1,"featured_media":735,"comment_status":"open","ping_status":"open","sticky":false,"template":"","format":"standard","meta":{"footnotes":""},"categories":[51],"tags":[43,21,22,15,34,49,29,31,37,38,30,26,55,25,54,53,59,33,56,50,32,35,45,46,36,58,52,57],"class_list":["post-734","post","type-post","status-publish","format-standard","has-post-thumbnail","hentry","category-aktionen","tag-baby","tag-babybauch","tag-belly","tag-duisburg","tag-eltern","tag-erinnerungen","tag-familie","tag-familienbilder","tag-familienfotograf","tag-familienfotografin","tag-familienfotos","tag-foto","tag-fotograf","tag-fotografie","tag-fotoshooting","tag-geschenke","tag-individuell","tag-kinder","tag-kinderfotografin","tag-kinderfotos","tag-krefeld","tag-mama","tag-neugeborene","tag-neugeborenes","tag-papa","tag-persoenlich","tag-weihnachten","tag-weihnachtsgeschenk"],"_links":{"self":[{"href":"https:\/\/www.melanie-melcher.de\/index.php\/wp-json\/wp\/v2\/posts\/734","targetHints":{"allow":["GET"]}}],"collection":[{"href":"https:\/\/www.melanie-melcher.de\/index.php\/wp-json\/wp\/v2\/posts"}],"about":[{"href":"https:\/\/www.melanie-melcher.de\/index.php\/wp-json\/wp\/v2\/types\/post"}],"author":[{"embeddable":true,"href":"https:\/\/www.melanie-melcher.de\/index.php\/wp-json\/wp\/v2\/users\/1"}],"replies":[{"embeddable":true,"href":"https:\/\/www.melanie-melcher.de\/index.php\/wp-json\/wp\/v2\/comments?post=734"}],"version-history":[{"count":6,"href":"https:\/\/www.melanie-melcher.de\/index.php\/wp-json\/wp\/v2\/posts\/734\/revisions"}],"predecessor-version":[{"id":777,"href":"https:\/\/www.melanie-melcher.de\/index.php\/wp-json\/wp\/v2\/posts\/734\/revisions\/777"}],"wp:featuredmedia":[{"embeddable":true,"href":"https:\/\/www.melanie-melcher.de\/index.php\/wp-json\/wp\/v2\/media\/735"}],"wp:attachment":[{"href":"https:\/\/www.melanie-melcher.de\/index.php\/wp-json\/wp\/v2\/media?parent=734"}],"wp:term":[{"taxonomy":"category","embeddable":true,"href":"https:\/\/www.melanie-melcher.de\/index.php\/wp-json\/wp\/v2\/categories?post=734"},{"taxonomy":"post_tag","embeddable":true,"href":"https:\/\/www.melanie-melcher.de\/index.php\/wp-json\/wp\/v2\/tags?post=734"}],"curies":[{"name":"wp","href":"https:\/\/api.w.org\/{rel}","templated":true}]}}