{"id":747,"date":"2016-01-10T21:39:24","date_gmt":"2016-01-10T20:39:24","guid":{"rendered":"http:\/\/www.melanie-melcher.de\/?p=747"},"modified":"2016-05-30T22:50:34","modified_gmt":"2016-05-30T20:50:34","slug":"was-ein-wochenende","status":"publish","type":"post","link":"https:\/\/www.melanie-melcher.de\/index.php\/2016\/01\/10\/was-ein-wochenende\/","title":{"rendered":"Was ein Wochenende&#8230;"},"content":{"rendered":"<p>&#8230; b\u00e4m was war denn da los? Ich bin \u00fcberw\u00e4ltigt und sprachlos.<\/p>\n<p>Die Hochzeitsmesse in Essen ist inzwischen bei mir fester Bestandteil zum Jahresanfang. Zum 7. Mal habe ich an diesem Wochenende meinen Stand f\u00fcr euch dort aufgebaut. Bewaffnet mit Flyern, Brosch\u00fcren und jeder Menge meiner allerliebsten-lieblings-Fotob\u00fcchern habe ich auf euch gewartet. Und was soll ich sagen? Ihr habt mich dieses Jahr wirklich umgehauen. Ihr wart so viele &#8211; so liebe &#8211; so tolle &#8211; Menschen. Wir hatten ganz viele Gespr\u00e4che, haben gelacht und Infos getauscht. Wir haben Termine gemacht und Hochzeiten besprochen, Bilder geguckt und Ideen f\u00fcr eure Fotos geschmiedet. Mein Kalender platzt aus allen N\u00e4hten und ich freue mich jetzt noch mehr als sowieso schon, auf eine geile Hochzeitssaison 2016 &#8211; mit euch und vor allem f\u00fcr euch!<a href=\"http:\/\/www.melanie-melcher.de\/wp-content\/uploads\/Messe20161.jpg\"><br \/>\n<\/a><\/p>\n","protected":false},"excerpt":{"rendered":"<p>&#8230; b\u00e4m was war denn da los? Ich bin \u00fcberw\u00e4ltigt und sprachlos. Die Hochzeitsmesse in Essen ist inzwischen bei mir fester Bestandteil zum Jahresanfang. Zum 7. Mal habe ich an diesem Wochenende meinen Stand f\u00fcr euch dort aufgebaut. Bewaffnet mit Flyern, Brosch\u00fcren und jeder Menge meiner allerliebsten-lieblings-Fotob\u00fcchern habe ich auf euch gewartet. Und was soll [&hellip;]<\/p>\n","protected":false},"author":2,"featured_media":751,"comment_status":"open","ping_status":"open","sticky":false,"template":"","format":"standard","meta":{"footnotes":""},"categories":[1,7],"tags":[43,21,65,67,66,48,69,29,37,38,30,26,54,14,17,39,62,63,59,41,16,61,58,64,68,60],"class_list":["post-747","post","type-post","status-publish","format-standard","has-post-thumbnail","hentry","category-allgemein","category-wedding","tag-baby","tag-babybauch","tag-babyfoto","tag-babyfotograf","tag-babyfotografin","tag-digitalalben","tag-ehe","tag-familie","tag-familienfotograf","tag-familienfotografin","tag-familienfotos","tag-foto","tag-fotoshooting","tag-hochzeit","tag-hochzeitsfotograf","tag-hochzeitsfotografin","tag-hochzeitsmesse-essen","tag-hochzeitsreportage","tag-individuell","tag-industrie","tag-landschaftspark","tag-messe-essen","tag-persoenlich","tag-ruhrgebiet","tag-trauung","tag-wedding"],"_links":{"self":[{"href":"https:\/\/www.melanie-melcher.de\/index.php\/wp-json\/wp\/v2\/posts\/747","targetHints":{"allow":["GET"]}}],"collection":[{"href":"https:\/\/www.melanie-melcher.de\/index.php\/wp-json\/wp\/v2\/posts"}],"about":[{"href":"https:\/\/www.melanie-melcher.de\/index.php\/wp-json\/wp\/v2\/types\/post"}],"author":[{"embeddable":true,"href":"https:\/\/www.melanie-melcher.de\/index.php\/wp-json\/wp\/v2\/users\/2"}],"replies":[{"embeddable":true,"href":"https:\/\/www.melanie-melcher.de\/index.php\/wp-json\/wp\/v2\/comments?post=747"}],"version-history":[{"count":3,"href":"https:\/\/www.melanie-melcher.de\/index.php\/wp-json\/wp\/v2\/posts\/747\/revisions"}],"predecessor-version":[{"id":1983,"href":"https:\/\/www.melanie-melcher.de\/index.php\/wp-json\/wp\/v2\/posts\/747\/revisions\/1983"}],"wp:featuredmedia":[{"embeddable":true,"href":"https:\/\/www.melanie-melcher.de\/index.php\/wp-json\/wp\/v2\/media\/751"}],"wp:attachment":[{"href":"https:\/\/www.melanie-melcher.de\/index.php\/wp-json\/wp\/v2\/media?parent=747"}],"wp:term":[{"taxonomy":"category","embeddable":true,"href":"https:\/\/www.melanie-melcher.de\/index.php\/wp-json\/wp\/v2\/categories?post=747"},{"taxonomy":"post_tag","embeddable":true,"href":"https:\/\/www.melanie-melcher.de\/index.php\/wp-json\/wp\/v2\/tags?post=747"}],"curies":[{"name":"wp","href":"https:\/\/api.w.org\/{rel}","templated":true}]}}