{"id":783,"date":"2016-02-14T15:19:18","date_gmt":"2016-02-14T14:19:18","guid":{"rendered":"http:\/\/www.melanie-melcher.de\/?p=783"},"modified":"2016-02-14T15:24:09","modified_gmt":"2016-02-14T14:24:09","slug":"babyfotos-duisburg","status":"publish","type":"post","link":"https:\/\/www.melanie-melcher.de\/index.php\/2016\/02\/14\/babyfotos-duisburg\/","title":{"rendered":"Und noch ein Auftrag f\u00fcr die Babyfotografin"},"content":{"rendered":"<p>P\u00fcnktlich zum Valentinstag, m\u00f6chte ich euch eine kleine zauberhafte Dame vorstellen, die mein Herz im Sturm erobert hat.<br \/>\nDie kleine Madeleine, kam zu mir ins Fotostudio nach Duisburg um sich gemeinsam mit ihren Eltern und ihrer grossen Schwester fotografieren zu lassen,<br \/>\nGerade einmal 14 Tage hatte die kleine Maus auf ihrer Lebensuhr, als sie in meinem Studio die Augen aufschlug. Naja so richtig offen waren ihre Augen eigentlich nicht, denn daf\u00fcr war das Baby viel zu m\u00fcde. Als Fotografin verzaubert mich die Fotografie von Neugeborenen immer wieder ganz besonders. Jedes Baby ist so einzigartig und individuell. Die zaghaften Bewegungen und Ger\u00e4usche machen es f\u00fcr mich auch nach all den Jahren immer wieder zu einem einzigartigen Erlebnis, wenn ein kleiner Spatz vor meiner Kamera liegt. Gemeinsam mit den Eltern besprechen wir, was im Shooting wichtig ist und welche Ergebnisse gew\u00fcnscht werden. So haben Mama und Papa Einfluss darauf, welche Farben zur Geltung kommen und welche Accessoires eingesetzt werden.<br \/>\nDie Eltern der kleinen Madeleine wollten eine Mischung aus Prinzessin- und nat\u00fcrlichen Fotos. Es sollten Geschwisterfotos und Familienfotos entstehen. Genauso war es aber auch wichtig, dass sowohl Mama als auch Papa Kuschelfotos mit der kleinen Dame bekommen. Gesagt getan.<\/p>\n<p>Zu Beginn habe ich mich um das Fotografieren vom Neugeborenen gek\u00fcmmert. Nach einer Stillpause ging es dann an die Bilder mit der stolzen grossen Schwester. Diese kenne ich bereits von Geburt an und habe sie schon zahlreiche Male vor der Kamera gehabt. Umso sch\u00f6ner, sie jetzt als grosse Schwester bei mir im Fotostudio zu haben \ud83d\ude42 Die Bilder zeigen eindrucksvoll, wie wohl sich Mia vor der Kamera f\u00fchlt. Die Bilder wirken ruhig und vertraut.<\/p>\n<div class=\"gmedia_gallery mosaic_module is_bot\" id=\"GmediaGallery_42\" data-gmid=\"42\" data-module=\"mosaic\"><style class='gmedia_module_style_import'>@import url('https:\/\/www.melanie-melcher.de\/wp-content\/grand-media\/module\/mosaic\/css\/mosaic.css?v=2.16') all;<\/style>\t<div class=\"gmMosaic_Container noLightbox\" data-gmid=\"42\">\t\t<noscript><a href='https:\/\/www.melanie-melcher.de\/wp-content\/grand-media\/image\/Baby_Madeleine-Melanie_Melcher_9_von_44_.jpg'><img class=\"noLazy\" src='https:\/\/www.melanie-melcher.de\/wp-content\/grand-media\/image\/thumb\/Baby_Madeleine-Melanie_Melcher_9_von_44_.jpg' alt='Baby Madeleine-Melanie Melcher (9 Von 44)' \/><\/a><a href='https:\/\/www.melanie-melcher.de\/wp-content\/grand-media\/image\/Baby_Madeleine-Melanie_Melcher_8_von_44_.jpg'><img class=\"noLazy\" src='https:\/\/www.melanie-melcher.de\/wp-content\/grand-media\/image\/thumb\/Baby_Madeleine-Melanie_Melcher_8_von_44_.jpg' alt='Baby Madeleine-Melanie Melcher (8 Von 44)' \/><\/a><a href='https:\/\/www.melanie-melcher.de\/wp-content\/grand-media\/image\/Baby_Madeleine-Melanie_Melcher_7_von_44_.jpg'><img class=\"noLazy\" src='https:\/\/www.melanie-melcher.de\/wp-content\/grand-media\/image\/thumb\/Baby_Madeleine-Melanie_Melcher_7_von_44_.jpg' alt='Baby Madeleine-Melanie Melcher (7 Von 44)' \/><\/a><a href='https:\/\/www.melanie-melcher.de\/wp-content\/grand-media\/image\/Baby_Madeleine-Melanie_Melcher_6_von_44_.jpg'><img class=\"noLazy\" src='https:\/\/www.melanie-melcher.de\/wp-content\/grand-media\/image\/thumb\/Baby_Madeleine-Melanie_Melcher_6_von_44_.jpg' alt='Baby Madeleine-Melanie Melcher (6 Von 44)' \/><\/a><a href='https:\/\/www.melanie-melcher.de\/wp-content\/grand-media\/image\/Baby_Madeleine-Melanie_Melcher_5_von_44_.jpg'><img class=\"noLazy\" src='https:\/\/www.melanie-melcher.de\/wp-content\/grand-media\/image\/thumb\/Baby_Madeleine-Melanie_Melcher_5_von_44_.jpg' alt='Baby Madeleine-Melanie Melcher (5 Von 44)' \/><\/a><a href='https:\/\/www.melanie-melcher.de\/wp-content\/grand-media\/image\/Baby_Madeleine-Melanie_Melcher_44_von_44_.jpg'><img class=\"noLazy\" src='https:\/\/www.melanie-melcher.de\/wp-content\/grand-media\/image\/thumb\/Baby_Madeleine-Melanie_Melcher_44_von_44_.jpg' alt='Baby Madeleine-Melanie Melcher (44 Von 44)' \/><\/a><a href='https:\/\/www.melanie-melcher.de\/wp-content\/grand-media\/image\/Baby_Madeleine-Melanie_Melcher_43_von_44_.jpg'><img class=\"noLazy\" src='https:\/\/www.melanie-melcher.de\/wp-content\/grand-media\/image\/thumb\/Baby_Madeleine-Melanie_Melcher_43_von_44_.jpg' alt='Baby Madeleine-Melanie Melcher (43 Von 44)' \/><\/a><a href='https:\/\/www.melanie-melcher.de\/wp-content\/grand-media\/image\/Baby_Madeleine-Melanie_Melcher_42_von_44_.jpg'><img class=\"noLazy\" src='https:\/\/www.melanie-melcher.de\/wp-content\/grand-media\/image\/thumb\/Baby_Madeleine-Melanie_Melcher_42_von_44_.jpg' alt='Baby Madeleine-Melanie Melcher (42 Von 44)' \/><\/a><a href='https:\/\/www.melanie-melcher.de\/wp-content\/grand-media\/image\/Baby_Madeleine-Melanie_Melcher_41_von_44_.jpg'><img class=\"noLazy\" src='https:\/\/www.melanie-melcher.de\/wp-content\/grand-media\/image\/thumb\/Baby_Madeleine-Melanie_Melcher_41_von_44_.jpg' alt='Baby Madeleine-Melanie Melcher (41 Von 44)' \/><\/a><a href='https:\/\/www.melanie-melcher.de\/wp-content\/grand-media\/image\/Baby_Madeleine-Melanie_Melcher_40_von_44_.jpg'><img class=\"noLazy\" src='https:\/\/www.melanie-melcher.de\/wp-content\/grand-media\/image\/thumb\/Baby_Madeleine-Melanie_Melcher_40_von_44_.jpg' alt='Baby Madeleine-Melanie Melcher (40 Von 44)' \/><\/a><a href='https:\/\/www.melanie-melcher.de\/wp-content\/grand-media\/image\/Baby_Madeleine-Melanie_Melcher_4_von_44_.jpg'><img class=\"noLazy\" src='https:\/\/www.melanie-melcher.de\/wp-content\/grand-media\/image\/thumb\/Baby_Madeleine-Melanie_Melcher_4_von_44_.jpg' alt='Baby Madeleine-Melanie Melcher (4 Von 44)' \/><\/a><a href='https:\/\/www.melanie-melcher.de\/wp-content\/grand-media\/image\/Baby_Madeleine-Melanie_Melcher_39_von_44_.jpg'><img class=\"noLazy\" src='https:\/\/www.melanie-melcher.de\/wp-content\/grand-media\/image\/thumb\/Baby_Madeleine-Melanie_Melcher_39_von_44_.jpg' alt='Baby Madeleine-Melanie Melcher (39 Von 44)' \/><\/a><a href='https:\/\/www.melanie-melcher.de\/wp-content\/grand-media\/image\/Baby_Madeleine-Melanie_Melcher_38_von_44_.jpg'><img class=\"noLazy\" src='https:\/\/www.melanie-melcher.de\/wp-content\/grand-media\/image\/thumb\/Baby_Madeleine-Melanie_Melcher_38_von_44_.jpg' alt='Baby Madeleine-Melanie Melcher (38 Von 44)' \/><\/a><a href='https:\/\/www.melanie-melcher.de\/wp-content\/grand-media\/image\/Baby_Madeleine-Melanie_Melcher_37_von_44_.jpg'><img class=\"noLazy\" src='https:\/\/www.melanie-melcher.de\/wp-content\/grand-media\/image\/thumb\/Baby_Madeleine-Melanie_Melcher_37_von_44_.jpg' alt='Baby Madeleine-Melanie Melcher (37 Von 44)' \/><\/a><a href='https:\/\/www.melanie-melcher.de\/wp-content\/grand-media\/image\/Baby_Madeleine-Melanie_Melcher_36_von_44_.jpg'><img class=\"noLazy\" src='https:\/\/www.melanie-melcher.de\/wp-content\/grand-media\/image\/thumb\/Baby_Madeleine-Melanie_Melcher_36_von_44_.jpg' alt='Baby Madeleine-Melanie Melcher (36 Von 44)' \/><\/a><a href='https:\/\/www.melanie-melcher.de\/wp-content\/grand-media\/image\/Baby_Madeleine-Melanie_Melcher_35_von_44_.jpg'><img class=\"noLazy\" src='https:\/\/www.melanie-melcher.de\/wp-content\/grand-media\/image\/thumb\/Baby_Madeleine-Melanie_Melcher_35_von_44_.jpg' alt='Baby Madeleine-Melanie Melcher (35 Von 44)' \/><\/a><a href='https:\/\/www.melanie-melcher.de\/wp-content\/grand-media\/image\/Baby_Madeleine-Melanie_Melcher_34_von_44_.jpg'><img class=\"noLazy\" src='https:\/\/www.melanie-melcher.de\/wp-content\/grand-media\/image\/thumb\/Baby_Madeleine-Melanie_Melcher_34_von_44_.jpg' alt='Baby Madeleine-Melanie Melcher (34 Von 44)' \/><\/a><a href='https:\/\/www.melanie-melcher.de\/wp-content\/grand-media\/image\/Baby_Madeleine-Melanie_Melcher_33_von_44_.jpg'><img class=\"noLazy\" src='https:\/\/www.melanie-melcher.de\/wp-content\/grand-media\/image\/thumb\/Baby_Madeleine-Melanie_Melcher_33_von_44_.jpg' alt='Baby Madeleine-Melanie Melcher (33 Von 44)' \/><\/a><a href='https:\/\/www.melanie-melcher.de\/wp-content\/grand-media\/image\/Baby_Madeleine-Melanie_Melcher_32_von_44_.jpg'><img class=\"noLazy\" src='https:\/\/www.melanie-melcher.de\/wp-content\/grand-media\/image\/thumb\/Baby_Madeleine-Melanie_Melcher_32_von_44_.jpg' alt='Baby Madeleine-Melanie Melcher (32 Von 44)' \/><\/a><a href='https:\/\/www.melanie-melcher.de\/wp-content\/grand-media\/image\/Baby_Madeleine-Melanie_Melcher_31_von_44_.jpg'><img class=\"noLazy\" src='https:\/\/www.melanie-melcher.de\/wp-content\/grand-media\/image\/thumb\/Baby_Madeleine-Melanie_Melcher_31_von_44_.jpg' alt='Baby Madeleine-Melanie Melcher (31 Von 44)' \/><\/a><a href='https:\/\/www.melanie-melcher.de\/wp-content\/grand-media\/image\/Baby_Madeleine-Melanie_Melcher_30_von_44_.jpg'><img class=\"noLazy\" src='https:\/\/www.melanie-melcher.de\/wp-content\/grand-media\/image\/thumb\/Baby_Madeleine-Melanie_Melcher_30_von_44_.jpg' alt='Baby Madeleine-Melanie Melcher (30 Von 44)' \/><\/a><a href='https:\/\/www.melanie-melcher.de\/wp-content\/grand-media\/image\/Baby_Madeleine-Melanie_Melcher_3_von_44_.jpg'><img class=\"noLazy\" src='https:\/\/www.melanie-melcher.de\/wp-content\/grand-media\/image\/thumb\/Baby_Madeleine-Melanie_Melcher_3_von_44_.jpg' alt='Baby Madeleine-Melanie Melcher (3 Von 44)' \/><\/a><a href='https:\/\/www.melanie-melcher.de\/wp-content\/grand-media\/image\/Baby_Madeleine-Melanie_Melcher_29_von_44_.jpg'><img class=\"noLazy\" src='https:\/\/www.melanie-melcher.de\/wp-content\/grand-media\/image\/thumb\/Baby_Madeleine-Melanie_Melcher_29_von_44_.jpg' alt='Baby Madeleine-Melanie Melcher (29 Von 44)' \/><\/a><a href='https:\/\/www.melanie-melcher.de\/wp-content\/grand-media\/image\/Baby_Madeleine-Melanie_Melcher_28_von_44_.jpg'><img class=\"noLazy\" src='https:\/\/www.melanie-melcher.de\/wp-content\/grand-media\/image\/thumb\/Baby_Madeleine-Melanie_Melcher_28_von_44_.jpg' alt='Baby Madeleine-Melanie Melcher (28 Von 44)' \/><\/a><a href='https:\/\/www.melanie-melcher.de\/wp-content\/grand-media\/image\/Baby_Madeleine-Melanie_Melcher_27_von_44_.jpg'><img class=\"noLazy\" src='https:\/\/www.melanie-melcher.de\/wp-content\/grand-media\/image\/thumb\/Baby_Madeleine-Melanie_Melcher_27_von_44_.jpg' alt='Baby Madeleine-Melanie Melcher (27 Von 44)' \/><\/a><a href='https:\/\/www.melanie-melcher.de\/wp-content\/grand-media\/image\/Baby_Madeleine-Melanie_Melcher_26_von_44_.jpg'><img class=\"noLazy\" src='https:\/\/www.melanie-melcher.de\/wp-content\/grand-media\/image\/thumb\/Baby_Madeleine-Melanie_Melcher_26_von_44_.jpg' alt='Baby Madeleine-Melanie Melcher (26 Von 44)' \/><\/a><a href='https:\/\/www.melanie-melcher.de\/wp-content\/grand-media\/image\/Baby_Madeleine-Melanie_Melcher_25_von_44_.jpg'><img class=\"noLazy\" src='https:\/\/www.melanie-melcher.de\/wp-content\/grand-media\/image\/thumb\/Baby_Madeleine-Melanie_Melcher_25_von_44_.jpg' alt='Baby Madeleine-Melanie Melcher (25 Von 44)' \/><\/a><a href='https:\/\/www.melanie-melcher.de\/wp-content\/grand-media\/image\/Baby_Madeleine-Melanie_Melcher_24_von_44_.jpg'><img class=\"noLazy\" src='https:\/\/www.melanie-melcher.de\/wp-content\/grand-media\/image\/thumb\/Baby_Madeleine-Melanie_Melcher_24_von_44_.jpg' alt='Baby Madeleine-Melanie Melcher (24 Von 44)' \/><\/a><a href='https:\/\/www.melanie-melcher.de\/wp-content\/grand-media\/image\/Baby_Madeleine-Melanie_Melcher_23_von_44_.jpg'><img class=\"noLazy\" src='https:\/\/www.melanie-melcher.de\/wp-content\/grand-media\/image\/thumb\/Baby_Madeleine-Melanie_Melcher_23_von_44_.jpg' alt='Baby Madeleine-Melanie Melcher (23 Von 44)' \/><\/a><a href='https:\/\/www.melanie-melcher.de\/wp-content\/grand-media\/image\/Baby_Madeleine-Melanie_Melcher_22_von_44_.jpg'><img class=\"noLazy\" src='https:\/\/www.melanie-melcher.de\/wp-content\/grand-media\/image\/thumb\/Baby_Madeleine-Melanie_Melcher_22_von_44_.jpg' alt='Baby Madeleine-Melanie Melcher (22 Von 44)' \/><\/a><a href='https:\/\/www.melanie-melcher.de\/wp-content\/grand-media\/image\/Baby_Madeleine-Melanie_Melcher_21_von_44_.jpg'><img class=\"noLazy\" src='https:\/\/www.melanie-melcher.de\/wp-content\/grand-media\/image\/thumb\/Baby_Madeleine-Melanie_Melcher_21_von_44_.jpg' alt='Baby Madeleine-Melanie Melcher (21 Von 44)' \/><\/a><a href='https:\/\/www.melanie-melcher.de\/wp-content\/grand-media\/image\/Baby_Madeleine-Melanie_Melcher_20_von_44_.jpg'><img class=\"noLazy\" src='https:\/\/www.melanie-melcher.de\/wp-content\/grand-media\/image\/thumb\/Baby_Madeleine-Melanie_Melcher_20_von_44_.jpg' alt='Baby Madeleine-Melanie Melcher (20 Von 44)' \/><\/a><a href='https:\/\/www.melanie-melcher.de\/wp-content\/grand-media\/image\/Baby_Madeleine-Melanie_Melcher_2_von_44_.jpg'><img class=\"noLazy\" src='https:\/\/www.melanie-melcher.de\/wp-content\/grand-media\/image\/thumb\/Baby_Madeleine-Melanie_Melcher_2_von_44_.jpg' alt='Baby Madeleine-Melanie Melcher (2 Von 44)' \/><\/a><a href='https:\/\/www.melanie-melcher.de\/wp-content\/grand-media\/image\/Baby_Madeleine-Melanie_Melcher_19_von_44_.jpg'><img class=\"noLazy\" src='https:\/\/www.melanie-melcher.de\/wp-content\/grand-media\/image\/thumb\/Baby_Madeleine-Melanie_Melcher_19_von_44_.jpg' alt='Baby Madeleine-Melanie Melcher (19 Von 44)' \/><\/a><a href='https:\/\/www.melanie-melcher.de\/wp-content\/grand-media\/image\/Baby_Madeleine-Melanie_Melcher_18_von_44_.jpg'><img class=\"noLazy\" src='https:\/\/www.melanie-melcher.de\/wp-content\/grand-media\/image\/thumb\/Baby_Madeleine-Melanie_Melcher_18_von_44_.jpg' alt='Baby Madeleine-Melanie Melcher (18 Von 44)' \/><\/a><a href='https:\/\/www.melanie-melcher.de\/wp-content\/grand-media\/image\/Baby_Madeleine-Melanie_Melcher_17_von_44_.jpg'><img class=\"noLazy\" src='https:\/\/www.melanie-melcher.de\/wp-content\/grand-media\/image\/thumb\/Baby_Madeleine-Melanie_Melcher_17_von_44_.jpg' alt='Baby Madeleine-Melanie Melcher (17 Von 44)' \/><\/a><a href='https:\/\/www.melanie-melcher.de\/wp-content\/grand-media\/image\/Baby_Madeleine-Melanie_Melcher_16_von_44_.jpg'><img class=\"noLazy\" src='https:\/\/www.melanie-melcher.de\/wp-content\/grand-media\/image\/thumb\/Baby_Madeleine-Melanie_Melcher_16_von_44_.jpg' alt='Baby Madeleine-Melanie Melcher (16 Von 44)' \/><\/a><a href='https:\/\/www.melanie-melcher.de\/wp-content\/grand-media\/image\/Baby_Madeleine-Melanie_Melcher_15_von_44_.jpg'><img class=\"noLazy\" src='https:\/\/www.melanie-melcher.de\/wp-content\/grand-media\/image\/thumb\/Baby_Madeleine-Melanie_Melcher_15_von_44_.jpg' alt='Baby Madeleine-Melanie Melcher (15 Von 44)' \/><\/a><a href='https:\/\/www.melanie-melcher.de\/wp-content\/grand-media\/image\/Baby_Madeleine-Melanie_Melcher_14_von_44_.jpg'><img class=\"noLazy\" src='https:\/\/www.melanie-melcher.de\/wp-content\/grand-media\/image\/thumb\/Baby_Madeleine-Melanie_Melcher_14_von_44_.jpg' alt='Baby Madeleine-Melanie Melcher (14 Von 44)' \/><\/a><a href='https:\/\/www.melanie-melcher.de\/wp-content\/grand-media\/image\/Baby_Madeleine-Melanie_Melcher_13_von_44_.jpg'><img class=\"noLazy\" src='https:\/\/www.melanie-melcher.de\/wp-content\/grand-media\/image\/thumb\/Baby_Madeleine-Melanie_Melcher_13_von_44_.jpg' alt='Baby Madeleine-Melanie Melcher (13 Von 44)' \/><\/a><a href='https:\/\/www.melanie-melcher.de\/wp-content\/grand-media\/image\/Baby_Madeleine-Melanie_Melcher_12_von_44_.jpg'><img class=\"noLazy\" src='https:\/\/www.melanie-melcher.de\/wp-content\/grand-media\/image\/thumb\/Baby_Madeleine-Melanie_Melcher_12_von_44_.jpg' alt='Baby Madeleine-Melanie Melcher (12 Von 44)' \/><\/a><a href='https:\/\/www.melanie-melcher.de\/wp-content\/grand-media\/image\/Baby_Madeleine-Melanie_Melcher_11_von_44_.jpg'><img class=\"noLazy\" src='https:\/\/www.melanie-melcher.de\/wp-content\/grand-media\/image\/thumb\/Baby_Madeleine-Melanie_Melcher_11_von_44_.jpg' alt='Baby Madeleine-Melanie Melcher (11 Von 44)' \/><\/a><a href='https:\/\/www.melanie-melcher.de\/wp-content\/grand-media\/image\/Baby_Madeleine-Melanie_Melcher_10_von_44_.jpg'><img class=\"noLazy\" src='https:\/\/www.melanie-melcher.de\/wp-content\/grand-media\/image\/thumb\/Baby_Madeleine-Melanie_Melcher_10_von_44_.jpg' alt='Baby Madeleine-Melanie Melcher (10 Von 44)' \/><\/a><a href='https:\/\/www.melanie-melcher.de\/wp-content\/grand-media\/image\/Baby_Madeleine-Melanie_Melcher_1_von_44_.jpg'><img class=\"noLazy\" src='https:\/\/www.melanie-melcher.de\/wp-content\/grand-media\/image\/thumb\/Baby_Madeleine-Melanie_Melcher_1_von_44_.jpg' alt='Baby Madeleine-Melanie Melcher (1 Von 44)' \/><\/a><\/noscript><\/div>\n\t\t<script type=\"text\/javascript\">\n\t\t\tdocument.addEventListener( 'DOMContentLoaded', function() {\n\t\t\t\tjQuery( function( $ ) {\n\t\t\t\t\tvar settings = {\"columns\":\"3\",\"lightbox_mobile\":\"0\",\"ID\":\"42\",\"name\":\"Madeleine\",\"is_mobile\":false,\"module_dirurl\":\"https:\\\/\\\/www.melanie-melcher.de\\\/wp-content\\\/grand-media\\\/module\\\/mosaic\"};\n\t\t\t\t\tvar gmedia_mosaic_content = [{\"id\":\"330\",\"type\":\"image\",\"ext\":\"jpg\",\"src\":\"\\\/image\\\/Baby_Madeleine-Melanie_Melcher_9_von_44_.jpg\",\"sizes\":{\"thumb\":\"https:\\\/\\\/www.melanie-melcher.de\\\/wp-content\\\/grand-media\\\/image\\\/thumb\\\/Baby_Madeleine-Melanie_Melcher_9_von_44_.jpg\",\"full\":\"https:\\\/\\\/www.melanie-melcher.de\\\/wp-content\\\/grand-media\\\/image\\\/Baby_Madeleine-Melanie_Melcher_9_von_44_.jpg\"},\"title\":\"Baby Madeleine-Melanie Melcher (9 Von 44)\",\"alt\":\"Baby Madeleine-Melanie Melcher (9 Von 44)\",\"caption\":\"\",\"url\":\"\",\"post_link\":\"https:\\\/\\\/www.melanie-melcher.de\\\/index.php\\\/gmedia\\\/baby_madeleine-melanie_melcher_9_von_44_-jpg\\\/\",\"cc\":0,\"views\":1,\"likes\":0,\"width\":799,\"height\":533},{\"id\":\"329\",\"type\":\"image\",\"ext\":\"jpg\",\"src\":\"\\\/image\\\/Baby_Madeleine-Melanie_Melcher_8_von_44_.jpg\",\"sizes\":{\"thumb\":\"https:\\\/\\\/www.melanie-melcher.de\\\/wp-content\\\/grand-media\\\/image\\\/thumb\\\/Baby_Madeleine-Melanie_Melcher_8_von_44_.jpg\",\"full\":\"https:\\\/\\\/www.melanie-melcher.de\\\/wp-content\\\/grand-media\\\/image\\\/Baby_Madeleine-Melanie_Melcher_8_von_44_.jpg\"},\"title\":\"Baby Madeleine-Melanie Melcher (8 Von 44)\",\"alt\":\"Baby Madeleine-Melanie Melcher (8 Von 44)\",\"caption\":\"\",\"url\":\"\",\"post_link\":\"https:\\\/\\\/www.melanie-melcher.de\\\/index.php\\\/gmedia\\\/baby_madeleine-melanie_melcher_8_von_44_-jpg\\\/\",\"cc\":0,\"views\":0,\"likes\":0,\"width\":800,\"height\":533},{\"id\":\"328\",\"type\":\"image\",\"ext\":\"jpg\",\"src\":\"\\\/image\\\/Baby_Madeleine-Melanie_Melcher_7_von_44_.jpg\",\"sizes\":{\"thumb\":\"https:\\\/\\\/www.melanie-melcher.de\\\/wp-content\\\/grand-media\\\/image\\\/thumb\\\/Baby_Madeleine-Melanie_Melcher_7_von_44_.jpg\",\"full\":\"https:\\\/\\\/www.melanie-melcher.de\\\/wp-content\\\/grand-media\\\/image\\\/Baby_Madeleine-Melanie_Melcher_7_von_44_.jpg\"},\"title\":\"Baby Madeleine-Melanie Melcher (7 Von 44)\",\"alt\":\"Baby Madeleine-Melanie Melcher (7 Von 44)\",\"caption\":\"\",\"url\":\"\",\"post_link\":\"https:\\\/\\\/www.melanie-melcher.de\\\/index.php\\\/gmedia\\\/baby_madeleine-melanie_melcher_7_von_44_-jpg\\\/\",\"cc\":0,\"views\":1,\"likes\":0,\"width\":799,\"height\":533},{\"id\":\"327\",\"type\":\"image\",\"ext\":\"jpg\",\"src\":\"\\\/image\\\/Baby_Madeleine-Melanie_Melcher_6_von_44_.jpg\",\"sizes\":{\"thumb\":\"https:\\\/\\\/www.melanie-melcher.de\\\/wp-content\\\/grand-media\\\/image\\\/thumb\\\/Baby_Madeleine-Melanie_Melcher_6_von_44_.jpg\",\"full\":\"https:\\\/\\\/www.melanie-melcher.de\\\/wp-content\\\/grand-media\\\/image\\\/Baby_Madeleine-Melanie_Melcher_6_von_44_.jpg\"},\"title\":\"Baby Madeleine-Melanie Melcher (6 Von 44)\",\"alt\":\"Baby Madeleine-Melanie Melcher (6 Von 44)\",\"caption\":\"\",\"url\":\"\",\"post_link\":\"https:\\\/\\\/www.melanie-melcher.de\\\/index.php\\\/gmedia\\\/baby_madeleine-melanie_melcher_6_von_44_-jpg\\\/\",\"cc\":0,\"views\":1,\"likes\":0,\"width\":799,\"height\":533},{\"id\":\"326\",\"type\":\"image\",\"ext\":\"jpg\",\"src\":\"\\\/image\\\/Baby_Madeleine-Melanie_Melcher_5_von_44_.jpg\",\"sizes\":{\"thumb\":\"https:\\\/\\\/www.melanie-melcher.de\\\/wp-content\\\/grand-media\\\/image\\\/thumb\\\/Baby_Madeleine-Melanie_Melcher_5_von_44_.jpg\",\"full\":\"https:\\\/\\\/www.melanie-melcher.de\\\/wp-content\\\/grand-media\\\/image\\\/Baby_Madeleine-Melanie_Melcher_5_von_44_.jpg\"},\"title\":\"Baby Madeleine-Melanie Melcher (5 Von 44)\",\"alt\":\"Baby Madeleine-Melanie Melcher (5 Von 44)\",\"caption\":\"\",\"url\":\"\",\"post_link\":\"https:\\\/\\\/www.melanie-melcher.de\\\/index.php\\\/gmedia\\\/baby_madeleine-melanie_melcher_5_von_44_-jpg\\\/\",\"cc\":0,\"views\":0,\"likes\":0,\"width\":799,\"height\":533},{\"id\":\"365\",\"type\":\"image\",\"ext\":\"jpg\",\"src\":\"\\\/image\\\/Baby_Madeleine-Melanie_Melcher_44_von_44_.jpg\",\"sizes\":{\"thumb\":\"https:\\\/\\\/www.melanie-melcher.de\\\/wp-content\\\/grand-media\\\/image\\\/thumb\\\/Baby_Madeleine-Melanie_Melcher_44_von_44_.jpg\",\"full\":\"https:\\\/\\\/www.melanie-melcher.de\\\/wp-content\\\/grand-media\\\/image\\\/Baby_Madeleine-Melanie_Melcher_44_von_44_.jpg\"},\"title\":\"Baby Madeleine-Melanie Melcher (44 Von 44)\",\"alt\":\"Baby Madeleine-Melanie Melcher (44 Von 44)\",\"caption\":\"\",\"url\":\"\",\"post_link\":\"https:\\\/\\\/www.melanie-melcher.de\\\/index.php\\\/gmedia\\\/baby_madeleine-melanie_melcher_44_von_44_-jpg\\\/\",\"cc\":0,\"views\":0,\"likes\":0,\"width\":799,\"height\":533},{\"id\":\"364\",\"type\":\"image\",\"ext\":\"jpg\",\"src\":\"\\\/image\\\/Baby_Madeleine-Melanie_Melcher_43_von_44_.jpg\",\"sizes\":{\"thumb\":\"https:\\\/\\\/www.melanie-melcher.de\\\/wp-content\\\/grand-media\\\/image\\\/thumb\\\/Baby_Madeleine-Melanie_Melcher_43_von_44_.jpg\",\"full\":\"https:\\\/\\\/www.melanie-melcher.de\\\/wp-content\\\/grand-media\\\/image\\\/Baby_Madeleine-Melanie_Melcher_43_von_44_.jpg\"},\"title\":\"Baby Madeleine-Melanie Melcher (43 Von 44)\",\"alt\":\"Baby Madeleine-Melanie Melcher (43 Von 44)\",\"caption\":\"\",\"url\":\"\",\"post_link\":\"https:\\\/\\\/www.melanie-melcher.de\\\/index.php\\\/gmedia\\\/baby_madeleine-melanie_melcher_43_von_44_-jpg\\\/\",\"cc\":0,\"views\":1,\"likes\":0,\"width\":800,\"height\":533},{\"id\":\"363\",\"type\":\"image\",\"ext\":\"jpg\",\"src\":\"\\\/image\\\/Baby_Madeleine-Melanie_Melcher_42_von_44_.jpg\",\"sizes\":{\"thumb\":\"https:\\\/\\\/www.melanie-melcher.de\\\/wp-content\\\/grand-media\\\/image\\\/thumb\\\/Baby_Madeleine-Melanie_Melcher_42_von_44_.jpg\",\"full\":\"https:\\\/\\\/www.melanie-melcher.de\\\/wp-content\\\/grand-media\\\/image\\\/Baby_Madeleine-Melanie_Melcher_42_von_44_.jpg\"},\"title\":\"Baby Madeleine-Melanie Melcher (42 Von 44)\",\"alt\":\"Baby Madeleine-Melanie Melcher (42 Von 44)\",\"caption\":\"\",\"url\":\"\",\"post_link\":\"https:\\\/\\\/www.melanie-melcher.de\\\/index.php\\\/gmedia\\\/baby_madeleine-melanie_melcher_42_von_44_-jpg\\\/\",\"cc\":0,\"views\":1,\"likes\":0,\"width\":799,\"height\":533},{\"id\":\"362\",\"type\":\"image\",\"ext\":\"jpg\",\"src\":\"\\\/image\\\/Baby_Madeleine-Melanie_Melcher_41_von_44_.jpg\",\"sizes\":{\"thumb\":\"https:\\\/\\\/www.melanie-melcher.de\\\/wp-content\\\/grand-media\\\/image\\\/thumb\\\/Baby_Madeleine-Melanie_Melcher_41_von_44_.jpg\",\"full\":\"https:\\\/\\\/www.melanie-melcher.de\\\/wp-content\\\/grand-media\\\/image\\\/Baby_Madeleine-Melanie_Melcher_41_von_44_.jpg\"},\"title\":\"Baby Madeleine-Melanie Melcher (41 Von 44)\",\"alt\":\"Baby Madeleine-Melanie Melcher (41 Von 44)\",\"caption\":\"\",\"url\":\"\",\"post_link\":\"https:\\\/\\\/www.melanie-melcher.de\\\/index.php\\\/gmedia\\\/baby_madeleine-melanie_melcher_41_von_44_-jpg\\\/\",\"cc\":0,\"views\":2,\"likes\":0,\"width\":800,\"height\":533},{\"id\":\"361\",\"type\":\"image\",\"ext\":\"jpg\",\"src\":\"\\\/image\\\/Baby_Madeleine-Melanie_Melcher_40_von_44_.jpg\",\"sizes\":{\"thumb\":\"https:\\\/\\\/www.melanie-melcher.de\\\/wp-content\\\/grand-media\\\/image\\\/thumb\\\/Baby_Madeleine-Melanie_Melcher_40_von_44_.jpg\",\"full\":\"https:\\\/\\\/www.melanie-melcher.de\\\/wp-content\\\/grand-media\\\/image\\\/Baby_Madeleine-Melanie_Melcher_40_von_44_.jpg\"},\"title\":\"Baby Madeleine-Melanie Melcher (40 Von 44)\",\"alt\":\"Baby Madeleine-Melanie Melcher (40 Von 44)\",\"caption\":\"\",\"url\":\"\",\"post_link\":\"https:\\\/\\\/www.melanie-melcher.de\\\/index.php\\\/gmedia\\\/baby_madeleine-melanie_melcher_40_von_44_-jpg\\\/\",\"cc\":0,\"views\":2,\"likes\":0,\"width\":533,\"height\":800},{\"id\":\"325\",\"type\":\"image\",\"ext\":\"jpg\",\"src\":\"\\\/image\\\/Baby_Madeleine-Melanie_Melcher_4_von_44_.jpg\",\"sizes\":{\"thumb\":\"https:\\\/\\\/www.melanie-melcher.de\\\/wp-content\\\/grand-media\\\/image\\\/thumb\\\/Baby_Madeleine-Melanie_Melcher_4_von_44_.jpg\",\"full\":\"https:\\\/\\\/www.melanie-melcher.de\\\/wp-content\\\/grand-media\\\/image\\\/Baby_Madeleine-Melanie_Melcher_4_von_44_.jpg\"},\"title\":\"Baby Madeleine-Melanie Melcher (4 Von 44)\",\"alt\":\"Baby Madeleine-Melanie Melcher (4 Von 44)\",\"caption\":\"\",\"url\":\"\",\"post_link\":\"https:\\\/\\\/www.melanie-melcher.de\\\/index.php\\\/gmedia\\\/baby_madeleine-melanie_melcher_4_von_44_-jpg\\\/\",\"cc\":0,\"views\":1,\"likes\":0,\"width\":799,\"height\":533},{\"id\":\"360\",\"type\":\"image\",\"ext\":\"jpg\",\"src\":\"\\\/image\\\/Baby_Madeleine-Melanie_Melcher_39_von_44_.jpg\",\"sizes\":{\"thumb\":\"https:\\\/\\\/www.melanie-melcher.de\\\/wp-content\\\/grand-media\\\/image\\\/thumb\\\/Baby_Madeleine-Melanie_Melcher_39_von_44_.jpg\",\"full\":\"https:\\\/\\\/www.melanie-melcher.de\\\/wp-content\\\/grand-media\\\/image\\\/Baby_Madeleine-Melanie_Melcher_39_von_44_.jpg\"},\"title\":\"Baby Madeleine-Melanie Melcher (39 Von 44)\",\"alt\":\"Baby Madeleine-Melanie Melcher (39 Von 44)\",\"caption\":\"\",\"url\":\"\",\"post_link\":\"https:\\\/\\\/www.melanie-melcher.de\\\/index.php\\\/gmedia\\\/baby_madeleine-melanie_melcher_39_von_44_-jpg\\\/\",\"cc\":0,\"views\":2,\"likes\":0,\"width\":533,\"height\":800},{\"id\":\"359\",\"type\":\"image\",\"ext\":\"jpg\",\"src\":\"\\\/image\\\/Baby_Madeleine-Melanie_Melcher_38_von_44_.jpg\",\"sizes\":{\"thumb\":\"https:\\\/\\\/www.melanie-melcher.de\\\/wp-content\\\/grand-media\\\/image\\\/thumb\\\/Baby_Madeleine-Melanie_Melcher_38_von_44_.jpg\",\"full\":\"https:\\\/\\\/www.melanie-melcher.de\\\/wp-content\\\/grand-media\\\/image\\\/Baby_Madeleine-Melanie_Melcher_38_von_44_.jpg\"},\"title\":\"Baby Madeleine-Melanie Melcher (38 Von 44)\",\"alt\":\"Baby Madeleine-Melanie Melcher (38 Von 44)\",\"caption\":\"\",\"url\":\"\",\"post_link\":\"https:\\\/\\\/www.melanie-melcher.de\\\/index.php\\\/gmedia\\\/baby_madeleine-melanie_melcher_38_von_44_-jpg\\\/\",\"cc\":0,\"views\":2,\"likes\":0,\"width\":533,\"height\":800},{\"id\":\"358\",\"type\":\"image\",\"ext\":\"jpg\",\"src\":\"\\\/image\\\/Baby_Madeleine-Melanie_Melcher_37_von_44_.jpg\",\"sizes\":{\"thumb\":\"https:\\\/\\\/www.melanie-melcher.de\\\/wp-content\\\/grand-media\\\/image\\\/thumb\\\/Baby_Madeleine-Melanie_Melcher_37_von_44_.jpg\",\"full\":\"https:\\\/\\\/www.melanie-melcher.de\\\/wp-content\\\/grand-media\\\/image\\\/Baby_Madeleine-Melanie_Melcher_37_von_44_.jpg\"},\"title\":\"Baby Madeleine-Melanie Melcher (37 Von 44)\",\"alt\":\"Baby Madeleine-Melanie Melcher (37 Von 44)\",\"caption\":\"\",\"url\":\"\",\"post_link\":\"https:\\\/\\\/www.melanie-melcher.de\\\/index.php\\\/gmedia\\\/baby_madeleine-melanie_melcher_37_von_44_-jpg\\\/\",\"cc\":0,\"views\":2,\"likes\":0,\"width\":800,\"height\":533},{\"id\":\"357\",\"type\":\"image\",\"ext\":\"jpg\",\"src\":\"\\\/image\\\/Baby_Madeleine-Melanie_Melcher_36_von_44_.jpg\",\"sizes\":{\"thumb\":\"https:\\\/\\\/www.melanie-melcher.de\\\/wp-content\\\/grand-media\\\/image\\\/thumb\\\/Baby_Madeleine-Melanie_Melcher_36_von_44_.jpg\",\"full\":\"https:\\\/\\\/www.melanie-melcher.de\\\/wp-content\\\/grand-media\\\/image\\\/Baby_Madeleine-Melanie_Melcher_36_von_44_.jpg\"},\"title\":\"Baby Madeleine-Melanie Melcher (36 Von 44)\",\"alt\":\"Baby Madeleine-Melanie Melcher (36 Von 44)\",\"caption\":\"\",\"url\":\"\",\"post_link\":\"https:\\\/\\\/www.melanie-melcher.de\\\/index.php\\\/gmedia\\\/baby_madeleine-melanie_melcher_36_von_44_-jpg\\\/\",\"cc\":0,\"views\":2,\"likes\":0,\"width\":800,\"height\":533},{\"id\":\"356\",\"type\":\"image\",\"ext\":\"jpg\",\"src\":\"\\\/image\\\/Baby_Madeleine-Melanie_Melcher_35_von_44_.jpg\",\"sizes\":{\"thumb\":\"https:\\\/\\\/www.melanie-melcher.de\\\/wp-content\\\/grand-media\\\/image\\\/thumb\\\/Baby_Madeleine-Melanie_Melcher_35_von_44_.jpg\",\"full\":\"https:\\\/\\\/www.melanie-melcher.de\\\/wp-content\\\/grand-media\\\/image\\\/Baby_Madeleine-Melanie_Melcher_35_von_44_.jpg\"},\"title\":\"Baby Madeleine-Melanie Melcher (35 Von 44)\",\"alt\":\"Baby Madeleine-Melanie Melcher (35 Von 44)\",\"caption\":\"\",\"url\":\"\",\"post_link\":\"https:\\\/\\\/www.melanie-melcher.de\\\/index.php\\\/gmedia\\\/baby_madeleine-melanie_melcher_35_von_44_-jpg\\\/\",\"cc\":0,\"views\":2,\"likes\":0,\"width\":533,\"height\":799},{\"id\":\"355\",\"type\":\"image\",\"ext\":\"jpg\",\"src\":\"\\\/image\\\/Baby_Madeleine-Melanie_Melcher_34_von_44_.jpg\",\"sizes\":{\"thumb\":\"https:\\\/\\\/www.melanie-melcher.de\\\/wp-content\\\/grand-media\\\/image\\\/thumb\\\/Baby_Madeleine-Melanie_Melcher_34_von_44_.jpg\",\"full\":\"https:\\\/\\\/www.melanie-melcher.de\\\/wp-content\\\/grand-media\\\/image\\\/Baby_Madeleine-Melanie_Melcher_34_von_44_.jpg\"},\"title\":\"Baby Madeleine-Melanie Melcher (34 Von 44)\",\"alt\":\"Baby Madeleine-Melanie Melcher (34 Von 44)\",\"caption\":\"\",\"url\":\"\",\"post_link\":\"https:\\\/\\\/www.melanie-melcher.de\\\/index.php\\\/gmedia\\\/baby_madeleine-melanie_melcher_34_von_44_-jpg\\\/\",\"cc\":0,\"views\":1,\"likes\":0,\"width\":800,\"height\":533},{\"id\":\"354\",\"type\":\"image\",\"ext\":\"jpg\",\"src\":\"\\\/image\\\/Baby_Madeleine-Melanie_Melcher_33_von_44_.jpg\",\"sizes\":{\"thumb\":\"https:\\\/\\\/www.melanie-melcher.de\\\/wp-content\\\/grand-media\\\/image\\\/thumb\\\/Baby_Madeleine-Melanie_Melcher_33_von_44_.jpg\",\"full\":\"https:\\\/\\\/www.melanie-melcher.de\\\/wp-content\\\/grand-media\\\/image\\\/Baby_Madeleine-Melanie_Melcher_33_von_44_.jpg\"},\"title\":\"Baby Madeleine-Melanie Melcher (33 Von 44)\",\"alt\":\"Baby Madeleine-Melanie Melcher (33 Von 44)\",\"caption\":\"\",\"url\":\"\",\"post_link\":\"https:\\\/\\\/www.melanie-melcher.de\\\/index.php\\\/gmedia\\\/baby_madeleine-melanie_melcher_33_von_44_-jpg\\\/\",\"cc\":0,\"views\":1,\"likes\":0,\"width\":533,\"height\":800},{\"id\":\"353\",\"type\":\"image\",\"ext\":\"jpg\",\"src\":\"\\\/image\\\/Baby_Madeleine-Melanie_Melcher_32_von_44_.jpg\",\"sizes\":{\"thumb\":\"https:\\\/\\\/www.melanie-melcher.de\\\/wp-content\\\/grand-media\\\/image\\\/thumb\\\/Baby_Madeleine-Melanie_Melcher_32_von_44_.jpg\",\"full\":\"https:\\\/\\\/www.melanie-melcher.de\\\/wp-content\\\/grand-media\\\/image\\\/Baby_Madeleine-Melanie_Melcher_32_von_44_.jpg\"},\"title\":\"Baby Madeleine-Melanie Melcher (32 Von 44)\",\"alt\":\"Baby Madeleine-Melanie Melcher (32 Von 44)\",\"caption\":\"\",\"url\":\"\",\"post_link\":\"https:\\\/\\\/www.melanie-melcher.de\\\/index.php\\\/gmedia\\\/baby_madeleine-melanie_melcher_32_von_44_-jpg\\\/\",\"cc\":0,\"views\":1,\"likes\":0,\"width\":533,\"height\":799},{\"id\":\"352\",\"type\":\"image\",\"ext\":\"jpg\",\"src\":\"\\\/image\\\/Baby_Madeleine-Melanie_Melcher_31_von_44_.jpg\",\"sizes\":{\"thumb\":\"https:\\\/\\\/www.melanie-melcher.de\\\/wp-content\\\/grand-media\\\/image\\\/thumb\\\/Baby_Madeleine-Melanie_Melcher_31_von_44_.jpg\",\"full\":\"https:\\\/\\\/www.melanie-melcher.de\\\/wp-content\\\/grand-media\\\/image\\\/Baby_Madeleine-Melanie_Melcher_31_von_44_.jpg\"},\"title\":\"Baby Madeleine-Melanie Melcher (31 Von 44)\",\"alt\":\"Baby Madeleine-Melanie Melcher (31 Von 44)\",\"caption\":\"\",\"url\":\"\",\"post_link\":\"https:\\\/\\\/www.melanie-melcher.de\\\/index.php\\\/gmedia\\\/baby_madeleine-melanie_melcher_31_von_44_-jpg\\\/\",\"cc\":0,\"views\":1,\"likes\":0,\"width\":800,\"height\":533},{\"id\":\"351\",\"type\":\"image\",\"ext\":\"jpg\",\"src\":\"\\\/image\\\/Baby_Madeleine-Melanie_Melcher_30_von_44_.jpg\",\"sizes\":{\"thumb\":\"https:\\\/\\\/www.melanie-melcher.de\\\/wp-content\\\/grand-media\\\/image\\\/thumb\\\/Baby_Madeleine-Melanie_Melcher_30_von_44_.jpg\",\"full\":\"https:\\\/\\\/www.melanie-melcher.de\\\/wp-content\\\/grand-media\\\/image\\\/Baby_Madeleine-Melanie_Melcher_30_von_44_.jpg\"},\"title\":\"Baby Madeleine-Melanie Melcher (30 Von 44)\",\"alt\":\"Baby Madeleine-Melanie Melcher (30 Von 44)\",\"caption\":\"\",\"url\":\"\",\"post_link\":\"https:\\\/\\\/www.melanie-melcher.de\\\/index.php\\\/gmedia\\\/baby_madeleine-melanie_melcher_30_von_44_-jpg\\\/\",\"cc\":0,\"views\":1,\"likes\":0,\"width\":800,\"height\":533},{\"id\":\"324\",\"type\":\"image\",\"ext\":\"jpg\",\"src\":\"\\\/image\\\/Baby_Madeleine-Melanie_Melcher_3_von_44_.jpg\",\"sizes\":{\"thumb\":\"https:\\\/\\\/www.melanie-melcher.de\\\/wp-content\\\/grand-media\\\/image\\\/thumb\\\/Baby_Madeleine-Melanie_Melcher_3_von_44_.jpg\",\"full\":\"https:\\\/\\\/www.melanie-melcher.de\\\/wp-content\\\/grand-media\\\/image\\\/Baby_Madeleine-Melanie_Melcher_3_von_44_.jpg\"},\"title\":\"Baby Madeleine-Melanie Melcher (3 Von 44)\",\"alt\":\"Baby Madeleine-Melanie Melcher (3 Von 44)\",\"caption\":\"\",\"url\":\"\",\"post_link\":\"https:\\\/\\\/www.melanie-melcher.de\\\/index.php\\\/gmedia\\\/baby_madeleine-melanie_melcher_3_von_44_-jpg\\\/\",\"cc\":0,\"views\":1,\"likes\":0,\"width\":800,\"height\":533},{\"id\":\"350\",\"type\":\"image\",\"ext\":\"jpg\",\"src\":\"\\\/image\\\/Baby_Madeleine-Melanie_Melcher_29_von_44_.jpg\",\"sizes\":{\"thumb\":\"https:\\\/\\\/www.melanie-melcher.de\\\/wp-content\\\/grand-media\\\/image\\\/thumb\\\/Baby_Madeleine-Melanie_Melcher_29_von_44_.jpg\",\"full\":\"https:\\\/\\\/www.melanie-melcher.de\\\/wp-content\\\/grand-media\\\/image\\\/Baby_Madeleine-Melanie_Melcher_29_von_44_.jpg\"},\"title\":\"Baby Madeleine-Melanie Melcher (29 Von 44)\",\"alt\":\"Baby Madeleine-Melanie Melcher (29 Von 44)\",\"caption\":\"\",\"url\":\"\",\"post_link\":\"https:\\\/\\\/www.melanie-melcher.de\\\/index.php\\\/gmedia\\\/baby_madeleine-melanie_melcher_29_von_44_-jpg\\\/\",\"cc\":0,\"views\":1,\"likes\":0,\"width\":533,\"height\":800},{\"id\":\"349\",\"type\":\"image\",\"ext\":\"jpg\",\"src\":\"\\\/image\\\/Baby_Madeleine-Melanie_Melcher_28_von_44_.jpg\",\"sizes\":{\"thumb\":\"https:\\\/\\\/www.melanie-melcher.de\\\/wp-content\\\/grand-media\\\/image\\\/thumb\\\/Baby_Madeleine-Melanie_Melcher_28_von_44_.jpg\",\"full\":\"https:\\\/\\\/www.melanie-melcher.de\\\/wp-content\\\/grand-media\\\/image\\\/Baby_Madeleine-Melanie_Melcher_28_von_44_.jpg\"},\"title\":\"Baby Madeleine-Melanie Melcher (28 Von 44)\",\"alt\":\"Baby Madeleine-Melanie Melcher (28 Von 44)\",\"caption\":\"\",\"url\":\"\",\"post_link\":\"https:\\\/\\\/www.melanie-melcher.de\\\/index.php\\\/gmedia\\\/baby_madeleine-melanie_melcher_28_von_44_-jpg\\\/\",\"cc\":0,\"views\":1,\"likes\":0,\"width\":800,\"height\":533},{\"id\":\"348\",\"type\":\"image\",\"ext\":\"jpg\",\"src\":\"\\\/image\\\/Baby_Madeleine-Melanie_Melcher_27_von_44_.jpg\",\"sizes\":{\"thumb\":\"https:\\\/\\\/www.melanie-melcher.de\\\/wp-content\\\/grand-media\\\/image\\\/thumb\\\/Baby_Madeleine-Melanie_Melcher_27_von_44_.jpg\",\"full\":\"https:\\\/\\\/www.melanie-melcher.de\\\/wp-content\\\/grand-media\\\/image\\\/Baby_Madeleine-Melanie_Melcher_27_von_44_.jpg\"},\"title\":\"Baby Madeleine-Melanie Melcher (27 Von 44)\",\"alt\":\"Baby Madeleine-Melanie Melcher (27 Von 44)\",\"caption\":\"\",\"url\":\"\",\"post_link\":\"https:\\\/\\\/www.melanie-melcher.de\\\/index.php\\\/gmedia\\\/baby_madeleine-melanie_melcher_27_von_44_-jpg\\\/\",\"cc\":0,\"views\":2,\"likes\":0,\"width\":800,\"height\":533},{\"id\":\"347\",\"type\":\"image\",\"ext\":\"jpg\",\"src\":\"\\\/image\\\/Baby_Madeleine-Melanie_Melcher_26_von_44_.jpg\",\"sizes\":{\"thumb\":\"https:\\\/\\\/www.melanie-melcher.de\\\/wp-content\\\/grand-media\\\/image\\\/thumb\\\/Baby_Madeleine-Melanie_Melcher_26_von_44_.jpg\",\"full\":\"https:\\\/\\\/www.melanie-melcher.de\\\/wp-content\\\/grand-media\\\/image\\\/Baby_Madeleine-Melanie_Melcher_26_von_44_.jpg\"},\"title\":\"Baby Madeleine-Melanie Melcher (26 Von 44)\",\"alt\":\"Baby Madeleine-Melanie Melcher (26 Von 44)\",\"caption\":\"\",\"url\":\"\",\"post_link\":\"https:\\\/\\\/www.melanie-melcher.de\\\/index.php\\\/gmedia\\\/baby_madeleine-melanie_melcher_26_von_44_-jpg\\\/\",\"cc\":0,\"views\":1,\"likes\":0,\"width\":799,\"height\":533},{\"id\":\"346\",\"type\":\"image\",\"ext\":\"jpg\",\"src\":\"\\\/image\\\/Baby_Madeleine-Melanie_Melcher_25_von_44_.jpg\",\"sizes\":{\"thumb\":\"https:\\\/\\\/www.melanie-melcher.de\\\/wp-content\\\/grand-media\\\/image\\\/thumb\\\/Baby_Madeleine-Melanie_Melcher_25_von_44_.jpg\",\"full\":\"https:\\\/\\\/www.melanie-melcher.de\\\/wp-content\\\/grand-media\\\/image\\\/Baby_Madeleine-Melanie_Melcher_25_von_44_.jpg\"},\"title\":\"Baby Madeleine-Melanie Melcher (25 Von 44)\",\"alt\":\"Baby Madeleine-Melanie Melcher (25 Von 44)\",\"caption\":\"\",\"url\":\"\",\"post_link\":\"https:\\\/\\\/www.melanie-melcher.de\\\/index.php\\\/gmedia\\\/baby_madeleine-melanie_melcher_25_von_44_-jpg\\\/\",\"cc\":0,\"views\":1,\"likes\":0,\"width\":533,\"height\":799},{\"id\":\"345\",\"type\":\"image\",\"ext\":\"jpg\",\"src\":\"\\\/image\\\/Baby_Madeleine-Melanie_Melcher_24_von_44_.jpg\",\"sizes\":{\"thumb\":\"https:\\\/\\\/www.melanie-melcher.de\\\/wp-content\\\/grand-media\\\/image\\\/thumb\\\/Baby_Madeleine-Melanie_Melcher_24_von_44_.jpg\",\"full\":\"https:\\\/\\\/www.melanie-melcher.de\\\/wp-content\\\/grand-media\\\/image\\\/Baby_Madeleine-Melanie_Melcher_24_von_44_.jpg\"},\"title\":\"Baby Madeleine-Melanie Melcher (24 Von 44)\",\"alt\":\"Baby Madeleine-Melanie Melcher (24 Von 44)\",\"caption\":\"\",\"url\":\"\",\"post_link\":\"https:\\\/\\\/www.melanie-melcher.de\\\/index.php\\\/gmedia\\\/baby_madeleine-melanie_melcher_24_von_44_-jpg\\\/\",\"cc\":0,\"views\":1,\"likes\":0,\"width\":800,\"height\":533},{\"id\":\"344\",\"type\":\"image\",\"ext\":\"jpg\",\"src\":\"\\\/image\\\/Baby_Madeleine-Melanie_Melcher_23_von_44_.jpg\",\"sizes\":{\"thumb\":\"https:\\\/\\\/www.melanie-melcher.de\\\/wp-content\\\/grand-media\\\/image\\\/thumb\\\/Baby_Madeleine-Melanie_Melcher_23_von_44_.jpg\",\"full\":\"https:\\\/\\\/www.melanie-melcher.de\\\/wp-content\\\/grand-media\\\/image\\\/Baby_Madeleine-Melanie_Melcher_23_von_44_.jpg\"},\"title\":\"Baby Madeleine-Melanie Melcher (23 Von 44)\",\"alt\":\"Baby Madeleine-Melanie Melcher (23 Von 44)\",\"caption\":\"\",\"url\":\"\",\"post_link\":\"https:\\\/\\\/www.melanie-melcher.de\\\/index.php\\\/gmedia\\\/baby_madeleine-melanie_melcher_23_von_44_-jpg\\\/\",\"cc\":0,\"views\":1,\"likes\":0,\"width\":533,\"height\":800},{\"id\":\"343\",\"type\":\"image\",\"ext\":\"jpg\",\"src\":\"\\\/image\\\/Baby_Madeleine-Melanie_Melcher_22_von_44_.jpg\",\"sizes\":{\"thumb\":\"https:\\\/\\\/www.melanie-melcher.de\\\/wp-content\\\/grand-media\\\/image\\\/thumb\\\/Baby_Madeleine-Melanie_Melcher_22_von_44_.jpg\",\"full\":\"https:\\\/\\\/www.melanie-melcher.de\\\/wp-content\\\/grand-media\\\/image\\\/Baby_Madeleine-Melanie_Melcher_22_von_44_.jpg\"},\"title\":\"Baby Madeleine-Melanie Melcher (22 Von 44)\",\"alt\":\"Baby Madeleine-Melanie Melcher (22 Von 44)\",\"caption\":\"\",\"url\":\"\",\"post_link\":\"https:\\\/\\\/www.melanie-melcher.de\\\/index.php\\\/gmedia\\\/baby_madeleine-melanie_melcher_22_von_44_-jpg\\\/\",\"cc\":0,\"views\":2,\"likes\":0,\"width\":533,\"height\":800},{\"id\":\"342\",\"type\":\"image\",\"ext\":\"jpg\",\"src\":\"\\\/image\\\/Baby_Madeleine-Melanie_Melcher_21_von_44_.jpg\",\"sizes\":{\"thumb\":\"https:\\\/\\\/www.melanie-melcher.de\\\/wp-content\\\/grand-media\\\/image\\\/thumb\\\/Baby_Madeleine-Melanie_Melcher_21_von_44_.jpg\",\"full\":\"https:\\\/\\\/www.melanie-melcher.de\\\/wp-content\\\/grand-media\\\/image\\\/Baby_Madeleine-Melanie_Melcher_21_von_44_.jpg\"},\"title\":\"Baby Madeleine-Melanie Melcher (21 Von 44)\",\"alt\":\"Baby Madeleine-Melanie Melcher (21 Von 44)\",\"caption\":\"\",\"url\":\"\",\"post_link\":\"https:\\\/\\\/www.melanie-melcher.de\\\/index.php\\\/gmedia\\\/baby_madeleine-melanie_melcher_21_von_44_-jpg\\\/\",\"cc\":0,\"views\":3,\"likes\":0,\"width\":533,\"height\":800},{\"id\":\"341\",\"type\":\"image\",\"ext\":\"jpg\",\"src\":\"\\\/image\\\/Baby_Madeleine-Melanie_Melcher_20_von_44_.jpg\",\"sizes\":{\"thumb\":\"https:\\\/\\\/www.melanie-melcher.de\\\/wp-content\\\/grand-media\\\/image\\\/thumb\\\/Baby_Madeleine-Melanie_Melcher_20_von_44_.jpg\",\"full\":\"https:\\\/\\\/www.melanie-melcher.de\\\/wp-content\\\/grand-media\\\/image\\\/Baby_Madeleine-Melanie_Melcher_20_von_44_.jpg\"},\"title\":\"Baby Madeleine-Melanie Melcher (20 Von 44)\",\"alt\":\"Baby Madeleine-Melanie Melcher (20 Von 44)\",\"caption\":\"\",\"url\":\"\",\"post_link\":\"https:\\\/\\\/www.melanie-melcher.de\\\/index.php\\\/gmedia\\\/baby_madeleine-melanie_melcher_20_von_44_-jpg\\\/\",\"cc\":0,\"views\":3,\"likes\":0,\"width\":800,\"height\":533},{\"id\":\"323\",\"type\":\"image\",\"ext\":\"jpg\",\"src\":\"\\\/image\\\/Baby_Madeleine-Melanie_Melcher_2_von_44_.jpg\",\"sizes\":{\"thumb\":\"https:\\\/\\\/www.melanie-melcher.de\\\/wp-content\\\/grand-media\\\/image\\\/thumb\\\/Baby_Madeleine-Melanie_Melcher_2_von_44_.jpg\",\"full\":\"https:\\\/\\\/www.melanie-melcher.de\\\/wp-content\\\/grand-media\\\/image\\\/Baby_Madeleine-Melanie_Melcher_2_von_44_.jpg\"},\"title\":\"Baby Madeleine-Melanie Melcher (2 Von 44)\",\"alt\":\"Baby Madeleine-Melanie Melcher (2 Von 44)\",\"caption\":\"\",\"url\":\"\",\"post_link\":\"https:\\\/\\\/www.melanie-melcher.de\\\/index.php\\\/gmedia\\\/baby_madeleine-melanie_melcher_2_von_44_-jpg\\\/\",\"cc\":0,\"views\":3,\"likes\":0,\"width\":800,\"height\":533},{\"id\":\"340\",\"type\":\"image\",\"ext\":\"jpg\",\"src\":\"\\\/image\\\/Baby_Madeleine-Melanie_Melcher_19_von_44_.jpg\",\"sizes\":{\"thumb\":\"https:\\\/\\\/www.melanie-melcher.de\\\/wp-content\\\/grand-media\\\/image\\\/thumb\\\/Baby_Madeleine-Melanie_Melcher_19_von_44_.jpg\",\"full\":\"https:\\\/\\\/www.melanie-melcher.de\\\/wp-content\\\/grand-media\\\/image\\\/Baby_Madeleine-Melanie_Melcher_19_von_44_.jpg\"},\"title\":\"Baby Madeleine-Melanie Melcher (19 Von 44)\",\"alt\":\"Baby Madeleine-Melanie Melcher (19 Von 44)\",\"caption\":\"\",\"url\":\"\",\"post_link\":\"https:\\\/\\\/www.melanie-melcher.de\\\/index.php\\\/gmedia\\\/baby_madeleine-melanie_melcher_19_von_44_-jpg\\\/\",\"cc\":0,\"views\":3,\"likes\":0,\"width\":800,\"height\":533},{\"id\":\"339\",\"type\":\"image\",\"ext\":\"jpg\",\"src\":\"\\\/image\\\/Baby_Madeleine-Melanie_Melcher_18_von_44_.jpg\",\"sizes\":{\"thumb\":\"https:\\\/\\\/www.melanie-melcher.de\\\/wp-content\\\/grand-media\\\/image\\\/thumb\\\/Baby_Madeleine-Melanie_Melcher_18_von_44_.jpg\",\"full\":\"https:\\\/\\\/www.melanie-melcher.de\\\/wp-content\\\/grand-media\\\/image\\\/Baby_Madeleine-Melanie_Melcher_18_von_44_.jpg\"},\"title\":\"Baby Madeleine-Melanie Melcher (18 Von 44)\",\"alt\":\"Baby Madeleine-Melanie Melcher (18 Von 44)\",\"caption\":\"\",\"url\":\"\",\"post_link\":\"https:\\\/\\\/www.melanie-melcher.de\\\/index.php\\\/gmedia\\\/baby_madeleine-melanie_melcher_18_von_44_-jpg\\\/\",\"cc\":0,\"views\":3,\"likes\":0,\"width\":533,\"height\":799},{\"id\":\"338\",\"type\":\"image\",\"ext\":\"jpg\",\"src\":\"\\\/image\\\/Baby_Madeleine-Melanie_Melcher_17_von_44_.jpg\",\"sizes\":{\"thumb\":\"https:\\\/\\\/www.melanie-melcher.de\\\/wp-content\\\/grand-media\\\/image\\\/thumb\\\/Baby_Madeleine-Melanie_Melcher_17_von_44_.jpg\",\"full\":\"https:\\\/\\\/www.melanie-melcher.de\\\/wp-content\\\/grand-media\\\/image\\\/Baby_Madeleine-Melanie_Melcher_17_von_44_.jpg\"},\"title\":\"Baby Madeleine-Melanie Melcher (17 Von 44)\",\"alt\":\"Baby Madeleine-Melanie Melcher (17 Von 44)\",\"caption\":\"\",\"url\":\"\",\"post_link\":\"https:\\\/\\\/www.melanie-melcher.de\\\/index.php\\\/gmedia\\\/baby_madeleine-melanie_melcher_17_von_44_-jpg\\\/\",\"cc\":0,\"views\":1,\"likes\":0,\"width\":533,\"height\":800},{\"id\":\"337\",\"type\":\"image\",\"ext\":\"jpg\",\"src\":\"\\\/image\\\/Baby_Madeleine-Melanie_Melcher_16_von_44_.jpg\",\"sizes\":{\"thumb\":\"https:\\\/\\\/www.melanie-melcher.de\\\/wp-content\\\/grand-media\\\/image\\\/thumb\\\/Baby_Madeleine-Melanie_Melcher_16_von_44_.jpg\",\"full\":\"https:\\\/\\\/www.melanie-melcher.de\\\/wp-content\\\/grand-media\\\/image\\\/Baby_Madeleine-Melanie_Melcher_16_von_44_.jpg\"},\"title\":\"Baby Madeleine-Melanie Melcher (16 Von 44)\",\"alt\":\"Baby Madeleine-Melanie Melcher (16 Von 44)\",\"caption\":\"\",\"url\":\"\",\"post_link\":\"https:\\\/\\\/www.melanie-melcher.de\\\/index.php\\\/gmedia\\\/baby_madeleine-melanie_melcher_16_von_44_-jpg\\\/\",\"cc\":0,\"views\":1,\"likes\":0,\"width\":533,\"height\":800},{\"id\":\"336\",\"type\":\"image\",\"ext\":\"jpg\",\"src\":\"\\\/image\\\/Baby_Madeleine-Melanie_Melcher_15_von_44_.jpg\",\"sizes\":{\"thumb\":\"https:\\\/\\\/www.melanie-melcher.de\\\/wp-content\\\/grand-media\\\/image\\\/thumb\\\/Baby_Madeleine-Melanie_Melcher_15_von_44_.jpg\",\"full\":\"https:\\\/\\\/www.melanie-melcher.de\\\/wp-content\\\/grand-media\\\/image\\\/Baby_Madeleine-Melanie_Melcher_15_von_44_.jpg\"},\"title\":\"Baby Madeleine-Melanie Melcher (15 Von 44)\",\"alt\":\"Baby Madeleine-Melanie Melcher (15 Von 44)\",\"caption\":\"\",\"url\":\"\",\"post_link\":\"https:\\\/\\\/www.melanie-melcher.de\\\/index.php\\\/gmedia\\\/baby_madeleine-melanie_melcher_15_von_44_-jpg\\\/\",\"cc\":0,\"views\":0,\"likes\":0,\"width\":533,\"height\":800},{\"id\":\"335\",\"type\":\"image\",\"ext\":\"jpg\",\"src\":\"\\\/image\\\/Baby_Madeleine-Melanie_Melcher_14_von_44_.jpg\",\"sizes\":{\"thumb\":\"https:\\\/\\\/www.melanie-melcher.de\\\/wp-content\\\/grand-media\\\/image\\\/thumb\\\/Baby_Madeleine-Melanie_Melcher_14_von_44_.jpg\",\"full\":\"https:\\\/\\\/www.melanie-melcher.de\\\/wp-content\\\/grand-media\\\/image\\\/Baby_Madeleine-Melanie_Melcher_14_von_44_.jpg\"},\"title\":\"Baby Madeleine-Melanie Melcher (14 Von 44)\",\"alt\":\"Baby Madeleine-Melanie Melcher (14 Von 44)\",\"caption\":\"\",\"url\":\"\",\"post_link\":\"https:\\\/\\\/www.melanie-melcher.de\\\/index.php\\\/gmedia\\\/baby_madeleine-melanie_melcher_14_von_44_-jpg\\\/\",\"cc\":0,\"views\":0,\"likes\":0,\"width\":533,\"height\":800},{\"id\":\"334\",\"type\":\"image\",\"ext\":\"jpg\",\"src\":\"\\\/image\\\/Baby_Madeleine-Melanie_Melcher_13_von_44_.jpg\",\"sizes\":{\"thumb\":\"https:\\\/\\\/www.melanie-melcher.de\\\/wp-content\\\/grand-media\\\/image\\\/thumb\\\/Baby_Madeleine-Melanie_Melcher_13_von_44_.jpg\",\"full\":\"https:\\\/\\\/www.melanie-melcher.de\\\/wp-content\\\/grand-media\\\/image\\\/Baby_Madeleine-Melanie_Melcher_13_von_44_.jpg\"},\"title\":\"Baby Madeleine-Melanie Melcher (13 Von 44)\",\"alt\":\"Baby Madeleine-Melanie Melcher (13 Von 44)\",\"caption\":\"\",\"url\":\"\",\"post_link\":\"https:\\\/\\\/www.melanie-melcher.de\\\/index.php\\\/gmedia\\\/baby_madeleine-melanie_melcher_13_von_44_-jpg\\\/\",\"cc\":0,\"views\":1,\"likes\":0,\"width\":533,\"height\":799},{\"id\":\"333\",\"type\":\"image\",\"ext\":\"jpg\",\"src\":\"\\\/image\\\/Baby_Madeleine-Melanie_Melcher_12_von_44_.jpg\",\"sizes\":{\"thumb\":\"https:\\\/\\\/www.melanie-melcher.de\\\/wp-content\\\/grand-media\\\/image\\\/thumb\\\/Baby_Madeleine-Melanie_Melcher_12_von_44_.jpg\",\"full\":\"https:\\\/\\\/www.melanie-melcher.de\\\/wp-content\\\/grand-media\\\/image\\\/Baby_Madeleine-Melanie_Melcher_12_von_44_.jpg\"},\"title\":\"Baby Madeleine-Melanie Melcher (12 Von 44)\",\"alt\":\"Baby Madeleine-Melanie Melcher (12 Von 44)\",\"caption\":\"\",\"url\":\"\",\"post_link\":\"https:\\\/\\\/www.melanie-melcher.de\\\/index.php\\\/gmedia\\\/baby_madeleine-melanie_melcher_12_von_44_-jpg\\\/\",\"cc\":0,\"views\":0,\"likes\":0,\"width\":800,\"height\":533},{\"id\":\"332\",\"type\":\"image\",\"ext\":\"jpg\",\"src\":\"\\\/image\\\/Baby_Madeleine-Melanie_Melcher_11_von_44_.jpg\",\"sizes\":{\"thumb\":\"https:\\\/\\\/www.melanie-melcher.de\\\/wp-content\\\/grand-media\\\/image\\\/thumb\\\/Baby_Madeleine-Melanie_Melcher_11_von_44_.jpg\",\"full\":\"https:\\\/\\\/www.melanie-melcher.de\\\/wp-content\\\/grand-media\\\/image\\\/Baby_Madeleine-Melanie_Melcher_11_von_44_.jpg\"},\"title\":\"Baby Madeleine-Melanie Melcher (11 Von 44)\",\"alt\":\"Baby Madeleine-Melanie Melcher (11 Von 44)\",\"caption\":\"\",\"url\":\"\",\"post_link\":\"https:\\\/\\\/www.melanie-melcher.de\\\/index.php\\\/gmedia\\\/baby_madeleine-melanie_melcher_11_von_44_-jpg\\\/\",\"cc\":0,\"views\":0,\"likes\":0,\"width\":800,\"height\":533},{\"id\":\"331\",\"type\":\"image\",\"ext\":\"jpg\",\"src\":\"\\\/image\\\/Baby_Madeleine-Melanie_Melcher_10_von_44_.jpg\",\"sizes\":{\"thumb\":\"https:\\\/\\\/www.melanie-melcher.de\\\/wp-content\\\/grand-media\\\/image\\\/thumb\\\/Baby_Madeleine-Melanie_Melcher_10_von_44_.jpg\",\"full\":\"https:\\\/\\\/www.melanie-melcher.de\\\/wp-content\\\/grand-media\\\/image\\\/Baby_Madeleine-Melanie_Melcher_10_von_44_.jpg\"},\"title\":\"Baby Madeleine-Melanie Melcher (10 Von 44)\",\"alt\":\"Baby Madeleine-Melanie Melcher (10 Von 44)\",\"caption\":\"\",\"url\":\"\",\"post_link\":\"https:\\\/\\\/www.melanie-melcher.de\\\/index.php\\\/gmedia\\\/baby_madeleine-melanie_melcher_10_von_44_-jpg\\\/\",\"cc\":0,\"views\":0,\"likes\":0,\"width\":800,\"height\":533},{\"id\":\"322\",\"type\":\"image\",\"ext\":\"jpg\",\"src\":\"\\\/image\\\/Baby_Madeleine-Melanie_Melcher_1_von_44_.jpg\",\"sizes\":{\"thumb\":\"https:\\\/\\\/www.melanie-melcher.de\\\/wp-content\\\/grand-media\\\/image\\\/thumb\\\/Baby_Madeleine-Melanie_Melcher_1_von_44_.jpg\",\"full\":\"https:\\\/\\\/www.melanie-melcher.de\\\/wp-content\\\/grand-media\\\/image\\\/Baby_Madeleine-Melanie_Melcher_1_von_44_.jpg\"},\"title\":\"Baby Madeleine-Melanie Melcher (1 Von 44)\",\"alt\":\"Baby Madeleine-Melanie Melcher (1 Von 44)\",\"caption\":\"\",\"url\":\"\",\"post_link\":\"https:\\\/\\\/www.melanie-melcher.de\\\/index.php\\\/gmedia\\\/baby_madeleine-melanie_melcher_1_von_44_-jpg\\\/\",\"cc\":0,\"views\":1,\"likes\":0,\"width\":800,\"height\":533}];\n\t\t\t\t\tsettings.gallery = gmedia_mosaic_content;\n\t\t\t\t\t$( '#GmediaGallery_42 .gmMosaic_Container' ).gmediaMosaic( settings );\n\t\t\t\t} );\n\t\t\t} );\n\t<\/script>\t<\/div>\n<h3>Weitere Babyfotos findet ihr <a href=\"http:\/\/www.melanie-melcher.de\/index.php\/category\/newborn\/\" target=\"_blank\">hier<\/a>.<\/h3>\n","protected":false},"excerpt":{"rendered":"<p>P\u00fcnktlich zum Valentinstag, m\u00f6chte ich euch eine kleine zauberhafte Dame vorstellen, die mein Herz im Sturm erobert hat. Die kleine Madeleine, kam zu mir ins Fotostudio nach Duisburg um sich gemeinsam mit ihren Eltern und ihrer grossen Schwester fotografieren zu lassen, Gerade einmal 14 Tage hatte die kleine Maus auf ihrer Lebensuhr, als sie in [&hellip;]<\/p>\n","protected":false},"author":1,"featured_media":785,"comment_status":"open","ping_status":"open","sticky":false,"template":"","format":"standard","meta":{"footnotes":""},"categories":[9],"tags":[43,67,66,70,15,34,49,29,31,37,38,30,26,55,54,33,56,50,35,45,46,44,36],"class_list":["post-783","post","type-post","status-publish","format-standard","has-post-thumbnail","hentry","category-newborn","tag-baby","tag-babyfotograf","tag-babyfotografin","tag-babyfotos","tag-duisburg","tag-eltern","tag-erinnerungen","tag-familie","tag-familienbilder","tag-familienfotograf","tag-familienfotografin","tag-familienfotos","tag-foto","tag-fotograf","tag-fotoshooting","tag-kinder","tag-kinderfotografin","tag-kinderfotos","tag-mama","tag-neugeborene","tag-neugeborenes","tag-newborn","tag-papa"],"_links":{"self":[{"href":"https:\/\/www.melanie-melcher.de\/index.php\/wp-json\/wp\/v2\/posts\/783","targetHints":{"allow":["GET"]}}],"collection":[{"href":"https:\/\/www.melanie-melcher.de\/index.php\/wp-json\/wp\/v2\/posts"}],"about":[{"href":"https:\/\/www.melanie-melcher.de\/index.php\/wp-json\/wp\/v2\/types\/post"}],"author":[{"embeddable":true,"href":"https:\/\/www.melanie-melcher.de\/index.php\/wp-json\/wp\/v2\/users\/1"}],"replies":[{"embeddable":true,"href":"https:\/\/www.melanie-melcher.de\/index.php\/wp-json\/wp\/v2\/comments?post=783"}],"version-history":[{"count":5,"href":"https:\/\/www.melanie-melcher.de\/index.php\/wp-json\/wp\/v2\/posts\/783\/revisions"}],"predecessor-version":[{"id":789,"href":"https:\/\/www.melanie-melcher.de\/index.php\/wp-json\/wp\/v2\/posts\/783\/revisions\/789"}],"wp:featuredmedia":[{"embeddable":true,"href":"https:\/\/www.melanie-melcher.de\/index.php\/wp-json\/wp\/v2\/media\/785"}],"wp:attachment":[{"href":"https:\/\/www.melanie-melcher.de\/index.php\/wp-json\/wp\/v2\/media?parent=783"}],"wp:term":[{"taxonomy":"category","embeddable":true,"href":"https:\/\/www.melanie-melcher.de\/index.php\/wp-json\/wp\/v2\/categories?post=783"},{"taxonomy":"post_tag","embeddable":true,"href":"https:\/\/www.melanie-melcher.de\/index.php\/wp-json\/wp\/v2\/tags?post=783"}],"curies":[{"name":"wp","href":"https:\/\/api.w.org\/{rel}","templated":true}]}}